{"id":5206,"date":"2024-11-04T07:00:38","date_gmt":"2024-11-04T13:00:38","guid":{"rendered":"https:\/\/www.nexoinformativo.mx\/?p=5206"},"modified":"2024-11-04T09:01:17","modified_gmt":"2024-11-04T15:01:17","slug":"fmi-renueva-linea-de-credito-a-mexico-y-destaca-solidez-economica","status":"publish","type":"post","link":"https:\/\/www.nexoinformativo.mx\/index.php\/2024\/11\/04\/fmi-renueva-linea-de-credito-a-mexico-y-destaca-solidez-economica\/","title":{"rendered":"FMI renueva l\u00ednea de cr\u00e9dito a M\u00e9xico y destaca solidez econ\u00f3mica"},"content":{"rendered":"<p style=\"text-align: justify;\" data-sourcepos=\"5:1-5:302\">El <strong>Fondo Monetario Internacional<\/strong> (FMI) ha renovado la l\u00ednea de cr\u00e9dito flexible a M\u00e9xico por un monto de 35 mil millones de d\u00f3lares, lo que demuestra la confianza del organismo en la solidez de la econom\u00eda mexicana y su capacidad para enfrentar posibles shocks externos.<\/p>\n<p>&nbsp;<\/p>\n<p style=\"text-align: justify;\" data-sourcepos=\"7:1-7:244\">Esta decisi\u00f3n, anunciada el pasado 30 de octubre, se basa en una evaluaci\u00f3n exhaustiva de la econom\u00eda mexicana, que destaca la implementaci\u00f3n de pol\u00edticas macroecon\u00f3micas s\u00f3lidas, una posici\u00f3n externa sostenible y un sistema financiero robusto.<\/p>\n<p>&nbsp;<\/p>\n<p style=\"text-align: justify;\" data-sourcepos=\"9:1-9:270\">La l\u00ednea de cr\u00e9dito flexible es un instrumento de car\u00e1cter precautorio que permite a M\u00e9xico acceder a financiamiento en caso de necesitarlo, sin condiciones adicionales. Este mecanismo fortalece las reservas internacionales del pa\u00eds y brinda mayor estabilidad econ\u00f3mica.<\/p>\n<p>&nbsp;<\/p>\n<p style=\"text-align: justify;\" data-sourcepos=\"13:1-13:124\">El FMI destac\u00f3 que M\u00e9xico cumple con todos los requisitos para acceder a esta l\u00ednea de cr\u00e9dito, entre los que se encuentran:\u00a0El pa\u00eds ha mantenido una trayectoria de pol\u00edticas fiscales y monetarias prudentes.\u00a0Las reservas internacionales de M\u00e9xico se encuentran en niveles adecuados.<\/p>\n<p>&nbsp;<\/p>\n<p style=\"text-align: justify;\">M\u00e9xico ha demostrado tener acceso a los mercados financieros internacionales en condiciones favorables.\u00a0El pa\u00eds cuenta con una posici\u00f3n de deuda p\u00fablica sostenible. Y el sistema financiero mexicano es estable y bien capitalizado.<\/p>\n<p>&nbsp;<\/p>\n<p style=\"text-align: justify;\" data-sourcepos=\"23:1-23:239\">A pesar de la solidez de la econom\u00eda mexicana, el FMI advirti\u00f3 sobre la persistencia de la incertidumbre en el entorno internacional, derivada de factores como la din\u00e1mica de la econom\u00eda global y la volatilidad en los mercados financieros.<\/p>\n<p>&nbsp;<\/p>\n<p style=\"text-align: justify;\" data-sourcepos=\"25:1-25:247\">Ante este escenario, la Secretar\u00eda de Hacienda y Cr\u00e9dito P\u00fablico y el Banco de M\u00e9xico han decidido mantener el acceso a la l\u00ednea de cr\u00e9dito flexible, lo que permitir\u00e1 al pa\u00eds enfrentar posibles shocks externos y preservar la estabilidad econ\u00f3mica.<\/p>\n<p>&nbsp;<\/p>\n<p style=\"text-align: center;\" data-sourcepos=\"25:1-25:247\"><em><strong>\u00a1Informaci\u00f3n que transforma!<\/strong><\/em><\/p>\n","protected":false},"excerpt":{"rendered":"<p>El Fondo Monetario Internacional (FMI) ha renovado la l\u00ednea de cr\u00e9dito flexible a M\u00e9xico por un monto de 35 mil millones de d\u00f3lares, lo que demuestra la confianza del organismo en la solidez de la econom\u00eda mexicana y su capacidad para enfrentar posibles shocks externos.<\/p>\n","protected":false},"author":3,"featured_media":5207,"comment_status":"open","ping_status":"open","sticky":false,"template":"","format":"standard","meta":{"footnotes":""},"categories":[5,58],"tags":[141,1832,1344,1831],"class_list":["post-5206","post","type-post","status-publish","format-standard","has-post-thumbnail","hentry","category-economia","category-ultima-hora","tag-economia","tag-finanzas","tag-fmi","tag-lineadecredito"],"yoast_head":"<!-- This site is optimized with the Yoast SEO plugin v25.0 - https:\/\/yoast.com\/wordpress\/plugins\/seo\/ -->\n<title>FMI renueva l\u00ednea de cr\u00e9dito a M\u00e9xico y destaca solidez econ\u00f3mica | Nexo Informativo Santiago de Quer\u00e9taro<\/title>\n<meta name=\"description\" content=\"FMI renueva l\u00ednea de cr\u00e9dito a M\u00e9xico y destaca solidez econ\u00f3mica\" \/>\n<meta name=\"robots\" content=\"index, follow, max-snippet:-1, max-image-preview:large, max-video-preview:-1\" \/>\n<link rel=\"canonical\" href=\"https:\/\/www.nexoinformativo.mx\/index.php\/2024\/11\/04\/fmi-renueva-linea-de-credito-a-mexico-y-destaca-solidez-economica\/\" \/>\n<meta property=\"og:locale\" content=\"es_MX\" \/>\n<meta property=\"og:type\" content=\"article\" \/>\n<meta property=\"og:title\" content=\"FMI renueva l\u00ednea de cr\u00e9dito a M\u00e9xico y destaca solidez econ\u00f3mica | Nexo Informativo Santiago de Quer\u00e9taro\" \/>\n<meta property=\"og:description\" content=\"FMI renueva l\u00ednea de cr\u00e9dito a M\u00e9xico y destaca solidez econ\u00f3mica\" \/>\n<meta property=\"og:url\" content=\"https:\/\/www.nexoinformativo.mx\/index.php\/2024\/11\/04\/fmi-renueva-linea-de-credito-a-mexico-y-destaca-solidez-economica\/\" \/>\n<meta property=\"og:site_name\" content=\"Nexo Informativo Santiago de Quer\u00e9taro\" \/>\n<meta property=\"article:publisher\" content=\"https:\/\/www.facebook.com\/people\/Nexo-Informativo\/61564066885511\/\" \/>\n<meta property=\"article:published_time\" content=\"2024-11-04T13:00:38+00:00\" \/>\n<meta property=\"article:modified_time\" content=\"2024-11-04T15:01:17+00:00\" \/>\n<meta property=\"og:image\" content=\"https:\/\/www.nexoinformativo.mx\/wp-content\/uploads\/2024\/11\/IMG_3553-e1730732240717.jpg\" \/>\n\t<meta property=\"og:image:width\" content=\"700\" \/>\n\t<meta property=\"og:image:height\" content=\"495\" \/>\n\t<meta property=\"og:image:type\" content=\"image\/jpeg\" \/>\n<meta name=\"author\" content=\"Nexo Informativo\" \/>\n<meta name=\"twitter:card\" content=\"summary_large_image\" \/>\n<meta name=\"twitter:label1\" content=\"Escrito por\" \/>\n\t<meta name=\"twitter:data1\" content=\"Nexo Informativo\" \/>\n\t<meta name=\"twitter:label2\" content=\"Tiempo de lectura\" \/>\n\t<meta name=\"twitter:data2\" content=\"2 minutos\" \/>\n<script type=\"application\/ld+json\" class=\"yoast-schema-graph\">{\"@context\":\"https:\/\/schema.org\",\"@graph\":[{\"@type\":\"Article\",\"@id\":\"https:\/\/www.nexoinformativo.mx\/index.php\/2024\/11\/04\/fmi-renueva-linea-de-credito-a-mexico-y-destaca-solidez-economica\/#article\",\"isPartOf\":{\"@id\":\"https:\/\/www.nexoinformativo.mx\/index.php\/2024\/11\/04\/fmi-renueva-linea-de-credito-a-mexico-y-destaca-solidez-economica\/\"},\"author\":{\"name\":\"Nexo Informativo\",\"@id\":\"https:\/\/www.nexoinformativo.mx\/#\/schema\/person\/7749d380ba08c8ca00d7bc76fd907b7d\"},\"headline\":\"FMI renueva l\u00ednea de cr\u00e9dito a M\u00e9xico y destaca solidez econ\u00f3mica\",\"datePublished\":\"2024-11-04T13:00:38+00:00\",\"dateModified\":\"2024-11-04T15:01:17+00:00\",\"mainEntityOfPage\":{\"@id\":\"https:\/\/www.nexoinformativo.mx\/index.php\/2024\/11\/04\/fmi-renueva-linea-de-credito-a-mexico-y-destaca-solidez-economica\/\"},\"wordCount\":338,\"commentCount\":0,\"publisher\":{\"@id\":\"https:\/\/www.nexoinformativo.mx\/#organization\"},\"image\":{\"@id\":\"https:\/\/www.nexoinformativo.mx\/index.php\/2024\/11\/04\/fmi-renueva-linea-de-credito-a-mexico-y-destaca-solidez-economica\/#primaryimage\"},\"thumbnailUrl\":\"https:\/\/www.nexoinformativo.mx\/wp-content\/uploads\/2024\/11\/IMG_3553-e1730732240717.jpg\",\"keywords\":[\"Economia\",\"Finanzas\",\"FMI\",\"L\u00edneaDeCr\u00e9dito\"],\"articleSection\":[\"Econom\u00eda\",\"\u00daltima Hora\"],\"inLanguage\":\"es\",\"potentialAction\":[{\"@type\":\"CommentAction\",\"name\":\"Comment\",\"target\":[\"https:\/\/www.nexoinformativo.mx\/index.php\/2024\/11\/04\/fmi-renueva-linea-de-credito-a-mexico-y-destaca-solidez-economica\/#respond\"]}]},{\"@type\":\"WebPage\",\"@id\":\"https:\/\/www.nexoinformativo.mx\/index.php\/2024\/11\/04\/fmi-renueva-linea-de-credito-a-mexico-y-destaca-solidez-economica\/\",\"url\":\"https:\/\/www.nexoinformativo.mx\/index.php\/2024\/11\/04\/fmi-renueva-linea-de-credito-a-mexico-y-destaca-solidez-economica\/\",\"name\":\"FMI renueva l\u00ednea de cr\u00e9dito a M\u00e9xico y destaca solidez econ\u00f3mica | Nexo Informativo Santiago de Quer\u00e9taro\",\"isPartOf\":{\"@id\":\"https:\/\/www.nexoinformativo.mx\/#website\"},\"primaryImageOfPage\":{\"@id\":\"https:\/\/www.nexoinformativo.mx\/index.php\/2024\/11\/04\/fmi-renueva-linea-de-credito-a-mexico-y-destaca-solidez-economica\/#primaryimage\"},\"image\":{\"@id\":\"https:\/\/www.nexoinformativo.mx\/index.php\/2024\/11\/04\/fmi-renueva-linea-de-credito-a-mexico-y-destaca-solidez-economica\/#primaryimage\"},\"thumbnailUrl\":\"https:\/\/www.nexoinformativo.mx\/wp-content\/uploads\/2024\/11\/IMG_3553-e1730732240717.jpg\",\"datePublished\":\"2024-11-04T13:00:38+00:00\",\"dateModified\":\"2024-11-04T15:01:17+00:00\",\"description\":\"FMI renueva l\u00ednea de cr\u00e9dito a M\u00e9xico y destaca solidez econ\u00f3mica\",\"breadcrumb\":{\"@id\":\"https:\/\/www.nexoinformativo.mx\/index.php\/2024\/11\/04\/fmi-renueva-linea-de-credito-a-mexico-y-destaca-solidez-economica\/#breadcrumb\"},\"inLanguage\":\"es\",\"potentialAction\":[{\"@type\":\"ReadAction\",\"target\":[\"https:\/\/www.nexoinformativo.mx\/index.php\/2024\/11\/04\/fmi-renueva-linea-de-credito-a-mexico-y-destaca-solidez-economica\/\"]}]},{\"@type\":\"ImageObject\",\"inLanguage\":\"es\",\"@id\":\"https:\/\/www.nexoinformativo.mx\/index.php\/2024\/11\/04\/fmi-renueva-linea-de-credito-a-mexico-y-destaca-solidez-economica\/#primaryimage\",\"url\":\"https:\/\/www.nexoinformativo.mx\/wp-content\/uploads\/2024\/11\/IMG_3553-e1730732240717.jpg\",\"contentUrl\":\"https:\/\/www.nexoinformativo.mx\/wp-content\/uploads\/2024\/11\/IMG_3553-e1730732240717.jpg\",\"width\":700,\"height\":495},{\"@type\":\"BreadcrumbList\",\"@id\":\"https:\/\/www.nexoinformativo.mx\/index.php\/2024\/11\/04\/fmi-renueva-linea-de-credito-a-mexico-y-destaca-solidez-economica\/#breadcrumb\",\"itemListElement\":[{\"@type\":\"ListItem\",\"position\":1,\"name\":\"Inicio\",\"item\":\"https:\/\/www.nexoinformativo.mx\/\"},{\"@type\":\"ListItem\",\"position\":2,\"name\":\"FMI renueva l\u00ednea de cr\u00e9dito a M\u00e9xico y destaca solidez econ\u00f3mica\"}]},{\"@type\":\"WebSite\",\"@id\":\"https:\/\/www.nexoinformativo.mx\/#website\",\"url\":\"https:\/\/www.nexoinformativo.mx\/\",\"name\":\"Nexo Informativo Santiago de Quer\u00e9taro\",\"description\":\"Explora NexoInformativo y convi\u00e9rtete en parte de una comunidad que valora el conocimiento y la verdad. Tu nexoinformativo es tu puente hacia una comprensi\u00f3n m\u00e1s profunda del mundo que te rodea.\",\"publisher\":{\"@id\":\"https:\/\/www.nexoinformativo.mx\/#organization\"},\"potentialAction\":[{\"@type\":\"SearchAction\",\"target\":{\"@type\":\"EntryPoint\",\"urlTemplate\":\"https:\/\/www.nexoinformativo.mx\/?s={search_term_string}\"},\"query-input\":{\"@type\":\"PropertyValueSpecification\",\"valueRequired\":true,\"valueName\":\"search_term_string\"}}],\"inLanguage\":\"es\"},{\"@type\":\"Organization\",\"@id\":\"https:\/\/www.nexoinformativo.mx\/#organization\",\"name\":\"Nexo Informativo Santiago de Quer\u00e9taro\",\"url\":\"https:\/\/www.nexoinformativo.mx\/\",\"logo\":{\"@type\":\"ImageObject\",\"inLanguage\":\"es\",\"@id\":\"https:\/\/www.nexoinformativo.mx\/#\/schema\/logo\/image\/\",\"url\":\"https:\/\/www.nexoinformativo.mx\/wp-content\/uploads\/2024\/07\/nexoi-trasparente-2.png\",\"contentUrl\":\"https:\/\/www.nexoinformativo.mx\/wp-content\/uploads\/2024\/07\/nexoi-trasparente-2.png\",\"width\":816,\"height\":339,\"caption\":\"Nexo Informativo Santiago de Quer\u00e9taro\"},\"image\":{\"@id\":\"https:\/\/www.nexoinformativo.mx\/#\/schema\/logo\/image\/\"},\"sameAs\":[\"https:\/\/www.facebook.com\/people\/Nexo-Informativo\/61564066885511\/\"]},{\"@type\":\"Person\",\"@id\":\"https:\/\/www.nexoinformativo.mx\/#\/schema\/person\/7749d380ba08c8ca00d7bc76fd907b7d\",\"name\":\"Nexo Informativo\",\"image\":{\"@type\":\"ImageObject\",\"inLanguage\":\"es\",\"@id\":\"https:\/\/www.nexoinformativo.mx\/#\/schema\/person\/image\/\",\"url\":\"https:\/\/secure.gravatar.com\/avatar\/dde2928154642a13d95f87ddf1ea9718fe2b46760a005c53e41ff5ad610704e6?s=96&d=mm&r=g\",\"contentUrl\":\"https:\/\/secure.gravatar.com\/avatar\/dde2928154642a13d95f87ddf1ea9718fe2b46760a005c53e41ff5ad610704e6?s=96&d=mm&r=g\",\"caption\":\"Nexo Informativo\"},\"url\":\"https:\/\/www.nexoinformativo.mx\/index.php\/author\/edicion\/\"}]}<\/script>\n<!-- \/ Yoast SEO plugin. -->","yoast_head_json":{"title":"FMI renueva l\u00ednea de cr\u00e9dito a M\u00e9xico y destaca solidez econ\u00f3mica | Nexo Informativo Santiago de Quer\u00e9taro","description":"FMI renueva l\u00ednea de cr\u00e9dito a M\u00e9xico y destaca solidez econ\u00f3mica","robots":{"index":"index","follow":"follow","max-snippet":"max-snippet:-1","max-image-preview":"max-image-preview:large","max-video-preview":"max-video-preview:-1"},"canonical":"https:\/\/www.nexoinformativo.mx\/index.php\/2024\/11\/04\/fmi-renueva-linea-de-credito-a-mexico-y-destaca-solidez-economica\/","og_locale":"es_MX","og_type":"article","og_title":"FMI renueva l\u00ednea de cr\u00e9dito a M\u00e9xico y destaca solidez econ\u00f3mica | Nexo Informativo Santiago de Quer\u00e9taro","og_description":"FMI renueva l\u00ednea de cr\u00e9dito a M\u00e9xico y destaca solidez econ\u00f3mica","og_url":"https:\/\/www.nexoinformativo.mx\/index.php\/2024\/11\/04\/fmi-renueva-linea-de-credito-a-mexico-y-destaca-solidez-economica\/","og_site_name":"Nexo Informativo Santiago de Quer\u00e9taro","article_publisher":"https:\/\/www.facebook.com\/people\/Nexo-Informativo\/61564066885511\/","article_published_time":"2024-11-04T13:00:38+00:00","article_modified_time":"2024-11-04T15:01:17+00:00","og_image":[{"width":700,"height":495,"url":"https:\/\/www.nexoinformativo.mx\/wp-content\/uploads\/2024\/11\/IMG_3553-e1730732240717.jpg","type":"image\/jpeg"}],"author":"Nexo Informativo","twitter_card":"summary_large_image","twitter_misc":{"Escrito por":"Nexo Informativo","Tiempo de lectura":"2 minutos"},"schema":{"@context":"https:\/\/schema.org","@graph":[{"@type":"Article","@id":"https:\/\/www.nexoinformativo.mx\/index.php\/2024\/11\/04\/fmi-renueva-linea-de-credito-a-mexico-y-destaca-solidez-economica\/#article","isPartOf":{"@id":"https:\/\/www.nexoinformativo.mx\/index.php\/2024\/11\/04\/fmi-renueva-linea-de-credito-a-mexico-y-destaca-solidez-economica\/"},"author":{"name":"Nexo Informativo","@id":"https:\/\/www.nexoinformativo.mx\/#\/schema\/person\/7749d380ba08c8ca00d7bc76fd907b7d"},"headline":"FMI renueva l\u00ednea de cr\u00e9dito a M\u00e9xico y destaca solidez econ\u00f3mica","datePublished":"2024-11-04T13:00:38+00:00","dateModified":"2024-11-04T15:01:17+00:00","mainEntityOfPage":{"@id":"https:\/\/www.nexoinformativo.mx\/index.php\/2024\/11\/04\/fmi-renueva-linea-de-credito-a-mexico-y-destaca-solidez-economica\/"},"wordCount":338,"commentCount":0,"publisher":{"@id":"https:\/\/www.nexoinformativo.mx\/#organization"},"image":{"@id":"https:\/\/www.nexoinformativo.mx\/index.php\/2024\/11\/04\/fmi-renueva-linea-de-credito-a-mexico-y-destaca-solidez-economica\/#primaryimage"},"thumbnailUrl":"https:\/\/www.nexoinformativo.mx\/wp-content\/uploads\/2024\/11\/IMG_3553-e1730732240717.jpg","keywords":["Economia","Finanzas","FMI","L\u00edneaDeCr\u00e9dito"],"articleSection":["Econom\u00eda","\u00daltima Hora"],"inLanguage":"es","potentialAction":[{"@type":"CommentAction","name":"Comment","target":["https:\/\/www.nexoinformativo.mx\/index.php\/2024\/11\/04\/fmi-renueva-linea-de-credito-a-mexico-y-destaca-solidez-economica\/#respond"]}]},{"@type":"WebPage","@id":"https:\/\/www.nexoinformativo.mx\/index.php\/2024\/11\/04\/fmi-renueva-linea-de-credito-a-mexico-y-destaca-solidez-economica\/","url":"https:\/\/www.nexoinformativo.mx\/index.php\/2024\/11\/04\/fmi-renueva-linea-de-credito-a-mexico-y-destaca-solidez-economica\/","name":"FMI renueva l\u00ednea de cr\u00e9dito a M\u00e9xico y destaca solidez econ\u00f3mica | Nexo Informativo Santiago de Quer\u00e9taro","isPartOf":{"@id":"https:\/\/www.nexoinformativo.mx\/#website"},"primaryImageOfPage":{"@id":"https:\/\/www.nexoinformativo.mx\/index.php\/2024\/11\/04\/fmi-renueva-linea-de-credito-a-mexico-y-destaca-solidez-economica\/#primaryimage"},"image":{"@id":"https:\/\/www.nexoinformativo.mx\/index.php\/2024\/11\/04\/fmi-renueva-linea-de-credito-a-mexico-y-destaca-solidez-economica\/#primaryimage"},"thumbnailUrl":"https:\/\/www.nexoinformativo.mx\/wp-content\/uploads\/2024\/11\/IMG_3553-e1730732240717.jpg","datePublished":"2024-11-04T13:00:38+00:00","dateModified":"2024-11-04T15:01:17+00:00","description":"FMI renueva l\u00ednea de cr\u00e9dito a M\u00e9xico y destaca solidez econ\u00f3mica","breadcrumb":{"@id":"https:\/\/www.nexoinformativo.mx\/index.php\/2024\/11\/04\/fmi-renueva-linea-de-credito-a-mexico-y-destaca-solidez-economica\/#breadcrumb"},"inLanguage":"es","potentialAction":[{"@type":"ReadAction","target":["https:\/\/www.nexoinformativo.mx\/index.php\/2024\/11\/04\/fmi-renueva-linea-de-credito-a-mexico-y-destaca-solidez-economica\/"]}]},{"@type":"ImageObject","inLanguage":"es","@id":"https:\/\/www.nexoinformativo.mx\/index.php\/2024\/11\/04\/fmi-renueva-linea-de-credito-a-mexico-y-destaca-solidez-economica\/#primaryimage","url":"https:\/\/www.nexoinformativo.mx\/wp-content\/uploads\/2024\/11\/IMG_3553-e1730732240717.jpg","contentUrl":"https:\/\/www.nexoinformativo.mx\/wp-content\/uploads\/2024\/11\/IMG_3553-e1730732240717.jpg","width":700,"height":495},{"@type":"BreadcrumbList","@id":"https:\/\/www.nexoinformativo.mx\/index.php\/2024\/11\/04\/fmi-renueva-linea-de-credito-a-mexico-y-destaca-solidez-economica\/#breadcrumb","itemListElement":[{"@type":"ListItem","position":1,"name":"Inicio","item":"https:\/\/www.nexoinformativo.mx\/"},{"@type":"ListItem","position":2,"name":"FMI renueva l\u00ednea de cr\u00e9dito a M\u00e9xico y destaca solidez econ\u00f3mica"}]},{"@type":"WebSite","@id":"https:\/\/www.nexoinformativo.mx\/#website","url":"https:\/\/www.nexoinformativo.mx\/","name":"Nexo Informativo Santiago de Quer\u00e9taro","description":"Explora NexoInformativo y convi\u00e9rtete en parte de una comunidad que valora el conocimiento y la verdad. Tu nexoinformativo es tu puente hacia una comprensi\u00f3n m\u00e1s profunda del mundo que te rodea.","publisher":{"@id":"https:\/\/www.nexoinformativo.mx\/#organization"},"potentialAction":[{"@type":"SearchAction","target":{"@type":"EntryPoint","urlTemplate":"https:\/\/www.nexoinformativo.mx\/?s={search_term_string}"},"query-input":{"@type":"PropertyValueSpecification","valueRequired":true,"valueName":"search_term_string"}}],"inLanguage":"es"},{"@type":"Organization","@id":"https:\/\/www.nexoinformativo.mx\/#organization","name":"Nexo Informativo Santiago de Quer\u00e9taro","url":"https:\/\/www.nexoinformativo.mx\/","logo":{"@type":"ImageObject","inLanguage":"es","@id":"https:\/\/www.nexoinformativo.mx\/#\/schema\/logo\/image\/","url":"https:\/\/www.nexoinformativo.mx\/wp-content\/uploads\/2024\/07\/nexoi-trasparente-2.png","contentUrl":"https:\/\/www.nexoinformativo.mx\/wp-content\/uploads\/2024\/07\/nexoi-trasparente-2.png","width":816,"height":339,"caption":"Nexo Informativo Santiago de Quer\u00e9taro"},"image":{"@id":"https:\/\/www.nexoinformativo.mx\/#\/schema\/logo\/image\/"},"sameAs":["https:\/\/www.facebook.com\/people\/Nexo-Informativo\/61564066885511\/"]},{"@type":"Person","@id":"https:\/\/www.nexoinformativo.mx\/#\/schema\/person\/7749d380ba08c8ca00d7bc76fd907b7d","name":"Nexo Informativo","image":{"@type":"ImageObject","inLanguage":"es","@id":"https:\/\/www.nexoinformativo.mx\/#\/schema\/person\/image\/","url":"https:\/\/secure.gravatar.com\/avatar\/dde2928154642a13d95f87ddf1ea9718fe2b46760a005c53e41ff5ad610704e6?s=96&d=mm&r=g","contentUrl":"https:\/\/secure.gravatar.com\/avatar\/dde2928154642a13d95f87ddf1ea9718fe2b46760a005c53e41ff5ad610704e6?s=96&d=mm&r=g","caption":"Nexo Informativo"},"url":"https:\/\/www.nexoinformativo.mx\/index.php\/author\/edicion\/"}]}},"_links":{"self":[{"href":"https:\/\/www.nexoinformativo.mx\/index.php\/wp-json\/wp\/v2\/posts\/5206","targetHints":{"allow":["GET"]}}],"collection":[{"href":"https:\/\/www.nexoinformativo.mx\/index.php\/wp-json\/wp\/v2\/posts"}],"about":[{"href":"https:\/\/www.nexoinformativo.mx\/index.php\/wp-json\/wp\/v2\/types\/post"}],"author":[{"embeddable":true,"href":"https:\/\/www.nexoinformativo.mx\/index.php\/wp-json\/wp\/v2\/users\/3"}],"replies":[{"embeddable":true,"href":"https:\/\/www.nexoinformativo.mx\/index.php\/wp-json\/wp\/v2\/comments?post=5206"}],"version-history":[{"count":5,"href":"https:\/\/www.nexoinformativo.mx\/index.php\/wp-json\/wp\/v2\/posts\/5206\/revisions"}],"predecessor-version":[{"id":5210,"href":"https:\/\/www.nexoinformativo.mx\/index.php\/wp-json\/wp\/v2\/posts\/5206\/revisions\/5210"}],"wp:featuredmedia":[{"embeddable":true,"href":"https:\/\/www.nexoinformativo.mx\/index.php\/wp-json\/wp\/v2\/media\/5207"}],"wp:attachment":[{"href":"https:\/\/www.nexoinformativo.mx\/index.php\/wp-json\/wp\/v2\/media?parent=5206"}],"wp:term":[{"taxonomy":"category","embeddable":true,"href":"https:\/\/www.nexoinformativo.mx\/index.php\/wp-json\/wp\/v2\/categories?post=5206"},{"taxonomy":"post_tag","embeddable":true,"href":"https:\/\/www.nexoinformativo.mx\/index.php\/wp-json\/wp\/v2\/tags?post=5206"}],"curies":[{"name":"wp","href":"https:\/\/api.w.org\/{rel}","templated":true}]}}