{"id":5213,"date":"2024-11-04T08:00:38","date_gmt":"2024-11-04T14:00:38","guid":{"rendered":"https:\/\/www.nexoinformativo.mx\/?p=5213"},"modified":"2024-11-04T09:10:44","modified_gmt":"2024-11-04T15:10:44","slug":"cuidado-con-el-recibo-de-la-luz-5-consejos-de-la-profeco-para-ahorrar-en-invierno","status":"publish","type":"post","link":"https:\/\/www.nexoinformativo.mx\/index.php\/2024\/11\/04\/cuidado-con-el-recibo-de-la-luz-5-consejos-de-la-profeco-para-ahorrar-en-invierno\/","title":{"rendered":"\u00a1Cuidado con el recibo de la luz! 5 consejos de la Profeco para ahorrar en invierno"},"content":{"rendered":"<p style=\"text-align: justify;\" data-sourcepos=\"5:1-5:349\">Con la llegada del fr\u00edo, el consumo de energ\u00eda el\u00e9ctrica suele aumentar debido al uso de calefactores y otros electrodom\u00e9sticos. Ante esta situaci\u00f3n, la Procuradur\u00eda Federal del Consumidor (Profeco) ha emitido una serie de recomendaciones para que los usuarios puedan ahorrar en su recibo de la luz sin sacrificar su confort.<\/p>\n<p>&nbsp;<\/p>\n<p style=\"text-align: justify;\" data-sourcepos=\"7:1-7:38\">\u00bfC\u00f3mo ahorrar energ\u00eda en invierno?<\/p>\n<ol style=\"text-align: justify;\" data-sourcepos=\"9:1-15:0\">\n<li data-sourcepos=\"9:1-9:162\">Busca el sello FIDE: Al adquirir nuevos electrodom\u00e9sticos, busca aquellos que cuenten con el sello FIDE, ya que garantizan un consumo eficiente de energ\u00eda.<\/li>\n<li data-sourcepos=\"10:1-10:219\">Revisa tu instalaci\u00f3n el\u00e9ctrica: Desconecta todos los aparatos y apaga las luces para verificar si el medidor sigue girando. Si es as\u00ed, podr\u00eda haber una fuga de energ\u00eda y es recomendable llamar a un especialista.<\/li>\n<li data-sourcepos=\"11:1-11:146\">Aprovecha la luz natural: Abre las cortinas y persianas durante el d\u00eda para aprovechar al m\u00e1ximo la luz solar y reducir el uso de l\u00e1mparas.<\/li>\n<li data-sourcepos=\"12:1-12:169\">Pinta tus paredes de colores claros: Los colores claros reflejan mejor la luz, lo que puede ayudar a iluminar tus espacios sin necesidad de encender tantas luces.<\/li>\n<li data-sourcepos=\"13:1-13:171\">Plancha toda la ropa de una sola vez: Al planchar toda la ropa en una sola sesi\u00f3n, el aparato se mantiene caliente por m\u00e1s tiempo y se reduce el consumo de energ\u00eda.&nbsp;\n<p style=\"text-align: justify;\" data-sourcepos=\"16:1-16:55\">\u00a1Ahorrar energ\u00eda es f\u00e1cil y beneficioso para todos!\u00a0Siguiendo estos sencillos consejos, podr\u00e1s reducir tu consumo de energ\u00eda el\u00e9ctrica, disminuir el impacto ambiental y ahorrar dinero en tu recibo de la luz.<\/p>\n<p>&nbsp;<\/p>\n<p style=\"text-align: center;\" data-sourcepos=\"16:1-16:55\"><em><strong>\u00a1Informaci\u00f3n que transforma!<\/strong><\/em><\/p>\n<\/li>\n<\/ol>\n","protected":false},"excerpt":{"rendered":"<p>Con la llegada del fr\u00edo, el consumo de energ\u00eda el\u00e9ctrica suele aumentar debido al uso de calefactores y otros electrodom\u00e9sticos.<\/p>\n","protected":false},"author":3,"featured_media":5214,"comment_status":"open","ping_status":"open","sticky":false,"template":"","format":"standard","meta":{"footnotes":""},"categories":[5,58],"tags":[1833,1208,1834,1835],"class_list":["post-5213","post","type-post","status-publish","format-standard","has-post-thumbnail","hentry","category-economia","category-ultima-hora","tag-ahorraenergia","tag-invierno","tag-profeco","tag-recibodelaluz"],"yoast_head":"<!-- This site is optimized with the Yoast SEO plugin v25.0 - https:\/\/yoast.com\/wordpress\/plugins\/seo\/ -->\n<title>\u00a1Cuidado con el recibo de la luz! 5 consejos de la Profeco para ahorrar en invierno | Nexo Informativo Santiago de Quer\u00e9taro<\/title>\n<meta name=\"description\" content=\"\u00a1Cuidado con el recibo de la luz! 5 consejos de la Profeco para ahorrar en invierno\" \/>\n<meta name=\"robots\" content=\"index, follow, max-snippet:-1, max-image-preview:large, max-video-preview:-1\" \/>\n<link rel=\"canonical\" href=\"https:\/\/www.nexoinformativo.mx\/index.php\/2024\/11\/04\/cuidado-con-el-recibo-de-la-luz-5-consejos-de-la-profeco-para-ahorrar-en-invierno\/\" \/>\n<meta property=\"og:locale\" content=\"es_MX\" \/>\n<meta property=\"og:type\" content=\"article\" \/>\n<meta property=\"og:title\" content=\"\u00a1Cuidado con el recibo de la luz! 5 consejos de la Profeco para ahorrar en invierno | Nexo Informativo Santiago de Quer\u00e9taro\" \/>\n<meta property=\"og:description\" content=\"\u00a1Cuidado con el recibo de la luz! 5 consejos de la Profeco para ahorrar en invierno\" \/>\n<meta property=\"og:url\" content=\"https:\/\/www.nexoinformativo.mx\/index.php\/2024\/11\/04\/cuidado-con-el-recibo-de-la-luz-5-consejos-de-la-profeco-para-ahorrar-en-invierno\/\" \/>\n<meta property=\"og:site_name\" content=\"Nexo Informativo Santiago de Quer\u00e9taro\" \/>\n<meta property=\"article:publisher\" content=\"https:\/\/www.facebook.com\/people\/Nexo-Informativo\/61564066885511\/\" \/>\n<meta property=\"article:published_time\" content=\"2024-11-04T14:00:38+00:00\" \/>\n<meta property=\"article:modified_time\" content=\"2024-11-04T15:10:44+00:00\" \/>\n<meta property=\"og:image\" content=\"https:\/\/www.nexoinformativo.mx\/wp-content\/uploads\/2024\/11\/pexels-smgrafias-2125587-scaled-e1730732820899.jpeg\" \/>\n\t<meta property=\"og:image:width\" content=\"700\" \/>\n\t<meta property=\"og:image:height\" content=\"1050\" \/>\n\t<meta property=\"og:image:type\" content=\"image\/jpeg\" \/>\n<meta name=\"author\" content=\"Nexo Informativo\" \/>\n<meta name=\"twitter:card\" content=\"summary_large_image\" \/>\n<meta name=\"twitter:label1\" content=\"Escrito por\" \/>\n\t<meta name=\"twitter:data1\" content=\"Nexo Informativo\" \/>\n\t<meta name=\"twitter:label2\" content=\"Tiempo de lectura\" \/>\n\t<meta name=\"twitter:data2\" content=\"2 minutos\" \/>\n<script type=\"application\/ld+json\" class=\"yoast-schema-graph\">{\"@context\":\"https:\/\/schema.org\",\"@graph\":[{\"@type\":\"Article\",\"@id\":\"https:\/\/www.nexoinformativo.mx\/index.php\/2024\/11\/04\/cuidado-con-el-recibo-de-la-luz-5-consejos-de-la-profeco-para-ahorrar-en-invierno\/#article\",\"isPartOf\":{\"@id\":\"https:\/\/www.nexoinformativo.mx\/index.php\/2024\/11\/04\/cuidado-con-el-recibo-de-la-luz-5-consejos-de-la-profeco-para-ahorrar-en-invierno\/\"},\"author\":{\"name\":\"Nexo Informativo\",\"@id\":\"https:\/\/www.nexoinformativo.mx\/#\/schema\/person\/7749d380ba08c8ca00d7bc76fd907b7d\"},\"headline\":\"\u00a1Cuidado con el recibo de la luz! 5 consejos de la Profeco para ahorrar en invierno\",\"datePublished\":\"2024-11-04T14:00:38+00:00\",\"dateModified\":\"2024-11-04T15:10:44+00:00\",\"mainEntityOfPage\":{\"@id\":\"https:\/\/www.nexoinformativo.mx\/index.php\/2024\/11\/04\/cuidado-con-el-recibo-de-la-luz-5-consejos-de-la-profeco-para-ahorrar-en-invierno\/\"},\"wordCount\":278,\"commentCount\":0,\"publisher\":{\"@id\":\"https:\/\/www.nexoinformativo.mx\/#organization\"},\"image\":{\"@id\":\"https:\/\/www.nexoinformativo.mx\/index.php\/2024\/11\/04\/cuidado-con-el-recibo-de-la-luz-5-consejos-de-la-profeco-para-ahorrar-en-invierno\/#primaryimage\"},\"thumbnailUrl\":\"https:\/\/www.nexoinformativo.mx\/wp-content\/uploads\/2024\/11\/pexels-smgrafias-2125587-scaled-e1730732820899.jpeg\",\"keywords\":[\"AhorraEnerg\u00eda\",\"Invierno\",\"Profeco\",\"ReciboDeLaLuz\"],\"articleSection\":[\"Econom\u00eda\",\"\u00daltima Hora\"],\"inLanguage\":\"es\",\"potentialAction\":[{\"@type\":\"CommentAction\",\"name\":\"Comment\",\"target\":[\"https:\/\/www.nexoinformativo.mx\/index.php\/2024\/11\/04\/cuidado-con-el-recibo-de-la-luz-5-consejos-de-la-profeco-para-ahorrar-en-invierno\/#respond\"]}]},{\"@type\":\"WebPage\",\"@id\":\"https:\/\/www.nexoinformativo.mx\/index.php\/2024\/11\/04\/cuidado-con-el-recibo-de-la-luz-5-consejos-de-la-profeco-para-ahorrar-en-invierno\/\",\"url\":\"https:\/\/www.nexoinformativo.mx\/index.php\/2024\/11\/04\/cuidado-con-el-recibo-de-la-luz-5-consejos-de-la-profeco-para-ahorrar-en-invierno\/\",\"name\":\"\u00a1Cuidado con el recibo de la luz! 5 consejos de la Profeco para ahorrar en invierno | Nexo Informativo Santiago de Quer\u00e9taro\",\"isPartOf\":{\"@id\":\"https:\/\/www.nexoinformativo.mx\/#website\"},\"primaryImageOfPage\":{\"@id\":\"https:\/\/www.nexoinformativo.mx\/index.php\/2024\/11\/04\/cuidado-con-el-recibo-de-la-luz-5-consejos-de-la-profeco-para-ahorrar-en-invierno\/#primaryimage\"},\"image\":{\"@id\":\"https:\/\/www.nexoinformativo.mx\/index.php\/2024\/11\/04\/cuidado-con-el-recibo-de-la-luz-5-consejos-de-la-profeco-para-ahorrar-en-invierno\/#primaryimage\"},\"thumbnailUrl\":\"https:\/\/www.nexoinformativo.mx\/wp-content\/uploads\/2024\/11\/pexels-smgrafias-2125587-scaled-e1730732820899.jpeg\",\"datePublished\":\"2024-11-04T14:00:38+00:00\",\"dateModified\":\"2024-11-04T15:10:44+00:00\",\"description\":\"\u00a1Cuidado con el recibo de la luz! 5 consejos de la Profeco para ahorrar en invierno\",\"breadcrumb\":{\"@id\":\"https:\/\/www.nexoinformativo.mx\/index.php\/2024\/11\/04\/cuidado-con-el-recibo-de-la-luz-5-consejos-de-la-profeco-para-ahorrar-en-invierno\/#breadcrumb\"},\"inLanguage\":\"es\",\"potentialAction\":[{\"@type\":\"ReadAction\",\"target\":[\"https:\/\/www.nexoinformativo.mx\/index.php\/2024\/11\/04\/cuidado-con-el-recibo-de-la-luz-5-consejos-de-la-profeco-para-ahorrar-en-invierno\/\"]}]},{\"@type\":\"ImageObject\",\"inLanguage\":\"es\",\"@id\":\"https:\/\/www.nexoinformativo.mx\/index.php\/2024\/11\/04\/cuidado-con-el-recibo-de-la-luz-5-consejos-de-la-profeco-para-ahorrar-en-invierno\/#primaryimage\",\"url\":\"https:\/\/www.nexoinformativo.mx\/wp-content\/uploads\/2024\/11\/pexels-smgrafias-2125587-scaled-e1730732820899.jpeg\",\"contentUrl\":\"https:\/\/www.nexoinformativo.mx\/wp-content\/uploads\/2024\/11\/pexels-smgrafias-2125587-scaled-e1730732820899.jpeg\",\"width\":700,\"height\":1050},{\"@type\":\"BreadcrumbList\",\"@id\":\"https:\/\/www.nexoinformativo.mx\/index.php\/2024\/11\/04\/cuidado-con-el-recibo-de-la-luz-5-consejos-de-la-profeco-para-ahorrar-en-invierno\/#breadcrumb\",\"itemListElement\":[{\"@type\":\"ListItem\",\"position\":1,\"name\":\"Inicio\",\"item\":\"https:\/\/www.nexoinformativo.mx\/\"},{\"@type\":\"ListItem\",\"position\":2,\"name\":\"\u00a1Cuidado con el recibo de la luz! 5 consejos de la Profeco para ahorrar en invierno\"}]},{\"@type\":\"WebSite\",\"@id\":\"https:\/\/www.nexoinformativo.mx\/#website\",\"url\":\"https:\/\/www.nexoinformativo.mx\/\",\"name\":\"Nexo Informativo Santiago de Quer\u00e9taro\",\"description\":\"Explora NexoInformativo y convi\u00e9rtete en parte de una comunidad que valora el conocimiento y la verdad. Tu nexoinformativo es tu puente hacia una comprensi\u00f3n m\u00e1s profunda del mundo que te rodea.\",\"publisher\":{\"@id\":\"https:\/\/www.nexoinformativo.mx\/#organization\"},\"potentialAction\":[{\"@type\":\"SearchAction\",\"target\":{\"@type\":\"EntryPoint\",\"urlTemplate\":\"https:\/\/www.nexoinformativo.mx\/?s={search_term_string}\"},\"query-input\":{\"@type\":\"PropertyValueSpecification\",\"valueRequired\":true,\"valueName\":\"search_term_string\"}}],\"inLanguage\":\"es\"},{\"@type\":\"Organization\",\"@id\":\"https:\/\/www.nexoinformativo.mx\/#organization\",\"name\":\"Nexo Informativo Santiago de Quer\u00e9taro\",\"url\":\"https:\/\/www.nexoinformativo.mx\/\",\"logo\":{\"@type\":\"ImageObject\",\"inLanguage\":\"es\",\"@id\":\"https:\/\/www.nexoinformativo.mx\/#\/schema\/logo\/image\/\",\"url\":\"https:\/\/www.nexoinformativo.mx\/wp-content\/uploads\/2024\/07\/nexoi-trasparente-2.png\",\"contentUrl\":\"https:\/\/www.nexoinformativo.mx\/wp-content\/uploads\/2024\/07\/nexoi-trasparente-2.png\",\"width\":816,\"height\":339,\"caption\":\"Nexo Informativo Santiago de Quer\u00e9taro\"},\"image\":{\"@id\":\"https:\/\/www.nexoinformativo.mx\/#\/schema\/logo\/image\/\"},\"sameAs\":[\"https:\/\/www.facebook.com\/people\/Nexo-Informativo\/61564066885511\/\"]},{\"@type\":\"Person\",\"@id\":\"https:\/\/www.nexoinformativo.mx\/#\/schema\/person\/7749d380ba08c8ca00d7bc76fd907b7d\",\"name\":\"Nexo Informativo\",\"image\":{\"@type\":\"ImageObject\",\"inLanguage\":\"es\",\"@id\":\"https:\/\/www.nexoinformativo.mx\/#\/schema\/person\/image\/\",\"url\":\"https:\/\/secure.gravatar.com\/avatar\/dde2928154642a13d95f87ddf1ea9718fe2b46760a005c53e41ff5ad610704e6?s=96&d=mm&r=g\",\"contentUrl\":\"https:\/\/secure.gravatar.com\/avatar\/dde2928154642a13d95f87ddf1ea9718fe2b46760a005c53e41ff5ad610704e6?s=96&d=mm&r=g\",\"caption\":\"Nexo Informativo\"},\"url\":\"https:\/\/www.nexoinformativo.mx\/index.php\/author\/edicion\/\"}]}<\/script>\n<!-- \/ Yoast SEO plugin. -->","yoast_head_json":{"title":"\u00a1Cuidado con el recibo de la luz! 5 consejos de la Profeco para ahorrar en invierno | Nexo Informativo Santiago de Quer\u00e9taro","description":"\u00a1Cuidado con el recibo de la luz! 5 consejos de la Profeco para ahorrar en invierno","robots":{"index":"index","follow":"follow","max-snippet":"max-snippet:-1","max-image-preview":"max-image-preview:large","max-video-preview":"max-video-preview:-1"},"canonical":"https:\/\/www.nexoinformativo.mx\/index.php\/2024\/11\/04\/cuidado-con-el-recibo-de-la-luz-5-consejos-de-la-profeco-para-ahorrar-en-invierno\/","og_locale":"es_MX","og_type":"article","og_title":"\u00a1Cuidado con el recibo de la luz! 5 consejos de la Profeco para ahorrar en invierno | Nexo Informativo Santiago de Quer\u00e9taro","og_description":"\u00a1Cuidado con el recibo de la luz! 5 consejos de la Profeco para ahorrar en invierno","og_url":"https:\/\/www.nexoinformativo.mx\/index.php\/2024\/11\/04\/cuidado-con-el-recibo-de-la-luz-5-consejos-de-la-profeco-para-ahorrar-en-invierno\/","og_site_name":"Nexo Informativo Santiago de Quer\u00e9taro","article_publisher":"https:\/\/www.facebook.com\/people\/Nexo-Informativo\/61564066885511\/","article_published_time":"2024-11-04T14:00:38+00:00","article_modified_time":"2024-11-04T15:10:44+00:00","og_image":[{"width":700,"height":1050,"url":"https:\/\/www.nexoinformativo.mx\/wp-content\/uploads\/2024\/11\/pexels-smgrafias-2125587-scaled-e1730732820899.jpeg","type":"image\/jpeg"}],"author":"Nexo Informativo","twitter_card":"summary_large_image","twitter_misc":{"Escrito por":"Nexo Informativo","Tiempo de lectura":"2 minutos"},"schema":{"@context":"https:\/\/schema.org","@graph":[{"@type":"Article","@id":"https:\/\/www.nexoinformativo.mx\/index.php\/2024\/11\/04\/cuidado-con-el-recibo-de-la-luz-5-consejos-de-la-profeco-para-ahorrar-en-invierno\/#article","isPartOf":{"@id":"https:\/\/www.nexoinformativo.mx\/index.php\/2024\/11\/04\/cuidado-con-el-recibo-de-la-luz-5-consejos-de-la-profeco-para-ahorrar-en-invierno\/"},"author":{"name":"Nexo Informativo","@id":"https:\/\/www.nexoinformativo.mx\/#\/schema\/person\/7749d380ba08c8ca00d7bc76fd907b7d"},"headline":"\u00a1Cuidado con el recibo de la luz! 5 consejos de la Profeco para ahorrar en invierno","datePublished":"2024-11-04T14:00:38+00:00","dateModified":"2024-11-04T15:10:44+00:00","mainEntityOfPage":{"@id":"https:\/\/www.nexoinformativo.mx\/index.php\/2024\/11\/04\/cuidado-con-el-recibo-de-la-luz-5-consejos-de-la-profeco-para-ahorrar-en-invierno\/"},"wordCount":278,"commentCount":0,"publisher":{"@id":"https:\/\/www.nexoinformativo.mx\/#organization"},"image":{"@id":"https:\/\/www.nexoinformativo.mx\/index.php\/2024\/11\/04\/cuidado-con-el-recibo-de-la-luz-5-consejos-de-la-profeco-para-ahorrar-en-invierno\/#primaryimage"},"thumbnailUrl":"https:\/\/www.nexoinformativo.mx\/wp-content\/uploads\/2024\/11\/pexels-smgrafias-2125587-scaled-e1730732820899.jpeg","keywords":["AhorraEnerg\u00eda","Invierno","Profeco","ReciboDeLaLuz"],"articleSection":["Econom\u00eda","\u00daltima Hora"],"inLanguage":"es","potentialAction":[{"@type":"CommentAction","name":"Comment","target":["https:\/\/www.nexoinformativo.mx\/index.php\/2024\/11\/04\/cuidado-con-el-recibo-de-la-luz-5-consejos-de-la-profeco-para-ahorrar-en-invierno\/#respond"]}]},{"@type":"WebPage","@id":"https:\/\/www.nexoinformativo.mx\/index.php\/2024\/11\/04\/cuidado-con-el-recibo-de-la-luz-5-consejos-de-la-profeco-para-ahorrar-en-invierno\/","url":"https:\/\/www.nexoinformativo.mx\/index.php\/2024\/11\/04\/cuidado-con-el-recibo-de-la-luz-5-consejos-de-la-profeco-para-ahorrar-en-invierno\/","name":"\u00a1Cuidado con el recibo de la luz! 5 consejos de la Profeco para ahorrar en invierno | Nexo Informativo Santiago de Quer\u00e9taro","isPartOf":{"@id":"https:\/\/www.nexoinformativo.mx\/#website"},"primaryImageOfPage":{"@id":"https:\/\/www.nexoinformativo.mx\/index.php\/2024\/11\/04\/cuidado-con-el-recibo-de-la-luz-5-consejos-de-la-profeco-para-ahorrar-en-invierno\/#primaryimage"},"image":{"@id":"https:\/\/www.nexoinformativo.mx\/index.php\/2024\/11\/04\/cuidado-con-el-recibo-de-la-luz-5-consejos-de-la-profeco-para-ahorrar-en-invierno\/#primaryimage"},"thumbnailUrl":"https:\/\/www.nexoinformativo.mx\/wp-content\/uploads\/2024\/11\/pexels-smgrafias-2125587-scaled-e1730732820899.jpeg","datePublished":"2024-11-04T14:00:38+00:00","dateModified":"2024-11-04T15:10:44+00:00","description":"\u00a1Cuidado con el recibo de la luz! 5 consejos de la Profeco para ahorrar en invierno","breadcrumb":{"@id":"https:\/\/www.nexoinformativo.mx\/index.php\/2024\/11\/04\/cuidado-con-el-recibo-de-la-luz-5-consejos-de-la-profeco-para-ahorrar-en-invierno\/#breadcrumb"},"inLanguage":"es","potentialAction":[{"@type":"ReadAction","target":["https:\/\/www.nexoinformativo.mx\/index.php\/2024\/11\/04\/cuidado-con-el-recibo-de-la-luz-5-consejos-de-la-profeco-para-ahorrar-en-invierno\/"]}]},{"@type":"ImageObject","inLanguage":"es","@id":"https:\/\/www.nexoinformativo.mx\/index.php\/2024\/11\/04\/cuidado-con-el-recibo-de-la-luz-5-consejos-de-la-profeco-para-ahorrar-en-invierno\/#primaryimage","url":"https:\/\/www.nexoinformativo.mx\/wp-content\/uploads\/2024\/11\/pexels-smgrafias-2125587-scaled-e1730732820899.jpeg","contentUrl":"https:\/\/www.nexoinformativo.mx\/wp-content\/uploads\/2024\/11\/pexels-smgrafias-2125587-scaled-e1730732820899.jpeg","width":700,"height":1050},{"@type":"BreadcrumbList","@id":"https:\/\/www.nexoinformativo.mx\/index.php\/2024\/11\/04\/cuidado-con-el-recibo-de-la-luz-5-consejos-de-la-profeco-para-ahorrar-en-invierno\/#breadcrumb","itemListElement":[{"@type":"ListItem","position":1,"name":"Inicio","item":"https:\/\/www.nexoinformativo.mx\/"},{"@type":"ListItem","position":2,"name":"\u00a1Cuidado con el recibo de la luz! 5 consejos de la Profeco para ahorrar en invierno"}]},{"@type":"WebSite","@id":"https:\/\/www.nexoinformativo.mx\/#website","url":"https:\/\/www.nexoinformativo.mx\/","name":"Nexo Informativo Santiago de Quer\u00e9taro","description":"Explora NexoInformativo y convi\u00e9rtete en parte de una comunidad que valora el conocimiento y la verdad. Tu nexoinformativo es tu puente hacia una comprensi\u00f3n m\u00e1s profunda del mundo que te rodea.","publisher":{"@id":"https:\/\/www.nexoinformativo.mx\/#organization"},"potentialAction":[{"@type":"SearchAction","target":{"@type":"EntryPoint","urlTemplate":"https:\/\/www.nexoinformativo.mx\/?s={search_term_string}"},"query-input":{"@type":"PropertyValueSpecification","valueRequired":true,"valueName":"search_term_string"}}],"inLanguage":"es"},{"@type":"Organization","@id":"https:\/\/www.nexoinformativo.mx\/#organization","name":"Nexo Informativo Santiago de Quer\u00e9taro","url":"https:\/\/www.nexoinformativo.mx\/","logo":{"@type":"ImageObject","inLanguage":"es","@id":"https:\/\/www.nexoinformativo.mx\/#\/schema\/logo\/image\/","url":"https:\/\/www.nexoinformativo.mx\/wp-content\/uploads\/2024\/07\/nexoi-trasparente-2.png","contentUrl":"https:\/\/www.nexoinformativo.mx\/wp-content\/uploads\/2024\/07\/nexoi-trasparente-2.png","width":816,"height":339,"caption":"Nexo Informativo Santiago de Quer\u00e9taro"},"image":{"@id":"https:\/\/www.nexoinformativo.mx\/#\/schema\/logo\/image\/"},"sameAs":["https:\/\/www.facebook.com\/people\/Nexo-Informativo\/61564066885511\/"]},{"@type":"Person","@id":"https:\/\/www.nexoinformativo.mx\/#\/schema\/person\/7749d380ba08c8ca00d7bc76fd907b7d","name":"Nexo Informativo","image":{"@type":"ImageObject","inLanguage":"es","@id":"https:\/\/www.nexoinformativo.mx\/#\/schema\/person\/image\/","url":"https:\/\/secure.gravatar.com\/avatar\/dde2928154642a13d95f87ddf1ea9718fe2b46760a005c53e41ff5ad610704e6?s=96&d=mm&r=g","contentUrl":"https:\/\/secure.gravatar.com\/avatar\/dde2928154642a13d95f87ddf1ea9718fe2b46760a005c53e41ff5ad610704e6?s=96&d=mm&r=g","caption":"Nexo Informativo"},"url":"https:\/\/www.nexoinformativo.mx\/index.php\/author\/edicion\/"}]}},"_links":{"self":[{"href":"https:\/\/www.nexoinformativo.mx\/index.php\/wp-json\/wp\/v2\/posts\/5213","targetHints":{"allow":["GET"]}}],"collection":[{"href":"https:\/\/www.nexoinformativo.mx\/index.php\/wp-json\/wp\/v2\/posts"}],"about":[{"href":"https:\/\/www.nexoinformativo.mx\/index.php\/wp-json\/wp\/v2\/types\/post"}],"author":[{"embeddable":true,"href":"https:\/\/www.nexoinformativo.mx\/index.php\/wp-json\/wp\/v2\/users\/3"}],"replies":[{"embeddable":true,"href":"https:\/\/www.nexoinformativo.mx\/index.php\/wp-json\/wp\/v2\/comments?post=5213"}],"version-history":[{"count":5,"href":"https:\/\/www.nexoinformativo.mx\/index.php\/wp-json\/wp\/v2\/posts\/5213\/revisions"}],"predecessor-version":[{"id":5217,"href":"https:\/\/www.nexoinformativo.mx\/index.php\/wp-json\/wp\/v2\/posts\/5213\/revisions\/5217"}],"wp:featuredmedia":[{"embeddable":true,"href":"https:\/\/www.nexoinformativo.mx\/index.php\/wp-json\/wp\/v2\/media\/5214"}],"wp:attachment":[{"href":"https:\/\/www.nexoinformativo.mx\/index.php\/wp-json\/wp\/v2\/media?parent=5213"}],"wp:term":[{"taxonomy":"category","embeddable":true,"href":"https:\/\/www.nexoinformativo.mx\/index.php\/wp-json\/wp\/v2\/categories?post=5213"},{"taxonomy":"post_tag","embeddable":true,"href":"https:\/\/www.nexoinformativo.mx\/index.php\/wp-json\/wp\/v2\/tags?post=5213"}],"curies":[{"name":"wp","href":"https:\/\/api.w.org\/{rel}","templated":true}]}}