{"id":5247,"date":"2024-11-04T11:11:27","date_gmt":"2024-11-04T17:11:27","guid":{"rendered":"https:\/\/www.nexoinformativo.mx\/?p=5247"},"modified":"2024-11-04T12:38:02","modified_gmt":"2024-11-04T18:38:02","slug":"aumentan-detenciones-por-conducir-en-estado-de-ebriedad-en-queretaro-durante-el-fin-de-semana-largo","status":"publish","type":"post","link":"https:\/\/www.nexoinformativo.mx\/index.php\/2024\/11\/04\/aumentan-detenciones-por-conducir-en-estado-de-ebriedad-en-queretaro-durante-el-fin-de-semana-largo\/","title":{"rendered":"Aumentan detenciones por conducir en estado de ebriedad en Quer\u00e9taro durante el fin de semana largo"},"content":{"rendered":"<p style=\"text-align: justify;\" data-sourcepos=\"5:1-5:244\">Durante el fin de semana largo, las autoridades municipales de Quer\u00e9taro intensificaron los operativos de alcoholimetr\u00eda, lo que result\u00f3 en un incremento en el n\u00famero de detenciones de conductores en estado de ebriedad.<\/p>\n<p>&nbsp;<\/p>\n<p style=\"text-align: justify;\" data-sourcepos=\"7:1-7:199\">Del 30 de octubre al 2 de noviembre, se realizaron 486 pruebas de alcoholemia, de las cuales 29 resultaron positivas. Un total de 21 personas fueron detenidas y sus veh\u00edculos trasladados al corral\u00f3n.<\/p>\n<p>&nbsp;<\/p>\n<p style=\"text-align: justify;\" data-sourcepos=\"9:1-9:126\">El objetivo principal de estos operativos es prevenir accidentes viales y garantizar la seguridad de todos los ciudadanos.<\/p>\n<p>&nbsp;<\/p>\n<p style=\"text-align: justify;\" data-sourcepos=\"11:1-11:309\">Adem\u00e1s de las detenciones por conducir en estado de ebriedad, la Direcci\u00f3n de Justicia C\u00edvica tambi\u00e9n sancion\u00f3 a 27 personas por otras faltas administrativas, como ingerir bebidas alcoh\u00f3licas en la v\u00eda p\u00fablica o alterar el orden p\u00fablico. Estas personas realizaron trabajos comunitarios como medida correctiva.<\/p>\n<p>&nbsp;<\/p>\n<p style=\"text-align: justify;\" data-sourcepos=\"13:1-13:114\">A trav\u00e9s de estas acciones, las autoridades buscan promover la convivencia pac\u00edfica y el respeto a las normas.<\/p>\n<p>&nbsp;<\/p>\n<p style=\"text-align: center;\" data-sourcepos=\"13:1-13:114\"><em><strong>\u00a1Informaci\u00f3n que transforma!<\/strong><\/em><\/p>\n","protected":false},"excerpt":{"rendered":"<p>Durante el fin de semana largo, las autoridades municipales de Quer\u00e9taro intensificaron los operativos de alcoholimetr\u00eda, lo que result\u00f3 en un incremento en el n\u00famero de detenciones de conductores en estado de ebriedad.<\/p>\n","protected":false},"author":3,"featured_media":5249,"comment_status":"open","ping_status":"open","sticky":false,"template":"","format":"standard","meta":{"footnotes":""},"categories":[137,58],"tags":[1842,435,133,151],"class_list":["post-5247","post","type-post","status-publish","format-standard","has-post-thumbnail","hentry","category-sucesos","category-ultima-hora","tag-alcoholimetria","tag-justiciacivica","tag-queretaro","tag-seguridadvial"],"yoast_head":"<!-- This site is optimized with the Yoast SEO plugin v25.0 - https:\/\/yoast.com\/wordpress\/plugins\/seo\/ -->\n<title>Aumentan detenciones por conducir en estado de ebriedad en Quer\u00e9taro durante el fin de semana largo | Nexo Informativo Santiago de Quer\u00e9taro<\/title>\n<meta name=\"description\" content=\"Aumentan detenciones por conducir en estado de ebriedad en Quer\u00e9taro durante el fin de semana largo\" \/>\n<meta name=\"robots\" content=\"index, follow, max-snippet:-1, max-image-preview:large, max-video-preview:-1\" \/>\n<link rel=\"canonical\" href=\"https:\/\/www.nexoinformativo.mx\/index.php\/2024\/11\/04\/aumentan-detenciones-por-conducir-en-estado-de-ebriedad-en-queretaro-durante-el-fin-de-semana-largo\/\" \/>\n<meta property=\"og:locale\" content=\"es_MX\" \/>\n<meta property=\"og:type\" content=\"article\" \/>\n<meta property=\"og:title\" content=\"Aumentan detenciones por conducir en estado de ebriedad en Quer\u00e9taro durante el fin de semana largo | Nexo Informativo Santiago de Quer\u00e9taro\" \/>\n<meta property=\"og:description\" content=\"Aumentan detenciones por conducir en estado de ebriedad en Quer\u00e9taro durante el fin de semana largo\" \/>\n<meta property=\"og:url\" content=\"https:\/\/www.nexoinformativo.mx\/index.php\/2024\/11\/04\/aumentan-detenciones-por-conducir-en-estado-de-ebriedad-en-queretaro-durante-el-fin-de-semana-largo\/\" \/>\n<meta property=\"og:site_name\" content=\"Nexo Informativo Santiago de Quer\u00e9taro\" \/>\n<meta property=\"article:publisher\" content=\"https:\/\/www.facebook.com\/people\/Nexo-Informativo\/61564066885511\/\" \/>\n<meta property=\"article:published_time\" content=\"2024-11-04T17:11:27+00:00\" \/>\n<meta property=\"article:modified_time\" content=\"2024-11-04T18:38:02+00:00\" \/>\n<meta property=\"og:image\" content=\"https:\/\/www.nexoinformativo.mx\/wp-content\/uploads\/2024\/11\/PHOTO-2024-11-04-12-10-44-e1730745286442.jpg\" \/>\n\t<meta property=\"og:image:width\" content=\"700\" \/>\n\t<meta property=\"og:image:height\" content=\"875\" \/>\n\t<meta property=\"og:image:type\" content=\"image\/jpeg\" \/>\n<meta name=\"author\" content=\"Nexo Informativo\" \/>\n<meta name=\"twitter:card\" content=\"summary_large_image\" \/>\n<meta name=\"twitter:label1\" content=\"Escrito por\" \/>\n\t<meta name=\"twitter:data1\" content=\"Nexo Informativo\" \/>\n\t<meta name=\"twitter:label2\" content=\"Tiempo de lectura\" \/>\n\t<meta name=\"twitter:data2\" content=\"1 minuto\" \/>\n<script type=\"application\/ld+json\" class=\"yoast-schema-graph\">{\"@context\":\"https:\/\/schema.org\",\"@graph\":[{\"@type\":\"Article\",\"@id\":\"https:\/\/www.nexoinformativo.mx\/index.php\/2024\/11\/04\/aumentan-detenciones-por-conducir-en-estado-de-ebriedad-en-queretaro-durante-el-fin-de-semana-largo\/#article\",\"isPartOf\":{\"@id\":\"https:\/\/www.nexoinformativo.mx\/index.php\/2024\/11\/04\/aumentan-detenciones-por-conducir-en-estado-de-ebriedad-en-queretaro-durante-el-fin-de-semana-largo\/\"},\"author\":{\"name\":\"Nexo Informativo\",\"@id\":\"https:\/\/www.nexoinformativo.mx\/#\/schema\/person\/7749d380ba08c8ca00d7bc76fd907b7d\"},\"headline\":\"Aumentan detenciones por conducir en estado de ebriedad en Quer\u00e9taro durante el fin de semana largo\",\"datePublished\":\"2024-11-04T17:11:27+00:00\",\"dateModified\":\"2024-11-04T18:38:02+00:00\",\"mainEntityOfPage\":{\"@id\":\"https:\/\/www.nexoinformativo.mx\/index.php\/2024\/11\/04\/aumentan-detenciones-por-conducir-en-estado-de-ebriedad-en-queretaro-durante-el-fin-de-semana-largo\/\"},\"wordCount\":182,\"commentCount\":0,\"publisher\":{\"@id\":\"https:\/\/www.nexoinformativo.mx\/#organization\"},\"image\":{\"@id\":\"https:\/\/www.nexoinformativo.mx\/index.php\/2024\/11\/04\/aumentan-detenciones-por-conducir-en-estado-de-ebriedad-en-queretaro-durante-el-fin-de-semana-largo\/#primaryimage\"},\"thumbnailUrl\":\"https:\/\/www.nexoinformativo.mx\/wp-content\/uploads\/2024\/11\/PHOTO-2024-11-04-12-10-44-e1730745286442.jpg\",\"keywords\":[\"Alcoholimetr\u00eda\",\"JusticiaC\u00edvica\",\"Quer\u00e9taro\",\"seguridadvial\"],\"articleSection\":[\"Sucesos\",\"\u00daltima Hora\"],\"inLanguage\":\"es\",\"potentialAction\":[{\"@type\":\"CommentAction\",\"name\":\"Comment\",\"target\":[\"https:\/\/www.nexoinformativo.mx\/index.php\/2024\/11\/04\/aumentan-detenciones-por-conducir-en-estado-de-ebriedad-en-queretaro-durante-el-fin-de-semana-largo\/#respond\"]}]},{\"@type\":\"WebPage\",\"@id\":\"https:\/\/www.nexoinformativo.mx\/index.php\/2024\/11\/04\/aumentan-detenciones-por-conducir-en-estado-de-ebriedad-en-queretaro-durante-el-fin-de-semana-largo\/\",\"url\":\"https:\/\/www.nexoinformativo.mx\/index.php\/2024\/11\/04\/aumentan-detenciones-por-conducir-en-estado-de-ebriedad-en-queretaro-durante-el-fin-de-semana-largo\/\",\"name\":\"Aumentan detenciones por conducir en estado de ebriedad en Quer\u00e9taro durante el fin de semana largo | Nexo Informativo Santiago de Quer\u00e9taro\",\"isPartOf\":{\"@id\":\"https:\/\/www.nexoinformativo.mx\/#website\"},\"primaryImageOfPage\":{\"@id\":\"https:\/\/www.nexoinformativo.mx\/index.php\/2024\/11\/04\/aumentan-detenciones-por-conducir-en-estado-de-ebriedad-en-queretaro-durante-el-fin-de-semana-largo\/#primaryimage\"},\"image\":{\"@id\":\"https:\/\/www.nexoinformativo.mx\/index.php\/2024\/11\/04\/aumentan-detenciones-por-conducir-en-estado-de-ebriedad-en-queretaro-durante-el-fin-de-semana-largo\/#primaryimage\"},\"thumbnailUrl\":\"https:\/\/www.nexoinformativo.mx\/wp-content\/uploads\/2024\/11\/PHOTO-2024-11-04-12-10-44-e1730745286442.jpg\",\"datePublished\":\"2024-11-04T17:11:27+00:00\",\"dateModified\":\"2024-11-04T18:38:02+00:00\",\"description\":\"Aumentan detenciones por conducir en estado de ebriedad en Quer\u00e9taro durante el fin de semana largo\",\"breadcrumb\":{\"@id\":\"https:\/\/www.nexoinformativo.mx\/index.php\/2024\/11\/04\/aumentan-detenciones-por-conducir-en-estado-de-ebriedad-en-queretaro-durante-el-fin-de-semana-largo\/#breadcrumb\"},\"inLanguage\":\"es\",\"potentialAction\":[{\"@type\":\"ReadAction\",\"target\":[\"https:\/\/www.nexoinformativo.mx\/index.php\/2024\/11\/04\/aumentan-detenciones-por-conducir-en-estado-de-ebriedad-en-queretaro-durante-el-fin-de-semana-largo\/\"]}]},{\"@type\":\"ImageObject\",\"inLanguage\":\"es\",\"@id\":\"https:\/\/www.nexoinformativo.mx\/index.php\/2024\/11\/04\/aumentan-detenciones-por-conducir-en-estado-de-ebriedad-en-queretaro-durante-el-fin-de-semana-largo\/#primaryimage\",\"url\":\"https:\/\/www.nexoinformativo.mx\/wp-content\/uploads\/2024\/11\/PHOTO-2024-11-04-12-10-44-e1730745286442.jpg\",\"contentUrl\":\"https:\/\/www.nexoinformativo.mx\/wp-content\/uploads\/2024\/11\/PHOTO-2024-11-04-12-10-44-e1730745286442.jpg\",\"width\":700,\"height\":875},{\"@type\":\"BreadcrumbList\",\"@id\":\"https:\/\/www.nexoinformativo.mx\/index.php\/2024\/11\/04\/aumentan-detenciones-por-conducir-en-estado-de-ebriedad-en-queretaro-durante-el-fin-de-semana-largo\/#breadcrumb\",\"itemListElement\":[{\"@type\":\"ListItem\",\"position\":1,\"name\":\"Inicio\",\"item\":\"https:\/\/www.nexoinformativo.mx\/\"},{\"@type\":\"ListItem\",\"position\":2,\"name\":\"Aumentan detenciones por conducir en estado de ebriedad en Quer\u00e9taro durante el fin de semana largo\"}]},{\"@type\":\"WebSite\",\"@id\":\"https:\/\/www.nexoinformativo.mx\/#website\",\"url\":\"https:\/\/www.nexoinformativo.mx\/\",\"name\":\"Nexo Informativo Santiago de Quer\u00e9taro\",\"description\":\"Explora NexoInformativo y convi\u00e9rtete en parte de una comunidad que valora el conocimiento y la verdad. Tu nexoinformativo es tu puente hacia una comprensi\u00f3n m\u00e1s profunda del mundo que te rodea.\",\"publisher\":{\"@id\":\"https:\/\/www.nexoinformativo.mx\/#organization\"},\"potentialAction\":[{\"@type\":\"SearchAction\",\"target\":{\"@type\":\"EntryPoint\",\"urlTemplate\":\"https:\/\/www.nexoinformativo.mx\/?s={search_term_string}\"},\"query-input\":{\"@type\":\"PropertyValueSpecification\",\"valueRequired\":true,\"valueName\":\"search_term_string\"}}],\"inLanguage\":\"es\"},{\"@type\":\"Organization\",\"@id\":\"https:\/\/www.nexoinformativo.mx\/#organization\",\"name\":\"Nexo Informativo Santiago de Quer\u00e9taro\",\"url\":\"https:\/\/www.nexoinformativo.mx\/\",\"logo\":{\"@type\":\"ImageObject\",\"inLanguage\":\"es\",\"@id\":\"https:\/\/www.nexoinformativo.mx\/#\/schema\/logo\/image\/\",\"url\":\"https:\/\/www.nexoinformativo.mx\/wp-content\/uploads\/2024\/07\/nexoi-trasparente-2.png\",\"contentUrl\":\"https:\/\/www.nexoinformativo.mx\/wp-content\/uploads\/2024\/07\/nexoi-trasparente-2.png\",\"width\":816,\"height\":339,\"caption\":\"Nexo Informativo Santiago de Quer\u00e9taro\"},\"image\":{\"@id\":\"https:\/\/www.nexoinformativo.mx\/#\/schema\/logo\/image\/\"},\"sameAs\":[\"https:\/\/www.facebook.com\/people\/Nexo-Informativo\/61564066885511\/\"]},{\"@type\":\"Person\",\"@id\":\"https:\/\/www.nexoinformativo.mx\/#\/schema\/person\/7749d380ba08c8ca00d7bc76fd907b7d\",\"name\":\"Nexo Informativo\",\"image\":{\"@type\":\"ImageObject\",\"inLanguage\":\"es\",\"@id\":\"https:\/\/www.nexoinformativo.mx\/#\/schema\/person\/image\/\",\"url\":\"https:\/\/secure.gravatar.com\/avatar\/dde2928154642a13d95f87ddf1ea9718fe2b46760a005c53e41ff5ad610704e6?s=96&d=mm&r=g\",\"contentUrl\":\"https:\/\/secure.gravatar.com\/avatar\/dde2928154642a13d95f87ddf1ea9718fe2b46760a005c53e41ff5ad610704e6?s=96&d=mm&r=g\",\"caption\":\"Nexo Informativo\"},\"url\":\"https:\/\/www.nexoinformativo.mx\/index.php\/author\/edicion\/\"}]}<\/script>\n<!-- \/ Yoast SEO plugin. -->","yoast_head_json":{"title":"Aumentan detenciones por conducir en estado de ebriedad en Quer\u00e9taro durante el fin de semana largo | Nexo Informativo Santiago de Quer\u00e9taro","description":"Aumentan detenciones por conducir en estado de ebriedad en Quer\u00e9taro durante el fin de semana largo","robots":{"index":"index","follow":"follow","max-snippet":"max-snippet:-1","max-image-preview":"max-image-preview:large","max-video-preview":"max-video-preview:-1"},"canonical":"https:\/\/www.nexoinformativo.mx\/index.php\/2024\/11\/04\/aumentan-detenciones-por-conducir-en-estado-de-ebriedad-en-queretaro-durante-el-fin-de-semana-largo\/","og_locale":"es_MX","og_type":"article","og_title":"Aumentan detenciones por conducir en estado de ebriedad en Quer\u00e9taro durante el fin de semana largo | Nexo Informativo Santiago de Quer\u00e9taro","og_description":"Aumentan detenciones por conducir en estado de ebriedad en Quer\u00e9taro durante el fin de semana largo","og_url":"https:\/\/www.nexoinformativo.mx\/index.php\/2024\/11\/04\/aumentan-detenciones-por-conducir-en-estado-de-ebriedad-en-queretaro-durante-el-fin-de-semana-largo\/","og_site_name":"Nexo Informativo Santiago de Quer\u00e9taro","article_publisher":"https:\/\/www.facebook.com\/people\/Nexo-Informativo\/61564066885511\/","article_published_time":"2024-11-04T17:11:27+00:00","article_modified_time":"2024-11-04T18:38:02+00:00","og_image":[{"width":700,"height":875,"url":"https:\/\/www.nexoinformativo.mx\/wp-content\/uploads\/2024\/11\/PHOTO-2024-11-04-12-10-44-e1730745286442.jpg","type":"image\/jpeg"}],"author":"Nexo Informativo","twitter_card":"summary_large_image","twitter_misc":{"Escrito por":"Nexo Informativo","Tiempo de lectura":"1 minuto"},"schema":{"@context":"https:\/\/schema.org","@graph":[{"@type":"Article","@id":"https:\/\/www.nexoinformativo.mx\/index.php\/2024\/11\/04\/aumentan-detenciones-por-conducir-en-estado-de-ebriedad-en-queretaro-durante-el-fin-de-semana-largo\/#article","isPartOf":{"@id":"https:\/\/www.nexoinformativo.mx\/index.php\/2024\/11\/04\/aumentan-detenciones-por-conducir-en-estado-de-ebriedad-en-queretaro-durante-el-fin-de-semana-largo\/"},"author":{"name":"Nexo Informativo","@id":"https:\/\/www.nexoinformativo.mx\/#\/schema\/person\/7749d380ba08c8ca00d7bc76fd907b7d"},"headline":"Aumentan detenciones por conducir en estado de ebriedad en Quer\u00e9taro durante el fin de semana largo","datePublished":"2024-11-04T17:11:27+00:00","dateModified":"2024-11-04T18:38:02+00:00","mainEntityOfPage":{"@id":"https:\/\/www.nexoinformativo.mx\/index.php\/2024\/11\/04\/aumentan-detenciones-por-conducir-en-estado-de-ebriedad-en-queretaro-durante-el-fin-de-semana-largo\/"},"wordCount":182,"commentCount":0,"publisher":{"@id":"https:\/\/www.nexoinformativo.mx\/#organization"},"image":{"@id":"https:\/\/www.nexoinformativo.mx\/index.php\/2024\/11\/04\/aumentan-detenciones-por-conducir-en-estado-de-ebriedad-en-queretaro-durante-el-fin-de-semana-largo\/#primaryimage"},"thumbnailUrl":"https:\/\/www.nexoinformativo.mx\/wp-content\/uploads\/2024\/11\/PHOTO-2024-11-04-12-10-44-e1730745286442.jpg","keywords":["Alcoholimetr\u00eda","JusticiaC\u00edvica","Quer\u00e9taro","seguridadvial"],"articleSection":["Sucesos","\u00daltima Hora"],"inLanguage":"es","potentialAction":[{"@type":"CommentAction","name":"Comment","target":["https:\/\/www.nexoinformativo.mx\/index.php\/2024\/11\/04\/aumentan-detenciones-por-conducir-en-estado-de-ebriedad-en-queretaro-durante-el-fin-de-semana-largo\/#respond"]}]},{"@type":"WebPage","@id":"https:\/\/www.nexoinformativo.mx\/index.php\/2024\/11\/04\/aumentan-detenciones-por-conducir-en-estado-de-ebriedad-en-queretaro-durante-el-fin-de-semana-largo\/","url":"https:\/\/www.nexoinformativo.mx\/index.php\/2024\/11\/04\/aumentan-detenciones-por-conducir-en-estado-de-ebriedad-en-queretaro-durante-el-fin-de-semana-largo\/","name":"Aumentan detenciones por conducir en estado de ebriedad en Quer\u00e9taro durante el fin de semana largo | Nexo Informativo Santiago de Quer\u00e9taro","isPartOf":{"@id":"https:\/\/www.nexoinformativo.mx\/#website"},"primaryImageOfPage":{"@id":"https:\/\/www.nexoinformativo.mx\/index.php\/2024\/11\/04\/aumentan-detenciones-por-conducir-en-estado-de-ebriedad-en-queretaro-durante-el-fin-de-semana-largo\/#primaryimage"},"image":{"@id":"https:\/\/www.nexoinformativo.mx\/index.php\/2024\/11\/04\/aumentan-detenciones-por-conducir-en-estado-de-ebriedad-en-queretaro-durante-el-fin-de-semana-largo\/#primaryimage"},"thumbnailUrl":"https:\/\/www.nexoinformativo.mx\/wp-content\/uploads\/2024\/11\/PHOTO-2024-11-04-12-10-44-e1730745286442.jpg","datePublished":"2024-11-04T17:11:27+00:00","dateModified":"2024-11-04T18:38:02+00:00","description":"Aumentan detenciones por conducir en estado de ebriedad en Quer\u00e9taro durante el fin de semana largo","breadcrumb":{"@id":"https:\/\/www.nexoinformativo.mx\/index.php\/2024\/11\/04\/aumentan-detenciones-por-conducir-en-estado-de-ebriedad-en-queretaro-durante-el-fin-de-semana-largo\/#breadcrumb"},"inLanguage":"es","potentialAction":[{"@type":"ReadAction","target":["https:\/\/www.nexoinformativo.mx\/index.php\/2024\/11\/04\/aumentan-detenciones-por-conducir-en-estado-de-ebriedad-en-queretaro-durante-el-fin-de-semana-largo\/"]}]},{"@type":"ImageObject","inLanguage":"es","@id":"https:\/\/www.nexoinformativo.mx\/index.php\/2024\/11\/04\/aumentan-detenciones-por-conducir-en-estado-de-ebriedad-en-queretaro-durante-el-fin-de-semana-largo\/#primaryimage","url":"https:\/\/www.nexoinformativo.mx\/wp-content\/uploads\/2024\/11\/PHOTO-2024-11-04-12-10-44-e1730745286442.jpg","contentUrl":"https:\/\/www.nexoinformativo.mx\/wp-content\/uploads\/2024\/11\/PHOTO-2024-11-04-12-10-44-e1730745286442.jpg","width":700,"height":875},{"@type":"BreadcrumbList","@id":"https:\/\/www.nexoinformativo.mx\/index.php\/2024\/11\/04\/aumentan-detenciones-por-conducir-en-estado-de-ebriedad-en-queretaro-durante-el-fin-de-semana-largo\/#breadcrumb","itemListElement":[{"@type":"ListItem","position":1,"name":"Inicio","item":"https:\/\/www.nexoinformativo.mx\/"},{"@type":"ListItem","position":2,"name":"Aumentan detenciones por conducir en estado de ebriedad en Quer\u00e9taro durante el fin de semana largo"}]},{"@type":"WebSite","@id":"https:\/\/www.nexoinformativo.mx\/#website","url":"https:\/\/www.nexoinformativo.mx\/","name":"Nexo Informativo Santiago de Quer\u00e9taro","description":"Explora NexoInformativo y convi\u00e9rtete en parte de una comunidad que valora el conocimiento y la verdad. Tu nexoinformativo es tu puente hacia una comprensi\u00f3n m\u00e1s profunda del mundo que te rodea.","publisher":{"@id":"https:\/\/www.nexoinformativo.mx\/#organization"},"potentialAction":[{"@type":"SearchAction","target":{"@type":"EntryPoint","urlTemplate":"https:\/\/www.nexoinformativo.mx\/?s={search_term_string}"},"query-input":{"@type":"PropertyValueSpecification","valueRequired":true,"valueName":"search_term_string"}}],"inLanguage":"es"},{"@type":"Organization","@id":"https:\/\/www.nexoinformativo.mx\/#organization","name":"Nexo Informativo Santiago de Quer\u00e9taro","url":"https:\/\/www.nexoinformativo.mx\/","logo":{"@type":"ImageObject","inLanguage":"es","@id":"https:\/\/www.nexoinformativo.mx\/#\/schema\/logo\/image\/","url":"https:\/\/www.nexoinformativo.mx\/wp-content\/uploads\/2024\/07\/nexoi-trasparente-2.png","contentUrl":"https:\/\/www.nexoinformativo.mx\/wp-content\/uploads\/2024\/07\/nexoi-trasparente-2.png","width":816,"height":339,"caption":"Nexo Informativo Santiago de Quer\u00e9taro"},"image":{"@id":"https:\/\/www.nexoinformativo.mx\/#\/schema\/logo\/image\/"},"sameAs":["https:\/\/www.facebook.com\/people\/Nexo-Informativo\/61564066885511\/"]},{"@type":"Person","@id":"https:\/\/www.nexoinformativo.mx\/#\/schema\/person\/7749d380ba08c8ca00d7bc76fd907b7d","name":"Nexo Informativo","image":{"@type":"ImageObject","inLanguage":"es","@id":"https:\/\/www.nexoinformativo.mx\/#\/schema\/person\/image\/","url":"https:\/\/secure.gravatar.com\/avatar\/dde2928154642a13d95f87ddf1ea9718fe2b46760a005c53e41ff5ad610704e6?s=96&d=mm&r=g","contentUrl":"https:\/\/secure.gravatar.com\/avatar\/dde2928154642a13d95f87ddf1ea9718fe2b46760a005c53e41ff5ad610704e6?s=96&d=mm&r=g","caption":"Nexo Informativo"},"url":"https:\/\/www.nexoinformativo.mx\/index.php\/author\/edicion\/"}]}},"_links":{"self":[{"href":"https:\/\/www.nexoinformativo.mx\/index.php\/wp-json\/wp\/v2\/posts\/5247","targetHints":{"allow":["GET"]}}],"collection":[{"href":"https:\/\/www.nexoinformativo.mx\/index.php\/wp-json\/wp\/v2\/posts"}],"about":[{"href":"https:\/\/www.nexoinformativo.mx\/index.php\/wp-json\/wp\/v2\/types\/post"}],"author":[{"embeddable":true,"href":"https:\/\/www.nexoinformativo.mx\/index.php\/wp-json\/wp\/v2\/users\/3"}],"replies":[{"embeddable":true,"href":"https:\/\/www.nexoinformativo.mx\/index.php\/wp-json\/wp\/v2\/comments?post=5247"}],"version-history":[{"count":4,"href":"https:\/\/www.nexoinformativo.mx\/index.php\/wp-json\/wp\/v2\/posts\/5247\/revisions"}],"predecessor-version":[{"id":5250,"href":"https:\/\/www.nexoinformativo.mx\/index.php\/wp-json\/wp\/v2\/posts\/5247\/revisions\/5250"}],"wp:featuredmedia":[{"embeddable":true,"href":"https:\/\/www.nexoinformativo.mx\/index.php\/wp-json\/wp\/v2\/media\/5249"}],"wp:attachment":[{"href":"https:\/\/www.nexoinformativo.mx\/index.php\/wp-json\/wp\/v2\/media?parent=5247"}],"wp:term":[{"taxonomy":"category","embeddable":true,"href":"https:\/\/www.nexoinformativo.mx\/index.php\/wp-json\/wp\/v2\/categories?post=5247"},{"taxonomy":"post_tag","embeddable":true,"href":"https:\/\/www.nexoinformativo.mx\/index.php\/wp-json\/wp\/v2\/tags?post=5247"}],"curies":[{"name":"wp","href":"https:\/\/api.w.org\/{rel}","templated":true}]}}