{"id":5309,"date":"2024-11-04T18:30:32","date_gmt":"2024-11-05T00:30:32","guid":{"rendered":"https:\/\/www.nexoinformativo.mx\/?p=5309"},"modified":"2024-11-04T18:57:22","modified_gmt":"2024-11-05T00:57:22","slug":"ivan-resendiz-anuncio-que-se-han-iniciado-12-procedimientos-administrativos-contra-exfuncionarios-de-ezequiel-montes","status":"publish","type":"post","link":"https:\/\/www.nexoinformativo.mx\/index.php\/2024\/11\/04\/ivan-resendiz-anuncio-que-se-han-iniciado-12-procedimientos-administrativos-contra-exfuncionarios-de-ezequiel-montes\/","title":{"rendered":"Iv\u00e1n Resendiz: Anunci\u00f3 que se han iniciado 12 procedimientos administrativos contra exfuncionarios de Ezequiel Montes"},"content":{"rendered":"<p style=\"text-align: justify;\" data-sourcepos=\"5:1-5:390\">El presidente municipal de Ezequiel Montes, Iv\u00e1n Resendiz, anunci\u00f3 que se han iniciado 12 procedimientos administrativos en contra de funcionarios de la administraci\u00f3n anterior. Estas acciones se derivan de diversas irregularidades detectadas en \u00e1reas como el rastro municipal, la planta de tratamiento de aguas residuales y la adquisici\u00f3n de patrullas.<\/p>\n<p>&nbsp;<\/p>\n<p style=\"text-align: justify;\" data-sourcepos=\"7:1-7:365\">Resendiz detall\u00f3 que los exfuncionarios ya han sido notificados de las observaciones en su contra y cuentan con un plazo para presentar las pruebas correspondientes. <strong>&#8220;Estamos siendo muy minuciosos en la revisi\u00f3n de las cuentas p\u00fablicas para garantizar que los recursos municipales se hayan utilizado de manera transparente y eficiente&#8221;<\/strong>, afirm\u00f3 el alcalde.<\/p>\n<p>&nbsp;<\/p>\n<p style=\"text-align: justify;\" data-sourcepos=\"9:1-9:276\">Las irregularidades detectadas podr\u00edan derivar en sanciones administrativas y, en algunos casos, en denuncias penales. El presidente municipal asegur\u00f3 que su administraci\u00f3n est\u00e1 comprometida con la rendici\u00f3n de cuentas y la transparencia en el manejo de los recursos p\u00fablicos.<\/p>\n<p>&nbsp;<\/p>\n<p style=\"text-align: justify;\" data-sourcepos=\"11:1-11:198\"><strong>&#8220;No permitiremos que nadie se aproveche de los recursos de los ciudadanos. Estamos trabajando para recuperar lo que se perdi\u00f3 y garantizar que esto no vuelva a ocurrir<\/strong>&#8220;, enfatiz\u00f3 Resendiz.<\/p>\n<p>&nbsp;<\/p>\n<p style=\"text-align: center;\" data-sourcepos=\"11:1-11:198\"><em><strong>\u00a1Informaci\u00f3n que transforma!<\/strong><\/em><\/p>\n","protected":false},"excerpt":{"rendered":"<p>El presidente municipal de Ezequiel Montes, Iv\u00e1n Resendiz, anunci\u00f3 que se han iniciado 12 procedimientos administrativos en contra de funcionarios de la administraci\u00f3n anterior.<\/p>\n","protected":false},"author":3,"featured_media":5310,"comment_status":"open","ping_status":"open","sticky":false,"template":"","format":"standard","meta":{"footnotes":""},"categories":[65,58],"tags":[1630,1293,572,1759],"class_list":["post-5309","post","type-post","status-publish","format-standard","has-post-thumbnail","hentry","category-municipios","category-ultima-hora","tag-corrupcion","tag-ezequielmontes","tag-rendiciondecuentas","tag-transparencia"],"yoast_head":"<!-- This site is optimized with the Yoast SEO plugin v25.0 - https:\/\/yoast.com\/wordpress\/plugins\/seo\/ -->\n<title>Iv\u00e1n Resendiz: Anunci\u00f3 que se han iniciado 12 procedimientos administrativos contra exfuncionarios de Ezequiel Montes | Nexo Informativo Santiago de Quer\u00e9taro<\/title>\n<meta name=\"description\" content=\"Iv\u00e1n Resendiz: Anunci\u00f3 que se han iniciado 12 procedimientos administrativos contra exfuncionarios de Ezequiel Montes\" \/>\n<meta name=\"robots\" content=\"index, follow, max-snippet:-1, max-image-preview:large, max-video-preview:-1\" \/>\n<link rel=\"canonical\" href=\"https:\/\/www.nexoinformativo.mx\/index.php\/2024\/11\/04\/ivan-resendiz-anuncio-que-se-han-iniciado-12-procedimientos-administrativos-contra-exfuncionarios-de-ezequiel-montes\/\" \/>\n<meta property=\"og:locale\" content=\"es_MX\" \/>\n<meta property=\"og:type\" content=\"article\" \/>\n<meta property=\"og:title\" content=\"Iv\u00e1n Resendiz: Anunci\u00f3 que se han iniciado 12 procedimientos administrativos contra exfuncionarios de Ezequiel Montes | Nexo Informativo Santiago de Quer\u00e9taro\" \/>\n<meta property=\"og:description\" content=\"Iv\u00e1n Resendiz: Anunci\u00f3 que se han iniciado 12 procedimientos administrativos contra exfuncionarios de Ezequiel Montes\" \/>\n<meta property=\"og:url\" content=\"https:\/\/www.nexoinformativo.mx\/index.php\/2024\/11\/04\/ivan-resendiz-anuncio-que-se-han-iniciado-12-procedimientos-administrativos-contra-exfuncionarios-de-ezequiel-montes\/\" \/>\n<meta property=\"og:site_name\" content=\"Nexo Informativo Santiago de Quer\u00e9taro\" \/>\n<meta property=\"article:publisher\" content=\"https:\/\/www.facebook.com\/people\/Nexo-Informativo\/61564066885511\/\" \/>\n<meta property=\"article:published_time\" content=\"2024-11-05T00:30:32+00:00\" \/>\n<meta property=\"article:modified_time\" content=\"2024-11-05T00:57:22+00:00\" \/>\n<meta property=\"og:image\" content=\"https:\/\/www.nexoinformativo.mx\/wp-content\/uploads\/2024\/11\/PHOTO-2024-11-04-18-17-02-e1730768129985.jpg\" \/>\n\t<meta property=\"og:image:width\" content=\"800\" \/>\n\t<meta property=\"og:image:height\" content=\"359\" \/>\n\t<meta property=\"og:image:type\" content=\"image\/jpeg\" \/>\n<meta name=\"author\" content=\"Nexo Informativo\" \/>\n<meta name=\"twitter:card\" content=\"summary_large_image\" \/>\n<meta name=\"twitter:label1\" content=\"Escrito por\" \/>\n\t<meta name=\"twitter:data1\" content=\"Nexo Informativo\" \/>\n\t<meta name=\"twitter:label2\" content=\"Tiempo de lectura\" \/>\n\t<meta name=\"twitter:data2\" content=\"2 minutos\" \/>\n<script type=\"application\/ld+json\" class=\"yoast-schema-graph\">{\"@context\":\"https:\/\/schema.org\",\"@graph\":[{\"@type\":\"Article\",\"@id\":\"https:\/\/www.nexoinformativo.mx\/index.php\/2024\/11\/04\/ivan-resendiz-anuncio-que-se-han-iniciado-12-procedimientos-administrativos-contra-exfuncionarios-de-ezequiel-montes\/#article\",\"isPartOf\":{\"@id\":\"https:\/\/www.nexoinformativo.mx\/index.php\/2024\/11\/04\/ivan-resendiz-anuncio-que-se-han-iniciado-12-procedimientos-administrativos-contra-exfuncionarios-de-ezequiel-montes\/\"},\"author\":{\"name\":\"Nexo Informativo\",\"@id\":\"https:\/\/www.nexoinformativo.mx\/#\/schema\/person\/7749d380ba08c8ca00d7bc76fd907b7d\"},\"headline\":\"Iv\u00e1n Resendiz: Anunci\u00f3 que se han iniciado 12 procedimientos administrativos contra exfuncionarios de Ezequiel Montes\",\"datePublished\":\"2024-11-05T00:30:32+00:00\",\"dateModified\":\"2024-11-05T00:57:22+00:00\",\"mainEntityOfPage\":{\"@id\":\"https:\/\/www.nexoinformativo.mx\/index.php\/2024\/11\/04\/ivan-resendiz-anuncio-que-se-han-iniciado-12-procedimientos-administrativos-contra-exfuncionarios-de-ezequiel-montes\/\"},\"wordCount\":203,\"commentCount\":0,\"publisher\":{\"@id\":\"https:\/\/www.nexoinformativo.mx\/#organization\"},\"image\":{\"@id\":\"https:\/\/www.nexoinformativo.mx\/index.php\/2024\/11\/04\/ivan-resendiz-anuncio-que-se-han-iniciado-12-procedimientos-administrativos-contra-exfuncionarios-de-ezequiel-montes\/#primaryimage\"},\"thumbnailUrl\":\"https:\/\/www.nexoinformativo.mx\/wp-content\/uploads\/2024\/11\/PHOTO-2024-11-04-18-17-02-e1730768129985.jpg\",\"keywords\":[\"Corrupci\u00f3n\",\"EzequielMontes\",\"Rendici\u00f3nDeCuentas\",\"Transparencia\"],\"articleSection\":[\"Municipios\",\"\u00daltima Hora\"],\"inLanguage\":\"es\",\"potentialAction\":[{\"@type\":\"CommentAction\",\"name\":\"Comment\",\"target\":[\"https:\/\/www.nexoinformativo.mx\/index.php\/2024\/11\/04\/ivan-resendiz-anuncio-que-se-han-iniciado-12-procedimientos-administrativos-contra-exfuncionarios-de-ezequiel-montes\/#respond\"]}]},{\"@type\":\"WebPage\",\"@id\":\"https:\/\/www.nexoinformativo.mx\/index.php\/2024\/11\/04\/ivan-resendiz-anuncio-que-se-han-iniciado-12-procedimientos-administrativos-contra-exfuncionarios-de-ezequiel-montes\/\",\"url\":\"https:\/\/www.nexoinformativo.mx\/index.php\/2024\/11\/04\/ivan-resendiz-anuncio-que-se-han-iniciado-12-procedimientos-administrativos-contra-exfuncionarios-de-ezequiel-montes\/\",\"name\":\"Iv\u00e1n Resendiz: Anunci\u00f3 que se han iniciado 12 procedimientos administrativos contra exfuncionarios de Ezequiel Montes | Nexo Informativo Santiago de Quer\u00e9taro\",\"isPartOf\":{\"@id\":\"https:\/\/www.nexoinformativo.mx\/#website\"},\"primaryImageOfPage\":{\"@id\":\"https:\/\/www.nexoinformativo.mx\/index.php\/2024\/11\/04\/ivan-resendiz-anuncio-que-se-han-iniciado-12-procedimientos-administrativos-contra-exfuncionarios-de-ezequiel-montes\/#primaryimage\"},\"image\":{\"@id\":\"https:\/\/www.nexoinformativo.mx\/index.php\/2024\/11\/04\/ivan-resendiz-anuncio-que-se-han-iniciado-12-procedimientos-administrativos-contra-exfuncionarios-de-ezequiel-montes\/#primaryimage\"},\"thumbnailUrl\":\"https:\/\/www.nexoinformativo.mx\/wp-content\/uploads\/2024\/11\/PHOTO-2024-11-04-18-17-02-e1730768129985.jpg\",\"datePublished\":\"2024-11-05T00:30:32+00:00\",\"dateModified\":\"2024-11-05T00:57:22+00:00\",\"description\":\"Iv\u00e1n Resendiz: Anunci\u00f3 que se han iniciado 12 procedimientos administrativos contra exfuncionarios de Ezequiel Montes\",\"breadcrumb\":{\"@id\":\"https:\/\/www.nexoinformativo.mx\/index.php\/2024\/11\/04\/ivan-resendiz-anuncio-que-se-han-iniciado-12-procedimientos-administrativos-contra-exfuncionarios-de-ezequiel-montes\/#breadcrumb\"},\"inLanguage\":\"es\",\"potentialAction\":[{\"@type\":\"ReadAction\",\"target\":[\"https:\/\/www.nexoinformativo.mx\/index.php\/2024\/11\/04\/ivan-resendiz-anuncio-que-se-han-iniciado-12-procedimientos-administrativos-contra-exfuncionarios-de-ezequiel-montes\/\"]}]},{\"@type\":\"ImageObject\",\"inLanguage\":\"es\",\"@id\":\"https:\/\/www.nexoinformativo.mx\/index.php\/2024\/11\/04\/ivan-resendiz-anuncio-que-se-han-iniciado-12-procedimientos-administrativos-contra-exfuncionarios-de-ezequiel-montes\/#primaryimage\",\"url\":\"https:\/\/www.nexoinformativo.mx\/wp-content\/uploads\/2024\/11\/PHOTO-2024-11-04-18-17-02-e1730768129985.jpg\",\"contentUrl\":\"https:\/\/www.nexoinformativo.mx\/wp-content\/uploads\/2024\/11\/PHOTO-2024-11-04-18-17-02-e1730768129985.jpg\",\"width\":800,\"height\":359},{\"@type\":\"BreadcrumbList\",\"@id\":\"https:\/\/www.nexoinformativo.mx\/index.php\/2024\/11\/04\/ivan-resendiz-anuncio-que-se-han-iniciado-12-procedimientos-administrativos-contra-exfuncionarios-de-ezequiel-montes\/#breadcrumb\",\"itemListElement\":[{\"@type\":\"ListItem\",\"position\":1,\"name\":\"Inicio\",\"item\":\"https:\/\/www.nexoinformativo.mx\/\"},{\"@type\":\"ListItem\",\"position\":2,\"name\":\"Iv\u00e1n Resendiz: Anunci\u00f3 que se han iniciado 12 procedimientos administrativos contra exfuncionarios de Ezequiel Montes\"}]},{\"@type\":\"WebSite\",\"@id\":\"https:\/\/www.nexoinformativo.mx\/#website\",\"url\":\"https:\/\/www.nexoinformativo.mx\/\",\"name\":\"Nexo Informativo Santiago de Quer\u00e9taro\",\"description\":\"Explora NexoInformativo y convi\u00e9rtete en parte de una comunidad que valora el conocimiento y la verdad. Tu nexoinformativo es tu puente hacia una comprensi\u00f3n m\u00e1s profunda del mundo que te rodea.\",\"publisher\":{\"@id\":\"https:\/\/www.nexoinformativo.mx\/#organization\"},\"potentialAction\":[{\"@type\":\"SearchAction\",\"target\":{\"@type\":\"EntryPoint\",\"urlTemplate\":\"https:\/\/www.nexoinformativo.mx\/?s={search_term_string}\"},\"query-input\":{\"@type\":\"PropertyValueSpecification\",\"valueRequired\":true,\"valueName\":\"search_term_string\"}}],\"inLanguage\":\"es\"},{\"@type\":\"Organization\",\"@id\":\"https:\/\/www.nexoinformativo.mx\/#organization\",\"name\":\"Nexo Informativo Santiago de Quer\u00e9taro\",\"url\":\"https:\/\/www.nexoinformativo.mx\/\",\"logo\":{\"@type\":\"ImageObject\",\"inLanguage\":\"es\",\"@id\":\"https:\/\/www.nexoinformativo.mx\/#\/schema\/logo\/image\/\",\"url\":\"https:\/\/www.nexoinformativo.mx\/wp-content\/uploads\/2024\/07\/nexoi-trasparente-2.png\",\"contentUrl\":\"https:\/\/www.nexoinformativo.mx\/wp-content\/uploads\/2024\/07\/nexoi-trasparente-2.png\",\"width\":816,\"height\":339,\"caption\":\"Nexo Informativo Santiago de Quer\u00e9taro\"},\"image\":{\"@id\":\"https:\/\/www.nexoinformativo.mx\/#\/schema\/logo\/image\/\"},\"sameAs\":[\"https:\/\/www.facebook.com\/people\/Nexo-Informativo\/61564066885511\/\"]},{\"@type\":\"Person\",\"@id\":\"https:\/\/www.nexoinformativo.mx\/#\/schema\/person\/7749d380ba08c8ca00d7bc76fd907b7d\",\"name\":\"Nexo Informativo\",\"image\":{\"@type\":\"ImageObject\",\"inLanguage\":\"es\",\"@id\":\"https:\/\/www.nexoinformativo.mx\/#\/schema\/person\/image\/\",\"url\":\"https:\/\/secure.gravatar.com\/avatar\/dde2928154642a13d95f87ddf1ea9718fe2b46760a005c53e41ff5ad610704e6?s=96&d=mm&r=g\",\"contentUrl\":\"https:\/\/secure.gravatar.com\/avatar\/dde2928154642a13d95f87ddf1ea9718fe2b46760a005c53e41ff5ad610704e6?s=96&d=mm&r=g\",\"caption\":\"Nexo Informativo\"},\"url\":\"https:\/\/www.nexoinformativo.mx\/index.php\/author\/edicion\/\"}]}<\/script>\n<!-- \/ Yoast SEO plugin. -->","yoast_head_json":{"title":"Iv\u00e1n Resendiz: Anunci\u00f3 que se han iniciado 12 procedimientos administrativos contra exfuncionarios de Ezequiel Montes | Nexo Informativo Santiago de Quer\u00e9taro","description":"Iv\u00e1n Resendiz: Anunci\u00f3 que se han iniciado 12 procedimientos administrativos contra exfuncionarios de Ezequiel Montes","robots":{"index":"index","follow":"follow","max-snippet":"max-snippet:-1","max-image-preview":"max-image-preview:large","max-video-preview":"max-video-preview:-1"},"canonical":"https:\/\/www.nexoinformativo.mx\/index.php\/2024\/11\/04\/ivan-resendiz-anuncio-que-se-han-iniciado-12-procedimientos-administrativos-contra-exfuncionarios-de-ezequiel-montes\/","og_locale":"es_MX","og_type":"article","og_title":"Iv\u00e1n Resendiz: Anunci\u00f3 que se han iniciado 12 procedimientos administrativos contra exfuncionarios de Ezequiel Montes | Nexo Informativo Santiago de Quer\u00e9taro","og_description":"Iv\u00e1n Resendiz: Anunci\u00f3 que se han iniciado 12 procedimientos administrativos contra exfuncionarios de Ezequiel Montes","og_url":"https:\/\/www.nexoinformativo.mx\/index.php\/2024\/11\/04\/ivan-resendiz-anuncio-que-se-han-iniciado-12-procedimientos-administrativos-contra-exfuncionarios-de-ezequiel-montes\/","og_site_name":"Nexo Informativo Santiago de Quer\u00e9taro","article_publisher":"https:\/\/www.facebook.com\/people\/Nexo-Informativo\/61564066885511\/","article_published_time":"2024-11-05T00:30:32+00:00","article_modified_time":"2024-11-05T00:57:22+00:00","og_image":[{"width":800,"height":359,"url":"https:\/\/www.nexoinformativo.mx\/wp-content\/uploads\/2024\/11\/PHOTO-2024-11-04-18-17-02-e1730768129985.jpg","type":"image\/jpeg"}],"author":"Nexo Informativo","twitter_card":"summary_large_image","twitter_misc":{"Escrito por":"Nexo Informativo","Tiempo de lectura":"2 minutos"},"schema":{"@context":"https:\/\/schema.org","@graph":[{"@type":"Article","@id":"https:\/\/www.nexoinformativo.mx\/index.php\/2024\/11\/04\/ivan-resendiz-anuncio-que-se-han-iniciado-12-procedimientos-administrativos-contra-exfuncionarios-de-ezequiel-montes\/#article","isPartOf":{"@id":"https:\/\/www.nexoinformativo.mx\/index.php\/2024\/11\/04\/ivan-resendiz-anuncio-que-se-han-iniciado-12-procedimientos-administrativos-contra-exfuncionarios-de-ezequiel-montes\/"},"author":{"name":"Nexo Informativo","@id":"https:\/\/www.nexoinformativo.mx\/#\/schema\/person\/7749d380ba08c8ca00d7bc76fd907b7d"},"headline":"Iv\u00e1n Resendiz: Anunci\u00f3 que se han iniciado 12 procedimientos administrativos contra exfuncionarios de Ezequiel Montes","datePublished":"2024-11-05T00:30:32+00:00","dateModified":"2024-11-05T00:57:22+00:00","mainEntityOfPage":{"@id":"https:\/\/www.nexoinformativo.mx\/index.php\/2024\/11\/04\/ivan-resendiz-anuncio-que-se-han-iniciado-12-procedimientos-administrativos-contra-exfuncionarios-de-ezequiel-montes\/"},"wordCount":203,"commentCount":0,"publisher":{"@id":"https:\/\/www.nexoinformativo.mx\/#organization"},"image":{"@id":"https:\/\/www.nexoinformativo.mx\/index.php\/2024\/11\/04\/ivan-resendiz-anuncio-que-se-han-iniciado-12-procedimientos-administrativos-contra-exfuncionarios-de-ezequiel-montes\/#primaryimage"},"thumbnailUrl":"https:\/\/www.nexoinformativo.mx\/wp-content\/uploads\/2024\/11\/PHOTO-2024-11-04-18-17-02-e1730768129985.jpg","keywords":["Corrupci\u00f3n","EzequielMontes","Rendici\u00f3nDeCuentas","Transparencia"],"articleSection":["Municipios","\u00daltima Hora"],"inLanguage":"es","potentialAction":[{"@type":"CommentAction","name":"Comment","target":["https:\/\/www.nexoinformativo.mx\/index.php\/2024\/11\/04\/ivan-resendiz-anuncio-que-se-han-iniciado-12-procedimientos-administrativos-contra-exfuncionarios-de-ezequiel-montes\/#respond"]}]},{"@type":"WebPage","@id":"https:\/\/www.nexoinformativo.mx\/index.php\/2024\/11\/04\/ivan-resendiz-anuncio-que-se-han-iniciado-12-procedimientos-administrativos-contra-exfuncionarios-de-ezequiel-montes\/","url":"https:\/\/www.nexoinformativo.mx\/index.php\/2024\/11\/04\/ivan-resendiz-anuncio-que-se-han-iniciado-12-procedimientos-administrativos-contra-exfuncionarios-de-ezequiel-montes\/","name":"Iv\u00e1n Resendiz: Anunci\u00f3 que se han iniciado 12 procedimientos administrativos contra exfuncionarios de Ezequiel Montes | Nexo Informativo Santiago de Quer\u00e9taro","isPartOf":{"@id":"https:\/\/www.nexoinformativo.mx\/#website"},"primaryImageOfPage":{"@id":"https:\/\/www.nexoinformativo.mx\/index.php\/2024\/11\/04\/ivan-resendiz-anuncio-que-se-han-iniciado-12-procedimientos-administrativos-contra-exfuncionarios-de-ezequiel-montes\/#primaryimage"},"image":{"@id":"https:\/\/www.nexoinformativo.mx\/index.php\/2024\/11\/04\/ivan-resendiz-anuncio-que-se-han-iniciado-12-procedimientos-administrativos-contra-exfuncionarios-de-ezequiel-montes\/#primaryimage"},"thumbnailUrl":"https:\/\/www.nexoinformativo.mx\/wp-content\/uploads\/2024\/11\/PHOTO-2024-11-04-18-17-02-e1730768129985.jpg","datePublished":"2024-11-05T00:30:32+00:00","dateModified":"2024-11-05T00:57:22+00:00","description":"Iv\u00e1n Resendiz: Anunci\u00f3 que se han iniciado 12 procedimientos administrativos contra exfuncionarios de Ezequiel Montes","breadcrumb":{"@id":"https:\/\/www.nexoinformativo.mx\/index.php\/2024\/11\/04\/ivan-resendiz-anuncio-que-se-han-iniciado-12-procedimientos-administrativos-contra-exfuncionarios-de-ezequiel-montes\/#breadcrumb"},"inLanguage":"es","potentialAction":[{"@type":"ReadAction","target":["https:\/\/www.nexoinformativo.mx\/index.php\/2024\/11\/04\/ivan-resendiz-anuncio-que-se-han-iniciado-12-procedimientos-administrativos-contra-exfuncionarios-de-ezequiel-montes\/"]}]},{"@type":"ImageObject","inLanguage":"es","@id":"https:\/\/www.nexoinformativo.mx\/index.php\/2024\/11\/04\/ivan-resendiz-anuncio-que-se-han-iniciado-12-procedimientos-administrativos-contra-exfuncionarios-de-ezequiel-montes\/#primaryimage","url":"https:\/\/www.nexoinformativo.mx\/wp-content\/uploads\/2024\/11\/PHOTO-2024-11-04-18-17-02-e1730768129985.jpg","contentUrl":"https:\/\/www.nexoinformativo.mx\/wp-content\/uploads\/2024\/11\/PHOTO-2024-11-04-18-17-02-e1730768129985.jpg","width":800,"height":359},{"@type":"BreadcrumbList","@id":"https:\/\/www.nexoinformativo.mx\/index.php\/2024\/11\/04\/ivan-resendiz-anuncio-que-se-han-iniciado-12-procedimientos-administrativos-contra-exfuncionarios-de-ezequiel-montes\/#breadcrumb","itemListElement":[{"@type":"ListItem","position":1,"name":"Inicio","item":"https:\/\/www.nexoinformativo.mx\/"},{"@type":"ListItem","position":2,"name":"Iv\u00e1n Resendiz: Anunci\u00f3 que se han iniciado 12 procedimientos administrativos contra exfuncionarios de Ezequiel Montes"}]},{"@type":"WebSite","@id":"https:\/\/www.nexoinformativo.mx\/#website","url":"https:\/\/www.nexoinformativo.mx\/","name":"Nexo Informativo Santiago de Quer\u00e9taro","description":"Explora NexoInformativo y convi\u00e9rtete en parte de una comunidad que valora el conocimiento y la verdad. Tu nexoinformativo es tu puente hacia una comprensi\u00f3n m\u00e1s profunda del mundo que te rodea.","publisher":{"@id":"https:\/\/www.nexoinformativo.mx\/#organization"},"potentialAction":[{"@type":"SearchAction","target":{"@type":"EntryPoint","urlTemplate":"https:\/\/www.nexoinformativo.mx\/?s={search_term_string}"},"query-input":{"@type":"PropertyValueSpecification","valueRequired":true,"valueName":"search_term_string"}}],"inLanguage":"es"},{"@type":"Organization","@id":"https:\/\/www.nexoinformativo.mx\/#organization","name":"Nexo Informativo Santiago de Quer\u00e9taro","url":"https:\/\/www.nexoinformativo.mx\/","logo":{"@type":"ImageObject","inLanguage":"es","@id":"https:\/\/www.nexoinformativo.mx\/#\/schema\/logo\/image\/","url":"https:\/\/www.nexoinformativo.mx\/wp-content\/uploads\/2024\/07\/nexoi-trasparente-2.png","contentUrl":"https:\/\/www.nexoinformativo.mx\/wp-content\/uploads\/2024\/07\/nexoi-trasparente-2.png","width":816,"height":339,"caption":"Nexo Informativo Santiago de Quer\u00e9taro"},"image":{"@id":"https:\/\/www.nexoinformativo.mx\/#\/schema\/logo\/image\/"},"sameAs":["https:\/\/www.facebook.com\/people\/Nexo-Informativo\/61564066885511\/"]},{"@type":"Person","@id":"https:\/\/www.nexoinformativo.mx\/#\/schema\/person\/7749d380ba08c8ca00d7bc76fd907b7d","name":"Nexo Informativo","image":{"@type":"ImageObject","inLanguage":"es","@id":"https:\/\/www.nexoinformativo.mx\/#\/schema\/person\/image\/","url":"https:\/\/secure.gravatar.com\/avatar\/dde2928154642a13d95f87ddf1ea9718fe2b46760a005c53e41ff5ad610704e6?s=96&d=mm&r=g","contentUrl":"https:\/\/secure.gravatar.com\/avatar\/dde2928154642a13d95f87ddf1ea9718fe2b46760a005c53e41ff5ad610704e6?s=96&d=mm&r=g","caption":"Nexo Informativo"},"url":"https:\/\/www.nexoinformativo.mx\/index.php\/author\/edicion\/"}]}},"_links":{"self":[{"href":"https:\/\/www.nexoinformativo.mx\/index.php\/wp-json\/wp\/v2\/posts\/5309","targetHints":{"allow":["GET"]}}],"collection":[{"href":"https:\/\/www.nexoinformativo.mx\/index.php\/wp-json\/wp\/v2\/posts"}],"about":[{"href":"https:\/\/www.nexoinformativo.mx\/index.php\/wp-json\/wp\/v2\/types\/post"}],"author":[{"embeddable":true,"href":"https:\/\/www.nexoinformativo.mx\/index.php\/wp-json\/wp\/v2\/users\/3"}],"replies":[{"embeddable":true,"href":"https:\/\/www.nexoinformativo.mx\/index.php\/wp-json\/wp\/v2\/comments?post=5309"}],"version-history":[{"count":5,"href":"https:\/\/www.nexoinformativo.mx\/index.php\/wp-json\/wp\/v2\/posts\/5309\/revisions"}],"predecessor-version":[{"id":5315,"href":"https:\/\/www.nexoinformativo.mx\/index.php\/wp-json\/wp\/v2\/posts\/5309\/revisions\/5315"}],"wp:featuredmedia":[{"embeddable":true,"href":"https:\/\/www.nexoinformativo.mx\/index.php\/wp-json\/wp\/v2\/media\/5310"}],"wp:attachment":[{"href":"https:\/\/www.nexoinformativo.mx\/index.php\/wp-json\/wp\/v2\/media?parent=5309"}],"wp:term":[{"taxonomy":"category","embeddable":true,"href":"https:\/\/www.nexoinformativo.mx\/index.php\/wp-json\/wp\/v2\/categories?post=5309"},{"taxonomy":"post_tag","embeddable":true,"href":"https:\/\/www.nexoinformativo.mx\/index.php\/wp-json\/wp\/v2\/tags?post=5309"}],"curies":[{"name":"wp","href":"https:\/\/api.w.org\/{rel}","templated":true}]}}