{"id":5324,"date":"2024-11-04T19:00:42","date_gmt":"2024-11-05T01:00:42","guid":{"rendered":"https:\/\/www.nexoinformativo.mx\/?p=5324"},"modified":"2024-11-04T20:17:27","modified_gmt":"2024-11-05T02:17:27","slug":"felifer-macias-entrega-obras-en-la-colonia-el-granjenal-y-destaca-compromiso-con-la-ciudadania","status":"publish","type":"post","link":"https:\/\/www.nexoinformativo.mx\/index.php\/2024\/11\/04\/felifer-macias-entrega-obras-en-la-colonia-el-granjenal-y-destaca-compromiso-con-la-ciudadania\/","title":{"rendered":"Felifer Mac\u00edas entrega obras en la colonia El Granjenal y destaca compromiso con la ciudadan\u00eda"},"content":{"rendered":"<p style=\"text-align: justify;\" data-sourcepos=\"5:1-5:413\">El presidente municipal de Quer\u00e9taro, Felifer Mac\u00edas, realiz\u00f3 una gira de trabajo en la colonia El Granjenal, donde entreg\u00f3 la obra de rehabilitaci\u00f3n de la calle Guadalupe y supervis\u00f3 el avance de otras obras de infraestructura. Con una inversi\u00f3n total de 22.7 millones de pesos, estas acciones buscan mejorar significativamente las condiciones de vida de los habitantes de la zona.<\/p>\n<p>&nbsp;<\/p>\n<p style=\"text-align: justify;\" data-sourcepos=\"7:1-7:434\">Durante el evento, el alcalde destac\u00f3 el compromiso de su administraci\u00f3n con la entrega de resultados tangibles y la atenci\u00f3n a las necesidades de la ciudadan\u00eda. <strong>&#8220;Es para m\u00ed un gusto enorme venir a entregar esta obra que dignifica la zona y que es el inicio de muchas cosas m\u00e1s que se deben de hacer&#8221;<\/strong>, expres\u00f3 Mac\u00edas, enfatizando su intenci\u00f3n de cumplir las promesas de campa\u00f1a y trabajar de manera cercana con la comunidad.<\/p>\n<p>&nbsp;<\/p>\n<p style=\"text-align: justify;\" data-sourcepos=\"11:1-11:253\">La obra de rehabilitaci\u00f3n de la calle Guadalupe, con una inversi\u00f3n de 9.3 millones de pesos, beneficiar\u00e1 a m\u00e1s de mil habitantes. Los trabajos incluyeron la construcci\u00f3n de banquetas, guarniciones, pozos de visita y la reparaci\u00f3n de tomas domiciliarias.<\/p>\n<p>&nbsp;<\/p>\n<p style=\"text-align: justify;\" data-sourcepos=\"13:1-13:224\">Asimismo, se iniciaron obras de drenaje y agua potable en varias calles de la colonia, con una inversi\u00f3n adicional de 13.4 millones de pesos. Estas acciones permitir\u00e1n mejorar la calidad de vida de m\u00e1s de mil 200 habitantes.<\/p>\n<p>&nbsp;<\/p>\n<p style=\"text-align: justify;\" data-sourcepos=\"17:1-17:322\">El alcalde tambi\u00e9n anunci\u00f3 que en las pr\u00f3ximas semanas se llevar\u00e1 a cabo una consulta ciudadana para que los ciudadanos participen en la definici\u00f3n de las obras que se realizar\u00e1n en el municipio durante el pr\u00f3ximo a\u00f1o. &#8220;Queremos que sean los ciudadanos quienes decidan cu\u00e1les son sus prioridades&#8221;, afirm\u00f3 Mac\u00edas.<\/p>\n<p>&nbsp;<\/p>\n<p style=\"text-align: center;\" data-sourcepos=\"17:1-17:322\"><em><strong>\u00a1Informaci\u00f3n que transforma!<\/strong><\/em><\/p>\n","protected":false},"excerpt":{"rendered":"<p>El presidente municipal de Quer\u00e9taro, Felifer Mac\u00edas, realiz\u00f3 una gira de trabajo en la colonia El Granjenal, donde entreg\u00f3 la obra de rehabilitaci\u00f3n de la calle Guadalupe y supervis\u00f3 el avance de otras obras de infraestructura.<\/p>\n","protected":false},"author":3,"featured_media":5325,"comment_status":"open","ping_status":"open","sticky":false,"template":"","format":"standard","meta":{"footnotes":""},"categories":[65,58],"tags":[1855,1000,644,133],"class_list":["post-5324","post","type-post","status-publish","format-standard","has-post-thumbnail","hentry","category-municipios","category-ultima-hora","tag-elgranjenal","tag-felifermacias","tag-obraspublicas","tag-queretaro"],"yoast_head":"<!-- This site is optimized with the Yoast SEO plugin v25.0 - https:\/\/yoast.com\/wordpress\/plugins\/seo\/ -->\n<title>Felifer Mac\u00edas entrega obras en la colonia El Granjenal y destaca compromiso con la ciudadan\u00eda | Nexo Informativo Santiago de Quer\u00e9taro<\/title>\n<meta name=\"description\" content=\"Felifer Mac\u00edas entrega obras en la colonia El Granjenal y destaca compromiso con la ciudadan\u00eda\" \/>\n<meta name=\"robots\" content=\"index, follow, max-snippet:-1, max-image-preview:large, max-video-preview:-1\" \/>\n<link rel=\"canonical\" href=\"https:\/\/www.nexoinformativo.mx\/index.php\/2024\/11\/04\/felifer-macias-entrega-obras-en-la-colonia-el-granjenal-y-destaca-compromiso-con-la-ciudadania\/\" \/>\n<meta property=\"og:locale\" content=\"es_MX\" \/>\n<meta property=\"og:type\" content=\"article\" \/>\n<meta property=\"og:title\" content=\"Felifer Mac\u00edas entrega obras en la colonia El Granjenal y destaca compromiso con la ciudadan\u00eda | Nexo Informativo Santiago de Quer\u00e9taro\" \/>\n<meta property=\"og:description\" content=\"Felifer Mac\u00edas entrega obras en la colonia El Granjenal y destaca compromiso con la ciudadan\u00eda\" \/>\n<meta property=\"og:url\" content=\"https:\/\/www.nexoinformativo.mx\/index.php\/2024\/11\/04\/felifer-macias-entrega-obras-en-la-colonia-el-granjenal-y-destaca-compromiso-con-la-ciudadania\/\" \/>\n<meta property=\"og:site_name\" content=\"Nexo Informativo Santiago de Quer\u00e9taro\" \/>\n<meta property=\"article:publisher\" content=\"https:\/\/www.facebook.com\/people\/Nexo-Informativo\/61564066885511\/\" \/>\n<meta property=\"article:published_time\" content=\"2024-11-05T01:00:42+00:00\" \/>\n<meta property=\"article:modified_time\" content=\"2024-11-05T02:17:27+00:00\" \/>\n<meta property=\"og:image\" content=\"https:\/\/www.nexoinformativo.mx\/wp-content\/uploads\/2024\/11\/PHOTO-2024-11-04-18-16-12-e1730772820832.jpg\" \/>\n\t<meta property=\"og:image:width\" content=\"700\" \/>\n\t<meta property=\"og:image:height\" content=\"875\" \/>\n\t<meta property=\"og:image:type\" content=\"image\/jpeg\" \/>\n<meta name=\"author\" content=\"Nexo Informativo\" \/>\n<meta name=\"twitter:card\" content=\"summary_large_image\" \/>\n<meta name=\"twitter:label1\" content=\"Escrito por\" \/>\n\t<meta name=\"twitter:data1\" content=\"Nexo Informativo\" \/>\n\t<meta name=\"twitter:label2\" content=\"Tiempo de lectura\" \/>\n\t<meta name=\"twitter:data2\" content=\"2 minutos\" \/>\n<script type=\"application\/ld+json\" class=\"yoast-schema-graph\">{\"@context\":\"https:\/\/schema.org\",\"@graph\":[{\"@type\":\"Article\",\"@id\":\"https:\/\/www.nexoinformativo.mx\/index.php\/2024\/11\/04\/felifer-macias-entrega-obras-en-la-colonia-el-granjenal-y-destaca-compromiso-con-la-ciudadania\/#article\",\"isPartOf\":{\"@id\":\"https:\/\/www.nexoinformativo.mx\/index.php\/2024\/11\/04\/felifer-macias-entrega-obras-en-la-colonia-el-granjenal-y-destaca-compromiso-con-la-ciudadania\/\"},\"author\":{\"name\":\"Nexo Informativo\",\"@id\":\"https:\/\/www.nexoinformativo.mx\/#\/schema\/person\/7749d380ba08c8ca00d7bc76fd907b7d\"},\"headline\":\"Felifer Mac\u00edas entrega obras en la colonia El Granjenal y destaca compromiso con la ciudadan\u00eda\",\"datePublished\":\"2024-11-05T01:00:42+00:00\",\"dateModified\":\"2024-11-05T02:17:27+00:00\",\"mainEntityOfPage\":{\"@id\":\"https:\/\/www.nexoinformativo.mx\/index.php\/2024\/11\/04\/felifer-macias-entrega-obras-en-la-colonia-el-granjenal-y-destaca-compromiso-con-la-ciudadania\/\"},\"wordCount\":310,\"commentCount\":0,\"publisher\":{\"@id\":\"https:\/\/www.nexoinformativo.mx\/#organization\"},\"image\":{\"@id\":\"https:\/\/www.nexoinformativo.mx\/index.php\/2024\/11\/04\/felifer-macias-entrega-obras-en-la-colonia-el-granjenal-y-destaca-compromiso-con-la-ciudadania\/#primaryimage\"},\"thumbnailUrl\":\"https:\/\/www.nexoinformativo.mx\/wp-content\/uploads\/2024\/11\/PHOTO-2024-11-04-18-16-12-e1730772820832.jpg\",\"keywords\":[\"ElGranjenal\",\"FeliferMac\u00edas\",\"ObrasP\u00fablicas\",\"Quer\u00e9taro\"],\"articleSection\":[\"Municipios\",\"\u00daltima Hora\"],\"inLanguage\":\"es\",\"potentialAction\":[{\"@type\":\"CommentAction\",\"name\":\"Comment\",\"target\":[\"https:\/\/www.nexoinformativo.mx\/index.php\/2024\/11\/04\/felifer-macias-entrega-obras-en-la-colonia-el-granjenal-y-destaca-compromiso-con-la-ciudadania\/#respond\"]}]},{\"@type\":\"WebPage\",\"@id\":\"https:\/\/www.nexoinformativo.mx\/index.php\/2024\/11\/04\/felifer-macias-entrega-obras-en-la-colonia-el-granjenal-y-destaca-compromiso-con-la-ciudadania\/\",\"url\":\"https:\/\/www.nexoinformativo.mx\/index.php\/2024\/11\/04\/felifer-macias-entrega-obras-en-la-colonia-el-granjenal-y-destaca-compromiso-con-la-ciudadania\/\",\"name\":\"Felifer Mac\u00edas entrega obras en la colonia El Granjenal y destaca compromiso con la ciudadan\u00eda | Nexo Informativo Santiago de Quer\u00e9taro\",\"isPartOf\":{\"@id\":\"https:\/\/www.nexoinformativo.mx\/#website\"},\"primaryImageOfPage\":{\"@id\":\"https:\/\/www.nexoinformativo.mx\/index.php\/2024\/11\/04\/felifer-macias-entrega-obras-en-la-colonia-el-granjenal-y-destaca-compromiso-con-la-ciudadania\/#primaryimage\"},\"image\":{\"@id\":\"https:\/\/www.nexoinformativo.mx\/index.php\/2024\/11\/04\/felifer-macias-entrega-obras-en-la-colonia-el-granjenal-y-destaca-compromiso-con-la-ciudadania\/#primaryimage\"},\"thumbnailUrl\":\"https:\/\/www.nexoinformativo.mx\/wp-content\/uploads\/2024\/11\/PHOTO-2024-11-04-18-16-12-e1730772820832.jpg\",\"datePublished\":\"2024-11-05T01:00:42+00:00\",\"dateModified\":\"2024-11-05T02:17:27+00:00\",\"description\":\"Felifer Mac\u00edas entrega obras en la colonia El Granjenal y destaca compromiso con la ciudadan\u00eda\",\"breadcrumb\":{\"@id\":\"https:\/\/www.nexoinformativo.mx\/index.php\/2024\/11\/04\/felifer-macias-entrega-obras-en-la-colonia-el-granjenal-y-destaca-compromiso-con-la-ciudadania\/#breadcrumb\"},\"inLanguage\":\"es\",\"potentialAction\":[{\"@type\":\"ReadAction\",\"target\":[\"https:\/\/www.nexoinformativo.mx\/index.php\/2024\/11\/04\/felifer-macias-entrega-obras-en-la-colonia-el-granjenal-y-destaca-compromiso-con-la-ciudadania\/\"]}]},{\"@type\":\"ImageObject\",\"inLanguage\":\"es\",\"@id\":\"https:\/\/www.nexoinformativo.mx\/index.php\/2024\/11\/04\/felifer-macias-entrega-obras-en-la-colonia-el-granjenal-y-destaca-compromiso-con-la-ciudadania\/#primaryimage\",\"url\":\"https:\/\/www.nexoinformativo.mx\/wp-content\/uploads\/2024\/11\/PHOTO-2024-11-04-18-16-12-e1730772820832.jpg\",\"contentUrl\":\"https:\/\/www.nexoinformativo.mx\/wp-content\/uploads\/2024\/11\/PHOTO-2024-11-04-18-16-12-e1730772820832.jpg\",\"width\":700,\"height\":875},{\"@type\":\"BreadcrumbList\",\"@id\":\"https:\/\/www.nexoinformativo.mx\/index.php\/2024\/11\/04\/felifer-macias-entrega-obras-en-la-colonia-el-granjenal-y-destaca-compromiso-con-la-ciudadania\/#breadcrumb\",\"itemListElement\":[{\"@type\":\"ListItem\",\"position\":1,\"name\":\"Inicio\",\"item\":\"https:\/\/www.nexoinformativo.mx\/\"},{\"@type\":\"ListItem\",\"position\":2,\"name\":\"Felifer Mac\u00edas entrega obras en la colonia El Granjenal y destaca compromiso con la ciudadan\u00eda\"}]},{\"@type\":\"WebSite\",\"@id\":\"https:\/\/www.nexoinformativo.mx\/#website\",\"url\":\"https:\/\/www.nexoinformativo.mx\/\",\"name\":\"Nexo Informativo Santiago de Quer\u00e9taro\",\"description\":\"Explora NexoInformativo y convi\u00e9rtete en parte de una comunidad que valora el conocimiento y la verdad. Tu nexoinformativo es tu puente hacia una comprensi\u00f3n m\u00e1s profunda del mundo que te rodea.\",\"publisher\":{\"@id\":\"https:\/\/www.nexoinformativo.mx\/#organization\"},\"potentialAction\":[{\"@type\":\"SearchAction\",\"target\":{\"@type\":\"EntryPoint\",\"urlTemplate\":\"https:\/\/www.nexoinformativo.mx\/?s={search_term_string}\"},\"query-input\":{\"@type\":\"PropertyValueSpecification\",\"valueRequired\":true,\"valueName\":\"search_term_string\"}}],\"inLanguage\":\"es\"},{\"@type\":\"Organization\",\"@id\":\"https:\/\/www.nexoinformativo.mx\/#organization\",\"name\":\"Nexo Informativo Santiago de Quer\u00e9taro\",\"url\":\"https:\/\/www.nexoinformativo.mx\/\",\"logo\":{\"@type\":\"ImageObject\",\"inLanguage\":\"es\",\"@id\":\"https:\/\/www.nexoinformativo.mx\/#\/schema\/logo\/image\/\",\"url\":\"https:\/\/www.nexoinformativo.mx\/wp-content\/uploads\/2024\/07\/nexoi-trasparente-2.png\",\"contentUrl\":\"https:\/\/www.nexoinformativo.mx\/wp-content\/uploads\/2024\/07\/nexoi-trasparente-2.png\",\"width\":816,\"height\":339,\"caption\":\"Nexo Informativo Santiago de Quer\u00e9taro\"},\"image\":{\"@id\":\"https:\/\/www.nexoinformativo.mx\/#\/schema\/logo\/image\/\"},\"sameAs\":[\"https:\/\/www.facebook.com\/people\/Nexo-Informativo\/61564066885511\/\"]},{\"@type\":\"Person\",\"@id\":\"https:\/\/www.nexoinformativo.mx\/#\/schema\/person\/7749d380ba08c8ca00d7bc76fd907b7d\",\"name\":\"Nexo Informativo\",\"image\":{\"@type\":\"ImageObject\",\"inLanguage\":\"es\",\"@id\":\"https:\/\/www.nexoinformativo.mx\/#\/schema\/person\/image\/\",\"url\":\"https:\/\/secure.gravatar.com\/avatar\/dde2928154642a13d95f87ddf1ea9718fe2b46760a005c53e41ff5ad610704e6?s=96&d=mm&r=g\",\"contentUrl\":\"https:\/\/secure.gravatar.com\/avatar\/dde2928154642a13d95f87ddf1ea9718fe2b46760a005c53e41ff5ad610704e6?s=96&d=mm&r=g\",\"caption\":\"Nexo Informativo\"},\"url\":\"https:\/\/www.nexoinformativo.mx\/index.php\/author\/edicion\/\"}]}<\/script>\n<!-- \/ Yoast SEO plugin. -->","yoast_head_json":{"title":"Felifer Mac\u00edas entrega obras en la colonia El Granjenal y destaca compromiso con la ciudadan\u00eda | Nexo Informativo Santiago de Quer\u00e9taro","description":"Felifer Mac\u00edas entrega obras en la colonia El Granjenal y destaca compromiso con la ciudadan\u00eda","robots":{"index":"index","follow":"follow","max-snippet":"max-snippet:-1","max-image-preview":"max-image-preview:large","max-video-preview":"max-video-preview:-1"},"canonical":"https:\/\/www.nexoinformativo.mx\/index.php\/2024\/11\/04\/felifer-macias-entrega-obras-en-la-colonia-el-granjenal-y-destaca-compromiso-con-la-ciudadania\/","og_locale":"es_MX","og_type":"article","og_title":"Felifer Mac\u00edas entrega obras en la colonia El Granjenal y destaca compromiso con la ciudadan\u00eda | Nexo Informativo Santiago de Quer\u00e9taro","og_description":"Felifer Mac\u00edas entrega obras en la colonia El Granjenal y destaca compromiso con la ciudadan\u00eda","og_url":"https:\/\/www.nexoinformativo.mx\/index.php\/2024\/11\/04\/felifer-macias-entrega-obras-en-la-colonia-el-granjenal-y-destaca-compromiso-con-la-ciudadania\/","og_site_name":"Nexo Informativo Santiago de Quer\u00e9taro","article_publisher":"https:\/\/www.facebook.com\/people\/Nexo-Informativo\/61564066885511\/","article_published_time":"2024-11-05T01:00:42+00:00","article_modified_time":"2024-11-05T02:17:27+00:00","og_image":[{"width":700,"height":875,"url":"https:\/\/www.nexoinformativo.mx\/wp-content\/uploads\/2024\/11\/PHOTO-2024-11-04-18-16-12-e1730772820832.jpg","type":"image\/jpeg"}],"author":"Nexo Informativo","twitter_card":"summary_large_image","twitter_misc":{"Escrito por":"Nexo Informativo","Tiempo de lectura":"2 minutos"},"schema":{"@context":"https:\/\/schema.org","@graph":[{"@type":"Article","@id":"https:\/\/www.nexoinformativo.mx\/index.php\/2024\/11\/04\/felifer-macias-entrega-obras-en-la-colonia-el-granjenal-y-destaca-compromiso-con-la-ciudadania\/#article","isPartOf":{"@id":"https:\/\/www.nexoinformativo.mx\/index.php\/2024\/11\/04\/felifer-macias-entrega-obras-en-la-colonia-el-granjenal-y-destaca-compromiso-con-la-ciudadania\/"},"author":{"name":"Nexo Informativo","@id":"https:\/\/www.nexoinformativo.mx\/#\/schema\/person\/7749d380ba08c8ca00d7bc76fd907b7d"},"headline":"Felifer Mac\u00edas entrega obras en la colonia El Granjenal y destaca compromiso con la ciudadan\u00eda","datePublished":"2024-11-05T01:00:42+00:00","dateModified":"2024-11-05T02:17:27+00:00","mainEntityOfPage":{"@id":"https:\/\/www.nexoinformativo.mx\/index.php\/2024\/11\/04\/felifer-macias-entrega-obras-en-la-colonia-el-granjenal-y-destaca-compromiso-con-la-ciudadania\/"},"wordCount":310,"commentCount":0,"publisher":{"@id":"https:\/\/www.nexoinformativo.mx\/#organization"},"image":{"@id":"https:\/\/www.nexoinformativo.mx\/index.php\/2024\/11\/04\/felifer-macias-entrega-obras-en-la-colonia-el-granjenal-y-destaca-compromiso-con-la-ciudadania\/#primaryimage"},"thumbnailUrl":"https:\/\/www.nexoinformativo.mx\/wp-content\/uploads\/2024\/11\/PHOTO-2024-11-04-18-16-12-e1730772820832.jpg","keywords":["ElGranjenal","FeliferMac\u00edas","ObrasP\u00fablicas","Quer\u00e9taro"],"articleSection":["Municipios","\u00daltima Hora"],"inLanguage":"es","potentialAction":[{"@type":"CommentAction","name":"Comment","target":["https:\/\/www.nexoinformativo.mx\/index.php\/2024\/11\/04\/felifer-macias-entrega-obras-en-la-colonia-el-granjenal-y-destaca-compromiso-con-la-ciudadania\/#respond"]}]},{"@type":"WebPage","@id":"https:\/\/www.nexoinformativo.mx\/index.php\/2024\/11\/04\/felifer-macias-entrega-obras-en-la-colonia-el-granjenal-y-destaca-compromiso-con-la-ciudadania\/","url":"https:\/\/www.nexoinformativo.mx\/index.php\/2024\/11\/04\/felifer-macias-entrega-obras-en-la-colonia-el-granjenal-y-destaca-compromiso-con-la-ciudadania\/","name":"Felifer Mac\u00edas entrega obras en la colonia El Granjenal y destaca compromiso con la ciudadan\u00eda | Nexo Informativo Santiago de Quer\u00e9taro","isPartOf":{"@id":"https:\/\/www.nexoinformativo.mx\/#website"},"primaryImageOfPage":{"@id":"https:\/\/www.nexoinformativo.mx\/index.php\/2024\/11\/04\/felifer-macias-entrega-obras-en-la-colonia-el-granjenal-y-destaca-compromiso-con-la-ciudadania\/#primaryimage"},"image":{"@id":"https:\/\/www.nexoinformativo.mx\/index.php\/2024\/11\/04\/felifer-macias-entrega-obras-en-la-colonia-el-granjenal-y-destaca-compromiso-con-la-ciudadania\/#primaryimage"},"thumbnailUrl":"https:\/\/www.nexoinformativo.mx\/wp-content\/uploads\/2024\/11\/PHOTO-2024-11-04-18-16-12-e1730772820832.jpg","datePublished":"2024-11-05T01:00:42+00:00","dateModified":"2024-11-05T02:17:27+00:00","description":"Felifer Mac\u00edas entrega obras en la colonia El Granjenal y destaca compromiso con la ciudadan\u00eda","breadcrumb":{"@id":"https:\/\/www.nexoinformativo.mx\/index.php\/2024\/11\/04\/felifer-macias-entrega-obras-en-la-colonia-el-granjenal-y-destaca-compromiso-con-la-ciudadania\/#breadcrumb"},"inLanguage":"es","potentialAction":[{"@type":"ReadAction","target":["https:\/\/www.nexoinformativo.mx\/index.php\/2024\/11\/04\/felifer-macias-entrega-obras-en-la-colonia-el-granjenal-y-destaca-compromiso-con-la-ciudadania\/"]}]},{"@type":"ImageObject","inLanguage":"es","@id":"https:\/\/www.nexoinformativo.mx\/index.php\/2024\/11\/04\/felifer-macias-entrega-obras-en-la-colonia-el-granjenal-y-destaca-compromiso-con-la-ciudadania\/#primaryimage","url":"https:\/\/www.nexoinformativo.mx\/wp-content\/uploads\/2024\/11\/PHOTO-2024-11-04-18-16-12-e1730772820832.jpg","contentUrl":"https:\/\/www.nexoinformativo.mx\/wp-content\/uploads\/2024\/11\/PHOTO-2024-11-04-18-16-12-e1730772820832.jpg","width":700,"height":875},{"@type":"BreadcrumbList","@id":"https:\/\/www.nexoinformativo.mx\/index.php\/2024\/11\/04\/felifer-macias-entrega-obras-en-la-colonia-el-granjenal-y-destaca-compromiso-con-la-ciudadania\/#breadcrumb","itemListElement":[{"@type":"ListItem","position":1,"name":"Inicio","item":"https:\/\/www.nexoinformativo.mx\/"},{"@type":"ListItem","position":2,"name":"Felifer Mac\u00edas entrega obras en la colonia El Granjenal y destaca compromiso con la ciudadan\u00eda"}]},{"@type":"WebSite","@id":"https:\/\/www.nexoinformativo.mx\/#website","url":"https:\/\/www.nexoinformativo.mx\/","name":"Nexo Informativo Santiago de Quer\u00e9taro","description":"Explora NexoInformativo y convi\u00e9rtete en parte de una comunidad que valora el conocimiento y la verdad. Tu nexoinformativo es tu puente hacia una comprensi\u00f3n m\u00e1s profunda del mundo que te rodea.","publisher":{"@id":"https:\/\/www.nexoinformativo.mx\/#organization"},"potentialAction":[{"@type":"SearchAction","target":{"@type":"EntryPoint","urlTemplate":"https:\/\/www.nexoinformativo.mx\/?s={search_term_string}"},"query-input":{"@type":"PropertyValueSpecification","valueRequired":true,"valueName":"search_term_string"}}],"inLanguage":"es"},{"@type":"Organization","@id":"https:\/\/www.nexoinformativo.mx\/#organization","name":"Nexo Informativo Santiago de Quer\u00e9taro","url":"https:\/\/www.nexoinformativo.mx\/","logo":{"@type":"ImageObject","inLanguage":"es","@id":"https:\/\/www.nexoinformativo.mx\/#\/schema\/logo\/image\/","url":"https:\/\/www.nexoinformativo.mx\/wp-content\/uploads\/2024\/07\/nexoi-trasparente-2.png","contentUrl":"https:\/\/www.nexoinformativo.mx\/wp-content\/uploads\/2024\/07\/nexoi-trasparente-2.png","width":816,"height":339,"caption":"Nexo Informativo Santiago de Quer\u00e9taro"},"image":{"@id":"https:\/\/www.nexoinformativo.mx\/#\/schema\/logo\/image\/"},"sameAs":["https:\/\/www.facebook.com\/people\/Nexo-Informativo\/61564066885511\/"]},{"@type":"Person","@id":"https:\/\/www.nexoinformativo.mx\/#\/schema\/person\/7749d380ba08c8ca00d7bc76fd907b7d","name":"Nexo Informativo","image":{"@type":"ImageObject","inLanguage":"es","@id":"https:\/\/www.nexoinformativo.mx\/#\/schema\/person\/image\/","url":"https:\/\/secure.gravatar.com\/avatar\/dde2928154642a13d95f87ddf1ea9718fe2b46760a005c53e41ff5ad610704e6?s=96&d=mm&r=g","contentUrl":"https:\/\/secure.gravatar.com\/avatar\/dde2928154642a13d95f87ddf1ea9718fe2b46760a005c53e41ff5ad610704e6?s=96&d=mm&r=g","caption":"Nexo Informativo"},"url":"https:\/\/www.nexoinformativo.mx\/index.php\/author\/edicion\/"}]}},"_links":{"self":[{"href":"https:\/\/www.nexoinformativo.mx\/index.php\/wp-json\/wp\/v2\/posts\/5324","targetHints":{"allow":["GET"]}}],"collection":[{"href":"https:\/\/www.nexoinformativo.mx\/index.php\/wp-json\/wp\/v2\/posts"}],"about":[{"href":"https:\/\/www.nexoinformativo.mx\/index.php\/wp-json\/wp\/v2\/types\/post"}],"author":[{"embeddable":true,"href":"https:\/\/www.nexoinformativo.mx\/index.php\/wp-json\/wp\/v2\/users\/3"}],"replies":[{"embeddable":true,"href":"https:\/\/www.nexoinformativo.mx\/index.php\/wp-json\/wp\/v2\/comments?post=5324"}],"version-history":[{"count":4,"href":"https:\/\/www.nexoinformativo.mx\/index.php\/wp-json\/wp\/v2\/posts\/5324\/revisions"}],"predecessor-version":[{"id":5330,"href":"https:\/\/www.nexoinformativo.mx\/index.php\/wp-json\/wp\/v2\/posts\/5324\/revisions\/5330"}],"wp:featuredmedia":[{"embeddable":true,"href":"https:\/\/www.nexoinformativo.mx\/index.php\/wp-json\/wp\/v2\/media\/5325"}],"wp:attachment":[{"href":"https:\/\/www.nexoinformativo.mx\/index.php\/wp-json\/wp\/v2\/media?parent=5324"}],"wp:term":[{"taxonomy":"category","embeddable":true,"href":"https:\/\/www.nexoinformativo.mx\/index.php\/wp-json\/wp\/v2\/categories?post=5324"},{"taxonomy":"post_tag","embeddable":true,"href":"https:\/\/www.nexoinformativo.mx\/index.php\/wp-json\/wp\/v2\/tags?post=5324"}],"curies":[{"name":"wp","href":"https:\/\/api.w.org\/{rel}","templated":true}]}}