{"id":5348,"date":"2024-11-05T11:30:02","date_gmt":"2024-11-05T17:30:02","guid":{"rendered":"https:\/\/www.nexoinformativo.mx\/?p=5348"},"modified":"2024-11-05T14:29:29","modified_gmt":"2024-11-05T20:29:29","slug":"galeria-libertad-y-museo-de-los-conspiradores-no-volveran-a-ser-espacios-comerciales-lopez-birlain","status":"publish","type":"post","link":"https:\/\/www.nexoinformativo.mx\/index.php\/2024\/11\/05\/galeria-libertad-y-museo-de-los-conspiradores-no-volveran-a-ser-espacios-comerciales-lopez-birlain\/","title":{"rendered":"Galer\u00eda Libertad y Museo de los Conspiradores no volver\u00e1n a ser espacios comerciales: L\u00f3pez Birlain"},"content":{"rendered":"<p style=\"text-align: justify;\" data-sourcepos=\"5:1-5:299\">Ante las diversas opiniones generadas por el uso de la Galer\u00eda Libertad y el Museo de los Conspiradores como espacios temporales para comerciantes, la secretaria de Cultura, Ana Paola L\u00f3pez Birlain, ha confirmado que estos recintos no volver\u00e1n a ser utilizados con este fin.<\/p>\n<p>&nbsp;<\/p>\n<p style=\"text-align: justify;\" data-sourcepos=\"7:1-7:222\">La funcionaria estatal explic\u00f3 que la decisi\u00f3n se tom\u00f3 luego de escuchar las inquietudes de la comunidad art\u00edstica y considerando que la naturaleza de estos espacios culturales no es compatible con actividades comerciales.<\/p>\n<p>&nbsp;<\/p>\n<p style=\"text-align: justify;\" data-sourcepos=\"9:1-9:193\"><strong>\u201cEntendemos que la situaci\u00f3n de los comerciantes ambulantes y artesanos requiere de una soluci\u00f3n, pero es fundamental respetar la vocaci\u00f3n de nuestros museos y galer\u00edas\u201d<\/strong>, se\u00f1al\u00f3 L\u00f3pez Birlain.<\/p>\n<p>&nbsp;<\/p>\n<p style=\"text-align: justify;\" data-sourcepos=\"11:1-11:274\">La secretaria de Cultura destac\u00f3 que el uso temporal de estos espacios fue una medida excepcional, implementada como parte del di\u00e1logo que el municipio ha mantenido con los comerciantes para buscar una soluci\u00f3n a la problem\u00e1tica del comercio informal en el centro hist\u00f3rico.<\/p>\n<p>&nbsp;<\/p>\n<p style=\"text-align: justify;\" data-sourcepos=\"13:1-13:180\"><strong>\u201cAgradecemos la comprensi\u00f3n de todos los involucrados y reafirmamos nuestro compromiso con la protecci\u00f3n y promoci\u00f3n del patrimonio cultural de Quer\u00e9taro\u201d<\/strong>, concluy\u00f3 la funcionaria.<\/p>\n<p>&nbsp;<\/p>\n<p style=\"text-align: center;\" data-sourcepos=\"13:1-13:180\"><strong><em>\u00a1Informaci\u00f3n que transforma!<\/em><\/strong><\/p>\n","protected":false},"excerpt":{"rendered":"<p>Ante las diversas opiniones generadas por el uso de la Galer\u00eda Libertad y el Museo de los Conspiradores como espacios temporales para comerciantes, la secretaria de Cultura, Ana Paola L\u00f3pez Birlain<\/p>\n","protected":false},"author":3,"featured_media":5349,"comment_status":"open","ping_status":"open","sticky":false,"template":"","format":"standard","meta":{"footnotes":""},"categories":[50,58],"tags":[1552,123,1859,1860],"class_list":["post-5348","post","type-post","status-publish","format-standard","has-post-thumbnail","hentry","category-espectaculos","category-ultima-hora","tag-comercioinformal","tag-cultura","tag-galerias","tag-museos"],"yoast_head":"<!-- This site is optimized with the Yoast SEO plugin v25.0 - https:\/\/yoast.com\/wordpress\/plugins\/seo\/ -->\n<title>Galer\u00eda Libertad y Museo de los Conspiradores no volver\u00e1n a ser espacios comerciales: L\u00f3pez Birlain | Nexo Informativo Santiago de Quer\u00e9taro<\/title>\n<meta name=\"description\" content=\"Galer\u00eda Libertad y Museo de los Conspiradores no volver\u00e1n a ser espacios comerciales: L\u00f3pez Birlain\" \/>\n<meta name=\"robots\" content=\"index, follow, max-snippet:-1, max-image-preview:large, max-video-preview:-1\" \/>\n<link rel=\"canonical\" href=\"https:\/\/www.nexoinformativo.mx\/index.php\/2024\/11\/05\/galeria-libertad-y-museo-de-los-conspiradores-no-volveran-a-ser-espacios-comerciales-lopez-birlain\/\" \/>\n<meta property=\"og:locale\" content=\"es_MX\" \/>\n<meta property=\"og:type\" content=\"article\" \/>\n<meta property=\"og:title\" content=\"Galer\u00eda Libertad y Museo de los Conspiradores no volver\u00e1n a ser espacios comerciales: L\u00f3pez Birlain | Nexo Informativo Santiago de Quer\u00e9taro\" \/>\n<meta property=\"og:description\" content=\"Galer\u00eda Libertad y Museo de los Conspiradores no volver\u00e1n a ser espacios comerciales: L\u00f3pez Birlain\" \/>\n<meta property=\"og:url\" content=\"https:\/\/www.nexoinformativo.mx\/index.php\/2024\/11\/05\/galeria-libertad-y-museo-de-los-conspiradores-no-volveran-a-ser-espacios-comerciales-lopez-birlain\/\" \/>\n<meta property=\"og:site_name\" content=\"Nexo Informativo Santiago de Quer\u00e9taro\" \/>\n<meta property=\"article:publisher\" content=\"https:\/\/www.facebook.com\/people\/Nexo-Informativo\/61564066885511\/\" \/>\n<meta property=\"article:published_time\" content=\"2024-11-05T17:30:02+00:00\" \/>\n<meta property=\"article:modified_time\" content=\"2024-11-05T20:29:29+00:00\" \/>\n<meta property=\"og:image\" content=\"https:\/\/www.nexoinformativo.mx\/wp-content\/uploads\/2024\/11\/PHOTO-2024-11-05-12-06-29-e1730838491112.jpg\" \/>\n\t<meta property=\"og:image:width\" content=\"600\" \/>\n\t<meta property=\"og:image:height\" content=\"407\" \/>\n\t<meta property=\"og:image:type\" content=\"image\/jpeg\" \/>\n<meta name=\"author\" content=\"Nexo Informativo\" \/>\n<meta name=\"twitter:card\" content=\"summary_large_image\" \/>\n<meta name=\"twitter:label1\" content=\"Escrito por\" \/>\n\t<meta name=\"twitter:data1\" content=\"Nexo Informativo\" \/>\n\t<meta name=\"twitter:label2\" content=\"Tiempo de lectura\" \/>\n\t<meta name=\"twitter:data2\" content=\"2 minutos\" \/>\n<script type=\"application\/ld+json\" class=\"yoast-schema-graph\">{\"@context\":\"https:\/\/schema.org\",\"@graph\":[{\"@type\":\"Article\",\"@id\":\"https:\/\/www.nexoinformativo.mx\/index.php\/2024\/11\/05\/galeria-libertad-y-museo-de-los-conspiradores-no-volveran-a-ser-espacios-comerciales-lopez-birlain\/#article\",\"isPartOf\":{\"@id\":\"https:\/\/www.nexoinformativo.mx\/index.php\/2024\/11\/05\/galeria-libertad-y-museo-de-los-conspiradores-no-volveran-a-ser-espacios-comerciales-lopez-birlain\/\"},\"author\":{\"name\":\"Nexo Informativo\",\"@id\":\"https:\/\/www.nexoinformativo.mx\/#\/schema\/person\/7749d380ba08c8ca00d7bc76fd907b7d\"},\"headline\":\"Galer\u00eda Libertad y Museo de los Conspiradores no volver\u00e1n a ser espacios comerciales: L\u00f3pez Birlain\",\"datePublished\":\"2024-11-05T17:30:02+00:00\",\"dateModified\":\"2024-11-05T20:29:29+00:00\",\"mainEntityOfPage\":{\"@id\":\"https:\/\/www.nexoinformativo.mx\/index.php\/2024\/11\/05\/galeria-libertad-y-museo-de-los-conspiradores-no-volveran-a-ser-espacios-comerciales-lopez-birlain\/\"},\"wordCount\":218,\"commentCount\":0,\"publisher\":{\"@id\":\"https:\/\/www.nexoinformativo.mx\/#organization\"},\"image\":{\"@id\":\"https:\/\/www.nexoinformativo.mx\/index.php\/2024\/11\/05\/galeria-libertad-y-museo-de-los-conspiradores-no-volveran-a-ser-espacios-comerciales-lopez-birlain\/#primaryimage\"},\"thumbnailUrl\":\"https:\/\/www.nexoinformativo.mx\/wp-content\/uploads\/2024\/11\/PHOTO-2024-11-05-12-06-29-e1730838491112.jpg\",\"keywords\":[\"ComercioInformal\",\"Cultura\",\"Galer\u00edas\",\"Museos\"],\"articleSection\":[\"Espect\u00e1culos\",\"\u00daltima Hora\"],\"inLanguage\":\"es\",\"potentialAction\":[{\"@type\":\"CommentAction\",\"name\":\"Comment\",\"target\":[\"https:\/\/www.nexoinformativo.mx\/index.php\/2024\/11\/05\/galeria-libertad-y-museo-de-los-conspiradores-no-volveran-a-ser-espacios-comerciales-lopez-birlain\/#respond\"]}]},{\"@type\":\"WebPage\",\"@id\":\"https:\/\/www.nexoinformativo.mx\/index.php\/2024\/11\/05\/galeria-libertad-y-museo-de-los-conspiradores-no-volveran-a-ser-espacios-comerciales-lopez-birlain\/\",\"url\":\"https:\/\/www.nexoinformativo.mx\/index.php\/2024\/11\/05\/galeria-libertad-y-museo-de-los-conspiradores-no-volveran-a-ser-espacios-comerciales-lopez-birlain\/\",\"name\":\"Galer\u00eda Libertad y Museo de los Conspiradores no volver\u00e1n a ser espacios comerciales: L\u00f3pez Birlain | Nexo Informativo Santiago de Quer\u00e9taro\",\"isPartOf\":{\"@id\":\"https:\/\/www.nexoinformativo.mx\/#website\"},\"primaryImageOfPage\":{\"@id\":\"https:\/\/www.nexoinformativo.mx\/index.php\/2024\/11\/05\/galeria-libertad-y-museo-de-los-conspiradores-no-volveran-a-ser-espacios-comerciales-lopez-birlain\/#primaryimage\"},\"image\":{\"@id\":\"https:\/\/www.nexoinformativo.mx\/index.php\/2024\/11\/05\/galeria-libertad-y-museo-de-los-conspiradores-no-volveran-a-ser-espacios-comerciales-lopez-birlain\/#primaryimage\"},\"thumbnailUrl\":\"https:\/\/www.nexoinformativo.mx\/wp-content\/uploads\/2024\/11\/PHOTO-2024-11-05-12-06-29-e1730838491112.jpg\",\"datePublished\":\"2024-11-05T17:30:02+00:00\",\"dateModified\":\"2024-11-05T20:29:29+00:00\",\"description\":\"Galer\u00eda Libertad y Museo de los Conspiradores no volver\u00e1n a ser espacios comerciales: L\u00f3pez Birlain\",\"breadcrumb\":{\"@id\":\"https:\/\/www.nexoinformativo.mx\/index.php\/2024\/11\/05\/galeria-libertad-y-museo-de-los-conspiradores-no-volveran-a-ser-espacios-comerciales-lopez-birlain\/#breadcrumb\"},\"inLanguage\":\"es\",\"potentialAction\":[{\"@type\":\"ReadAction\",\"target\":[\"https:\/\/www.nexoinformativo.mx\/index.php\/2024\/11\/05\/galeria-libertad-y-museo-de-los-conspiradores-no-volveran-a-ser-espacios-comerciales-lopez-birlain\/\"]}]},{\"@type\":\"ImageObject\",\"inLanguage\":\"es\",\"@id\":\"https:\/\/www.nexoinformativo.mx\/index.php\/2024\/11\/05\/galeria-libertad-y-museo-de-los-conspiradores-no-volveran-a-ser-espacios-comerciales-lopez-birlain\/#primaryimage\",\"url\":\"https:\/\/www.nexoinformativo.mx\/wp-content\/uploads\/2024\/11\/PHOTO-2024-11-05-12-06-29-e1730838491112.jpg\",\"contentUrl\":\"https:\/\/www.nexoinformativo.mx\/wp-content\/uploads\/2024\/11\/PHOTO-2024-11-05-12-06-29-e1730838491112.jpg\",\"width\":600,\"height\":407},{\"@type\":\"BreadcrumbList\",\"@id\":\"https:\/\/www.nexoinformativo.mx\/index.php\/2024\/11\/05\/galeria-libertad-y-museo-de-los-conspiradores-no-volveran-a-ser-espacios-comerciales-lopez-birlain\/#breadcrumb\",\"itemListElement\":[{\"@type\":\"ListItem\",\"position\":1,\"name\":\"Inicio\",\"item\":\"https:\/\/www.nexoinformativo.mx\/\"},{\"@type\":\"ListItem\",\"position\":2,\"name\":\"Galer\u00eda Libertad y Museo de los Conspiradores no volver\u00e1n a ser espacios comerciales: L\u00f3pez Birlain\"}]},{\"@type\":\"WebSite\",\"@id\":\"https:\/\/www.nexoinformativo.mx\/#website\",\"url\":\"https:\/\/www.nexoinformativo.mx\/\",\"name\":\"Nexo Informativo Santiago de Quer\u00e9taro\",\"description\":\"Explora NexoInformativo y convi\u00e9rtete en parte de una comunidad que valora el conocimiento y la verdad. Tu nexoinformativo es tu puente hacia una comprensi\u00f3n m\u00e1s profunda del mundo que te rodea.\",\"publisher\":{\"@id\":\"https:\/\/www.nexoinformativo.mx\/#organization\"},\"potentialAction\":[{\"@type\":\"SearchAction\",\"target\":{\"@type\":\"EntryPoint\",\"urlTemplate\":\"https:\/\/www.nexoinformativo.mx\/?s={search_term_string}\"},\"query-input\":{\"@type\":\"PropertyValueSpecification\",\"valueRequired\":true,\"valueName\":\"search_term_string\"}}],\"inLanguage\":\"es\"},{\"@type\":\"Organization\",\"@id\":\"https:\/\/www.nexoinformativo.mx\/#organization\",\"name\":\"Nexo Informativo Santiago de Quer\u00e9taro\",\"url\":\"https:\/\/www.nexoinformativo.mx\/\",\"logo\":{\"@type\":\"ImageObject\",\"inLanguage\":\"es\",\"@id\":\"https:\/\/www.nexoinformativo.mx\/#\/schema\/logo\/image\/\",\"url\":\"https:\/\/www.nexoinformativo.mx\/wp-content\/uploads\/2024\/07\/nexoi-trasparente-2.png\",\"contentUrl\":\"https:\/\/www.nexoinformativo.mx\/wp-content\/uploads\/2024\/07\/nexoi-trasparente-2.png\",\"width\":816,\"height\":339,\"caption\":\"Nexo Informativo Santiago de Quer\u00e9taro\"},\"image\":{\"@id\":\"https:\/\/www.nexoinformativo.mx\/#\/schema\/logo\/image\/\"},\"sameAs\":[\"https:\/\/www.facebook.com\/people\/Nexo-Informativo\/61564066885511\/\"]},{\"@type\":\"Person\",\"@id\":\"https:\/\/www.nexoinformativo.mx\/#\/schema\/person\/7749d380ba08c8ca00d7bc76fd907b7d\",\"name\":\"Nexo Informativo\",\"image\":{\"@type\":\"ImageObject\",\"inLanguage\":\"es\",\"@id\":\"https:\/\/www.nexoinformativo.mx\/#\/schema\/person\/image\/\",\"url\":\"https:\/\/secure.gravatar.com\/avatar\/dde2928154642a13d95f87ddf1ea9718fe2b46760a005c53e41ff5ad610704e6?s=96&d=mm&r=g\",\"contentUrl\":\"https:\/\/secure.gravatar.com\/avatar\/dde2928154642a13d95f87ddf1ea9718fe2b46760a005c53e41ff5ad610704e6?s=96&d=mm&r=g\",\"caption\":\"Nexo Informativo\"},\"url\":\"https:\/\/www.nexoinformativo.mx\/index.php\/author\/edicion\/\"}]}<\/script>\n<!-- \/ Yoast SEO plugin. -->","yoast_head_json":{"title":"Galer\u00eda Libertad y Museo de los Conspiradores no volver\u00e1n a ser espacios comerciales: L\u00f3pez Birlain | Nexo Informativo Santiago de Quer\u00e9taro","description":"Galer\u00eda Libertad y Museo de los Conspiradores no volver\u00e1n a ser espacios comerciales: L\u00f3pez Birlain","robots":{"index":"index","follow":"follow","max-snippet":"max-snippet:-1","max-image-preview":"max-image-preview:large","max-video-preview":"max-video-preview:-1"},"canonical":"https:\/\/www.nexoinformativo.mx\/index.php\/2024\/11\/05\/galeria-libertad-y-museo-de-los-conspiradores-no-volveran-a-ser-espacios-comerciales-lopez-birlain\/","og_locale":"es_MX","og_type":"article","og_title":"Galer\u00eda Libertad y Museo de los Conspiradores no volver\u00e1n a ser espacios comerciales: L\u00f3pez Birlain | Nexo Informativo Santiago de Quer\u00e9taro","og_description":"Galer\u00eda Libertad y Museo de los Conspiradores no volver\u00e1n a ser espacios comerciales: L\u00f3pez Birlain","og_url":"https:\/\/www.nexoinformativo.mx\/index.php\/2024\/11\/05\/galeria-libertad-y-museo-de-los-conspiradores-no-volveran-a-ser-espacios-comerciales-lopez-birlain\/","og_site_name":"Nexo Informativo Santiago de Quer\u00e9taro","article_publisher":"https:\/\/www.facebook.com\/people\/Nexo-Informativo\/61564066885511\/","article_published_time":"2024-11-05T17:30:02+00:00","article_modified_time":"2024-11-05T20:29:29+00:00","og_image":[{"width":600,"height":407,"url":"https:\/\/www.nexoinformativo.mx\/wp-content\/uploads\/2024\/11\/PHOTO-2024-11-05-12-06-29-e1730838491112.jpg","type":"image\/jpeg"}],"author":"Nexo Informativo","twitter_card":"summary_large_image","twitter_misc":{"Escrito por":"Nexo Informativo","Tiempo de lectura":"2 minutos"},"schema":{"@context":"https:\/\/schema.org","@graph":[{"@type":"Article","@id":"https:\/\/www.nexoinformativo.mx\/index.php\/2024\/11\/05\/galeria-libertad-y-museo-de-los-conspiradores-no-volveran-a-ser-espacios-comerciales-lopez-birlain\/#article","isPartOf":{"@id":"https:\/\/www.nexoinformativo.mx\/index.php\/2024\/11\/05\/galeria-libertad-y-museo-de-los-conspiradores-no-volveran-a-ser-espacios-comerciales-lopez-birlain\/"},"author":{"name":"Nexo Informativo","@id":"https:\/\/www.nexoinformativo.mx\/#\/schema\/person\/7749d380ba08c8ca00d7bc76fd907b7d"},"headline":"Galer\u00eda Libertad y Museo de los Conspiradores no volver\u00e1n a ser espacios comerciales: L\u00f3pez Birlain","datePublished":"2024-11-05T17:30:02+00:00","dateModified":"2024-11-05T20:29:29+00:00","mainEntityOfPage":{"@id":"https:\/\/www.nexoinformativo.mx\/index.php\/2024\/11\/05\/galeria-libertad-y-museo-de-los-conspiradores-no-volveran-a-ser-espacios-comerciales-lopez-birlain\/"},"wordCount":218,"commentCount":0,"publisher":{"@id":"https:\/\/www.nexoinformativo.mx\/#organization"},"image":{"@id":"https:\/\/www.nexoinformativo.mx\/index.php\/2024\/11\/05\/galeria-libertad-y-museo-de-los-conspiradores-no-volveran-a-ser-espacios-comerciales-lopez-birlain\/#primaryimage"},"thumbnailUrl":"https:\/\/www.nexoinformativo.mx\/wp-content\/uploads\/2024\/11\/PHOTO-2024-11-05-12-06-29-e1730838491112.jpg","keywords":["ComercioInformal","Cultura","Galer\u00edas","Museos"],"articleSection":["Espect\u00e1culos","\u00daltima Hora"],"inLanguage":"es","potentialAction":[{"@type":"CommentAction","name":"Comment","target":["https:\/\/www.nexoinformativo.mx\/index.php\/2024\/11\/05\/galeria-libertad-y-museo-de-los-conspiradores-no-volveran-a-ser-espacios-comerciales-lopez-birlain\/#respond"]}]},{"@type":"WebPage","@id":"https:\/\/www.nexoinformativo.mx\/index.php\/2024\/11\/05\/galeria-libertad-y-museo-de-los-conspiradores-no-volveran-a-ser-espacios-comerciales-lopez-birlain\/","url":"https:\/\/www.nexoinformativo.mx\/index.php\/2024\/11\/05\/galeria-libertad-y-museo-de-los-conspiradores-no-volveran-a-ser-espacios-comerciales-lopez-birlain\/","name":"Galer\u00eda Libertad y Museo de los Conspiradores no volver\u00e1n a ser espacios comerciales: L\u00f3pez Birlain | Nexo Informativo Santiago de Quer\u00e9taro","isPartOf":{"@id":"https:\/\/www.nexoinformativo.mx\/#website"},"primaryImageOfPage":{"@id":"https:\/\/www.nexoinformativo.mx\/index.php\/2024\/11\/05\/galeria-libertad-y-museo-de-los-conspiradores-no-volveran-a-ser-espacios-comerciales-lopez-birlain\/#primaryimage"},"image":{"@id":"https:\/\/www.nexoinformativo.mx\/index.php\/2024\/11\/05\/galeria-libertad-y-museo-de-los-conspiradores-no-volveran-a-ser-espacios-comerciales-lopez-birlain\/#primaryimage"},"thumbnailUrl":"https:\/\/www.nexoinformativo.mx\/wp-content\/uploads\/2024\/11\/PHOTO-2024-11-05-12-06-29-e1730838491112.jpg","datePublished":"2024-11-05T17:30:02+00:00","dateModified":"2024-11-05T20:29:29+00:00","description":"Galer\u00eda Libertad y Museo de los Conspiradores no volver\u00e1n a ser espacios comerciales: L\u00f3pez Birlain","breadcrumb":{"@id":"https:\/\/www.nexoinformativo.mx\/index.php\/2024\/11\/05\/galeria-libertad-y-museo-de-los-conspiradores-no-volveran-a-ser-espacios-comerciales-lopez-birlain\/#breadcrumb"},"inLanguage":"es","potentialAction":[{"@type":"ReadAction","target":["https:\/\/www.nexoinformativo.mx\/index.php\/2024\/11\/05\/galeria-libertad-y-museo-de-los-conspiradores-no-volveran-a-ser-espacios-comerciales-lopez-birlain\/"]}]},{"@type":"ImageObject","inLanguage":"es","@id":"https:\/\/www.nexoinformativo.mx\/index.php\/2024\/11\/05\/galeria-libertad-y-museo-de-los-conspiradores-no-volveran-a-ser-espacios-comerciales-lopez-birlain\/#primaryimage","url":"https:\/\/www.nexoinformativo.mx\/wp-content\/uploads\/2024\/11\/PHOTO-2024-11-05-12-06-29-e1730838491112.jpg","contentUrl":"https:\/\/www.nexoinformativo.mx\/wp-content\/uploads\/2024\/11\/PHOTO-2024-11-05-12-06-29-e1730838491112.jpg","width":600,"height":407},{"@type":"BreadcrumbList","@id":"https:\/\/www.nexoinformativo.mx\/index.php\/2024\/11\/05\/galeria-libertad-y-museo-de-los-conspiradores-no-volveran-a-ser-espacios-comerciales-lopez-birlain\/#breadcrumb","itemListElement":[{"@type":"ListItem","position":1,"name":"Inicio","item":"https:\/\/www.nexoinformativo.mx\/"},{"@type":"ListItem","position":2,"name":"Galer\u00eda Libertad y Museo de los Conspiradores no volver\u00e1n a ser espacios comerciales: L\u00f3pez Birlain"}]},{"@type":"WebSite","@id":"https:\/\/www.nexoinformativo.mx\/#website","url":"https:\/\/www.nexoinformativo.mx\/","name":"Nexo Informativo Santiago de Quer\u00e9taro","description":"Explora NexoInformativo y convi\u00e9rtete en parte de una comunidad que valora el conocimiento y la verdad. Tu nexoinformativo es tu puente hacia una comprensi\u00f3n m\u00e1s profunda del mundo que te rodea.","publisher":{"@id":"https:\/\/www.nexoinformativo.mx\/#organization"},"potentialAction":[{"@type":"SearchAction","target":{"@type":"EntryPoint","urlTemplate":"https:\/\/www.nexoinformativo.mx\/?s={search_term_string}"},"query-input":{"@type":"PropertyValueSpecification","valueRequired":true,"valueName":"search_term_string"}}],"inLanguage":"es"},{"@type":"Organization","@id":"https:\/\/www.nexoinformativo.mx\/#organization","name":"Nexo Informativo Santiago de Quer\u00e9taro","url":"https:\/\/www.nexoinformativo.mx\/","logo":{"@type":"ImageObject","inLanguage":"es","@id":"https:\/\/www.nexoinformativo.mx\/#\/schema\/logo\/image\/","url":"https:\/\/www.nexoinformativo.mx\/wp-content\/uploads\/2024\/07\/nexoi-trasparente-2.png","contentUrl":"https:\/\/www.nexoinformativo.mx\/wp-content\/uploads\/2024\/07\/nexoi-trasparente-2.png","width":816,"height":339,"caption":"Nexo Informativo Santiago de Quer\u00e9taro"},"image":{"@id":"https:\/\/www.nexoinformativo.mx\/#\/schema\/logo\/image\/"},"sameAs":["https:\/\/www.facebook.com\/people\/Nexo-Informativo\/61564066885511\/"]},{"@type":"Person","@id":"https:\/\/www.nexoinformativo.mx\/#\/schema\/person\/7749d380ba08c8ca00d7bc76fd907b7d","name":"Nexo Informativo","image":{"@type":"ImageObject","inLanguage":"es","@id":"https:\/\/www.nexoinformativo.mx\/#\/schema\/person\/image\/","url":"https:\/\/secure.gravatar.com\/avatar\/dde2928154642a13d95f87ddf1ea9718fe2b46760a005c53e41ff5ad610704e6?s=96&d=mm&r=g","contentUrl":"https:\/\/secure.gravatar.com\/avatar\/dde2928154642a13d95f87ddf1ea9718fe2b46760a005c53e41ff5ad610704e6?s=96&d=mm&r=g","caption":"Nexo Informativo"},"url":"https:\/\/www.nexoinformativo.mx\/index.php\/author\/edicion\/"}]}},"_links":{"self":[{"href":"https:\/\/www.nexoinformativo.mx\/index.php\/wp-json\/wp\/v2\/posts\/5348","targetHints":{"allow":["GET"]}}],"collection":[{"href":"https:\/\/www.nexoinformativo.mx\/index.php\/wp-json\/wp\/v2\/posts"}],"about":[{"href":"https:\/\/www.nexoinformativo.mx\/index.php\/wp-json\/wp\/v2\/types\/post"}],"author":[{"embeddable":true,"href":"https:\/\/www.nexoinformativo.mx\/index.php\/wp-json\/wp\/v2\/users\/3"}],"replies":[{"embeddable":true,"href":"https:\/\/www.nexoinformativo.mx\/index.php\/wp-json\/wp\/v2\/comments?post=5348"}],"version-history":[{"count":3,"href":"https:\/\/www.nexoinformativo.mx\/index.php\/wp-json\/wp\/v2\/posts\/5348\/revisions"}],"predecessor-version":[{"id":5351,"href":"https:\/\/www.nexoinformativo.mx\/index.php\/wp-json\/wp\/v2\/posts\/5348\/revisions\/5351"}],"wp:featuredmedia":[{"embeddable":true,"href":"https:\/\/www.nexoinformativo.mx\/index.php\/wp-json\/wp\/v2\/media\/5349"}],"wp:attachment":[{"href":"https:\/\/www.nexoinformativo.mx\/index.php\/wp-json\/wp\/v2\/media?parent=5348"}],"wp:term":[{"taxonomy":"category","embeddable":true,"href":"https:\/\/www.nexoinformativo.mx\/index.php\/wp-json\/wp\/v2\/categories?post=5348"},{"taxonomy":"post_tag","embeddable":true,"href":"https:\/\/www.nexoinformativo.mx\/index.php\/wp-json\/wp\/v2\/tags?post=5348"}],"curies":[{"name":"wp","href":"https:\/\/api.w.org\/{rel}","templated":true}]}}