{"id":5367,"date":"2024-11-05T12:30:34","date_gmt":"2024-11-05T18:30:34","guid":{"rendered":"https:\/\/www.nexoinformativo.mx\/?p=5367"},"modified":"2024-11-05T14:52:26","modified_gmt":"2024-11-05T20:52:26","slug":"mpacto-de-las-elecciones-en-ee-uu-en-mexico-desafios-y-consecuencias","status":"publish","type":"post","link":"https:\/\/www.nexoinformativo.mx\/index.php\/2024\/11\/05\/mpacto-de-las-elecciones-en-ee-uu-en-mexico-desafios-y-consecuencias\/","title":{"rendered":"Impacto de las Elecciones en EE. UU. en M\u00e9xico: Desaf\u00edos y consecuencias"},"content":{"rendered":"<div dir=\"auto\" style=\"text-align: justify;\">\n<p>El d\u00eda de hoy Estados Unidos decidir\u00e1 entre dos candidaturas hist\u00f3ricas: Kamala Harris, la vicepresidenta dem\u00f3crata que podr\u00eda convertirse en la primera mujer presidenta, y Donald Trump, el expresidente que busca regresar al poder tras haber enfrentado dos juicios pol\u00edticos.<\/p>\n<p>Esta jornada electoral pone fin a una campa\u00f1a marcada por la polarizaci\u00f3n y el caos, y sus resultados tendr\u00e1n un impacto significativo en M\u00e9xico. Si Trump es elegido, se anticipa un aumento en las tensiones en la frontera y posibles aranceles a las importaciones mexicanas, dado que Trump ha amenazado con utilizar medidas dr\u00e1sticas, incluso el ej\u00e9rcito estadounidense, en territorio mexicano.<\/p>\n<div dir=\"auto\" style=\"text-align: justify;\">\n<p>Adem\u00e1s, su promesa de deportar a 11 millones de personas, aunque considerada poco factible por expertos, podr\u00eda generar grandes repercusiones en toda la regi\u00f3n. Por otro lado, si Harris asume la presidencia, se espera que contin\u00fae las pol\u00edticas migratorias del gobierno de Biden, que han sido cada vez m\u00e1s restrictivas.<\/p>\n<div dir=\"auto\" style=\"text-align: justify;\">\n<div dir=\"auto\" style=\"text-align: justify;\">\n<p>La migraci\u00f3n es un tema compartido entre ambos pa\u00edses, M\u00e9xico juega un papel crucial en el control del flujo de migrantes hacia EE. UU. En cualquier escenario, M\u00e9xico enfrentar\u00e1 desaf\u00edos significativos y la posibilidad de un r\u00e9gimen migratorio severo.<\/p>\n<p>Los l\u00edderes mexicanos son conscientes de que, independientemente de qui\u00e9n gane, su influencia podr\u00eda verse limitada ante un gobierno estadounidense que busca reforzar sus pol\u00edticas migratorias.<\/p>\n<div dir=\"auto\" style=\"text-align: justify;\">\n<p>Mientras el mundo observa, la elecci\u00f3n del martes no solo definir\u00e1 el futuro de EE. UU., sino que tambi\u00e9n impactar\u00e1 profundamente las relaciones y pol\u00edticas entre M\u00e9xico y su vecino del norte.<\/p>\n<div dir=\"auto\" style=\"text-align: justify;\">\n<div dir=\"auto\" style=\"text-align: center;\"><em><strong>\u00a1Informaci\u00f3n que transforma!<\/strong><\/em><\/div>\n<\/div>\n<\/div>\n<\/div>\n<\/div>\n<\/div>\n<\/div>\n","protected":false},"excerpt":{"rendered":"<p>El d\u00eda de hoy Estados Unidos decidir\u00e1 entre dos candidaturas hist\u00f3ricas: Kamala Harris, la vicepresidenta dem\u00f3crata que podr\u00eda convertirse en la primera mujer presidenta, y Donald Trump, el expresidente que busca regresar al poder tras haber enfrentado dos juicios pol\u00edticos.<\/p>\n","protected":false},"author":3,"featured_media":5368,"comment_status":"open","ping_status":"open","sticky":false,"template":"","format":"standard","meta":{"footnotes":""},"categories":[88,21,58],"tags":[1866,1867,1299,1845],"class_list":["post-5367","post","type-post","status-publish","format-standard","has-post-thumbnail","hentry","category-nacional","category-politica","category-ultima-hora","tag-eleccionesusa","tag-impactoenmexico","tag-kamalaharris","tag-trump"],"yoast_head":"<!-- This site is optimized with the Yoast SEO plugin v25.0 - https:\/\/yoast.com\/wordpress\/plugins\/seo\/ -->\n<title>Impacto de las Elecciones en EE. UU. en M\u00e9xico: Desaf\u00edos y consecuencias | Nexo Informativo Santiago de Quer\u00e9taro<\/title>\n<meta name=\"description\" content=\"mpacto de las Elecciones en EE. UU. en M\u00e9xico: Desaf\u00edos y consecuencias\" \/>\n<meta name=\"robots\" content=\"index, follow, max-snippet:-1, max-image-preview:large, max-video-preview:-1\" \/>\n<link rel=\"canonical\" href=\"https:\/\/www.nexoinformativo.mx\/index.php\/2024\/11\/05\/mpacto-de-las-elecciones-en-ee-uu-en-mexico-desafios-y-consecuencias\/\" \/>\n<meta property=\"og:locale\" content=\"es_MX\" \/>\n<meta property=\"og:type\" content=\"article\" \/>\n<meta property=\"og:title\" content=\"Impacto de las Elecciones en EE. UU. en M\u00e9xico: Desaf\u00edos y consecuencias | Nexo Informativo Santiago de Quer\u00e9taro\" \/>\n<meta property=\"og:description\" content=\"mpacto de las Elecciones en EE. UU. en M\u00e9xico: Desaf\u00edos y consecuencias\" \/>\n<meta property=\"og:url\" content=\"https:\/\/www.nexoinformativo.mx\/index.php\/2024\/11\/05\/mpacto-de-las-elecciones-en-ee-uu-en-mexico-desafios-y-consecuencias\/\" \/>\n<meta property=\"og:site_name\" content=\"Nexo Informativo Santiago de Quer\u00e9taro\" \/>\n<meta property=\"article:publisher\" content=\"https:\/\/www.facebook.com\/people\/Nexo-Informativo\/61564066885511\/\" \/>\n<meta property=\"article:published_time\" content=\"2024-11-05T18:30:34+00:00\" \/>\n<meta property=\"article:modified_time\" content=\"2024-11-05T20:52:26+00:00\" \/>\n<meta property=\"og:image\" content=\"https:\/\/www.nexoinformativo.mx\/wp-content\/uploads\/2024\/11\/pexels-element5-1550340-e1730839764705.jpeg\" \/>\n\t<meta property=\"og:image:width\" content=\"800\" \/>\n\t<meta property=\"og:image:height\" content=\"534\" \/>\n\t<meta property=\"og:image:type\" content=\"image\/jpeg\" \/>\n<meta name=\"author\" content=\"Nexo Informativo\" \/>\n<meta name=\"twitter:card\" content=\"summary_large_image\" \/>\n<meta name=\"twitter:label1\" content=\"Escrito por\" \/>\n\t<meta name=\"twitter:data1\" content=\"Nexo Informativo\" \/>\n\t<meta name=\"twitter:label2\" content=\"Tiempo de lectura\" \/>\n\t<meta name=\"twitter:data2\" content=\"2 minutos\" \/>\n<script type=\"application\/ld+json\" class=\"yoast-schema-graph\">{\"@context\":\"https:\/\/schema.org\",\"@graph\":[{\"@type\":\"Article\",\"@id\":\"https:\/\/www.nexoinformativo.mx\/index.php\/2024\/11\/05\/mpacto-de-las-elecciones-en-ee-uu-en-mexico-desafios-y-consecuencias\/#article\",\"isPartOf\":{\"@id\":\"https:\/\/www.nexoinformativo.mx\/index.php\/2024\/11\/05\/mpacto-de-las-elecciones-en-ee-uu-en-mexico-desafios-y-consecuencias\/\"},\"author\":{\"name\":\"Nexo Informativo\",\"@id\":\"https:\/\/www.nexoinformativo.mx\/#\/schema\/person\/7749d380ba08c8ca00d7bc76fd907b7d\"},\"headline\":\"Impacto de las Elecciones en EE. UU. en M\u00e9xico: Desaf\u00edos y consecuencias\",\"datePublished\":\"2024-11-05T18:30:34+00:00\",\"dateModified\":\"2024-11-05T20:52:26+00:00\",\"mainEntityOfPage\":{\"@id\":\"https:\/\/www.nexoinformativo.mx\/index.php\/2024\/11\/05\/mpacto-de-las-elecciones-en-ee-uu-en-mexico-desafios-y-consecuencias\/\"},\"wordCount\":296,\"commentCount\":0,\"publisher\":{\"@id\":\"https:\/\/www.nexoinformativo.mx\/#organization\"},\"image\":{\"@id\":\"https:\/\/www.nexoinformativo.mx\/index.php\/2024\/11\/05\/mpacto-de-las-elecciones-en-ee-uu-en-mexico-desafios-y-consecuencias\/#primaryimage\"},\"thumbnailUrl\":\"https:\/\/www.nexoinformativo.mx\/wp-content\/uploads\/2024\/11\/pexels-element5-1550340-e1730839764705.jpeg\",\"keywords\":[\"EleccionesUSA\",\"ImpactoEnM\u00e9xico\",\"KamalaHarris\",\"Trump\"],\"articleSection\":[\"Nacional\",\"Pol\u00edtica\",\"\u00daltima Hora\"],\"inLanguage\":\"es\",\"potentialAction\":[{\"@type\":\"CommentAction\",\"name\":\"Comment\",\"target\":[\"https:\/\/www.nexoinformativo.mx\/index.php\/2024\/11\/05\/mpacto-de-las-elecciones-en-ee-uu-en-mexico-desafios-y-consecuencias\/#respond\"]}]},{\"@type\":\"WebPage\",\"@id\":\"https:\/\/www.nexoinformativo.mx\/index.php\/2024\/11\/05\/mpacto-de-las-elecciones-en-ee-uu-en-mexico-desafios-y-consecuencias\/\",\"url\":\"https:\/\/www.nexoinformativo.mx\/index.php\/2024\/11\/05\/mpacto-de-las-elecciones-en-ee-uu-en-mexico-desafios-y-consecuencias\/\",\"name\":\"Impacto de las Elecciones en EE. UU. en M\u00e9xico: Desaf\u00edos y consecuencias | Nexo Informativo Santiago de Quer\u00e9taro\",\"isPartOf\":{\"@id\":\"https:\/\/www.nexoinformativo.mx\/#website\"},\"primaryImageOfPage\":{\"@id\":\"https:\/\/www.nexoinformativo.mx\/index.php\/2024\/11\/05\/mpacto-de-las-elecciones-en-ee-uu-en-mexico-desafios-y-consecuencias\/#primaryimage\"},\"image\":{\"@id\":\"https:\/\/www.nexoinformativo.mx\/index.php\/2024\/11\/05\/mpacto-de-las-elecciones-en-ee-uu-en-mexico-desafios-y-consecuencias\/#primaryimage\"},\"thumbnailUrl\":\"https:\/\/www.nexoinformativo.mx\/wp-content\/uploads\/2024\/11\/pexels-element5-1550340-e1730839764705.jpeg\",\"datePublished\":\"2024-11-05T18:30:34+00:00\",\"dateModified\":\"2024-11-05T20:52:26+00:00\",\"description\":\"mpacto de las Elecciones en EE. UU. en M\u00e9xico: Desaf\u00edos y consecuencias\",\"breadcrumb\":{\"@id\":\"https:\/\/www.nexoinformativo.mx\/index.php\/2024\/11\/05\/mpacto-de-las-elecciones-en-ee-uu-en-mexico-desafios-y-consecuencias\/#breadcrumb\"},\"inLanguage\":\"es\",\"potentialAction\":[{\"@type\":\"ReadAction\",\"target\":[\"https:\/\/www.nexoinformativo.mx\/index.php\/2024\/11\/05\/mpacto-de-las-elecciones-en-ee-uu-en-mexico-desafios-y-consecuencias\/\"]}]},{\"@type\":\"ImageObject\",\"inLanguage\":\"es\",\"@id\":\"https:\/\/www.nexoinformativo.mx\/index.php\/2024\/11\/05\/mpacto-de-las-elecciones-en-ee-uu-en-mexico-desafios-y-consecuencias\/#primaryimage\",\"url\":\"https:\/\/www.nexoinformativo.mx\/wp-content\/uploads\/2024\/11\/pexels-element5-1550340-e1730839764705.jpeg\",\"contentUrl\":\"https:\/\/www.nexoinformativo.mx\/wp-content\/uploads\/2024\/11\/pexels-element5-1550340-e1730839764705.jpeg\",\"width\":800,\"height\":534},{\"@type\":\"BreadcrumbList\",\"@id\":\"https:\/\/www.nexoinformativo.mx\/index.php\/2024\/11\/05\/mpacto-de-las-elecciones-en-ee-uu-en-mexico-desafios-y-consecuencias\/#breadcrumb\",\"itemListElement\":[{\"@type\":\"ListItem\",\"position\":1,\"name\":\"Inicio\",\"item\":\"https:\/\/www.nexoinformativo.mx\/\"},{\"@type\":\"ListItem\",\"position\":2,\"name\":\"Impacto de las Elecciones en EE. UU. en M\u00e9xico: Desaf\u00edos y consecuencias\"}]},{\"@type\":\"WebSite\",\"@id\":\"https:\/\/www.nexoinformativo.mx\/#website\",\"url\":\"https:\/\/www.nexoinformativo.mx\/\",\"name\":\"Nexo Informativo Santiago de Quer\u00e9taro\",\"description\":\"Explora NexoInformativo y convi\u00e9rtete en parte de una comunidad que valora el conocimiento y la verdad. Tu nexoinformativo es tu puente hacia una comprensi\u00f3n m\u00e1s profunda del mundo que te rodea.\",\"publisher\":{\"@id\":\"https:\/\/www.nexoinformativo.mx\/#organization\"},\"potentialAction\":[{\"@type\":\"SearchAction\",\"target\":{\"@type\":\"EntryPoint\",\"urlTemplate\":\"https:\/\/www.nexoinformativo.mx\/?s={search_term_string}\"},\"query-input\":{\"@type\":\"PropertyValueSpecification\",\"valueRequired\":true,\"valueName\":\"search_term_string\"}}],\"inLanguage\":\"es\"},{\"@type\":\"Organization\",\"@id\":\"https:\/\/www.nexoinformativo.mx\/#organization\",\"name\":\"Nexo Informativo Santiago de Quer\u00e9taro\",\"url\":\"https:\/\/www.nexoinformativo.mx\/\",\"logo\":{\"@type\":\"ImageObject\",\"inLanguage\":\"es\",\"@id\":\"https:\/\/www.nexoinformativo.mx\/#\/schema\/logo\/image\/\",\"url\":\"https:\/\/www.nexoinformativo.mx\/wp-content\/uploads\/2024\/07\/nexoi-trasparente-2.png\",\"contentUrl\":\"https:\/\/www.nexoinformativo.mx\/wp-content\/uploads\/2024\/07\/nexoi-trasparente-2.png\",\"width\":816,\"height\":339,\"caption\":\"Nexo Informativo Santiago de Quer\u00e9taro\"},\"image\":{\"@id\":\"https:\/\/www.nexoinformativo.mx\/#\/schema\/logo\/image\/\"},\"sameAs\":[\"https:\/\/www.facebook.com\/people\/Nexo-Informativo\/61564066885511\/\"]},{\"@type\":\"Person\",\"@id\":\"https:\/\/www.nexoinformativo.mx\/#\/schema\/person\/7749d380ba08c8ca00d7bc76fd907b7d\",\"name\":\"Nexo Informativo\",\"image\":{\"@type\":\"ImageObject\",\"inLanguage\":\"es\",\"@id\":\"https:\/\/www.nexoinformativo.mx\/#\/schema\/person\/image\/\",\"url\":\"https:\/\/secure.gravatar.com\/avatar\/dde2928154642a13d95f87ddf1ea9718fe2b46760a005c53e41ff5ad610704e6?s=96&d=mm&r=g\",\"contentUrl\":\"https:\/\/secure.gravatar.com\/avatar\/dde2928154642a13d95f87ddf1ea9718fe2b46760a005c53e41ff5ad610704e6?s=96&d=mm&r=g\",\"caption\":\"Nexo Informativo\"},\"url\":\"https:\/\/www.nexoinformativo.mx\/index.php\/author\/edicion\/\"}]}<\/script>\n<!-- \/ Yoast SEO plugin. -->","yoast_head_json":{"title":"Impacto de las Elecciones en EE. UU. en M\u00e9xico: Desaf\u00edos y consecuencias | Nexo Informativo Santiago de Quer\u00e9taro","description":"mpacto de las Elecciones en EE. UU. en M\u00e9xico: Desaf\u00edos y consecuencias","robots":{"index":"index","follow":"follow","max-snippet":"max-snippet:-1","max-image-preview":"max-image-preview:large","max-video-preview":"max-video-preview:-1"},"canonical":"https:\/\/www.nexoinformativo.mx\/index.php\/2024\/11\/05\/mpacto-de-las-elecciones-en-ee-uu-en-mexico-desafios-y-consecuencias\/","og_locale":"es_MX","og_type":"article","og_title":"Impacto de las Elecciones en EE. UU. en M\u00e9xico: Desaf\u00edos y consecuencias | Nexo Informativo Santiago de Quer\u00e9taro","og_description":"mpacto de las Elecciones en EE. UU. en M\u00e9xico: Desaf\u00edos y consecuencias","og_url":"https:\/\/www.nexoinformativo.mx\/index.php\/2024\/11\/05\/mpacto-de-las-elecciones-en-ee-uu-en-mexico-desafios-y-consecuencias\/","og_site_name":"Nexo Informativo Santiago de Quer\u00e9taro","article_publisher":"https:\/\/www.facebook.com\/people\/Nexo-Informativo\/61564066885511\/","article_published_time":"2024-11-05T18:30:34+00:00","article_modified_time":"2024-11-05T20:52:26+00:00","og_image":[{"width":800,"height":534,"url":"https:\/\/www.nexoinformativo.mx\/wp-content\/uploads\/2024\/11\/pexels-element5-1550340-e1730839764705.jpeg","type":"image\/jpeg"}],"author":"Nexo Informativo","twitter_card":"summary_large_image","twitter_misc":{"Escrito por":"Nexo Informativo","Tiempo de lectura":"2 minutos"},"schema":{"@context":"https:\/\/schema.org","@graph":[{"@type":"Article","@id":"https:\/\/www.nexoinformativo.mx\/index.php\/2024\/11\/05\/mpacto-de-las-elecciones-en-ee-uu-en-mexico-desafios-y-consecuencias\/#article","isPartOf":{"@id":"https:\/\/www.nexoinformativo.mx\/index.php\/2024\/11\/05\/mpacto-de-las-elecciones-en-ee-uu-en-mexico-desafios-y-consecuencias\/"},"author":{"name":"Nexo Informativo","@id":"https:\/\/www.nexoinformativo.mx\/#\/schema\/person\/7749d380ba08c8ca00d7bc76fd907b7d"},"headline":"Impacto de las Elecciones en EE. UU. en M\u00e9xico: Desaf\u00edos y consecuencias","datePublished":"2024-11-05T18:30:34+00:00","dateModified":"2024-11-05T20:52:26+00:00","mainEntityOfPage":{"@id":"https:\/\/www.nexoinformativo.mx\/index.php\/2024\/11\/05\/mpacto-de-las-elecciones-en-ee-uu-en-mexico-desafios-y-consecuencias\/"},"wordCount":296,"commentCount":0,"publisher":{"@id":"https:\/\/www.nexoinformativo.mx\/#organization"},"image":{"@id":"https:\/\/www.nexoinformativo.mx\/index.php\/2024\/11\/05\/mpacto-de-las-elecciones-en-ee-uu-en-mexico-desafios-y-consecuencias\/#primaryimage"},"thumbnailUrl":"https:\/\/www.nexoinformativo.mx\/wp-content\/uploads\/2024\/11\/pexels-element5-1550340-e1730839764705.jpeg","keywords":["EleccionesUSA","ImpactoEnM\u00e9xico","KamalaHarris","Trump"],"articleSection":["Nacional","Pol\u00edtica","\u00daltima Hora"],"inLanguage":"es","potentialAction":[{"@type":"CommentAction","name":"Comment","target":["https:\/\/www.nexoinformativo.mx\/index.php\/2024\/11\/05\/mpacto-de-las-elecciones-en-ee-uu-en-mexico-desafios-y-consecuencias\/#respond"]}]},{"@type":"WebPage","@id":"https:\/\/www.nexoinformativo.mx\/index.php\/2024\/11\/05\/mpacto-de-las-elecciones-en-ee-uu-en-mexico-desafios-y-consecuencias\/","url":"https:\/\/www.nexoinformativo.mx\/index.php\/2024\/11\/05\/mpacto-de-las-elecciones-en-ee-uu-en-mexico-desafios-y-consecuencias\/","name":"Impacto de las Elecciones en EE. UU. en M\u00e9xico: Desaf\u00edos y consecuencias | Nexo Informativo Santiago de Quer\u00e9taro","isPartOf":{"@id":"https:\/\/www.nexoinformativo.mx\/#website"},"primaryImageOfPage":{"@id":"https:\/\/www.nexoinformativo.mx\/index.php\/2024\/11\/05\/mpacto-de-las-elecciones-en-ee-uu-en-mexico-desafios-y-consecuencias\/#primaryimage"},"image":{"@id":"https:\/\/www.nexoinformativo.mx\/index.php\/2024\/11\/05\/mpacto-de-las-elecciones-en-ee-uu-en-mexico-desafios-y-consecuencias\/#primaryimage"},"thumbnailUrl":"https:\/\/www.nexoinformativo.mx\/wp-content\/uploads\/2024\/11\/pexels-element5-1550340-e1730839764705.jpeg","datePublished":"2024-11-05T18:30:34+00:00","dateModified":"2024-11-05T20:52:26+00:00","description":"mpacto de las Elecciones en EE. UU. en M\u00e9xico: Desaf\u00edos y consecuencias","breadcrumb":{"@id":"https:\/\/www.nexoinformativo.mx\/index.php\/2024\/11\/05\/mpacto-de-las-elecciones-en-ee-uu-en-mexico-desafios-y-consecuencias\/#breadcrumb"},"inLanguage":"es","potentialAction":[{"@type":"ReadAction","target":["https:\/\/www.nexoinformativo.mx\/index.php\/2024\/11\/05\/mpacto-de-las-elecciones-en-ee-uu-en-mexico-desafios-y-consecuencias\/"]}]},{"@type":"ImageObject","inLanguage":"es","@id":"https:\/\/www.nexoinformativo.mx\/index.php\/2024\/11\/05\/mpacto-de-las-elecciones-en-ee-uu-en-mexico-desafios-y-consecuencias\/#primaryimage","url":"https:\/\/www.nexoinformativo.mx\/wp-content\/uploads\/2024\/11\/pexels-element5-1550340-e1730839764705.jpeg","contentUrl":"https:\/\/www.nexoinformativo.mx\/wp-content\/uploads\/2024\/11\/pexels-element5-1550340-e1730839764705.jpeg","width":800,"height":534},{"@type":"BreadcrumbList","@id":"https:\/\/www.nexoinformativo.mx\/index.php\/2024\/11\/05\/mpacto-de-las-elecciones-en-ee-uu-en-mexico-desafios-y-consecuencias\/#breadcrumb","itemListElement":[{"@type":"ListItem","position":1,"name":"Inicio","item":"https:\/\/www.nexoinformativo.mx\/"},{"@type":"ListItem","position":2,"name":"Impacto de las Elecciones en EE. UU. en M\u00e9xico: Desaf\u00edos y consecuencias"}]},{"@type":"WebSite","@id":"https:\/\/www.nexoinformativo.mx\/#website","url":"https:\/\/www.nexoinformativo.mx\/","name":"Nexo Informativo Santiago de Quer\u00e9taro","description":"Explora NexoInformativo y convi\u00e9rtete en parte de una comunidad que valora el conocimiento y la verdad. Tu nexoinformativo es tu puente hacia una comprensi\u00f3n m\u00e1s profunda del mundo que te rodea.","publisher":{"@id":"https:\/\/www.nexoinformativo.mx\/#organization"},"potentialAction":[{"@type":"SearchAction","target":{"@type":"EntryPoint","urlTemplate":"https:\/\/www.nexoinformativo.mx\/?s={search_term_string}"},"query-input":{"@type":"PropertyValueSpecification","valueRequired":true,"valueName":"search_term_string"}}],"inLanguage":"es"},{"@type":"Organization","@id":"https:\/\/www.nexoinformativo.mx\/#organization","name":"Nexo Informativo Santiago de Quer\u00e9taro","url":"https:\/\/www.nexoinformativo.mx\/","logo":{"@type":"ImageObject","inLanguage":"es","@id":"https:\/\/www.nexoinformativo.mx\/#\/schema\/logo\/image\/","url":"https:\/\/www.nexoinformativo.mx\/wp-content\/uploads\/2024\/07\/nexoi-trasparente-2.png","contentUrl":"https:\/\/www.nexoinformativo.mx\/wp-content\/uploads\/2024\/07\/nexoi-trasparente-2.png","width":816,"height":339,"caption":"Nexo Informativo Santiago de Quer\u00e9taro"},"image":{"@id":"https:\/\/www.nexoinformativo.mx\/#\/schema\/logo\/image\/"},"sameAs":["https:\/\/www.facebook.com\/people\/Nexo-Informativo\/61564066885511\/"]},{"@type":"Person","@id":"https:\/\/www.nexoinformativo.mx\/#\/schema\/person\/7749d380ba08c8ca00d7bc76fd907b7d","name":"Nexo Informativo","image":{"@type":"ImageObject","inLanguage":"es","@id":"https:\/\/www.nexoinformativo.mx\/#\/schema\/person\/image\/","url":"https:\/\/secure.gravatar.com\/avatar\/dde2928154642a13d95f87ddf1ea9718fe2b46760a005c53e41ff5ad610704e6?s=96&d=mm&r=g","contentUrl":"https:\/\/secure.gravatar.com\/avatar\/dde2928154642a13d95f87ddf1ea9718fe2b46760a005c53e41ff5ad610704e6?s=96&d=mm&r=g","caption":"Nexo Informativo"},"url":"https:\/\/www.nexoinformativo.mx\/index.php\/author\/edicion\/"}]}},"_links":{"self":[{"href":"https:\/\/www.nexoinformativo.mx\/index.php\/wp-json\/wp\/v2\/posts\/5367","targetHints":{"allow":["GET"]}}],"collection":[{"href":"https:\/\/www.nexoinformativo.mx\/index.php\/wp-json\/wp\/v2\/posts"}],"about":[{"href":"https:\/\/www.nexoinformativo.mx\/index.php\/wp-json\/wp\/v2\/types\/post"}],"author":[{"embeddable":true,"href":"https:\/\/www.nexoinformativo.mx\/index.php\/wp-json\/wp\/v2\/users\/3"}],"replies":[{"embeddable":true,"href":"https:\/\/www.nexoinformativo.mx\/index.php\/wp-json\/wp\/v2\/comments?post=5367"}],"version-history":[{"count":8,"href":"https:\/\/www.nexoinformativo.mx\/index.php\/wp-json\/wp\/v2\/posts\/5367\/revisions"}],"predecessor-version":[{"id":5371,"href":"https:\/\/www.nexoinformativo.mx\/index.php\/wp-json\/wp\/v2\/posts\/5367\/revisions\/5371"}],"wp:featuredmedia":[{"embeddable":true,"href":"https:\/\/www.nexoinformativo.mx\/index.php\/wp-json\/wp\/v2\/media\/5368"}],"wp:attachment":[{"href":"https:\/\/www.nexoinformativo.mx\/index.php\/wp-json\/wp\/v2\/media?parent=5367"}],"wp:term":[{"taxonomy":"category","embeddable":true,"href":"https:\/\/www.nexoinformativo.mx\/index.php\/wp-json\/wp\/v2\/categories?post=5367"},{"taxonomy":"post_tag","embeddable":true,"href":"https:\/\/www.nexoinformativo.mx\/index.php\/wp-json\/wp\/v2\/tags?post=5367"}],"curies":[{"name":"wp","href":"https:\/\/api.w.org\/{rel}","templated":true}]}}