{"id":5377,"date":"2024-11-05T13:00:05","date_gmt":"2024-11-05T19:00:05","guid":{"rendered":"https:\/\/www.nexoinformativo.mx\/?p=5377"},"modified":"2024-11-05T15:15:27","modified_gmt":"2024-11-05T21:15:27","slug":"mauricio-kuri-inauguracion-del-seminario-de-desarrollo-economico-queretaro-apuesta-por-el-desarrollo-economico-sostenible","status":"publish","type":"post","link":"https:\/\/www.nexoinformativo.mx\/index.php\/2024\/11\/05\/mauricio-kuri-inauguracion-del-seminario-de-desarrollo-economico-queretaro-apuesta-por-el-desarrollo-economico-sostenible\/","title":{"rendered":"Mauricio Kuri: Inaugur\u00f3 el Seminario de Desarrollo Econ\u00f3mico y Medio Ambiente en Quer\u00e9taro"},"content":{"rendered":"<p style=\"text-align: justify;\" data-sourcepos=\"5:1-5:279\">El gobernador Mauricio Kuri inaugur\u00f3 el Seminario Interinstitucional de Desarrollo Econ\u00f3mico y Medio Ambiente, un espacio de di\u00e1logo y colaboraci\u00f3n para impulsar el crecimiento econ\u00f3mico de la entidad sin descuidar el cuidado del medio ambiente.<\/p>\n<p>&nbsp;<\/p>\n<p style=\"text-align: justify;\" data-sourcepos=\"7:1-7:310\">Durante el evento, Kuri destac\u00f3 la importancia de aprovechar las ventajas competitivas de cada regi\u00f3n y de trabajar en conjunto para lograr un desarrollo sostenible. <strong>\u201cEl mejor programa social es el empleo\u201d<\/strong>, afirm\u00f3 el mandatario, reiterando su compromiso con generar oportunidades laborales para los queretanos.<\/p>\n<p>&nbsp;<\/p>\n<p style=\"text-align: justify;\" data-sourcepos=\"9:1-9:275\">Por su parte, el secretario de Desarrollo Sustentable, Marco Antonio Del Prete, present\u00f3 las principales acciones que se est\u00e1n llevando a cabo para impulsar la econom\u00eda verde, como el fomento de energ\u00edas renovables, la gesti\u00f3n de residuos y la protecci\u00f3n de la biodiversidad.<\/p>\n<p>&nbsp;<\/p>\n<p style=\"text-align: justify;\" data-sourcepos=\"11:1-11:252\">La representante del Poder Ejecutivo en la Ciudad de M\u00e9xico, Paloma Palacios Gonz\u00e1lez, destac\u00f3 la importancia de la colaboraci\u00f3n entre los diferentes niveles de gobierno y con actores internacionales para promover el desarrollo sostenible de Quer\u00e9taro.<\/p>\n<p>&nbsp;<\/p>\n<p style=\"text-align: justify;\" data-sourcepos=\"13:1-13:188\">Este seminario representa un paso importante en la construcci\u00f3n de un Quer\u00e9taro m\u00e1s pr\u00f3spero y sostenible, donde el crecimiento econ\u00f3mico vaya de la mano con el cuidado del medio ambiente.<\/p>\n<p>&nbsp;<\/p>\n<p style=\"text-align: center;\" data-sourcepos=\"13:1-13:188\"><em><strong>\u00a1Informaci\u00f3n que transforma!<\/strong><\/em><\/p>\n","protected":false},"excerpt":{"rendered":"<p>El gobernador Mauricio Kuri inaugur\u00f3 el Seminario Interinstitucional de Desarrollo Econ\u00f3mico y Medio Ambiente, un espacio de di\u00e1logo y colaboraci\u00f3n para impulsar el crecimiento econ\u00f3mico de la entidad sin descuidar el cuidado del medio ambiente.<\/p>\n","protected":false},"author":3,"featured_media":5381,"comment_status":"open","ping_status":"open","sticky":false,"template":"","format":"standard","meta":{"footnotes":""},"categories":[42,58],"tags":[1868,352,656,994],"class_list":["post-5377","post","type-post","status-publish","format-standard","has-post-thumbnail","hentry","category-estado","category-ultima-hora","tag-agenda2030","tag-desarrolloeconomico","tag-medioambiente","tag-queretarosostenible"],"yoast_head":"<!-- This site is optimized with the Yoast SEO plugin v25.0 - https:\/\/yoast.com\/wordpress\/plugins\/seo\/ -->\n<title>Mauricio Kuri: Inaugur\u00f3 el Seminario de Desarrollo Econ\u00f3mico y Medio Ambiente en Quer\u00e9taro | Nexo Informativo Santiago de Quer\u00e9taro<\/title>\n<meta name=\"description\" content=\"Mauricio Kuri: Inaugur\u00f3 el Seminario de Desarrollo Econ\u00f3mico y Medio Ambiente en Quer\u00e9taro\" \/>\n<meta name=\"robots\" content=\"index, follow, max-snippet:-1, max-image-preview:large, max-video-preview:-1\" \/>\n<link rel=\"canonical\" href=\"https:\/\/www.nexoinformativo.mx\/index.php\/2024\/11\/05\/mauricio-kuri-inauguracion-del-seminario-de-desarrollo-economico-queretaro-apuesta-por-el-desarrollo-economico-sostenible\/\" \/>\n<meta property=\"og:locale\" content=\"es_MX\" \/>\n<meta property=\"og:type\" content=\"article\" \/>\n<meta property=\"og:title\" content=\"Mauricio Kuri: Inaugur\u00f3 el Seminario de Desarrollo Econ\u00f3mico y Medio Ambiente en Quer\u00e9taro | Nexo Informativo Santiago de Quer\u00e9taro\" \/>\n<meta property=\"og:description\" content=\"Mauricio Kuri: Inaugur\u00f3 el Seminario de Desarrollo Econ\u00f3mico y Medio Ambiente en Quer\u00e9taro\" \/>\n<meta property=\"og:url\" content=\"https:\/\/www.nexoinformativo.mx\/index.php\/2024\/11\/05\/mauricio-kuri-inauguracion-del-seminario-de-desarrollo-economico-queretaro-apuesta-por-el-desarrollo-economico-sostenible\/\" \/>\n<meta property=\"og:site_name\" content=\"Nexo Informativo Santiago de Quer\u00e9taro\" \/>\n<meta property=\"article:publisher\" content=\"https:\/\/www.facebook.com\/people\/Nexo-Informativo\/61564066885511\/\" \/>\n<meta property=\"article:published_time\" content=\"2024-11-05T19:00:05+00:00\" \/>\n<meta property=\"article:modified_time\" content=\"2024-11-05T21:15:27+00:00\" \/>\n<meta property=\"og:image\" content=\"https:\/\/www.nexoinformativo.mx\/wp-content\/uploads\/2024\/11\/IMG_7503-e1730841265566.jpg\" \/>\n\t<meta property=\"og:image:width\" content=\"800\" \/>\n\t<meta property=\"og:image:height\" content=\"531\" \/>\n\t<meta property=\"og:image:type\" content=\"image\/jpeg\" \/>\n<meta name=\"author\" content=\"Nexo Informativo\" \/>\n<meta name=\"twitter:card\" content=\"summary_large_image\" \/>\n<meta name=\"twitter:label1\" content=\"Escrito por\" \/>\n\t<meta name=\"twitter:data1\" content=\"Nexo Informativo\" \/>\n\t<meta name=\"twitter:label2\" content=\"Tiempo de lectura\" \/>\n\t<meta name=\"twitter:data2\" content=\"2 minutos\" \/>\n<script type=\"application\/ld+json\" class=\"yoast-schema-graph\">{\"@context\":\"https:\/\/schema.org\",\"@graph\":[{\"@type\":\"Article\",\"@id\":\"https:\/\/www.nexoinformativo.mx\/index.php\/2024\/11\/05\/mauricio-kuri-inauguracion-del-seminario-de-desarrollo-economico-queretaro-apuesta-por-el-desarrollo-economico-sostenible\/#article\",\"isPartOf\":{\"@id\":\"https:\/\/www.nexoinformativo.mx\/index.php\/2024\/11\/05\/mauricio-kuri-inauguracion-del-seminario-de-desarrollo-economico-queretaro-apuesta-por-el-desarrollo-economico-sostenible\/\"},\"author\":{\"name\":\"Nexo Informativo\",\"@id\":\"https:\/\/www.nexoinformativo.mx\/#\/schema\/person\/7749d380ba08c8ca00d7bc76fd907b7d\"},\"headline\":\"Mauricio Kuri: Inaugur\u00f3 el Seminario de Desarrollo Econ\u00f3mico y Medio Ambiente en Quer\u00e9taro\",\"datePublished\":\"2024-11-05T19:00:05+00:00\",\"dateModified\":\"2024-11-05T21:15:27+00:00\",\"mainEntityOfPage\":{\"@id\":\"https:\/\/www.nexoinformativo.mx\/index.php\/2024\/11\/05\/mauricio-kuri-inauguracion-del-seminario-de-desarrollo-economico-queretaro-apuesta-por-el-desarrollo-economico-sostenible\/\"},\"wordCount\":232,\"commentCount\":0,\"publisher\":{\"@id\":\"https:\/\/www.nexoinformativo.mx\/#organization\"},\"image\":{\"@id\":\"https:\/\/www.nexoinformativo.mx\/index.php\/2024\/11\/05\/mauricio-kuri-inauguracion-del-seminario-de-desarrollo-economico-queretaro-apuesta-por-el-desarrollo-economico-sostenible\/#primaryimage\"},\"thumbnailUrl\":\"https:\/\/www.nexoinformativo.mx\/wp-content\/uploads\/2024\/11\/IMG_7503-e1730841265566.jpg\",\"keywords\":[\"Agenda2030\",\"DesarrolloEcon\u00f3mico\",\"MedioAmbiente\",\"Quer\u00e9taroSostenible\"],\"articleSection\":[\"Estado\",\"\u00daltima Hora\"],\"inLanguage\":\"es\",\"potentialAction\":[{\"@type\":\"CommentAction\",\"name\":\"Comment\",\"target\":[\"https:\/\/www.nexoinformativo.mx\/index.php\/2024\/11\/05\/mauricio-kuri-inauguracion-del-seminario-de-desarrollo-economico-queretaro-apuesta-por-el-desarrollo-economico-sostenible\/#respond\"]}]},{\"@type\":\"WebPage\",\"@id\":\"https:\/\/www.nexoinformativo.mx\/index.php\/2024\/11\/05\/mauricio-kuri-inauguracion-del-seminario-de-desarrollo-economico-queretaro-apuesta-por-el-desarrollo-economico-sostenible\/\",\"url\":\"https:\/\/www.nexoinformativo.mx\/index.php\/2024\/11\/05\/mauricio-kuri-inauguracion-del-seminario-de-desarrollo-economico-queretaro-apuesta-por-el-desarrollo-economico-sostenible\/\",\"name\":\"Mauricio Kuri: Inaugur\u00f3 el Seminario de Desarrollo Econ\u00f3mico y Medio Ambiente en Quer\u00e9taro | Nexo Informativo Santiago de Quer\u00e9taro\",\"isPartOf\":{\"@id\":\"https:\/\/www.nexoinformativo.mx\/#website\"},\"primaryImageOfPage\":{\"@id\":\"https:\/\/www.nexoinformativo.mx\/index.php\/2024\/11\/05\/mauricio-kuri-inauguracion-del-seminario-de-desarrollo-economico-queretaro-apuesta-por-el-desarrollo-economico-sostenible\/#primaryimage\"},\"image\":{\"@id\":\"https:\/\/www.nexoinformativo.mx\/index.php\/2024\/11\/05\/mauricio-kuri-inauguracion-del-seminario-de-desarrollo-economico-queretaro-apuesta-por-el-desarrollo-economico-sostenible\/#primaryimage\"},\"thumbnailUrl\":\"https:\/\/www.nexoinformativo.mx\/wp-content\/uploads\/2024\/11\/IMG_7503-e1730841265566.jpg\",\"datePublished\":\"2024-11-05T19:00:05+00:00\",\"dateModified\":\"2024-11-05T21:15:27+00:00\",\"description\":\"Mauricio Kuri: Inaugur\u00f3 el Seminario de Desarrollo Econ\u00f3mico y Medio Ambiente en Quer\u00e9taro\",\"breadcrumb\":{\"@id\":\"https:\/\/www.nexoinformativo.mx\/index.php\/2024\/11\/05\/mauricio-kuri-inauguracion-del-seminario-de-desarrollo-economico-queretaro-apuesta-por-el-desarrollo-economico-sostenible\/#breadcrumb\"},\"inLanguage\":\"es\",\"potentialAction\":[{\"@type\":\"ReadAction\",\"target\":[\"https:\/\/www.nexoinformativo.mx\/index.php\/2024\/11\/05\/mauricio-kuri-inauguracion-del-seminario-de-desarrollo-economico-queretaro-apuesta-por-el-desarrollo-economico-sostenible\/\"]}]},{\"@type\":\"ImageObject\",\"inLanguage\":\"es\",\"@id\":\"https:\/\/www.nexoinformativo.mx\/index.php\/2024\/11\/05\/mauricio-kuri-inauguracion-del-seminario-de-desarrollo-economico-queretaro-apuesta-por-el-desarrollo-economico-sostenible\/#primaryimage\",\"url\":\"https:\/\/www.nexoinformativo.mx\/wp-content\/uploads\/2024\/11\/IMG_7503-e1730841265566.jpg\",\"contentUrl\":\"https:\/\/www.nexoinformativo.mx\/wp-content\/uploads\/2024\/11\/IMG_7503-e1730841265566.jpg\",\"width\":800,\"height\":531,\"caption\":\"Screenshot\"},{\"@type\":\"BreadcrumbList\",\"@id\":\"https:\/\/www.nexoinformativo.mx\/index.php\/2024\/11\/05\/mauricio-kuri-inauguracion-del-seminario-de-desarrollo-economico-queretaro-apuesta-por-el-desarrollo-economico-sostenible\/#breadcrumb\",\"itemListElement\":[{\"@type\":\"ListItem\",\"position\":1,\"name\":\"Inicio\",\"item\":\"https:\/\/www.nexoinformativo.mx\/\"},{\"@type\":\"ListItem\",\"position\":2,\"name\":\"Mauricio Kuri: Inaugur\u00f3 el Seminario de Desarrollo Econ\u00f3mico y Medio Ambiente en Quer\u00e9taro\"}]},{\"@type\":\"WebSite\",\"@id\":\"https:\/\/www.nexoinformativo.mx\/#website\",\"url\":\"https:\/\/www.nexoinformativo.mx\/\",\"name\":\"Nexo Informativo Santiago de Quer\u00e9taro\",\"description\":\"Explora NexoInformativo y convi\u00e9rtete en parte de una comunidad que valora el conocimiento y la verdad. Tu nexoinformativo es tu puente hacia una comprensi\u00f3n m\u00e1s profunda del mundo que te rodea.\",\"publisher\":{\"@id\":\"https:\/\/www.nexoinformativo.mx\/#organization\"},\"potentialAction\":[{\"@type\":\"SearchAction\",\"target\":{\"@type\":\"EntryPoint\",\"urlTemplate\":\"https:\/\/www.nexoinformativo.mx\/?s={search_term_string}\"},\"query-input\":{\"@type\":\"PropertyValueSpecification\",\"valueRequired\":true,\"valueName\":\"search_term_string\"}}],\"inLanguage\":\"es\"},{\"@type\":\"Organization\",\"@id\":\"https:\/\/www.nexoinformativo.mx\/#organization\",\"name\":\"Nexo Informativo Santiago de Quer\u00e9taro\",\"url\":\"https:\/\/www.nexoinformativo.mx\/\",\"logo\":{\"@type\":\"ImageObject\",\"inLanguage\":\"es\",\"@id\":\"https:\/\/www.nexoinformativo.mx\/#\/schema\/logo\/image\/\",\"url\":\"https:\/\/www.nexoinformativo.mx\/wp-content\/uploads\/2024\/07\/nexoi-trasparente-2.png\",\"contentUrl\":\"https:\/\/www.nexoinformativo.mx\/wp-content\/uploads\/2024\/07\/nexoi-trasparente-2.png\",\"width\":816,\"height\":339,\"caption\":\"Nexo Informativo Santiago de Quer\u00e9taro\"},\"image\":{\"@id\":\"https:\/\/www.nexoinformativo.mx\/#\/schema\/logo\/image\/\"},\"sameAs\":[\"https:\/\/www.facebook.com\/people\/Nexo-Informativo\/61564066885511\/\"]},{\"@type\":\"Person\",\"@id\":\"https:\/\/www.nexoinformativo.mx\/#\/schema\/person\/7749d380ba08c8ca00d7bc76fd907b7d\",\"name\":\"Nexo Informativo\",\"image\":{\"@type\":\"ImageObject\",\"inLanguage\":\"es\",\"@id\":\"https:\/\/www.nexoinformativo.mx\/#\/schema\/person\/image\/\",\"url\":\"https:\/\/secure.gravatar.com\/avatar\/dde2928154642a13d95f87ddf1ea9718fe2b46760a005c53e41ff5ad610704e6?s=96&d=mm&r=g\",\"contentUrl\":\"https:\/\/secure.gravatar.com\/avatar\/dde2928154642a13d95f87ddf1ea9718fe2b46760a005c53e41ff5ad610704e6?s=96&d=mm&r=g\",\"caption\":\"Nexo Informativo\"},\"url\":\"https:\/\/www.nexoinformativo.mx\/index.php\/author\/edicion\/\"}]}<\/script>\n<!-- \/ Yoast SEO plugin. -->","yoast_head_json":{"title":"Mauricio Kuri: Inaugur\u00f3 el Seminario de Desarrollo Econ\u00f3mico y Medio Ambiente en Quer\u00e9taro | Nexo Informativo Santiago de Quer\u00e9taro","description":"Mauricio Kuri: Inaugur\u00f3 el Seminario de Desarrollo Econ\u00f3mico y Medio Ambiente en Quer\u00e9taro","robots":{"index":"index","follow":"follow","max-snippet":"max-snippet:-1","max-image-preview":"max-image-preview:large","max-video-preview":"max-video-preview:-1"},"canonical":"https:\/\/www.nexoinformativo.mx\/index.php\/2024\/11\/05\/mauricio-kuri-inauguracion-del-seminario-de-desarrollo-economico-queretaro-apuesta-por-el-desarrollo-economico-sostenible\/","og_locale":"es_MX","og_type":"article","og_title":"Mauricio Kuri: Inaugur\u00f3 el Seminario de Desarrollo Econ\u00f3mico y Medio Ambiente en Quer\u00e9taro | Nexo Informativo Santiago de Quer\u00e9taro","og_description":"Mauricio Kuri: Inaugur\u00f3 el Seminario de Desarrollo Econ\u00f3mico y Medio Ambiente en Quer\u00e9taro","og_url":"https:\/\/www.nexoinformativo.mx\/index.php\/2024\/11\/05\/mauricio-kuri-inauguracion-del-seminario-de-desarrollo-economico-queretaro-apuesta-por-el-desarrollo-economico-sostenible\/","og_site_name":"Nexo Informativo Santiago de Quer\u00e9taro","article_publisher":"https:\/\/www.facebook.com\/people\/Nexo-Informativo\/61564066885511\/","article_published_time":"2024-11-05T19:00:05+00:00","article_modified_time":"2024-11-05T21:15:27+00:00","og_image":[{"width":800,"height":531,"url":"https:\/\/www.nexoinformativo.mx\/wp-content\/uploads\/2024\/11\/IMG_7503-e1730841265566.jpg","type":"image\/jpeg"}],"author":"Nexo Informativo","twitter_card":"summary_large_image","twitter_misc":{"Escrito por":"Nexo Informativo","Tiempo de lectura":"2 minutos"},"schema":{"@context":"https:\/\/schema.org","@graph":[{"@type":"Article","@id":"https:\/\/www.nexoinformativo.mx\/index.php\/2024\/11\/05\/mauricio-kuri-inauguracion-del-seminario-de-desarrollo-economico-queretaro-apuesta-por-el-desarrollo-economico-sostenible\/#article","isPartOf":{"@id":"https:\/\/www.nexoinformativo.mx\/index.php\/2024\/11\/05\/mauricio-kuri-inauguracion-del-seminario-de-desarrollo-economico-queretaro-apuesta-por-el-desarrollo-economico-sostenible\/"},"author":{"name":"Nexo Informativo","@id":"https:\/\/www.nexoinformativo.mx\/#\/schema\/person\/7749d380ba08c8ca00d7bc76fd907b7d"},"headline":"Mauricio Kuri: Inaugur\u00f3 el Seminario de Desarrollo Econ\u00f3mico y Medio Ambiente en Quer\u00e9taro","datePublished":"2024-11-05T19:00:05+00:00","dateModified":"2024-11-05T21:15:27+00:00","mainEntityOfPage":{"@id":"https:\/\/www.nexoinformativo.mx\/index.php\/2024\/11\/05\/mauricio-kuri-inauguracion-del-seminario-de-desarrollo-economico-queretaro-apuesta-por-el-desarrollo-economico-sostenible\/"},"wordCount":232,"commentCount":0,"publisher":{"@id":"https:\/\/www.nexoinformativo.mx\/#organization"},"image":{"@id":"https:\/\/www.nexoinformativo.mx\/index.php\/2024\/11\/05\/mauricio-kuri-inauguracion-del-seminario-de-desarrollo-economico-queretaro-apuesta-por-el-desarrollo-economico-sostenible\/#primaryimage"},"thumbnailUrl":"https:\/\/www.nexoinformativo.mx\/wp-content\/uploads\/2024\/11\/IMG_7503-e1730841265566.jpg","keywords":["Agenda2030","DesarrolloEcon\u00f3mico","MedioAmbiente","Quer\u00e9taroSostenible"],"articleSection":["Estado","\u00daltima Hora"],"inLanguage":"es","potentialAction":[{"@type":"CommentAction","name":"Comment","target":["https:\/\/www.nexoinformativo.mx\/index.php\/2024\/11\/05\/mauricio-kuri-inauguracion-del-seminario-de-desarrollo-economico-queretaro-apuesta-por-el-desarrollo-economico-sostenible\/#respond"]}]},{"@type":"WebPage","@id":"https:\/\/www.nexoinformativo.mx\/index.php\/2024\/11\/05\/mauricio-kuri-inauguracion-del-seminario-de-desarrollo-economico-queretaro-apuesta-por-el-desarrollo-economico-sostenible\/","url":"https:\/\/www.nexoinformativo.mx\/index.php\/2024\/11\/05\/mauricio-kuri-inauguracion-del-seminario-de-desarrollo-economico-queretaro-apuesta-por-el-desarrollo-economico-sostenible\/","name":"Mauricio Kuri: Inaugur\u00f3 el Seminario de Desarrollo Econ\u00f3mico y Medio Ambiente en Quer\u00e9taro | Nexo Informativo Santiago de Quer\u00e9taro","isPartOf":{"@id":"https:\/\/www.nexoinformativo.mx\/#website"},"primaryImageOfPage":{"@id":"https:\/\/www.nexoinformativo.mx\/index.php\/2024\/11\/05\/mauricio-kuri-inauguracion-del-seminario-de-desarrollo-economico-queretaro-apuesta-por-el-desarrollo-economico-sostenible\/#primaryimage"},"image":{"@id":"https:\/\/www.nexoinformativo.mx\/index.php\/2024\/11\/05\/mauricio-kuri-inauguracion-del-seminario-de-desarrollo-economico-queretaro-apuesta-por-el-desarrollo-economico-sostenible\/#primaryimage"},"thumbnailUrl":"https:\/\/www.nexoinformativo.mx\/wp-content\/uploads\/2024\/11\/IMG_7503-e1730841265566.jpg","datePublished":"2024-11-05T19:00:05+00:00","dateModified":"2024-11-05T21:15:27+00:00","description":"Mauricio Kuri: Inaugur\u00f3 el Seminario de Desarrollo Econ\u00f3mico y Medio Ambiente en Quer\u00e9taro","breadcrumb":{"@id":"https:\/\/www.nexoinformativo.mx\/index.php\/2024\/11\/05\/mauricio-kuri-inauguracion-del-seminario-de-desarrollo-economico-queretaro-apuesta-por-el-desarrollo-economico-sostenible\/#breadcrumb"},"inLanguage":"es","potentialAction":[{"@type":"ReadAction","target":["https:\/\/www.nexoinformativo.mx\/index.php\/2024\/11\/05\/mauricio-kuri-inauguracion-del-seminario-de-desarrollo-economico-queretaro-apuesta-por-el-desarrollo-economico-sostenible\/"]}]},{"@type":"ImageObject","inLanguage":"es","@id":"https:\/\/www.nexoinformativo.mx\/index.php\/2024\/11\/05\/mauricio-kuri-inauguracion-del-seminario-de-desarrollo-economico-queretaro-apuesta-por-el-desarrollo-economico-sostenible\/#primaryimage","url":"https:\/\/www.nexoinformativo.mx\/wp-content\/uploads\/2024\/11\/IMG_7503-e1730841265566.jpg","contentUrl":"https:\/\/www.nexoinformativo.mx\/wp-content\/uploads\/2024\/11\/IMG_7503-e1730841265566.jpg","width":800,"height":531,"caption":"Screenshot"},{"@type":"BreadcrumbList","@id":"https:\/\/www.nexoinformativo.mx\/index.php\/2024\/11\/05\/mauricio-kuri-inauguracion-del-seminario-de-desarrollo-economico-queretaro-apuesta-por-el-desarrollo-economico-sostenible\/#breadcrumb","itemListElement":[{"@type":"ListItem","position":1,"name":"Inicio","item":"https:\/\/www.nexoinformativo.mx\/"},{"@type":"ListItem","position":2,"name":"Mauricio Kuri: Inaugur\u00f3 el Seminario de Desarrollo Econ\u00f3mico y Medio Ambiente en Quer\u00e9taro"}]},{"@type":"WebSite","@id":"https:\/\/www.nexoinformativo.mx\/#website","url":"https:\/\/www.nexoinformativo.mx\/","name":"Nexo Informativo Santiago de Quer\u00e9taro","description":"Explora NexoInformativo y convi\u00e9rtete en parte de una comunidad que valora el conocimiento y la verdad. Tu nexoinformativo es tu puente hacia una comprensi\u00f3n m\u00e1s profunda del mundo que te rodea.","publisher":{"@id":"https:\/\/www.nexoinformativo.mx\/#organization"},"potentialAction":[{"@type":"SearchAction","target":{"@type":"EntryPoint","urlTemplate":"https:\/\/www.nexoinformativo.mx\/?s={search_term_string}"},"query-input":{"@type":"PropertyValueSpecification","valueRequired":true,"valueName":"search_term_string"}}],"inLanguage":"es"},{"@type":"Organization","@id":"https:\/\/www.nexoinformativo.mx\/#organization","name":"Nexo Informativo Santiago de Quer\u00e9taro","url":"https:\/\/www.nexoinformativo.mx\/","logo":{"@type":"ImageObject","inLanguage":"es","@id":"https:\/\/www.nexoinformativo.mx\/#\/schema\/logo\/image\/","url":"https:\/\/www.nexoinformativo.mx\/wp-content\/uploads\/2024\/07\/nexoi-trasparente-2.png","contentUrl":"https:\/\/www.nexoinformativo.mx\/wp-content\/uploads\/2024\/07\/nexoi-trasparente-2.png","width":816,"height":339,"caption":"Nexo Informativo Santiago de Quer\u00e9taro"},"image":{"@id":"https:\/\/www.nexoinformativo.mx\/#\/schema\/logo\/image\/"},"sameAs":["https:\/\/www.facebook.com\/people\/Nexo-Informativo\/61564066885511\/"]},{"@type":"Person","@id":"https:\/\/www.nexoinformativo.mx\/#\/schema\/person\/7749d380ba08c8ca00d7bc76fd907b7d","name":"Nexo Informativo","image":{"@type":"ImageObject","inLanguage":"es","@id":"https:\/\/www.nexoinformativo.mx\/#\/schema\/person\/image\/","url":"https:\/\/secure.gravatar.com\/avatar\/dde2928154642a13d95f87ddf1ea9718fe2b46760a005c53e41ff5ad610704e6?s=96&d=mm&r=g","contentUrl":"https:\/\/secure.gravatar.com\/avatar\/dde2928154642a13d95f87ddf1ea9718fe2b46760a005c53e41ff5ad610704e6?s=96&d=mm&r=g","caption":"Nexo Informativo"},"url":"https:\/\/www.nexoinformativo.mx\/index.php\/author\/edicion\/"}]}},"_links":{"self":[{"href":"https:\/\/www.nexoinformativo.mx\/index.php\/wp-json\/wp\/v2\/posts\/5377","targetHints":{"allow":["GET"]}}],"collection":[{"href":"https:\/\/www.nexoinformativo.mx\/index.php\/wp-json\/wp\/v2\/posts"}],"about":[{"href":"https:\/\/www.nexoinformativo.mx\/index.php\/wp-json\/wp\/v2\/types\/post"}],"author":[{"embeddable":true,"href":"https:\/\/www.nexoinformativo.mx\/index.php\/wp-json\/wp\/v2\/users\/3"}],"replies":[{"embeddable":true,"href":"https:\/\/www.nexoinformativo.mx\/index.php\/wp-json\/wp\/v2\/comments?post=5377"}],"version-history":[{"count":5,"href":"https:\/\/www.nexoinformativo.mx\/index.php\/wp-json\/wp\/v2\/posts\/5377\/revisions"}],"predecessor-version":[{"id":5379,"href":"https:\/\/www.nexoinformativo.mx\/index.php\/wp-json\/wp\/v2\/posts\/5377\/revisions\/5379"}],"wp:featuredmedia":[{"embeddable":true,"href":"https:\/\/www.nexoinformativo.mx\/index.php\/wp-json\/wp\/v2\/media\/5381"}],"wp:attachment":[{"href":"https:\/\/www.nexoinformativo.mx\/index.php\/wp-json\/wp\/v2\/media?parent=5377"}],"wp:term":[{"taxonomy":"category","embeddable":true,"href":"https:\/\/www.nexoinformativo.mx\/index.php\/wp-json\/wp\/v2\/categories?post=5377"},{"taxonomy":"post_tag","embeddable":true,"href":"https:\/\/www.nexoinformativo.mx\/index.php\/wp-json\/wp\/v2\/tags?post=5377"}],"curies":[{"name":"wp","href":"https:\/\/api.w.org\/{rel}","templated":true}]}}