{"id":5384,"date":"2024-11-05T13:30:02","date_gmt":"2024-11-05T19:30:02","guid":{"rendered":"https:\/\/www.nexoinformativo.mx\/?p=5384"},"modified":"2024-11-05T15:25:15","modified_gmt":"2024-11-05T21:25:15","slug":"capturan-al-presunto-feminicida-de-cerrito-colorado-tras-intensa-busqueda","status":"publish","type":"post","link":"https:\/\/www.nexoinformativo.mx\/index.php\/2024\/11\/05\/capturan-al-presunto-feminicida-de-cerrito-colorado-tras-intensa-busqueda\/","title":{"rendered":"Capturan al presunto feminicida de Cerrito Colorado tras intensa b\u00fasqueda"},"content":{"rendered":"<p style=\"text-align: justify;\" data-sourcepos=\"5:1-5:248\">En un operativo conjunto entre la Fiscal\u00eda General del Estado de Quer\u00e9taro y la Fiscal\u00eda de Jalisco, se logr\u00f3 la detenci\u00f3n del principal sospechoso del feminicidio ocurrido el pasado domingo en la colonia Cerrito Colorado.<\/p>\n<p>&nbsp;<\/p>\n<p style=\"text-align: justify;\" data-sourcepos=\"7:1-7:179\">Tras 48 horas de intensa b\u00fasqueda, elementos de la Polic\u00eda de Investigaci\u00f3n del Delito (PID) localizaron y capturaron al presunto asesino en el municipio de Zapotlanejo, Jalisco.<\/p>\n<p>&nbsp;<\/p>\n<p style=\"text-align: justify;\" data-sourcepos=\"9:1-9:153\">El detenido ser\u00e1 trasladado a Quer\u00e9taro en las pr\u00f3ximas horas para ser puesto a disposici\u00f3n de un juez de control, quien determinar\u00e1 su situaci\u00f3n legal.<\/p>\n<p>&nbsp;<\/p>\n<p style=\"text-align: justify;\" data-sourcepos=\"11:1-11:179\">Con esta detenci\u00f3n, las autoridades estatales reafirman su compromiso de combatir la violencia de g\u00e9nero y llevar ante la justicia a quienes atenten contra la vida de las mujeres.<\/p>\n<p>&nbsp;<\/p>\n<p style=\"text-align: center;\" data-sourcepos=\"11:1-11:179\"><em><strong>\u00a1Informaci\u00f3n que transforma!<\/strong><\/em><\/p>\n","protected":false},"excerpt":{"rendered":"<p>En un operativo conjunto entre la Fiscal\u00eda General del Estado de Quer\u00e9taro y la Fiscal\u00eda de Jalisco, se logr\u00f3 la detenci\u00f3n del principal sospechoso del feminicidio ocurrido el pasado domingo en la colonia Cerrito Colorado.<\/p>\n","protected":false},"author":3,"featured_media":5385,"comment_status":"open","ping_status":"open","sticky":false,"template":"","format":"standard","meta":{"footnotes":""},"categories":[137,58],"tags":[1869,155,813,1856],"class_list":["post-5384","post","type-post","status-publish","format-standard","has-post-thumbnail","hentry","category-sucesos","category-ultima-hora","tag-cerritocolorado","tag-detencion","tag-feminicidio","tag-justiciaparagemma"],"yoast_head":"<!-- This site is optimized with the Yoast SEO plugin v25.0 - https:\/\/yoast.com\/wordpress\/plugins\/seo\/ -->\n<title>Capturan al presunto feminicida de Cerrito Colorado tras intensa b\u00fasqueda | Nexo Informativo Santiago de Quer\u00e9taro<\/title>\n<meta name=\"description\" content=\"Capturan al presunto feminicida de Cerrito Colorado tras intensa b\u00fasqueda\" \/>\n<meta name=\"robots\" content=\"index, follow, max-snippet:-1, max-image-preview:large, max-video-preview:-1\" \/>\n<link rel=\"canonical\" href=\"https:\/\/www.nexoinformativo.mx\/index.php\/2024\/11\/05\/capturan-al-presunto-feminicida-de-cerrito-colorado-tras-intensa-busqueda\/\" \/>\n<meta property=\"og:locale\" content=\"es_MX\" \/>\n<meta property=\"og:type\" content=\"article\" \/>\n<meta property=\"og:title\" content=\"Capturan al presunto feminicida de Cerrito Colorado tras intensa b\u00fasqueda | Nexo Informativo Santiago de Quer\u00e9taro\" \/>\n<meta property=\"og:description\" content=\"Capturan al presunto feminicida de Cerrito Colorado tras intensa b\u00fasqueda\" \/>\n<meta property=\"og:url\" content=\"https:\/\/www.nexoinformativo.mx\/index.php\/2024\/11\/05\/capturan-al-presunto-feminicida-de-cerrito-colorado-tras-intensa-busqueda\/\" \/>\n<meta property=\"og:site_name\" content=\"Nexo Informativo Santiago de Quer\u00e9taro\" \/>\n<meta property=\"article:publisher\" content=\"https:\/\/www.facebook.com\/people\/Nexo-Informativo\/61564066885511\/\" \/>\n<meta property=\"article:published_time\" content=\"2024-11-05T19:30:02+00:00\" \/>\n<meta property=\"article:modified_time\" content=\"2024-11-05T21:25:15+00:00\" \/>\n<meta property=\"og:image\" content=\"https:\/\/www.nexoinformativo.mx\/wp-content\/uploads\/2024\/11\/PHOTO-2024-11-05-13-50-10-e1730841844749.jpg\" \/>\n\t<meta property=\"og:image:width\" content=\"800\" \/>\n\t<meta property=\"og:image:height\" content=\"505\" \/>\n\t<meta property=\"og:image:type\" content=\"image\/jpeg\" \/>\n<meta name=\"author\" content=\"Nexo Informativo\" \/>\n<meta name=\"twitter:card\" content=\"summary_large_image\" \/>\n<meta name=\"twitter:label1\" content=\"Escrito por\" \/>\n\t<meta name=\"twitter:data1\" content=\"Nexo Informativo\" \/>\n\t<meta name=\"twitter:label2\" content=\"Tiempo de lectura\" \/>\n\t<meta name=\"twitter:data2\" content=\"1 minuto\" \/>\n<script type=\"application\/ld+json\" class=\"yoast-schema-graph\">{\"@context\":\"https:\/\/schema.org\",\"@graph\":[{\"@type\":\"Article\",\"@id\":\"https:\/\/www.nexoinformativo.mx\/index.php\/2024\/11\/05\/capturan-al-presunto-feminicida-de-cerrito-colorado-tras-intensa-busqueda\/#article\",\"isPartOf\":{\"@id\":\"https:\/\/www.nexoinformativo.mx\/index.php\/2024\/11\/05\/capturan-al-presunto-feminicida-de-cerrito-colorado-tras-intensa-busqueda\/\"},\"author\":{\"name\":\"Nexo Informativo\",\"@id\":\"https:\/\/www.nexoinformativo.mx\/#\/schema\/person\/7749d380ba08c8ca00d7bc76fd907b7d\"},\"headline\":\"Capturan al presunto feminicida de Cerrito Colorado tras intensa b\u00fasqueda\",\"datePublished\":\"2024-11-05T19:30:02+00:00\",\"dateModified\":\"2024-11-05T21:25:15+00:00\",\"mainEntityOfPage\":{\"@id\":\"https:\/\/www.nexoinformativo.mx\/index.php\/2024\/11\/05\/capturan-al-presunto-feminicida-de-cerrito-colorado-tras-intensa-busqueda\/\"},\"wordCount\":147,\"commentCount\":0,\"publisher\":{\"@id\":\"https:\/\/www.nexoinformativo.mx\/#organization\"},\"image\":{\"@id\":\"https:\/\/www.nexoinformativo.mx\/index.php\/2024\/11\/05\/capturan-al-presunto-feminicida-de-cerrito-colorado-tras-intensa-busqueda\/#primaryimage\"},\"thumbnailUrl\":\"https:\/\/www.nexoinformativo.mx\/wp-content\/uploads\/2024\/11\/PHOTO-2024-11-05-13-50-10-e1730841844749.jpg\",\"keywords\":[\"CerritoColorado\",\"Detenci\u00f3n\",\"Feminicidio\",\"JusticiaParaGemma\"],\"articleSection\":[\"Sucesos\",\"\u00daltima Hora\"],\"inLanguage\":\"es\",\"potentialAction\":[{\"@type\":\"CommentAction\",\"name\":\"Comment\",\"target\":[\"https:\/\/www.nexoinformativo.mx\/index.php\/2024\/11\/05\/capturan-al-presunto-feminicida-de-cerrito-colorado-tras-intensa-busqueda\/#respond\"]}]},{\"@type\":\"WebPage\",\"@id\":\"https:\/\/www.nexoinformativo.mx\/index.php\/2024\/11\/05\/capturan-al-presunto-feminicida-de-cerrito-colorado-tras-intensa-busqueda\/\",\"url\":\"https:\/\/www.nexoinformativo.mx\/index.php\/2024\/11\/05\/capturan-al-presunto-feminicida-de-cerrito-colorado-tras-intensa-busqueda\/\",\"name\":\"Capturan al presunto feminicida de Cerrito Colorado tras intensa b\u00fasqueda | Nexo Informativo Santiago de Quer\u00e9taro\",\"isPartOf\":{\"@id\":\"https:\/\/www.nexoinformativo.mx\/#website\"},\"primaryImageOfPage\":{\"@id\":\"https:\/\/www.nexoinformativo.mx\/index.php\/2024\/11\/05\/capturan-al-presunto-feminicida-de-cerrito-colorado-tras-intensa-busqueda\/#primaryimage\"},\"image\":{\"@id\":\"https:\/\/www.nexoinformativo.mx\/index.php\/2024\/11\/05\/capturan-al-presunto-feminicida-de-cerrito-colorado-tras-intensa-busqueda\/#primaryimage\"},\"thumbnailUrl\":\"https:\/\/www.nexoinformativo.mx\/wp-content\/uploads\/2024\/11\/PHOTO-2024-11-05-13-50-10-e1730841844749.jpg\",\"datePublished\":\"2024-11-05T19:30:02+00:00\",\"dateModified\":\"2024-11-05T21:25:15+00:00\",\"description\":\"Capturan al presunto feminicida de Cerrito Colorado tras intensa b\u00fasqueda\",\"breadcrumb\":{\"@id\":\"https:\/\/www.nexoinformativo.mx\/index.php\/2024\/11\/05\/capturan-al-presunto-feminicida-de-cerrito-colorado-tras-intensa-busqueda\/#breadcrumb\"},\"inLanguage\":\"es\",\"potentialAction\":[{\"@type\":\"ReadAction\",\"target\":[\"https:\/\/www.nexoinformativo.mx\/index.php\/2024\/11\/05\/capturan-al-presunto-feminicida-de-cerrito-colorado-tras-intensa-busqueda\/\"]}]},{\"@type\":\"ImageObject\",\"inLanguage\":\"es\",\"@id\":\"https:\/\/www.nexoinformativo.mx\/index.php\/2024\/11\/05\/capturan-al-presunto-feminicida-de-cerrito-colorado-tras-intensa-busqueda\/#primaryimage\",\"url\":\"https:\/\/www.nexoinformativo.mx\/wp-content\/uploads\/2024\/11\/PHOTO-2024-11-05-13-50-10-e1730841844749.jpg\",\"contentUrl\":\"https:\/\/www.nexoinformativo.mx\/wp-content\/uploads\/2024\/11\/PHOTO-2024-11-05-13-50-10-e1730841844749.jpg\",\"width\":800,\"height\":505},{\"@type\":\"BreadcrumbList\",\"@id\":\"https:\/\/www.nexoinformativo.mx\/index.php\/2024\/11\/05\/capturan-al-presunto-feminicida-de-cerrito-colorado-tras-intensa-busqueda\/#breadcrumb\",\"itemListElement\":[{\"@type\":\"ListItem\",\"position\":1,\"name\":\"Inicio\",\"item\":\"https:\/\/www.nexoinformativo.mx\/\"},{\"@type\":\"ListItem\",\"position\":2,\"name\":\"Capturan al presunto feminicida de Cerrito Colorado tras intensa b\u00fasqueda\"}]},{\"@type\":\"WebSite\",\"@id\":\"https:\/\/www.nexoinformativo.mx\/#website\",\"url\":\"https:\/\/www.nexoinformativo.mx\/\",\"name\":\"Nexo Informativo Santiago de Quer\u00e9taro\",\"description\":\"Explora NexoInformativo y convi\u00e9rtete en parte de una comunidad que valora el conocimiento y la verdad. Tu nexoinformativo es tu puente hacia una comprensi\u00f3n m\u00e1s profunda del mundo que te rodea.\",\"publisher\":{\"@id\":\"https:\/\/www.nexoinformativo.mx\/#organization\"},\"potentialAction\":[{\"@type\":\"SearchAction\",\"target\":{\"@type\":\"EntryPoint\",\"urlTemplate\":\"https:\/\/www.nexoinformativo.mx\/?s={search_term_string}\"},\"query-input\":{\"@type\":\"PropertyValueSpecification\",\"valueRequired\":true,\"valueName\":\"search_term_string\"}}],\"inLanguage\":\"es\"},{\"@type\":\"Organization\",\"@id\":\"https:\/\/www.nexoinformativo.mx\/#organization\",\"name\":\"Nexo Informativo Santiago de Quer\u00e9taro\",\"url\":\"https:\/\/www.nexoinformativo.mx\/\",\"logo\":{\"@type\":\"ImageObject\",\"inLanguage\":\"es\",\"@id\":\"https:\/\/www.nexoinformativo.mx\/#\/schema\/logo\/image\/\",\"url\":\"https:\/\/www.nexoinformativo.mx\/wp-content\/uploads\/2024\/07\/nexoi-trasparente-2.png\",\"contentUrl\":\"https:\/\/www.nexoinformativo.mx\/wp-content\/uploads\/2024\/07\/nexoi-trasparente-2.png\",\"width\":816,\"height\":339,\"caption\":\"Nexo Informativo Santiago de Quer\u00e9taro\"},\"image\":{\"@id\":\"https:\/\/www.nexoinformativo.mx\/#\/schema\/logo\/image\/\"},\"sameAs\":[\"https:\/\/www.facebook.com\/people\/Nexo-Informativo\/61564066885511\/\"]},{\"@type\":\"Person\",\"@id\":\"https:\/\/www.nexoinformativo.mx\/#\/schema\/person\/7749d380ba08c8ca00d7bc76fd907b7d\",\"name\":\"Nexo Informativo\",\"image\":{\"@type\":\"ImageObject\",\"inLanguage\":\"es\",\"@id\":\"https:\/\/www.nexoinformativo.mx\/#\/schema\/person\/image\/\",\"url\":\"https:\/\/secure.gravatar.com\/avatar\/dde2928154642a13d95f87ddf1ea9718fe2b46760a005c53e41ff5ad610704e6?s=96&d=mm&r=g\",\"contentUrl\":\"https:\/\/secure.gravatar.com\/avatar\/dde2928154642a13d95f87ddf1ea9718fe2b46760a005c53e41ff5ad610704e6?s=96&d=mm&r=g\",\"caption\":\"Nexo Informativo\"},\"url\":\"https:\/\/www.nexoinformativo.mx\/index.php\/author\/edicion\/\"}]}<\/script>\n<!-- \/ Yoast SEO plugin. -->","yoast_head_json":{"title":"Capturan al presunto feminicida de Cerrito Colorado tras intensa b\u00fasqueda | Nexo Informativo Santiago de Quer\u00e9taro","description":"Capturan al presunto feminicida de Cerrito Colorado tras intensa b\u00fasqueda","robots":{"index":"index","follow":"follow","max-snippet":"max-snippet:-1","max-image-preview":"max-image-preview:large","max-video-preview":"max-video-preview:-1"},"canonical":"https:\/\/www.nexoinformativo.mx\/index.php\/2024\/11\/05\/capturan-al-presunto-feminicida-de-cerrito-colorado-tras-intensa-busqueda\/","og_locale":"es_MX","og_type":"article","og_title":"Capturan al presunto feminicida de Cerrito Colorado tras intensa b\u00fasqueda | Nexo Informativo Santiago de Quer\u00e9taro","og_description":"Capturan al presunto feminicida de Cerrito Colorado tras intensa b\u00fasqueda","og_url":"https:\/\/www.nexoinformativo.mx\/index.php\/2024\/11\/05\/capturan-al-presunto-feminicida-de-cerrito-colorado-tras-intensa-busqueda\/","og_site_name":"Nexo Informativo Santiago de Quer\u00e9taro","article_publisher":"https:\/\/www.facebook.com\/people\/Nexo-Informativo\/61564066885511\/","article_published_time":"2024-11-05T19:30:02+00:00","article_modified_time":"2024-11-05T21:25:15+00:00","og_image":[{"width":800,"height":505,"url":"https:\/\/www.nexoinformativo.mx\/wp-content\/uploads\/2024\/11\/PHOTO-2024-11-05-13-50-10-e1730841844749.jpg","type":"image\/jpeg"}],"author":"Nexo Informativo","twitter_card":"summary_large_image","twitter_misc":{"Escrito por":"Nexo Informativo","Tiempo de lectura":"1 minuto"},"schema":{"@context":"https:\/\/schema.org","@graph":[{"@type":"Article","@id":"https:\/\/www.nexoinformativo.mx\/index.php\/2024\/11\/05\/capturan-al-presunto-feminicida-de-cerrito-colorado-tras-intensa-busqueda\/#article","isPartOf":{"@id":"https:\/\/www.nexoinformativo.mx\/index.php\/2024\/11\/05\/capturan-al-presunto-feminicida-de-cerrito-colorado-tras-intensa-busqueda\/"},"author":{"name":"Nexo Informativo","@id":"https:\/\/www.nexoinformativo.mx\/#\/schema\/person\/7749d380ba08c8ca00d7bc76fd907b7d"},"headline":"Capturan al presunto feminicida de Cerrito Colorado tras intensa b\u00fasqueda","datePublished":"2024-11-05T19:30:02+00:00","dateModified":"2024-11-05T21:25:15+00:00","mainEntityOfPage":{"@id":"https:\/\/www.nexoinformativo.mx\/index.php\/2024\/11\/05\/capturan-al-presunto-feminicida-de-cerrito-colorado-tras-intensa-busqueda\/"},"wordCount":147,"commentCount":0,"publisher":{"@id":"https:\/\/www.nexoinformativo.mx\/#organization"},"image":{"@id":"https:\/\/www.nexoinformativo.mx\/index.php\/2024\/11\/05\/capturan-al-presunto-feminicida-de-cerrito-colorado-tras-intensa-busqueda\/#primaryimage"},"thumbnailUrl":"https:\/\/www.nexoinformativo.mx\/wp-content\/uploads\/2024\/11\/PHOTO-2024-11-05-13-50-10-e1730841844749.jpg","keywords":["CerritoColorado","Detenci\u00f3n","Feminicidio","JusticiaParaGemma"],"articleSection":["Sucesos","\u00daltima Hora"],"inLanguage":"es","potentialAction":[{"@type":"CommentAction","name":"Comment","target":["https:\/\/www.nexoinformativo.mx\/index.php\/2024\/11\/05\/capturan-al-presunto-feminicida-de-cerrito-colorado-tras-intensa-busqueda\/#respond"]}]},{"@type":"WebPage","@id":"https:\/\/www.nexoinformativo.mx\/index.php\/2024\/11\/05\/capturan-al-presunto-feminicida-de-cerrito-colorado-tras-intensa-busqueda\/","url":"https:\/\/www.nexoinformativo.mx\/index.php\/2024\/11\/05\/capturan-al-presunto-feminicida-de-cerrito-colorado-tras-intensa-busqueda\/","name":"Capturan al presunto feminicida de Cerrito Colorado tras intensa b\u00fasqueda | Nexo Informativo Santiago de Quer\u00e9taro","isPartOf":{"@id":"https:\/\/www.nexoinformativo.mx\/#website"},"primaryImageOfPage":{"@id":"https:\/\/www.nexoinformativo.mx\/index.php\/2024\/11\/05\/capturan-al-presunto-feminicida-de-cerrito-colorado-tras-intensa-busqueda\/#primaryimage"},"image":{"@id":"https:\/\/www.nexoinformativo.mx\/index.php\/2024\/11\/05\/capturan-al-presunto-feminicida-de-cerrito-colorado-tras-intensa-busqueda\/#primaryimage"},"thumbnailUrl":"https:\/\/www.nexoinformativo.mx\/wp-content\/uploads\/2024\/11\/PHOTO-2024-11-05-13-50-10-e1730841844749.jpg","datePublished":"2024-11-05T19:30:02+00:00","dateModified":"2024-11-05T21:25:15+00:00","description":"Capturan al presunto feminicida de Cerrito Colorado tras intensa b\u00fasqueda","breadcrumb":{"@id":"https:\/\/www.nexoinformativo.mx\/index.php\/2024\/11\/05\/capturan-al-presunto-feminicida-de-cerrito-colorado-tras-intensa-busqueda\/#breadcrumb"},"inLanguage":"es","potentialAction":[{"@type":"ReadAction","target":["https:\/\/www.nexoinformativo.mx\/index.php\/2024\/11\/05\/capturan-al-presunto-feminicida-de-cerrito-colorado-tras-intensa-busqueda\/"]}]},{"@type":"ImageObject","inLanguage":"es","@id":"https:\/\/www.nexoinformativo.mx\/index.php\/2024\/11\/05\/capturan-al-presunto-feminicida-de-cerrito-colorado-tras-intensa-busqueda\/#primaryimage","url":"https:\/\/www.nexoinformativo.mx\/wp-content\/uploads\/2024\/11\/PHOTO-2024-11-05-13-50-10-e1730841844749.jpg","contentUrl":"https:\/\/www.nexoinformativo.mx\/wp-content\/uploads\/2024\/11\/PHOTO-2024-11-05-13-50-10-e1730841844749.jpg","width":800,"height":505},{"@type":"BreadcrumbList","@id":"https:\/\/www.nexoinformativo.mx\/index.php\/2024\/11\/05\/capturan-al-presunto-feminicida-de-cerrito-colorado-tras-intensa-busqueda\/#breadcrumb","itemListElement":[{"@type":"ListItem","position":1,"name":"Inicio","item":"https:\/\/www.nexoinformativo.mx\/"},{"@type":"ListItem","position":2,"name":"Capturan al presunto feminicida de Cerrito Colorado tras intensa b\u00fasqueda"}]},{"@type":"WebSite","@id":"https:\/\/www.nexoinformativo.mx\/#website","url":"https:\/\/www.nexoinformativo.mx\/","name":"Nexo Informativo Santiago de Quer\u00e9taro","description":"Explora NexoInformativo y convi\u00e9rtete en parte de una comunidad que valora el conocimiento y la verdad. Tu nexoinformativo es tu puente hacia una comprensi\u00f3n m\u00e1s profunda del mundo que te rodea.","publisher":{"@id":"https:\/\/www.nexoinformativo.mx\/#organization"},"potentialAction":[{"@type":"SearchAction","target":{"@type":"EntryPoint","urlTemplate":"https:\/\/www.nexoinformativo.mx\/?s={search_term_string}"},"query-input":{"@type":"PropertyValueSpecification","valueRequired":true,"valueName":"search_term_string"}}],"inLanguage":"es"},{"@type":"Organization","@id":"https:\/\/www.nexoinformativo.mx\/#organization","name":"Nexo Informativo Santiago de Quer\u00e9taro","url":"https:\/\/www.nexoinformativo.mx\/","logo":{"@type":"ImageObject","inLanguage":"es","@id":"https:\/\/www.nexoinformativo.mx\/#\/schema\/logo\/image\/","url":"https:\/\/www.nexoinformativo.mx\/wp-content\/uploads\/2024\/07\/nexoi-trasparente-2.png","contentUrl":"https:\/\/www.nexoinformativo.mx\/wp-content\/uploads\/2024\/07\/nexoi-trasparente-2.png","width":816,"height":339,"caption":"Nexo Informativo Santiago de Quer\u00e9taro"},"image":{"@id":"https:\/\/www.nexoinformativo.mx\/#\/schema\/logo\/image\/"},"sameAs":["https:\/\/www.facebook.com\/people\/Nexo-Informativo\/61564066885511\/"]},{"@type":"Person","@id":"https:\/\/www.nexoinformativo.mx\/#\/schema\/person\/7749d380ba08c8ca00d7bc76fd907b7d","name":"Nexo Informativo","image":{"@type":"ImageObject","inLanguage":"es","@id":"https:\/\/www.nexoinformativo.mx\/#\/schema\/person\/image\/","url":"https:\/\/secure.gravatar.com\/avatar\/dde2928154642a13d95f87ddf1ea9718fe2b46760a005c53e41ff5ad610704e6?s=96&d=mm&r=g","contentUrl":"https:\/\/secure.gravatar.com\/avatar\/dde2928154642a13d95f87ddf1ea9718fe2b46760a005c53e41ff5ad610704e6?s=96&d=mm&r=g","caption":"Nexo Informativo"},"url":"https:\/\/www.nexoinformativo.mx\/index.php\/author\/edicion\/"}]}},"_links":{"self":[{"href":"https:\/\/www.nexoinformativo.mx\/index.php\/wp-json\/wp\/v2\/posts\/5384","targetHints":{"allow":["GET"]}}],"collection":[{"href":"https:\/\/www.nexoinformativo.mx\/index.php\/wp-json\/wp\/v2\/posts"}],"about":[{"href":"https:\/\/www.nexoinformativo.mx\/index.php\/wp-json\/wp\/v2\/types\/post"}],"author":[{"embeddable":true,"href":"https:\/\/www.nexoinformativo.mx\/index.php\/wp-json\/wp\/v2\/users\/3"}],"replies":[{"embeddable":true,"href":"https:\/\/www.nexoinformativo.mx\/index.php\/wp-json\/wp\/v2\/comments?post=5384"}],"version-history":[{"count":2,"href":"https:\/\/www.nexoinformativo.mx\/index.php\/wp-json\/wp\/v2\/posts\/5384\/revisions"}],"predecessor-version":[{"id":5387,"href":"https:\/\/www.nexoinformativo.mx\/index.php\/wp-json\/wp\/v2\/posts\/5384\/revisions\/5387"}],"wp:featuredmedia":[{"embeddable":true,"href":"https:\/\/www.nexoinformativo.mx\/index.php\/wp-json\/wp\/v2\/media\/5385"}],"wp:attachment":[{"href":"https:\/\/www.nexoinformativo.mx\/index.php\/wp-json\/wp\/v2\/media?parent=5384"}],"wp:term":[{"taxonomy":"category","embeddable":true,"href":"https:\/\/www.nexoinformativo.mx\/index.php\/wp-json\/wp\/v2\/categories?post=5384"},{"taxonomy":"post_tag","embeddable":true,"href":"https:\/\/www.nexoinformativo.mx\/index.php\/wp-json\/wp\/v2\/tags?post=5384"}],"curies":[{"name":"wp","href":"https:\/\/api.w.org\/{rel}","templated":true}]}}