{"id":5395,"date":"2024-11-05T14:30:29","date_gmt":"2024-11-05T20:30:29","guid":{"rendered":"https:\/\/www.nexoinformativo.mx\/?p=5395"},"modified":"2024-11-05T15:38:41","modified_gmt":"2024-11-05T21:38:41","slug":"mauricio-kuri-respalda-propuesta-de-la-scjn-para-invalidar-parte-de-la-reforma-judicial","status":"publish","type":"post","link":"https:\/\/www.nexoinformativo.mx\/index.php\/2024\/11\/05\/mauricio-kuri-respalda-propuesta-de-la-scjn-para-invalidar-parte-de-la-reforma-judicial\/","title":{"rendered":"Mauricio Kuri respalda propuesta de la SCJN para invalidar parte de la reforma judicial"},"content":{"rendered":"<p style=\"text-align: justify;\" data-sourcepos=\"5:1-5:388\">El gobernador de Quer\u00e9taro, Mauricio Kuri Gonz\u00e1lez, expres\u00f3 su apoyo a la propuesta del ministro Luis Gonz\u00e1lez Alc\u00e1ntara, quien plantea la invalidez parcial de la reciente reforma judicial. Kuri calific\u00f3 esta propuesta como \u201csolom\u00f3nica\u201d y consider\u00f3 que los cambios propuestos en la reforma son demasiado profundos y requieren una revisi\u00f3n m\u00e1s exhaustiva.<\/p>\n<p>&nbsp;<\/p>\n<p style=\"text-align: justify;\" data-sourcepos=\"7:1-7:312\">En conferencia de prensa, el mandatario estatal se\u00f1al\u00f3 que la Suprema Corte de Justicia de la Naci\u00f3n (SCJN) tiene la responsabilidad de cuidar la Constituci\u00f3n y que sus decisiones deben ser acatadas. Kuri destac\u00f3 la importancia de mantener la institucionalidad y de evitar cambios bruscos en el sistema judicial.<\/p>\n<p>&nbsp;<\/p>\n<p style=\"text-align: justify;\" data-sourcepos=\"9:1-9:277\"><strong>&#8220;Considero que la propuesta del ministro Gonz\u00e1lez Alc\u00e1ntara es un llamado a la reflexi\u00f3n sobre los alcances de esta reforma&#8221;<\/strong>, afirm\u00f3 Kuri. &#8220;Es necesario analizar a fondo las implicaciones de estos cambios y garantizar que no se afecte el Estado de derecho&#8221;.<\/p>\n<p>&nbsp;<\/p>\n<p style=\"text-align: justify;\" data-sourcepos=\"11:1-11:233\">El gobernador tambi\u00e9n hizo hincapi\u00e9 en el costo econ\u00f3mico que implicar\u00eda la implementaci\u00f3n de la reforma judicial, estimando que se requerir\u00edan alrededor de 13 mil millones de pesos para la elecci\u00f3n de nuevos magistrados y ministros.<\/p>\n<p>&nbsp;<\/p>\n<p style=\"text-align: center;\" data-sourcepos=\"11:1-11:233\"><em><strong>\u00a1Informaci\u00f3n que transforma!<\/strong><\/em><\/p>\n","protected":false},"excerpt":{"rendered":"<p>El gobernador de Quer\u00e9taro, Mauricio Kuri Gonz\u00e1lez, expres\u00f3 su apoyo a la propuesta del ministro Luis Gonz\u00e1lez Alc\u00e1ntara, quien plantea la invalidez parcial de la reciente reforma judicial.<\/p>\n","protected":false},"author":3,"featured_media":3564,"comment_status":"open","ping_status":"open","sticky":false,"template":"","format":"standard","meta":{"footnotes":""},"categories":[21,58],"tags":[661,133,272,1717],"class_list":["post-5395","post","type-post","status-publish","format-standard","has-post-thumbnail","hentry","category-politica","category-ultima-hora","tag-mauriciokuri","tag-queretaro","tag-reformajudicial","tag-scjn"],"yoast_head":"<!-- This site is optimized with the Yoast SEO plugin v25.0 - https:\/\/yoast.com\/wordpress\/plugins\/seo\/ -->\n<title>Mauricio Kuri respalda propuesta de la SCJN para invalidar parte de la reforma judicial | Nexo Informativo Santiago de Quer\u00e9taro<\/title>\n<meta name=\"description\" content=\"Mauricio Kuri respalda propuesta de la SCJN para invalidar parte de la reforma judicial\" \/>\n<meta name=\"robots\" content=\"index, follow, max-snippet:-1, max-image-preview:large, max-video-preview:-1\" \/>\n<link rel=\"canonical\" href=\"https:\/\/www.nexoinformativo.mx\/index.php\/2024\/11\/05\/mauricio-kuri-respalda-propuesta-de-la-scjn-para-invalidar-parte-de-la-reforma-judicial\/\" \/>\n<meta property=\"og:locale\" content=\"es_MX\" \/>\n<meta property=\"og:type\" content=\"article\" \/>\n<meta property=\"og:title\" content=\"Mauricio Kuri respalda propuesta de la SCJN para invalidar parte de la reforma judicial | Nexo Informativo Santiago de Quer\u00e9taro\" \/>\n<meta property=\"og:description\" content=\"Mauricio Kuri respalda propuesta de la SCJN para invalidar parte de la reforma judicial\" \/>\n<meta property=\"og:url\" content=\"https:\/\/www.nexoinformativo.mx\/index.php\/2024\/11\/05\/mauricio-kuri-respalda-propuesta-de-la-scjn-para-invalidar-parte-de-la-reforma-judicial\/\" \/>\n<meta property=\"og:site_name\" content=\"Nexo Informativo Santiago de Quer\u00e9taro\" \/>\n<meta property=\"article:publisher\" content=\"https:\/\/www.facebook.com\/people\/Nexo-Informativo\/61564066885511\/\" \/>\n<meta property=\"article:published_time\" content=\"2024-11-05T20:30:29+00:00\" \/>\n<meta property=\"article:modified_time\" content=\"2024-11-05T21:38:41+00:00\" \/>\n<meta property=\"og:image\" content=\"https:\/\/www.nexoinformativo.mx\/wp-content\/uploads\/2024\/10\/PHOTO-2024-10-16-13-58-17-e1729110480241.jpg\" \/>\n\t<meta property=\"og:image:width\" content=\"800\" \/>\n\t<meta property=\"og:image:height\" content=\"533\" \/>\n\t<meta property=\"og:image:type\" content=\"image\/jpeg\" \/>\n<meta name=\"author\" content=\"Nexo Informativo\" \/>\n<meta name=\"twitter:card\" content=\"summary_large_image\" \/>\n<meta name=\"twitter:label1\" content=\"Escrito por\" \/>\n\t<meta name=\"twitter:data1\" content=\"Nexo Informativo\" \/>\n\t<meta name=\"twitter:label2\" content=\"Tiempo de lectura\" \/>\n\t<meta name=\"twitter:data2\" content=\"2 minutos\" \/>\n<script type=\"application\/ld+json\" class=\"yoast-schema-graph\">{\"@context\":\"https:\/\/schema.org\",\"@graph\":[{\"@type\":\"Article\",\"@id\":\"https:\/\/www.nexoinformativo.mx\/index.php\/2024\/11\/05\/mauricio-kuri-respalda-propuesta-de-la-scjn-para-invalidar-parte-de-la-reforma-judicial\/#article\",\"isPartOf\":{\"@id\":\"https:\/\/www.nexoinformativo.mx\/index.php\/2024\/11\/05\/mauricio-kuri-respalda-propuesta-de-la-scjn-para-invalidar-parte-de-la-reforma-judicial\/\"},\"author\":{\"name\":\"Nexo Informativo\",\"@id\":\"https:\/\/www.nexoinformativo.mx\/#\/schema\/person\/7749d380ba08c8ca00d7bc76fd907b7d\"},\"headline\":\"Mauricio Kuri respalda propuesta de la SCJN para invalidar parte de la reforma judicial\",\"datePublished\":\"2024-11-05T20:30:29+00:00\",\"dateModified\":\"2024-11-05T21:38:41+00:00\",\"mainEntityOfPage\":{\"@id\":\"https:\/\/www.nexoinformativo.mx\/index.php\/2024\/11\/05\/mauricio-kuri-respalda-propuesta-de-la-scjn-para-invalidar-parte-de-la-reforma-judicial\/\"},\"wordCount\":219,\"commentCount\":0,\"publisher\":{\"@id\":\"https:\/\/www.nexoinformativo.mx\/#organization\"},\"image\":{\"@id\":\"https:\/\/www.nexoinformativo.mx\/index.php\/2024\/11\/05\/mauricio-kuri-respalda-propuesta-de-la-scjn-para-invalidar-parte-de-la-reforma-judicial\/#primaryimage\"},\"thumbnailUrl\":\"https:\/\/www.nexoinformativo.mx\/wp-content\/uploads\/2024\/10\/PHOTO-2024-10-16-13-58-17-e1729110480241.jpg\",\"keywords\":[\"MauricioKuri\",\"Quer\u00e9taro\",\"ReformaJudicial\",\"SCJN\"],\"articleSection\":[\"Pol\u00edtica\",\"\u00daltima Hora\"],\"inLanguage\":\"es\",\"potentialAction\":[{\"@type\":\"CommentAction\",\"name\":\"Comment\",\"target\":[\"https:\/\/www.nexoinformativo.mx\/index.php\/2024\/11\/05\/mauricio-kuri-respalda-propuesta-de-la-scjn-para-invalidar-parte-de-la-reforma-judicial\/#respond\"]}]},{\"@type\":\"WebPage\",\"@id\":\"https:\/\/www.nexoinformativo.mx\/index.php\/2024\/11\/05\/mauricio-kuri-respalda-propuesta-de-la-scjn-para-invalidar-parte-de-la-reforma-judicial\/\",\"url\":\"https:\/\/www.nexoinformativo.mx\/index.php\/2024\/11\/05\/mauricio-kuri-respalda-propuesta-de-la-scjn-para-invalidar-parte-de-la-reforma-judicial\/\",\"name\":\"Mauricio Kuri respalda propuesta de la SCJN para invalidar parte de la reforma judicial | Nexo Informativo Santiago de Quer\u00e9taro\",\"isPartOf\":{\"@id\":\"https:\/\/www.nexoinformativo.mx\/#website\"},\"primaryImageOfPage\":{\"@id\":\"https:\/\/www.nexoinformativo.mx\/index.php\/2024\/11\/05\/mauricio-kuri-respalda-propuesta-de-la-scjn-para-invalidar-parte-de-la-reforma-judicial\/#primaryimage\"},\"image\":{\"@id\":\"https:\/\/www.nexoinformativo.mx\/index.php\/2024\/11\/05\/mauricio-kuri-respalda-propuesta-de-la-scjn-para-invalidar-parte-de-la-reforma-judicial\/#primaryimage\"},\"thumbnailUrl\":\"https:\/\/www.nexoinformativo.mx\/wp-content\/uploads\/2024\/10\/PHOTO-2024-10-16-13-58-17-e1729110480241.jpg\",\"datePublished\":\"2024-11-05T20:30:29+00:00\",\"dateModified\":\"2024-11-05T21:38:41+00:00\",\"description\":\"Mauricio Kuri respalda propuesta de la SCJN para invalidar parte de la reforma judicial\",\"breadcrumb\":{\"@id\":\"https:\/\/www.nexoinformativo.mx\/index.php\/2024\/11\/05\/mauricio-kuri-respalda-propuesta-de-la-scjn-para-invalidar-parte-de-la-reforma-judicial\/#breadcrumb\"},\"inLanguage\":\"es\",\"potentialAction\":[{\"@type\":\"ReadAction\",\"target\":[\"https:\/\/www.nexoinformativo.mx\/index.php\/2024\/11\/05\/mauricio-kuri-respalda-propuesta-de-la-scjn-para-invalidar-parte-de-la-reforma-judicial\/\"]}]},{\"@type\":\"ImageObject\",\"inLanguage\":\"es\",\"@id\":\"https:\/\/www.nexoinformativo.mx\/index.php\/2024\/11\/05\/mauricio-kuri-respalda-propuesta-de-la-scjn-para-invalidar-parte-de-la-reforma-judicial\/#primaryimage\",\"url\":\"https:\/\/www.nexoinformativo.mx\/wp-content\/uploads\/2024\/10\/PHOTO-2024-10-16-13-58-17-e1729110480241.jpg\",\"contentUrl\":\"https:\/\/www.nexoinformativo.mx\/wp-content\/uploads\/2024\/10\/PHOTO-2024-10-16-13-58-17-e1729110480241.jpg\",\"width\":800,\"height\":533},{\"@type\":\"BreadcrumbList\",\"@id\":\"https:\/\/www.nexoinformativo.mx\/index.php\/2024\/11\/05\/mauricio-kuri-respalda-propuesta-de-la-scjn-para-invalidar-parte-de-la-reforma-judicial\/#breadcrumb\",\"itemListElement\":[{\"@type\":\"ListItem\",\"position\":1,\"name\":\"Inicio\",\"item\":\"https:\/\/www.nexoinformativo.mx\/\"},{\"@type\":\"ListItem\",\"position\":2,\"name\":\"Mauricio Kuri respalda propuesta de la SCJN para invalidar parte de la reforma judicial\"}]},{\"@type\":\"WebSite\",\"@id\":\"https:\/\/www.nexoinformativo.mx\/#website\",\"url\":\"https:\/\/www.nexoinformativo.mx\/\",\"name\":\"Nexo Informativo Santiago de Quer\u00e9taro\",\"description\":\"Explora NexoInformativo y convi\u00e9rtete en parte de una comunidad que valora el conocimiento y la verdad. Tu nexoinformativo es tu puente hacia una comprensi\u00f3n m\u00e1s profunda del mundo que te rodea.\",\"publisher\":{\"@id\":\"https:\/\/www.nexoinformativo.mx\/#organization\"},\"potentialAction\":[{\"@type\":\"SearchAction\",\"target\":{\"@type\":\"EntryPoint\",\"urlTemplate\":\"https:\/\/www.nexoinformativo.mx\/?s={search_term_string}\"},\"query-input\":{\"@type\":\"PropertyValueSpecification\",\"valueRequired\":true,\"valueName\":\"search_term_string\"}}],\"inLanguage\":\"es\"},{\"@type\":\"Organization\",\"@id\":\"https:\/\/www.nexoinformativo.mx\/#organization\",\"name\":\"Nexo Informativo Santiago de Quer\u00e9taro\",\"url\":\"https:\/\/www.nexoinformativo.mx\/\",\"logo\":{\"@type\":\"ImageObject\",\"inLanguage\":\"es\",\"@id\":\"https:\/\/www.nexoinformativo.mx\/#\/schema\/logo\/image\/\",\"url\":\"https:\/\/www.nexoinformativo.mx\/wp-content\/uploads\/2024\/07\/nexoi-trasparente-2.png\",\"contentUrl\":\"https:\/\/www.nexoinformativo.mx\/wp-content\/uploads\/2024\/07\/nexoi-trasparente-2.png\",\"width\":816,\"height\":339,\"caption\":\"Nexo Informativo Santiago de Quer\u00e9taro\"},\"image\":{\"@id\":\"https:\/\/www.nexoinformativo.mx\/#\/schema\/logo\/image\/\"},\"sameAs\":[\"https:\/\/www.facebook.com\/people\/Nexo-Informativo\/61564066885511\/\"]},{\"@type\":\"Person\",\"@id\":\"https:\/\/www.nexoinformativo.mx\/#\/schema\/person\/7749d380ba08c8ca00d7bc76fd907b7d\",\"name\":\"Nexo Informativo\",\"image\":{\"@type\":\"ImageObject\",\"inLanguage\":\"es\",\"@id\":\"https:\/\/www.nexoinformativo.mx\/#\/schema\/person\/image\/\",\"url\":\"https:\/\/secure.gravatar.com\/avatar\/dde2928154642a13d95f87ddf1ea9718fe2b46760a005c53e41ff5ad610704e6?s=96&d=mm&r=g\",\"contentUrl\":\"https:\/\/secure.gravatar.com\/avatar\/dde2928154642a13d95f87ddf1ea9718fe2b46760a005c53e41ff5ad610704e6?s=96&d=mm&r=g\",\"caption\":\"Nexo Informativo\"},\"url\":\"https:\/\/www.nexoinformativo.mx\/index.php\/author\/edicion\/\"}]}<\/script>\n<!-- \/ Yoast SEO plugin. -->","yoast_head_json":{"title":"Mauricio Kuri respalda propuesta de la SCJN para invalidar parte de la reforma judicial | Nexo Informativo Santiago de Quer\u00e9taro","description":"Mauricio Kuri respalda propuesta de la SCJN para invalidar parte de la reforma judicial","robots":{"index":"index","follow":"follow","max-snippet":"max-snippet:-1","max-image-preview":"max-image-preview:large","max-video-preview":"max-video-preview:-1"},"canonical":"https:\/\/www.nexoinformativo.mx\/index.php\/2024\/11\/05\/mauricio-kuri-respalda-propuesta-de-la-scjn-para-invalidar-parte-de-la-reforma-judicial\/","og_locale":"es_MX","og_type":"article","og_title":"Mauricio Kuri respalda propuesta de la SCJN para invalidar parte de la reforma judicial | Nexo Informativo Santiago de Quer\u00e9taro","og_description":"Mauricio Kuri respalda propuesta de la SCJN para invalidar parte de la reforma judicial","og_url":"https:\/\/www.nexoinformativo.mx\/index.php\/2024\/11\/05\/mauricio-kuri-respalda-propuesta-de-la-scjn-para-invalidar-parte-de-la-reforma-judicial\/","og_site_name":"Nexo Informativo Santiago de Quer\u00e9taro","article_publisher":"https:\/\/www.facebook.com\/people\/Nexo-Informativo\/61564066885511\/","article_published_time":"2024-11-05T20:30:29+00:00","article_modified_time":"2024-11-05T21:38:41+00:00","og_image":[{"width":800,"height":533,"url":"https:\/\/www.nexoinformativo.mx\/wp-content\/uploads\/2024\/10\/PHOTO-2024-10-16-13-58-17-e1729110480241.jpg","type":"image\/jpeg"}],"author":"Nexo Informativo","twitter_card":"summary_large_image","twitter_misc":{"Escrito por":"Nexo Informativo","Tiempo de lectura":"2 minutos"},"schema":{"@context":"https:\/\/schema.org","@graph":[{"@type":"Article","@id":"https:\/\/www.nexoinformativo.mx\/index.php\/2024\/11\/05\/mauricio-kuri-respalda-propuesta-de-la-scjn-para-invalidar-parte-de-la-reforma-judicial\/#article","isPartOf":{"@id":"https:\/\/www.nexoinformativo.mx\/index.php\/2024\/11\/05\/mauricio-kuri-respalda-propuesta-de-la-scjn-para-invalidar-parte-de-la-reforma-judicial\/"},"author":{"name":"Nexo Informativo","@id":"https:\/\/www.nexoinformativo.mx\/#\/schema\/person\/7749d380ba08c8ca00d7bc76fd907b7d"},"headline":"Mauricio Kuri respalda propuesta de la SCJN para invalidar parte de la reforma judicial","datePublished":"2024-11-05T20:30:29+00:00","dateModified":"2024-11-05T21:38:41+00:00","mainEntityOfPage":{"@id":"https:\/\/www.nexoinformativo.mx\/index.php\/2024\/11\/05\/mauricio-kuri-respalda-propuesta-de-la-scjn-para-invalidar-parte-de-la-reforma-judicial\/"},"wordCount":219,"commentCount":0,"publisher":{"@id":"https:\/\/www.nexoinformativo.mx\/#organization"},"image":{"@id":"https:\/\/www.nexoinformativo.mx\/index.php\/2024\/11\/05\/mauricio-kuri-respalda-propuesta-de-la-scjn-para-invalidar-parte-de-la-reforma-judicial\/#primaryimage"},"thumbnailUrl":"https:\/\/www.nexoinformativo.mx\/wp-content\/uploads\/2024\/10\/PHOTO-2024-10-16-13-58-17-e1729110480241.jpg","keywords":["MauricioKuri","Quer\u00e9taro","ReformaJudicial","SCJN"],"articleSection":["Pol\u00edtica","\u00daltima Hora"],"inLanguage":"es","potentialAction":[{"@type":"CommentAction","name":"Comment","target":["https:\/\/www.nexoinformativo.mx\/index.php\/2024\/11\/05\/mauricio-kuri-respalda-propuesta-de-la-scjn-para-invalidar-parte-de-la-reforma-judicial\/#respond"]}]},{"@type":"WebPage","@id":"https:\/\/www.nexoinformativo.mx\/index.php\/2024\/11\/05\/mauricio-kuri-respalda-propuesta-de-la-scjn-para-invalidar-parte-de-la-reforma-judicial\/","url":"https:\/\/www.nexoinformativo.mx\/index.php\/2024\/11\/05\/mauricio-kuri-respalda-propuesta-de-la-scjn-para-invalidar-parte-de-la-reforma-judicial\/","name":"Mauricio Kuri respalda propuesta de la SCJN para invalidar parte de la reforma judicial | Nexo Informativo Santiago de Quer\u00e9taro","isPartOf":{"@id":"https:\/\/www.nexoinformativo.mx\/#website"},"primaryImageOfPage":{"@id":"https:\/\/www.nexoinformativo.mx\/index.php\/2024\/11\/05\/mauricio-kuri-respalda-propuesta-de-la-scjn-para-invalidar-parte-de-la-reforma-judicial\/#primaryimage"},"image":{"@id":"https:\/\/www.nexoinformativo.mx\/index.php\/2024\/11\/05\/mauricio-kuri-respalda-propuesta-de-la-scjn-para-invalidar-parte-de-la-reforma-judicial\/#primaryimage"},"thumbnailUrl":"https:\/\/www.nexoinformativo.mx\/wp-content\/uploads\/2024\/10\/PHOTO-2024-10-16-13-58-17-e1729110480241.jpg","datePublished":"2024-11-05T20:30:29+00:00","dateModified":"2024-11-05T21:38:41+00:00","description":"Mauricio Kuri respalda propuesta de la SCJN para invalidar parte de la reforma judicial","breadcrumb":{"@id":"https:\/\/www.nexoinformativo.mx\/index.php\/2024\/11\/05\/mauricio-kuri-respalda-propuesta-de-la-scjn-para-invalidar-parte-de-la-reforma-judicial\/#breadcrumb"},"inLanguage":"es","potentialAction":[{"@type":"ReadAction","target":["https:\/\/www.nexoinformativo.mx\/index.php\/2024\/11\/05\/mauricio-kuri-respalda-propuesta-de-la-scjn-para-invalidar-parte-de-la-reforma-judicial\/"]}]},{"@type":"ImageObject","inLanguage":"es","@id":"https:\/\/www.nexoinformativo.mx\/index.php\/2024\/11\/05\/mauricio-kuri-respalda-propuesta-de-la-scjn-para-invalidar-parte-de-la-reforma-judicial\/#primaryimage","url":"https:\/\/www.nexoinformativo.mx\/wp-content\/uploads\/2024\/10\/PHOTO-2024-10-16-13-58-17-e1729110480241.jpg","contentUrl":"https:\/\/www.nexoinformativo.mx\/wp-content\/uploads\/2024\/10\/PHOTO-2024-10-16-13-58-17-e1729110480241.jpg","width":800,"height":533},{"@type":"BreadcrumbList","@id":"https:\/\/www.nexoinformativo.mx\/index.php\/2024\/11\/05\/mauricio-kuri-respalda-propuesta-de-la-scjn-para-invalidar-parte-de-la-reforma-judicial\/#breadcrumb","itemListElement":[{"@type":"ListItem","position":1,"name":"Inicio","item":"https:\/\/www.nexoinformativo.mx\/"},{"@type":"ListItem","position":2,"name":"Mauricio Kuri respalda propuesta de la SCJN para invalidar parte de la reforma judicial"}]},{"@type":"WebSite","@id":"https:\/\/www.nexoinformativo.mx\/#website","url":"https:\/\/www.nexoinformativo.mx\/","name":"Nexo Informativo Santiago de Quer\u00e9taro","description":"Explora NexoInformativo y convi\u00e9rtete en parte de una comunidad que valora el conocimiento y la verdad. Tu nexoinformativo es tu puente hacia una comprensi\u00f3n m\u00e1s profunda del mundo que te rodea.","publisher":{"@id":"https:\/\/www.nexoinformativo.mx\/#organization"},"potentialAction":[{"@type":"SearchAction","target":{"@type":"EntryPoint","urlTemplate":"https:\/\/www.nexoinformativo.mx\/?s={search_term_string}"},"query-input":{"@type":"PropertyValueSpecification","valueRequired":true,"valueName":"search_term_string"}}],"inLanguage":"es"},{"@type":"Organization","@id":"https:\/\/www.nexoinformativo.mx\/#organization","name":"Nexo Informativo Santiago de Quer\u00e9taro","url":"https:\/\/www.nexoinformativo.mx\/","logo":{"@type":"ImageObject","inLanguage":"es","@id":"https:\/\/www.nexoinformativo.mx\/#\/schema\/logo\/image\/","url":"https:\/\/www.nexoinformativo.mx\/wp-content\/uploads\/2024\/07\/nexoi-trasparente-2.png","contentUrl":"https:\/\/www.nexoinformativo.mx\/wp-content\/uploads\/2024\/07\/nexoi-trasparente-2.png","width":816,"height":339,"caption":"Nexo Informativo Santiago de Quer\u00e9taro"},"image":{"@id":"https:\/\/www.nexoinformativo.mx\/#\/schema\/logo\/image\/"},"sameAs":["https:\/\/www.facebook.com\/people\/Nexo-Informativo\/61564066885511\/"]},{"@type":"Person","@id":"https:\/\/www.nexoinformativo.mx\/#\/schema\/person\/7749d380ba08c8ca00d7bc76fd907b7d","name":"Nexo Informativo","image":{"@type":"ImageObject","inLanguage":"es","@id":"https:\/\/www.nexoinformativo.mx\/#\/schema\/person\/image\/","url":"https:\/\/secure.gravatar.com\/avatar\/dde2928154642a13d95f87ddf1ea9718fe2b46760a005c53e41ff5ad610704e6?s=96&d=mm&r=g","contentUrl":"https:\/\/secure.gravatar.com\/avatar\/dde2928154642a13d95f87ddf1ea9718fe2b46760a005c53e41ff5ad610704e6?s=96&d=mm&r=g","caption":"Nexo Informativo"},"url":"https:\/\/www.nexoinformativo.mx\/index.php\/author\/edicion\/"}]}},"_links":{"self":[{"href":"https:\/\/www.nexoinformativo.mx\/index.php\/wp-json\/wp\/v2\/posts\/5395","targetHints":{"allow":["GET"]}}],"collection":[{"href":"https:\/\/www.nexoinformativo.mx\/index.php\/wp-json\/wp\/v2\/posts"}],"about":[{"href":"https:\/\/www.nexoinformativo.mx\/index.php\/wp-json\/wp\/v2\/types\/post"}],"author":[{"embeddable":true,"href":"https:\/\/www.nexoinformativo.mx\/index.php\/wp-json\/wp\/v2\/users\/3"}],"replies":[{"embeddable":true,"href":"https:\/\/www.nexoinformativo.mx\/index.php\/wp-json\/wp\/v2\/comments?post=5395"}],"version-history":[{"count":3,"href":"https:\/\/www.nexoinformativo.mx\/index.php\/wp-json\/wp\/v2\/posts\/5395\/revisions"}],"predecessor-version":[{"id":5398,"href":"https:\/\/www.nexoinformativo.mx\/index.php\/wp-json\/wp\/v2\/posts\/5395\/revisions\/5398"}],"wp:featuredmedia":[{"embeddable":true,"href":"https:\/\/www.nexoinformativo.mx\/index.php\/wp-json\/wp\/v2\/media\/3564"}],"wp:attachment":[{"href":"https:\/\/www.nexoinformativo.mx\/index.php\/wp-json\/wp\/v2\/media?parent=5395"}],"wp:term":[{"taxonomy":"category","embeddable":true,"href":"https:\/\/www.nexoinformativo.mx\/index.php\/wp-json\/wp\/v2\/categories?post=5395"},{"taxonomy":"post_tag","embeddable":true,"href":"https:\/\/www.nexoinformativo.mx\/index.php\/wp-json\/wp\/v2\/tags?post=5395"}],"curies":[{"name":"wp","href":"https:\/\/api.w.org\/{rel}","templated":true}]}}