{"id":5399,"date":"2024-11-05T15:00:06","date_gmt":"2024-11-05T21:00:06","guid":{"rendered":"https:\/\/www.nexoinformativo.mx\/?p=5399"},"modified":"2024-11-05T17:10:45","modified_gmt":"2024-11-05T23:10:45","slug":"felifer-macias-presenta-avances-del-plan-orden-mas-de-2-mil-atenciones-ciudadanas-en-un-mes","status":"publish","type":"post","link":"https:\/\/www.nexoinformativo.mx\/index.php\/2024\/11\/05\/felifer-macias-presenta-avances-del-plan-orden-mas-de-2-mil-atenciones-ciudadanas-en-un-mes\/","title":{"rendered":"Felifer Mac\u00edas presenta avances del Plan Orden: M\u00e1s de 2 mil atenciones ciudadanas en un mes"},"content":{"rendered":"<p style=\"text-align: justify;\" data-sourcepos=\"5:1-5:361\">El presidente municipal de Quer\u00e9taro, Felifer Mac\u00edas, present\u00f3 un balance positivo de las acciones realizadas durante su primer mes de gesti\u00f3n a trav\u00e9s del <strong>Plan Orden<\/strong>. Esta estrategia integral busca mejorar la infraestructura y la calidad de vida de los habitantes de la ciudad a trav\u00e9s de acciones concretas en las siete delegaciones.<\/p>\n<p>&nbsp;<\/p>\n<p style=\"text-align: justify;\" data-sourcepos=\"7:1-7:185\">&#8220;Todos los d\u00edas estamos en las calles, atendiendo las necesidades de los ciudadanos y trabajando para hacer de Quer\u00e9taro una ciudad m\u00e1s ordenada y habitable&#8221;, asegur\u00f3 Mac\u00edas.<\/p>\n<p>&nbsp;<\/p>\n<p style=\"text-align: justify;\" data-sourcepos=\"9:1-9:321\">En este primer mes, el Plan Orden ha permitido atender m\u00e1s de 2 mil reportes ciudadanos, reparar m\u00e1s de mil luminarias, recolectar toneladas de residuos y mejorar el estado de las \u00e1reas verdes. Adem\u00e1s, se han realizado trabajos de bacheo, pintura de vialidades y reemplazo de rejillas para fortalecer la seguridad urbana.<\/p>\n<p>&nbsp;<\/p>\n<p style=\"text-align: justify;\" data-sourcepos=\"11:1-11:290\">Con estas acciones, el gobierno municipal busca fomentar la participaci\u00f3n ciudadana y generar un sentido de pertenencia entre los habitantes de Quer\u00e9taro. El objetivo es que cada colonia y comunidad se vea beneficiada por estas mejoras y que la ciudad sea un lugar m\u00e1s agradable para vivir.<\/p>\n<p>&nbsp;<\/p>\n<p style=\"text-align: center;\" data-sourcepos=\"11:1-11:290\"><em><strong>\u00a1Informaci\u00f3n que transforma!<\/strong><\/em><\/p>\n","protected":false},"excerpt":{"rendered":"<p>El presidente municipal de Quer\u00e9taro, Felifer Mac\u00edas, present\u00f3 un balance positivo de las acciones realizadas durante su primer mes de gesti\u00f3n a trav\u00e9s del Plan Orden.<\/p>\n","protected":false},"author":3,"featured_media":5400,"comment_status":"open","ping_status":"open","sticky":false,"template":"","format":"standard","meta":{"footnotes":""},"categories":[65,58],"tags":[1872,1000,734,1634],"class_list":["post-5399","post","type-post","status-publish","format-standard","has-post-thumbnail","hentry","category-municipios","category-ultima-hora","tag-ciudadania","tag-felifermacias","tag-infraestructura","tag-planorden"],"yoast_head":"<!-- This site is optimized with the Yoast SEO plugin v25.0 - https:\/\/yoast.com\/wordpress\/plugins\/seo\/ -->\n<title>Felifer Mac\u00edas presenta avances del Plan Orden: M\u00e1s de 2 mil atenciones ciudadanas en un mes | Nexo Informativo Santiago de Quer\u00e9taro<\/title>\n<meta name=\"description\" content=\"Felifer Mac\u00edas presenta avances del Plan Orden: M\u00e1s de 2 mil atenciones ciudadanas en un mes\" \/>\n<meta name=\"robots\" content=\"index, follow, max-snippet:-1, max-image-preview:large, max-video-preview:-1\" \/>\n<link rel=\"canonical\" href=\"https:\/\/www.nexoinformativo.mx\/index.php\/2024\/11\/05\/felifer-macias-presenta-avances-del-plan-orden-mas-de-2-mil-atenciones-ciudadanas-en-un-mes\/\" \/>\n<meta property=\"og:locale\" content=\"es_MX\" \/>\n<meta property=\"og:type\" content=\"article\" \/>\n<meta property=\"og:title\" content=\"Felifer Mac\u00edas presenta avances del Plan Orden: M\u00e1s de 2 mil atenciones ciudadanas en un mes | Nexo Informativo Santiago de Quer\u00e9taro\" \/>\n<meta property=\"og:description\" content=\"Felifer Mac\u00edas presenta avances del Plan Orden: M\u00e1s de 2 mil atenciones ciudadanas en un mes\" \/>\n<meta property=\"og:url\" content=\"https:\/\/www.nexoinformativo.mx\/index.php\/2024\/11\/05\/felifer-macias-presenta-avances-del-plan-orden-mas-de-2-mil-atenciones-ciudadanas-en-un-mes\/\" \/>\n<meta property=\"og:site_name\" content=\"Nexo Informativo Santiago de Quer\u00e9taro\" \/>\n<meta property=\"article:publisher\" content=\"https:\/\/www.facebook.com\/people\/Nexo-Informativo\/61564066885511\/\" \/>\n<meta property=\"article:published_time\" content=\"2024-11-05T21:00:06+00:00\" \/>\n<meta property=\"article:modified_time\" content=\"2024-11-05T23:10:45+00:00\" \/>\n<meta property=\"og:image\" content=\"https:\/\/www.nexoinformativo.mx\/wp-content\/uploads\/2024\/11\/IMG_7506-e1730848183219.jpg\" \/>\n\t<meta property=\"og:image:width\" content=\"800\" \/>\n\t<meta property=\"og:image:height\" content=\"533\" \/>\n\t<meta property=\"og:image:type\" content=\"image\/jpeg\" \/>\n<meta name=\"author\" content=\"Nexo Informativo\" \/>\n<meta name=\"twitter:card\" content=\"summary_large_image\" \/>\n<meta name=\"twitter:label1\" content=\"Escrito por\" \/>\n\t<meta name=\"twitter:data1\" content=\"Nexo Informativo\" \/>\n\t<meta name=\"twitter:label2\" content=\"Tiempo de lectura\" \/>\n\t<meta name=\"twitter:data2\" content=\"2 minutos\" \/>\n<script type=\"application\/ld+json\" class=\"yoast-schema-graph\">{\"@context\":\"https:\/\/schema.org\",\"@graph\":[{\"@type\":\"Article\",\"@id\":\"https:\/\/www.nexoinformativo.mx\/index.php\/2024\/11\/05\/felifer-macias-presenta-avances-del-plan-orden-mas-de-2-mil-atenciones-ciudadanas-en-un-mes\/#article\",\"isPartOf\":{\"@id\":\"https:\/\/www.nexoinformativo.mx\/index.php\/2024\/11\/05\/felifer-macias-presenta-avances-del-plan-orden-mas-de-2-mil-atenciones-ciudadanas-en-un-mes\/\"},\"author\":{\"name\":\"Nexo Informativo\",\"@id\":\"https:\/\/www.nexoinformativo.mx\/#\/schema\/person\/7749d380ba08c8ca00d7bc76fd907b7d\"},\"headline\":\"Felifer Mac\u00edas presenta avances del Plan Orden: M\u00e1s de 2 mil atenciones ciudadanas en un mes\",\"datePublished\":\"2024-11-05T21:00:06+00:00\",\"dateModified\":\"2024-11-05T23:10:45+00:00\",\"mainEntityOfPage\":{\"@id\":\"https:\/\/www.nexoinformativo.mx\/index.php\/2024\/11\/05\/felifer-macias-presenta-avances-del-plan-orden-mas-de-2-mil-atenciones-ciudadanas-en-un-mes\/\"},\"wordCount\":218,\"commentCount\":0,\"publisher\":{\"@id\":\"https:\/\/www.nexoinformativo.mx\/#organization\"},\"image\":{\"@id\":\"https:\/\/www.nexoinformativo.mx\/index.php\/2024\/11\/05\/felifer-macias-presenta-avances-del-plan-orden-mas-de-2-mil-atenciones-ciudadanas-en-un-mes\/#primaryimage\"},\"thumbnailUrl\":\"https:\/\/www.nexoinformativo.mx\/wp-content\/uploads\/2024\/11\/IMG_7506-e1730848183219.jpg\",\"keywords\":[\"Ciudadan\u00eda\",\"FeliferMac\u00edas\",\"Infraestructura\",\"PlanOrden\"],\"articleSection\":[\"Municipios\",\"\u00daltima Hora\"],\"inLanguage\":\"es\",\"potentialAction\":[{\"@type\":\"CommentAction\",\"name\":\"Comment\",\"target\":[\"https:\/\/www.nexoinformativo.mx\/index.php\/2024\/11\/05\/felifer-macias-presenta-avances-del-plan-orden-mas-de-2-mil-atenciones-ciudadanas-en-un-mes\/#respond\"]}]},{\"@type\":\"WebPage\",\"@id\":\"https:\/\/www.nexoinformativo.mx\/index.php\/2024\/11\/05\/felifer-macias-presenta-avances-del-plan-orden-mas-de-2-mil-atenciones-ciudadanas-en-un-mes\/\",\"url\":\"https:\/\/www.nexoinformativo.mx\/index.php\/2024\/11\/05\/felifer-macias-presenta-avances-del-plan-orden-mas-de-2-mil-atenciones-ciudadanas-en-un-mes\/\",\"name\":\"Felifer Mac\u00edas presenta avances del Plan Orden: M\u00e1s de 2 mil atenciones ciudadanas en un mes | Nexo Informativo Santiago de Quer\u00e9taro\",\"isPartOf\":{\"@id\":\"https:\/\/www.nexoinformativo.mx\/#website\"},\"primaryImageOfPage\":{\"@id\":\"https:\/\/www.nexoinformativo.mx\/index.php\/2024\/11\/05\/felifer-macias-presenta-avances-del-plan-orden-mas-de-2-mil-atenciones-ciudadanas-en-un-mes\/#primaryimage\"},\"image\":{\"@id\":\"https:\/\/www.nexoinformativo.mx\/index.php\/2024\/11\/05\/felifer-macias-presenta-avances-del-plan-orden-mas-de-2-mil-atenciones-ciudadanas-en-un-mes\/#primaryimage\"},\"thumbnailUrl\":\"https:\/\/www.nexoinformativo.mx\/wp-content\/uploads\/2024\/11\/IMG_7506-e1730848183219.jpg\",\"datePublished\":\"2024-11-05T21:00:06+00:00\",\"dateModified\":\"2024-11-05T23:10:45+00:00\",\"description\":\"Felifer Mac\u00edas presenta avances del Plan Orden: M\u00e1s de 2 mil atenciones ciudadanas en un mes\",\"breadcrumb\":{\"@id\":\"https:\/\/www.nexoinformativo.mx\/index.php\/2024\/11\/05\/felifer-macias-presenta-avances-del-plan-orden-mas-de-2-mil-atenciones-ciudadanas-en-un-mes\/#breadcrumb\"},\"inLanguage\":\"es\",\"potentialAction\":[{\"@type\":\"ReadAction\",\"target\":[\"https:\/\/www.nexoinformativo.mx\/index.php\/2024\/11\/05\/felifer-macias-presenta-avances-del-plan-orden-mas-de-2-mil-atenciones-ciudadanas-en-un-mes\/\"]}]},{\"@type\":\"ImageObject\",\"inLanguage\":\"es\",\"@id\":\"https:\/\/www.nexoinformativo.mx\/index.php\/2024\/11\/05\/felifer-macias-presenta-avances-del-plan-orden-mas-de-2-mil-atenciones-ciudadanas-en-un-mes\/#primaryimage\",\"url\":\"https:\/\/www.nexoinformativo.mx\/wp-content\/uploads\/2024\/11\/IMG_7506-e1730848183219.jpg\",\"contentUrl\":\"https:\/\/www.nexoinformativo.mx\/wp-content\/uploads\/2024\/11\/IMG_7506-e1730848183219.jpg\",\"width\":800,\"height\":533},{\"@type\":\"BreadcrumbList\",\"@id\":\"https:\/\/www.nexoinformativo.mx\/index.php\/2024\/11\/05\/felifer-macias-presenta-avances-del-plan-orden-mas-de-2-mil-atenciones-ciudadanas-en-un-mes\/#breadcrumb\",\"itemListElement\":[{\"@type\":\"ListItem\",\"position\":1,\"name\":\"Inicio\",\"item\":\"https:\/\/www.nexoinformativo.mx\/\"},{\"@type\":\"ListItem\",\"position\":2,\"name\":\"Felifer Mac\u00edas presenta avances del Plan Orden: M\u00e1s de 2 mil atenciones ciudadanas en un mes\"}]},{\"@type\":\"WebSite\",\"@id\":\"https:\/\/www.nexoinformativo.mx\/#website\",\"url\":\"https:\/\/www.nexoinformativo.mx\/\",\"name\":\"Nexo Informativo Santiago de Quer\u00e9taro\",\"description\":\"Explora NexoInformativo y convi\u00e9rtete en parte de una comunidad que valora el conocimiento y la verdad. Tu nexoinformativo es tu puente hacia una comprensi\u00f3n m\u00e1s profunda del mundo que te rodea.\",\"publisher\":{\"@id\":\"https:\/\/www.nexoinformativo.mx\/#organization\"},\"potentialAction\":[{\"@type\":\"SearchAction\",\"target\":{\"@type\":\"EntryPoint\",\"urlTemplate\":\"https:\/\/www.nexoinformativo.mx\/?s={search_term_string}\"},\"query-input\":{\"@type\":\"PropertyValueSpecification\",\"valueRequired\":true,\"valueName\":\"search_term_string\"}}],\"inLanguage\":\"es\"},{\"@type\":\"Organization\",\"@id\":\"https:\/\/www.nexoinformativo.mx\/#organization\",\"name\":\"Nexo Informativo Santiago de Quer\u00e9taro\",\"url\":\"https:\/\/www.nexoinformativo.mx\/\",\"logo\":{\"@type\":\"ImageObject\",\"inLanguage\":\"es\",\"@id\":\"https:\/\/www.nexoinformativo.mx\/#\/schema\/logo\/image\/\",\"url\":\"https:\/\/www.nexoinformativo.mx\/wp-content\/uploads\/2024\/07\/nexoi-trasparente-2.png\",\"contentUrl\":\"https:\/\/www.nexoinformativo.mx\/wp-content\/uploads\/2024\/07\/nexoi-trasparente-2.png\",\"width\":816,\"height\":339,\"caption\":\"Nexo Informativo Santiago de Quer\u00e9taro\"},\"image\":{\"@id\":\"https:\/\/www.nexoinformativo.mx\/#\/schema\/logo\/image\/\"},\"sameAs\":[\"https:\/\/www.facebook.com\/people\/Nexo-Informativo\/61564066885511\/\"]},{\"@type\":\"Person\",\"@id\":\"https:\/\/www.nexoinformativo.mx\/#\/schema\/person\/7749d380ba08c8ca00d7bc76fd907b7d\",\"name\":\"Nexo Informativo\",\"image\":{\"@type\":\"ImageObject\",\"inLanguage\":\"es\",\"@id\":\"https:\/\/www.nexoinformativo.mx\/#\/schema\/person\/image\/\",\"url\":\"https:\/\/secure.gravatar.com\/avatar\/dde2928154642a13d95f87ddf1ea9718fe2b46760a005c53e41ff5ad610704e6?s=96&d=mm&r=g\",\"contentUrl\":\"https:\/\/secure.gravatar.com\/avatar\/dde2928154642a13d95f87ddf1ea9718fe2b46760a005c53e41ff5ad610704e6?s=96&d=mm&r=g\",\"caption\":\"Nexo Informativo\"},\"url\":\"https:\/\/www.nexoinformativo.mx\/index.php\/author\/edicion\/\"}]}<\/script>\n<!-- \/ Yoast SEO plugin. -->","yoast_head_json":{"title":"Felifer Mac\u00edas presenta avances del Plan Orden: M\u00e1s de 2 mil atenciones ciudadanas en un mes | Nexo Informativo Santiago de Quer\u00e9taro","description":"Felifer Mac\u00edas presenta avances del Plan Orden: M\u00e1s de 2 mil atenciones ciudadanas en un mes","robots":{"index":"index","follow":"follow","max-snippet":"max-snippet:-1","max-image-preview":"max-image-preview:large","max-video-preview":"max-video-preview:-1"},"canonical":"https:\/\/www.nexoinformativo.mx\/index.php\/2024\/11\/05\/felifer-macias-presenta-avances-del-plan-orden-mas-de-2-mil-atenciones-ciudadanas-en-un-mes\/","og_locale":"es_MX","og_type":"article","og_title":"Felifer Mac\u00edas presenta avances del Plan Orden: M\u00e1s de 2 mil atenciones ciudadanas en un mes | Nexo Informativo Santiago de Quer\u00e9taro","og_description":"Felifer Mac\u00edas presenta avances del Plan Orden: M\u00e1s de 2 mil atenciones ciudadanas en un mes","og_url":"https:\/\/www.nexoinformativo.mx\/index.php\/2024\/11\/05\/felifer-macias-presenta-avances-del-plan-orden-mas-de-2-mil-atenciones-ciudadanas-en-un-mes\/","og_site_name":"Nexo Informativo Santiago de Quer\u00e9taro","article_publisher":"https:\/\/www.facebook.com\/people\/Nexo-Informativo\/61564066885511\/","article_published_time":"2024-11-05T21:00:06+00:00","article_modified_time":"2024-11-05T23:10:45+00:00","og_image":[{"width":800,"height":533,"url":"https:\/\/www.nexoinformativo.mx\/wp-content\/uploads\/2024\/11\/IMG_7506-e1730848183219.jpg","type":"image\/jpeg"}],"author":"Nexo Informativo","twitter_card":"summary_large_image","twitter_misc":{"Escrito por":"Nexo Informativo","Tiempo de lectura":"2 minutos"},"schema":{"@context":"https:\/\/schema.org","@graph":[{"@type":"Article","@id":"https:\/\/www.nexoinformativo.mx\/index.php\/2024\/11\/05\/felifer-macias-presenta-avances-del-plan-orden-mas-de-2-mil-atenciones-ciudadanas-en-un-mes\/#article","isPartOf":{"@id":"https:\/\/www.nexoinformativo.mx\/index.php\/2024\/11\/05\/felifer-macias-presenta-avances-del-plan-orden-mas-de-2-mil-atenciones-ciudadanas-en-un-mes\/"},"author":{"name":"Nexo Informativo","@id":"https:\/\/www.nexoinformativo.mx\/#\/schema\/person\/7749d380ba08c8ca00d7bc76fd907b7d"},"headline":"Felifer Mac\u00edas presenta avances del Plan Orden: M\u00e1s de 2 mil atenciones ciudadanas en un mes","datePublished":"2024-11-05T21:00:06+00:00","dateModified":"2024-11-05T23:10:45+00:00","mainEntityOfPage":{"@id":"https:\/\/www.nexoinformativo.mx\/index.php\/2024\/11\/05\/felifer-macias-presenta-avances-del-plan-orden-mas-de-2-mil-atenciones-ciudadanas-en-un-mes\/"},"wordCount":218,"commentCount":0,"publisher":{"@id":"https:\/\/www.nexoinformativo.mx\/#organization"},"image":{"@id":"https:\/\/www.nexoinformativo.mx\/index.php\/2024\/11\/05\/felifer-macias-presenta-avances-del-plan-orden-mas-de-2-mil-atenciones-ciudadanas-en-un-mes\/#primaryimage"},"thumbnailUrl":"https:\/\/www.nexoinformativo.mx\/wp-content\/uploads\/2024\/11\/IMG_7506-e1730848183219.jpg","keywords":["Ciudadan\u00eda","FeliferMac\u00edas","Infraestructura","PlanOrden"],"articleSection":["Municipios","\u00daltima Hora"],"inLanguage":"es","potentialAction":[{"@type":"CommentAction","name":"Comment","target":["https:\/\/www.nexoinformativo.mx\/index.php\/2024\/11\/05\/felifer-macias-presenta-avances-del-plan-orden-mas-de-2-mil-atenciones-ciudadanas-en-un-mes\/#respond"]}]},{"@type":"WebPage","@id":"https:\/\/www.nexoinformativo.mx\/index.php\/2024\/11\/05\/felifer-macias-presenta-avances-del-plan-orden-mas-de-2-mil-atenciones-ciudadanas-en-un-mes\/","url":"https:\/\/www.nexoinformativo.mx\/index.php\/2024\/11\/05\/felifer-macias-presenta-avances-del-plan-orden-mas-de-2-mil-atenciones-ciudadanas-en-un-mes\/","name":"Felifer Mac\u00edas presenta avances del Plan Orden: M\u00e1s de 2 mil atenciones ciudadanas en un mes | Nexo Informativo Santiago de Quer\u00e9taro","isPartOf":{"@id":"https:\/\/www.nexoinformativo.mx\/#website"},"primaryImageOfPage":{"@id":"https:\/\/www.nexoinformativo.mx\/index.php\/2024\/11\/05\/felifer-macias-presenta-avances-del-plan-orden-mas-de-2-mil-atenciones-ciudadanas-en-un-mes\/#primaryimage"},"image":{"@id":"https:\/\/www.nexoinformativo.mx\/index.php\/2024\/11\/05\/felifer-macias-presenta-avances-del-plan-orden-mas-de-2-mil-atenciones-ciudadanas-en-un-mes\/#primaryimage"},"thumbnailUrl":"https:\/\/www.nexoinformativo.mx\/wp-content\/uploads\/2024\/11\/IMG_7506-e1730848183219.jpg","datePublished":"2024-11-05T21:00:06+00:00","dateModified":"2024-11-05T23:10:45+00:00","description":"Felifer Mac\u00edas presenta avances del Plan Orden: M\u00e1s de 2 mil atenciones ciudadanas en un mes","breadcrumb":{"@id":"https:\/\/www.nexoinformativo.mx\/index.php\/2024\/11\/05\/felifer-macias-presenta-avances-del-plan-orden-mas-de-2-mil-atenciones-ciudadanas-en-un-mes\/#breadcrumb"},"inLanguage":"es","potentialAction":[{"@type":"ReadAction","target":["https:\/\/www.nexoinformativo.mx\/index.php\/2024\/11\/05\/felifer-macias-presenta-avances-del-plan-orden-mas-de-2-mil-atenciones-ciudadanas-en-un-mes\/"]}]},{"@type":"ImageObject","inLanguage":"es","@id":"https:\/\/www.nexoinformativo.mx\/index.php\/2024\/11\/05\/felifer-macias-presenta-avances-del-plan-orden-mas-de-2-mil-atenciones-ciudadanas-en-un-mes\/#primaryimage","url":"https:\/\/www.nexoinformativo.mx\/wp-content\/uploads\/2024\/11\/IMG_7506-e1730848183219.jpg","contentUrl":"https:\/\/www.nexoinformativo.mx\/wp-content\/uploads\/2024\/11\/IMG_7506-e1730848183219.jpg","width":800,"height":533},{"@type":"BreadcrumbList","@id":"https:\/\/www.nexoinformativo.mx\/index.php\/2024\/11\/05\/felifer-macias-presenta-avances-del-plan-orden-mas-de-2-mil-atenciones-ciudadanas-en-un-mes\/#breadcrumb","itemListElement":[{"@type":"ListItem","position":1,"name":"Inicio","item":"https:\/\/www.nexoinformativo.mx\/"},{"@type":"ListItem","position":2,"name":"Felifer Mac\u00edas presenta avances del Plan Orden: M\u00e1s de 2 mil atenciones ciudadanas en un mes"}]},{"@type":"WebSite","@id":"https:\/\/www.nexoinformativo.mx\/#website","url":"https:\/\/www.nexoinformativo.mx\/","name":"Nexo Informativo Santiago de Quer\u00e9taro","description":"Explora NexoInformativo y convi\u00e9rtete en parte de una comunidad que valora el conocimiento y la verdad. Tu nexoinformativo es tu puente hacia una comprensi\u00f3n m\u00e1s profunda del mundo que te rodea.","publisher":{"@id":"https:\/\/www.nexoinformativo.mx\/#organization"},"potentialAction":[{"@type":"SearchAction","target":{"@type":"EntryPoint","urlTemplate":"https:\/\/www.nexoinformativo.mx\/?s={search_term_string}"},"query-input":{"@type":"PropertyValueSpecification","valueRequired":true,"valueName":"search_term_string"}}],"inLanguage":"es"},{"@type":"Organization","@id":"https:\/\/www.nexoinformativo.mx\/#organization","name":"Nexo Informativo Santiago de Quer\u00e9taro","url":"https:\/\/www.nexoinformativo.mx\/","logo":{"@type":"ImageObject","inLanguage":"es","@id":"https:\/\/www.nexoinformativo.mx\/#\/schema\/logo\/image\/","url":"https:\/\/www.nexoinformativo.mx\/wp-content\/uploads\/2024\/07\/nexoi-trasparente-2.png","contentUrl":"https:\/\/www.nexoinformativo.mx\/wp-content\/uploads\/2024\/07\/nexoi-trasparente-2.png","width":816,"height":339,"caption":"Nexo Informativo Santiago de Quer\u00e9taro"},"image":{"@id":"https:\/\/www.nexoinformativo.mx\/#\/schema\/logo\/image\/"},"sameAs":["https:\/\/www.facebook.com\/people\/Nexo-Informativo\/61564066885511\/"]},{"@type":"Person","@id":"https:\/\/www.nexoinformativo.mx\/#\/schema\/person\/7749d380ba08c8ca00d7bc76fd907b7d","name":"Nexo Informativo","image":{"@type":"ImageObject","inLanguage":"es","@id":"https:\/\/www.nexoinformativo.mx\/#\/schema\/person\/image\/","url":"https:\/\/secure.gravatar.com\/avatar\/dde2928154642a13d95f87ddf1ea9718fe2b46760a005c53e41ff5ad610704e6?s=96&d=mm&r=g","contentUrl":"https:\/\/secure.gravatar.com\/avatar\/dde2928154642a13d95f87ddf1ea9718fe2b46760a005c53e41ff5ad610704e6?s=96&d=mm&r=g","caption":"Nexo Informativo"},"url":"https:\/\/www.nexoinformativo.mx\/index.php\/author\/edicion\/"}]}},"_links":{"self":[{"href":"https:\/\/www.nexoinformativo.mx\/index.php\/wp-json\/wp\/v2\/posts\/5399","targetHints":{"allow":["GET"]}}],"collection":[{"href":"https:\/\/www.nexoinformativo.mx\/index.php\/wp-json\/wp\/v2\/posts"}],"about":[{"href":"https:\/\/www.nexoinformativo.mx\/index.php\/wp-json\/wp\/v2\/types\/post"}],"author":[{"embeddable":true,"href":"https:\/\/www.nexoinformativo.mx\/index.php\/wp-json\/wp\/v2\/users\/3"}],"replies":[{"embeddable":true,"href":"https:\/\/www.nexoinformativo.mx\/index.php\/wp-json\/wp\/v2\/comments?post=5399"}],"version-history":[{"count":3,"href":"https:\/\/www.nexoinformativo.mx\/index.php\/wp-json\/wp\/v2\/posts\/5399\/revisions"}],"predecessor-version":[{"id":5403,"href":"https:\/\/www.nexoinformativo.mx\/index.php\/wp-json\/wp\/v2\/posts\/5399\/revisions\/5403"}],"wp:featuredmedia":[{"embeddable":true,"href":"https:\/\/www.nexoinformativo.mx\/index.php\/wp-json\/wp\/v2\/media\/5400"}],"wp:attachment":[{"href":"https:\/\/www.nexoinformativo.mx\/index.php\/wp-json\/wp\/v2\/media?parent=5399"}],"wp:term":[{"taxonomy":"category","embeddable":true,"href":"https:\/\/www.nexoinformativo.mx\/index.php\/wp-json\/wp\/v2\/categories?post=5399"},{"taxonomy":"post_tag","embeddable":true,"href":"https:\/\/www.nexoinformativo.mx\/index.php\/wp-json\/wp\/v2\/tags?post=5399"}],"curies":[{"name":"wp","href":"https:\/\/api.w.org\/{rel}","templated":true}]}}