{"id":5404,"date":"2024-11-05T17:00:07","date_gmt":"2024-11-05T23:00:07","guid":{"rendered":"https:\/\/www.nexoinformativo.mx\/?p=5404"},"modified":"2024-11-05T20:42:51","modified_gmt":"2024-11-06T02:42:51","slug":"astronautas-de-la-nasa-como-votaron-desde-la-estacion-espacial-internacional","status":"publish","type":"post","link":"https:\/\/www.nexoinformativo.mx\/index.php\/2024\/11\/05\/astronautas-de-la-nasa-como-votaron-desde-la-estacion-espacial-internacional\/","title":{"rendered":"Astronautas de la NASA: C\u00f3mo votaron desde la Estaci\u00f3n Espacial Internacional"},"content":{"rendered":"<p style=\"text-align: justify;\">Los astronautas de la NASA han encontrado una forma \u00fanica de participar en la democracia estadounidense, votando desde la Estaci\u00f3n Espacial Internacional (EEI).<\/p>\n<p>&nbsp;<\/p>\n<p style=\"text-align: justify;\">A 400 kil\u00f3metros de la Tierra, cuatro astronautas emitieron su voto en el reciente <strong>&#8220;supermartes&#8221;.\u00a0<\/strong>Don Pettit, Nick Hague, Butch Wilmore y Sunita Williams,\u00a0han votado en las elecciones presidenciales que empezaron este martes 05 de noviembre de 2024.<\/p>\n<p>&nbsp;<\/p>\n<p style=\"text-align: justify;\">A trav\u00e9s de un sistema electr\u00f3nico seguro y encriptado que les permite mantener su conexi\u00f3n con la vida civil, incluso en el espacio. Desde 1997, la legislaci\u00f3n en Texas ha hecho posible que los astronautas voten mientras realizan sus misiones.<\/p>\n<p>&nbsp;<\/p>\n<p style=\"text-align: justify;\">Gracias a un sofisticado sistema de comunicaciones, las boletas se completan en la EEI, se encriptan y se env\u00edan a la Tierra mediante la red de sat\u00e9lites de la NASA. Este proceso garantiza que su voto sea seguro y llegue a su condado para su registro.<\/p>\n<p>&nbsp;<\/p>\n<p style=\"text-align: justify;\">El primer astronauta en aprovechar esta posibilidad fue David Wolf, quien vot\u00f3 desde la estaci\u00f3n espacial Mir en 1997. Desde entonces, otros astronautas, como Kate Rubins en 2020, han seguido sus pasos, demostrando que el derecho al voto trasciende las fronteras y la gravedad.<\/p>\n<p>&nbsp;<\/p>\n<p style=\"text-align: justify;\">El proceso comienza con la finalizaci\u00f3n de la boleta electr\u00f3nica, que viaja a trav\u00e9s del Sistema de Sat\u00e9lites de Seguimiento y Retransmisi\u00f3n de Datos de la NASA, hasta llegar al Centro de Control de Misiones en Houston.<\/p>\n<p>&nbsp;<\/p>\n<p style=\"text-align: justify;\">Este sistema de alta precisi\u00f3n asegura la privacidad y autenticidad del voto, similar al que utilizan los ciudadanos estadounidenses en el extranjero. Votar desde el espacio no solo es un derecho, sino tambi\u00e9n una manera de los astronautas de mantener su v\u00ednculo con su pa\u00eds y cumplir con sus responsabilidades c\u00edvicas, incluso en condiciones extremas.<\/p>\n<p>&nbsp;<\/p>\n<p style=\"text-align: center;\"><em><strong>\u00a1Informaci\u00f3n que transforma!<\/strong><\/em><\/p>\n","protected":false},"excerpt":{"rendered":"<p>Los astronautas de la NASA han encontrado una forma \u00fanica de participar en la democracia estadounidense, votando desde la Estaci\u00f3n Espacial Internacional (EEI).<\/p>\n","protected":false},"author":3,"featured_media":5405,"comment_status":"open","ping_status":"open","sticky":false,"template":"","format":"standard","meta":{"footnotes":""},"categories":[13,58],"tags":[1874,554,1581,1873],"class_list":["post-5404","post","type-post","status-publish","format-standard","has-post-thumbnail","hentry","category-tecnologia","category-ultima-hora","tag-astronautas","tag-elecciones2024","tag-nasa","tag-votoespacial"],"yoast_head":"<!-- This site is optimized with the Yoast SEO plugin v25.0 - https:\/\/yoast.com\/wordpress\/plugins\/seo\/ -->\n<title>Astronautas de la NASA: C\u00f3mo votaron desde la Estaci\u00f3n Espacial Internacional | Nexo Informativo Santiago de Quer\u00e9taro<\/title>\n<meta name=\"description\" content=\"Astronautas de la NASA: C\u00f3mo votaron desde la Estaci\u00f3n Espacial Internacional\" \/>\n<meta name=\"robots\" content=\"index, follow, max-snippet:-1, max-image-preview:large, max-video-preview:-1\" \/>\n<link rel=\"canonical\" href=\"https:\/\/www.nexoinformativo.mx\/index.php\/2024\/11\/05\/astronautas-de-la-nasa-como-votaron-desde-la-estacion-espacial-internacional\/\" \/>\n<meta property=\"og:locale\" content=\"es_MX\" \/>\n<meta property=\"og:type\" content=\"article\" \/>\n<meta property=\"og:title\" content=\"Astronautas de la NASA: C\u00f3mo votaron desde la Estaci\u00f3n Espacial Internacional | Nexo Informativo Santiago de Quer\u00e9taro\" \/>\n<meta property=\"og:description\" content=\"Astronautas de la NASA: C\u00f3mo votaron desde la Estaci\u00f3n Espacial Internacional\" \/>\n<meta property=\"og:url\" content=\"https:\/\/www.nexoinformativo.mx\/index.php\/2024\/11\/05\/astronautas-de-la-nasa-como-votaron-desde-la-estacion-espacial-internacional\/\" \/>\n<meta property=\"og:site_name\" content=\"Nexo Informativo Santiago de Quer\u00e9taro\" \/>\n<meta property=\"article:publisher\" content=\"https:\/\/www.facebook.com\/people\/Nexo-Informativo\/61564066885511\/\" \/>\n<meta property=\"article:published_time\" content=\"2024-11-05T23:00:07+00:00\" \/>\n<meta property=\"article:modified_time\" content=\"2024-11-06T02:42:51+00:00\" \/>\n<meta property=\"og:image\" content=\"https:\/\/www.nexoinformativo.mx\/wp-content\/uploads\/2024\/11\/pexels-pixabay-2156-e1730860337245.jpeg\" \/>\n\t<meta property=\"og:image:width\" content=\"800\" \/>\n\t<meta property=\"og:image:height\" content=\"530\" \/>\n\t<meta property=\"og:image:type\" content=\"image\/jpeg\" \/>\n<meta name=\"author\" content=\"Nexo Informativo\" \/>\n<meta name=\"twitter:card\" content=\"summary_large_image\" \/>\n<meta name=\"twitter:label1\" content=\"Escrito por\" \/>\n\t<meta name=\"twitter:data1\" content=\"Nexo Informativo\" \/>\n\t<meta name=\"twitter:label2\" content=\"Tiempo de lectura\" \/>\n\t<meta name=\"twitter:data2\" content=\"2 minutos\" \/>\n<script type=\"application\/ld+json\" class=\"yoast-schema-graph\">{\"@context\":\"https:\/\/schema.org\",\"@graph\":[{\"@type\":\"Article\",\"@id\":\"https:\/\/www.nexoinformativo.mx\/index.php\/2024\/11\/05\/astronautas-de-la-nasa-como-votaron-desde-la-estacion-espacial-internacional\/#article\",\"isPartOf\":{\"@id\":\"https:\/\/www.nexoinformativo.mx\/index.php\/2024\/11\/05\/astronautas-de-la-nasa-como-votaron-desde-la-estacion-espacial-internacional\/\"},\"author\":{\"name\":\"Nexo Informativo\",\"@id\":\"https:\/\/www.nexoinformativo.mx\/#\/schema\/person\/7749d380ba08c8ca00d7bc76fd907b7d\"},\"headline\":\"Astronautas de la NASA: C\u00f3mo votaron desde la Estaci\u00f3n Espacial Internacional\",\"datePublished\":\"2024-11-05T23:00:07+00:00\",\"dateModified\":\"2024-11-06T02:42:51+00:00\",\"mainEntityOfPage\":{\"@id\":\"https:\/\/www.nexoinformativo.mx\/index.php\/2024\/11\/05\/astronautas-de-la-nasa-como-votaron-desde-la-estacion-espacial-internacional\/\"},\"wordCount\":321,\"commentCount\":0,\"publisher\":{\"@id\":\"https:\/\/www.nexoinformativo.mx\/#organization\"},\"image\":{\"@id\":\"https:\/\/www.nexoinformativo.mx\/index.php\/2024\/11\/05\/astronautas-de-la-nasa-como-votaron-desde-la-estacion-espacial-internacional\/#primaryimage\"},\"thumbnailUrl\":\"https:\/\/www.nexoinformativo.mx\/wp-content\/uploads\/2024\/11\/pexels-pixabay-2156-e1730860337245.jpeg\",\"keywords\":[\"Astronautas\",\"Elecciones2024\",\"NASA\",\"VotoEspacial\"],\"articleSection\":[\"Tecnolog\u00eda\",\"\u00daltima Hora\"],\"inLanguage\":\"es\",\"potentialAction\":[{\"@type\":\"CommentAction\",\"name\":\"Comment\",\"target\":[\"https:\/\/www.nexoinformativo.mx\/index.php\/2024\/11\/05\/astronautas-de-la-nasa-como-votaron-desde-la-estacion-espacial-internacional\/#respond\"]}]},{\"@type\":\"WebPage\",\"@id\":\"https:\/\/www.nexoinformativo.mx\/index.php\/2024\/11\/05\/astronautas-de-la-nasa-como-votaron-desde-la-estacion-espacial-internacional\/\",\"url\":\"https:\/\/www.nexoinformativo.mx\/index.php\/2024\/11\/05\/astronautas-de-la-nasa-como-votaron-desde-la-estacion-espacial-internacional\/\",\"name\":\"Astronautas de la NASA: C\u00f3mo votaron desde la Estaci\u00f3n Espacial Internacional | Nexo Informativo Santiago de Quer\u00e9taro\",\"isPartOf\":{\"@id\":\"https:\/\/www.nexoinformativo.mx\/#website\"},\"primaryImageOfPage\":{\"@id\":\"https:\/\/www.nexoinformativo.mx\/index.php\/2024\/11\/05\/astronautas-de-la-nasa-como-votaron-desde-la-estacion-espacial-internacional\/#primaryimage\"},\"image\":{\"@id\":\"https:\/\/www.nexoinformativo.mx\/index.php\/2024\/11\/05\/astronautas-de-la-nasa-como-votaron-desde-la-estacion-espacial-internacional\/#primaryimage\"},\"thumbnailUrl\":\"https:\/\/www.nexoinformativo.mx\/wp-content\/uploads\/2024\/11\/pexels-pixabay-2156-e1730860337245.jpeg\",\"datePublished\":\"2024-11-05T23:00:07+00:00\",\"dateModified\":\"2024-11-06T02:42:51+00:00\",\"description\":\"Astronautas de la NASA: C\u00f3mo votaron desde la Estaci\u00f3n Espacial Internacional\",\"breadcrumb\":{\"@id\":\"https:\/\/www.nexoinformativo.mx\/index.php\/2024\/11\/05\/astronautas-de-la-nasa-como-votaron-desde-la-estacion-espacial-internacional\/#breadcrumb\"},\"inLanguage\":\"es\",\"potentialAction\":[{\"@type\":\"ReadAction\",\"target\":[\"https:\/\/www.nexoinformativo.mx\/index.php\/2024\/11\/05\/astronautas-de-la-nasa-como-votaron-desde-la-estacion-espacial-internacional\/\"]}]},{\"@type\":\"ImageObject\",\"inLanguage\":\"es\",\"@id\":\"https:\/\/www.nexoinformativo.mx\/index.php\/2024\/11\/05\/astronautas-de-la-nasa-como-votaron-desde-la-estacion-espacial-internacional\/#primaryimage\",\"url\":\"https:\/\/www.nexoinformativo.mx\/wp-content\/uploads\/2024\/11\/pexels-pixabay-2156-e1730860337245.jpeg\",\"contentUrl\":\"https:\/\/www.nexoinformativo.mx\/wp-content\/uploads\/2024\/11\/pexels-pixabay-2156-e1730860337245.jpeg\",\"width\":800,\"height\":530},{\"@type\":\"BreadcrumbList\",\"@id\":\"https:\/\/www.nexoinformativo.mx\/index.php\/2024\/11\/05\/astronautas-de-la-nasa-como-votaron-desde-la-estacion-espacial-internacional\/#breadcrumb\",\"itemListElement\":[{\"@type\":\"ListItem\",\"position\":1,\"name\":\"Inicio\",\"item\":\"https:\/\/www.nexoinformativo.mx\/\"},{\"@type\":\"ListItem\",\"position\":2,\"name\":\"Astronautas de la NASA: C\u00f3mo votaron desde la Estaci\u00f3n Espacial Internacional\"}]},{\"@type\":\"WebSite\",\"@id\":\"https:\/\/www.nexoinformativo.mx\/#website\",\"url\":\"https:\/\/www.nexoinformativo.mx\/\",\"name\":\"Nexo Informativo Santiago de Quer\u00e9taro\",\"description\":\"Explora NexoInformativo y convi\u00e9rtete en parte de una comunidad que valora el conocimiento y la verdad. Tu nexoinformativo es tu puente hacia una comprensi\u00f3n m\u00e1s profunda del mundo que te rodea.\",\"publisher\":{\"@id\":\"https:\/\/www.nexoinformativo.mx\/#organization\"},\"potentialAction\":[{\"@type\":\"SearchAction\",\"target\":{\"@type\":\"EntryPoint\",\"urlTemplate\":\"https:\/\/www.nexoinformativo.mx\/?s={search_term_string}\"},\"query-input\":{\"@type\":\"PropertyValueSpecification\",\"valueRequired\":true,\"valueName\":\"search_term_string\"}}],\"inLanguage\":\"es\"},{\"@type\":\"Organization\",\"@id\":\"https:\/\/www.nexoinformativo.mx\/#organization\",\"name\":\"Nexo Informativo Santiago de Quer\u00e9taro\",\"url\":\"https:\/\/www.nexoinformativo.mx\/\",\"logo\":{\"@type\":\"ImageObject\",\"inLanguage\":\"es\",\"@id\":\"https:\/\/www.nexoinformativo.mx\/#\/schema\/logo\/image\/\",\"url\":\"https:\/\/www.nexoinformativo.mx\/wp-content\/uploads\/2024\/07\/nexoi-trasparente-2.png\",\"contentUrl\":\"https:\/\/www.nexoinformativo.mx\/wp-content\/uploads\/2024\/07\/nexoi-trasparente-2.png\",\"width\":816,\"height\":339,\"caption\":\"Nexo Informativo Santiago de Quer\u00e9taro\"},\"image\":{\"@id\":\"https:\/\/www.nexoinformativo.mx\/#\/schema\/logo\/image\/\"},\"sameAs\":[\"https:\/\/www.facebook.com\/people\/Nexo-Informativo\/61564066885511\/\"]},{\"@type\":\"Person\",\"@id\":\"https:\/\/www.nexoinformativo.mx\/#\/schema\/person\/7749d380ba08c8ca00d7bc76fd907b7d\",\"name\":\"Nexo Informativo\",\"image\":{\"@type\":\"ImageObject\",\"inLanguage\":\"es\",\"@id\":\"https:\/\/www.nexoinformativo.mx\/#\/schema\/person\/image\/\",\"url\":\"https:\/\/secure.gravatar.com\/avatar\/dde2928154642a13d95f87ddf1ea9718fe2b46760a005c53e41ff5ad610704e6?s=96&d=mm&r=g\",\"contentUrl\":\"https:\/\/secure.gravatar.com\/avatar\/dde2928154642a13d95f87ddf1ea9718fe2b46760a005c53e41ff5ad610704e6?s=96&d=mm&r=g\",\"caption\":\"Nexo Informativo\"},\"url\":\"https:\/\/www.nexoinformativo.mx\/index.php\/author\/edicion\/\"}]}<\/script>\n<!-- \/ Yoast SEO plugin. -->","yoast_head_json":{"title":"Astronautas de la NASA: C\u00f3mo votaron desde la Estaci\u00f3n Espacial Internacional | Nexo Informativo Santiago de Quer\u00e9taro","description":"Astronautas de la NASA: C\u00f3mo votaron desde la Estaci\u00f3n Espacial Internacional","robots":{"index":"index","follow":"follow","max-snippet":"max-snippet:-1","max-image-preview":"max-image-preview:large","max-video-preview":"max-video-preview:-1"},"canonical":"https:\/\/www.nexoinformativo.mx\/index.php\/2024\/11\/05\/astronautas-de-la-nasa-como-votaron-desde-la-estacion-espacial-internacional\/","og_locale":"es_MX","og_type":"article","og_title":"Astronautas de la NASA: C\u00f3mo votaron desde la Estaci\u00f3n Espacial Internacional | Nexo Informativo Santiago de Quer\u00e9taro","og_description":"Astronautas de la NASA: C\u00f3mo votaron desde la Estaci\u00f3n Espacial Internacional","og_url":"https:\/\/www.nexoinformativo.mx\/index.php\/2024\/11\/05\/astronautas-de-la-nasa-como-votaron-desde-la-estacion-espacial-internacional\/","og_site_name":"Nexo Informativo Santiago de Quer\u00e9taro","article_publisher":"https:\/\/www.facebook.com\/people\/Nexo-Informativo\/61564066885511\/","article_published_time":"2024-11-05T23:00:07+00:00","article_modified_time":"2024-11-06T02:42:51+00:00","og_image":[{"width":800,"height":530,"url":"https:\/\/www.nexoinformativo.mx\/wp-content\/uploads\/2024\/11\/pexels-pixabay-2156-e1730860337245.jpeg","type":"image\/jpeg"}],"author":"Nexo Informativo","twitter_card":"summary_large_image","twitter_misc":{"Escrito por":"Nexo Informativo","Tiempo de lectura":"2 minutos"},"schema":{"@context":"https:\/\/schema.org","@graph":[{"@type":"Article","@id":"https:\/\/www.nexoinformativo.mx\/index.php\/2024\/11\/05\/astronautas-de-la-nasa-como-votaron-desde-la-estacion-espacial-internacional\/#article","isPartOf":{"@id":"https:\/\/www.nexoinformativo.mx\/index.php\/2024\/11\/05\/astronautas-de-la-nasa-como-votaron-desde-la-estacion-espacial-internacional\/"},"author":{"name":"Nexo Informativo","@id":"https:\/\/www.nexoinformativo.mx\/#\/schema\/person\/7749d380ba08c8ca00d7bc76fd907b7d"},"headline":"Astronautas de la NASA: C\u00f3mo votaron desde la Estaci\u00f3n Espacial Internacional","datePublished":"2024-11-05T23:00:07+00:00","dateModified":"2024-11-06T02:42:51+00:00","mainEntityOfPage":{"@id":"https:\/\/www.nexoinformativo.mx\/index.php\/2024\/11\/05\/astronautas-de-la-nasa-como-votaron-desde-la-estacion-espacial-internacional\/"},"wordCount":321,"commentCount":0,"publisher":{"@id":"https:\/\/www.nexoinformativo.mx\/#organization"},"image":{"@id":"https:\/\/www.nexoinformativo.mx\/index.php\/2024\/11\/05\/astronautas-de-la-nasa-como-votaron-desde-la-estacion-espacial-internacional\/#primaryimage"},"thumbnailUrl":"https:\/\/www.nexoinformativo.mx\/wp-content\/uploads\/2024\/11\/pexels-pixabay-2156-e1730860337245.jpeg","keywords":["Astronautas","Elecciones2024","NASA","VotoEspacial"],"articleSection":["Tecnolog\u00eda","\u00daltima Hora"],"inLanguage":"es","potentialAction":[{"@type":"CommentAction","name":"Comment","target":["https:\/\/www.nexoinformativo.mx\/index.php\/2024\/11\/05\/astronautas-de-la-nasa-como-votaron-desde-la-estacion-espacial-internacional\/#respond"]}]},{"@type":"WebPage","@id":"https:\/\/www.nexoinformativo.mx\/index.php\/2024\/11\/05\/astronautas-de-la-nasa-como-votaron-desde-la-estacion-espacial-internacional\/","url":"https:\/\/www.nexoinformativo.mx\/index.php\/2024\/11\/05\/astronautas-de-la-nasa-como-votaron-desde-la-estacion-espacial-internacional\/","name":"Astronautas de la NASA: C\u00f3mo votaron desde la Estaci\u00f3n Espacial Internacional | Nexo Informativo Santiago de Quer\u00e9taro","isPartOf":{"@id":"https:\/\/www.nexoinformativo.mx\/#website"},"primaryImageOfPage":{"@id":"https:\/\/www.nexoinformativo.mx\/index.php\/2024\/11\/05\/astronautas-de-la-nasa-como-votaron-desde-la-estacion-espacial-internacional\/#primaryimage"},"image":{"@id":"https:\/\/www.nexoinformativo.mx\/index.php\/2024\/11\/05\/astronautas-de-la-nasa-como-votaron-desde-la-estacion-espacial-internacional\/#primaryimage"},"thumbnailUrl":"https:\/\/www.nexoinformativo.mx\/wp-content\/uploads\/2024\/11\/pexels-pixabay-2156-e1730860337245.jpeg","datePublished":"2024-11-05T23:00:07+00:00","dateModified":"2024-11-06T02:42:51+00:00","description":"Astronautas de la NASA: C\u00f3mo votaron desde la Estaci\u00f3n Espacial Internacional","breadcrumb":{"@id":"https:\/\/www.nexoinformativo.mx\/index.php\/2024\/11\/05\/astronautas-de-la-nasa-como-votaron-desde-la-estacion-espacial-internacional\/#breadcrumb"},"inLanguage":"es","potentialAction":[{"@type":"ReadAction","target":["https:\/\/www.nexoinformativo.mx\/index.php\/2024\/11\/05\/astronautas-de-la-nasa-como-votaron-desde-la-estacion-espacial-internacional\/"]}]},{"@type":"ImageObject","inLanguage":"es","@id":"https:\/\/www.nexoinformativo.mx\/index.php\/2024\/11\/05\/astronautas-de-la-nasa-como-votaron-desde-la-estacion-espacial-internacional\/#primaryimage","url":"https:\/\/www.nexoinformativo.mx\/wp-content\/uploads\/2024\/11\/pexels-pixabay-2156-e1730860337245.jpeg","contentUrl":"https:\/\/www.nexoinformativo.mx\/wp-content\/uploads\/2024\/11\/pexels-pixabay-2156-e1730860337245.jpeg","width":800,"height":530},{"@type":"BreadcrumbList","@id":"https:\/\/www.nexoinformativo.mx\/index.php\/2024\/11\/05\/astronautas-de-la-nasa-como-votaron-desde-la-estacion-espacial-internacional\/#breadcrumb","itemListElement":[{"@type":"ListItem","position":1,"name":"Inicio","item":"https:\/\/www.nexoinformativo.mx\/"},{"@type":"ListItem","position":2,"name":"Astronautas de la NASA: C\u00f3mo votaron desde la Estaci\u00f3n Espacial Internacional"}]},{"@type":"WebSite","@id":"https:\/\/www.nexoinformativo.mx\/#website","url":"https:\/\/www.nexoinformativo.mx\/","name":"Nexo Informativo Santiago de Quer\u00e9taro","description":"Explora NexoInformativo y convi\u00e9rtete en parte de una comunidad que valora el conocimiento y la verdad. Tu nexoinformativo es tu puente hacia una comprensi\u00f3n m\u00e1s profunda del mundo que te rodea.","publisher":{"@id":"https:\/\/www.nexoinformativo.mx\/#organization"},"potentialAction":[{"@type":"SearchAction","target":{"@type":"EntryPoint","urlTemplate":"https:\/\/www.nexoinformativo.mx\/?s={search_term_string}"},"query-input":{"@type":"PropertyValueSpecification","valueRequired":true,"valueName":"search_term_string"}}],"inLanguage":"es"},{"@type":"Organization","@id":"https:\/\/www.nexoinformativo.mx\/#organization","name":"Nexo Informativo Santiago de Quer\u00e9taro","url":"https:\/\/www.nexoinformativo.mx\/","logo":{"@type":"ImageObject","inLanguage":"es","@id":"https:\/\/www.nexoinformativo.mx\/#\/schema\/logo\/image\/","url":"https:\/\/www.nexoinformativo.mx\/wp-content\/uploads\/2024\/07\/nexoi-trasparente-2.png","contentUrl":"https:\/\/www.nexoinformativo.mx\/wp-content\/uploads\/2024\/07\/nexoi-trasparente-2.png","width":816,"height":339,"caption":"Nexo Informativo Santiago de Quer\u00e9taro"},"image":{"@id":"https:\/\/www.nexoinformativo.mx\/#\/schema\/logo\/image\/"},"sameAs":["https:\/\/www.facebook.com\/people\/Nexo-Informativo\/61564066885511\/"]},{"@type":"Person","@id":"https:\/\/www.nexoinformativo.mx\/#\/schema\/person\/7749d380ba08c8ca00d7bc76fd907b7d","name":"Nexo Informativo","image":{"@type":"ImageObject","inLanguage":"es","@id":"https:\/\/www.nexoinformativo.mx\/#\/schema\/person\/image\/","url":"https:\/\/secure.gravatar.com\/avatar\/dde2928154642a13d95f87ddf1ea9718fe2b46760a005c53e41ff5ad610704e6?s=96&d=mm&r=g","contentUrl":"https:\/\/secure.gravatar.com\/avatar\/dde2928154642a13d95f87ddf1ea9718fe2b46760a005c53e41ff5ad610704e6?s=96&d=mm&r=g","caption":"Nexo Informativo"},"url":"https:\/\/www.nexoinformativo.mx\/index.php\/author\/edicion\/"}]}},"_links":{"self":[{"href":"https:\/\/www.nexoinformativo.mx\/index.php\/wp-json\/wp\/v2\/posts\/5404","targetHints":{"allow":["GET"]}}],"collection":[{"href":"https:\/\/www.nexoinformativo.mx\/index.php\/wp-json\/wp\/v2\/posts"}],"about":[{"href":"https:\/\/www.nexoinformativo.mx\/index.php\/wp-json\/wp\/v2\/types\/post"}],"author":[{"embeddable":true,"href":"https:\/\/www.nexoinformativo.mx\/index.php\/wp-json\/wp\/v2\/users\/3"}],"replies":[{"embeddable":true,"href":"https:\/\/www.nexoinformativo.mx\/index.php\/wp-json\/wp\/v2\/comments?post=5404"}],"version-history":[{"count":6,"href":"https:\/\/www.nexoinformativo.mx\/index.php\/wp-json\/wp\/v2\/posts\/5404\/revisions"}],"predecessor-version":[{"id":5418,"href":"https:\/\/www.nexoinformativo.mx\/index.php\/wp-json\/wp\/v2\/posts\/5404\/revisions\/5418"}],"wp:featuredmedia":[{"embeddable":true,"href":"https:\/\/www.nexoinformativo.mx\/index.php\/wp-json\/wp\/v2\/media\/5405"}],"wp:attachment":[{"href":"https:\/\/www.nexoinformativo.mx\/index.php\/wp-json\/wp\/v2\/media?parent=5404"}],"wp:term":[{"taxonomy":"category","embeddable":true,"href":"https:\/\/www.nexoinformativo.mx\/index.php\/wp-json\/wp\/v2\/categories?post=5404"},{"taxonomy":"post_tag","embeddable":true,"href":"https:\/\/www.nexoinformativo.mx\/index.php\/wp-json\/wp\/v2\/tags?post=5404"}],"curies":[{"name":"wp","href":"https:\/\/api.w.org\/{rel}","templated":true}]}}