{"id":5411,"date":"2024-11-05T17:30:28","date_gmt":"2024-11-05T23:30:28","guid":{"rendered":"https:\/\/www.nexoinformativo.mx\/?p=5411"},"modified":"2024-11-05T20:42:12","modified_gmt":"2024-11-06T02:42:12","slug":"universidad-tecnologica-de-corregidora-y-sedesu-unen-fuerzas-para-impulsar-la-biotecnologia-y-el-turismo-en-queretaro","status":"publish","type":"post","link":"https:\/\/www.nexoinformativo.mx\/index.php\/2024\/11\/05\/universidad-tecnologica-de-corregidora-y-sedesu-unen-fuerzas-para-impulsar-la-biotecnologia-y-el-turismo-en-queretaro\/","title":{"rendered":"Universidad Tecnol\u00f3gica de Corregidora y SEDESU unen fuerzas para impulsar la biotecnolog\u00eda y el turismo en Quer\u00e9taro"},"content":{"rendered":"<p style=\"text-align: justify;\" data-sourcepos=\"5:1-5:422\">La Universidad Tecnol\u00f3gica de Corregidora (UTC) y la Secretar\u00eda de Desarrollo Sustentable (SEDESU) han unido esfuerzos para impulsar el desarrollo de proyectos acad\u00e9micos en las \u00e1reas de biotecnolog\u00eda y turismo.<\/p>\n<p>&nbsp;<\/p>\n<p style=\"text-align: justify;\" data-sourcepos=\"5:1-5:422\">Esta alianza estrat\u00e9gica busca fortalecer la vinculaci\u00f3n entre la academia, el gobierno y la industria, y posicionar a Quer\u00e9taro como un referente en innovaci\u00f3n y desarrollo sostenible.<\/p>\n<p>&nbsp;<\/p>\n<p style=\"text-align: justify;\" data-sourcepos=\"7:1-7:460\">Durante una reuni\u00f3n entre el rector de la UTC, Alberto Lugo Ledesma, y el director de Desarrollo Empresarial de la SEDESU, Arturo Guerrero G\u00f3mez, se exploraron diversas oportunidades de colaboraci\u00f3n.<\/p>\n<p>&nbsp;<\/p>\n<p style=\"text-align: justify;\" data-sourcepos=\"7:1-7:460\">Entre los proyectos destacados se encuentran el desarrollo de pruebas moleculares para mejorar la calidad de los cultivos en los vi\u00f1edos y la realizaci\u00f3n de estudios para promover la excelencia en los servicios tur\u00edsticos relacionados con el vino de Quer\u00e9taro.<\/p>\n<p>&nbsp;<\/p>\n<p style=\"text-align: justify;\" data-sourcepos=\"9:1-9:346\">Esta alianza permitir\u00e1 aprovechar el potencial de la UTC en investigaci\u00f3n y desarrollo, as\u00ed como la experiencia de la SEDESU en el fomento de la innovaci\u00f3n y el emprendimiento.<\/p>\n<p>&nbsp;<\/p>\n<p style=\"text-align: justify;\" data-sourcepos=\"9:1-9:346\">Adem\u00e1s, se busca fortalecer la vinculaci\u00f3n con los diferentes cl\u00fasteres del estado, lo que permitir\u00e1 impulsar la econom\u00eda local y generar nuevas oportunidades de empleo.<\/p>\n<p>&nbsp;<\/p>\n<p style=\"text-align: center;\" data-sourcepos=\"9:1-9:346\"><em><strong>\u00a1Informaci\u00f3n que transforma!<\/strong><\/em><\/p>\n","protected":false},"excerpt":{"rendered":"<p>La Universidad Tecnol\u00f3gica de Corregidora (UTC) y la Secretar\u00eda de Desarrollo Sustentable (SEDESU) han unido esfuerzos para impulsar el desarrollo de proyectos acad\u00e9micos en las \u00e1reas de biotecnolog\u00eda y turismo.<\/p>\n","protected":false},"author":3,"featured_media":5412,"comment_status":"open","ping_status":"open","sticky":false,"template":"","format":"standard","meta":{"footnotes":""},"categories":[65,58],"tags":[1877,133,1876,1686,1875],"class_list":["post-5411","post","type-post","status-publish","format-standard","has-post-thumbnail","hentry","category-municipios","category-ultima-hora","tag-biotecnologia","tag-queretaro","tag-sedesu","tag-turismo","tag-utc"],"yoast_head":"<!-- This site is optimized with the Yoast SEO plugin v25.0 - https:\/\/yoast.com\/wordpress\/plugins\/seo\/ -->\n<title>Universidad Tecnol\u00f3gica de Corregidora y SEDESU unen fuerzas para impulsar la biotecnolog\u00eda y el turismo en Quer\u00e9taro | Nexo Informativo Santiago de Quer\u00e9taro<\/title>\n<meta name=\"description\" content=\"Universidad Tecnol\u00f3gica de Corregidora y SEDESU unen fuerzas para impulsar la biotecnolog\u00eda y el turismo en Quer\u00e9taro\" \/>\n<meta name=\"robots\" content=\"index, follow, max-snippet:-1, max-image-preview:large, max-video-preview:-1\" \/>\n<link rel=\"canonical\" href=\"https:\/\/www.nexoinformativo.mx\/index.php\/2024\/11\/05\/universidad-tecnologica-de-corregidora-y-sedesu-unen-fuerzas-para-impulsar-la-biotecnologia-y-el-turismo-en-queretaro\/\" \/>\n<meta property=\"og:locale\" content=\"es_MX\" \/>\n<meta property=\"og:type\" content=\"article\" \/>\n<meta property=\"og:title\" content=\"Universidad Tecnol\u00f3gica de Corregidora y SEDESU unen fuerzas para impulsar la biotecnolog\u00eda y el turismo en Quer\u00e9taro | Nexo Informativo Santiago de Quer\u00e9taro\" \/>\n<meta property=\"og:description\" content=\"Universidad Tecnol\u00f3gica de Corregidora y SEDESU unen fuerzas para impulsar la biotecnolog\u00eda y el turismo en Quer\u00e9taro\" \/>\n<meta property=\"og:url\" content=\"https:\/\/www.nexoinformativo.mx\/index.php\/2024\/11\/05\/universidad-tecnologica-de-corregidora-y-sedesu-unen-fuerzas-para-impulsar-la-biotecnologia-y-el-turismo-en-queretaro\/\" \/>\n<meta property=\"og:site_name\" content=\"Nexo Informativo Santiago de Quer\u00e9taro\" \/>\n<meta property=\"article:publisher\" content=\"https:\/\/www.facebook.com\/people\/Nexo-Informativo\/61564066885511\/\" \/>\n<meta property=\"article:published_time\" content=\"2024-11-05T23:30:28+00:00\" \/>\n<meta property=\"article:modified_time\" content=\"2024-11-06T02:42:12+00:00\" \/>\n<meta property=\"og:image\" content=\"https:\/\/www.nexoinformativo.mx\/wp-content\/uploads\/2024\/11\/24c509b3-c2aa-4a05-bd4b-5174d35c5bd8-e1730860833708.jpg\" \/>\n\t<meta property=\"og:image:width\" content=\"800\" \/>\n\t<meta property=\"og:image:height\" content=\"499\" \/>\n\t<meta property=\"og:image:type\" content=\"image\/jpeg\" \/>\n<meta name=\"author\" content=\"Nexo Informativo\" \/>\n<meta name=\"twitter:card\" content=\"summary_large_image\" \/>\n<meta name=\"twitter:label1\" content=\"Escrito por\" \/>\n\t<meta name=\"twitter:data1\" content=\"Nexo Informativo\" \/>\n\t<meta name=\"twitter:label2\" content=\"Tiempo de lectura\" \/>\n\t<meta name=\"twitter:data2\" content=\"2 minutos\" \/>\n<script type=\"application\/ld+json\" class=\"yoast-schema-graph\">{\"@context\":\"https:\/\/schema.org\",\"@graph\":[{\"@type\":\"Article\",\"@id\":\"https:\/\/www.nexoinformativo.mx\/index.php\/2024\/11\/05\/universidad-tecnologica-de-corregidora-y-sedesu-unen-fuerzas-para-impulsar-la-biotecnologia-y-el-turismo-en-queretaro\/#article\",\"isPartOf\":{\"@id\":\"https:\/\/www.nexoinformativo.mx\/index.php\/2024\/11\/05\/universidad-tecnologica-de-corregidora-y-sedesu-unen-fuerzas-para-impulsar-la-biotecnologia-y-el-turismo-en-queretaro\/\"},\"author\":{\"name\":\"Nexo Informativo\",\"@id\":\"https:\/\/www.nexoinformativo.mx\/#\/schema\/person\/7749d380ba08c8ca00d7bc76fd907b7d\"},\"headline\":\"Universidad Tecnol\u00f3gica de Corregidora y SEDESU unen fuerzas para impulsar la biotecnolog\u00eda y el turismo en Quer\u00e9taro\",\"datePublished\":\"2024-11-05T23:30:28+00:00\",\"dateModified\":\"2024-11-06T02:42:12+00:00\",\"mainEntityOfPage\":{\"@id\":\"https:\/\/www.nexoinformativo.mx\/index.php\/2024\/11\/05\/universidad-tecnologica-de-corregidora-y-sedesu-unen-fuerzas-para-impulsar-la-biotecnologia-y-el-turismo-en-queretaro\/\"},\"wordCount\":232,\"commentCount\":0,\"publisher\":{\"@id\":\"https:\/\/www.nexoinformativo.mx\/#organization\"},\"image\":{\"@id\":\"https:\/\/www.nexoinformativo.mx\/index.php\/2024\/11\/05\/universidad-tecnologica-de-corregidora-y-sedesu-unen-fuerzas-para-impulsar-la-biotecnologia-y-el-turismo-en-queretaro\/#primaryimage\"},\"thumbnailUrl\":\"https:\/\/www.nexoinformativo.mx\/wp-content\/uploads\/2024\/11\/24c509b3-c2aa-4a05-bd4b-5174d35c5bd8-e1730860833708.jpg\",\"keywords\":[\"Biotecnolog\u00eda\",\"Quer\u00e9taro\",\"SEDESU\",\"Turismo\",\"UTC\"],\"articleSection\":[\"Municipios\",\"\u00daltima Hora\"],\"inLanguage\":\"es\",\"potentialAction\":[{\"@type\":\"CommentAction\",\"name\":\"Comment\",\"target\":[\"https:\/\/www.nexoinformativo.mx\/index.php\/2024\/11\/05\/universidad-tecnologica-de-corregidora-y-sedesu-unen-fuerzas-para-impulsar-la-biotecnologia-y-el-turismo-en-queretaro\/#respond\"]}]},{\"@type\":\"WebPage\",\"@id\":\"https:\/\/www.nexoinformativo.mx\/index.php\/2024\/11\/05\/universidad-tecnologica-de-corregidora-y-sedesu-unen-fuerzas-para-impulsar-la-biotecnologia-y-el-turismo-en-queretaro\/\",\"url\":\"https:\/\/www.nexoinformativo.mx\/index.php\/2024\/11\/05\/universidad-tecnologica-de-corregidora-y-sedesu-unen-fuerzas-para-impulsar-la-biotecnologia-y-el-turismo-en-queretaro\/\",\"name\":\"Universidad Tecnol\u00f3gica de Corregidora y SEDESU unen fuerzas para impulsar la biotecnolog\u00eda y el turismo en Quer\u00e9taro | Nexo Informativo Santiago de Quer\u00e9taro\",\"isPartOf\":{\"@id\":\"https:\/\/www.nexoinformativo.mx\/#website\"},\"primaryImageOfPage\":{\"@id\":\"https:\/\/www.nexoinformativo.mx\/index.php\/2024\/11\/05\/universidad-tecnologica-de-corregidora-y-sedesu-unen-fuerzas-para-impulsar-la-biotecnologia-y-el-turismo-en-queretaro\/#primaryimage\"},\"image\":{\"@id\":\"https:\/\/www.nexoinformativo.mx\/index.php\/2024\/11\/05\/universidad-tecnologica-de-corregidora-y-sedesu-unen-fuerzas-para-impulsar-la-biotecnologia-y-el-turismo-en-queretaro\/#primaryimage\"},\"thumbnailUrl\":\"https:\/\/www.nexoinformativo.mx\/wp-content\/uploads\/2024\/11\/24c509b3-c2aa-4a05-bd4b-5174d35c5bd8-e1730860833708.jpg\",\"datePublished\":\"2024-11-05T23:30:28+00:00\",\"dateModified\":\"2024-11-06T02:42:12+00:00\",\"description\":\"Universidad Tecnol\u00f3gica de Corregidora y SEDESU unen fuerzas para impulsar la biotecnolog\u00eda y el turismo en Quer\u00e9taro\",\"breadcrumb\":{\"@id\":\"https:\/\/www.nexoinformativo.mx\/index.php\/2024\/11\/05\/universidad-tecnologica-de-corregidora-y-sedesu-unen-fuerzas-para-impulsar-la-biotecnologia-y-el-turismo-en-queretaro\/#breadcrumb\"},\"inLanguage\":\"es\",\"potentialAction\":[{\"@type\":\"ReadAction\",\"target\":[\"https:\/\/www.nexoinformativo.mx\/index.php\/2024\/11\/05\/universidad-tecnologica-de-corregidora-y-sedesu-unen-fuerzas-para-impulsar-la-biotecnologia-y-el-turismo-en-queretaro\/\"]}]},{\"@type\":\"ImageObject\",\"inLanguage\":\"es\",\"@id\":\"https:\/\/www.nexoinformativo.mx\/index.php\/2024\/11\/05\/universidad-tecnologica-de-corregidora-y-sedesu-unen-fuerzas-para-impulsar-la-biotecnologia-y-el-turismo-en-queretaro\/#primaryimage\",\"url\":\"https:\/\/www.nexoinformativo.mx\/wp-content\/uploads\/2024\/11\/24c509b3-c2aa-4a05-bd4b-5174d35c5bd8-e1730860833708.jpg\",\"contentUrl\":\"https:\/\/www.nexoinformativo.mx\/wp-content\/uploads\/2024\/11\/24c509b3-c2aa-4a05-bd4b-5174d35c5bd8-e1730860833708.jpg\",\"width\":800,\"height\":499},{\"@type\":\"BreadcrumbList\",\"@id\":\"https:\/\/www.nexoinformativo.mx\/index.php\/2024\/11\/05\/universidad-tecnologica-de-corregidora-y-sedesu-unen-fuerzas-para-impulsar-la-biotecnologia-y-el-turismo-en-queretaro\/#breadcrumb\",\"itemListElement\":[{\"@type\":\"ListItem\",\"position\":1,\"name\":\"Inicio\",\"item\":\"https:\/\/www.nexoinformativo.mx\/\"},{\"@type\":\"ListItem\",\"position\":2,\"name\":\"Universidad Tecnol\u00f3gica de Corregidora y SEDESU unen fuerzas para impulsar la biotecnolog\u00eda y el turismo en Quer\u00e9taro\"}]},{\"@type\":\"WebSite\",\"@id\":\"https:\/\/www.nexoinformativo.mx\/#website\",\"url\":\"https:\/\/www.nexoinformativo.mx\/\",\"name\":\"Nexo Informativo Santiago de Quer\u00e9taro\",\"description\":\"Explora NexoInformativo y convi\u00e9rtete en parte de una comunidad que valora el conocimiento y la verdad. Tu nexoinformativo es tu puente hacia una comprensi\u00f3n m\u00e1s profunda del mundo que te rodea.\",\"publisher\":{\"@id\":\"https:\/\/www.nexoinformativo.mx\/#organization\"},\"potentialAction\":[{\"@type\":\"SearchAction\",\"target\":{\"@type\":\"EntryPoint\",\"urlTemplate\":\"https:\/\/www.nexoinformativo.mx\/?s={search_term_string}\"},\"query-input\":{\"@type\":\"PropertyValueSpecification\",\"valueRequired\":true,\"valueName\":\"search_term_string\"}}],\"inLanguage\":\"es\"},{\"@type\":\"Organization\",\"@id\":\"https:\/\/www.nexoinformativo.mx\/#organization\",\"name\":\"Nexo Informativo Santiago de Quer\u00e9taro\",\"url\":\"https:\/\/www.nexoinformativo.mx\/\",\"logo\":{\"@type\":\"ImageObject\",\"inLanguage\":\"es\",\"@id\":\"https:\/\/www.nexoinformativo.mx\/#\/schema\/logo\/image\/\",\"url\":\"https:\/\/www.nexoinformativo.mx\/wp-content\/uploads\/2024\/07\/nexoi-trasparente-2.png\",\"contentUrl\":\"https:\/\/www.nexoinformativo.mx\/wp-content\/uploads\/2024\/07\/nexoi-trasparente-2.png\",\"width\":816,\"height\":339,\"caption\":\"Nexo Informativo Santiago de Quer\u00e9taro\"},\"image\":{\"@id\":\"https:\/\/www.nexoinformativo.mx\/#\/schema\/logo\/image\/\"},\"sameAs\":[\"https:\/\/www.facebook.com\/people\/Nexo-Informativo\/61564066885511\/\"]},{\"@type\":\"Person\",\"@id\":\"https:\/\/www.nexoinformativo.mx\/#\/schema\/person\/7749d380ba08c8ca00d7bc76fd907b7d\",\"name\":\"Nexo Informativo\",\"image\":{\"@type\":\"ImageObject\",\"inLanguage\":\"es\",\"@id\":\"https:\/\/www.nexoinformativo.mx\/#\/schema\/person\/image\/\",\"url\":\"https:\/\/secure.gravatar.com\/avatar\/dde2928154642a13d95f87ddf1ea9718fe2b46760a005c53e41ff5ad610704e6?s=96&d=mm&r=g\",\"contentUrl\":\"https:\/\/secure.gravatar.com\/avatar\/dde2928154642a13d95f87ddf1ea9718fe2b46760a005c53e41ff5ad610704e6?s=96&d=mm&r=g\",\"caption\":\"Nexo Informativo\"},\"url\":\"https:\/\/www.nexoinformativo.mx\/index.php\/author\/edicion\/\"}]}<\/script>\n<!-- \/ Yoast SEO plugin. -->","yoast_head_json":{"title":"Universidad Tecnol\u00f3gica de Corregidora y SEDESU unen fuerzas para impulsar la biotecnolog\u00eda y el turismo en Quer\u00e9taro | Nexo Informativo Santiago de Quer\u00e9taro","description":"Universidad Tecnol\u00f3gica de Corregidora y SEDESU unen fuerzas para impulsar la biotecnolog\u00eda y el turismo en Quer\u00e9taro","robots":{"index":"index","follow":"follow","max-snippet":"max-snippet:-1","max-image-preview":"max-image-preview:large","max-video-preview":"max-video-preview:-1"},"canonical":"https:\/\/www.nexoinformativo.mx\/index.php\/2024\/11\/05\/universidad-tecnologica-de-corregidora-y-sedesu-unen-fuerzas-para-impulsar-la-biotecnologia-y-el-turismo-en-queretaro\/","og_locale":"es_MX","og_type":"article","og_title":"Universidad Tecnol\u00f3gica de Corregidora y SEDESU unen fuerzas para impulsar la biotecnolog\u00eda y el turismo en Quer\u00e9taro | Nexo Informativo Santiago de Quer\u00e9taro","og_description":"Universidad Tecnol\u00f3gica de Corregidora y SEDESU unen fuerzas para impulsar la biotecnolog\u00eda y el turismo en Quer\u00e9taro","og_url":"https:\/\/www.nexoinformativo.mx\/index.php\/2024\/11\/05\/universidad-tecnologica-de-corregidora-y-sedesu-unen-fuerzas-para-impulsar-la-biotecnologia-y-el-turismo-en-queretaro\/","og_site_name":"Nexo Informativo Santiago de Quer\u00e9taro","article_publisher":"https:\/\/www.facebook.com\/people\/Nexo-Informativo\/61564066885511\/","article_published_time":"2024-11-05T23:30:28+00:00","article_modified_time":"2024-11-06T02:42:12+00:00","og_image":[{"width":800,"height":499,"url":"https:\/\/www.nexoinformativo.mx\/wp-content\/uploads\/2024\/11\/24c509b3-c2aa-4a05-bd4b-5174d35c5bd8-e1730860833708.jpg","type":"image\/jpeg"}],"author":"Nexo Informativo","twitter_card":"summary_large_image","twitter_misc":{"Escrito por":"Nexo Informativo","Tiempo de lectura":"2 minutos"},"schema":{"@context":"https:\/\/schema.org","@graph":[{"@type":"Article","@id":"https:\/\/www.nexoinformativo.mx\/index.php\/2024\/11\/05\/universidad-tecnologica-de-corregidora-y-sedesu-unen-fuerzas-para-impulsar-la-biotecnologia-y-el-turismo-en-queretaro\/#article","isPartOf":{"@id":"https:\/\/www.nexoinformativo.mx\/index.php\/2024\/11\/05\/universidad-tecnologica-de-corregidora-y-sedesu-unen-fuerzas-para-impulsar-la-biotecnologia-y-el-turismo-en-queretaro\/"},"author":{"name":"Nexo Informativo","@id":"https:\/\/www.nexoinformativo.mx\/#\/schema\/person\/7749d380ba08c8ca00d7bc76fd907b7d"},"headline":"Universidad Tecnol\u00f3gica de Corregidora y SEDESU unen fuerzas para impulsar la biotecnolog\u00eda y el turismo en Quer\u00e9taro","datePublished":"2024-11-05T23:30:28+00:00","dateModified":"2024-11-06T02:42:12+00:00","mainEntityOfPage":{"@id":"https:\/\/www.nexoinformativo.mx\/index.php\/2024\/11\/05\/universidad-tecnologica-de-corregidora-y-sedesu-unen-fuerzas-para-impulsar-la-biotecnologia-y-el-turismo-en-queretaro\/"},"wordCount":232,"commentCount":0,"publisher":{"@id":"https:\/\/www.nexoinformativo.mx\/#organization"},"image":{"@id":"https:\/\/www.nexoinformativo.mx\/index.php\/2024\/11\/05\/universidad-tecnologica-de-corregidora-y-sedesu-unen-fuerzas-para-impulsar-la-biotecnologia-y-el-turismo-en-queretaro\/#primaryimage"},"thumbnailUrl":"https:\/\/www.nexoinformativo.mx\/wp-content\/uploads\/2024\/11\/24c509b3-c2aa-4a05-bd4b-5174d35c5bd8-e1730860833708.jpg","keywords":["Biotecnolog\u00eda","Quer\u00e9taro","SEDESU","Turismo","UTC"],"articleSection":["Municipios","\u00daltima Hora"],"inLanguage":"es","potentialAction":[{"@type":"CommentAction","name":"Comment","target":["https:\/\/www.nexoinformativo.mx\/index.php\/2024\/11\/05\/universidad-tecnologica-de-corregidora-y-sedesu-unen-fuerzas-para-impulsar-la-biotecnologia-y-el-turismo-en-queretaro\/#respond"]}]},{"@type":"WebPage","@id":"https:\/\/www.nexoinformativo.mx\/index.php\/2024\/11\/05\/universidad-tecnologica-de-corregidora-y-sedesu-unen-fuerzas-para-impulsar-la-biotecnologia-y-el-turismo-en-queretaro\/","url":"https:\/\/www.nexoinformativo.mx\/index.php\/2024\/11\/05\/universidad-tecnologica-de-corregidora-y-sedesu-unen-fuerzas-para-impulsar-la-biotecnologia-y-el-turismo-en-queretaro\/","name":"Universidad Tecnol\u00f3gica de Corregidora y SEDESU unen fuerzas para impulsar la biotecnolog\u00eda y el turismo en Quer\u00e9taro | Nexo Informativo Santiago de Quer\u00e9taro","isPartOf":{"@id":"https:\/\/www.nexoinformativo.mx\/#website"},"primaryImageOfPage":{"@id":"https:\/\/www.nexoinformativo.mx\/index.php\/2024\/11\/05\/universidad-tecnologica-de-corregidora-y-sedesu-unen-fuerzas-para-impulsar-la-biotecnologia-y-el-turismo-en-queretaro\/#primaryimage"},"image":{"@id":"https:\/\/www.nexoinformativo.mx\/index.php\/2024\/11\/05\/universidad-tecnologica-de-corregidora-y-sedesu-unen-fuerzas-para-impulsar-la-biotecnologia-y-el-turismo-en-queretaro\/#primaryimage"},"thumbnailUrl":"https:\/\/www.nexoinformativo.mx\/wp-content\/uploads\/2024\/11\/24c509b3-c2aa-4a05-bd4b-5174d35c5bd8-e1730860833708.jpg","datePublished":"2024-11-05T23:30:28+00:00","dateModified":"2024-11-06T02:42:12+00:00","description":"Universidad Tecnol\u00f3gica de Corregidora y SEDESU unen fuerzas para impulsar la biotecnolog\u00eda y el turismo en Quer\u00e9taro","breadcrumb":{"@id":"https:\/\/www.nexoinformativo.mx\/index.php\/2024\/11\/05\/universidad-tecnologica-de-corregidora-y-sedesu-unen-fuerzas-para-impulsar-la-biotecnologia-y-el-turismo-en-queretaro\/#breadcrumb"},"inLanguage":"es","potentialAction":[{"@type":"ReadAction","target":["https:\/\/www.nexoinformativo.mx\/index.php\/2024\/11\/05\/universidad-tecnologica-de-corregidora-y-sedesu-unen-fuerzas-para-impulsar-la-biotecnologia-y-el-turismo-en-queretaro\/"]}]},{"@type":"ImageObject","inLanguage":"es","@id":"https:\/\/www.nexoinformativo.mx\/index.php\/2024\/11\/05\/universidad-tecnologica-de-corregidora-y-sedesu-unen-fuerzas-para-impulsar-la-biotecnologia-y-el-turismo-en-queretaro\/#primaryimage","url":"https:\/\/www.nexoinformativo.mx\/wp-content\/uploads\/2024\/11\/24c509b3-c2aa-4a05-bd4b-5174d35c5bd8-e1730860833708.jpg","contentUrl":"https:\/\/www.nexoinformativo.mx\/wp-content\/uploads\/2024\/11\/24c509b3-c2aa-4a05-bd4b-5174d35c5bd8-e1730860833708.jpg","width":800,"height":499},{"@type":"BreadcrumbList","@id":"https:\/\/www.nexoinformativo.mx\/index.php\/2024\/11\/05\/universidad-tecnologica-de-corregidora-y-sedesu-unen-fuerzas-para-impulsar-la-biotecnologia-y-el-turismo-en-queretaro\/#breadcrumb","itemListElement":[{"@type":"ListItem","position":1,"name":"Inicio","item":"https:\/\/www.nexoinformativo.mx\/"},{"@type":"ListItem","position":2,"name":"Universidad Tecnol\u00f3gica de Corregidora y SEDESU unen fuerzas para impulsar la biotecnolog\u00eda y el turismo en Quer\u00e9taro"}]},{"@type":"WebSite","@id":"https:\/\/www.nexoinformativo.mx\/#website","url":"https:\/\/www.nexoinformativo.mx\/","name":"Nexo Informativo Santiago de Quer\u00e9taro","description":"Explora NexoInformativo y convi\u00e9rtete en parte de una comunidad que valora el conocimiento y la verdad. Tu nexoinformativo es tu puente hacia una comprensi\u00f3n m\u00e1s profunda del mundo que te rodea.","publisher":{"@id":"https:\/\/www.nexoinformativo.mx\/#organization"},"potentialAction":[{"@type":"SearchAction","target":{"@type":"EntryPoint","urlTemplate":"https:\/\/www.nexoinformativo.mx\/?s={search_term_string}"},"query-input":{"@type":"PropertyValueSpecification","valueRequired":true,"valueName":"search_term_string"}}],"inLanguage":"es"},{"@type":"Organization","@id":"https:\/\/www.nexoinformativo.mx\/#organization","name":"Nexo Informativo Santiago de Quer\u00e9taro","url":"https:\/\/www.nexoinformativo.mx\/","logo":{"@type":"ImageObject","inLanguage":"es","@id":"https:\/\/www.nexoinformativo.mx\/#\/schema\/logo\/image\/","url":"https:\/\/www.nexoinformativo.mx\/wp-content\/uploads\/2024\/07\/nexoi-trasparente-2.png","contentUrl":"https:\/\/www.nexoinformativo.mx\/wp-content\/uploads\/2024\/07\/nexoi-trasparente-2.png","width":816,"height":339,"caption":"Nexo Informativo Santiago de Quer\u00e9taro"},"image":{"@id":"https:\/\/www.nexoinformativo.mx\/#\/schema\/logo\/image\/"},"sameAs":["https:\/\/www.facebook.com\/people\/Nexo-Informativo\/61564066885511\/"]},{"@type":"Person","@id":"https:\/\/www.nexoinformativo.mx\/#\/schema\/person\/7749d380ba08c8ca00d7bc76fd907b7d","name":"Nexo Informativo","image":{"@type":"ImageObject","inLanguage":"es","@id":"https:\/\/www.nexoinformativo.mx\/#\/schema\/person\/image\/","url":"https:\/\/secure.gravatar.com\/avatar\/dde2928154642a13d95f87ddf1ea9718fe2b46760a005c53e41ff5ad610704e6?s=96&d=mm&r=g","contentUrl":"https:\/\/secure.gravatar.com\/avatar\/dde2928154642a13d95f87ddf1ea9718fe2b46760a005c53e41ff5ad610704e6?s=96&d=mm&r=g","caption":"Nexo Informativo"},"url":"https:\/\/www.nexoinformativo.mx\/index.php\/author\/edicion\/"}]}},"_links":{"self":[{"href":"https:\/\/www.nexoinformativo.mx\/index.php\/wp-json\/wp\/v2\/posts\/5411","targetHints":{"allow":["GET"]}}],"collection":[{"href":"https:\/\/www.nexoinformativo.mx\/index.php\/wp-json\/wp\/v2\/posts"}],"about":[{"href":"https:\/\/www.nexoinformativo.mx\/index.php\/wp-json\/wp\/v2\/types\/post"}],"author":[{"embeddable":true,"href":"https:\/\/www.nexoinformativo.mx\/index.php\/wp-json\/wp\/v2\/users\/3"}],"replies":[{"embeddable":true,"href":"https:\/\/www.nexoinformativo.mx\/index.php\/wp-json\/wp\/v2\/comments?post=5411"}],"version-history":[{"count":3,"href":"https:\/\/www.nexoinformativo.mx\/index.php\/wp-json\/wp\/v2\/posts\/5411\/revisions"}],"predecessor-version":[{"id":5416,"href":"https:\/\/www.nexoinformativo.mx\/index.php\/wp-json\/wp\/v2\/posts\/5411\/revisions\/5416"}],"wp:featuredmedia":[{"embeddable":true,"href":"https:\/\/www.nexoinformativo.mx\/index.php\/wp-json\/wp\/v2\/media\/5412"}],"wp:attachment":[{"href":"https:\/\/www.nexoinformativo.mx\/index.php\/wp-json\/wp\/v2\/media?parent=5411"}],"wp:term":[{"taxonomy":"category","embeddable":true,"href":"https:\/\/www.nexoinformativo.mx\/index.php\/wp-json\/wp\/v2\/categories?post=5411"},{"taxonomy":"post_tag","embeddable":true,"href":"https:\/\/www.nexoinformativo.mx\/index.php\/wp-json\/wp\/v2\/tags?post=5411"}],"curies":[{"name":"wp","href":"https:\/\/api.w.org\/{rel}","templated":true}]}}