{"id":5424,"date":"2024-11-05T20:00:21","date_gmt":"2024-11-06T02:00:21","guid":{"rendered":"https:\/\/www.nexoinformativo.mx\/?p=5424"},"modified":"2024-11-05T21:06:10","modified_gmt":"2024-11-06T03:06:10","slug":"bazar-de-emprendedoras-el-gomez-morin-se-llena-de-magia-navidena","status":"publish","type":"post","link":"https:\/\/www.nexoinformativo.mx\/index.php\/2024\/11\/05\/bazar-de-emprendedoras-el-gomez-morin-se-llena-de-magia-navidena\/","title":{"rendered":"Bazar de emprendedoras: El G\u00f3mez Mor\u00edn se llena de magia navide\u00f1a"},"content":{"rendered":"<p style=\"text-align: justify;\" data-sourcepos=\"5:1-5:420\">El Centro Educativo y Cultural del Estado de Quer\u00e9taro (CECEQ) <strong>&#8220;Manuel G\u00f3mez Mor\u00edn&#8221;<\/strong> se convertir\u00e1 en un espacio lleno de magia y emprendimiento este pr\u00f3ximo 30 de noviembre con la realizaci\u00f3n de su Bazar Navide\u00f1o 2024.<\/p>\n<p>&nbsp;<\/p>\n<p style=\"text-align: justify;\" data-sourcepos=\"5:1-5:420\">Este evento, dirigido principalmente a mujeres emprendedoras, busca promover el talento local y ofrecer una plataforma para que puedan exhibir y vender sus productos.<\/p>\n<p>&nbsp;<\/p>\n<p style=\"text-align: justify;\" data-sourcepos=\"7:1-7:371\">La directora general del CECEQ, Ana Eugenia Pati\u00f1o Correa, anunci\u00f3 que se espera la participaci\u00f3n de 150 emprendedoras que ofrecer\u00e1n una amplia variedad de productos, desde artesan\u00edas y ropa hasta alimentos y bebidas artesanales.<\/p>\n<p>&nbsp;<\/p>\n<p style=\"text-align: justify;\" data-sourcepos=\"7:1-7:371\">Adem\u00e1s, se realizar\u00e1n talleres y actividades para toda la familia, como m\u00f3dulos de vacunaci\u00f3n, una granja interactiva y un concierto en vivo.<\/p>\n<p>&nbsp;<\/p>\n<p style=\"text-align: justify;\" data-sourcepos=\"9:1-9:282\">&#8220;Este bazar es una oportunidad \u00fanica para conocer y apoyar el talento de las mujeres queretanas&#8221;, afirm\u00f3 Pati\u00f1o Correa. <strong>&#8220;Queremos fomentar el emprendimiento y el comercio justo, al tiempo que ofrecemos un espacio de convivencia y diversi\u00f3n para toda la familia&#8221;<\/strong>.<\/p>\n<p>&nbsp;<\/p>\n<p style=\"text-align: justify;\" data-sourcepos=\"11:1-11:155\"><strong>\u00a1No te pierdas esta gran fiesta navide\u00f1a!<\/strong> El bazar se llevar\u00e1 a cabo de 10:00 a 17:00 horas en las instalaciones del G\u00f3mez Mor\u00edn. La entrada es libre.<\/p>\n<p>&nbsp;<\/p>\n<p style=\"text-align: center;\" data-sourcepos=\"11:1-11:155\"><em><strong>\u00a1Informaci\u00f3n que transforma!<\/strong><\/em><\/p>\n","protected":false},"excerpt":{"rendered":"<p>El Centro Educativo y Cultural del Estado de Quer\u00e9taro (CECEQ) &#8220;Manuel G\u00f3mez Mor\u00edn&#8221; se convertir\u00e1 en un espacio lleno de magia y emprendimiento este pr\u00f3ximo 30 de noviembre con la realizaci\u00f3n de su Bazar Navide\u00f1o 2024.<\/p>\n","protected":false},"author":3,"featured_media":5425,"comment_status":"open","ping_status":"open","sticky":false,"template":"","format":"standard","meta":{"footnotes":""},"categories":[65,58],"tags":[1879,1881,1880,1882,133],"class_list":["post-5424","post","type-post","status-publish","format-standard","has-post-thumbnail","hentry","category-municipios","category-ultima-hora","tag-bazarnavideno","tag-emprendedoras","tag-gomezmorin","tag-navidad","tag-queretaro"],"yoast_head":"<!-- This site is optimized with the Yoast SEO plugin v25.0 - https:\/\/yoast.com\/wordpress\/plugins\/seo\/ -->\n<title>Bazar de emprendedoras: El G\u00f3mez Mor\u00edn se llena de magia navide\u00f1a | Nexo Informativo Santiago de Quer\u00e9taro<\/title>\n<meta name=\"description\" content=\"Bazar de emprendedoras: El G\u00f3mez Mor\u00edn se llena de magia navide\u00f1a\" \/>\n<meta name=\"robots\" content=\"index, follow, max-snippet:-1, max-image-preview:large, max-video-preview:-1\" \/>\n<link rel=\"canonical\" href=\"https:\/\/www.nexoinformativo.mx\/index.php\/2024\/11\/05\/bazar-de-emprendedoras-el-gomez-morin-se-llena-de-magia-navidena\/\" \/>\n<meta property=\"og:locale\" content=\"es_MX\" \/>\n<meta property=\"og:type\" content=\"article\" \/>\n<meta property=\"og:title\" content=\"Bazar de emprendedoras: El G\u00f3mez Mor\u00edn se llena de magia navide\u00f1a | Nexo Informativo Santiago de Quer\u00e9taro\" \/>\n<meta property=\"og:description\" content=\"Bazar de emprendedoras: El G\u00f3mez Mor\u00edn se llena de magia navide\u00f1a\" \/>\n<meta property=\"og:url\" content=\"https:\/\/www.nexoinformativo.mx\/index.php\/2024\/11\/05\/bazar-de-emprendedoras-el-gomez-morin-se-llena-de-magia-navidena\/\" \/>\n<meta property=\"og:site_name\" content=\"Nexo Informativo Santiago de Quer\u00e9taro\" \/>\n<meta property=\"article:publisher\" content=\"https:\/\/www.facebook.com\/people\/Nexo-Informativo\/61564066885511\/\" \/>\n<meta property=\"article:published_time\" content=\"2024-11-06T02:00:21+00:00\" \/>\n<meta property=\"article:modified_time\" content=\"2024-11-06T03:06:10+00:00\" \/>\n<meta property=\"og:image\" content=\"https:\/\/www.nexoinformativo.mx\/wp-content\/uploads\/2024\/11\/411c4cad-cb68-4258-945d-68f201d8aaa8-e1730862175831.jpg\" \/>\n\t<meta property=\"og:image:width\" content=\"750\" \/>\n\t<meta property=\"og:image:height\" content=\"978\" \/>\n\t<meta property=\"og:image:type\" content=\"image\/jpeg\" \/>\n<meta name=\"author\" content=\"Nexo Informativo\" \/>\n<meta name=\"twitter:card\" content=\"summary_large_image\" \/>\n<meta name=\"twitter:label1\" content=\"Escrito por\" \/>\n\t<meta name=\"twitter:data1\" content=\"Nexo Informativo\" \/>\n\t<meta name=\"twitter:label2\" content=\"Tiempo de lectura\" \/>\n\t<meta name=\"twitter:data2\" content=\"2 minutos\" \/>\n<script type=\"application\/ld+json\" class=\"yoast-schema-graph\">{\"@context\":\"https:\/\/schema.org\",\"@graph\":[{\"@type\":\"Article\",\"@id\":\"https:\/\/www.nexoinformativo.mx\/index.php\/2024\/11\/05\/bazar-de-emprendedoras-el-gomez-morin-se-llena-de-magia-navidena\/#article\",\"isPartOf\":{\"@id\":\"https:\/\/www.nexoinformativo.mx\/index.php\/2024\/11\/05\/bazar-de-emprendedoras-el-gomez-morin-se-llena-de-magia-navidena\/\"},\"author\":{\"name\":\"Nexo Informativo\",\"@id\":\"https:\/\/www.nexoinformativo.mx\/#\/schema\/person\/7749d380ba08c8ca00d7bc76fd907b7d\"},\"headline\":\"Bazar de emprendedoras: El G\u00f3mez Mor\u00edn se llena de magia navide\u00f1a\",\"datePublished\":\"2024-11-06T02:00:21+00:00\",\"dateModified\":\"2024-11-06T03:06:10+00:00\",\"mainEntityOfPage\":{\"@id\":\"https:\/\/www.nexoinformativo.mx\/index.php\/2024\/11\/05\/bazar-de-emprendedoras-el-gomez-morin-se-llena-de-magia-navidena\/\"},\"wordCount\":223,\"commentCount\":0,\"publisher\":{\"@id\":\"https:\/\/www.nexoinformativo.mx\/#organization\"},\"image\":{\"@id\":\"https:\/\/www.nexoinformativo.mx\/index.php\/2024\/11\/05\/bazar-de-emprendedoras-el-gomez-morin-se-llena-de-magia-navidena\/#primaryimage\"},\"thumbnailUrl\":\"https:\/\/www.nexoinformativo.mx\/wp-content\/uploads\/2024\/11\/411c4cad-cb68-4258-945d-68f201d8aaa8-e1730862175831.jpg\",\"keywords\":[\"BazarNavide\u00f1o\",\"Emprendedoras\",\"G\u00f3mezMor\u00edn\",\"Navidad\",\"Quer\u00e9taro\"],\"articleSection\":[\"Municipios\",\"\u00daltima Hora\"],\"inLanguage\":\"es\",\"potentialAction\":[{\"@type\":\"CommentAction\",\"name\":\"Comment\",\"target\":[\"https:\/\/www.nexoinformativo.mx\/index.php\/2024\/11\/05\/bazar-de-emprendedoras-el-gomez-morin-se-llena-de-magia-navidena\/#respond\"]}]},{\"@type\":\"WebPage\",\"@id\":\"https:\/\/www.nexoinformativo.mx\/index.php\/2024\/11\/05\/bazar-de-emprendedoras-el-gomez-morin-se-llena-de-magia-navidena\/\",\"url\":\"https:\/\/www.nexoinformativo.mx\/index.php\/2024\/11\/05\/bazar-de-emprendedoras-el-gomez-morin-se-llena-de-magia-navidena\/\",\"name\":\"Bazar de emprendedoras: El G\u00f3mez Mor\u00edn se llena de magia navide\u00f1a | Nexo Informativo Santiago de Quer\u00e9taro\",\"isPartOf\":{\"@id\":\"https:\/\/www.nexoinformativo.mx\/#website\"},\"primaryImageOfPage\":{\"@id\":\"https:\/\/www.nexoinformativo.mx\/index.php\/2024\/11\/05\/bazar-de-emprendedoras-el-gomez-morin-se-llena-de-magia-navidena\/#primaryimage\"},\"image\":{\"@id\":\"https:\/\/www.nexoinformativo.mx\/index.php\/2024\/11\/05\/bazar-de-emprendedoras-el-gomez-morin-se-llena-de-magia-navidena\/#primaryimage\"},\"thumbnailUrl\":\"https:\/\/www.nexoinformativo.mx\/wp-content\/uploads\/2024\/11\/411c4cad-cb68-4258-945d-68f201d8aaa8-e1730862175831.jpg\",\"datePublished\":\"2024-11-06T02:00:21+00:00\",\"dateModified\":\"2024-11-06T03:06:10+00:00\",\"description\":\"Bazar de emprendedoras: El G\u00f3mez Mor\u00edn se llena de magia navide\u00f1a\",\"breadcrumb\":{\"@id\":\"https:\/\/www.nexoinformativo.mx\/index.php\/2024\/11\/05\/bazar-de-emprendedoras-el-gomez-morin-se-llena-de-magia-navidena\/#breadcrumb\"},\"inLanguage\":\"es\",\"potentialAction\":[{\"@type\":\"ReadAction\",\"target\":[\"https:\/\/www.nexoinformativo.mx\/index.php\/2024\/11\/05\/bazar-de-emprendedoras-el-gomez-morin-se-llena-de-magia-navidena\/\"]}]},{\"@type\":\"ImageObject\",\"inLanguage\":\"es\",\"@id\":\"https:\/\/www.nexoinformativo.mx\/index.php\/2024\/11\/05\/bazar-de-emprendedoras-el-gomez-morin-se-llena-de-magia-navidena\/#primaryimage\",\"url\":\"https:\/\/www.nexoinformativo.mx\/wp-content\/uploads\/2024\/11\/411c4cad-cb68-4258-945d-68f201d8aaa8-e1730862175831.jpg\",\"contentUrl\":\"https:\/\/www.nexoinformativo.mx\/wp-content\/uploads\/2024\/11\/411c4cad-cb68-4258-945d-68f201d8aaa8-e1730862175831.jpg\",\"width\":750,\"height\":978},{\"@type\":\"BreadcrumbList\",\"@id\":\"https:\/\/www.nexoinformativo.mx\/index.php\/2024\/11\/05\/bazar-de-emprendedoras-el-gomez-morin-se-llena-de-magia-navidena\/#breadcrumb\",\"itemListElement\":[{\"@type\":\"ListItem\",\"position\":1,\"name\":\"Inicio\",\"item\":\"https:\/\/www.nexoinformativo.mx\/\"},{\"@type\":\"ListItem\",\"position\":2,\"name\":\"Bazar de emprendedoras: El G\u00f3mez Mor\u00edn se llena de magia navide\u00f1a\"}]},{\"@type\":\"WebSite\",\"@id\":\"https:\/\/www.nexoinformativo.mx\/#website\",\"url\":\"https:\/\/www.nexoinformativo.mx\/\",\"name\":\"Nexo Informativo Santiago de Quer\u00e9taro\",\"description\":\"Explora NexoInformativo y convi\u00e9rtete en parte de una comunidad que valora el conocimiento y la verdad. Tu nexoinformativo es tu puente hacia una comprensi\u00f3n m\u00e1s profunda del mundo que te rodea.\",\"publisher\":{\"@id\":\"https:\/\/www.nexoinformativo.mx\/#organization\"},\"potentialAction\":[{\"@type\":\"SearchAction\",\"target\":{\"@type\":\"EntryPoint\",\"urlTemplate\":\"https:\/\/www.nexoinformativo.mx\/?s={search_term_string}\"},\"query-input\":{\"@type\":\"PropertyValueSpecification\",\"valueRequired\":true,\"valueName\":\"search_term_string\"}}],\"inLanguage\":\"es\"},{\"@type\":\"Organization\",\"@id\":\"https:\/\/www.nexoinformativo.mx\/#organization\",\"name\":\"Nexo Informativo Santiago de Quer\u00e9taro\",\"url\":\"https:\/\/www.nexoinformativo.mx\/\",\"logo\":{\"@type\":\"ImageObject\",\"inLanguage\":\"es\",\"@id\":\"https:\/\/www.nexoinformativo.mx\/#\/schema\/logo\/image\/\",\"url\":\"https:\/\/www.nexoinformativo.mx\/wp-content\/uploads\/2024\/07\/nexoi-trasparente-2.png\",\"contentUrl\":\"https:\/\/www.nexoinformativo.mx\/wp-content\/uploads\/2024\/07\/nexoi-trasparente-2.png\",\"width\":816,\"height\":339,\"caption\":\"Nexo Informativo Santiago de Quer\u00e9taro\"},\"image\":{\"@id\":\"https:\/\/www.nexoinformativo.mx\/#\/schema\/logo\/image\/\"},\"sameAs\":[\"https:\/\/www.facebook.com\/people\/Nexo-Informativo\/61564066885511\/\"]},{\"@type\":\"Person\",\"@id\":\"https:\/\/www.nexoinformativo.mx\/#\/schema\/person\/7749d380ba08c8ca00d7bc76fd907b7d\",\"name\":\"Nexo Informativo\",\"image\":{\"@type\":\"ImageObject\",\"inLanguage\":\"es\",\"@id\":\"https:\/\/www.nexoinformativo.mx\/#\/schema\/person\/image\/\",\"url\":\"https:\/\/secure.gravatar.com\/avatar\/dde2928154642a13d95f87ddf1ea9718fe2b46760a005c53e41ff5ad610704e6?s=96&d=mm&r=g\",\"contentUrl\":\"https:\/\/secure.gravatar.com\/avatar\/dde2928154642a13d95f87ddf1ea9718fe2b46760a005c53e41ff5ad610704e6?s=96&d=mm&r=g\",\"caption\":\"Nexo Informativo\"},\"url\":\"https:\/\/www.nexoinformativo.mx\/index.php\/author\/edicion\/\"}]}<\/script>\n<!-- \/ Yoast SEO plugin. -->","yoast_head_json":{"title":"Bazar de emprendedoras: El G\u00f3mez Mor\u00edn se llena de magia navide\u00f1a | Nexo Informativo Santiago de Quer\u00e9taro","description":"Bazar de emprendedoras: El G\u00f3mez Mor\u00edn se llena de magia navide\u00f1a","robots":{"index":"index","follow":"follow","max-snippet":"max-snippet:-1","max-image-preview":"max-image-preview:large","max-video-preview":"max-video-preview:-1"},"canonical":"https:\/\/www.nexoinformativo.mx\/index.php\/2024\/11\/05\/bazar-de-emprendedoras-el-gomez-morin-se-llena-de-magia-navidena\/","og_locale":"es_MX","og_type":"article","og_title":"Bazar de emprendedoras: El G\u00f3mez Mor\u00edn se llena de magia navide\u00f1a | Nexo Informativo Santiago de Quer\u00e9taro","og_description":"Bazar de emprendedoras: El G\u00f3mez Mor\u00edn se llena de magia navide\u00f1a","og_url":"https:\/\/www.nexoinformativo.mx\/index.php\/2024\/11\/05\/bazar-de-emprendedoras-el-gomez-morin-se-llena-de-magia-navidena\/","og_site_name":"Nexo Informativo Santiago de Quer\u00e9taro","article_publisher":"https:\/\/www.facebook.com\/people\/Nexo-Informativo\/61564066885511\/","article_published_time":"2024-11-06T02:00:21+00:00","article_modified_time":"2024-11-06T03:06:10+00:00","og_image":[{"width":750,"height":978,"url":"https:\/\/www.nexoinformativo.mx\/wp-content\/uploads\/2024\/11\/411c4cad-cb68-4258-945d-68f201d8aaa8-e1730862175831.jpg","type":"image\/jpeg"}],"author":"Nexo Informativo","twitter_card":"summary_large_image","twitter_misc":{"Escrito por":"Nexo Informativo","Tiempo de lectura":"2 minutos"},"schema":{"@context":"https:\/\/schema.org","@graph":[{"@type":"Article","@id":"https:\/\/www.nexoinformativo.mx\/index.php\/2024\/11\/05\/bazar-de-emprendedoras-el-gomez-morin-se-llena-de-magia-navidena\/#article","isPartOf":{"@id":"https:\/\/www.nexoinformativo.mx\/index.php\/2024\/11\/05\/bazar-de-emprendedoras-el-gomez-morin-se-llena-de-magia-navidena\/"},"author":{"name":"Nexo Informativo","@id":"https:\/\/www.nexoinformativo.mx\/#\/schema\/person\/7749d380ba08c8ca00d7bc76fd907b7d"},"headline":"Bazar de emprendedoras: El G\u00f3mez Mor\u00edn se llena de magia navide\u00f1a","datePublished":"2024-11-06T02:00:21+00:00","dateModified":"2024-11-06T03:06:10+00:00","mainEntityOfPage":{"@id":"https:\/\/www.nexoinformativo.mx\/index.php\/2024\/11\/05\/bazar-de-emprendedoras-el-gomez-morin-se-llena-de-magia-navidena\/"},"wordCount":223,"commentCount":0,"publisher":{"@id":"https:\/\/www.nexoinformativo.mx\/#organization"},"image":{"@id":"https:\/\/www.nexoinformativo.mx\/index.php\/2024\/11\/05\/bazar-de-emprendedoras-el-gomez-morin-se-llena-de-magia-navidena\/#primaryimage"},"thumbnailUrl":"https:\/\/www.nexoinformativo.mx\/wp-content\/uploads\/2024\/11\/411c4cad-cb68-4258-945d-68f201d8aaa8-e1730862175831.jpg","keywords":["BazarNavide\u00f1o","Emprendedoras","G\u00f3mezMor\u00edn","Navidad","Quer\u00e9taro"],"articleSection":["Municipios","\u00daltima Hora"],"inLanguage":"es","potentialAction":[{"@type":"CommentAction","name":"Comment","target":["https:\/\/www.nexoinformativo.mx\/index.php\/2024\/11\/05\/bazar-de-emprendedoras-el-gomez-morin-se-llena-de-magia-navidena\/#respond"]}]},{"@type":"WebPage","@id":"https:\/\/www.nexoinformativo.mx\/index.php\/2024\/11\/05\/bazar-de-emprendedoras-el-gomez-morin-se-llena-de-magia-navidena\/","url":"https:\/\/www.nexoinformativo.mx\/index.php\/2024\/11\/05\/bazar-de-emprendedoras-el-gomez-morin-se-llena-de-magia-navidena\/","name":"Bazar de emprendedoras: El G\u00f3mez Mor\u00edn se llena de magia navide\u00f1a | Nexo Informativo Santiago de Quer\u00e9taro","isPartOf":{"@id":"https:\/\/www.nexoinformativo.mx\/#website"},"primaryImageOfPage":{"@id":"https:\/\/www.nexoinformativo.mx\/index.php\/2024\/11\/05\/bazar-de-emprendedoras-el-gomez-morin-se-llena-de-magia-navidena\/#primaryimage"},"image":{"@id":"https:\/\/www.nexoinformativo.mx\/index.php\/2024\/11\/05\/bazar-de-emprendedoras-el-gomez-morin-se-llena-de-magia-navidena\/#primaryimage"},"thumbnailUrl":"https:\/\/www.nexoinformativo.mx\/wp-content\/uploads\/2024\/11\/411c4cad-cb68-4258-945d-68f201d8aaa8-e1730862175831.jpg","datePublished":"2024-11-06T02:00:21+00:00","dateModified":"2024-11-06T03:06:10+00:00","description":"Bazar de emprendedoras: El G\u00f3mez Mor\u00edn se llena de magia navide\u00f1a","breadcrumb":{"@id":"https:\/\/www.nexoinformativo.mx\/index.php\/2024\/11\/05\/bazar-de-emprendedoras-el-gomez-morin-se-llena-de-magia-navidena\/#breadcrumb"},"inLanguage":"es","potentialAction":[{"@type":"ReadAction","target":["https:\/\/www.nexoinformativo.mx\/index.php\/2024\/11\/05\/bazar-de-emprendedoras-el-gomez-morin-se-llena-de-magia-navidena\/"]}]},{"@type":"ImageObject","inLanguage":"es","@id":"https:\/\/www.nexoinformativo.mx\/index.php\/2024\/11\/05\/bazar-de-emprendedoras-el-gomez-morin-se-llena-de-magia-navidena\/#primaryimage","url":"https:\/\/www.nexoinformativo.mx\/wp-content\/uploads\/2024\/11\/411c4cad-cb68-4258-945d-68f201d8aaa8-e1730862175831.jpg","contentUrl":"https:\/\/www.nexoinformativo.mx\/wp-content\/uploads\/2024\/11\/411c4cad-cb68-4258-945d-68f201d8aaa8-e1730862175831.jpg","width":750,"height":978},{"@type":"BreadcrumbList","@id":"https:\/\/www.nexoinformativo.mx\/index.php\/2024\/11\/05\/bazar-de-emprendedoras-el-gomez-morin-se-llena-de-magia-navidena\/#breadcrumb","itemListElement":[{"@type":"ListItem","position":1,"name":"Inicio","item":"https:\/\/www.nexoinformativo.mx\/"},{"@type":"ListItem","position":2,"name":"Bazar de emprendedoras: El G\u00f3mez Mor\u00edn se llena de magia navide\u00f1a"}]},{"@type":"WebSite","@id":"https:\/\/www.nexoinformativo.mx\/#website","url":"https:\/\/www.nexoinformativo.mx\/","name":"Nexo Informativo Santiago de Quer\u00e9taro","description":"Explora NexoInformativo y convi\u00e9rtete en parte de una comunidad que valora el conocimiento y la verdad. Tu nexoinformativo es tu puente hacia una comprensi\u00f3n m\u00e1s profunda del mundo que te rodea.","publisher":{"@id":"https:\/\/www.nexoinformativo.mx\/#organization"},"potentialAction":[{"@type":"SearchAction","target":{"@type":"EntryPoint","urlTemplate":"https:\/\/www.nexoinformativo.mx\/?s={search_term_string}"},"query-input":{"@type":"PropertyValueSpecification","valueRequired":true,"valueName":"search_term_string"}}],"inLanguage":"es"},{"@type":"Organization","@id":"https:\/\/www.nexoinformativo.mx\/#organization","name":"Nexo Informativo Santiago de Quer\u00e9taro","url":"https:\/\/www.nexoinformativo.mx\/","logo":{"@type":"ImageObject","inLanguage":"es","@id":"https:\/\/www.nexoinformativo.mx\/#\/schema\/logo\/image\/","url":"https:\/\/www.nexoinformativo.mx\/wp-content\/uploads\/2024\/07\/nexoi-trasparente-2.png","contentUrl":"https:\/\/www.nexoinformativo.mx\/wp-content\/uploads\/2024\/07\/nexoi-trasparente-2.png","width":816,"height":339,"caption":"Nexo Informativo Santiago de Quer\u00e9taro"},"image":{"@id":"https:\/\/www.nexoinformativo.mx\/#\/schema\/logo\/image\/"},"sameAs":["https:\/\/www.facebook.com\/people\/Nexo-Informativo\/61564066885511\/"]},{"@type":"Person","@id":"https:\/\/www.nexoinformativo.mx\/#\/schema\/person\/7749d380ba08c8ca00d7bc76fd907b7d","name":"Nexo Informativo","image":{"@type":"ImageObject","inLanguage":"es","@id":"https:\/\/www.nexoinformativo.mx\/#\/schema\/person\/image\/","url":"https:\/\/secure.gravatar.com\/avatar\/dde2928154642a13d95f87ddf1ea9718fe2b46760a005c53e41ff5ad610704e6?s=96&d=mm&r=g","contentUrl":"https:\/\/secure.gravatar.com\/avatar\/dde2928154642a13d95f87ddf1ea9718fe2b46760a005c53e41ff5ad610704e6?s=96&d=mm&r=g","caption":"Nexo Informativo"},"url":"https:\/\/www.nexoinformativo.mx\/index.php\/author\/edicion\/"}]}},"_links":{"self":[{"href":"https:\/\/www.nexoinformativo.mx\/index.php\/wp-json\/wp\/v2\/posts\/5424","targetHints":{"allow":["GET"]}}],"collection":[{"href":"https:\/\/www.nexoinformativo.mx\/index.php\/wp-json\/wp\/v2\/posts"}],"about":[{"href":"https:\/\/www.nexoinformativo.mx\/index.php\/wp-json\/wp\/v2\/types\/post"}],"author":[{"embeddable":true,"href":"https:\/\/www.nexoinformativo.mx\/index.php\/wp-json\/wp\/v2\/users\/3"}],"replies":[{"embeddable":true,"href":"https:\/\/www.nexoinformativo.mx\/index.php\/wp-json\/wp\/v2\/comments?post=5424"}],"version-history":[{"count":4,"href":"https:\/\/www.nexoinformativo.mx\/index.php\/wp-json\/wp\/v2\/posts\/5424\/revisions"}],"predecessor-version":[{"id":5428,"href":"https:\/\/www.nexoinformativo.mx\/index.php\/wp-json\/wp\/v2\/posts\/5424\/revisions\/5428"}],"wp:featuredmedia":[{"embeddable":true,"href":"https:\/\/www.nexoinformativo.mx\/index.php\/wp-json\/wp\/v2\/media\/5425"}],"wp:attachment":[{"href":"https:\/\/www.nexoinformativo.mx\/index.php\/wp-json\/wp\/v2\/media?parent=5424"}],"wp:term":[{"taxonomy":"category","embeddable":true,"href":"https:\/\/www.nexoinformativo.mx\/index.php\/wp-json\/wp\/v2\/categories?post=5424"},{"taxonomy":"post_tag","embeddable":true,"href":"https:\/\/www.nexoinformativo.mx\/index.php\/wp-json\/wp\/v2\/tags?post=5424"}],"curies":[{"name":"wp","href":"https:\/\/api.w.org\/{rel}","templated":true}]}}