{"id":5430,"date":"2024-11-06T06:00:10","date_gmt":"2024-11-06T12:00:10","guid":{"rendered":"https:\/\/www.nexoinformativo.mx\/?p=5430"},"modified":"2024-11-06T08:15:20","modified_gmt":"2024-11-06T14:15:20","slug":"trump-regresa-a-la-casa-blanca-como-afectara-su-triunfo-a-mexico","status":"publish","type":"post","link":"https:\/\/www.nexoinformativo.mx\/index.php\/2024\/11\/06\/trump-regresa-a-la-casa-blanca-como-afectara-su-triunfo-a-mexico\/","title":{"rendered":"Trump regresa a la Casa Blanca: \u00bfC\u00f3mo afectar\u00e1 su triunfo a M\u00e9xico?"},"content":{"rendered":"<p style=\"text-align: justify;\">Donald Trump ha ganado las elecciones en Estados Unidos, derrotando a la aspirante dem\u00f3crata Kamala Harris y asegurando su segundo mandato como presidente. Su victoria se consolida con la obtenci\u00f3n de estados clave como Wisconsin, Pensilvania, Georgia y Carolina del Norte, mientras que Harris se queda con territorios como Nueva York y California.<\/p>\n<p>&nbsp;<\/p>\n<p style=\"text-align: justify;\">En su discurso de celebraci\u00f3n desde West Palm Beach en Florida donde ha comparecido 3 horas antes del resultado definitivo, \u00a0Trump afirm\u00f3: <strong>\u201cVamos a arreglar todo lo que est\u00e1 mal en este pa\u00eds\u201d<\/strong>.<\/p>\n<p>&nbsp;<\/p>\n<p style=\"text-align: justify;\">La relaci\u00f3n entre Estados Unidos y M\u00e9xico se enfrenta a un nuevo cap\u00edtulo con este triunfo, donde los temas de narcotr\u00e1fico, migraci\u00f3n y comercio seguir\u00e1n siendo centrales. Los especialistas advierten que, independientemente de qui\u00e9n est\u00e9 en la Casa Blanca, la desconfianza entre ambos pa\u00edses persiste.<\/p>\n<p>&nbsp;<\/p>\n<p style=\"text-align: justify;\">La reciente captura de Ismael &#8220;El Mayo&#8221; Zambada ha intensificado las tensiones, y el gobierno de Claudia Sheinbaum ha responsabilizado a EU. por la creciente violencia en Sinaloa.<\/p>\n<p>&nbsp;<\/p>\n<p style=\"text-align: justify;\">Trump ha prometido un mill\u00f3n de deportaciones anuales, lo que podr\u00eda tener un impacto devastador en la econom\u00eda estadounidense y en los millones de mexicanos que viven en EE. UU. en situaci\u00f3n irregular. Aunque sus n\u00fameros pueden parecer poco realistas, generan nerviosismo en ambos lados de la frontera.<\/p>\n<p>&nbsp;<\/p>\n<p style=\"text-align: justify;\">La administraci\u00f3n de Sheinbaum ha declarado que busca una \u201ccoordinaci\u00f3n sin subordinaci\u00f3n\u201d con el nuevo gobierno estadounidense, enfoc\u00e1ndose en abordar las causas profundas de la migraci\u00f3n y la inseguridad. Sin embargo, existe escepticismo sobre la capacidad del gobierno mexicano para enfrentar estos desaf\u00edos, especialmente en un clima de austeridad.<\/p>\n<p>&nbsp;<\/p>\n<p style=\"text-align: justify;\">A pesar de los temores, la relaci\u00f3n bilateral entre M\u00e9xico y EU es inevitable y requiere atenci\u00f3n constante. Ambos pa\u00edses deber\u00e1n trabajar juntos para enfrentar los problemas que afectan a la regi\u00f3n.<\/p>\n<p>&nbsp;<\/p>\n<p style=\"text-align: center;\"><em><strong>\u00a1Informaci\u00f3n que transforma!<\/strong><\/em><\/p>\n","protected":false},"excerpt":{"rendered":"<p>Donald Trump ha ganado las elecciones en Estados Unidos, derrotando a la aspirante dem\u00f3crata Kamala Harris y asegurando su segundo mandato como presidente.<\/p>\n","protected":false},"author":3,"featured_media":5435,"comment_status":"open","ping_status":"open","sticky":false,"template":"","format":"standard","meta":{"footnotes":""},"categories":[88,21,58],"tags":[1884,1846,1883,1456],"class_list":["post-5430","post","type-post","status-publish","format-standard","has-post-thumbnail","hentry","category-nacional","category-politica","category-ultima-hora","tag-elecciones","tag-migracion","tag-relacionesmexicoeeuu","tag-trump2024"],"yoast_head":"<!-- This site is optimized with the Yoast SEO plugin v25.0 - https:\/\/yoast.com\/wordpress\/plugins\/seo\/ -->\n<title>Trump regresa a la Casa Blanca: \u00bfC\u00f3mo afectar\u00e1 su triunfo a M\u00e9xico? | Nexo Informativo Santiago de Quer\u00e9taro<\/title>\n<meta name=\"description\" content=\"Trump Regresa a la Casa Blanca: \u00bfC\u00f3mo afectar\u00e1 su triunfo a M\u00e9xico?\" \/>\n<meta name=\"robots\" content=\"index, follow, max-snippet:-1, max-image-preview:large, max-video-preview:-1\" \/>\n<link rel=\"canonical\" href=\"https:\/\/www.nexoinformativo.mx\/index.php\/2024\/11\/06\/trump-regresa-a-la-casa-blanca-como-afectara-su-triunfo-a-mexico\/\" \/>\n<meta property=\"og:locale\" content=\"es_MX\" \/>\n<meta property=\"og:type\" content=\"article\" \/>\n<meta property=\"og:title\" content=\"Trump regresa a la Casa Blanca: \u00bfC\u00f3mo afectar\u00e1 su triunfo a M\u00e9xico? | Nexo Informativo Santiago de Quer\u00e9taro\" \/>\n<meta property=\"og:description\" content=\"Trump Regresa a la Casa Blanca: \u00bfC\u00f3mo afectar\u00e1 su triunfo a M\u00e9xico?\" \/>\n<meta property=\"og:url\" content=\"https:\/\/www.nexoinformativo.mx\/index.php\/2024\/11\/06\/trump-regresa-a-la-casa-blanca-como-afectara-su-triunfo-a-mexico\/\" \/>\n<meta property=\"og:site_name\" content=\"Nexo Informativo Santiago de Quer\u00e9taro\" \/>\n<meta property=\"article:publisher\" content=\"https:\/\/www.facebook.com\/people\/Nexo-Informativo\/61564066885511\/\" \/>\n<meta property=\"article:published_time\" content=\"2024-11-06T12:00:10+00:00\" \/>\n<meta property=\"article:modified_time\" content=\"2024-11-06T14:15:20+00:00\" \/>\n<meta property=\"og:image\" content=\"https:\/\/www.nexoinformativo.mx\/wp-content\/uploads\/2024\/11\/IMG_3574.jpg\" \/>\n\t<meta property=\"og:image:width\" content=\"462\" \/>\n\t<meta property=\"og:image:height\" content=\"315\" \/>\n\t<meta property=\"og:image:type\" content=\"image\/jpeg\" \/>\n<meta name=\"author\" content=\"Nexo Informativo\" \/>\n<meta name=\"twitter:card\" content=\"summary_large_image\" \/>\n<meta name=\"twitter:label1\" content=\"Escrito por\" \/>\n\t<meta name=\"twitter:data1\" content=\"Nexo Informativo\" \/>\n\t<meta name=\"twitter:label2\" content=\"Tiempo de lectura\" \/>\n\t<meta name=\"twitter:data2\" content=\"2 minutos\" \/>\n<script type=\"application\/ld+json\" class=\"yoast-schema-graph\">{\"@context\":\"https:\/\/schema.org\",\"@graph\":[{\"@type\":\"Article\",\"@id\":\"https:\/\/www.nexoinformativo.mx\/index.php\/2024\/11\/06\/trump-regresa-a-la-casa-blanca-como-afectara-su-triunfo-a-mexico\/#article\",\"isPartOf\":{\"@id\":\"https:\/\/www.nexoinformativo.mx\/index.php\/2024\/11\/06\/trump-regresa-a-la-casa-blanca-como-afectara-su-triunfo-a-mexico\/\"},\"author\":{\"name\":\"Nexo Informativo\",\"@id\":\"https:\/\/www.nexoinformativo.mx\/#\/schema\/person\/7749d380ba08c8ca00d7bc76fd907b7d\"},\"headline\":\"Trump regresa a la Casa Blanca: \u00bfC\u00f3mo afectar\u00e1 su triunfo a M\u00e9xico?\",\"datePublished\":\"2024-11-06T12:00:10+00:00\",\"dateModified\":\"2024-11-06T14:15:20+00:00\",\"mainEntityOfPage\":{\"@id\":\"https:\/\/www.nexoinformativo.mx\/index.php\/2024\/11\/06\/trump-regresa-a-la-casa-blanca-como-afectara-su-triunfo-a-mexico\/\"},\"wordCount\":341,\"commentCount\":0,\"publisher\":{\"@id\":\"https:\/\/www.nexoinformativo.mx\/#organization\"},\"image\":{\"@id\":\"https:\/\/www.nexoinformativo.mx\/index.php\/2024\/11\/06\/trump-regresa-a-la-casa-blanca-como-afectara-su-triunfo-a-mexico\/#primaryimage\"},\"thumbnailUrl\":\"https:\/\/www.nexoinformativo.mx\/wp-content\/uploads\/2024\/11\/IMG_3574.jpg\",\"keywords\":[\"Elecciones\",\"Migraci\u00f3n\",\"RelacionesM\u00e9xicoEEUU\",\"Trump2024\"],\"articleSection\":[\"Nacional\",\"Pol\u00edtica\",\"\u00daltima Hora\"],\"inLanguage\":\"es\",\"potentialAction\":[{\"@type\":\"CommentAction\",\"name\":\"Comment\",\"target\":[\"https:\/\/www.nexoinformativo.mx\/index.php\/2024\/11\/06\/trump-regresa-a-la-casa-blanca-como-afectara-su-triunfo-a-mexico\/#respond\"]}]},{\"@type\":\"WebPage\",\"@id\":\"https:\/\/www.nexoinformativo.mx\/index.php\/2024\/11\/06\/trump-regresa-a-la-casa-blanca-como-afectara-su-triunfo-a-mexico\/\",\"url\":\"https:\/\/www.nexoinformativo.mx\/index.php\/2024\/11\/06\/trump-regresa-a-la-casa-blanca-como-afectara-su-triunfo-a-mexico\/\",\"name\":\"Trump regresa a la Casa Blanca: \u00bfC\u00f3mo afectar\u00e1 su triunfo a M\u00e9xico? | Nexo Informativo Santiago de Quer\u00e9taro\",\"isPartOf\":{\"@id\":\"https:\/\/www.nexoinformativo.mx\/#website\"},\"primaryImageOfPage\":{\"@id\":\"https:\/\/www.nexoinformativo.mx\/index.php\/2024\/11\/06\/trump-regresa-a-la-casa-blanca-como-afectara-su-triunfo-a-mexico\/#primaryimage\"},\"image\":{\"@id\":\"https:\/\/www.nexoinformativo.mx\/index.php\/2024\/11\/06\/trump-regresa-a-la-casa-blanca-como-afectara-su-triunfo-a-mexico\/#primaryimage\"},\"thumbnailUrl\":\"https:\/\/www.nexoinformativo.mx\/wp-content\/uploads\/2024\/11\/IMG_3574.jpg\",\"datePublished\":\"2024-11-06T12:00:10+00:00\",\"dateModified\":\"2024-11-06T14:15:20+00:00\",\"description\":\"Trump Regresa a la Casa Blanca: \u00bfC\u00f3mo afectar\u00e1 su triunfo a M\u00e9xico?\",\"breadcrumb\":{\"@id\":\"https:\/\/www.nexoinformativo.mx\/index.php\/2024\/11\/06\/trump-regresa-a-la-casa-blanca-como-afectara-su-triunfo-a-mexico\/#breadcrumb\"},\"inLanguage\":\"es\",\"potentialAction\":[{\"@type\":\"ReadAction\",\"target\":[\"https:\/\/www.nexoinformativo.mx\/index.php\/2024\/11\/06\/trump-regresa-a-la-casa-blanca-como-afectara-su-triunfo-a-mexico\/\"]}]},{\"@type\":\"ImageObject\",\"inLanguage\":\"es\",\"@id\":\"https:\/\/www.nexoinformativo.mx\/index.php\/2024\/11\/06\/trump-regresa-a-la-casa-blanca-como-afectara-su-triunfo-a-mexico\/#primaryimage\",\"url\":\"https:\/\/www.nexoinformativo.mx\/wp-content\/uploads\/2024\/11\/IMG_3574.jpg\",\"contentUrl\":\"https:\/\/www.nexoinformativo.mx\/wp-content\/uploads\/2024\/11\/IMG_3574.jpg\",\"width\":462,\"height\":315},{\"@type\":\"BreadcrumbList\",\"@id\":\"https:\/\/www.nexoinformativo.mx\/index.php\/2024\/11\/06\/trump-regresa-a-la-casa-blanca-como-afectara-su-triunfo-a-mexico\/#breadcrumb\",\"itemListElement\":[{\"@type\":\"ListItem\",\"position\":1,\"name\":\"Inicio\",\"item\":\"https:\/\/www.nexoinformativo.mx\/\"},{\"@type\":\"ListItem\",\"position\":2,\"name\":\"Trump regresa a la Casa Blanca: \u00bfC\u00f3mo afectar\u00e1 su triunfo a M\u00e9xico?\"}]},{\"@type\":\"WebSite\",\"@id\":\"https:\/\/www.nexoinformativo.mx\/#website\",\"url\":\"https:\/\/www.nexoinformativo.mx\/\",\"name\":\"Nexo Informativo Santiago de Quer\u00e9taro\",\"description\":\"Explora NexoInformativo y convi\u00e9rtete en parte de una comunidad que valora el conocimiento y la verdad. Tu nexoinformativo es tu puente hacia una comprensi\u00f3n m\u00e1s profunda del mundo que te rodea.\",\"publisher\":{\"@id\":\"https:\/\/www.nexoinformativo.mx\/#organization\"},\"potentialAction\":[{\"@type\":\"SearchAction\",\"target\":{\"@type\":\"EntryPoint\",\"urlTemplate\":\"https:\/\/www.nexoinformativo.mx\/?s={search_term_string}\"},\"query-input\":{\"@type\":\"PropertyValueSpecification\",\"valueRequired\":true,\"valueName\":\"search_term_string\"}}],\"inLanguage\":\"es\"},{\"@type\":\"Organization\",\"@id\":\"https:\/\/www.nexoinformativo.mx\/#organization\",\"name\":\"Nexo Informativo Santiago de Quer\u00e9taro\",\"url\":\"https:\/\/www.nexoinformativo.mx\/\",\"logo\":{\"@type\":\"ImageObject\",\"inLanguage\":\"es\",\"@id\":\"https:\/\/www.nexoinformativo.mx\/#\/schema\/logo\/image\/\",\"url\":\"https:\/\/www.nexoinformativo.mx\/wp-content\/uploads\/2024\/07\/nexoi-trasparente-2.png\",\"contentUrl\":\"https:\/\/www.nexoinformativo.mx\/wp-content\/uploads\/2024\/07\/nexoi-trasparente-2.png\",\"width\":816,\"height\":339,\"caption\":\"Nexo Informativo Santiago de Quer\u00e9taro\"},\"image\":{\"@id\":\"https:\/\/www.nexoinformativo.mx\/#\/schema\/logo\/image\/\"},\"sameAs\":[\"https:\/\/www.facebook.com\/people\/Nexo-Informativo\/61564066885511\/\"]},{\"@type\":\"Person\",\"@id\":\"https:\/\/www.nexoinformativo.mx\/#\/schema\/person\/7749d380ba08c8ca00d7bc76fd907b7d\",\"name\":\"Nexo Informativo\",\"image\":{\"@type\":\"ImageObject\",\"inLanguage\":\"es\",\"@id\":\"https:\/\/www.nexoinformativo.mx\/#\/schema\/person\/image\/\",\"url\":\"https:\/\/secure.gravatar.com\/avatar\/dde2928154642a13d95f87ddf1ea9718fe2b46760a005c53e41ff5ad610704e6?s=96&d=mm&r=g\",\"contentUrl\":\"https:\/\/secure.gravatar.com\/avatar\/dde2928154642a13d95f87ddf1ea9718fe2b46760a005c53e41ff5ad610704e6?s=96&d=mm&r=g\",\"caption\":\"Nexo Informativo\"},\"url\":\"https:\/\/www.nexoinformativo.mx\/index.php\/author\/edicion\/\"}]}<\/script>\n<!-- \/ Yoast SEO plugin. -->","yoast_head_json":{"title":"Trump regresa a la Casa Blanca: \u00bfC\u00f3mo afectar\u00e1 su triunfo a M\u00e9xico? | Nexo Informativo Santiago de Quer\u00e9taro","description":"Trump Regresa a la Casa Blanca: \u00bfC\u00f3mo afectar\u00e1 su triunfo a M\u00e9xico?","robots":{"index":"index","follow":"follow","max-snippet":"max-snippet:-1","max-image-preview":"max-image-preview:large","max-video-preview":"max-video-preview:-1"},"canonical":"https:\/\/www.nexoinformativo.mx\/index.php\/2024\/11\/06\/trump-regresa-a-la-casa-blanca-como-afectara-su-triunfo-a-mexico\/","og_locale":"es_MX","og_type":"article","og_title":"Trump regresa a la Casa Blanca: \u00bfC\u00f3mo afectar\u00e1 su triunfo a M\u00e9xico? | Nexo Informativo Santiago de Quer\u00e9taro","og_description":"Trump Regresa a la Casa Blanca: \u00bfC\u00f3mo afectar\u00e1 su triunfo a M\u00e9xico?","og_url":"https:\/\/www.nexoinformativo.mx\/index.php\/2024\/11\/06\/trump-regresa-a-la-casa-blanca-como-afectara-su-triunfo-a-mexico\/","og_site_name":"Nexo Informativo Santiago de Quer\u00e9taro","article_publisher":"https:\/\/www.facebook.com\/people\/Nexo-Informativo\/61564066885511\/","article_published_time":"2024-11-06T12:00:10+00:00","article_modified_time":"2024-11-06T14:15:20+00:00","og_image":[{"width":462,"height":315,"url":"https:\/\/www.nexoinformativo.mx\/wp-content\/uploads\/2024\/11\/IMG_3574.jpg","type":"image\/jpeg"}],"author":"Nexo Informativo","twitter_card":"summary_large_image","twitter_misc":{"Escrito por":"Nexo Informativo","Tiempo de lectura":"2 minutos"},"schema":{"@context":"https:\/\/schema.org","@graph":[{"@type":"Article","@id":"https:\/\/www.nexoinformativo.mx\/index.php\/2024\/11\/06\/trump-regresa-a-la-casa-blanca-como-afectara-su-triunfo-a-mexico\/#article","isPartOf":{"@id":"https:\/\/www.nexoinformativo.mx\/index.php\/2024\/11\/06\/trump-regresa-a-la-casa-blanca-como-afectara-su-triunfo-a-mexico\/"},"author":{"name":"Nexo Informativo","@id":"https:\/\/www.nexoinformativo.mx\/#\/schema\/person\/7749d380ba08c8ca00d7bc76fd907b7d"},"headline":"Trump regresa a la Casa Blanca: \u00bfC\u00f3mo afectar\u00e1 su triunfo a M\u00e9xico?","datePublished":"2024-11-06T12:00:10+00:00","dateModified":"2024-11-06T14:15:20+00:00","mainEntityOfPage":{"@id":"https:\/\/www.nexoinformativo.mx\/index.php\/2024\/11\/06\/trump-regresa-a-la-casa-blanca-como-afectara-su-triunfo-a-mexico\/"},"wordCount":341,"commentCount":0,"publisher":{"@id":"https:\/\/www.nexoinformativo.mx\/#organization"},"image":{"@id":"https:\/\/www.nexoinformativo.mx\/index.php\/2024\/11\/06\/trump-regresa-a-la-casa-blanca-como-afectara-su-triunfo-a-mexico\/#primaryimage"},"thumbnailUrl":"https:\/\/www.nexoinformativo.mx\/wp-content\/uploads\/2024\/11\/IMG_3574.jpg","keywords":["Elecciones","Migraci\u00f3n","RelacionesM\u00e9xicoEEUU","Trump2024"],"articleSection":["Nacional","Pol\u00edtica","\u00daltima Hora"],"inLanguage":"es","potentialAction":[{"@type":"CommentAction","name":"Comment","target":["https:\/\/www.nexoinformativo.mx\/index.php\/2024\/11\/06\/trump-regresa-a-la-casa-blanca-como-afectara-su-triunfo-a-mexico\/#respond"]}]},{"@type":"WebPage","@id":"https:\/\/www.nexoinformativo.mx\/index.php\/2024\/11\/06\/trump-regresa-a-la-casa-blanca-como-afectara-su-triunfo-a-mexico\/","url":"https:\/\/www.nexoinformativo.mx\/index.php\/2024\/11\/06\/trump-regresa-a-la-casa-blanca-como-afectara-su-triunfo-a-mexico\/","name":"Trump regresa a la Casa Blanca: \u00bfC\u00f3mo afectar\u00e1 su triunfo a M\u00e9xico? | Nexo Informativo Santiago de Quer\u00e9taro","isPartOf":{"@id":"https:\/\/www.nexoinformativo.mx\/#website"},"primaryImageOfPage":{"@id":"https:\/\/www.nexoinformativo.mx\/index.php\/2024\/11\/06\/trump-regresa-a-la-casa-blanca-como-afectara-su-triunfo-a-mexico\/#primaryimage"},"image":{"@id":"https:\/\/www.nexoinformativo.mx\/index.php\/2024\/11\/06\/trump-regresa-a-la-casa-blanca-como-afectara-su-triunfo-a-mexico\/#primaryimage"},"thumbnailUrl":"https:\/\/www.nexoinformativo.mx\/wp-content\/uploads\/2024\/11\/IMG_3574.jpg","datePublished":"2024-11-06T12:00:10+00:00","dateModified":"2024-11-06T14:15:20+00:00","description":"Trump Regresa a la Casa Blanca: \u00bfC\u00f3mo afectar\u00e1 su triunfo a M\u00e9xico?","breadcrumb":{"@id":"https:\/\/www.nexoinformativo.mx\/index.php\/2024\/11\/06\/trump-regresa-a-la-casa-blanca-como-afectara-su-triunfo-a-mexico\/#breadcrumb"},"inLanguage":"es","potentialAction":[{"@type":"ReadAction","target":["https:\/\/www.nexoinformativo.mx\/index.php\/2024\/11\/06\/trump-regresa-a-la-casa-blanca-como-afectara-su-triunfo-a-mexico\/"]}]},{"@type":"ImageObject","inLanguage":"es","@id":"https:\/\/www.nexoinformativo.mx\/index.php\/2024\/11\/06\/trump-regresa-a-la-casa-blanca-como-afectara-su-triunfo-a-mexico\/#primaryimage","url":"https:\/\/www.nexoinformativo.mx\/wp-content\/uploads\/2024\/11\/IMG_3574.jpg","contentUrl":"https:\/\/www.nexoinformativo.mx\/wp-content\/uploads\/2024\/11\/IMG_3574.jpg","width":462,"height":315},{"@type":"BreadcrumbList","@id":"https:\/\/www.nexoinformativo.mx\/index.php\/2024\/11\/06\/trump-regresa-a-la-casa-blanca-como-afectara-su-triunfo-a-mexico\/#breadcrumb","itemListElement":[{"@type":"ListItem","position":1,"name":"Inicio","item":"https:\/\/www.nexoinformativo.mx\/"},{"@type":"ListItem","position":2,"name":"Trump regresa a la Casa Blanca: \u00bfC\u00f3mo afectar\u00e1 su triunfo a M\u00e9xico?"}]},{"@type":"WebSite","@id":"https:\/\/www.nexoinformativo.mx\/#website","url":"https:\/\/www.nexoinformativo.mx\/","name":"Nexo Informativo Santiago de Quer\u00e9taro","description":"Explora NexoInformativo y convi\u00e9rtete en parte de una comunidad que valora el conocimiento y la verdad. Tu nexoinformativo es tu puente hacia una comprensi\u00f3n m\u00e1s profunda del mundo que te rodea.","publisher":{"@id":"https:\/\/www.nexoinformativo.mx\/#organization"},"potentialAction":[{"@type":"SearchAction","target":{"@type":"EntryPoint","urlTemplate":"https:\/\/www.nexoinformativo.mx\/?s={search_term_string}"},"query-input":{"@type":"PropertyValueSpecification","valueRequired":true,"valueName":"search_term_string"}}],"inLanguage":"es"},{"@type":"Organization","@id":"https:\/\/www.nexoinformativo.mx\/#organization","name":"Nexo Informativo Santiago de Quer\u00e9taro","url":"https:\/\/www.nexoinformativo.mx\/","logo":{"@type":"ImageObject","inLanguage":"es","@id":"https:\/\/www.nexoinformativo.mx\/#\/schema\/logo\/image\/","url":"https:\/\/www.nexoinformativo.mx\/wp-content\/uploads\/2024\/07\/nexoi-trasparente-2.png","contentUrl":"https:\/\/www.nexoinformativo.mx\/wp-content\/uploads\/2024\/07\/nexoi-trasparente-2.png","width":816,"height":339,"caption":"Nexo Informativo Santiago de Quer\u00e9taro"},"image":{"@id":"https:\/\/www.nexoinformativo.mx\/#\/schema\/logo\/image\/"},"sameAs":["https:\/\/www.facebook.com\/people\/Nexo-Informativo\/61564066885511\/"]},{"@type":"Person","@id":"https:\/\/www.nexoinformativo.mx\/#\/schema\/person\/7749d380ba08c8ca00d7bc76fd907b7d","name":"Nexo Informativo","image":{"@type":"ImageObject","inLanguage":"es","@id":"https:\/\/www.nexoinformativo.mx\/#\/schema\/person\/image\/","url":"https:\/\/secure.gravatar.com\/avatar\/dde2928154642a13d95f87ddf1ea9718fe2b46760a005c53e41ff5ad610704e6?s=96&d=mm&r=g","contentUrl":"https:\/\/secure.gravatar.com\/avatar\/dde2928154642a13d95f87ddf1ea9718fe2b46760a005c53e41ff5ad610704e6?s=96&d=mm&r=g","caption":"Nexo Informativo"},"url":"https:\/\/www.nexoinformativo.mx\/index.php\/author\/edicion\/"}]}},"_links":{"self":[{"href":"https:\/\/www.nexoinformativo.mx\/index.php\/wp-json\/wp\/v2\/posts\/5430","targetHints":{"allow":["GET"]}}],"collection":[{"href":"https:\/\/www.nexoinformativo.mx\/index.php\/wp-json\/wp\/v2\/posts"}],"about":[{"href":"https:\/\/www.nexoinformativo.mx\/index.php\/wp-json\/wp\/v2\/types\/post"}],"author":[{"embeddable":true,"href":"https:\/\/www.nexoinformativo.mx\/index.php\/wp-json\/wp\/v2\/users\/3"}],"replies":[{"embeddable":true,"href":"https:\/\/www.nexoinformativo.mx\/index.php\/wp-json\/wp\/v2\/comments?post=5430"}],"version-history":[{"count":6,"href":"https:\/\/www.nexoinformativo.mx\/index.php\/wp-json\/wp\/v2\/posts\/5430\/revisions"}],"predecessor-version":[{"id":5449,"href":"https:\/\/www.nexoinformativo.mx\/index.php\/wp-json\/wp\/v2\/posts\/5430\/revisions\/5449"}],"wp:featuredmedia":[{"embeddable":true,"href":"https:\/\/www.nexoinformativo.mx\/index.php\/wp-json\/wp\/v2\/media\/5435"}],"wp:attachment":[{"href":"https:\/\/www.nexoinformativo.mx\/index.php\/wp-json\/wp\/v2\/media?parent=5430"}],"wp:term":[{"taxonomy":"category","embeddable":true,"href":"https:\/\/www.nexoinformativo.mx\/index.php\/wp-json\/wp\/v2\/categories?post=5430"},{"taxonomy":"post_tag","embeddable":true,"href":"https:\/\/www.nexoinformativo.mx\/index.php\/wp-json\/wp\/v2\/tags?post=5430"}],"curies":[{"name":"wp","href":"https:\/\/api.w.org\/{rel}","templated":true}]}}