{"id":5450,"date":"2024-11-06T09:00:02","date_gmt":"2024-11-06T15:00:02","guid":{"rendered":"https:\/\/www.nexoinformativo.mx\/?p=5450"},"modified":"2024-11-06T12:05:07","modified_gmt":"2024-11-06T18:05:07","slug":"violento-asalto-en-fracc-san-gil-en-san-juan-del-rio-deja-vigilante-herido","status":"publish","type":"post","link":"https:\/\/www.nexoinformativo.mx\/index.php\/2024\/11\/06\/violento-asalto-en-fracc-san-gil-en-san-juan-del-rio-deja-vigilante-herido\/","title":{"rendered":"Violento asalto en Fracc. San Gil en San Juan del R\u00edo deja vigilante herido"},"content":{"rendered":"<p style=\"text-align: justify;\" data-sourcepos=\"5:1-5:310\">Un grupo de hombres armados perpetr\u00f3 un violento asalto en una vivienda ubicada al interior del fraccionamiento San Gil durante la madrugada. Durante el intento de huida, los delincuentes dispararon contra el guardia de seguridad, quien result\u00f3 herido de gravedad en el abdomen.<\/p>\n<p>&nbsp;<\/p>\n<p style=\"text-align: justify;\" data-sourcepos=\"7:1-7:313\">Los hechos ocurrieron cuando los asaltantes ingresaron a una casa habitaci\u00f3n y sustrajeron diversos objetos. Al ser descubiertos por el guardia de seguridad, los delincuentes, en un acto de cobard\u00eda, dispararon en contra del vigilante, quien fue trasladado de urgencia a un hospital para recibir atenci\u00f3n m\u00e9dica.<\/p>\n<p>&nbsp;<\/p>\n<p style=\"text-align: justify;\" data-sourcepos=\"9:1-9:244\">Autoridades municipales y estatales ya se encuentran investigando los hechos a fin de dar con el paradero de los responsables. Se exhorta a la ciudadan\u00eda a proporcionar cualquier informaci\u00f3n que pueda ayudar a esclarecer este lamentable suceso.<\/p>\n<p>&nbsp;<\/p>\n<p style=\"text-align: center;\" data-sourcepos=\"9:1-9:244\"><em><strong>\u00a1Informaci\u00f3n que transforma!<\/strong><\/em><\/p>\n","protected":false},"excerpt":{"rendered":"<p>Un grupo de hombres armados perpetr\u00f3 un violento asalto en una vivienda ubicada al interior del fraccionamiento San Gil durante la madrugada.<\/p>\n","protected":false},"author":3,"featured_media":5453,"comment_status":"open","ping_status":"open","sticky":false,"template":"","format":"standard","meta":{"footnotes":""},"categories":[65,137],"tags":[1888,382,131,1828],"class_list":["post-5450","post","type-post","status-publish","format-standard","has-post-thumbnail","hentry","category-municipios","category-sucesos","tag-asalto","tag-sanjuandelrio","tag-seguridad","tag-violencia"],"yoast_head":"<!-- This site is optimized with the Yoast SEO plugin v25.0 - https:\/\/yoast.com\/wordpress\/plugins\/seo\/ -->\n<title>Violento asalto en Fracc. San Gil en San Juan del R\u00edo deja vigilante herido | Nexo Informativo Santiago de Quer\u00e9taro<\/title>\n<meta name=\"description\" content=\"Violento asalto en Fracc. San Gil en San Juan del R\u00edo deja vigilante herido\" \/>\n<meta name=\"robots\" content=\"index, follow, max-snippet:-1, max-image-preview:large, max-video-preview:-1\" \/>\n<link rel=\"canonical\" href=\"https:\/\/www.nexoinformativo.mx\/index.php\/2024\/11\/06\/violento-asalto-en-fracc-san-gil-en-san-juan-del-rio-deja-vigilante-herido\/\" \/>\n<meta property=\"og:locale\" content=\"es_MX\" \/>\n<meta property=\"og:type\" content=\"article\" \/>\n<meta property=\"og:title\" content=\"Violento asalto en Fracc. San Gil en San Juan del R\u00edo deja vigilante herido | Nexo Informativo Santiago de Quer\u00e9taro\" \/>\n<meta property=\"og:description\" content=\"Violento asalto en Fracc. San Gil en San Juan del R\u00edo deja vigilante herido\" \/>\n<meta property=\"og:url\" content=\"https:\/\/www.nexoinformativo.mx\/index.php\/2024\/11\/06\/violento-asalto-en-fracc-san-gil-en-san-juan-del-rio-deja-vigilante-herido\/\" \/>\n<meta property=\"og:site_name\" content=\"Nexo Informativo Santiago de Quer\u00e9taro\" \/>\n<meta property=\"article:publisher\" content=\"https:\/\/www.facebook.com\/people\/Nexo-Informativo\/61564066885511\/\" \/>\n<meta property=\"article:published_time\" content=\"2024-11-06T15:00:02+00:00\" \/>\n<meta property=\"article:modified_time\" content=\"2024-11-06T18:05:07+00:00\" \/>\n<meta property=\"og:image\" content=\"https:\/\/www.nexoinformativo.mx\/wp-content\/uploads\/2024\/11\/IMG_7549.jpg\" \/>\n\t<meta property=\"og:image:width\" content=\"640\" \/>\n\t<meta property=\"og:image:height\" content=\"480\" \/>\n\t<meta property=\"og:image:type\" content=\"image\/jpeg\" \/>\n<meta name=\"author\" content=\"Nexo Informativo\" \/>\n<meta name=\"twitter:card\" content=\"summary_large_image\" \/>\n<meta name=\"twitter:label1\" content=\"Escrito por\" \/>\n\t<meta name=\"twitter:data1\" content=\"Nexo Informativo\" \/>\n\t<meta name=\"twitter:label2\" content=\"Tiempo de lectura\" \/>\n\t<meta name=\"twitter:data2\" content=\"1 minuto\" \/>\n<script type=\"application\/ld+json\" class=\"yoast-schema-graph\">{\"@context\":\"https:\/\/schema.org\",\"@graph\":[{\"@type\":\"Article\",\"@id\":\"https:\/\/www.nexoinformativo.mx\/index.php\/2024\/11\/06\/violento-asalto-en-fracc-san-gil-en-san-juan-del-rio-deja-vigilante-herido\/#article\",\"isPartOf\":{\"@id\":\"https:\/\/www.nexoinformativo.mx\/index.php\/2024\/11\/06\/violento-asalto-en-fracc-san-gil-en-san-juan-del-rio-deja-vigilante-herido\/\"},\"author\":{\"name\":\"Nexo Informativo\",\"@id\":\"https:\/\/www.nexoinformativo.mx\/#\/schema\/person\/7749d380ba08c8ca00d7bc76fd907b7d\"},\"headline\":\"Violento asalto en Fracc. San Gil en San Juan del R\u00edo deja vigilante herido\",\"datePublished\":\"2024-11-06T15:00:02+00:00\",\"dateModified\":\"2024-11-06T18:05:07+00:00\",\"mainEntityOfPage\":{\"@id\":\"https:\/\/www.nexoinformativo.mx\/index.php\/2024\/11\/06\/violento-asalto-en-fracc-san-gil-en-san-juan-del-rio-deja-vigilante-herido\/\"},\"wordCount\":155,\"commentCount\":0,\"publisher\":{\"@id\":\"https:\/\/www.nexoinformativo.mx\/#organization\"},\"image\":{\"@id\":\"https:\/\/www.nexoinformativo.mx\/index.php\/2024\/11\/06\/violento-asalto-en-fracc-san-gil-en-san-juan-del-rio-deja-vigilante-herido\/#primaryimage\"},\"thumbnailUrl\":\"https:\/\/www.nexoinformativo.mx\/wp-content\/uploads\/2024\/11\/IMG_7549.jpg\",\"keywords\":[\"Asalto\",\"SanJuanDelR\u00edo\",\"Seguridad\",\"Violencia\"],\"articleSection\":[\"Municipios\",\"Sucesos\"],\"inLanguage\":\"es\",\"potentialAction\":[{\"@type\":\"CommentAction\",\"name\":\"Comment\",\"target\":[\"https:\/\/www.nexoinformativo.mx\/index.php\/2024\/11\/06\/violento-asalto-en-fracc-san-gil-en-san-juan-del-rio-deja-vigilante-herido\/#respond\"]}]},{\"@type\":\"WebPage\",\"@id\":\"https:\/\/www.nexoinformativo.mx\/index.php\/2024\/11\/06\/violento-asalto-en-fracc-san-gil-en-san-juan-del-rio-deja-vigilante-herido\/\",\"url\":\"https:\/\/www.nexoinformativo.mx\/index.php\/2024\/11\/06\/violento-asalto-en-fracc-san-gil-en-san-juan-del-rio-deja-vigilante-herido\/\",\"name\":\"Violento asalto en Fracc. San Gil en San Juan del R\u00edo deja vigilante herido | Nexo Informativo Santiago de Quer\u00e9taro\",\"isPartOf\":{\"@id\":\"https:\/\/www.nexoinformativo.mx\/#website\"},\"primaryImageOfPage\":{\"@id\":\"https:\/\/www.nexoinformativo.mx\/index.php\/2024\/11\/06\/violento-asalto-en-fracc-san-gil-en-san-juan-del-rio-deja-vigilante-herido\/#primaryimage\"},\"image\":{\"@id\":\"https:\/\/www.nexoinformativo.mx\/index.php\/2024\/11\/06\/violento-asalto-en-fracc-san-gil-en-san-juan-del-rio-deja-vigilante-herido\/#primaryimage\"},\"thumbnailUrl\":\"https:\/\/www.nexoinformativo.mx\/wp-content\/uploads\/2024\/11\/IMG_7549.jpg\",\"datePublished\":\"2024-11-06T15:00:02+00:00\",\"dateModified\":\"2024-11-06T18:05:07+00:00\",\"description\":\"Violento asalto en Fracc. San Gil en San Juan del R\u00edo deja vigilante herido\",\"breadcrumb\":{\"@id\":\"https:\/\/www.nexoinformativo.mx\/index.php\/2024\/11\/06\/violento-asalto-en-fracc-san-gil-en-san-juan-del-rio-deja-vigilante-herido\/#breadcrumb\"},\"inLanguage\":\"es\",\"potentialAction\":[{\"@type\":\"ReadAction\",\"target\":[\"https:\/\/www.nexoinformativo.mx\/index.php\/2024\/11\/06\/violento-asalto-en-fracc-san-gil-en-san-juan-del-rio-deja-vigilante-herido\/\"]}]},{\"@type\":\"ImageObject\",\"inLanguage\":\"es\",\"@id\":\"https:\/\/www.nexoinformativo.mx\/index.php\/2024\/11\/06\/violento-asalto-en-fracc-san-gil-en-san-juan-del-rio-deja-vigilante-herido\/#primaryimage\",\"url\":\"https:\/\/www.nexoinformativo.mx\/wp-content\/uploads\/2024\/11\/IMG_7549.jpg\",\"contentUrl\":\"https:\/\/www.nexoinformativo.mx\/wp-content\/uploads\/2024\/11\/IMG_7549.jpg\",\"width\":640,\"height\":480},{\"@type\":\"BreadcrumbList\",\"@id\":\"https:\/\/www.nexoinformativo.mx\/index.php\/2024\/11\/06\/violento-asalto-en-fracc-san-gil-en-san-juan-del-rio-deja-vigilante-herido\/#breadcrumb\",\"itemListElement\":[{\"@type\":\"ListItem\",\"position\":1,\"name\":\"Inicio\",\"item\":\"https:\/\/www.nexoinformativo.mx\/\"},{\"@type\":\"ListItem\",\"position\":2,\"name\":\"Violento asalto en Fracc. San Gil en San Juan del R\u00edo deja vigilante herido\"}]},{\"@type\":\"WebSite\",\"@id\":\"https:\/\/www.nexoinformativo.mx\/#website\",\"url\":\"https:\/\/www.nexoinformativo.mx\/\",\"name\":\"Nexo Informativo Santiago de Quer\u00e9taro\",\"description\":\"Explora NexoInformativo y convi\u00e9rtete en parte de una comunidad que valora el conocimiento y la verdad. Tu nexoinformativo es tu puente hacia una comprensi\u00f3n m\u00e1s profunda del mundo que te rodea.\",\"publisher\":{\"@id\":\"https:\/\/www.nexoinformativo.mx\/#organization\"},\"potentialAction\":[{\"@type\":\"SearchAction\",\"target\":{\"@type\":\"EntryPoint\",\"urlTemplate\":\"https:\/\/www.nexoinformativo.mx\/?s={search_term_string}\"},\"query-input\":{\"@type\":\"PropertyValueSpecification\",\"valueRequired\":true,\"valueName\":\"search_term_string\"}}],\"inLanguage\":\"es\"},{\"@type\":\"Organization\",\"@id\":\"https:\/\/www.nexoinformativo.mx\/#organization\",\"name\":\"Nexo Informativo Santiago de Quer\u00e9taro\",\"url\":\"https:\/\/www.nexoinformativo.mx\/\",\"logo\":{\"@type\":\"ImageObject\",\"inLanguage\":\"es\",\"@id\":\"https:\/\/www.nexoinformativo.mx\/#\/schema\/logo\/image\/\",\"url\":\"https:\/\/www.nexoinformativo.mx\/wp-content\/uploads\/2024\/07\/nexoi-trasparente-2.png\",\"contentUrl\":\"https:\/\/www.nexoinformativo.mx\/wp-content\/uploads\/2024\/07\/nexoi-trasparente-2.png\",\"width\":816,\"height\":339,\"caption\":\"Nexo Informativo Santiago de Quer\u00e9taro\"},\"image\":{\"@id\":\"https:\/\/www.nexoinformativo.mx\/#\/schema\/logo\/image\/\"},\"sameAs\":[\"https:\/\/www.facebook.com\/people\/Nexo-Informativo\/61564066885511\/\"]},{\"@type\":\"Person\",\"@id\":\"https:\/\/www.nexoinformativo.mx\/#\/schema\/person\/7749d380ba08c8ca00d7bc76fd907b7d\",\"name\":\"Nexo Informativo\",\"image\":{\"@type\":\"ImageObject\",\"inLanguage\":\"es\",\"@id\":\"https:\/\/www.nexoinformativo.mx\/#\/schema\/person\/image\/\",\"url\":\"https:\/\/secure.gravatar.com\/avatar\/dde2928154642a13d95f87ddf1ea9718fe2b46760a005c53e41ff5ad610704e6?s=96&d=mm&r=g\",\"contentUrl\":\"https:\/\/secure.gravatar.com\/avatar\/dde2928154642a13d95f87ddf1ea9718fe2b46760a005c53e41ff5ad610704e6?s=96&d=mm&r=g\",\"caption\":\"Nexo Informativo\"},\"url\":\"https:\/\/www.nexoinformativo.mx\/index.php\/author\/edicion\/\"}]}<\/script>\n<!-- \/ Yoast SEO plugin. -->","yoast_head_json":{"title":"Violento asalto en Fracc. San Gil en San Juan del R\u00edo deja vigilante herido | Nexo Informativo Santiago de Quer\u00e9taro","description":"Violento asalto en Fracc. San Gil en San Juan del R\u00edo deja vigilante herido","robots":{"index":"index","follow":"follow","max-snippet":"max-snippet:-1","max-image-preview":"max-image-preview:large","max-video-preview":"max-video-preview:-1"},"canonical":"https:\/\/www.nexoinformativo.mx\/index.php\/2024\/11\/06\/violento-asalto-en-fracc-san-gil-en-san-juan-del-rio-deja-vigilante-herido\/","og_locale":"es_MX","og_type":"article","og_title":"Violento asalto en Fracc. San Gil en San Juan del R\u00edo deja vigilante herido | Nexo Informativo Santiago de Quer\u00e9taro","og_description":"Violento asalto en Fracc. San Gil en San Juan del R\u00edo deja vigilante herido","og_url":"https:\/\/www.nexoinformativo.mx\/index.php\/2024\/11\/06\/violento-asalto-en-fracc-san-gil-en-san-juan-del-rio-deja-vigilante-herido\/","og_site_name":"Nexo Informativo Santiago de Quer\u00e9taro","article_publisher":"https:\/\/www.facebook.com\/people\/Nexo-Informativo\/61564066885511\/","article_published_time":"2024-11-06T15:00:02+00:00","article_modified_time":"2024-11-06T18:05:07+00:00","og_image":[{"width":640,"height":480,"url":"https:\/\/www.nexoinformativo.mx\/wp-content\/uploads\/2024\/11\/IMG_7549.jpg","type":"image\/jpeg"}],"author":"Nexo Informativo","twitter_card":"summary_large_image","twitter_misc":{"Escrito por":"Nexo Informativo","Tiempo de lectura":"1 minuto"},"schema":{"@context":"https:\/\/schema.org","@graph":[{"@type":"Article","@id":"https:\/\/www.nexoinformativo.mx\/index.php\/2024\/11\/06\/violento-asalto-en-fracc-san-gil-en-san-juan-del-rio-deja-vigilante-herido\/#article","isPartOf":{"@id":"https:\/\/www.nexoinformativo.mx\/index.php\/2024\/11\/06\/violento-asalto-en-fracc-san-gil-en-san-juan-del-rio-deja-vigilante-herido\/"},"author":{"name":"Nexo Informativo","@id":"https:\/\/www.nexoinformativo.mx\/#\/schema\/person\/7749d380ba08c8ca00d7bc76fd907b7d"},"headline":"Violento asalto en Fracc. San Gil en San Juan del R\u00edo deja vigilante herido","datePublished":"2024-11-06T15:00:02+00:00","dateModified":"2024-11-06T18:05:07+00:00","mainEntityOfPage":{"@id":"https:\/\/www.nexoinformativo.mx\/index.php\/2024\/11\/06\/violento-asalto-en-fracc-san-gil-en-san-juan-del-rio-deja-vigilante-herido\/"},"wordCount":155,"commentCount":0,"publisher":{"@id":"https:\/\/www.nexoinformativo.mx\/#organization"},"image":{"@id":"https:\/\/www.nexoinformativo.mx\/index.php\/2024\/11\/06\/violento-asalto-en-fracc-san-gil-en-san-juan-del-rio-deja-vigilante-herido\/#primaryimage"},"thumbnailUrl":"https:\/\/www.nexoinformativo.mx\/wp-content\/uploads\/2024\/11\/IMG_7549.jpg","keywords":["Asalto","SanJuanDelR\u00edo","Seguridad","Violencia"],"articleSection":["Municipios","Sucesos"],"inLanguage":"es","potentialAction":[{"@type":"CommentAction","name":"Comment","target":["https:\/\/www.nexoinformativo.mx\/index.php\/2024\/11\/06\/violento-asalto-en-fracc-san-gil-en-san-juan-del-rio-deja-vigilante-herido\/#respond"]}]},{"@type":"WebPage","@id":"https:\/\/www.nexoinformativo.mx\/index.php\/2024\/11\/06\/violento-asalto-en-fracc-san-gil-en-san-juan-del-rio-deja-vigilante-herido\/","url":"https:\/\/www.nexoinformativo.mx\/index.php\/2024\/11\/06\/violento-asalto-en-fracc-san-gil-en-san-juan-del-rio-deja-vigilante-herido\/","name":"Violento asalto en Fracc. San Gil en San Juan del R\u00edo deja vigilante herido | Nexo Informativo Santiago de Quer\u00e9taro","isPartOf":{"@id":"https:\/\/www.nexoinformativo.mx\/#website"},"primaryImageOfPage":{"@id":"https:\/\/www.nexoinformativo.mx\/index.php\/2024\/11\/06\/violento-asalto-en-fracc-san-gil-en-san-juan-del-rio-deja-vigilante-herido\/#primaryimage"},"image":{"@id":"https:\/\/www.nexoinformativo.mx\/index.php\/2024\/11\/06\/violento-asalto-en-fracc-san-gil-en-san-juan-del-rio-deja-vigilante-herido\/#primaryimage"},"thumbnailUrl":"https:\/\/www.nexoinformativo.mx\/wp-content\/uploads\/2024\/11\/IMG_7549.jpg","datePublished":"2024-11-06T15:00:02+00:00","dateModified":"2024-11-06T18:05:07+00:00","description":"Violento asalto en Fracc. San Gil en San Juan del R\u00edo deja vigilante herido","breadcrumb":{"@id":"https:\/\/www.nexoinformativo.mx\/index.php\/2024\/11\/06\/violento-asalto-en-fracc-san-gil-en-san-juan-del-rio-deja-vigilante-herido\/#breadcrumb"},"inLanguage":"es","potentialAction":[{"@type":"ReadAction","target":["https:\/\/www.nexoinformativo.mx\/index.php\/2024\/11\/06\/violento-asalto-en-fracc-san-gil-en-san-juan-del-rio-deja-vigilante-herido\/"]}]},{"@type":"ImageObject","inLanguage":"es","@id":"https:\/\/www.nexoinformativo.mx\/index.php\/2024\/11\/06\/violento-asalto-en-fracc-san-gil-en-san-juan-del-rio-deja-vigilante-herido\/#primaryimage","url":"https:\/\/www.nexoinformativo.mx\/wp-content\/uploads\/2024\/11\/IMG_7549.jpg","contentUrl":"https:\/\/www.nexoinformativo.mx\/wp-content\/uploads\/2024\/11\/IMG_7549.jpg","width":640,"height":480},{"@type":"BreadcrumbList","@id":"https:\/\/www.nexoinformativo.mx\/index.php\/2024\/11\/06\/violento-asalto-en-fracc-san-gil-en-san-juan-del-rio-deja-vigilante-herido\/#breadcrumb","itemListElement":[{"@type":"ListItem","position":1,"name":"Inicio","item":"https:\/\/www.nexoinformativo.mx\/"},{"@type":"ListItem","position":2,"name":"Violento asalto en Fracc. San Gil en San Juan del R\u00edo deja vigilante herido"}]},{"@type":"WebSite","@id":"https:\/\/www.nexoinformativo.mx\/#website","url":"https:\/\/www.nexoinformativo.mx\/","name":"Nexo Informativo Santiago de Quer\u00e9taro","description":"Explora NexoInformativo y convi\u00e9rtete en parte de una comunidad que valora el conocimiento y la verdad. Tu nexoinformativo es tu puente hacia una comprensi\u00f3n m\u00e1s profunda del mundo que te rodea.","publisher":{"@id":"https:\/\/www.nexoinformativo.mx\/#organization"},"potentialAction":[{"@type":"SearchAction","target":{"@type":"EntryPoint","urlTemplate":"https:\/\/www.nexoinformativo.mx\/?s={search_term_string}"},"query-input":{"@type":"PropertyValueSpecification","valueRequired":true,"valueName":"search_term_string"}}],"inLanguage":"es"},{"@type":"Organization","@id":"https:\/\/www.nexoinformativo.mx\/#organization","name":"Nexo Informativo Santiago de Quer\u00e9taro","url":"https:\/\/www.nexoinformativo.mx\/","logo":{"@type":"ImageObject","inLanguage":"es","@id":"https:\/\/www.nexoinformativo.mx\/#\/schema\/logo\/image\/","url":"https:\/\/www.nexoinformativo.mx\/wp-content\/uploads\/2024\/07\/nexoi-trasparente-2.png","contentUrl":"https:\/\/www.nexoinformativo.mx\/wp-content\/uploads\/2024\/07\/nexoi-trasparente-2.png","width":816,"height":339,"caption":"Nexo Informativo Santiago de Quer\u00e9taro"},"image":{"@id":"https:\/\/www.nexoinformativo.mx\/#\/schema\/logo\/image\/"},"sameAs":["https:\/\/www.facebook.com\/people\/Nexo-Informativo\/61564066885511\/"]},{"@type":"Person","@id":"https:\/\/www.nexoinformativo.mx\/#\/schema\/person\/7749d380ba08c8ca00d7bc76fd907b7d","name":"Nexo Informativo","image":{"@type":"ImageObject","inLanguage":"es","@id":"https:\/\/www.nexoinformativo.mx\/#\/schema\/person\/image\/","url":"https:\/\/secure.gravatar.com\/avatar\/dde2928154642a13d95f87ddf1ea9718fe2b46760a005c53e41ff5ad610704e6?s=96&d=mm&r=g","contentUrl":"https:\/\/secure.gravatar.com\/avatar\/dde2928154642a13d95f87ddf1ea9718fe2b46760a005c53e41ff5ad610704e6?s=96&d=mm&r=g","caption":"Nexo Informativo"},"url":"https:\/\/www.nexoinformativo.mx\/index.php\/author\/edicion\/"}]}},"_links":{"self":[{"href":"https:\/\/www.nexoinformativo.mx\/index.php\/wp-json\/wp\/v2\/posts\/5450","targetHints":{"allow":["GET"]}}],"collection":[{"href":"https:\/\/www.nexoinformativo.mx\/index.php\/wp-json\/wp\/v2\/posts"}],"about":[{"href":"https:\/\/www.nexoinformativo.mx\/index.php\/wp-json\/wp\/v2\/types\/post"}],"author":[{"embeddable":true,"href":"https:\/\/www.nexoinformativo.mx\/index.php\/wp-json\/wp\/v2\/users\/3"}],"replies":[{"embeddable":true,"href":"https:\/\/www.nexoinformativo.mx\/index.php\/wp-json\/wp\/v2\/comments?post=5450"}],"version-history":[{"count":4,"href":"https:\/\/www.nexoinformativo.mx\/index.php\/wp-json\/wp\/v2\/posts\/5450\/revisions"}],"predecessor-version":[{"id":5457,"href":"https:\/\/www.nexoinformativo.mx\/index.php\/wp-json\/wp\/v2\/posts\/5450\/revisions\/5457"}],"wp:featuredmedia":[{"embeddable":true,"href":"https:\/\/www.nexoinformativo.mx\/index.php\/wp-json\/wp\/v2\/media\/5453"}],"wp:attachment":[{"href":"https:\/\/www.nexoinformativo.mx\/index.php\/wp-json\/wp\/v2\/media?parent=5450"}],"wp:term":[{"taxonomy":"category","embeddable":true,"href":"https:\/\/www.nexoinformativo.mx\/index.php\/wp-json\/wp\/v2\/categories?post=5450"},{"taxonomy":"post_tag","embeddable":true,"href":"https:\/\/www.nexoinformativo.mx\/index.php\/wp-json\/wp\/v2\/tags?post=5450"}],"curies":[{"name":"wp","href":"https:\/\/api.w.org\/{rel}","templated":true}]}}