{"id":5463,"date":"2024-11-06T10:00:46","date_gmt":"2024-11-06T16:00:46","guid":{"rendered":"https:\/\/www.nexoinformativo.mx\/?p=5463"},"modified":"2024-11-06T12:19:15","modified_gmt":"2024-11-06T18:19:15","slug":"hoy-llegan-a-queretaro-los-restos-de-las-victimas-del-tragico-accidente-en-michoacan","status":"publish","type":"post","link":"https:\/\/www.nexoinformativo.mx\/index.php\/2024\/11\/06\/hoy-llegan-a-queretaro-los-restos-de-las-victimas-del-tragico-accidente-en-michoacan\/","title":{"rendered":"Hoy llegan a Quer\u00e9taro los restos de las v\u00edctimas del tr\u00e1gico accidente en Michoac\u00e1n"},"content":{"rendered":"<p style=\"text-align: justify;\" data-sourcepos=\"5:1-5:406\">Los restos de los ocho queretanos que perdieron la vida en el tr\u00e1gico accidente ocurrido en la autopista Siglo XXI, en Michoac\u00e1n, ser\u00e1n trasladados a la entidad este mismo d\u00eda. As\u00ed lo confirm\u00f3 el secretario de Gobierno, Carlos Alcaraz Guti\u00e9rrez, quien detall\u00f3 que los familiares de las v\u00edctimas ya se encuentran en la Fiscal\u00eda de Michoac\u00e1n realizando los tr\u00e1mites correspondientes.<\/p>\n<p>&nbsp;<\/p>\n<p style=\"text-align: justify;\" data-sourcepos=\"7:1-7:191\">Se espera que los cuerpos arriben a la colonia El Salitre en las pr\u00f3ximas horas, donde las autoridades estatales brindar\u00e1n todo el apoyo necesario para el traslado y los servicios funerarios.<\/p>\n<p>&nbsp;<\/p>\n<p style=\"text-align: justify;\" data-sourcepos=\"9:1-9:215\"><strong>&#8220;Estamos trabajando de manera coordinada con las autoridades de Michoac\u00e1n para agilizar los tr\u00e1mites y que las familias puedan despedirse de sus seres queridos lo antes posible&#8221;<\/strong>, asegur\u00f3 Alcaraz Guti\u00e9rrez.<\/p>\n<p>&nbsp;<\/p>\n<p style=\"text-align: justify;\" data-sourcepos=\"11:1-11:248\">El funcionario estatal agradeci\u00f3 el apoyo brindado por las autoridades michoacanas en este dif\u00edcil proceso y destac\u00f3 la importancia de la identificaci\u00f3n de los cuerpos a trav\u00e9s de pruebas de ADN para garantizar que sean entregados a sus familiares.<\/p>\n<p>&nbsp;<\/p>\n<p style=\"text-align: center;\" data-sourcepos=\"11:1-11:248\"><em><strong>\u00a1Informaci\u00f3n que transforma!<\/strong><\/em><\/p>\n","protected":false},"excerpt":{"rendered":"<p>Los restos de los ocho queretanos que perdieron la vida en el tr\u00e1gico accidente ocurrido en la autopista Siglo XXI, en Michoac\u00e1n, ser\u00e1n trasladados a la entidad este mismo d\u00eda.<\/p>\n","protected":false},"author":3,"featured_media":5464,"comment_status":"open","ping_status":"open","sticky":false,"template":"","format":"standard","meta":{"footnotes":""},"categories":[137,58],"tags":[153,133,1599,1843],"class_list":["post-5463","post","type-post","status-publish","format-standard","has-post-thumbnail","hentry","category-sucesos","category-ultima-hora","tag-accidente","tag-queretaro","tag-solidaridad","tag-victimas"],"yoast_head":"<!-- This site is optimized with the Yoast SEO plugin v25.0 - https:\/\/yoast.com\/wordpress\/plugins\/seo\/ -->\n<title>Hoy llegan a Quer\u00e9taro los restos de las v\u00edctimas del tr\u00e1gico accidente en Michoac\u00e1n | Nexo Informativo Santiago de Quer\u00e9taro<\/title>\n<meta name=\"description\" content=\"Hoy llegan a Quer\u00e9taro los restos de las v\u00edctimas del tr\u00e1gico accidente en Michoac\u00e1n\" \/>\n<meta name=\"robots\" content=\"index, follow, max-snippet:-1, max-image-preview:large, max-video-preview:-1\" \/>\n<link rel=\"canonical\" href=\"https:\/\/www.nexoinformativo.mx\/index.php\/2024\/11\/06\/hoy-llegan-a-queretaro-los-restos-de-las-victimas-del-tragico-accidente-en-michoacan\/\" \/>\n<meta property=\"og:locale\" content=\"es_MX\" \/>\n<meta property=\"og:type\" content=\"article\" \/>\n<meta property=\"og:title\" content=\"Hoy llegan a Quer\u00e9taro los restos de las v\u00edctimas del tr\u00e1gico accidente en Michoac\u00e1n | Nexo Informativo Santiago de Quer\u00e9taro\" \/>\n<meta property=\"og:description\" content=\"Hoy llegan a Quer\u00e9taro los restos de las v\u00edctimas del tr\u00e1gico accidente en Michoac\u00e1n\" \/>\n<meta property=\"og:url\" content=\"https:\/\/www.nexoinformativo.mx\/index.php\/2024\/11\/06\/hoy-llegan-a-queretaro-los-restos-de-las-victimas-del-tragico-accidente-en-michoacan\/\" \/>\n<meta property=\"og:site_name\" content=\"Nexo Informativo Santiago de Quer\u00e9taro\" \/>\n<meta property=\"article:publisher\" content=\"https:\/\/www.facebook.com\/people\/Nexo-Informativo\/61564066885511\/\" \/>\n<meta property=\"article:published_time\" content=\"2024-11-06T16:00:46+00:00\" \/>\n<meta property=\"article:modified_time\" content=\"2024-11-06T18:19:15+00:00\" \/>\n<meta property=\"og:image\" content=\"https:\/\/www.nexoinformativo.mx\/wp-content\/uploads\/2024\/11\/PHOTO-2024-11-06-11-59-36-e1730917077609.jpg\" \/>\n\t<meta property=\"og:image:width\" content=\"700\" \/>\n\t<meta property=\"og:image:height\" content=\"525\" \/>\n\t<meta property=\"og:image:type\" content=\"image\/jpeg\" \/>\n<meta name=\"author\" content=\"Nexo Informativo\" \/>\n<meta name=\"twitter:card\" content=\"summary_large_image\" \/>\n<meta name=\"twitter:label1\" content=\"Escrito por\" \/>\n\t<meta name=\"twitter:data1\" content=\"Nexo Informativo\" \/>\n\t<meta name=\"twitter:label2\" content=\"Tiempo de lectura\" \/>\n\t<meta name=\"twitter:data2\" content=\"1 minuto\" \/>\n<script type=\"application\/ld+json\" class=\"yoast-schema-graph\">{\"@context\":\"https:\/\/schema.org\",\"@graph\":[{\"@type\":\"Article\",\"@id\":\"https:\/\/www.nexoinformativo.mx\/index.php\/2024\/11\/06\/hoy-llegan-a-queretaro-los-restos-de-las-victimas-del-tragico-accidente-en-michoacan\/#article\",\"isPartOf\":{\"@id\":\"https:\/\/www.nexoinformativo.mx\/index.php\/2024\/11\/06\/hoy-llegan-a-queretaro-los-restos-de-las-victimas-del-tragico-accidente-en-michoacan\/\"},\"author\":{\"name\":\"Nexo Informativo\",\"@id\":\"https:\/\/www.nexoinformativo.mx\/#\/schema\/person\/7749d380ba08c8ca00d7bc76fd907b7d\"},\"headline\":\"Hoy llegan a Quer\u00e9taro los restos de las v\u00edctimas del tr\u00e1gico accidente en Michoac\u00e1n\",\"datePublished\":\"2024-11-06T16:00:46+00:00\",\"dateModified\":\"2024-11-06T18:19:15+00:00\",\"mainEntityOfPage\":{\"@id\":\"https:\/\/www.nexoinformativo.mx\/index.php\/2024\/11\/06\/hoy-llegan-a-queretaro-los-restos-de-las-victimas-del-tragico-accidente-en-michoacan\/\"},\"wordCount\":203,\"commentCount\":0,\"publisher\":{\"@id\":\"https:\/\/www.nexoinformativo.mx\/#organization\"},\"image\":{\"@id\":\"https:\/\/www.nexoinformativo.mx\/index.php\/2024\/11\/06\/hoy-llegan-a-queretaro-los-restos-de-las-victimas-del-tragico-accidente-en-michoacan\/#primaryimage\"},\"thumbnailUrl\":\"https:\/\/www.nexoinformativo.mx\/wp-content\/uploads\/2024\/11\/PHOTO-2024-11-06-11-59-36-e1730917077609.jpg\",\"keywords\":[\"accidente\",\"Quer\u00e9taro\",\"Solidaridad\",\"V\u00edctimas\"],\"articleSection\":[\"Sucesos\",\"\u00daltima Hora\"],\"inLanguage\":\"es\",\"potentialAction\":[{\"@type\":\"CommentAction\",\"name\":\"Comment\",\"target\":[\"https:\/\/www.nexoinformativo.mx\/index.php\/2024\/11\/06\/hoy-llegan-a-queretaro-los-restos-de-las-victimas-del-tragico-accidente-en-michoacan\/#respond\"]}]},{\"@type\":\"WebPage\",\"@id\":\"https:\/\/www.nexoinformativo.mx\/index.php\/2024\/11\/06\/hoy-llegan-a-queretaro-los-restos-de-las-victimas-del-tragico-accidente-en-michoacan\/\",\"url\":\"https:\/\/www.nexoinformativo.mx\/index.php\/2024\/11\/06\/hoy-llegan-a-queretaro-los-restos-de-las-victimas-del-tragico-accidente-en-michoacan\/\",\"name\":\"Hoy llegan a Quer\u00e9taro los restos de las v\u00edctimas del tr\u00e1gico accidente en Michoac\u00e1n | Nexo Informativo Santiago de Quer\u00e9taro\",\"isPartOf\":{\"@id\":\"https:\/\/www.nexoinformativo.mx\/#website\"},\"primaryImageOfPage\":{\"@id\":\"https:\/\/www.nexoinformativo.mx\/index.php\/2024\/11\/06\/hoy-llegan-a-queretaro-los-restos-de-las-victimas-del-tragico-accidente-en-michoacan\/#primaryimage\"},\"image\":{\"@id\":\"https:\/\/www.nexoinformativo.mx\/index.php\/2024\/11\/06\/hoy-llegan-a-queretaro-los-restos-de-las-victimas-del-tragico-accidente-en-michoacan\/#primaryimage\"},\"thumbnailUrl\":\"https:\/\/www.nexoinformativo.mx\/wp-content\/uploads\/2024\/11\/PHOTO-2024-11-06-11-59-36-e1730917077609.jpg\",\"datePublished\":\"2024-11-06T16:00:46+00:00\",\"dateModified\":\"2024-11-06T18:19:15+00:00\",\"description\":\"Hoy llegan a Quer\u00e9taro los restos de las v\u00edctimas del tr\u00e1gico accidente en Michoac\u00e1n\",\"breadcrumb\":{\"@id\":\"https:\/\/www.nexoinformativo.mx\/index.php\/2024\/11\/06\/hoy-llegan-a-queretaro-los-restos-de-las-victimas-del-tragico-accidente-en-michoacan\/#breadcrumb\"},\"inLanguage\":\"es\",\"potentialAction\":[{\"@type\":\"ReadAction\",\"target\":[\"https:\/\/www.nexoinformativo.mx\/index.php\/2024\/11\/06\/hoy-llegan-a-queretaro-los-restos-de-las-victimas-del-tragico-accidente-en-michoacan\/\"]}]},{\"@type\":\"ImageObject\",\"inLanguage\":\"es\",\"@id\":\"https:\/\/www.nexoinformativo.mx\/index.php\/2024\/11\/06\/hoy-llegan-a-queretaro-los-restos-de-las-victimas-del-tragico-accidente-en-michoacan\/#primaryimage\",\"url\":\"https:\/\/www.nexoinformativo.mx\/wp-content\/uploads\/2024\/11\/PHOTO-2024-11-06-11-59-36-e1730917077609.jpg\",\"contentUrl\":\"https:\/\/www.nexoinformativo.mx\/wp-content\/uploads\/2024\/11\/PHOTO-2024-11-06-11-59-36-e1730917077609.jpg\",\"width\":700,\"height\":525},{\"@type\":\"BreadcrumbList\",\"@id\":\"https:\/\/www.nexoinformativo.mx\/index.php\/2024\/11\/06\/hoy-llegan-a-queretaro-los-restos-de-las-victimas-del-tragico-accidente-en-michoacan\/#breadcrumb\",\"itemListElement\":[{\"@type\":\"ListItem\",\"position\":1,\"name\":\"Inicio\",\"item\":\"https:\/\/www.nexoinformativo.mx\/\"},{\"@type\":\"ListItem\",\"position\":2,\"name\":\"Hoy llegan a Quer\u00e9taro los restos de las v\u00edctimas del tr\u00e1gico accidente en Michoac\u00e1n\"}]},{\"@type\":\"WebSite\",\"@id\":\"https:\/\/www.nexoinformativo.mx\/#website\",\"url\":\"https:\/\/www.nexoinformativo.mx\/\",\"name\":\"Nexo Informativo Santiago de Quer\u00e9taro\",\"description\":\"Explora NexoInformativo y convi\u00e9rtete en parte de una comunidad que valora el conocimiento y la verdad. Tu nexoinformativo es tu puente hacia una comprensi\u00f3n m\u00e1s profunda del mundo que te rodea.\",\"publisher\":{\"@id\":\"https:\/\/www.nexoinformativo.mx\/#organization\"},\"potentialAction\":[{\"@type\":\"SearchAction\",\"target\":{\"@type\":\"EntryPoint\",\"urlTemplate\":\"https:\/\/www.nexoinformativo.mx\/?s={search_term_string}\"},\"query-input\":{\"@type\":\"PropertyValueSpecification\",\"valueRequired\":true,\"valueName\":\"search_term_string\"}}],\"inLanguage\":\"es\"},{\"@type\":\"Organization\",\"@id\":\"https:\/\/www.nexoinformativo.mx\/#organization\",\"name\":\"Nexo Informativo Santiago de Quer\u00e9taro\",\"url\":\"https:\/\/www.nexoinformativo.mx\/\",\"logo\":{\"@type\":\"ImageObject\",\"inLanguage\":\"es\",\"@id\":\"https:\/\/www.nexoinformativo.mx\/#\/schema\/logo\/image\/\",\"url\":\"https:\/\/www.nexoinformativo.mx\/wp-content\/uploads\/2024\/07\/nexoi-trasparente-2.png\",\"contentUrl\":\"https:\/\/www.nexoinformativo.mx\/wp-content\/uploads\/2024\/07\/nexoi-trasparente-2.png\",\"width\":816,\"height\":339,\"caption\":\"Nexo Informativo Santiago de Quer\u00e9taro\"},\"image\":{\"@id\":\"https:\/\/www.nexoinformativo.mx\/#\/schema\/logo\/image\/\"},\"sameAs\":[\"https:\/\/www.facebook.com\/people\/Nexo-Informativo\/61564066885511\/\"]},{\"@type\":\"Person\",\"@id\":\"https:\/\/www.nexoinformativo.mx\/#\/schema\/person\/7749d380ba08c8ca00d7bc76fd907b7d\",\"name\":\"Nexo Informativo\",\"image\":{\"@type\":\"ImageObject\",\"inLanguage\":\"es\",\"@id\":\"https:\/\/www.nexoinformativo.mx\/#\/schema\/person\/image\/\",\"url\":\"https:\/\/secure.gravatar.com\/avatar\/dde2928154642a13d95f87ddf1ea9718fe2b46760a005c53e41ff5ad610704e6?s=96&d=mm&r=g\",\"contentUrl\":\"https:\/\/secure.gravatar.com\/avatar\/dde2928154642a13d95f87ddf1ea9718fe2b46760a005c53e41ff5ad610704e6?s=96&d=mm&r=g\",\"caption\":\"Nexo Informativo\"},\"url\":\"https:\/\/www.nexoinformativo.mx\/index.php\/author\/edicion\/\"}]}<\/script>\n<!-- \/ Yoast SEO plugin. -->","yoast_head_json":{"title":"Hoy llegan a Quer\u00e9taro los restos de las v\u00edctimas del tr\u00e1gico accidente en Michoac\u00e1n | Nexo Informativo Santiago de Quer\u00e9taro","description":"Hoy llegan a Quer\u00e9taro los restos de las v\u00edctimas del tr\u00e1gico accidente en Michoac\u00e1n","robots":{"index":"index","follow":"follow","max-snippet":"max-snippet:-1","max-image-preview":"max-image-preview:large","max-video-preview":"max-video-preview:-1"},"canonical":"https:\/\/www.nexoinformativo.mx\/index.php\/2024\/11\/06\/hoy-llegan-a-queretaro-los-restos-de-las-victimas-del-tragico-accidente-en-michoacan\/","og_locale":"es_MX","og_type":"article","og_title":"Hoy llegan a Quer\u00e9taro los restos de las v\u00edctimas del tr\u00e1gico accidente en Michoac\u00e1n | Nexo Informativo Santiago de Quer\u00e9taro","og_description":"Hoy llegan a Quer\u00e9taro los restos de las v\u00edctimas del tr\u00e1gico accidente en Michoac\u00e1n","og_url":"https:\/\/www.nexoinformativo.mx\/index.php\/2024\/11\/06\/hoy-llegan-a-queretaro-los-restos-de-las-victimas-del-tragico-accidente-en-michoacan\/","og_site_name":"Nexo Informativo Santiago de Quer\u00e9taro","article_publisher":"https:\/\/www.facebook.com\/people\/Nexo-Informativo\/61564066885511\/","article_published_time":"2024-11-06T16:00:46+00:00","article_modified_time":"2024-11-06T18:19:15+00:00","og_image":[{"width":700,"height":525,"url":"https:\/\/www.nexoinformativo.mx\/wp-content\/uploads\/2024\/11\/PHOTO-2024-11-06-11-59-36-e1730917077609.jpg","type":"image\/jpeg"}],"author":"Nexo Informativo","twitter_card":"summary_large_image","twitter_misc":{"Escrito por":"Nexo Informativo","Tiempo de lectura":"1 minuto"},"schema":{"@context":"https:\/\/schema.org","@graph":[{"@type":"Article","@id":"https:\/\/www.nexoinformativo.mx\/index.php\/2024\/11\/06\/hoy-llegan-a-queretaro-los-restos-de-las-victimas-del-tragico-accidente-en-michoacan\/#article","isPartOf":{"@id":"https:\/\/www.nexoinformativo.mx\/index.php\/2024\/11\/06\/hoy-llegan-a-queretaro-los-restos-de-las-victimas-del-tragico-accidente-en-michoacan\/"},"author":{"name":"Nexo Informativo","@id":"https:\/\/www.nexoinformativo.mx\/#\/schema\/person\/7749d380ba08c8ca00d7bc76fd907b7d"},"headline":"Hoy llegan a Quer\u00e9taro los restos de las v\u00edctimas del tr\u00e1gico accidente en Michoac\u00e1n","datePublished":"2024-11-06T16:00:46+00:00","dateModified":"2024-11-06T18:19:15+00:00","mainEntityOfPage":{"@id":"https:\/\/www.nexoinformativo.mx\/index.php\/2024\/11\/06\/hoy-llegan-a-queretaro-los-restos-de-las-victimas-del-tragico-accidente-en-michoacan\/"},"wordCount":203,"commentCount":0,"publisher":{"@id":"https:\/\/www.nexoinformativo.mx\/#organization"},"image":{"@id":"https:\/\/www.nexoinformativo.mx\/index.php\/2024\/11\/06\/hoy-llegan-a-queretaro-los-restos-de-las-victimas-del-tragico-accidente-en-michoacan\/#primaryimage"},"thumbnailUrl":"https:\/\/www.nexoinformativo.mx\/wp-content\/uploads\/2024\/11\/PHOTO-2024-11-06-11-59-36-e1730917077609.jpg","keywords":["accidente","Quer\u00e9taro","Solidaridad","V\u00edctimas"],"articleSection":["Sucesos","\u00daltima Hora"],"inLanguage":"es","potentialAction":[{"@type":"CommentAction","name":"Comment","target":["https:\/\/www.nexoinformativo.mx\/index.php\/2024\/11\/06\/hoy-llegan-a-queretaro-los-restos-de-las-victimas-del-tragico-accidente-en-michoacan\/#respond"]}]},{"@type":"WebPage","@id":"https:\/\/www.nexoinformativo.mx\/index.php\/2024\/11\/06\/hoy-llegan-a-queretaro-los-restos-de-las-victimas-del-tragico-accidente-en-michoacan\/","url":"https:\/\/www.nexoinformativo.mx\/index.php\/2024\/11\/06\/hoy-llegan-a-queretaro-los-restos-de-las-victimas-del-tragico-accidente-en-michoacan\/","name":"Hoy llegan a Quer\u00e9taro los restos de las v\u00edctimas del tr\u00e1gico accidente en Michoac\u00e1n | Nexo Informativo Santiago de Quer\u00e9taro","isPartOf":{"@id":"https:\/\/www.nexoinformativo.mx\/#website"},"primaryImageOfPage":{"@id":"https:\/\/www.nexoinformativo.mx\/index.php\/2024\/11\/06\/hoy-llegan-a-queretaro-los-restos-de-las-victimas-del-tragico-accidente-en-michoacan\/#primaryimage"},"image":{"@id":"https:\/\/www.nexoinformativo.mx\/index.php\/2024\/11\/06\/hoy-llegan-a-queretaro-los-restos-de-las-victimas-del-tragico-accidente-en-michoacan\/#primaryimage"},"thumbnailUrl":"https:\/\/www.nexoinformativo.mx\/wp-content\/uploads\/2024\/11\/PHOTO-2024-11-06-11-59-36-e1730917077609.jpg","datePublished":"2024-11-06T16:00:46+00:00","dateModified":"2024-11-06T18:19:15+00:00","description":"Hoy llegan a Quer\u00e9taro los restos de las v\u00edctimas del tr\u00e1gico accidente en Michoac\u00e1n","breadcrumb":{"@id":"https:\/\/www.nexoinformativo.mx\/index.php\/2024\/11\/06\/hoy-llegan-a-queretaro-los-restos-de-las-victimas-del-tragico-accidente-en-michoacan\/#breadcrumb"},"inLanguage":"es","potentialAction":[{"@type":"ReadAction","target":["https:\/\/www.nexoinformativo.mx\/index.php\/2024\/11\/06\/hoy-llegan-a-queretaro-los-restos-de-las-victimas-del-tragico-accidente-en-michoacan\/"]}]},{"@type":"ImageObject","inLanguage":"es","@id":"https:\/\/www.nexoinformativo.mx\/index.php\/2024\/11\/06\/hoy-llegan-a-queretaro-los-restos-de-las-victimas-del-tragico-accidente-en-michoacan\/#primaryimage","url":"https:\/\/www.nexoinformativo.mx\/wp-content\/uploads\/2024\/11\/PHOTO-2024-11-06-11-59-36-e1730917077609.jpg","contentUrl":"https:\/\/www.nexoinformativo.mx\/wp-content\/uploads\/2024\/11\/PHOTO-2024-11-06-11-59-36-e1730917077609.jpg","width":700,"height":525},{"@type":"BreadcrumbList","@id":"https:\/\/www.nexoinformativo.mx\/index.php\/2024\/11\/06\/hoy-llegan-a-queretaro-los-restos-de-las-victimas-del-tragico-accidente-en-michoacan\/#breadcrumb","itemListElement":[{"@type":"ListItem","position":1,"name":"Inicio","item":"https:\/\/www.nexoinformativo.mx\/"},{"@type":"ListItem","position":2,"name":"Hoy llegan a Quer\u00e9taro los restos de las v\u00edctimas del tr\u00e1gico accidente en Michoac\u00e1n"}]},{"@type":"WebSite","@id":"https:\/\/www.nexoinformativo.mx\/#website","url":"https:\/\/www.nexoinformativo.mx\/","name":"Nexo Informativo Santiago de Quer\u00e9taro","description":"Explora NexoInformativo y convi\u00e9rtete en parte de una comunidad que valora el conocimiento y la verdad. Tu nexoinformativo es tu puente hacia una comprensi\u00f3n m\u00e1s profunda del mundo que te rodea.","publisher":{"@id":"https:\/\/www.nexoinformativo.mx\/#organization"},"potentialAction":[{"@type":"SearchAction","target":{"@type":"EntryPoint","urlTemplate":"https:\/\/www.nexoinformativo.mx\/?s={search_term_string}"},"query-input":{"@type":"PropertyValueSpecification","valueRequired":true,"valueName":"search_term_string"}}],"inLanguage":"es"},{"@type":"Organization","@id":"https:\/\/www.nexoinformativo.mx\/#organization","name":"Nexo Informativo Santiago de Quer\u00e9taro","url":"https:\/\/www.nexoinformativo.mx\/","logo":{"@type":"ImageObject","inLanguage":"es","@id":"https:\/\/www.nexoinformativo.mx\/#\/schema\/logo\/image\/","url":"https:\/\/www.nexoinformativo.mx\/wp-content\/uploads\/2024\/07\/nexoi-trasparente-2.png","contentUrl":"https:\/\/www.nexoinformativo.mx\/wp-content\/uploads\/2024\/07\/nexoi-trasparente-2.png","width":816,"height":339,"caption":"Nexo Informativo Santiago de Quer\u00e9taro"},"image":{"@id":"https:\/\/www.nexoinformativo.mx\/#\/schema\/logo\/image\/"},"sameAs":["https:\/\/www.facebook.com\/people\/Nexo-Informativo\/61564066885511\/"]},{"@type":"Person","@id":"https:\/\/www.nexoinformativo.mx\/#\/schema\/person\/7749d380ba08c8ca00d7bc76fd907b7d","name":"Nexo Informativo","image":{"@type":"ImageObject","inLanguage":"es","@id":"https:\/\/www.nexoinformativo.mx\/#\/schema\/person\/image\/","url":"https:\/\/secure.gravatar.com\/avatar\/dde2928154642a13d95f87ddf1ea9718fe2b46760a005c53e41ff5ad610704e6?s=96&d=mm&r=g","contentUrl":"https:\/\/secure.gravatar.com\/avatar\/dde2928154642a13d95f87ddf1ea9718fe2b46760a005c53e41ff5ad610704e6?s=96&d=mm&r=g","caption":"Nexo Informativo"},"url":"https:\/\/www.nexoinformativo.mx\/index.php\/author\/edicion\/"}]}},"_links":{"self":[{"href":"https:\/\/www.nexoinformativo.mx\/index.php\/wp-json\/wp\/v2\/posts\/5463","targetHints":{"allow":["GET"]}}],"collection":[{"href":"https:\/\/www.nexoinformativo.mx\/index.php\/wp-json\/wp\/v2\/posts"}],"about":[{"href":"https:\/\/www.nexoinformativo.mx\/index.php\/wp-json\/wp\/v2\/types\/post"}],"author":[{"embeddable":true,"href":"https:\/\/www.nexoinformativo.mx\/index.php\/wp-json\/wp\/v2\/users\/3"}],"replies":[{"embeddable":true,"href":"https:\/\/www.nexoinformativo.mx\/index.php\/wp-json\/wp\/v2\/comments?post=5463"}],"version-history":[{"count":5,"href":"https:\/\/www.nexoinformativo.mx\/index.php\/wp-json\/wp\/v2\/posts\/5463\/revisions"}],"predecessor-version":[{"id":5469,"href":"https:\/\/www.nexoinformativo.mx\/index.php\/wp-json\/wp\/v2\/posts\/5463\/revisions\/5469"}],"wp:featuredmedia":[{"embeddable":true,"href":"https:\/\/www.nexoinformativo.mx\/index.php\/wp-json\/wp\/v2\/media\/5464"}],"wp:attachment":[{"href":"https:\/\/www.nexoinformativo.mx\/index.php\/wp-json\/wp\/v2\/media?parent=5463"}],"wp:term":[{"taxonomy":"category","embeddable":true,"href":"https:\/\/www.nexoinformativo.mx\/index.php\/wp-json\/wp\/v2\/categories?post=5463"},{"taxonomy":"post_tag","embeddable":true,"href":"https:\/\/www.nexoinformativo.mx\/index.php\/wp-json\/wp\/v2\/tags?post=5463"}],"curies":[{"name":"wp","href":"https:\/\/api.w.org\/{rel}","templated":true}]}}