{"id":5470,"date":"2024-11-06T11:00:37","date_gmt":"2024-11-06T17:00:37","guid":{"rendered":"https:\/\/www.nexoinformativo.mx\/?p=5470"},"modified":"2024-11-06T12:26:40","modified_gmt":"2024-11-06T18:26:40","slug":"diputada-tania-palacios-celebra-aprobacion-de-reforma-para-la-igualdad-sustantiva-ciudad-de-mexico","status":"publish","type":"post","link":"https:\/\/www.nexoinformativo.mx\/index.php\/2024\/11\/06\/diputada-tania-palacios-celebra-aprobacion-de-reforma-para-la-igualdad-sustantiva-ciudad-de-mexico\/","title":{"rendered":"Diputada Tania Palacios celebra aprobaci\u00f3n de Reforma para la Igualdad Sustantiva Ciudad de M\u00e9xico"},"content":{"rendered":"<p style=\"text-align: justify;\">La diputada federal Tania Palacios ha resaltado la importancia de la reciente aprobaci\u00f3n de la Reforma Constitucional para la Igualdad Sustantiva, subrayando la urgencia de implementar cambios que garanticen la igualdad de g\u00e9nero en M\u00e9xico.<\/p>\n<p>&nbsp;<\/p>\n<p style=\"text-align: justify;\">En su intervenci\u00f3n en tribuna, Palacios expuso datos alarmantes que revelan que casi siete de cada diez mujeres en el pa\u00eds han enfrentado alg\u00fan tipo de violencia, lo que refleja la persistente desigualdad. La legisladora del <strong>Grupo Parlamentario del Partido Acci\u00f3n Nacional<\/strong> (GPPAN) destac\u00f3 que, incluso en la C\u00e1mara de Diputados, al menos 175 diputadas han sido v\u00edctimas de violencia a lo largo de sus vidas.<\/p>\n<p>&nbsp;<\/p>\n<p style=\"text-align: justify;\">Adem\u00e1s, enfatiz\u00f3 la disparidad salarial, donde las mujeres ganan en promedio 86 pesos por cada 100 que recibe un hombre, y la escasa representaci\u00f3n femenina en cargos directivos, donde solo el 4% son ocupados por mujeres. Palacios propuso una iniciativa para reducir la brecha salarial de g\u00e9nero y abog\u00f3 por un Sistema Nacional de Cuidados que libere a las mujeres de la carga desproporcionada de ser las principales cuidadoras.<\/p>\n<p>&nbsp;<\/p>\n<p style=\"text-align: justify;\">Tambi\u00e9n hizo un llamado para asegurar una mayor representaci\u00f3n femenina en el poder judicial y en las fiscal\u00edas, destacando la necesidad de que las mujeres procuren e impartan justicia con perspectiva de g\u00e9nero.<\/p>\n<p>&nbsp;<\/p>\n<p style=\"text-align: justify;\">El GPPAN respalda esta reforma, pues considera fundamental proteger el derecho de las mujeres a vivir en un entorno libre de violencia y con igualdad. <strong>\u201cQueremos un compromiso reforzado para proteger a mujeres, adolescentes y ni\u00f1os, asegurando que la seguridad p\u00fablica y la justicia se activen con una perspectiva de g\u00e9nero\u201d<\/strong>, concluy\u00f3 Palacios.<\/p>\n<p>&nbsp;<\/p>\n<p style=\"text-align: center;\"><em><strong>\u00a1Informaci\u00f3n que transforma!<\/strong><\/em><\/p>\n","protected":false},"excerpt":{"rendered":"<p>La diputada federal Tania Palacios ha resaltado la importancia de la reciente aprobaci\u00f3n de la Reforma Constitucional para la Igualdad Sustantiva, subrayando la urgencia de implementar cambios que garanticen la igualdad de g\u00e9nero en M\u00e9xico.<\/p>\n","protected":false},"author":3,"featured_media":5471,"comment_status":"open","ping_status":"open","sticky":false,"template":"","format":"standard","meta":{"footnotes":""},"categories":[88,21],"tags":[1892,1890,775,1891],"class_list":["post-5470","post","type-post","status-publish","format-standard","has-post-thumbnail","hentry","category-nacional","category-politica","tag-derechosdelasmujeres","tag-igualdadsustantiva","tag-reformaconstitucional","tag-taniapalacios"],"yoast_head":"<!-- This site is optimized with the Yoast SEO plugin v25.0 - https:\/\/yoast.com\/wordpress\/plugins\/seo\/ -->\n<title>Diputada Tania Palacios celebra aprobaci\u00f3n de Reforma para la Igualdad Sustantiva Ciudad de M\u00e9xico | Nexo Informativo Santiago de Quer\u00e9taro<\/title>\n<meta name=\"description\" content=\"Diputada Tania Palacios celebra aprobaci\u00f3n de Reforma para la Igualdad Sustantiva Ciudad de M\u00e9xico\" \/>\n<meta name=\"robots\" content=\"index, follow, max-snippet:-1, max-image-preview:large, max-video-preview:-1\" \/>\n<link rel=\"canonical\" href=\"https:\/\/www.nexoinformativo.mx\/index.php\/2024\/11\/06\/diputada-tania-palacios-celebra-aprobacion-de-reforma-para-la-igualdad-sustantiva-ciudad-de-mexico\/\" \/>\n<meta property=\"og:locale\" content=\"es_MX\" \/>\n<meta property=\"og:type\" content=\"article\" \/>\n<meta property=\"og:title\" content=\"Diputada Tania Palacios celebra aprobaci\u00f3n de Reforma para la Igualdad Sustantiva Ciudad de M\u00e9xico | Nexo Informativo Santiago de Quer\u00e9taro\" \/>\n<meta property=\"og:description\" content=\"Diputada Tania Palacios celebra aprobaci\u00f3n de Reforma para la Igualdad Sustantiva Ciudad de M\u00e9xico\" \/>\n<meta property=\"og:url\" content=\"https:\/\/www.nexoinformativo.mx\/index.php\/2024\/11\/06\/diputada-tania-palacios-celebra-aprobacion-de-reforma-para-la-igualdad-sustantiva-ciudad-de-mexico\/\" \/>\n<meta property=\"og:site_name\" content=\"Nexo Informativo Santiago de Quer\u00e9taro\" \/>\n<meta property=\"article:publisher\" content=\"https:\/\/www.facebook.com\/people\/Nexo-Informativo\/61564066885511\/\" \/>\n<meta property=\"article:published_time\" content=\"2024-11-06T17:00:37+00:00\" \/>\n<meta property=\"article:modified_time\" content=\"2024-11-06T18:26:40+00:00\" \/>\n<meta property=\"og:image\" content=\"https:\/\/www.nexoinformativo.mx\/wp-content\/uploads\/2024\/11\/PHOTO-2024-11-06-11-59-37-e1730917269898.jpg\" \/>\n\t<meta property=\"og:image:width\" content=\"700\" \/>\n\t<meta property=\"og:image:height\" content=\"466\" \/>\n\t<meta property=\"og:image:type\" content=\"image\/jpeg\" \/>\n<meta name=\"author\" content=\"Nexo Informativo\" \/>\n<meta name=\"twitter:card\" content=\"summary_large_image\" \/>\n<meta name=\"twitter:label1\" content=\"Escrito por\" \/>\n\t<meta name=\"twitter:data1\" content=\"Nexo Informativo\" \/>\n\t<meta name=\"twitter:label2\" content=\"Tiempo de lectura\" \/>\n\t<meta name=\"twitter:data2\" content=\"2 minutos\" \/>\n<script type=\"application\/ld+json\" class=\"yoast-schema-graph\">{\"@context\":\"https:\/\/schema.org\",\"@graph\":[{\"@type\":\"Article\",\"@id\":\"https:\/\/www.nexoinformativo.mx\/index.php\/2024\/11\/06\/diputada-tania-palacios-celebra-aprobacion-de-reforma-para-la-igualdad-sustantiva-ciudad-de-mexico\/#article\",\"isPartOf\":{\"@id\":\"https:\/\/www.nexoinformativo.mx\/index.php\/2024\/11\/06\/diputada-tania-palacios-celebra-aprobacion-de-reforma-para-la-igualdad-sustantiva-ciudad-de-mexico\/\"},\"author\":{\"name\":\"Nexo Informativo\",\"@id\":\"https:\/\/www.nexoinformativo.mx\/#\/schema\/person\/7749d380ba08c8ca00d7bc76fd907b7d\"},\"headline\":\"Diputada Tania Palacios celebra aprobaci\u00f3n de Reforma para la Igualdad Sustantiva Ciudad de M\u00e9xico\",\"datePublished\":\"2024-11-06T17:00:37+00:00\",\"dateModified\":\"2024-11-06T18:26:40+00:00\",\"mainEntityOfPage\":{\"@id\":\"https:\/\/www.nexoinformativo.mx\/index.php\/2024\/11\/06\/diputada-tania-palacios-celebra-aprobacion-de-reforma-para-la-igualdad-sustantiva-ciudad-de-mexico\/\"},\"wordCount\":296,\"commentCount\":0,\"publisher\":{\"@id\":\"https:\/\/www.nexoinformativo.mx\/#organization\"},\"image\":{\"@id\":\"https:\/\/www.nexoinformativo.mx\/index.php\/2024\/11\/06\/diputada-tania-palacios-celebra-aprobacion-de-reforma-para-la-igualdad-sustantiva-ciudad-de-mexico\/#primaryimage\"},\"thumbnailUrl\":\"https:\/\/www.nexoinformativo.mx\/wp-content\/uploads\/2024\/11\/PHOTO-2024-11-06-11-59-37-e1730917269898.jpg\",\"keywords\":[\"DerechosDeLasMujeres\",\"IgualdadSustantiva\",\"ReformaConstitucional\",\"TaniaPalacios\"],\"articleSection\":[\"Nacional\",\"Pol\u00edtica\"],\"inLanguage\":\"es\",\"potentialAction\":[{\"@type\":\"CommentAction\",\"name\":\"Comment\",\"target\":[\"https:\/\/www.nexoinformativo.mx\/index.php\/2024\/11\/06\/diputada-tania-palacios-celebra-aprobacion-de-reforma-para-la-igualdad-sustantiva-ciudad-de-mexico\/#respond\"]}]},{\"@type\":\"WebPage\",\"@id\":\"https:\/\/www.nexoinformativo.mx\/index.php\/2024\/11\/06\/diputada-tania-palacios-celebra-aprobacion-de-reforma-para-la-igualdad-sustantiva-ciudad-de-mexico\/\",\"url\":\"https:\/\/www.nexoinformativo.mx\/index.php\/2024\/11\/06\/diputada-tania-palacios-celebra-aprobacion-de-reforma-para-la-igualdad-sustantiva-ciudad-de-mexico\/\",\"name\":\"Diputada Tania Palacios celebra aprobaci\u00f3n de Reforma para la Igualdad Sustantiva Ciudad de M\u00e9xico | Nexo Informativo Santiago de Quer\u00e9taro\",\"isPartOf\":{\"@id\":\"https:\/\/www.nexoinformativo.mx\/#website\"},\"primaryImageOfPage\":{\"@id\":\"https:\/\/www.nexoinformativo.mx\/index.php\/2024\/11\/06\/diputada-tania-palacios-celebra-aprobacion-de-reforma-para-la-igualdad-sustantiva-ciudad-de-mexico\/#primaryimage\"},\"image\":{\"@id\":\"https:\/\/www.nexoinformativo.mx\/index.php\/2024\/11\/06\/diputada-tania-palacios-celebra-aprobacion-de-reforma-para-la-igualdad-sustantiva-ciudad-de-mexico\/#primaryimage\"},\"thumbnailUrl\":\"https:\/\/www.nexoinformativo.mx\/wp-content\/uploads\/2024\/11\/PHOTO-2024-11-06-11-59-37-e1730917269898.jpg\",\"datePublished\":\"2024-11-06T17:00:37+00:00\",\"dateModified\":\"2024-11-06T18:26:40+00:00\",\"description\":\"Diputada Tania Palacios celebra aprobaci\u00f3n de Reforma para la Igualdad Sustantiva Ciudad de M\u00e9xico\",\"breadcrumb\":{\"@id\":\"https:\/\/www.nexoinformativo.mx\/index.php\/2024\/11\/06\/diputada-tania-palacios-celebra-aprobacion-de-reforma-para-la-igualdad-sustantiva-ciudad-de-mexico\/#breadcrumb\"},\"inLanguage\":\"es\",\"potentialAction\":[{\"@type\":\"ReadAction\",\"target\":[\"https:\/\/www.nexoinformativo.mx\/index.php\/2024\/11\/06\/diputada-tania-palacios-celebra-aprobacion-de-reforma-para-la-igualdad-sustantiva-ciudad-de-mexico\/\"]}]},{\"@type\":\"ImageObject\",\"inLanguage\":\"es\",\"@id\":\"https:\/\/www.nexoinformativo.mx\/index.php\/2024\/11\/06\/diputada-tania-palacios-celebra-aprobacion-de-reforma-para-la-igualdad-sustantiva-ciudad-de-mexico\/#primaryimage\",\"url\":\"https:\/\/www.nexoinformativo.mx\/wp-content\/uploads\/2024\/11\/PHOTO-2024-11-06-11-59-37-e1730917269898.jpg\",\"contentUrl\":\"https:\/\/www.nexoinformativo.mx\/wp-content\/uploads\/2024\/11\/PHOTO-2024-11-06-11-59-37-e1730917269898.jpg\",\"width\":700,\"height\":466},{\"@type\":\"BreadcrumbList\",\"@id\":\"https:\/\/www.nexoinformativo.mx\/index.php\/2024\/11\/06\/diputada-tania-palacios-celebra-aprobacion-de-reforma-para-la-igualdad-sustantiva-ciudad-de-mexico\/#breadcrumb\",\"itemListElement\":[{\"@type\":\"ListItem\",\"position\":1,\"name\":\"Inicio\",\"item\":\"https:\/\/www.nexoinformativo.mx\/\"},{\"@type\":\"ListItem\",\"position\":2,\"name\":\"Diputada Tania Palacios celebra aprobaci\u00f3n de Reforma para la Igualdad Sustantiva Ciudad de M\u00e9xico\"}]},{\"@type\":\"WebSite\",\"@id\":\"https:\/\/www.nexoinformativo.mx\/#website\",\"url\":\"https:\/\/www.nexoinformativo.mx\/\",\"name\":\"Nexo Informativo Santiago de Quer\u00e9taro\",\"description\":\"Explora NexoInformativo y convi\u00e9rtete en parte de una comunidad que valora el conocimiento y la verdad. Tu nexoinformativo es tu puente hacia una comprensi\u00f3n m\u00e1s profunda del mundo que te rodea.\",\"publisher\":{\"@id\":\"https:\/\/www.nexoinformativo.mx\/#organization\"},\"potentialAction\":[{\"@type\":\"SearchAction\",\"target\":{\"@type\":\"EntryPoint\",\"urlTemplate\":\"https:\/\/www.nexoinformativo.mx\/?s={search_term_string}\"},\"query-input\":{\"@type\":\"PropertyValueSpecification\",\"valueRequired\":true,\"valueName\":\"search_term_string\"}}],\"inLanguage\":\"es\"},{\"@type\":\"Organization\",\"@id\":\"https:\/\/www.nexoinformativo.mx\/#organization\",\"name\":\"Nexo Informativo Santiago de Quer\u00e9taro\",\"url\":\"https:\/\/www.nexoinformativo.mx\/\",\"logo\":{\"@type\":\"ImageObject\",\"inLanguage\":\"es\",\"@id\":\"https:\/\/www.nexoinformativo.mx\/#\/schema\/logo\/image\/\",\"url\":\"https:\/\/www.nexoinformativo.mx\/wp-content\/uploads\/2024\/07\/nexoi-trasparente-2.png\",\"contentUrl\":\"https:\/\/www.nexoinformativo.mx\/wp-content\/uploads\/2024\/07\/nexoi-trasparente-2.png\",\"width\":816,\"height\":339,\"caption\":\"Nexo Informativo Santiago de Quer\u00e9taro\"},\"image\":{\"@id\":\"https:\/\/www.nexoinformativo.mx\/#\/schema\/logo\/image\/\"},\"sameAs\":[\"https:\/\/www.facebook.com\/people\/Nexo-Informativo\/61564066885511\/\"]},{\"@type\":\"Person\",\"@id\":\"https:\/\/www.nexoinformativo.mx\/#\/schema\/person\/7749d380ba08c8ca00d7bc76fd907b7d\",\"name\":\"Nexo Informativo\",\"image\":{\"@type\":\"ImageObject\",\"inLanguage\":\"es\",\"@id\":\"https:\/\/www.nexoinformativo.mx\/#\/schema\/person\/image\/\",\"url\":\"https:\/\/secure.gravatar.com\/avatar\/dde2928154642a13d95f87ddf1ea9718fe2b46760a005c53e41ff5ad610704e6?s=96&d=mm&r=g\",\"contentUrl\":\"https:\/\/secure.gravatar.com\/avatar\/dde2928154642a13d95f87ddf1ea9718fe2b46760a005c53e41ff5ad610704e6?s=96&d=mm&r=g\",\"caption\":\"Nexo Informativo\"},\"url\":\"https:\/\/www.nexoinformativo.mx\/index.php\/author\/edicion\/\"}]}<\/script>\n<!-- \/ Yoast SEO plugin. -->","yoast_head_json":{"title":"Diputada Tania Palacios celebra aprobaci\u00f3n de Reforma para la Igualdad Sustantiva Ciudad de M\u00e9xico | Nexo Informativo Santiago de Quer\u00e9taro","description":"Diputada Tania Palacios celebra aprobaci\u00f3n de Reforma para la Igualdad Sustantiva Ciudad de M\u00e9xico","robots":{"index":"index","follow":"follow","max-snippet":"max-snippet:-1","max-image-preview":"max-image-preview:large","max-video-preview":"max-video-preview:-1"},"canonical":"https:\/\/www.nexoinformativo.mx\/index.php\/2024\/11\/06\/diputada-tania-palacios-celebra-aprobacion-de-reforma-para-la-igualdad-sustantiva-ciudad-de-mexico\/","og_locale":"es_MX","og_type":"article","og_title":"Diputada Tania Palacios celebra aprobaci\u00f3n de Reforma para la Igualdad Sustantiva Ciudad de M\u00e9xico | Nexo Informativo Santiago de Quer\u00e9taro","og_description":"Diputada Tania Palacios celebra aprobaci\u00f3n de Reforma para la Igualdad Sustantiva Ciudad de M\u00e9xico","og_url":"https:\/\/www.nexoinformativo.mx\/index.php\/2024\/11\/06\/diputada-tania-palacios-celebra-aprobacion-de-reforma-para-la-igualdad-sustantiva-ciudad-de-mexico\/","og_site_name":"Nexo Informativo Santiago de Quer\u00e9taro","article_publisher":"https:\/\/www.facebook.com\/people\/Nexo-Informativo\/61564066885511\/","article_published_time":"2024-11-06T17:00:37+00:00","article_modified_time":"2024-11-06T18:26:40+00:00","og_image":[{"width":700,"height":466,"url":"https:\/\/www.nexoinformativo.mx\/wp-content\/uploads\/2024\/11\/PHOTO-2024-11-06-11-59-37-e1730917269898.jpg","type":"image\/jpeg"}],"author":"Nexo Informativo","twitter_card":"summary_large_image","twitter_misc":{"Escrito por":"Nexo Informativo","Tiempo de lectura":"2 minutos"},"schema":{"@context":"https:\/\/schema.org","@graph":[{"@type":"Article","@id":"https:\/\/www.nexoinformativo.mx\/index.php\/2024\/11\/06\/diputada-tania-palacios-celebra-aprobacion-de-reforma-para-la-igualdad-sustantiva-ciudad-de-mexico\/#article","isPartOf":{"@id":"https:\/\/www.nexoinformativo.mx\/index.php\/2024\/11\/06\/diputada-tania-palacios-celebra-aprobacion-de-reforma-para-la-igualdad-sustantiva-ciudad-de-mexico\/"},"author":{"name":"Nexo Informativo","@id":"https:\/\/www.nexoinformativo.mx\/#\/schema\/person\/7749d380ba08c8ca00d7bc76fd907b7d"},"headline":"Diputada Tania Palacios celebra aprobaci\u00f3n de Reforma para la Igualdad Sustantiva Ciudad de M\u00e9xico","datePublished":"2024-11-06T17:00:37+00:00","dateModified":"2024-11-06T18:26:40+00:00","mainEntityOfPage":{"@id":"https:\/\/www.nexoinformativo.mx\/index.php\/2024\/11\/06\/diputada-tania-palacios-celebra-aprobacion-de-reforma-para-la-igualdad-sustantiva-ciudad-de-mexico\/"},"wordCount":296,"commentCount":0,"publisher":{"@id":"https:\/\/www.nexoinformativo.mx\/#organization"},"image":{"@id":"https:\/\/www.nexoinformativo.mx\/index.php\/2024\/11\/06\/diputada-tania-palacios-celebra-aprobacion-de-reforma-para-la-igualdad-sustantiva-ciudad-de-mexico\/#primaryimage"},"thumbnailUrl":"https:\/\/www.nexoinformativo.mx\/wp-content\/uploads\/2024\/11\/PHOTO-2024-11-06-11-59-37-e1730917269898.jpg","keywords":["DerechosDeLasMujeres","IgualdadSustantiva","ReformaConstitucional","TaniaPalacios"],"articleSection":["Nacional","Pol\u00edtica"],"inLanguage":"es","potentialAction":[{"@type":"CommentAction","name":"Comment","target":["https:\/\/www.nexoinformativo.mx\/index.php\/2024\/11\/06\/diputada-tania-palacios-celebra-aprobacion-de-reforma-para-la-igualdad-sustantiva-ciudad-de-mexico\/#respond"]}]},{"@type":"WebPage","@id":"https:\/\/www.nexoinformativo.mx\/index.php\/2024\/11\/06\/diputada-tania-palacios-celebra-aprobacion-de-reforma-para-la-igualdad-sustantiva-ciudad-de-mexico\/","url":"https:\/\/www.nexoinformativo.mx\/index.php\/2024\/11\/06\/diputada-tania-palacios-celebra-aprobacion-de-reforma-para-la-igualdad-sustantiva-ciudad-de-mexico\/","name":"Diputada Tania Palacios celebra aprobaci\u00f3n de Reforma para la Igualdad Sustantiva Ciudad de M\u00e9xico | Nexo Informativo Santiago de Quer\u00e9taro","isPartOf":{"@id":"https:\/\/www.nexoinformativo.mx\/#website"},"primaryImageOfPage":{"@id":"https:\/\/www.nexoinformativo.mx\/index.php\/2024\/11\/06\/diputada-tania-palacios-celebra-aprobacion-de-reforma-para-la-igualdad-sustantiva-ciudad-de-mexico\/#primaryimage"},"image":{"@id":"https:\/\/www.nexoinformativo.mx\/index.php\/2024\/11\/06\/diputada-tania-palacios-celebra-aprobacion-de-reforma-para-la-igualdad-sustantiva-ciudad-de-mexico\/#primaryimage"},"thumbnailUrl":"https:\/\/www.nexoinformativo.mx\/wp-content\/uploads\/2024\/11\/PHOTO-2024-11-06-11-59-37-e1730917269898.jpg","datePublished":"2024-11-06T17:00:37+00:00","dateModified":"2024-11-06T18:26:40+00:00","description":"Diputada Tania Palacios celebra aprobaci\u00f3n de Reforma para la Igualdad Sustantiva Ciudad de M\u00e9xico","breadcrumb":{"@id":"https:\/\/www.nexoinformativo.mx\/index.php\/2024\/11\/06\/diputada-tania-palacios-celebra-aprobacion-de-reforma-para-la-igualdad-sustantiva-ciudad-de-mexico\/#breadcrumb"},"inLanguage":"es","potentialAction":[{"@type":"ReadAction","target":["https:\/\/www.nexoinformativo.mx\/index.php\/2024\/11\/06\/diputada-tania-palacios-celebra-aprobacion-de-reforma-para-la-igualdad-sustantiva-ciudad-de-mexico\/"]}]},{"@type":"ImageObject","inLanguage":"es","@id":"https:\/\/www.nexoinformativo.mx\/index.php\/2024\/11\/06\/diputada-tania-palacios-celebra-aprobacion-de-reforma-para-la-igualdad-sustantiva-ciudad-de-mexico\/#primaryimage","url":"https:\/\/www.nexoinformativo.mx\/wp-content\/uploads\/2024\/11\/PHOTO-2024-11-06-11-59-37-e1730917269898.jpg","contentUrl":"https:\/\/www.nexoinformativo.mx\/wp-content\/uploads\/2024\/11\/PHOTO-2024-11-06-11-59-37-e1730917269898.jpg","width":700,"height":466},{"@type":"BreadcrumbList","@id":"https:\/\/www.nexoinformativo.mx\/index.php\/2024\/11\/06\/diputada-tania-palacios-celebra-aprobacion-de-reforma-para-la-igualdad-sustantiva-ciudad-de-mexico\/#breadcrumb","itemListElement":[{"@type":"ListItem","position":1,"name":"Inicio","item":"https:\/\/www.nexoinformativo.mx\/"},{"@type":"ListItem","position":2,"name":"Diputada Tania Palacios celebra aprobaci\u00f3n de Reforma para la Igualdad Sustantiva Ciudad de M\u00e9xico"}]},{"@type":"WebSite","@id":"https:\/\/www.nexoinformativo.mx\/#website","url":"https:\/\/www.nexoinformativo.mx\/","name":"Nexo Informativo Santiago de Quer\u00e9taro","description":"Explora NexoInformativo y convi\u00e9rtete en parte de una comunidad que valora el conocimiento y la verdad. Tu nexoinformativo es tu puente hacia una comprensi\u00f3n m\u00e1s profunda del mundo que te rodea.","publisher":{"@id":"https:\/\/www.nexoinformativo.mx\/#organization"},"potentialAction":[{"@type":"SearchAction","target":{"@type":"EntryPoint","urlTemplate":"https:\/\/www.nexoinformativo.mx\/?s={search_term_string}"},"query-input":{"@type":"PropertyValueSpecification","valueRequired":true,"valueName":"search_term_string"}}],"inLanguage":"es"},{"@type":"Organization","@id":"https:\/\/www.nexoinformativo.mx\/#organization","name":"Nexo Informativo Santiago de Quer\u00e9taro","url":"https:\/\/www.nexoinformativo.mx\/","logo":{"@type":"ImageObject","inLanguage":"es","@id":"https:\/\/www.nexoinformativo.mx\/#\/schema\/logo\/image\/","url":"https:\/\/www.nexoinformativo.mx\/wp-content\/uploads\/2024\/07\/nexoi-trasparente-2.png","contentUrl":"https:\/\/www.nexoinformativo.mx\/wp-content\/uploads\/2024\/07\/nexoi-trasparente-2.png","width":816,"height":339,"caption":"Nexo Informativo Santiago de Quer\u00e9taro"},"image":{"@id":"https:\/\/www.nexoinformativo.mx\/#\/schema\/logo\/image\/"},"sameAs":["https:\/\/www.facebook.com\/people\/Nexo-Informativo\/61564066885511\/"]},{"@type":"Person","@id":"https:\/\/www.nexoinformativo.mx\/#\/schema\/person\/7749d380ba08c8ca00d7bc76fd907b7d","name":"Nexo Informativo","image":{"@type":"ImageObject","inLanguage":"es","@id":"https:\/\/www.nexoinformativo.mx\/#\/schema\/person\/image\/","url":"https:\/\/secure.gravatar.com\/avatar\/dde2928154642a13d95f87ddf1ea9718fe2b46760a005c53e41ff5ad610704e6?s=96&d=mm&r=g","contentUrl":"https:\/\/secure.gravatar.com\/avatar\/dde2928154642a13d95f87ddf1ea9718fe2b46760a005c53e41ff5ad610704e6?s=96&d=mm&r=g","caption":"Nexo Informativo"},"url":"https:\/\/www.nexoinformativo.mx\/index.php\/author\/edicion\/"}]}},"_links":{"self":[{"href":"https:\/\/www.nexoinformativo.mx\/index.php\/wp-json\/wp\/v2\/posts\/5470","targetHints":{"allow":["GET"]}}],"collection":[{"href":"https:\/\/www.nexoinformativo.mx\/index.php\/wp-json\/wp\/v2\/posts"}],"about":[{"href":"https:\/\/www.nexoinformativo.mx\/index.php\/wp-json\/wp\/v2\/types\/post"}],"author":[{"embeddable":true,"href":"https:\/\/www.nexoinformativo.mx\/index.php\/wp-json\/wp\/v2\/users\/3"}],"replies":[{"embeddable":true,"href":"https:\/\/www.nexoinformativo.mx\/index.php\/wp-json\/wp\/v2\/comments?post=5470"}],"version-history":[{"count":3,"href":"https:\/\/www.nexoinformativo.mx\/index.php\/wp-json\/wp\/v2\/posts\/5470\/revisions"}],"predecessor-version":[{"id":5473,"href":"https:\/\/www.nexoinformativo.mx\/index.php\/wp-json\/wp\/v2\/posts\/5470\/revisions\/5473"}],"wp:featuredmedia":[{"embeddable":true,"href":"https:\/\/www.nexoinformativo.mx\/index.php\/wp-json\/wp\/v2\/media\/5471"}],"wp:attachment":[{"href":"https:\/\/www.nexoinformativo.mx\/index.php\/wp-json\/wp\/v2\/media?parent=5470"}],"wp:term":[{"taxonomy":"category","embeddable":true,"href":"https:\/\/www.nexoinformativo.mx\/index.php\/wp-json\/wp\/v2\/categories?post=5470"},{"taxonomy":"post_tag","embeddable":true,"href":"https:\/\/www.nexoinformativo.mx\/index.php\/wp-json\/wp\/v2\/tags?post=5470"}],"curies":[{"name":"wp","href":"https:\/\/api.w.org\/{rel}","templated":true}]}}