{"id":5482,"date":"2024-11-06T12:30:23","date_gmt":"2024-11-06T18:30:23","guid":{"rendered":"https:\/\/www.nexoinformativo.mx\/?p=5482"},"modified":"2024-11-06T13:55:53","modified_gmt":"2024-11-06T19:55:53","slug":"atencion-empresas-secretaria-del-trabajo-sensibiliza-sobre-el-pago-puntual-del-aguinaldo","status":"publish","type":"post","link":"https:\/\/www.nexoinformativo.mx\/index.php\/2024\/11\/06\/atencion-empresas-secretaria-del-trabajo-sensibiliza-sobre-el-pago-puntual-del-aguinaldo\/","title":{"rendered":"\u00a1Atenci\u00f3n, empresas! Secretar\u00eda del Trabajo sensibiliza sobre el pago puntual del aguinaldo"},"content":{"rendered":"<p style=\"text-align: justify;\" data-sourcepos=\"7:1-7:228\">La Secretar\u00eda del Trabajo del estado de Quer\u00e9taro, encabezada por Liliana San Mart\u00edn Castillo, ha iniciado una campa\u00f1a para recordar a las empresas la importancia de cumplir con el pago puntual del aguinaldo a sus trabajadores.<\/p>\n<p>&nbsp;<\/p>\n<p style=\"text-align: justify;\" data-sourcepos=\"9:1-9:235\">A pesar de que el cumplimiento de esta obligaci\u00f3n en la entidad es elevado, la funcionaria destac\u00f3 la necesidad de mantener acciones de sensibilizaci\u00f3n para garantizar que todos los trabajadores reciban su aguinaldo de manera oportuna.<\/p>\n<p>&nbsp;<\/p>\n<p style=\"text-align: justify;\" data-sourcepos=\"11:1-11:262\"><strong>&#8220;La Ley Federal del Trabajo establece claramente que la fecha l\u00edmite para el pago del aguinaldo es el 20 de diciembre&#8221;<\/strong>, record\u00f3 San Mart\u00edn Castillo. Sin embargo, reconoci\u00f3 que muchos trabajadores y empresas establecen acuerdos para adelantar este pago.<\/p>\n<p>&nbsp;<\/p>\n<p style=\"text-align: justify;\" data-sourcepos=\"13:1-13:215\">La Secretar\u00eda del Trabajo se mantiene atenta para atender cualquier denuncia relacionada con el incumplimiento de esta prestaci\u00f3n laboral y garantizar que los derechos de los trabajadores queretanos sean respetados.<\/p>\n<p>&nbsp;<\/p>\n<p style=\"text-align: center;\" data-sourcepos=\"13:1-13:215\"><em><strong>\u00a1Informaci\u00f3n que transforma!<\/strong><\/em><\/p>\n","protected":false},"excerpt":{"rendered":"<p>La Secretar\u00eda del Trabajo del estado de Quer\u00e9taro, encabezada por Liliana San Mart\u00edn Castillo, ha iniciado una campa\u00f1a para recordar a las empresas la importancia de cumplir con el pago puntual del aguinaldo a sus trabajadores.<\/p>\n","protected":false},"author":3,"featured_media":5483,"comment_status":"open","ping_status":"open","sticky":false,"template":"","format":"standard","meta":{"footnotes":""},"categories":[42,58],"tags":[1895,1511,1733,133,1896],"class_list":["post-5482","post","type-post","status-publish","format-standard","has-post-thumbnail","hentry","category-estado","category-ultima-hora","tag-aguinaldo2023","tag-derechoslaborales","tag-empleo","tag-queretaro","tag-secretariadeltrabajo"],"yoast_head":"<!-- This site is optimized with the Yoast SEO plugin v25.0 - https:\/\/yoast.com\/wordpress\/plugins\/seo\/ -->\n<title>\u00a1Atenci\u00f3n, empresas! Secretar\u00eda del Trabajo sensibiliza sobre el pago puntual del aguinaldo | Nexo Informativo Santiago de Quer\u00e9taro<\/title>\n<meta name=\"description\" content=\"\u00a1Atenci\u00f3n, empresas! Secretar\u00eda del Trabajo sensibiliza sobre el pago puntual del aguinaldo\" \/>\n<meta name=\"robots\" content=\"index, follow, max-snippet:-1, max-image-preview:large, max-video-preview:-1\" \/>\n<link rel=\"canonical\" href=\"https:\/\/www.nexoinformativo.mx\/index.php\/2024\/11\/06\/atencion-empresas-secretaria-del-trabajo-sensibiliza-sobre-el-pago-puntual-del-aguinaldo\/\" \/>\n<meta property=\"og:locale\" content=\"es_MX\" \/>\n<meta property=\"og:type\" content=\"article\" \/>\n<meta property=\"og:title\" content=\"\u00a1Atenci\u00f3n, empresas! Secretar\u00eda del Trabajo sensibiliza sobre el pago puntual del aguinaldo | Nexo Informativo Santiago de Quer\u00e9taro\" \/>\n<meta property=\"og:description\" content=\"\u00a1Atenci\u00f3n, empresas! Secretar\u00eda del Trabajo sensibiliza sobre el pago puntual del aguinaldo\" \/>\n<meta property=\"og:url\" content=\"https:\/\/www.nexoinformativo.mx\/index.php\/2024\/11\/06\/atencion-empresas-secretaria-del-trabajo-sensibiliza-sobre-el-pago-puntual-del-aguinaldo\/\" \/>\n<meta property=\"og:site_name\" content=\"Nexo Informativo Santiago de Quer\u00e9taro\" \/>\n<meta property=\"article:publisher\" content=\"https:\/\/www.facebook.com\/people\/Nexo-Informativo\/61564066885511\/\" \/>\n<meta property=\"article:published_time\" content=\"2024-11-06T18:30:23+00:00\" \/>\n<meta property=\"article:modified_time\" content=\"2024-11-06T19:55:53+00:00\" \/>\n<meta property=\"og:image\" content=\"https:\/\/www.nexoinformativo.mx\/wp-content\/uploads\/2024\/11\/PHOTO-2024-11-06-13-33-46-e1730922895166.jpg\" \/>\n\t<meta property=\"og:image:width\" content=\"700\" \/>\n\t<meta property=\"og:image:height\" content=\"696\" \/>\n\t<meta property=\"og:image:type\" content=\"image\/jpeg\" \/>\n<meta name=\"author\" content=\"Nexo Informativo\" \/>\n<meta name=\"twitter:card\" content=\"summary_large_image\" \/>\n<meta name=\"twitter:label1\" content=\"Escrito por\" \/>\n\t<meta name=\"twitter:data1\" content=\"Nexo Informativo\" \/>\n\t<meta name=\"twitter:label2\" content=\"Tiempo de lectura\" \/>\n\t<meta name=\"twitter:data2\" content=\"1 minuto\" \/>\n<script type=\"application\/ld+json\" class=\"yoast-schema-graph\">{\"@context\":\"https:\/\/schema.org\",\"@graph\":[{\"@type\":\"Article\",\"@id\":\"https:\/\/www.nexoinformativo.mx\/index.php\/2024\/11\/06\/atencion-empresas-secretaria-del-trabajo-sensibiliza-sobre-el-pago-puntual-del-aguinaldo\/#article\",\"isPartOf\":{\"@id\":\"https:\/\/www.nexoinformativo.mx\/index.php\/2024\/11\/06\/atencion-empresas-secretaria-del-trabajo-sensibiliza-sobre-el-pago-puntual-del-aguinaldo\/\"},\"author\":{\"name\":\"Nexo Informativo\",\"@id\":\"https:\/\/www.nexoinformativo.mx\/#\/schema\/person\/7749d380ba08c8ca00d7bc76fd907b7d\"},\"headline\":\"\u00a1Atenci\u00f3n, empresas! Secretar\u00eda del Trabajo sensibiliza sobre el pago puntual del aguinaldo\",\"datePublished\":\"2024-11-06T18:30:23+00:00\",\"dateModified\":\"2024-11-06T19:55:53+00:00\",\"mainEntityOfPage\":{\"@id\":\"https:\/\/www.nexoinformativo.mx\/index.php\/2024\/11\/06\/atencion-empresas-secretaria-del-trabajo-sensibiliza-sobre-el-pago-puntual-del-aguinaldo\/\"},\"wordCount\":172,\"commentCount\":0,\"publisher\":{\"@id\":\"https:\/\/www.nexoinformativo.mx\/#organization\"},\"image\":{\"@id\":\"https:\/\/www.nexoinformativo.mx\/index.php\/2024\/11\/06\/atencion-empresas-secretaria-del-trabajo-sensibiliza-sobre-el-pago-puntual-del-aguinaldo\/#primaryimage\"},\"thumbnailUrl\":\"https:\/\/www.nexoinformativo.mx\/wp-content\/uploads\/2024\/11\/PHOTO-2024-11-06-13-33-46-e1730922895166.jpg\",\"keywords\":[\"Aguinaldo2023\",\"DerechosLaborales\",\"Empleo\",\"Quer\u00e9taro\",\"Secretar\u00edaDelTrabajo\"],\"articleSection\":[\"Estado\",\"\u00daltima Hora\"],\"inLanguage\":\"es\",\"potentialAction\":[{\"@type\":\"CommentAction\",\"name\":\"Comment\",\"target\":[\"https:\/\/www.nexoinformativo.mx\/index.php\/2024\/11\/06\/atencion-empresas-secretaria-del-trabajo-sensibiliza-sobre-el-pago-puntual-del-aguinaldo\/#respond\"]}]},{\"@type\":\"WebPage\",\"@id\":\"https:\/\/www.nexoinformativo.mx\/index.php\/2024\/11\/06\/atencion-empresas-secretaria-del-trabajo-sensibiliza-sobre-el-pago-puntual-del-aguinaldo\/\",\"url\":\"https:\/\/www.nexoinformativo.mx\/index.php\/2024\/11\/06\/atencion-empresas-secretaria-del-trabajo-sensibiliza-sobre-el-pago-puntual-del-aguinaldo\/\",\"name\":\"\u00a1Atenci\u00f3n, empresas! Secretar\u00eda del Trabajo sensibiliza sobre el pago puntual del aguinaldo | Nexo Informativo Santiago de Quer\u00e9taro\",\"isPartOf\":{\"@id\":\"https:\/\/www.nexoinformativo.mx\/#website\"},\"primaryImageOfPage\":{\"@id\":\"https:\/\/www.nexoinformativo.mx\/index.php\/2024\/11\/06\/atencion-empresas-secretaria-del-trabajo-sensibiliza-sobre-el-pago-puntual-del-aguinaldo\/#primaryimage\"},\"image\":{\"@id\":\"https:\/\/www.nexoinformativo.mx\/index.php\/2024\/11\/06\/atencion-empresas-secretaria-del-trabajo-sensibiliza-sobre-el-pago-puntual-del-aguinaldo\/#primaryimage\"},\"thumbnailUrl\":\"https:\/\/www.nexoinformativo.mx\/wp-content\/uploads\/2024\/11\/PHOTO-2024-11-06-13-33-46-e1730922895166.jpg\",\"datePublished\":\"2024-11-06T18:30:23+00:00\",\"dateModified\":\"2024-11-06T19:55:53+00:00\",\"description\":\"\u00a1Atenci\u00f3n, empresas! Secretar\u00eda del Trabajo sensibiliza sobre el pago puntual del aguinaldo\",\"breadcrumb\":{\"@id\":\"https:\/\/www.nexoinformativo.mx\/index.php\/2024\/11\/06\/atencion-empresas-secretaria-del-trabajo-sensibiliza-sobre-el-pago-puntual-del-aguinaldo\/#breadcrumb\"},\"inLanguage\":\"es\",\"potentialAction\":[{\"@type\":\"ReadAction\",\"target\":[\"https:\/\/www.nexoinformativo.mx\/index.php\/2024\/11\/06\/atencion-empresas-secretaria-del-trabajo-sensibiliza-sobre-el-pago-puntual-del-aguinaldo\/\"]}]},{\"@type\":\"ImageObject\",\"inLanguage\":\"es\",\"@id\":\"https:\/\/www.nexoinformativo.mx\/index.php\/2024\/11\/06\/atencion-empresas-secretaria-del-trabajo-sensibiliza-sobre-el-pago-puntual-del-aguinaldo\/#primaryimage\",\"url\":\"https:\/\/www.nexoinformativo.mx\/wp-content\/uploads\/2024\/11\/PHOTO-2024-11-06-13-33-46-e1730922895166.jpg\",\"contentUrl\":\"https:\/\/www.nexoinformativo.mx\/wp-content\/uploads\/2024\/11\/PHOTO-2024-11-06-13-33-46-e1730922895166.jpg\",\"width\":700,\"height\":696},{\"@type\":\"BreadcrumbList\",\"@id\":\"https:\/\/www.nexoinformativo.mx\/index.php\/2024\/11\/06\/atencion-empresas-secretaria-del-trabajo-sensibiliza-sobre-el-pago-puntual-del-aguinaldo\/#breadcrumb\",\"itemListElement\":[{\"@type\":\"ListItem\",\"position\":1,\"name\":\"Inicio\",\"item\":\"https:\/\/www.nexoinformativo.mx\/\"},{\"@type\":\"ListItem\",\"position\":2,\"name\":\"\u00a1Atenci\u00f3n, empresas! Secretar\u00eda del Trabajo sensibiliza sobre el pago puntual del aguinaldo\"}]},{\"@type\":\"WebSite\",\"@id\":\"https:\/\/www.nexoinformativo.mx\/#website\",\"url\":\"https:\/\/www.nexoinformativo.mx\/\",\"name\":\"Nexo Informativo Santiago de Quer\u00e9taro\",\"description\":\"Explora NexoInformativo y convi\u00e9rtete en parte de una comunidad que valora el conocimiento y la verdad. Tu nexoinformativo es tu puente hacia una comprensi\u00f3n m\u00e1s profunda del mundo que te rodea.\",\"publisher\":{\"@id\":\"https:\/\/www.nexoinformativo.mx\/#organization\"},\"potentialAction\":[{\"@type\":\"SearchAction\",\"target\":{\"@type\":\"EntryPoint\",\"urlTemplate\":\"https:\/\/www.nexoinformativo.mx\/?s={search_term_string}\"},\"query-input\":{\"@type\":\"PropertyValueSpecification\",\"valueRequired\":true,\"valueName\":\"search_term_string\"}}],\"inLanguage\":\"es\"},{\"@type\":\"Organization\",\"@id\":\"https:\/\/www.nexoinformativo.mx\/#organization\",\"name\":\"Nexo Informativo Santiago de Quer\u00e9taro\",\"url\":\"https:\/\/www.nexoinformativo.mx\/\",\"logo\":{\"@type\":\"ImageObject\",\"inLanguage\":\"es\",\"@id\":\"https:\/\/www.nexoinformativo.mx\/#\/schema\/logo\/image\/\",\"url\":\"https:\/\/www.nexoinformativo.mx\/wp-content\/uploads\/2024\/07\/nexoi-trasparente-2.png\",\"contentUrl\":\"https:\/\/www.nexoinformativo.mx\/wp-content\/uploads\/2024\/07\/nexoi-trasparente-2.png\",\"width\":816,\"height\":339,\"caption\":\"Nexo Informativo Santiago de Quer\u00e9taro\"},\"image\":{\"@id\":\"https:\/\/www.nexoinformativo.mx\/#\/schema\/logo\/image\/\"},\"sameAs\":[\"https:\/\/www.facebook.com\/people\/Nexo-Informativo\/61564066885511\/\"]},{\"@type\":\"Person\",\"@id\":\"https:\/\/www.nexoinformativo.mx\/#\/schema\/person\/7749d380ba08c8ca00d7bc76fd907b7d\",\"name\":\"Nexo Informativo\",\"image\":{\"@type\":\"ImageObject\",\"inLanguage\":\"es\",\"@id\":\"https:\/\/www.nexoinformativo.mx\/#\/schema\/person\/image\/\",\"url\":\"https:\/\/secure.gravatar.com\/avatar\/dde2928154642a13d95f87ddf1ea9718fe2b46760a005c53e41ff5ad610704e6?s=96&d=mm&r=g\",\"contentUrl\":\"https:\/\/secure.gravatar.com\/avatar\/dde2928154642a13d95f87ddf1ea9718fe2b46760a005c53e41ff5ad610704e6?s=96&d=mm&r=g\",\"caption\":\"Nexo Informativo\"},\"url\":\"https:\/\/www.nexoinformativo.mx\/index.php\/author\/edicion\/\"}]}<\/script>\n<!-- \/ Yoast SEO plugin. -->","yoast_head_json":{"title":"\u00a1Atenci\u00f3n, empresas! Secretar\u00eda del Trabajo sensibiliza sobre el pago puntual del aguinaldo | Nexo Informativo Santiago de Quer\u00e9taro","description":"\u00a1Atenci\u00f3n, empresas! Secretar\u00eda del Trabajo sensibiliza sobre el pago puntual del aguinaldo","robots":{"index":"index","follow":"follow","max-snippet":"max-snippet:-1","max-image-preview":"max-image-preview:large","max-video-preview":"max-video-preview:-1"},"canonical":"https:\/\/www.nexoinformativo.mx\/index.php\/2024\/11\/06\/atencion-empresas-secretaria-del-trabajo-sensibiliza-sobre-el-pago-puntual-del-aguinaldo\/","og_locale":"es_MX","og_type":"article","og_title":"\u00a1Atenci\u00f3n, empresas! Secretar\u00eda del Trabajo sensibiliza sobre el pago puntual del aguinaldo | Nexo Informativo Santiago de Quer\u00e9taro","og_description":"\u00a1Atenci\u00f3n, empresas! Secretar\u00eda del Trabajo sensibiliza sobre el pago puntual del aguinaldo","og_url":"https:\/\/www.nexoinformativo.mx\/index.php\/2024\/11\/06\/atencion-empresas-secretaria-del-trabajo-sensibiliza-sobre-el-pago-puntual-del-aguinaldo\/","og_site_name":"Nexo Informativo Santiago de Quer\u00e9taro","article_publisher":"https:\/\/www.facebook.com\/people\/Nexo-Informativo\/61564066885511\/","article_published_time":"2024-11-06T18:30:23+00:00","article_modified_time":"2024-11-06T19:55:53+00:00","og_image":[{"width":700,"height":696,"url":"https:\/\/www.nexoinformativo.mx\/wp-content\/uploads\/2024\/11\/PHOTO-2024-11-06-13-33-46-e1730922895166.jpg","type":"image\/jpeg"}],"author":"Nexo Informativo","twitter_card":"summary_large_image","twitter_misc":{"Escrito por":"Nexo Informativo","Tiempo de lectura":"1 minuto"},"schema":{"@context":"https:\/\/schema.org","@graph":[{"@type":"Article","@id":"https:\/\/www.nexoinformativo.mx\/index.php\/2024\/11\/06\/atencion-empresas-secretaria-del-trabajo-sensibiliza-sobre-el-pago-puntual-del-aguinaldo\/#article","isPartOf":{"@id":"https:\/\/www.nexoinformativo.mx\/index.php\/2024\/11\/06\/atencion-empresas-secretaria-del-trabajo-sensibiliza-sobre-el-pago-puntual-del-aguinaldo\/"},"author":{"name":"Nexo Informativo","@id":"https:\/\/www.nexoinformativo.mx\/#\/schema\/person\/7749d380ba08c8ca00d7bc76fd907b7d"},"headline":"\u00a1Atenci\u00f3n, empresas! Secretar\u00eda del Trabajo sensibiliza sobre el pago puntual del aguinaldo","datePublished":"2024-11-06T18:30:23+00:00","dateModified":"2024-11-06T19:55:53+00:00","mainEntityOfPage":{"@id":"https:\/\/www.nexoinformativo.mx\/index.php\/2024\/11\/06\/atencion-empresas-secretaria-del-trabajo-sensibiliza-sobre-el-pago-puntual-del-aguinaldo\/"},"wordCount":172,"commentCount":0,"publisher":{"@id":"https:\/\/www.nexoinformativo.mx\/#organization"},"image":{"@id":"https:\/\/www.nexoinformativo.mx\/index.php\/2024\/11\/06\/atencion-empresas-secretaria-del-trabajo-sensibiliza-sobre-el-pago-puntual-del-aguinaldo\/#primaryimage"},"thumbnailUrl":"https:\/\/www.nexoinformativo.mx\/wp-content\/uploads\/2024\/11\/PHOTO-2024-11-06-13-33-46-e1730922895166.jpg","keywords":["Aguinaldo2023","DerechosLaborales","Empleo","Quer\u00e9taro","Secretar\u00edaDelTrabajo"],"articleSection":["Estado","\u00daltima Hora"],"inLanguage":"es","potentialAction":[{"@type":"CommentAction","name":"Comment","target":["https:\/\/www.nexoinformativo.mx\/index.php\/2024\/11\/06\/atencion-empresas-secretaria-del-trabajo-sensibiliza-sobre-el-pago-puntual-del-aguinaldo\/#respond"]}]},{"@type":"WebPage","@id":"https:\/\/www.nexoinformativo.mx\/index.php\/2024\/11\/06\/atencion-empresas-secretaria-del-trabajo-sensibiliza-sobre-el-pago-puntual-del-aguinaldo\/","url":"https:\/\/www.nexoinformativo.mx\/index.php\/2024\/11\/06\/atencion-empresas-secretaria-del-trabajo-sensibiliza-sobre-el-pago-puntual-del-aguinaldo\/","name":"\u00a1Atenci\u00f3n, empresas! Secretar\u00eda del Trabajo sensibiliza sobre el pago puntual del aguinaldo | Nexo Informativo Santiago de Quer\u00e9taro","isPartOf":{"@id":"https:\/\/www.nexoinformativo.mx\/#website"},"primaryImageOfPage":{"@id":"https:\/\/www.nexoinformativo.mx\/index.php\/2024\/11\/06\/atencion-empresas-secretaria-del-trabajo-sensibiliza-sobre-el-pago-puntual-del-aguinaldo\/#primaryimage"},"image":{"@id":"https:\/\/www.nexoinformativo.mx\/index.php\/2024\/11\/06\/atencion-empresas-secretaria-del-trabajo-sensibiliza-sobre-el-pago-puntual-del-aguinaldo\/#primaryimage"},"thumbnailUrl":"https:\/\/www.nexoinformativo.mx\/wp-content\/uploads\/2024\/11\/PHOTO-2024-11-06-13-33-46-e1730922895166.jpg","datePublished":"2024-11-06T18:30:23+00:00","dateModified":"2024-11-06T19:55:53+00:00","description":"\u00a1Atenci\u00f3n, empresas! Secretar\u00eda del Trabajo sensibiliza sobre el pago puntual del aguinaldo","breadcrumb":{"@id":"https:\/\/www.nexoinformativo.mx\/index.php\/2024\/11\/06\/atencion-empresas-secretaria-del-trabajo-sensibiliza-sobre-el-pago-puntual-del-aguinaldo\/#breadcrumb"},"inLanguage":"es","potentialAction":[{"@type":"ReadAction","target":["https:\/\/www.nexoinformativo.mx\/index.php\/2024\/11\/06\/atencion-empresas-secretaria-del-trabajo-sensibiliza-sobre-el-pago-puntual-del-aguinaldo\/"]}]},{"@type":"ImageObject","inLanguage":"es","@id":"https:\/\/www.nexoinformativo.mx\/index.php\/2024\/11\/06\/atencion-empresas-secretaria-del-trabajo-sensibiliza-sobre-el-pago-puntual-del-aguinaldo\/#primaryimage","url":"https:\/\/www.nexoinformativo.mx\/wp-content\/uploads\/2024\/11\/PHOTO-2024-11-06-13-33-46-e1730922895166.jpg","contentUrl":"https:\/\/www.nexoinformativo.mx\/wp-content\/uploads\/2024\/11\/PHOTO-2024-11-06-13-33-46-e1730922895166.jpg","width":700,"height":696},{"@type":"BreadcrumbList","@id":"https:\/\/www.nexoinformativo.mx\/index.php\/2024\/11\/06\/atencion-empresas-secretaria-del-trabajo-sensibiliza-sobre-el-pago-puntual-del-aguinaldo\/#breadcrumb","itemListElement":[{"@type":"ListItem","position":1,"name":"Inicio","item":"https:\/\/www.nexoinformativo.mx\/"},{"@type":"ListItem","position":2,"name":"\u00a1Atenci\u00f3n, empresas! Secretar\u00eda del Trabajo sensibiliza sobre el pago puntual del aguinaldo"}]},{"@type":"WebSite","@id":"https:\/\/www.nexoinformativo.mx\/#website","url":"https:\/\/www.nexoinformativo.mx\/","name":"Nexo Informativo Santiago de Quer\u00e9taro","description":"Explora NexoInformativo y convi\u00e9rtete en parte de una comunidad que valora el conocimiento y la verdad. Tu nexoinformativo es tu puente hacia una comprensi\u00f3n m\u00e1s profunda del mundo que te rodea.","publisher":{"@id":"https:\/\/www.nexoinformativo.mx\/#organization"},"potentialAction":[{"@type":"SearchAction","target":{"@type":"EntryPoint","urlTemplate":"https:\/\/www.nexoinformativo.mx\/?s={search_term_string}"},"query-input":{"@type":"PropertyValueSpecification","valueRequired":true,"valueName":"search_term_string"}}],"inLanguage":"es"},{"@type":"Organization","@id":"https:\/\/www.nexoinformativo.mx\/#organization","name":"Nexo Informativo Santiago de Quer\u00e9taro","url":"https:\/\/www.nexoinformativo.mx\/","logo":{"@type":"ImageObject","inLanguage":"es","@id":"https:\/\/www.nexoinformativo.mx\/#\/schema\/logo\/image\/","url":"https:\/\/www.nexoinformativo.mx\/wp-content\/uploads\/2024\/07\/nexoi-trasparente-2.png","contentUrl":"https:\/\/www.nexoinformativo.mx\/wp-content\/uploads\/2024\/07\/nexoi-trasparente-2.png","width":816,"height":339,"caption":"Nexo Informativo Santiago de Quer\u00e9taro"},"image":{"@id":"https:\/\/www.nexoinformativo.mx\/#\/schema\/logo\/image\/"},"sameAs":["https:\/\/www.facebook.com\/people\/Nexo-Informativo\/61564066885511\/"]},{"@type":"Person","@id":"https:\/\/www.nexoinformativo.mx\/#\/schema\/person\/7749d380ba08c8ca00d7bc76fd907b7d","name":"Nexo Informativo","image":{"@type":"ImageObject","inLanguage":"es","@id":"https:\/\/www.nexoinformativo.mx\/#\/schema\/person\/image\/","url":"https:\/\/secure.gravatar.com\/avatar\/dde2928154642a13d95f87ddf1ea9718fe2b46760a005c53e41ff5ad610704e6?s=96&d=mm&r=g","contentUrl":"https:\/\/secure.gravatar.com\/avatar\/dde2928154642a13d95f87ddf1ea9718fe2b46760a005c53e41ff5ad610704e6?s=96&d=mm&r=g","caption":"Nexo Informativo"},"url":"https:\/\/www.nexoinformativo.mx\/index.php\/author\/edicion\/"}]}},"_links":{"self":[{"href":"https:\/\/www.nexoinformativo.mx\/index.php\/wp-json\/wp\/v2\/posts\/5482","targetHints":{"allow":["GET"]}}],"collection":[{"href":"https:\/\/www.nexoinformativo.mx\/index.php\/wp-json\/wp\/v2\/posts"}],"about":[{"href":"https:\/\/www.nexoinformativo.mx\/index.php\/wp-json\/wp\/v2\/types\/post"}],"author":[{"embeddable":true,"href":"https:\/\/www.nexoinformativo.mx\/index.php\/wp-json\/wp\/v2\/users\/3"}],"replies":[{"embeddable":true,"href":"https:\/\/www.nexoinformativo.mx\/index.php\/wp-json\/wp\/v2\/comments?post=5482"}],"version-history":[{"count":3,"href":"https:\/\/www.nexoinformativo.mx\/index.php\/wp-json\/wp\/v2\/posts\/5482\/revisions"}],"predecessor-version":[{"id":5486,"href":"https:\/\/www.nexoinformativo.mx\/index.php\/wp-json\/wp\/v2\/posts\/5482\/revisions\/5486"}],"wp:featuredmedia":[{"embeddable":true,"href":"https:\/\/www.nexoinformativo.mx\/index.php\/wp-json\/wp\/v2\/media\/5483"}],"wp:attachment":[{"href":"https:\/\/www.nexoinformativo.mx\/index.php\/wp-json\/wp\/v2\/media?parent=5482"}],"wp:term":[{"taxonomy":"category","embeddable":true,"href":"https:\/\/www.nexoinformativo.mx\/index.php\/wp-json\/wp\/v2\/categories?post=5482"},{"taxonomy":"post_tag","embeddable":true,"href":"https:\/\/www.nexoinformativo.mx\/index.php\/wp-json\/wp\/v2\/tags?post=5482"}],"curies":[{"name":"wp","href":"https:\/\/api.w.org\/{rel}","templated":true}]}}