{"id":5487,"date":"2024-11-06T13:00:57","date_gmt":"2024-11-06T19:00:57","guid":{"rendered":"https:\/\/www.nexoinformativo.mx\/?p=5487"},"modified":"2024-11-06T14:02:06","modified_gmt":"2024-11-06T20:02:06","slug":"felifer-macias-destaca-transicion-ordenada-y-compromiso-con-queretaro-una-administracion-solida-para-un-gobierno-mejor","status":"publish","type":"post","link":"https:\/\/www.nexoinformativo.mx\/index.php\/2024\/11\/06\/felifer-macias-destaca-transicion-ordenada-y-compromiso-con-queretaro-una-administracion-solida-para-un-gobierno-mejor\/","title":{"rendered":"Felifer Mac\u00edas destaca transici\u00f3n ordenada y compromiso con Quer\u00e9taro: &#8220;Una administraci\u00f3n s\u00f3lida para un gobierno mejor&#8221;"},"content":{"rendered":"<p style=\"text-align: justify;\" data-sourcepos=\"5:1-5:293\">El nuevo presidente municipal de Quer\u00e9taro, Felifer Mac\u00edas, resalt\u00f3 la transparencia y eficiencia en el proceso de entrega-recepci\u00f3n de la administraci\u00f3n municipal, lo que ha permitido iniciar su gesti\u00f3n con finanzas sanas y un compromiso firme de mejorar la calidad de vida de los queretanos.<\/p>\n<p>&nbsp;<\/p>\n<p style=\"text-align: justify;\" data-sourcepos=\"7:1-7:235\"><strong>&#8220;Agradezco al alcalde saliente, Luis Nava, por la disposici\u00f3n y transparencia en este proceso&#8221;<\/strong>, expres\u00f3 Mac\u00edas. &#8220;Recibimos una administraci\u00f3n s\u00f3lida, pero seguiremos trabajando para construir un gobierno a\u00fan mejor&#8221;.<\/p>\n<p>&nbsp;<\/p>\n<p style=\"text-align: justify;\" data-sourcepos=\"9:1-9:366\">El secretario de Finanzas, Carlos Le\u00f3n, corrobor\u00f3 la ordenada y transparente entrega-recepci\u00f3n, destacando que el nuevo equipo ya cuenta con toda la informaci\u00f3n necesaria para iniciar sus labores. Adem\u00e1s, anunci\u00f3 una campa\u00f1a especial de descuentos en el pago del impuesto predial para facilitar la regularizaci\u00f3n de las cuentas y fortalecer las finanzas municipales.<\/p>\n<p>&nbsp;<\/p>\n<p style=\"text-align: justify;\" data-sourcepos=\"11:1-11:147\"><strong>&#8220;Con esta campa\u00f1a, buscamos apoyar a los contribuyentes y al mismo tiempo asegurar la estabilidad financiera del municipio&#8221;<\/strong>, se\u00f1al\u00f3 Le\u00f3n.<\/p>\n<p>&nbsp;<\/p>\n<p style=\"text-align: justify;\" data-sourcepos=\"13:1-13:176\">El alcalde Felifer Mac\u00edas enfatiz\u00f3 que su administraci\u00f3n se centrar\u00e1 en mejorar los servicios p\u00fablicos, fortalecer la seguridad y promover el desarrollo econ\u00f3mico de Quer\u00e9taro.<\/p>\n<p>&nbsp;<\/p>\n<p style=\"text-align: center;\" data-sourcepos=\"13:1-13:176\"><em><strong>\u00a1Informaci\u00f3n que transforma!<\/strong><\/em><\/p>\n","protected":false},"excerpt":{"rendered":"<p>El nuevo presidente municipal de Quer\u00e9taro, Felifer Mac\u00edas, resalt\u00f3 la transparencia y eficiencia en el proceso de entrega-recepci\u00f3n de la administraci\u00f3n municipal.<\/p>\n","protected":false},"author":3,"featured_media":5491,"comment_status":"open","ping_status":"open","sticky":false,"template":"","format":"standard","meta":{"footnotes":""},"categories":[65,58],"tags":[1898,1899,133,1897],"class_list":["post-5487","post","type-post","status-publish","format-standard","has-post-thumbnail","hentry","category-municipios","category-ultima-hora","tag-finanzassanas","tag-mejorgobierno","tag-queretaro","tag-transicionmunicipal"],"yoast_head":"<!-- This site is optimized with the Yoast SEO plugin v25.0 - https:\/\/yoast.com\/wordpress\/plugins\/seo\/ -->\n<title>Felifer Mac\u00edas destaca transici\u00f3n ordenada y compromiso con Quer\u00e9taro: &quot;Una administraci\u00f3n s\u00f3lida para un gobierno mejor&quot; | Nexo Informativo Santiago de Quer\u00e9taro<\/title>\n<meta name=\"description\" content=\"Felifer Mac\u00edas destaca transici\u00f3n ordenada y compromiso con Quer\u00e9taro: &quot;Una administraci\u00f3n s\u00f3lida para un gobierno mejor&quot;\" \/>\n<meta name=\"robots\" content=\"index, follow, max-snippet:-1, max-image-preview:large, max-video-preview:-1\" \/>\n<link rel=\"canonical\" href=\"https:\/\/www.nexoinformativo.mx\/index.php\/2024\/11\/06\/felifer-macias-destaca-transicion-ordenada-y-compromiso-con-queretaro-una-administracion-solida-para-un-gobierno-mejor\/\" \/>\n<meta property=\"og:locale\" content=\"es_MX\" \/>\n<meta property=\"og:type\" content=\"article\" \/>\n<meta property=\"og:title\" content=\"Felifer Mac\u00edas destaca transici\u00f3n ordenada y compromiso con Quer\u00e9taro: &quot;Una administraci\u00f3n s\u00f3lida para un gobierno mejor&quot; | Nexo Informativo Santiago de Quer\u00e9taro\" \/>\n<meta property=\"og:description\" content=\"Felifer Mac\u00edas destaca transici\u00f3n ordenada y compromiso con Quer\u00e9taro: &quot;Una administraci\u00f3n s\u00f3lida para un gobierno mejor&quot;\" \/>\n<meta property=\"og:url\" content=\"https:\/\/www.nexoinformativo.mx\/index.php\/2024\/11\/06\/felifer-macias-destaca-transicion-ordenada-y-compromiso-con-queretaro-una-administracion-solida-para-un-gobierno-mejor\/\" \/>\n<meta property=\"og:site_name\" content=\"Nexo Informativo Santiago de Quer\u00e9taro\" \/>\n<meta property=\"article:publisher\" content=\"https:\/\/www.facebook.com\/people\/Nexo-Informativo\/61564066885511\/\" \/>\n<meta property=\"article:published_time\" content=\"2024-11-06T19:00:57+00:00\" \/>\n<meta property=\"article:modified_time\" content=\"2024-11-06T20:02:06+00:00\" \/>\n<meta property=\"og:image\" content=\"https:\/\/www.nexoinformativo.mx\/wp-content\/uploads\/2024\/11\/PHOTO-2024-11-06-13-35-23-e1730923315295.jpg\" \/>\n\t<meta property=\"og:image:width\" content=\"700\" \/>\n\t<meta property=\"og:image:height\" content=\"875\" \/>\n\t<meta property=\"og:image:type\" content=\"image\/jpeg\" \/>\n<meta name=\"author\" content=\"Nexo Informativo\" \/>\n<meta name=\"twitter:card\" content=\"summary_large_image\" \/>\n<meta name=\"twitter:label1\" content=\"Escrito por\" \/>\n\t<meta name=\"twitter:data1\" content=\"Nexo Informativo\" \/>\n\t<meta name=\"twitter:label2\" content=\"Tiempo de lectura\" \/>\n\t<meta name=\"twitter:data2\" content=\"2 minutos\" \/>\n<script type=\"application\/ld+json\" class=\"yoast-schema-graph\">{\"@context\":\"https:\/\/schema.org\",\"@graph\":[{\"@type\":\"Article\",\"@id\":\"https:\/\/www.nexoinformativo.mx\/index.php\/2024\/11\/06\/felifer-macias-destaca-transicion-ordenada-y-compromiso-con-queretaro-una-administracion-solida-para-un-gobierno-mejor\/#article\",\"isPartOf\":{\"@id\":\"https:\/\/www.nexoinformativo.mx\/index.php\/2024\/11\/06\/felifer-macias-destaca-transicion-ordenada-y-compromiso-con-queretaro-una-administracion-solida-para-un-gobierno-mejor\/\"},\"author\":{\"name\":\"Nexo Informativo\",\"@id\":\"https:\/\/www.nexoinformativo.mx\/#\/schema\/person\/7749d380ba08c8ca00d7bc76fd907b7d\"},\"headline\":\"Felifer Mac\u00edas destaca transici\u00f3n ordenada y compromiso con Quer\u00e9taro: &#8220;Una administraci\u00f3n s\u00f3lida para un gobierno mejor&#8221;\",\"datePublished\":\"2024-11-06T19:00:57+00:00\",\"dateModified\":\"2024-11-06T20:02:06+00:00\",\"mainEntityOfPage\":{\"@id\":\"https:\/\/www.nexoinformativo.mx\/index.php\/2024\/11\/06\/felifer-macias-destaca-transicion-ordenada-y-compromiso-con-queretaro-una-administracion-solida-para-un-gobierno-mejor\/\"},\"wordCount\":226,\"commentCount\":0,\"publisher\":{\"@id\":\"https:\/\/www.nexoinformativo.mx\/#organization\"},\"image\":{\"@id\":\"https:\/\/www.nexoinformativo.mx\/index.php\/2024\/11\/06\/felifer-macias-destaca-transicion-ordenada-y-compromiso-con-queretaro-una-administracion-solida-para-un-gobierno-mejor\/#primaryimage\"},\"thumbnailUrl\":\"https:\/\/www.nexoinformativo.mx\/wp-content\/uploads\/2024\/11\/PHOTO-2024-11-06-13-35-23-e1730923315295.jpg\",\"keywords\":[\"FinanzasSanas\",\"MejorGobierno\",\"Quer\u00e9taro\",\"Transici\u00f3nMunicipal\"],\"articleSection\":[\"Municipios\",\"\u00daltima Hora\"],\"inLanguage\":\"es\",\"potentialAction\":[{\"@type\":\"CommentAction\",\"name\":\"Comment\",\"target\":[\"https:\/\/www.nexoinformativo.mx\/index.php\/2024\/11\/06\/felifer-macias-destaca-transicion-ordenada-y-compromiso-con-queretaro-una-administracion-solida-para-un-gobierno-mejor\/#respond\"]}]},{\"@type\":\"WebPage\",\"@id\":\"https:\/\/www.nexoinformativo.mx\/index.php\/2024\/11\/06\/felifer-macias-destaca-transicion-ordenada-y-compromiso-con-queretaro-una-administracion-solida-para-un-gobierno-mejor\/\",\"url\":\"https:\/\/www.nexoinformativo.mx\/index.php\/2024\/11\/06\/felifer-macias-destaca-transicion-ordenada-y-compromiso-con-queretaro-una-administracion-solida-para-un-gobierno-mejor\/\",\"name\":\"Felifer Mac\u00edas destaca transici\u00f3n ordenada y compromiso con Quer\u00e9taro: \\\"Una administraci\u00f3n s\u00f3lida para un gobierno mejor\\\" | Nexo Informativo Santiago de Quer\u00e9taro\",\"isPartOf\":{\"@id\":\"https:\/\/www.nexoinformativo.mx\/#website\"},\"primaryImageOfPage\":{\"@id\":\"https:\/\/www.nexoinformativo.mx\/index.php\/2024\/11\/06\/felifer-macias-destaca-transicion-ordenada-y-compromiso-con-queretaro-una-administracion-solida-para-un-gobierno-mejor\/#primaryimage\"},\"image\":{\"@id\":\"https:\/\/www.nexoinformativo.mx\/index.php\/2024\/11\/06\/felifer-macias-destaca-transicion-ordenada-y-compromiso-con-queretaro-una-administracion-solida-para-un-gobierno-mejor\/#primaryimage\"},\"thumbnailUrl\":\"https:\/\/www.nexoinformativo.mx\/wp-content\/uploads\/2024\/11\/PHOTO-2024-11-06-13-35-23-e1730923315295.jpg\",\"datePublished\":\"2024-11-06T19:00:57+00:00\",\"dateModified\":\"2024-11-06T20:02:06+00:00\",\"description\":\"Felifer Mac\u00edas destaca transici\u00f3n ordenada y compromiso con Quer\u00e9taro: \\\"Una administraci\u00f3n s\u00f3lida para un gobierno mejor\\\"\",\"breadcrumb\":{\"@id\":\"https:\/\/www.nexoinformativo.mx\/index.php\/2024\/11\/06\/felifer-macias-destaca-transicion-ordenada-y-compromiso-con-queretaro-una-administracion-solida-para-un-gobierno-mejor\/#breadcrumb\"},\"inLanguage\":\"es\",\"potentialAction\":[{\"@type\":\"ReadAction\",\"target\":[\"https:\/\/www.nexoinformativo.mx\/index.php\/2024\/11\/06\/felifer-macias-destaca-transicion-ordenada-y-compromiso-con-queretaro-una-administracion-solida-para-un-gobierno-mejor\/\"]}]},{\"@type\":\"ImageObject\",\"inLanguage\":\"es\",\"@id\":\"https:\/\/www.nexoinformativo.mx\/index.php\/2024\/11\/06\/felifer-macias-destaca-transicion-ordenada-y-compromiso-con-queretaro-una-administracion-solida-para-un-gobierno-mejor\/#primaryimage\",\"url\":\"https:\/\/www.nexoinformativo.mx\/wp-content\/uploads\/2024\/11\/PHOTO-2024-11-06-13-35-23-e1730923315295.jpg\",\"contentUrl\":\"https:\/\/www.nexoinformativo.mx\/wp-content\/uploads\/2024\/11\/PHOTO-2024-11-06-13-35-23-e1730923315295.jpg\",\"width\":700,\"height\":875},{\"@type\":\"BreadcrumbList\",\"@id\":\"https:\/\/www.nexoinformativo.mx\/index.php\/2024\/11\/06\/felifer-macias-destaca-transicion-ordenada-y-compromiso-con-queretaro-una-administracion-solida-para-un-gobierno-mejor\/#breadcrumb\",\"itemListElement\":[{\"@type\":\"ListItem\",\"position\":1,\"name\":\"Inicio\",\"item\":\"https:\/\/www.nexoinformativo.mx\/\"},{\"@type\":\"ListItem\",\"position\":2,\"name\":\"Felifer Mac\u00edas destaca transici\u00f3n ordenada y compromiso con Quer\u00e9taro: &#8220;Una administraci\u00f3n s\u00f3lida para un gobierno mejor&#8221;\"}]},{\"@type\":\"WebSite\",\"@id\":\"https:\/\/www.nexoinformativo.mx\/#website\",\"url\":\"https:\/\/www.nexoinformativo.mx\/\",\"name\":\"Nexo Informativo Santiago de Quer\u00e9taro\",\"description\":\"Explora NexoInformativo y convi\u00e9rtete en parte de una comunidad que valora el conocimiento y la verdad. Tu nexoinformativo es tu puente hacia una comprensi\u00f3n m\u00e1s profunda del mundo que te rodea.\",\"publisher\":{\"@id\":\"https:\/\/www.nexoinformativo.mx\/#organization\"},\"potentialAction\":[{\"@type\":\"SearchAction\",\"target\":{\"@type\":\"EntryPoint\",\"urlTemplate\":\"https:\/\/www.nexoinformativo.mx\/?s={search_term_string}\"},\"query-input\":{\"@type\":\"PropertyValueSpecification\",\"valueRequired\":true,\"valueName\":\"search_term_string\"}}],\"inLanguage\":\"es\"},{\"@type\":\"Organization\",\"@id\":\"https:\/\/www.nexoinformativo.mx\/#organization\",\"name\":\"Nexo Informativo Santiago de Quer\u00e9taro\",\"url\":\"https:\/\/www.nexoinformativo.mx\/\",\"logo\":{\"@type\":\"ImageObject\",\"inLanguage\":\"es\",\"@id\":\"https:\/\/www.nexoinformativo.mx\/#\/schema\/logo\/image\/\",\"url\":\"https:\/\/www.nexoinformativo.mx\/wp-content\/uploads\/2024\/07\/nexoi-trasparente-2.png\",\"contentUrl\":\"https:\/\/www.nexoinformativo.mx\/wp-content\/uploads\/2024\/07\/nexoi-trasparente-2.png\",\"width\":816,\"height\":339,\"caption\":\"Nexo Informativo Santiago de Quer\u00e9taro\"},\"image\":{\"@id\":\"https:\/\/www.nexoinformativo.mx\/#\/schema\/logo\/image\/\"},\"sameAs\":[\"https:\/\/www.facebook.com\/people\/Nexo-Informativo\/61564066885511\/\"]},{\"@type\":\"Person\",\"@id\":\"https:\/\/www.nexoinformativo.mx\/#\/schema\/person\/7749d380ba08c8ca00d7bc76fd907b7d\",\"name\":\"Nexo Informativo\",\"image\":{\"@type\":\"ImageObject\",\"inLanguage\":\"es\",\"@id\":\"https:\/\/www.nexoinformativo.mx\/#\/schema\/person\/image\/\",\"url\":\"https:\/\/secure.gravatar.com\/avatar\/dde2928154642a13d95f87ddf1ea9718fe2b46760a005c53e41ff5ad610704e6?s=96&d=mm&r=g\",\"contentUrl\":\"https:\/\/secure.gravatar.com\/avatar\/dde2928154642a13d95f87ddf1ea9718fe2b46760a005c53e41ff5ad610704e6?s=96&d=mm&r=g\",\"caption\":\"Nexo Informativo\"},\"url\":\"https:\/\/www.nexoinformativo.mx\/index.php\/author\/edicion\/\"}]}<\/script>\n<!-- \/ Yoast SEO plugin. -->","yoast_head_json":{"title":"Felifer Mac\u00edas destaca transici\u00f3n ordenada y compromiso con Quer\u00e9taro: \"Una administraci\u00f3n s\u00f3lida para un gobierno mejor\" | Nexo Informativo Santiago de Quer\u00e9taro","description":"Felifer Mac\u00edas destaca transici\u00f3n ordenada y compromiso con Quer\u00e9taro: \"Una administraci\u00f3n s\u00f3lida para un gobierno mejor\"","robots":{"index":"index","follow":"follow","max-snippet":"max-snippet:-1","max-image-preview":"max-image-preview:large","max-video-preview":"max-video-preview:-1"},"canonical":"https:\/\/www.nexoinformativo.mx\/index.php\/2024\/11\/06\/felifer-macias-destaca-transicion-ordenada-y-compromiso-con-queretaro-una-administracion-solida-para-un-gobierno-mejor\/","og_locale":"es_MX","og_type":"article","og_title":"Felifer Mac\u00edas destaca transici\u00f3n ordenada y compromiso con Quer\u00e9taro: \"Una administraci\u00f3n s\u00f3lida para un gobierno mejor\" | Nexo Informativo Santiago de Quer\u00e9taro","og_description":"Felifer Mac\u00edas destaca transici\u00f3n ordenada y compromiso con Quer\u00e9taro: \"Una administraci\u00f3n s\u00f3lida para un gobierno mejor\"","og_url":"https:\/\/www.nexoinformativo.mx\/index.php\/2024\/11\/06\/felifer-macias-destaca-transicion-ordenada-y-compromiso-con-queretaro-una-administracion-solida-para-un-gobierno-mejor\/","og_site_name":"Nexo Informativo Santiago de Quer\u00e9taro","article_publisher":"https:\/\/www.facebook.com\/people\/Nexo-Informativo\/61564066885511\/","article_published_time":"2024-11-06T19:00:57+00:00","article_modified_time":"2024-11-06T20:02:06+00:00","og_image":[{"width":700,"height":875,"url":"https:\/\/www.nexoinformativo.mx\/wp-content\/uploads\/2024\/11\/PHOTO-2024-11-06-13-35-23-e1730923315295.jpg","type":"image\/jpeg"}],"author":"Nexo Informativo","twitter_card":"summary_large_image","twitter_misc":{"Escrito por":"Nexo Informativo","Tiempo de lectura":"2 minutos"},"schema":{"@context":"https:\/\/schema.org","@graph":[{"@type":"Article","@id":"https:\/\/www.nexoinformativo.mx\/index.php\/2024\/11\/06\/felifer-macias-destaca-transicion-ordenada-y-compromiso-con-queretaro-una-administracion-solida-para-un-gobierno-mejor\/#article","isPartOf":{"@id":"https:\/\/www.nexoinformativo.mx\/index.php\/2024\/11\/06\/felifer-macias-destaca-transicion-ordenada-y-compromiso-con-queretaro-una-administracion-solida-para-un-gobierno-mejor\/"},"author":{"name":"Nexo Informativo","@id":"https:\/\/www.nexoinformativo.mx\/#\/schema\/person\/7749d380ba08c8ca00d7bc76fd907b7d"},"headline":"Felifer Mac\u00edas destaca transici\u00f3n ordenada y compromiso con Quer\u00e9taro: &#8220;Una administraci\u00f3n s\u00f3lida para un gobierno mejor&#8221;","datePublished":"2024-11-06T19:00:57+00:00","dateModified":"2024-11-06T20:02:06+00:00","mainEntityOfPage":{"@id":"https:\/\/www.nexoinformativo.mx\/index.php\/2024\/11\/06\/felifer-macias-destaca-transicion-ordenada-y-compromiso-con-queretaro-una-administracion-solida-para-un-gobierno-mejor\/"},"wordCount":226,"commentCount":0,"publisher":{"@id":"https:\/\/www.nexoinformativo.mx\/#organization"},"image":{"@id":"https:\/\/www.nexoinformativo.mx\/index.php\/2024\/11\/06\/felifer-macias-destaca-transicion-ordenada-y-compromiso-con-queretaro-una-administracion-solida-para-un-gobierno-mejor\/#primaryimage"},"thumbnailUrl":"https:\/\/www.nexoinformativo.mx\/wp-content\/uploads\/2024\/11\/PHOTO-2024-11-06-13-35-23-e1730923315295.jpg","keywords":["FinanzasSanas","MejorGobierno","Quer\u00e9taro","Transici\u00f3nMunicipal"],"articleSection":["Municipios","\u00daltima Hora"],"inLanguage":"es","potentialAction":[{"@type":"CommentAction","name":"Comment","target":["https:\/\/www.nexoinformativo.mx\/index.php\/2024\/11\/06\/felifer-macias-destaca-transicion-ordenada-y-compromiso-con-queretaro-una-administracion-solida-para-un-gobierno-mejor\/#respond"]}]},{"@type":"WebPage","@id":"https:\/\/www.nexoinformativo.mx\/index.php\/2024\/11\/06\/felifer-macias-destaca-transicion-ordenada-y-compromiso-con-queretaro-una-administracion-solida-para-un-gobierno-mejor\/","url":"https:\/\/www.nexoinformativo.mx\/index.php\/2024\/11\/06\/felifer-macias-destaca-transicion-ordenada-y-compromiso-con-queretaro-una-administracion-solida-para-un-gobierno-mejor\/","name":"Felifer Mac\u00edas destaca transici\u00f3n ordenada y compromiso con Quer\u00e9taro: \"Una administraci\u00f3n s\u00f3lida para un gobierno mejor\" | Nexo Informativo Santiago de Quer\u00e9taro","isPartOf":{"@id":"https:\/\/www.nexoinformativo.mx\/#website"},"primaryImageOfPage":{"@id":"https:\/\/www.nexoinformativo.mx\/index.php\/2024\/11\/06\/felifer-macias-destaca-transicion-ordenada-y-compromiso-con-queretaro-una-administracion-solida-para-un-gobierno-mejor\/#primaryimage"},"image":{"@id":"https:\/\/www.nexoinformativo.mx\/index.php\/2024\/11\/06\/felifer-macias-destaca-transicion-ordenada-y-compromiso-con-queretaro-una-administracion-solida-para-un-gobierno-mejor\/#primaryimage"},"thumbnailUrl":"https:\/\/www.nexoinformativo.mx\/wp-content\/uploads\/2024\/11\/PHOTO-2024-11-06-13-35-23-e1730923315295.jpg","datePublished":"2024-11-06T19:00:57+00:00","dateModified":"2024-11-06T20:02:06+00:00","description":"Felifer Mac\u00edas destaca transici\u00f3n ordenada y compromiso con Quer\u00e9taro: \"Una administraci\u00f3n s\u00f3lida para un gobierno mejor\"","breadcrumb":{"@id":"https:\/\/www.nexoinformativo.mx\/index.php\/2024\/11\/06\/felifer-macias-destaca-transicion-ordenada-y-compromiso-con-queretaro-una-administracion-solida-para-un-gobierno-mejor\/#breadcrumb"},"inLanguage":"es","potentialAction":[{"@type":"ReadAction","target":["https:\/\/www.nexoinformativo.mx\/index.php\/2024\/11\/06\/felifer-macias-destaca-transicion-ordenada-y-compromiso-con-queretaro-una-administracion-solida-para-un-gobierno-mejor\/"]}]},{"@type":"ImageObject","inLanguage":"es","@id":"https:\/\/www.nexoinformativo.mx\/index.php\/2024\/11\/06\/felifer-macias-destaca-transicion-ordenada-y-compromiso-con-queretaro-una-administracion-solida-para-un-gobierno-mejor\/#primaryimage","url":"https:\/\/www.nexoinformativo.mx\/wp-content\/uploads\/2024\/11\/PHOTO-2024-11-06-13-35-23-e1730923315295.jpg","contentUrl":"https:\/\/www.nexoinformativo.mx\/wp-content\/uploads\/2024\/11\/PHOTO-2024-11-06-13-35-23-e1730923315295.jpg","width":700,"height":875},{"@type":"BreadcrumbList","@id":"https:\/\/www.nexoinformativo.mx\/index.php\/2024\/11\/06\/felifer-macias-destaca-transicion-ordenada-y-compromiso-con-queretaro-una-administracion-solida-para-un-gobierno-mejor\/#breadcrumb","itemListElement":[{"@type":"ListItem","position":1,"name":"Inicio","item":"https:\/\/www.nexoinformativo.mx\/"},{"@type":"ListItem","position":2,"name":"Felifer Mac\u00edas destaca transici\u00f3n ordenada y compromiso con Quer\u00e9taro: &#8220;Una administraci\u00f3n s\u00f3lida para un gobierno mejor&#8221;"}]},{"@type":"WebSite","@id":"https:\/\/www.nexoinformativo.mx\/#website","url":"https:\/\/www.nexoinformativo.mx\/","name":"Nexo Informativo Santiago de Quer\u00e9taro","description":"Explora NexoInformativo y convi\u00e9rtete en parte de una comunidad que valora el conocimiento y la verdad. Tu nexoinformativo es tu puente hacia una comprensi\u00f3n m\u00e1s profunda del mundo que te rodea.","publisher":{"@id":"https:\/\/www.nexoinformativo.mx\/#organization"},"potentialAction":[{"@type":"SearchAction","target":{"@type":"EntryPoint","urlTemplate":"https:\/\/www.nexoinformativo.mx\/?s={search_term_string}"},"query-input":{"@type":"PropertyValueSpecification","valueRequired":true,"valueName":"search_term_string"}}],"inLanguage":"es"},{"@type":"Organization","@id":"https:\/\/www.nexoinformativo.mx\/#organization","name":"Nexo Informativo Santiago de Quer\u00e9taro","url":"https:\/\/www.nexoinformativo.mx\/","logo":{"@type":"ImageObject","inLanguage":"es","@id":"https:\/\/www.nexoinformativo.mx\/#\/schema\/logo\/image\/","url":"https:\/\/www.nexoinformativo.mx\/wp-content\/uploads\/2024\/07\/nexoi-trasparente-2.png","contentUrl":"https:\/\/www.nexoinformativo.mx\/wp-content\/uploads\/2024\/07\/nexoi-trasparente-2.png","width":816,"height":339,"caption":"Nexo Informativo Santiago de Quer\u00e9taro"},"image":{"@id":"https:\/\/www.nexoinformativo.mx\/#\/schema\/logo\/image\/"},"sameAs":["https:\/\/www.facebook.com\/people\/Nexo-Informativo\/61564066885511\/"]},{"@type":"Person","@id":"https:\/\/www.nexoinformativo.mx\/#\/schema\/person\/7749d380ba08c8ca00d7bc76fd907b7d","name":"Nexo Informativo","image":{"@type":"ImageObject","inLanguage":"es","@id":"https:\/\/www.nexoinformativo.mx\/#\/schema\/person\/image\/","url":"https:\/\/secure.gravatar.com\/avatar\/dde2928154642a13d95f87ddf1ea9718fe2b46760a005c53e41ff5ad610704e6?s=96&d=mm&r=g","contentUrl":"https:\/\/secure.gravatar.com\/avatar\/dde2928154642a13d95f87ddf1ea9718fe2b46760a005c53e41ff5ad610704e6?s=96&d=mm&r=g","caption":"Nexo Informativo"},"url":"https:\/\/www.nexoinformativo.mx\/index.php\/author\/edicion\/"}]}},"_links":{"self":[{"href":"https:\/\/www.nexoinformativo.mx\/index.php\/wp-json\/wp\/v2\/posts\/5487","targetHints":{"allow":["GET"]}}],"collection":[{"href":"https:\/\/www.nexoinformativo.mx\/index.php\/wp-json\/wp\/v2\/posts"}],"about":[{"href":"https:\/\/www.nexoinformativo.mx\/index.php\/wp-json\/wp\/v2\/types\/post"}],"author":[{"embeddable":true,"href":"https:\/\/www.nexoinformativo.mx\/index.php\/wp-json\/wp\/v2\/users\/3"}],"replies":[{"embeddable":true,"href":"https:\/\/www.nexoinformativo.mx\/index.php\/wp-json\/wp\/v2\/comments?post=5487"}],"version-history":[{"count":3,"href":"https:\/\/www.nexoinformativo.mx\/index.php\/wp-json\/wp\/v2\/posts\/5487\/revisions"}],"predecessor-version":[{"id":5490,"href":"https:\/\/www.nexoinformativo.mx\/index.php\/wp-json\/wp\/v2\/posts\/5487\/revisions\/5490"}],"wp:featuredmedia":[{"embeddable":true,"href":"https:\/\/www.nexoinformativo.mx\/index.php\/wp-json\/wp\/v2\/media\/5491"}],"wp:attachment":[{"href":"https:\/\/www.nexoinformativo.mx\/index.php\/wp-json\/wp\/v2\/media?parent=5487"}],"wp:term":[{"taxonomy":"category","embeddable":true,"href":"https:\/\/www.nexoinformativo.mx\/index.php\/wp-json\/wp\/v2\/categories?post=5487"},{"taxonomy":"post_tag","embeddable":true,"href":"https:\/\/www.nexoinformativo.mx\/index.php\/wp-json\/wp\/v2\/tags?post=5487"}],"curies":[{"name":"wp","href":"https:\/\/api.w.org\/{rel}","templated":true}]}}