{"id":5505,"date":"2024-11-06T16:00:51","date_gmt":"2024-11-06T22:00:51","guid":{"rendered":"https:\/\/www.nexoinformativo.mx\/?p=5505"},"modified":"2024-11-06T17:33:38","modified_gmt":"2024-11-06T23:33:38","slug":"car-herrera-de-kuri-inaugura-el-3er-congreso-de-la-infancia-y-adolescencia-en-queretaro","status":"publish","type":"post","link":"https:\/\/www.nexoinformativo.mx\/index.php\/2024\/11\/06\/car-herrera-de-kuri-inaugura-el-3er-congreso-de-la-infancia-y-adolescencia-en-queretaro\/","title":{"rendered":"Car Herrera de Kuri inaugura el 3er. Congreso de la infancia y adolescencia en Quer\u00e9taro"},"content":{"rendered":"<p style=\"text-align: justify;\" data-sourcepos=\"5:1-5:421\">La presidenta del Patronato del Sistema Estatal DIF, Car Herrera de Kuri, inaugur\u00f3 el pasado 6 de noviembre el Tercer Congreso de Atenci\u00f3n Integrada a la Salud de la Infancia y Adolescencia.<\/p>\n<p>&nbsp;<\/p>\n<p style=\"text-align: justify;\" data-sourcepos=\"5:1-5:421\">Este evento, que se lleva a cabo en el Quer\u00e9taro Centro de Congresos, re\u00fane a expertos en salud infantil para compartir conocimientos y experiencias, con el objetivo de mejorar la atenci\u00f3n a este sector vulnerable de la poblaci\u00f3n.<\/p>\n<p>&nbsp;<\/p>\n<p style=\"text-align: justify;\" data-sourcepos=\"7:1-7:234\">Durante la inauguraci\u00f3n, Car Herrera de Kuri destac\u00f3 la importancia de priorizar el bienestar de ni\u00f1as, ni\u00f1os y adolescentes, y resalt\u00f3 las acciones que el DIF Estatal realiza para garantizar su salud f\u00edsica, emocional y alimentaria.<\/p>\n<p>&nbsp;<\/p>\n<p style=\"text-align: justify;\" data-sourcepos=\"9:1-9:286\">&#8220;<strong>En el DIF Estatal favorecemos el acceso a la sana y nutritiva alimentaci\u00f3n de la infancia y adolescencia, por medio de nuestros programas alimentarios, desayunos escolares, comedores m\u00f3viles, la orientaci\u00f3n y asistencia alimentaria en los primeros mil d\u00edas de vida&#8221;<\/strong>, asegur\u00f3.<\/p>\n<p>&nbsp;<\/p>\n<p style=\"text-align: justify;\" data-sourcepos=\"11:1-11:245\">Por su parte, la secretaria de Salud en la entidad, Martina P\u00e9rez Rend\u00f3n, destac\u00f3 que el congreso busca encontrar nuevas herramientas para promover el desarrollo saludable de ni\u00f1as, ni\u00f1os y adolescentes, y cambiar el modelo de atenci\u00f3n integral.<\/p>\n<p>&nbsp;<\/p>\n<p style=\"text-align: justify;\" data-sourcepos=\"13:1-13:312\">&#8220;Agradecemos la participaci\u00f3n de otros estados como Guanajuato, Michoac\u00e1n, Jalisco, Puebla, San Luis Potos\u00ed y el Estado de M\u00e9xico; esperamos que este espacio fomente el intercambio de experiencias y conocimientos para seguir mejorando la atenci\u00f3n que se ofrece a las ni\u00f1as, ni\u00f1os y adolescentes&#8221;, dijo.<\/p>\n<p>&nbsp;<\/p>\n<p style=\"text-align: justify;\" data-sourcepos=\"15:1-15:241\">Durante los tres d\u00edas del congreso, se abordar\u00e1n temas relevantes como el impacto de las vacunas, la alimentaci\u00f3n en el c\u00e1ncer infantil, enfermedades diarreicas, problemas m\u00fasculo-esquel\u00e9ticos, obesidad, autismo y adicciones en adolescentes.<\/p>\n<p>&nbsp;<\/p>\n<p style=\"text-align: center;\" data-sourcepos=\"15:1-15:241\"><em><strong>\u00a1Informaci\u00f3n que transforma!<\/strong><\/em><\/p>\n","protected":false},"excerpt":{"rendered":"<p>La presidenta del Patronato del Sistema Estatal DIF, Car Herrera de Kuri, inaugur\u00f3 el pasado 6 de noviembre el Tercer Congreso de Atenci\u00f3n Integrada a la Salud de la Infancia y Adolescencia.<\/p>\n","protected":false},"author":3,"featured_media":5506,"comment_status":"open","ping_status":"open","sticky":false,"template":"","format":"standard","meta":{"footnotes":""},"categories":[42,58],"tags":[1902,1901,133,1587],"class_list":["post-5505","post","type-post","status-publish","format-standard","has-post-thumbnail","hentry","category-estado","category-ultima-hora","tag-bienestarinfantil","tag-congresoinfancia","tag-queretaro","tag-saludinfantil"],"yoast_head":"<!-- This site is optimized with the Yoast SEO plugin v25.0 - https:\/\/yoast.com\/wordpress\/plugins\/seo\/ -->\n<title>Car Herrera de Kuri inaugura el 3er. Congreso de la infancia y adolescencia en Quer\u00e9taro | Nexo Informativo Santiago de Quer\u00e9taro<\/title>\n<meta name=\"description\" content=\"Car Herrera de Kuri inaugura el 3er. Congreso de la infancia y adolescencia en Quer\u00e9taro\" \/>\n<meta name=\"robots\" content=\"index, follow, max-snippet:-1, max-image-preview:large, max-video-preview:-1\" \/>\n<link rel=\"canonical\" href=\"https:\/\/www.nexoinformativo.mx\/index.php\/2024\/11\/06\/car-herrera-de-kuri-inaugura-el-3er-congreso-de-la-infancia-y-adolescencia-en-queretaro\/\" \/>\n<meta property=\"og:locale\" content=\"es_MX\" \/>\n<meta property=\"og:type\" content=\"article\" \/>\n<meta property=\"og:title\" content=\"Car Herrera de Kuri inaugura el 3er. Congreso de la infancia y adolescencia en Quer\u00e9taro | Nexo Informativo Santiago de Quer\u00e9taro\" \/>\n<meta property=\"og:description\" content=\"Car Herrera de Kuri inaugura el 3er. Congreso de la infancia y adolescencia en Quer\u00e9taro\" \/>\n<meta property=\"og:url\" content=\"https:\/\/www.nexoinformativo.mx\/index.php\/2024\/11\/06\/car-herrera-de-kuri-inaugura-el-3er-congreso-de-la-infancia-y-adolescencia-en-queretaro\/\" \/>\n<meta property=\"og:site_name\" content=\"Nexo Informativo Santiago de Quer\u00e9taro\" \/>\n<meta property=\"article:publisher\" content=\"https:\/\/www.facebook.com\/people\/Nexo-Informativo\/61564066885511\/\" \/>\n<meta property=\"article:published_time\" content=\"2024-11-06T22:00:51+00:00\" \/>\n<meta property=\"article:modified_time\" content=\"2024-11-06T23:33:38+00:00\" \/>\n<meta property=\"og:image\" content=\"https:\/\/www.nexoinformativo.mx\/wp-content\/uploads\/2024\/11\/0c612ed7-8509-4512-80d7-7bca1bde05f2-e1730935802654.jpg\" \/>\n\t<meta property=\"og:image:width\" content=\"700\" \/>\n\t<meta property=\"og:image:height\" content=\"466\" \/>\n\t<meta property=\"og:image:type\" content=\"image\/jpeg\" \/>\n<meta name=\"author\" content=\"Nexo Informativo\" \/>\n<meta name=\"twitter:card\" content=\"summary_large_image\" \/>\n<meta name=\"twitter:label1\" content=\"Escrito por\" \/>\n\t<meta name=\"twitter:data1\" content=\"Nexo Informativo\" \/>\n\t<meta name=\"twitter:label2\" content=\"Tiempo de lectura\" \/>\n\t<meta name=\"twitter:data2\" content=\"2 minutos\" \/>\n<script type=\"application\/ld+json\" class=\"yoast-schema-graph\">{\"@context\":\"https:\/\/schema.org\",\"@graph\":[{\"@type\":\"Article\",\"@id\":\"https:\/\/www.nexoinformativo.mx\/index.php\/2024\/11\/06\/car-herrera-de-kuri-inaugura-el-3er-congreso-de-la-infancia-y-adolescencia-en-queretaro\/#article\",\"isPartOf\":{\"@id\":\"https:\/\/www.nexoinformativo.mx\/index.php\/2024\/11\/06\/car-herrera-de-kuri-inaugura-el-3er-congreso-de-la-infancia-y-adolescencia-en-queretaro\/\"},\"author\":{\"name\":\"Nexo Informativo\",\"@id\":\"https:\/\/www.nexoinformativo.mx\/#\/schema\/person\/7749d380ba08c8ca00d7bc76fd907b7d\"},\"headline\":\"Car Herrera de Kuri inaugura el 3er. Congreso de la infancia y adolescencia en Quer\u00e9taro\",\"datePublished\":\"2024-11-06T22:00:51+00:00\",\"dateModified\":\"2024-11-06T23:33:38+00:00\",\"mainEntityOfPage\":{\"@id\":\"https:\/\/www.nexoinformativo.mx\/index.php\/2024\/11\/06\/car-herrera-de-kuri-inaugura-el-3er-congreso-de-la-infancia-y-adolescencia-en-queretaro\/\"},\"wordCount\":318,\"commentCount\":0,\"publisher\":{\"@id\":\"https:\/\/www.nexoinformativo.mx\/#organization\"},\"image\":{\"@id\":\"https:\/\/www.nexoinformativo.mx\/index.php\/2024\/11\/06\/car-herrera-de-kuri-inaugura-el-3er-congreso-de-la-infancia-y-adolescencia-en-queretaro\/#primaryimage\"},\"thumbnailUrl\":\"https:\/\/www.nexoinformativo.mx\/wp-content\/uploads\/2024\/11\/0c612ed7-8509-4512-80d7-7bca1bde05f2-e1730935802654.jpg\",\"keywords\":[\"BienestarInfantil\",\"CongresoInfancia\",\"Quer\u00e9taro\",\"SaludInfantil\"],\"articleSection\":[\"Estado\",\"\u00daltima Hora\"],\"inLanguage\":\"es\",\"potentialAction\":[{\"@type\":\"CommentAction\",\"name\":\"Comment\",\"target\":[\"https:\/\/www.nexoinformativo.mx\/index.php\/2024\/11\/06\/car-herrera-de-kuri-inaugura-el-3er-congreso-de-la-infancia-y-adolescencia-en-queretaro\/#respond\"]}]},{\"@type\":\"WebPage\",\"@id\":\"https:\/\/www.nexoinformativo.mx\/index.php\/2024\/11\/06\/car-herrera-de-kuri-inaugura-el-3er-congreso-de-la-infancia-y-adolescencia-en-queretaro\/\",\"url\":\"https:\/\/www.nexoinformativo.mx\/index.php\/2024\/11\/06\/car-herrera-de-kuri-inaugura-el-3er-congreso-de-la-infancia-y-adolescencia-en-queretaro\/\",\"name\":\"Car Herrera de Kuri inaugura el 3er. Congreso de la infancia y adolescencia en Quer\u00e9taro | Nexo Informativo Santiago de Quer\u00e9taro\",\"isPartOf\":{\"@id\":\"https:\/\/www.nexoinformativo.mx\/#website\"},\"primaryImageOfPage\":{\"@id\":\"https:\/\/www.nexoinformativo.mx\/index.php\/2024\/11\/06\/car-herrera-de-kuri-inaugura-el-3er-congreso-de-la-infancia-y-adolescencia-en-queretaro\/#primaryimage\"},\"image\":{\"@id\":\"https:\/\/www.nexoinformativo.mx\/index.php\/2024\/11\/06\/car-herrera-de-kuri-inaugura-el-3er-congreso-de-la-infancia-y-adolescencia-en-queretaro\/#primaryimage\"},\"thumbnailUrl\":\"https:\/\/www.nexoinformativo.mx\/wp-content\/uploads\/2024\/11\/0c612ed7-8509-4512-80d7-7bca1bde05f2-e1730935802654.jpg\",\"datePublished\":\"2024-11-06T22:00:51+00:00\",\"dateModified\":\"2024-11-06T23:33:38+00:00\",\"description\":\"Car Herrera de Kuri inaugura el 3er. Congreso de la infancia y adolescencia en Quer\u00e9taro\",\"breadcrumb\":{\"@id\":\"https:\/\/www.nexoinformativo.mx\/index.php\/2024\/11\/06\/car-herrera-de-kuri-inaugura-el-3er-congreso-de-la-infancia-y-adolescencia-en-queretaro\/#breadcrumb\"},\"inLanguage\":\"es\",\"potentialAction\":[{\"@type\":\"ReadAction\",\"target\":[\"https:\/\/www.nexoinformativo.mx\/index.php\/2024\/11\/06\/car-herrera-de-kuri-inaugura-el-3er-congreso-de-la-infancia-y-adolescencia-en-queretaro\/\"]}]},{\"@type\":\"ImageObject\",\"inLanguage\":\"es\",\"@id\":\"https:\/\/www.nexoinformativo.mx\/index.php\/2024\/11\/06\/car-herrera-de-kuri-inaugura-el-3er-congreso-de-la-infancia-y-adolescencia-en-queretaro\/#primaryimage\",\"url\":\"https:\/\/www.nexoinformativo.mx\/wp-content\/uploads\/2024\/11\/0c612ed7-8509-4512-80d7-7bca1bde05f2-e1730935802654.jpg\",\"contentUrl\":\"https:\/\/www.nexoinformativo.mx\/wp-content\/uploads\/2024\/11\/0c612ed7-8509-4512-80d7-7bca1bde05f2-e1730935802654.jpg\",\"width\":700,\"height\":466},{\"@type\":\"BreadcrumbList\",\"@id\":\"https:\/\/www.nexoinformativo.mx\/index.php\/2024\/11\/06\/car-herrera-de-kuri-inaugura-el-3er-congreso-de-la-infancia-y-adolescencia-en-queretaro\/#breadcrumb\",\"itemListElement\":[{\"@type\":\"ListItem\",\"position\":1,\"name\":\"Inicio\",\"item\":\"https:\/\/www.nexoinformativo.mx\/\"},{\"@type\":\"ListItem\",\"position\":2,\"name\":\"Car Herrera de Kuri inaugura el 3er. Congreso de la infancia y adolescencia en Quer\u00e9taro\"}]},{\"@type\":\"WebSite\",\"@id\":\"https:\/\/www.nexoinformativo.mx\/#website\",\"url\":\"https:\/\/www.nexoinformativo.mx\/\",\"name\":\"Nexo Informativo Santiago de Quer\u00e9taro\",\"description\":\"Explora NexoInformativo y convi\u00e9rtete en parte de una comunidad que valora el conocimiento y la verdad. Tu nexoinformativo es tu puente hacia una comprensi\u00f3n m\u00e1s profunda del mundo que te rodea.\",\"publisher\":{\"@id\":\"https:\/\/www.nexoinformativo.mx\/#organization\"},\"potentialAction\":[{\"@type\":\"SearchAction\",\"target\":{\"@type\":\"EntryPoint\",\"urlTemplate\":\"https:\/\/www.nexoinformativo.mx\/?s={search_term_string}\"},\"query-input\":{\"@type\":\"PropertyValueSpecification\",\"valueRequired\":true,\"valueName\":\"search_term_string\"}}],\"inLanguage\":\"es\"},{\"@type\":\"Organization\",\"@id\":\"https:\/\/www.nexoinformativo.mx\/#organization\",\"name\":\"Nexo Informativo Santiago de Quer\u00e9taro\",\"url\":\"https:\/\/www.nexoinformativo.mx\/\",\"logo\":{\"@type\":\"ImageObject\",\"inLanguage\":\"es\",\"@id\":\"https:\/\/www.nexoinformativo.mx\/#\/schema\/logo\/image\/\",\"url\":\"https:\/\/www.nexoinformativo.mx\/wp-content\/uploads\/2024\/07\/nexoi-trasparente-2.png\",\"contentUrl\":\"https:\/\/www.nexoinformativo.mx\/wp-content\/uploads\/2024\/07\/nexoi-trasparente-2.png\",\"width\":816,\"height\":339,\"caption\":\"Nexo Informativo Santiago de Quer\u00e9taro\"},\"image\":{\"@id\":\"https:\/\/www.nexoinformativo.mx\/#\/schema\/logo\/image\/\"},\"sameAs\":[\"https:\/\/www.facebook.com\/people\/Nexo-Informativo\/61564066885511\/\"]},{\"@type\":\"Person\",\"@id\":\"https:\/\/www.nexoinformativo.mx\/#\/schema\/person\/7749d380ba08c8ca00d7bc76fd907b7d\",\"name\":\"Nexo Informativo\",\"image\":{\"@type\":\"ImageObject\",\"inLanguage\":\"es\",\"@id\":\"https:\/\/www.nexoinformativo.mx\/#\/schema\/person\/image\/\",\"url\":\"https:\/\/secure.gravatar.com\/avatar\/dde2928154642a13d95f87ddf1ea9718fe2b46760a005c53e41ff5ad610704e6?s=96&d=mm&r=g\",\"contentUrl\":\"https:\/\/secure.gravatar.com\/avatar\/dde2928154642a13d95f87ddf1ea9718fe2b46760a005c53e41ff5ad610704e6?s=96&d=mm&r=g\",\"caption\":\"Nexo Informativo\"},\"url\":\"https:\/\/www.nexoinformativo.mx\/index.php\/author\/edicion\/\"}]}<\/script>\n<!-- \/ Yoast SEO plugin. -->","yoast_head_json":{"title":"Car Herrera de Kuri inaugura el 3er. Congreso de la infancia y adolescencia en Quer\u00e9taro | Nexo Informativo Santiago de Quer\u00e9taro","description":"Car Herrera de Kuri inaugura el 3er. Congreso de la infancia y adolescencia en Quer\u00e9taro","robots":{"index":"index","follow":"follow","max-snippet":"max-snippet:-1","max-image-preview":"max-image-preview:large","max-video-preview":"max-video-preview:-1"},"canonical":"https:\/\/www.nexoinformativo.mx\/index.php\/2024\/11\/06\/car-herrera-de-kuri-inaugura-el-3er-congreso-de-la-infancia-y-adolescencia-en-queretaro\/","og_locale":"es_MX","og_type":"article","og_title":"Car Herrera de Kuri inaugura el 3er. Congreso de la infancia y adolescencia en Quer\u00e9taro | Nexo Informativo Santiago de Quer\u00e9taro","og_description":"Car Herrera de Kuri inaugura el 3er. Congreso de la infancia y adolescencia en Quer\u00e9taro","og_url":"https:\/\/www.nexoinformativo.mx\/index.php\/2024\/11\/06\/car-herrera-de-kuri-inaugura-el-3er-congreso-de-la-infancia-y-adolescencia-en-queretaro\/","og_site_name":"Nexo Informativo Santiago de Quer\u00e9taro","article_publisher":"https:\/\/www.facebook.com\/people\/Nexo-Informativo\/61564066885511\/","article_published_time":"2024-11-06T22:00:51+00:00","article_modified_time":"2024-11-06T23:33:38+00:00","og_image":[{"width":700,"height":466,"url":"https:\/\/www.nexoinformativo.mx\/wp-content\/uploads\/2024\/11\/0c612ed7-8509-4512-80d7-7bca1bde05f2-e1730935802654.jpg","type":"image\/jpeg"}],"author":"Nexo Informativo","twitter_card":"summary_large_image","twitter_misc":{"Escrito por":"Nexo Informativo","Tiempo de lectura":"2 minutos"},"schema":{"@context":"https:\/\/schema.org","@graph":[{"@type":"Article","@id":"https:\/\/www.nexoinformativo.mx\/index.php\/2024\/11\/06\/car-herrera-de-kuri-inaugura-el-3er-congreso-de-la-infancia-y-adolescencia-en-queretaro\/#article","isPartOf":{"@id":"https:\/\/www.nexoinformativo.mx\/index.php\/2024\/11\/06\/car-herrera-de-kuri-inaugura-el-3er-congreso-de-la-infancia-y-adolescencia-en-queretaro\/"},"author":{"name":"Nexo Informativo","@id":"https:\/\/www.nexoinformativo.mx\/#\/schema\/person\/7749d380ba08c8ca00d7bc76fd907b7d"},"headline":"Car Herrera de Kuri inaugura el 3er. Congreso de la infancia y adolescencia en Quer\u00e9taro","datePublished":"2024-11-06T22:00:51+00:00","dateModified":"2024-11-06T23:33:38+00:00","mainEntityOfPage":{"@id":"https:\/\/www.nexoinformativo.mx\/index.php\/2024\/11\/06\/car-herrera-de-kuri-inaugura-el-3er-congreso-de-la-infancia-y-adolescencia-en-queretaro\/"},"wordCount":318,"commentCount":0,"publisher":{"@id":"https:\/\/www.nexoinformativo.mx\/#organization"},"image":{"@id":"https:\/\/www.nexoinformativo.mx\/index.php\/2024\/11\/06\/car-herrera-de-kuri-inaugura-el-3er-congreso-de-la-infancia-y-adolescencia-en-queretaro\/#primaryimage"},"thumbnailUrl":"https:\/\/www.nexoinformativo.mx\/wp-content\/uploads\/2024\/11\/0c612ed7-8509-4512-80d7-7bca1bde05f2-e1730935802654.jpg","keywords":["BienestarInfantil","CongresoInfancia","Quer\u00e9taro","SaludInfantil"],"articleSection":["Estado","\u00daltima Hora"],"inLanguage":"es","potentialAction":[{"@type":"CommentAction","name":"Comment","target":["https:\/\/www.nexoinformativo.mx\/index.php\/2024\/11\/06\/car-herrera-de-kuri-inaugura-el-3er-congreso-de-la-infancia-y-adolescencia-en-queretaro\/#respond"]}]},{"@type":"WebPage","@id":"https:\/\/www.nexoinformativo.mx\/index.php\/2024\/11\/06\/car-herrera-de-kuri-inaugura-el-3er-congreso-de-la-infancia-y-adolescencia-en-queretaro\/","url":"https:\/\/www.nexoinformativo.mx\/index.php\/2024\/11\/06\/car-herrera-de-kuri-inaugura-el-3er-congreso-de-la-infancia-y-adolescencia-en-queretaro\/","name":"Car Herrera de Kuri inaugura el 3er. Congreso de la infancia y adolescencia en Quer\u00e9taro | Nexo Informativo Santiago de Quer\u00e9taro","isPartOf":{"@id":"https:\/\/www.nexoinformativo.mx\/#website"},"primaryImageOfPage":{"@id":"https:\/\/www.nexoinformativo.mx\/index.php\/2024\/11\/06\/car-herrera-de-kuri-inaugura-el-3er-congreso-de-la-infancia-y-adolescencia-en-queretaro\/#primaryimage"},"image":{"@id":"https:\/\/www.nexoinformativo.mx\/index.php\/2024\/11\/06\/car-herrera-de-kuri-inaugura-el-3er-congreso-de-la-infancia-y-adolescencia-en-queretaro\/#primaryimage"},"thumbnailUrl":"https:\/\/www.nexoinformativo.mx\/wp-content\/uploads\/2024\/11\/0c612ed7-8509-4512-80d7-7bca1bde05f2-e1730935802654.jpg","datePublished":"2024-11-06T22:00:51+00:00","dateModified":"2024-11-06T23:33:38+00:00","description":"Car Herrera de Kuri inaugura el 3er. Congreso de la infancia y adolescencia en Quer\u00e9taro","breadcrumb":{"@id":"https:\/\/www.nexoinformativo.mx\/index.php\/2024\/11\/06\/car-herrera-de-kuri-inaugura-el-3er-congreso-de-la-infancia-y-adolescencia-en-queretaro\/#breadcrumb"},"inLanguage":"es","potentialAction":[{"@type":"ReadAction","target":["https:\/\/www.nexoinformativo.mx\/index.php\/2024\/11\/06\/car-herrera-de-kuri-inaugura-el-3er-congreso-de-la-infancia-y-adolescencia-en-queretaro\/"]}]},{"@type":"ImageObject","inLanguage":"es","@id":"https:\/\/www.nexoinformativo.mx\/index.php\/2024\/11\/06\/car-herrera-de-kuri-inaugura-el-3er-congreso-de-la-infancia-y-adolescencia-en-queretaro\/#primaryimage","url":"https:\/\/www.nexoinformativo.mx\/wp-content\/uploads\/2024\/11\/0c612ed7-8509-4512-80d7-7bca1bde05f2-e1730935802654.jpg","contentUrl":"https:\/\/www.nexoinformativo.mx\/wp-content\/uploads\/2024\/11\/0c612ed7-8509-4512-80d7-7bca1bde05f2-e1730935802654.jpg","width":700,"height":466},{"@type":"BreadcrumbList","@id":"https:\/\/www.nexoinformativo.mx\/index.php\/2024\/11\/06\/car-herrera-de-kuri-inaugura-el-3er-congreso-de-la-infancia-y-adolescencia-en-queretaro\/#breadcrumb","itemListElement":[{"@type":"ListItem","position":1,"name":"Inicio","item":"https:\/\/www.nexoinformativo.mx\/"},{"@type":"ListItem","position":2,"name":"Car Herrera de Kuri inaugura el 3er. Congreso de la infancia y adolescencia en Quer\u00e9taro"}]},{"@type":"WebSite","@id":"https:\/\/www.nexoinformativo.mx\/#website","url":"https:\/\/www.nexoinformativo.mx\/","name":"Nexo Informativo Santiago de Quer\u00e9taro","description":"Explora NexoInformativo y convi\u00e9rtete en parte de una comunidad que valora el conocimiento y la verdad. Tu nexoinformativo es tu puente hacia una comprensi\u00f3n m\u00e1s profunda del mundo que te rodea.","publisher":{"@id":"https:\/\/www.nexoinformativo.mx\/#organization"},"potentialAction":[{"@type":"SearchAction","target":{"@type":"EntryPoint","urlTemplate":"https:\/\/www.nexoinformativo.mx\/?s={search_term_string}"},"query-input":{"@type":"PropertyValueSpecification","valueRequired":true,"valueName":"search_term_string"}}],"inLanguage":"es"},{"@type":"Organization","@id":"https:\/\/www.nexoinformativo.mx\/#organization","name":"Nexo Informativo Santiago de Quer\u00e9taro","url":"https:\/\/www.nexoinformativo.mx\/","logo":{"@type":"ImageObject","inLanguage":"es","@id":"https:\/\/www.nexoinformativo.mx\/#\/schema\/logo\/image\/","url":"https:\/\/www.nexoinformativo.mx\/wp-content\/uploads\/2024\/07\/nexoi-trasparente-2.png","contentUrl":"https:\/\/www.nexoinformativo.mx\/wp-content\/uploads\/2024\/07\/nexoi-trasparente-2.png","width":816,"height":339,"caption":"Nexo Informativo Santiago de Quer\u00e9taro"},"image":{"@id":"https:\/\/www.nexoinformativo.mx\/#\/schema\/logo\/image\/"},"sameAs":["https:\/\/www.facebook.com\/people\/Nexo-Informativo\/61564066885511\/"]},{"@type":"Person","@id":"https:\/\/www.nexoinformativo.mx\/#\/schema\/person\/7749d380ba08c8ca00d7bc76fd907b7d","name":"Nexo Informativo","image":{"@type":"ImageObject","inLanguage":"es","@id":"https:\/\/www.nexoinformativo.mx\/#\/schema\/person\/image\/","url":"https:\/\/secure.gravatar.com\/avatar\/dde2928154642a13d95f87ddf1ea9718fe2b46760a005c53e41ff5ad610704e6?s=96&d=mm&r=g","contentUrl":"https:\/\/secure.gravatar.com\/avatar\/dde2928154642a13d95f87ddf1ea9718fe2b46760a005c53e41ff5ad610704e6?s=96&d=mm&r=g","caption":"Nexo Informativo"},"url":"https:\/\/www.nexoinformativo.mx\/index.php\/author\/edicion\/"}]}},"_links":{"self":[{"href":"https:\/\/www.nexoinformativo.mx\/index.php\/wp-json\/wp\/v2\/posts\/5505","targetHints":{"allow":["GET"]}}],"collection":[{"href":"https:\/\/www.nexoinformativo.mx\/index.php\/wp-json\/wp\/v2\/posts"}],"about":[{"href":"https:\/\/www.nexoinformativo.mx\/index.php\/wp-json\/wp\/v2\/types\/post"}],"author":[{"embeddable":true,"href":"https:\/\/www.nexoinformativo.mx\/index.php\/wp-json\/wp\/v2\/users\/3"}],"replies":[{"embeddable":true,"href":"https:\/\/www.nexoinformativo.mx\/index.php\/wp-json\/wp\/v2\/comments?post=5505"}],"version-history":[{"count":5,"href":"https:\/\/www.nexoinformativo.mx\/index.php\/wp-json\/wp\/v2\/posts\/5505\/revisions"}],"predecessor-version":[{"id":5509,"href":"https:\/\/www.nexoinformativo.mx\/index.php\/wp-json\/wp\/v2\/posts\/5505\/revisions\/5509"}],"wp:featuredmedia":[{"embeddable":true,"href":"https:\/\/www.nexoinformativo.mx\/index.php\/wp-json\/wp\/v2\/media\/5506"}],"wp:attachment":[{"href":"https:\/\/www.nexoinformativo.mx\/index.php\/wp-json\/wp\/v2\/media?parent=5505"}],"wp:term":[{"taxonomy":"category","embeddable":true,"href":"https:\/\/www.nexoinformativo.mx\/index.php\/wp-json\/wp\/v2\/categories?post=5505"},{"taxonomy":"post_tag","embeddable":true,"href":"https:\/\/www.nexoinformativo.mx\/index.php\/wp-json\/wp\/v2\/tags?post=5505"}],"curies":[{"name":"wp","href":"https:\/\/api.w.org\/{rel}","templated":true}]}}