{"id":5512,"date":"2024-11-06T16:30:22","date_gmt":"2024-11-06T22:30:22","guid":{"rendered":"https:\/\/www.nexoinformativo.mx\/?p=5512"},"modified":"2024-11-06T17:40:35","modified_gmt":"2024-11-06T23:40:35","slug":"festival-de-cine-filminist-un-espacio-para-visibilizar-el-cine-hecho-por-mujeres-en-queretaro","status":"publish","type":"post","link":"https:\/\/www.nexoinformativo.mx\/index.php\/2024\/11\/06\/festival-de-cine-filminist-un-espacio-para-visibilizar-el-cine-hecho-por-mujeres-en-queretaro\/","title":{"rendered":"Festival de Cine Filminist: Un espacio para visibilizar el cine hecho por mujeres en Quer\u00e9taro"},"content":{"rendered":"<p style=\"text-align: justify;\" data-sourcepos=\"5:1-5:312\">Quer\u00e9taro se convertir\u00e1 en el epicentro del cine hecho por mujeres con la realizaci\u00f3n del Festival de Cine Filminist, que se llevar\u00e1 a cabo del 23 al 25 de noviembre. Organizado por la Secretar\u00eda de Turismo del estado, este evento busca visibilizar y celebrar el talento femenino en la industria cinematogr\u00e1fica.<\/p>\n<p>&nbsp;<\/p>\n<p style=\"text-align: justify;\" data-sourcepos=\"7:1-7:299\">Durante tres d\u00edas, la ciudad se llenar\u00e1 de proyecciones de cortometrajes, talleres y conversatorios, donde creadoras y artistas compartir\u00e1n sus experiencias y conocimientos. Se espera la participaci\u00f3n de cerca de 900 personas de manera presencial y otros cinco mil a trav\u00e9s de plataformas digitales.<\/p>\n<p>&nbsp;<\/p>\n<p style=\"text-align: justify;\" data-sourcepos=\"9:1-9:285\">Paola Ortega Mu\u00f1oz, l\u00edder de Proyectos de Promoci\u00f3n Tur\u00edstica, destac\u00f3 la importancia del cine como herramienta para contar historias y promover destinos. <strong>&#8220;Desde la Secretar\u00eda de Turismo, apoyamos iniciativas como esta que nos permiten mostrar lo mejor de Quer\u00e9taro&#8221;<\/strong>, afirm\u00f3.<\/p>\n<p>&nbsp;<\/p>\n<p style=\"text-align: justify;\" data-sourcepos=\"11:1-11:221\">Por su parte, Nina Iniestra de la Riva, directora del festival, adelant\u00f3 algunas de las actividades programadas, como la proyecci\u00f3n de cortometrajes de destacadas cineastas mexicanas y talleres de t\u00e9cnicas de iluminaci\u00f3n.<\/p>\n<p>&nbsp;<\/p>\n<p style=\"text-align: justify;\" data-sourcepos=\"13:1-13:187\">Este festival no solo es una celebraci\u00f3n del cine, sino tambi\u00e9n una oportunidad para fomentar la igualdad de g\u00e9nero y visibilizar las voces de las mujeres en la industria cinematogr\u00e1fica.<\/p>\n<p>&nbsp;<\/p>\n<p style=\"text-align: center;\" data-sourcepos=\"13:1-13:187\"><em><strong>\u00a1Informaci\u00f3n que transforma!<\/strong><\/em><\/p>\n","protected":false},"excerpt":{"rendered":"<p>Quer\u00e9taro se convertir\u00e1 en el epicentro del cine hecho por mujeres con la realizaci\u00f3n del Festival de Cine Filminist, que se llevar\u00e1 a cabo del 23 al 25 de noviembre. Organizado por la Secretar\u00eda de Turismo del estado, este evento busca visibilizar y celebrar el talento femenino en la industria cinematogr\u00e1fica. &nbsp; Durante tres d\u00edas, [&hellip;]<\/p>\n","protected":false},"author":3,"featured_media":5513,"comment_status":"open","ping_status":"open","sticky":false,"template":"","format":"standard","meta":{"footnotes":""},"categories":[50,58],"tags":[1904,394,1903,133],"class_list":["post-5512","post","type-post","status-publish","format-standard","has-post-thumbnail","hentry","category-espectaculos","category-ultima-hora","tag-cinefemenino","tag-festivaldecine","tag-filminist","tag-queretaro"],"yoast_head":"<!-- This site is optimized with the Yoast SEO plugin v25.0 - https:\/\/yoast.com\/wordpress\/plugins\/seo\/ -->\n<title>Festival de Cine Filminist: Un espacio para visibilizar el cine hecho por mujeres en Quer\u00e9taro | Nexo Informativo Santiago de Quer\u00e9taro<\/title>\n<meta name=\"description\" content=\"Festival de Cine Filminist: Un espacio para visibilizar el cine hecho por mujeres en Quer\u00e9taro\" \/>\n<meta name=\"robots\" content=\"index, follow, max-snippet:-1, max-image-preview:large, max-video-preview:-1\" \/>\n<link rel=\"canonical\" href=\"https:\/\/www.nexoinformativo.mx\/index.php\/2024\/11\/06\/festival-de-cine-filminist-un-espacio-para-visibilizar-el-cine-hecho-por-mujeres-en-queretaro\/\" \/>\n<meta property=\"og:locale\" content=\"es_MX\" \/>\n<meta property=\"og:type\" content=\"article\" \/>\n<meta property=\"og:title\" content=\"Festival de Cine Filminist: Un espacio para visibilizar el cine hecho por mujeres en Quer\u00e9taro | Nexo Informativo Santiago de Quer\u00e9taro\" \/>\n<meta property=\"og:description\" content=\"Festival de Cine Filminist: Un espacio para visibilizar el cine hecho por mujeres en Quer\u00e9taro\" \/>\n<meta property=\"og:url\" content=\"https:\/\/www.nexoinformativo.mx\/index.php\/2024\/11\/06\/festival-de-cine-filminist-un-espacio-para-visibilizar-el-cine-hecho-por-mujeres-en-queretaro\/\" \/>\n<meta property=\"og:site_name\" content=\"Nexo Informativo Santiago de Quer\u00e9taro\" \/>\n<meta property=\"article:publisher\" content=\"https:\/\/www.facebook.com\/people\/Nexo-Informativo\/61564066885511\/\" \/>\n<meta property=\"article:published_time\" content=\"2024-11-06T22:30:22+00:00\" \/>\n<meta property=\"article:modified_time\" content=\"2024-11-06T23:40:35+00:00\" \/>\n<meta property=\"og:image\" content=\"https:\/\/www.nexoinformativo.mx\/wp-content\/uploads\/2024\/11\/PHOTO-2024-11-06-17-23-53-e1730936364477.jpg\" \/>\n\t<meta property=\"og:image:width\" content=\"800\" \/>\n\t<meta property=\"og:image:height\" content=\"739\" \/>\n\t<meta property=\"og:image:type\" content=\"image\/jpeg\" \/>\n<meta name=\"author\" content=\"Nexo Informativo\" \/>\n<meta name=\"twitter:card\" content=\"summary_large_image\" \/>\n<meta name=\"twitter:label1\" content=\"Escrito por\" \/>\n\t<meta name=\"twitter:data1\" content=\"Nexo Informativo\" \/>\n\t<meta name=\"twitter:label2\" content=\"Tiempo de lectura\" \/>\n\t<meta name=\"twitter:data2\" content=\"2 minutos\" \/>\n<script type=\"application\/ld+json\" class=\"yoast-schema-graph\">{\"@context\":\"https:\/\/schema.org\",\"@graph\":[{\"@type\":\"Article\",\"@id\":\"https:\/\/www.nexoinformativo.mx\/index.php\/2024\/11\/06\/festival-de-cine-filminist-un-espacio-para-visibilizar-el-cine-hecho-por-mujeres-en-queretaro\/#article\",\"isPartOf\":{\"@id\":\"https:\/\/www.nexoinformativo.mx\/index.php\/2024\/11\/06\/festival-de-cine-filminist-un-espacio-para-visibilizar-el-cine-hecho-por-mujeres-en-queretaro\/\"},\"author\":{\"name\":\"Nexo Informativo\",\"@id\":\"https:\/\/www.nexoinformativo.mx\/#\/schema\/person\/7749d380ba08c8ca00d7bc76fd907b7d\"},\"headline\":\"Festival de Cine Filminist: Un espacio para visibilizar el cine hecho por mujeres en Quer\u00e9taro\",\"datePublished\":\"2024-11-06T22:30:22+00:00\",\"dateModified\":\"2024-11-06T23:40:35+00:00\",\"mainEntityOfPage\":{\"@id\":\"https:\/\/www.nexoinformativo.mx\/index.php\/2024\/11\/06\/festival-de-cine-filminist-un-espacio-para-visibilizar-el-cine-hecho-por-mujeres-en-queretaro\/\"},\"wordCount\":240,\"commentCount\":0,\"publisher\":{\"@id\":\"https:\/\/www.nexoinformativo.mx\/#organization\"},\"image\":{\"@id\":\"https:\/\/www.nexoinformativo.mx\/index.php\/2024\/11\/06\/festival-de-cine-filminist-un-espacio-para-visibilizar-el-cine-hecho-por-mujeres-en-queretaro\/#primaryimage\"},\"thumbnailUrl\":\"https:\/\/www.nexoinformativo.mx\/wp-content\/uploads\/2024\/11\/PHOTO-2024-11-06-17-23-53-e1730936364477.jpg\",\"keywords\":[\"CineFemenino\",\"FestivalDeCine\",\"Filminist\",\"Quer\u00e9taro\"],\"articleSection\":[\"Espect\u00e1culos\",\"\u00daltima Hora\"],\"inLanguage\":\"es\",\"potentialAction\":[{\"@type\":\"CommentAction\",\"name\":\"Comment\",\"target\":[\"https:\/\/www.nexoinformativo.mx\/index.php\/2024\/11\/06\/festival-de-cine-filminist-un-espacio-para-visibilizar-el-cine-hecho-por-mujeres-en-queretaro\/#respond\"]}]},{\"@type\":\"WebPage\",\"@id\":\"https:\/\/www.nexoinformativo.mx\/index.php\/2024\/11\/06\/festival-de-cine-filminist-un-espacio-para-visibilizar-el-cine-hecho-por-mujeres-en-queretaro\/\",\"url\":\"https:\/\/www.nexoinformativo.mx\/index.php\/2024\/11\/06\/festival-de-cine-filminist-un-espacio-para-visibilizar-el-cine-hecho-por-mujeres-en-queretaro\/\",\"name\":\"Festival de Cine Filminist: Un espacio para visibilizar el cine hecho por mujeres en Quer\u00e9taro | Nexo Informativo Santiago de Quer\u00e9taro\",\"isPartOf\":{\"@id\":\"https:\/\/www.nexoinformativo.mx\/#website\"},\"primaryImageOfPage\":{\"@id\":\"https:\/\/www.nexoinformativo.mx\/index.php\/2024\/11\/06\/festival-de-cine-filminist-un-espacio-para-visibilizar-el-cine-hecho-por-mujeres-en-queretaro\/#primaryimage\"},\"image\":{\"@id\":\"https:\/\/www.nexoinformativo.mx\/index.php\/2024\/11\/06\/festival-de-cine-filminist-un-espacio-para-visibilizar-el-cine-hecho-por-mujeres-en-queretaro\/#primaryimage\"},\"thumbnailUrl\":\"https:\/\/www.nexoinformativo.mx\/wp-content\/uploads\/2024\/11\/PHOTO-2024-11-06-17-23-53-e1730936364477.jpg\",\"datePublished\":\"2024-11-06T22:30:22+00:00\",\"dateModified\":\"2024-11-06T23:40:35+00:00\",\"description\":\"Festival de Cine Filminist: Un espacio para visibilizar el cine hecho por mujeres en Quer\u00e9taro\",\"breadcrumb\":{\"@id\":\"https:\/\/www.nexoinformativo.mx\/index.php\/2024\/11\/06\/festival-de-cine-filminist-un-espacio-para-visibilizar-el-cine-hecho-por-mujeres-en-queretaro\/#breadcrumb\"},\"inLanguage\":\"es\",\"potentialAction\":[{\"@type\":\"ReadAction\",\"target\":[\"https:\/\/www.nexoinformativo.mx\/index.php\/2024\/11\/06\/festival-de-cine-filminist-un-espacio-para-visibilizar-el-cine-hecho-por-mujeres-en-queretaro\/\"]}]},{\"@type\":\"ImageObject\",\"inLanguage\":\"es\",\"@id\":\"https:\/\/www.nexoinformativo.mx\/index.php\/2024\/11\/06\/festival-de-cine-filminist-un-espacio-para-visibilizar-el-cine-hecho-por-mujeres-en-queretaro\/#primaryimage\",\"url\":\"https:\/\/www.nexoinformativo.mx\/wp-content\/uploads\/2024\/11\/PHOTO-2024-11-06-17-23-53-e1730936364477.jpg\",\"contentUrl\":\"https:\/\/www.nexoinformativo.mx\/wp-content\/uploads\/2024\/11\/PHOTO-2024-11-06-17-23-53-e1730936364477.jpg\",\"width\":800,\"height\":739},{\"@type\":\"BreadcrumbList\",\"@id\":\"https:\/\/www.nexoinformativo.mx\/index.php\/2024\/11\/06\/festival-de-cine-filminist-un-espacio-para-visibilizar-el-cine-hecho-por-mujeres-en-queretaro\/#breadcrumb\",\"itemListElement\":[{\"@type\":\"ListItem\",\"position\":1,\"name\":\"Inicio\",\"item\":\"https:\/\/www.nexoinformativo.mx\/\"},{\"@type\":\"ListItem\",\"position\":2,\"name\":\"Festival de Cine Filminist: Un espacio para visibilizar el cine hecho por mujeres en Quer\u00e9taro\"}]},{\"@type\":\"WebSite\",\"@id\":\"https:\/\/www.nexoinformativo.mx\/#website\",\"url\":\"https:\/\/www.nexoinformativo.mx\/\",\"name\":\"Nexo Informativo Santiago de Quer\u00e9taro\",\"description\":\"Explora NexoInformativo y convi\u00e9rtete en parte de una comunidad que valora el conocimiento y la verdad. Tu nexoinformativo es tu puente hacia una comprensi\u00f3n m\u00e1s profunda del mundo que te rodea.\",\"publisher\":{\"@id\":\"https:\/\/www.nexoinformativo.mx\/#organization\"},\"potentialAction\":[{\"@type\":\"SearchAction\",\"target\":{\"@type\":\"EntryPoint\",\"urlTemplate\":\"https:\/\/www.nexoinformativo.mx\/?s={search_term_string}\"},\"query-input\":{\"@type\":\"PropertyValueSpecification\",\"valueRequired\":true,\"valueName\":\"search_term_string\"}}],\"inLanguage\":\"es\"},{\"@type\":\"Organization\",\"@id\":\"https:\/\/www.nexoinformativo.mx\/#organization\",\"name\":\"Nexo Informativo Santiago de Quer\u00e9taro\",\"url\":\"https:\/\/www.nexoinformativo.mx\/\",\"logo\":{\"@type\":\"ImageObject\",\"inLanguage\":\"es\",\"@id\":\"https:\/\/www.nexoinformativo.mx\/#\/schema\/logo\/image\/\",\"url\":\"https:\/\/www.nexoinformativo.mx\/wp-content\/uploads\/2024\/07\/nexoi-trasparente-2.png\",\"contentUrl\":\"https:\/\/www.nexoinformativo.mx\/wp-content\/uploads\/2024\/07\/nexoi-trasparente-2.png\",\"width\":816,\"height\":339,\"caption\":\"Nexo Informativo Santiago de Quer\u00e9taro\"},\"image\":{\"@id\":\"https:\/\/www.nexoinformativo.mx\/#\/schema\/logo\/image\/\"},\"sameAs\":[\"https:\/\/www.facebook.com\/people\/Nexo-Informativo\/61564066885511\/\"]},{\"@type\":\"Person\",\"@id\":\"https:\/\/www.nexoinformativo.mx\/#\/schema\/person\/7749d380ba08c8ca00d7bc76fd907b7d\",\"name\":\"Nexo Informativo\",\"image\":{\"@type\":\"ImageObject\",\"inLanguage\":\"es\",\"@id\":\"https:\/\/www.nexoinformativo.mx\/#\/schema\/person\/image\/\",\"url\":\"https:\/\/secure.gravatar.com\/avatar\/dde2928154642a13d95f87ddf1ea9718fe2b46760a005c53e41ff5ad610704e6?s=96&d=mm&r=g\",\"contentUrl\":\"https:\/\/secure.gravatar.com\/avatar\/dde2928154642a13d95f87ddf1ea9718fe2b46760a005c53e41ff5ad610704e6?s=96&d=mm&r=g\",\"caption\":\"Nexo Informativo\"},\"url\":\"https:\/\/www.nexoinformativo.mx\/index.php\/author\/edicion\/\"}]}<\/script>\n<!-- \/ Yoast SEO plugin. -->","yoast_head_json":{"title":"Festival de Cine Filminist: Un espacio para visibilizar el cine hecho por mujeres en Quer\u00e9taro | Nexo Informativo Santiago de Quer\u00e9taro","description":"Festival de Cine Filminist: Un espacio para visibilizar el cine hecho por mujeres en Quer\u00e9taro","robots":{"index":"index","follow":"follow","max-snippet":"max-snippet:-1","max-image-preview":"max-image-preview:large","max-video-preview":"max-video-preview:-1"},"canonical":"https:\/\/www.nexoinformativo.mx\/index.php\/2024\/11\/06\/festival-de-cine-filminist-un-espacio-para-visibilizar-el-cine-hecho-por-mujeres-en-queretaro\/","og_locale":"es_MX","og_type":"article","og_title":"Festival de Cine Filminist: Un espacio para visibilizar el cine hecho por mujeres en Quer\u00e9taro | Nexo Informativo Santiago de Quer\u00e9taro","og_description":"Festival de Cine Filminist: Un espacio para visibilizar el cine hecho por mujeres en Quer\u00e9taro","og_url":"https:\/\/www.nexoinformativo.mx\/index.php\/2024\/11\/06\/festival-de-cine-filminist-un-espacio-para-visibilizar-el-cine-hecho-por-mujeres-en-queretaro\/","og_site_name":"Nexo Informativo Santiago de Quer\u00e9taro","article_publisher":"https:\/\/www.facebook.com\/people\/Nexo-Informativo\/61564066885511\/","article_published_time":"2024-11-06T22:30:22+00:00","article_modified_time":"2024-11-06T23:40:35+00:00","og_image":[{"width":800,"height":739,"url":"https:\/\/www.nexoinformativo.mx\/wp-content\/uploads\/2024\/11\/PHOTO-2024-11-06-17-23-53-e1730936364477.jpg","type":"image\/jpeg"}],"author":"Nexo Informativo","twitter_card":"summary_large_image","twitter_misc":{"Escrito por":"Nexo Informativo","Tiempo de lectura":"2 minutos"},"schema":{"@context":"https:\/\/schema.org","@graph":[{"@type":"Article","@id":"https:\/\/www.nexoinformativo.mx\/index.php\/2024\/11\/06\/festival-de-cine-filminist-un-espacio-para-visibilizar-el-cine-hecho-por-mujeres-en-queretaro\/#article","isPartOf":{"@id":"https:\/\/www.nexoinformativo.mx\/index.php\/2024\/11\/06\/festival-de-cine-filminist-un-espacio-para-visibilizar-el-cine-hecho-por-mujeres-en-queretaro\/"},"author":{"name":"Nexo Informativo","@id":"https:\/\/www.nexoinformativo.mx\/#\/schema\/person\/7749d380ba08c8ca00d7bc76fd907b7d"},"headline":"Festival de Cine Filminist: Un espacio para visibilizar el cine hecho por mujeres en Quer\u00e9taro","datePublished":"2024-11-06T22:30:22+00:00","dateModified":"2024-11-06T23:40:35+00:00","mainEntityOfPage":{"@id":"https:\/\/www.nexoinformativo.mx\/index.php\/2024\/11\/06\/festival-de-cine-filminist-un-espacio-para-visibilizar-el-cine-hecho-por-mujeres-en-queretaro\/"},"wordCount":240,"commentCount":0,"publisher":{"@id":"https:\/\/www.nexoinformativo.mx\/#organization"},"image":{"@id":"https:\/\/www.nexoinformativo.mx\/index.php\/2024\/11\/06\/festival-de-cine-filminist-un-espacio-para-visibilizar-el-cine-hecho-por-mujeres-en-queretaro\/#primaryimage"},"thumbnailUrl":"https:\/\/www.nexoinformativo.mx\/wp-content\/uploads\/2024\/11\/PHOTO-2024-11-06-17-23-53-e1730936364477.jpg","keywords":["CineFemenino","FestivalDeCine","Filminist","Quer\u00e9taro"],"articleSection":["Espect\u00e1culos","\u00daltima Hora"],"inLanguage":"es","potentialAction":[{"@type":"CommentAction","name":"Comment","target":["https:\/\/www.nexoinformativo.mx\/index.php\/2024\/11\/06\/festival-de-cine-filminist-un-espacio-para-visibilizar-el-cine-hecho-por-mujeres-en-queretaro\/#respond"]}]},{"@type":"WebPage","@id":"https:\/\/www.nexoinformativo.mx\/index.php\/2024\/11\/06\/festival-de-cine-filminist-un-espacio-para-visibilizar-el-cine-hecho-por-mujeres-en-queretaro\/","url":"https:\/\/www.nexoinformativo.mx\/index.php\/2024\/11\/06\/festival-de-cine-filminist-un-espacio-para-visibilizar-el-cine-hecho-por-mujeres-en-queretaro\/","name":"Festival de Cine Filminist: Un espacio para visibilizar el cine hecho por mujeres en Quer\u00e9taro | Nexo Informativo Santiago de Quer\u00e9taro","isPartOf":{"@id":"https:\/\/www.nexoinformativo.mx\/#website"},"primaryImageOfPage":{"@id":"https:\/\/www.nexoinformativo.mx\/index.php\/2024\/11\/06\/festival-de-cine-filminist-un-espacio-para-visibilizar-el-cine-hecho-por-mujeres-en-queretaro\/#primaryimage"},"image":{"@id":"https:\/\/www.nexoinformativo.mx\/index.php\/2024\/11\/06\/festival-de-cine-filminist-un-espacio-para-visibilizar-el-cine-hecho-por-mujeres-en-queretaro\/#primaryimage"},"thumbnailUrl":"https:\/\/www.nexoinformativo.mx\/wp-content\/uploads\/2024\/11\/PHOTO-2024-11-06-17-23-53-e1730936364477.jpg","datePublished":"2024-11-06T22:30:22+00:00","dateModified":"2024-11-06T23:40:35+00:00","description":"Festival de Cine Filminist: Un espacio para visibilizar el cine hecho por mujeres en Quer\u00e9taro","breadcrumb":{"@id":"https:\/\/www.nexoinformativo.mx\/index.php\/2024\/11\/06\/festival-de-cine-filminist-un-espacio-para-visibilizar-el-cine-hecho-por-mujeres-en-queretaro\/#breadcrumb"},"inLanguage":"es","potentialAction":[{"@type":"ReadAction","target":["https:\/\/www.nexoinformativo.mx\/index.php\/2024\/11\/06\/festival-de-cine-filminist-un-espacio-para-visibilizar-el-cine-hecho-por-mujeres-en-queretaro\/"]}]},{"@type":"ImageObject","inLanguage":"es","@id":"https:\/\/www.nexoinformativo.mx\/index.php\/2024\/11\/06\/festival-de-cine-filminist-un-espacio-para-visibilizar-el-cine-hecho-por-mujeres-en-queretaro\/#primaryimage","url":"https:\/\/www.nexoinformativo.mx\/wp-content\/uploads\/2024\/11\/PHOTO-2024-11-06-17-23-53-e1730936364477.jpg","contentUrl":"https:\/\/www.nexoinformativo.mx\/wp-content\/uploads\/2024\/11\/PHOTO-2024-11-06-17-23-53-e1730936364477.jpg","width":800,"height":739},{"@type":"BreadcrumbList","@id":"https:\/\/www.nexoinformativo.mx\/index.php\/2024\/11\/06\/festival-de-cine-filminist-un-espacio-para-visibilizar-el-cine-hecho-por-mujeres-en-queretaro\/#breadcrumb","itemListElement":[{"@type":"ListItem","position":1,"name":"Inicio","item":"https:\/\/www.nexoinformativo.mx\/"},{"@type":"ListItem","position":2,"name":"Festival de Cine Filminist: Un espacio para visibilizar el cine hecho por mujeres en Quer\u00e9taro"}]},{"@type":"WebSite","@id":"https:\/\/www.nexoinformativo.mx\/#website","url":"https:\/\/www.nexoinformativo.mx\/","name":"Nexo Informativo Santiago de Quer\u00e9taro","description":"Explora NexoInformativo y convi\u00e9rtete en parte de una comunidad que valora el conocimiento y la verdad. Tu nexoinformativo es tu puente hacia una comprensi\u00f3n m\u00e1s profunda del mundo que te rodea.","publisher":{"@id":"https:\/\/www.nexoinformativo.mx\/#organization"},"potentialAction":[{"@type":"SearchAction","target":{"@type":"EntryPoint","urlTemplate":"https:\/\/www.nexoinformativo.mx\/?s={search_term_string}"},"query-input":{"@type":"PropertyValueSpecification","valueRequired":true,"valueName":"search_term_string"}}],"inLanguage":"es"},{"@type":"Organization","@id":"https:\/\/www.nexoinformativo.mx\/#organization","name":"Nexo Informativo Santiago de Quer\u00e9taro","url":"https:\/\/www.nexoinformativo.mx\/","logo":{"@type":"ImageObject","inLanguage":"es","@id":"https:\/\/www.nexoinformativo.mx\/#\/schema\/logo\/image\/","url":"https:\/\/www.nexoinformativo.mx\/wp-content\/uploads\/2024\/07\/nexoi-trasparente-2.png","contentUrl":"https:\/\/www.nexoinformativo.mx\/wp-content\/uploads\/2024\/07\/nexoi-trasparente-2.png","width":816,"height":339,"caption":"Nexo Informativo Santiago de Quer\u00e9taro"},"image":{"@id":"https:\/\/www.nexoinformativo.mx\/#\/schema\/logo\/image\/"},"sameAs":["https:\/\/www.facebook.com\/people\/Nexo-Informativo\/61564066885511\/"]},{"@type":"Person","@id":"https:\/\/www.nexoinformativo.mx\/#\/schema\/person\/7749d380ba08c8ca00d7bc76fd907b7d","name":"Nexo Informativo","image":{"@type":"ImageObject","inLanguage":"es","@id":"https:\/\/www.nexoinformativo.mx\/#\/schema\/person\/image\/","url":"https:\/\/secure.gravatar.com\/avatar\/dde2928154642a13d95f87ddf1ea9718fe2b46760a005c53e41ff5ad610704e6?s=96&d=mm&r=g","contentUrl":"https:\/\/secure.gravatar.com\/avatar\/dde2928154642a13d95f87ddf1ea9718fe2b46760a005c53e41ff5ad610704e6?s=96&d=mm&r=g","caption":"Nexo Informativo"},"url":"https:\/\/www.nexoinformativo.mx\/index.php\/author\/edicion\/"}]}},"_links":{"self":[{"href":"https:\/\/www.nexoinformativo.mx\/index.php\/wp-json\/wp\/v2\/posts\/5512","targetHints":{"allow":["GET"]}}],"collection":[{"href":"https:\/\/www.nexoinformativo.mx\/index.php\/wp-json\/wp\/v2\/posts"}],"about":[{"href":"https:\/\/www.nexoinformativo.mx\/index.php\/wp-json\/wp\/v2\/types\/post"}],"author":[{"embeddable":true,"href":"https:\/\/www.nexoinformativo.mx\/index.php\/wp-json\/wp\/v2\/users\/3"}],"replies":[{"embeddable":true,"href":"https:\/\/www.nexoinformativo.mx\/index.php\/wp-json\/wp\/v2\/comments?post=5512"}],"version-history":[{"count":4,"href":"https:\/\/www.nexoinformativo.mx\/index.php\/wp-json\/wp\/v2\/posts\/5512\/revisions"}],"predecessor-version":[{"id":5517,"href":"https:\/\/www.nexoinformativo.mx\/index.php\/wp-json\/wp\/v2\/posts\/5512\/revisions\/5517"}],"wp:featuredmedia":[{"embeddable":true,"href":"https:\/\/www.nexoinformativo.mx\/index.php\/wp-json\/wp\/v2\/media\/5513"}],"wp:attachment":[{"href":"https:\/\/www.nexoinformativo.mx\/index.php\/wp-json\/wp\/v2\/media?parent=5512"}],"wp:term":[{"taxonomy":"category","embeddable":true,"href":"https:\/\/www.nexoinformativo.mx\/index.php\/wp-json\/wp\/v2\/categories?post=5512"},{"taxonomy":"post_tag","embeddable":true,"href":"https:\/\/www.nexoinformativo.mx\/index.php\/wp-json\/wp\/v2\/tags?post=5512"}],"curies":[{"name":"wp","href":"https:\/\/api.w.org\/{rel}","templated":true}]}}