{"id":5518,"date":"2024-11-06T18:00:19","date_gmt":"2024-11-07T00:00:19","guid":{"rendered":"https:\/\/www.nexoinformativo.mx\/?p=5518"},"modified":"2024-11-06T19:13:02","modified_gmt":"2024-11-07T01:13:02","slug":"claudia-sheinbaum-se-reune-con-larry-fink-de-presidente-de-blackrock-para-impulsar-la-economia-mexicana","status":"publish","type":"post","link":"https:\/\/www.nexoinformativo.mx\/index.php\/2024\/11\/06\/claudia-sheinbaum-se-reune-con-larry-fink-de-presidente-de-blackrock-para-impulsar-la-economia-mexicana\/","title":{"rendered":"Claudia Sheinbaum se re\u00fane con Larry Fink Presidente de BlackRock para impulsar la econom\u00eda mexicana"},"content":{"rendered":"<p style=\"text-align: justify;\">La presidenta de M\u00e9xico Claudia Sheinbaum\u00a0se reuni\u00f3 con Larry Fink, presidente de BlackRock, en Palacio Nacional para discutir la fortaleza de la econom\u00eda mexicana y la relevancia del Tratado entre M\u00e9xico, Estados Unidos y Canad\u00e1 (T-MEC).<\/p>\n<p>&nbsp;<\/p>\n<p style=\"text-align: justify;\">Este encuentro se produce tras la reciente presentaci\u00f3n del gobierno de Sheinbaum sobre la estrategia en el sector el\u00e9ctrico del pa\u00eds y un d\u00eda despu\u00e9s de las elecciones en EE. UU. BlackRock, uno de los fondos de inversi\u00f3n m\u00e1s grandes del mundo, ha mostrado un creciente inter\u00e9s en M\u00e9xico debido a las oportunidades que ofrece la relocalizaci\u00f3n y el atractivo retorno de inversi\u00f3n.<\/p>\n<p>&nbsp;<\/p>\n<p style=\"text-align: justify;\">Este es el segundo encuentro entre Sheinbaum y Fink desde que la mandataria asumi\u00f3 la presidencia en junio pasado. Durante la reuni\u00f3n, que dur\u00f3 cerca de una hora, tambi\u00e9n estuvo presente Adebayo Ogunlesi, director ejecutivo de Global Infrastructure Partners, un fondo de inversi\u00f3n enfocado en infraestructura.<\/p>\n<p>&nbsp;<\/p>\n<p style=\"text-align: justify;\">A trav\u00e9s de sus redes sociales, Sheinbaum comparti\u00f3 que la conversaci\u00f3n gir\u00f3 en torno a temas cruciales para el desarrollo econ\u00f3mico del pa\u00eds.<\/p>\n<p>&nbsp;<\/p>\n<p style=\"text-align: justify;\">La reuni\u00f3n resalta la importancia de fortalecer la relaci\u00f3n con inversores internacionales en un contexto donde la econom\u00eda mexicana busca adaptarse y crecer ante los desaf\u00edos globales.<\/p>\n<p>&nbsp;<\/p>\n<p style=\"text-align: center;\"><em><strong>\u00a1Informaci\u00f3n que transforma!<\/strong><\/em><\/p>\n","protected":false},"excerpt":{"rendered":"<p>La presidenta de M\u00e9xico Claudia Sheinbaum\u00a0se reuni\u00f3 con Larry Fink, presidente de BlackRock, en Palacio Nacional para discutir la fortaleza de la econom\u00eda mexicana y la relevancia del Tratado entre M\u00e9xico, Estados Unidos y Canad\u00e1 (T-MEC). &nbsp; Este encuentro se produce tras la reciente presentaci\u00f3n del gobierno de Sheinbaum sobre la estrategia en el sector [&hellip;]<\/p>\n","protected":false},"author":3,"featured_media":5519,"comment_status":"open","ping_status":"open","sticky":false,"template":"","format":"standard","meta":{"footnotes":""},"categories":[5,88,58],"tags":[967,951,1905,1437],"class_list":["post-5518","post","type-post","status-publish","format-standard","has-post-thumbnail","hentry","category-economia","category-nacional","category-ultima-hora","tag-claudiasheinbaum","tag-economiamexicana","tag-larryfink","tag-tmec"],"yoast_head":"<!-- This site is optimized with the Yoast SEO plugin v25.0 - https:\/\/yoast.com\/wordpress\/plugins\/seo\/ -->\n<title>Claudia Sheinbaum se re\u00fane con Larry Fink Presidente de BlackRock para impulsar la econom\u00eda mexicana | Nexo Informativo Santiago de Quer\u00e9taro<\/title>\n<meta name=\"description\" content=\"Claudia Sheinbaum se re\u00fane con Larry Fink de Presidente de BlackRock para impulsar la econom\u00eda mexicana\" \/>\n<meta name=\"robots\" content=\"index, follow, max-snippet:-1, max-image-preview:large, max-video-preview:-1\" \/>\n<link rel=\"canonical\" href=\"https:\/\/www.nexoinformativo.mx\/index.php\/2024\/11\/06\/claudia-sheinbaum-se-reune-con-larry-fink-de-presidente-de-blackrock-para-impulsar-la-economia-mexicana\/\" \/>\n<meta property=\"og:locale\" content=\"es_MX\" \/>\n<meta property=\"og:type\" content=\"article\" \/>\n<meta property=\"og:title\" content=\"Claudia Sheinbaum se re\u00fane con Larry Fink Presidente de BlackRock para impulsar la econom\u00eda mexicana | Nexo Informativo Santiago de Quer\u00e9taro\" \/>\n<meta property=\"og:description\" content=\"Claudia Sheinbaum se re\u00fane con Larry Fink de Presidente de BlackRock para impulsar la econom\u00eda mexicana\" \/>\n<meta property=\"og:url\" content=\"https:\/\/www.nexoinformativo.mx\/index.php\/2024\/11\/06\/claudia-sheinbaum-se-reune-con-larry-fink-de-presidente-de-blackrock-para-impulsar-la-economia-mexicana\/\" \/>\n<meta property=\"og:site_name\" content=\"Nexo Informativo Santiago de Quer\u00e9taro\" \/>\n<meta property=\"article:publisher\" content=\"https:\/\/www.facebook.com\/people\/Nexo-Informativo\/61564066885511\/\" \/>\n<meta property=\"article:published_time\" content=\"2024-11-07T00:00:19+00:00\" \/>\n<meta property=\"article:modified_time\" content=\"2024-11-07T01:13:02+00:00\" \/>\n<meta property=\"og:image\" content=\"https:\/\/www.nexoinformativo.mx\/wp-content\/uploads\/2024\/11\/IMG_7547-e1730941882295.jpg\" \/>\n\t<meta property=\"og:image:width\" content=\"700\" \/>\n\t<meta property=\"og:image:height\" content=\"865\" \/>\n\t<meta property=\"og:image:type\" content=\"image\/jpeg\" \/>\n<meta name=\"author\" content=\"Nexo Informativo\" \/>\n<meta name=\"twitter:card\" content=\"summary_large_image\" \/>\n<meta name=\"twitter:label1\" content=\"Escrito por\" \/>\n\t<meta name=\"twitter:data1\" content=\"Nexo Informativo\" \/>\n\t<meta name=\"twitter:label2\" content=\"Tiempo de lectura\" \/>\n\t<meta name=\"twitter:data2\" content=\"2 minutos\" \/>\n<script type=\"application\/ld+json\" class=\"yoast-schema-graph\">{\"@context\":\"https:\/\/schema.org\",\"@graph\":[{\"@type\":\"Article\",\"@id\":\"https:\/\/www.nexoinformativo.mx\/index.php\/2024\/11\/06\/claudia-sheinbaum-se-reune-con-larry-fink-de-presidente-de-blackrock-para-impulsar-la-economia-mexicana\/#article\",\"isPartOf\":{\"@id\":\"https:\/\/www.nexoinformativo.mx\/index.php\/2024\/11\/06\/claudia-sheinbaum-se-reune-con-larry-fink-de-presidente-de-blackrock-para-impulsar-la-economia-mexicana\/\"},\"author\":{\"name\":\"Nexo Informativo\",\"@id\":\"https:\/\/www.nexoinformativo.mx\/#\/schema\/person\/7749d380ba08c8ca00d7bc76fd907b7d\"},\"headline\":\"Claudia Sheinbaum se re\u00fane con Larry Fink Presidente de BlackRock para impulsar la econom\u00eda mexicana\",\"datePublished\":\"2024-11-07T00:00:19+00:00\",\"dateModified\":\"2024-11-07T01:13:02+00:00\",\"mainEntityOfPage\":{\"@id\":\"https:\/\/www.nexoinformativo.mx\/index.php\/2024\/11\/06\/claudia-sheinbaum-se-reune-con-larry-fink-de-presidente-de-blackrock-para-impulsar-la-economia-mexicana\/\"},\"wordCount\":247,\"commentCount\":0,\"publisher\":{\"@id\":\"https:\/\/www.nexoinformativo.mx\/#organization\"},\"image\":{\"@id\":\"https:\/\/www.nexoinformativo.mx\/index.php\/2024\/11\/06\/claudia-sheinbaum-se-reune-con-larry-fink-de-presidente-de-blackrock-para-impulsar-la-economia-mexicana\/#primaryimage\"},\"thumbnailUrl\":\"https:\/\/www.nexoinformativo.mx\/wp-content\/uploads\/2024\/11\/IMG_7547-e1730941882295.jpg\",\"keywords\":[\"ClaudiaSheinbaum\",\"Econom\u00edaMexicana\",\"LarryFink\",\"TMEC\"],\"articleSection\":[\"Econom\u00eda\",\"Nacional\",\"\u00daltima Hora\"],\"inLanguage\":\"es\",\"potentialAction\":[{\"@type\":\"CommentAction\",\"name\":\"Comment\",\"target\":[\"https:\/\/www.nexoinformativo.mx\/index.php\/2024\/11\/06\/claudia-sheinbaum-se-reune-con-larry-fink-de-presidente-de-blackrock-para-impulsar-la-economia-mexicana\/#respond\"]}]},{\"@type\":\"WebPage\",\"@id\":\"https:\/\/www.nexoinformativo.mx\/index.php\/2024\/11\/06\/claudia-sheinbaum-se-reune-con-larry-fink-de-presidente-de-blackrock-para-impulsar-la-economia-mexicana\/\",\"url\":\"https:\/\/www.nexoinformativo.mx\/index.php\/2024\/11\/06\/claudia-sheinbaum-se-reune-con-larry-fink-de-presidente-de-blackrock-para-impulsar-la-economia-mexicana\/\",\"name\":\"Claudia Sheinbaum se re\u00fane con Larry Fink Presidente de BlackRock para impulsar la econom\u00eda mexicana | Nexo Informativo Santiago de Quer\u00e9taro\",\"isPartOf\":{\"@id\":\"https:\/\/www.nexoinformativo.mx\/#website\"},\"primaryImageOfPage\":{\"@id\":\"https:\/\/www.nexoinformativo.mx\/index.php\/2024\/11\/06\/claudia-sheinbaum-se-reune-con-larry-fink-de-presidente-de-blackrock-para-impulsar-la-economia-mexicana\/#primaryimage\"},\"image\":{\"@id\":\"https:\/\/www.nexoinformativo.mx\/index.php\/2024\/11\/06\/claudia-sheinbaum-se-reune-con-larry-fink-de-presidente-de-blackrock-para-impulsar-la-economia-mexicana\/#primaryimage\"},\"thumbnailUrl\":\"https:\/\/www.nexoinformativo.mx\/wp-content\/uploads\/2024\/11\/IMG_7547-e1730941882295.jpg\",\"datePublished\":\"2024-11-07T00:00:19+00:00\",\"dateModified\":\"2024-11-07T01:13:02+00:00\",\"description\":\"Claudia Sheinbaum se re\u00fane con Larry Fink de Presidente de BlackRock para impulsar la econom\u00eda mexicana\",\"breadcrumb\":{\"@id\":\"https:\/\/www.nexoinformativo.mx\/index.php\/2024\/11\/06\/claudia-sheinbaum-se-reune-con-larry-fink-de-presidente-de-blackrock-para-impulsar-la-economia-mexicana\/#breadcrumb\"},\"inLanguage\":\"es\",\"potentialAction\":[{\"@type\":\"ReadAction\",\"target\":[\"https:\/\/www.nexoinformativo.mx\/index.php\/2024\/11\/06\/claudia-sheinbaum-se-reune-con-larry-fink-de-presidente-de-blackrock-para-impulsar-la-economia-mexicana\/\"]}]},{\"@type\":\"ImageObject\",\"inLanguage\":\"es\",\"@id\":\"https:\/\/www.nexoinformativo.mx\/index.php\/2024\/11\/06\/claudia-sheinbaum-se-reune-con-larry-fink-de-presidente-de-blackrock-para-impulsar-la-economia-mexicana\/#primaryimage\",\"url\":\"https:\/\/www.nexoinformativo.mx\/wp-content\/uploads\/2024\/11\/IMG_7547-e1730941882295.jpg\",\"contentUrl\":\"https:\/\/www.nexoinformativo.mx\/wp-content\/uploads\/2024\/11\/IMG_7547-e1730941882295.jpg\",\"width\":700,\"height\":865,\"caption\":\"Screenshot\"},{\"@type\":\"BreadcrumbList\",\"@id\":\"https:\/\/www.nexoinformativo.mx\/index.php\/2024\/11\/06\/claudia-sheinbaum-se-reune-con-larry-fink-de-presidente-de-blackrock-para-impulsar-la-economia-mexicana\/#breadcrumb\",\"itemListElement\":[{\"@type\":\"ListItem\",\"position\":1,\"name\":\"Inicio\",\"item\":\"https:\/\/www.nexoinformativo.mx\/\"},{\"@type\":\"ListItem\",\"position\":2,\"name\":\"Claudia Sheinbaum se re\u00fane con Larry Fink Presidente de BlackRock para impulsar la econom\u00eda mexicana\"}]},{\"@type\":\"WebSite\",\"@id\":\"https:\/\/www.nexoinformativo.mx\/#website\",\"url\":\"https:\/\/www.nexoinformativo.mx\/\",\"name\":\"Nexo Informativo Santiago de Quer\u00e9taro\",\"description\":\"Explora NexoInformativo y convi\u00e9rtete en parte de una comunidad que valora el conocimiento y la verdad. Tu nexoinformativo es tu puente hacia una comprensi\u00f3n m\u00e1s profunda del mundo que te rodea.\",\"publisher\":{\"@id\":\"https:\/\/www.nexoinformativo.mx\/#organization\"},\"potentialAction\":[{\"@type\":\"SearchAction\",\"target\":{\"@type\":\"EntryPoint\",\"urlTemplate\":\"https:\/\/www.nexoinformativo.mx\/?s={search_term_string}\"},\"query-input\":{\"@type\":\"PropertyValueSpecification\",\"valueRequired\":true,\"valueName\":\"search_term_string\"}}],\"inLanguage\":\"es\"},{\"@type\":\"Organization\",\"@id\":\"https:\/\/www.nexoinformativo.mx\/#organization\",\"name\":\"Nexo Informativo Santiago de Quer\u00e9taro\",\"url\":\"https:\/\/www.nexoinformativo.mx\/\",\"logo\":{\"@type\":\"ImageObject\",\"inLanguage\":\"es\",\"@id\":\"https:\/\/www.nexoinformativo.mx\/#\/schema\/logo\/image\/\",\"url\":\"https:\/\/www.nexoinformativo.mx\/wp-content\/uploads\/2024\/07\/nexoi-trasparente-2.png\",\"contentUrl\":\"https:\/\/www.nexoinformativo.mx\/wp-content\/uploads\/2024\/07\/nexoi-trasparente-2.png\",\"width\":816,\"height\":339,\"caption\":\"Nexo Informativo Santiago de Quer\u00e9taro\"},\"image\":{\"@id\":\"https:\/\/www.nexoinformativo.mx\/#\/schema\/logo\/image\/\"},\"sameAs\":[\"https:\/\/www.facebook.com\/people\/Nexo-Informativo\/61564066885511\/\"]},{\"@type\":\"Person\",\"@id\":\"https:\/\/www.nexoinformativo.mx\/#\/schema\/person\/7749d380ba08c8ca00d7bc76fd907b7d\",\"name\":\"Nexo Informativo\",\"image\":{\"@type\":\"ImageObject\",\"inLanguage\":\"es\",\"@id\":\"https:\/\/www.nexoinformativo.mx\/#\/schema\/person\/image\/\",\"url\":\"https:\/\/secure.gravatar.com\/avatar\/dde2928154642a13d95f87ddf1ea9718fe2b46760a005c53e41ff5ad610704e6?s=96&d=mm&r=g\",\"contentUrl\":\"https:\/\/secure.gravatar.com\/avatar\/dde2928154642a13d95f87ddf1ea9718fe2b46760a005c53e41ff5ad610704e6?s=96&d=mm&r=g\",\"caption\":\"Nexo Informativo\"},\"url\":\"https:\/\/www.nexoinformativo.mx\/index.php\/author\/edicion\/\"}]}<\/script>\n<!-- \/ Yoast SEO plugin. -->","yoast_head_json":{"title":"Claudia Sheinbaum se re\u00fane con Larry Fink Presidente de BlackRock para impulsar la econom\u00eda mexicana | Nexo Informativo Santiago de Quer\u00e9taro","description":"Claudia Sheinbaum se re\u00fane con Larry Fink de Presidente de BlackRock para impulsar la econom\u00eda mexicana","robots":{"index":"index","follow":"follow","max-snippet":"max-snippet:-1","max-image-preview":"max-image-preview:large","max-video-preview":"max-video-preview:-1"},"canonical":"https:\/\/www.nexoinformativo.mx\/index.php\/2024\/11\/06\/claudia-sheinbaum-se-reune-con-larry-fink-de-presidente-de-blackrock-para-impulsar-la-economia-mexicana\/","og_locale":"es_MX","og_type":"article","og_title":"Claudia Sheinbaum se re\u00fane con Larry Fink Presidente de BlackRock para impulsar la econom\u00eda mexicana | Nexo Informativo Santiago de Quer\u00e9taro","og_description":"Claudia Sheinbaum se re\u00fane con Larry Fink de Presidente de BlackRock para impulsar la econom\u00eda mexicana","og_url":"https:\/\/www.nexoinformativo.mx\/index.php\/2024\/11\/06\/claudia-sheinbaum-se-reune-con-larry-fink-de-presidente-de-blackrock-para-impulsar-la-economia-mexicana\/","og_site_name":"Nexo Informativo Santiago de Quer\u00e9taro","article_publisher":"https:\/\/www.facebook.com\/people\/Nexo-Informativo\/61564066885511\/","article_published_time":"2024-11-07T00:00:19+00:00","article_modified_time":"2024-11-07T01:13:02+00:00","og_image":[{"width":700,"height":865,"url":"https:\/\/www.nexoinformativo.mx\/wp-content\/uploads\/2024\/11\/IMG_7547-e1730941882295.jpg","type":"image\/jpeg"}],"author":"Nexo Informativo","twitter_card":"summary_large_image","twitter_misc":{"Escrito por":"Nexo Informativo","Tiempo de lectura":"2 minutos"},"schema":{"@context":"https:\/\/schema.org","@graph":[{"@type":"Article","@id":"https:\/\/www.nexoinformativo.mx\/index.php\/2024\/11\/06\/claudia-sheinbaum-se-reune-con-larry-fink-de-presidente-de-blackrock-para-impulsar-la-economia-mexicana\/#article","isPartOf":{"@id":"https:\/\/www.nexoinformativo.mx\/index.php\/2024\/11\/06\/claudia-sheinbaum-se-reune-con-larry-fink-de-presidente-de-blackrock-para-impulsar-la-economia-mexicana\/"},"author":{"name":"Nexo Informativo","@id":"https:\/\/www.nexoinformativo.mx\/#\/schema\/person\/7749d380ba08c8ca00d7bc76fd907b7d"},"headline":"Claudia Sheinbaum se re\u00fane con Larry Fink Presidente de BlackRock para impulsar la econom\u00eda mexicana","datePublished":"2024-11-07T00:00:19+00:00","dateModified":"2024-11-07T01:13:02+00:00","mainEntityOfPage":{"@id":"https:\/\/www.nexoinformativo.mx\/index.php\/2024\/11\/06\/claudia-sheinbaum-se-reune-con-larry-fink-de-presidente-de-blackrock-para-impulsar-la-economia-mexicana\/"},"wordCount":247,"commentCount":0,"publisher":{"@id":"https:\/\/www.nexoinformativo.mx\/#organization"},"image":{"@id":"https:\/\/www.nexoinformativo.mx\/index.php\/2024\/11\/06\/claudia-sheinbaum-se-reune-con-larry-fink-de-presidente-de-blackrock-para-impulsar-la-economia-mexicana\/#primaryimage"},"thumbnailUrl":"https:\/\/www.nexoinformativo.mx\/wp-content\/uploads\/2024\/11\/IMG_7547-e1730941882295.jpg","keywords":["ClaudiaSheinbaum","Econom\u00edaMexicana","LarryFink","TMEC"],"articleSection":["Econom\u00eda","Nacional","\u00daltima Hora"],"inLanguage":"es","potentialAction":[{"@type":"CommentAction","name":"Comment","target":["https:\/\/www.nexoinformativo.mx\/index.php\/2024\/11\/06\/claudia-sheinbaum-se-reune-con-larry-fink-de-presidente-de-blackrock-para-impulsar-la-economia-mexicana\/#respond"]}]},{"@type":"WebPage","@id":"https:\/\/www.nexoinformativo.mx\/index.php\/2024\/11\/06\/claudia-sheinbaum-se-reune-con-larry-fink-de-presidente-de-blackrock-para-impulsar-la-economia-mexicana\/","url":"https:\/\/www.nexoinformativo.mx\/index.php\/2024\/11\/06\/claudia-sheinbaum-se-reune-con-larry-fink-de-presidente-de-blackrock-para-impulsar-la-economia-mexicana\/","name":"Claudia Sheinbaum se re\u00fane con Larry Fink Presidente de BlackRock para impulsar la econom\u00eda mexicana | Nexo Informativo Santiago de Quer\u00e9taro","isPartOf":{"@id":"https:\/\/www.nexoinformativo.mx\/#website"},"primaryImageOfPage":{"@id":"https:\/\/www.nexoinformativo.mx\/index.php\/2024\/11\/06\/claudia-sheinbaum-se-reune-con-larry-fink-de-presidente-de-blackrock-para-impulsar-la-economia-mexicana\/#primaryimage"},"image":{"@id":"https:\/\/www.nexoinformativo.mx\/index.php\/2024\/11\/06\/claudia-sheinbaum-se-reune-con-larry-fink-de-presidente-de-blackrock-para-impulsar-la-economia-mexicana\/#primaryimage"},"thumbnailUrl":"https:\/\/www.nexoinformativo.mx\/wp-content\/uploads\/2024\/11\/IMG_7547-e1730941882295.jpg","datePublished":"2024-11-07T00:00:19+00:00","dateModified":"2024-11-07T01:13:02+00:00","description":"Claudia Sheinbaum se re\u00fane con Larry Fink de Presidente de BlackRock para impulsar la econom\u00eda mexicana","breadcrumb":{"@id":"https:\/\/www.nexoinformativo.mx\/index.php\/2024\/11\/06\/claudia-sheinbaum-se-reune-con-larry-fink-de-presidente-de-blackrock-para-impulsar-la-economia-mexicana\/#breadcrumb"},"inLanguage":"es","potentialAction":[{"@type":"ReadAction","target":["https:\/\/www.nexoinformativo.mx\/index.php\/2024\/11\/06\/claudia-sheinbaum-se-reune-con-larry-fink-de-presidente-de-blackrock-para-impulsar-la-economia-mexicana\/"]}]},{"@type":"ImageObject","inLanguage":"es","@id":"https:\/\/www.nexoinformativo.mx\/index.php\/2024\/11\/06\/claudia-sheinbaum-se-reune-con-larry-fink-de-presidente-de-blackrock-para-impulsar-la-economia-mexicana\/#primaryimage","url":"https:\/\/www.nexoinformativo.mx\/wp-content\/uploads\/2024\/11\/IMG_7547-e1730941882295.jpg","contentUrl":"https:\/\/www.nexoinformativo.mx\/wp-content\/uploads\/2024\/11\/IMG_7547-e1730941882295.jpg","width":700,"height":865,"caption":"Screenshot"},{"@type":"BreadcrumbList","@id":"https:\/\/www.nexoinformativo.mx\/index.php\/2024\/11\/06\/claudia-sheinbaum-se-reune-con-larry-fink-de-presidente-de-blackrock-para-impulsar-la-economia-mexicana\/#breadcrumb","itemListElement":[{"@type":"ListItem","position":1,"name":"Inicio","item":"https:\/\/www.nexoinformativo.mx\/"},{"@type":"ListItem","position":2,"name":"Claudia Sheinbaum se re\u00fane con Larry Fink Presidente de BlackRock para impulsar la econom\u00eda mexicana"}]},{"@type":"WebSite","@id":"https:\/\/www.nexoinformativo.mx\/#website","url":"https:\/\/www.nexoinformativo.mx\/","name":"Nexo Informativo Santiago de Quer\u00e9taro","description":"Explora NexoInformativo y convi\u00e9rtete en parte de una comunidad que valora el conocimiento y la verdad. Tu nexoinformativo es tu puente hacia una comprensi\u00f3n m\u00e1s profunda del mundo que te rodea.","publisher":{"@id":"https:\/\/www.nexoinformativo.mx\/#organization"},"potentialAction":[{"@type":"SearchAction","target":{"@type":"EntryPoint","urlTemplate":"https:\/\/www.nexoinformativo.mx\/?s={search_term_string}"},"query-input":{"@type":"PropertyValueSpecification","valueRequired":true,"valueName":"search_term_string"}}],"inLanguage":"es"},{"@type":"Organization","@id":"https:\/\/www.nexoinformativo.mx\/#organization","name":"Nexo Informativo Santiago de Quer\u00e9taro","url":"https:\/\/www.nexoinformativo.mx\/","logo":{"@type":"ImageObject","inLanguage":"es","@id":"https:\/\/www.nexoinformativo.mx\/#\/schema\/logo\/image\/","url":"https:\/\/www.nexoinformativo.mx\/wp-content\/uploads\/2024\/07\/nexoi-trasparente-2.png","contentUrl":"https:\/\/www.nexoinformativo.mx\/wp-content\/uploads\/2024\/07\/nexoi-trasparente-2.png","width":816,"height":339,"caption":"Nexo Informativo Santiago de Quer\u00e9taro"},"image":{"@id":"https:\/\/www.nexoinformativo.mx\/#\/schema\/logo\/image\/"},"sameAs":["https:\/\/www.facebook.com\/people\/Nexo-Informativo\/61564066885511\/"]},{"@type":"Person","@id":"https:\/\/www.nexoinformativo.mx\/#\/schema\/person\/7749d380ba08c8ca00d7bc76fd907b7d","name":"Nexo Informativo","image":{"@type":"ImageObject","inLanguage":"es","@id":"https:\/\/www.nexoinformativo.mx\/#\/schema\/person\/image\/","url":"https:\/\/secure.gravatar.com\/avatar\/dde2928154642a13d95f87ddf1ea9718fe2b46760a005c53e41ff5ad610704e6?s=96&d=mm&r=g","contentUrl":"https:\/\/secure.gravatar.com\/avatar\/dde2928154642a13d95f87ddf1ea9718fe2b46760a005c53e41ff5ad610704e6?s=96&d=mm&r=g","caption":"Nexo Informativo"},"url":"https:\/\/www.nexoinformativo.mx\/index.php\/author\/edicion\/"}]}},"_links":{"self":[{"href":"https:\/\/www.nexoinformativo.mx\/index.php\/wp-json\/wp\/v2\/posts\/5518","targetHints":{"allow":["GET"]}}],"collection":[{"href":"https:\/\/www.nexoinformativo.mx\/index.php\/wp-json\/wp\/v2\/posts"}],"about":[{"href":"https:\/\/www.nexoinformativo.mx\/index.php\/wp-json\/wp\/v2\/types\/post"}],"author":[{"embeddable":true,"href":"https:\/\/www.nexoinformativo.mx\/index.php\/wp-json\/wp\/v2\/users\/3"}],"replies":[{"embeddable":true,"href":"https:\/\/www.nexoinformativo.mx\/index.php\/wp-json\/wp\/v2\/comments?post=5518"}],"version-history":[{"count":6,"href":"https:\/\/www.nexoinformativo.mx\/index.php\/wp-json\/wp\/v2\/posts\/5518\/revisions"}],"predecessor-version":[{"id":5524,"href":"https:\/\/www.nexoinformativo.mx\/index.php\/wp-json\/wp\/v2\/posts\/5518\/revisions\/5524"}],"wp:featuredmedia":[{"embeddable":true,"href":"https:\/\/www.nexoinformativo.mx\/index.php\/wp-json\/wp\/v2\/media\/5519"}],"wp:attachment":[{"href":"https:\/\/www.nexoinformativo.mx\/index.php\/wp-json\/wp\/v2\/media?parent=5518"}],"wp:term":[{"taxonomy":"category","embeddable":true,"href":"https:\/\/www.nexoinformativo.mx\/index.php\/wp-json\/wp\/v2\/categories?post=5518"},{"taxonomy":"post_tag","embeddable":true,"href":"https:\/\/www.nexoinformativo.mx\/index.php\/wp-json\/wp\/v2\/tags?post=5518"}],"curies":[{"name":"wp","href":"https:\/\/api.w.org\/{rel}","templated":true}]}}