{"id":5542,"date":"2024-11-07T08:30:49","date_gmt":"2024-11-07T14:30:49","guid":{"rendered":"https:\/\/www.nexoinformativo.mx\/?p=5542"},"modified":"2024-11-07T09:51:23","modified_gmt":"2024-11-07T15:51:23","slug":"mexico-conquista-el-espacio-experimento-mexicano-mcb-1-llega-a-la-estacion-espacial-internacional","status":"publish","type":"post","link":"https:\/\/www.nexoinformativo.mx\/index.php\/2024\/11\/07\/mexico-conquista-el-espacio-experimento-mexicano-mcb-1-llega-a-la-estacion-espacial-internacional\/","title":{"rendered":"\u00a1M\u00e9xico conquista el espacio! Experimento mexicano MCB-1 llega a la Estaci\u00f3n Espacial Internacional"},"content":{"rendered":"<p style=\"text-align: justify;\" data-sourcepos=\"5:1-5:261\">Un hito hist\u00f3rico para la ciencia mexicana. El experimento &#8220;MCB-1&#8221;, desarrollado por el talentoso equipo mexicano &#8220;Mat X Space&#8221;, ha sido lanzado exitosamente a la Estaci\u00f3n Espacial Internacional (EEI) a bordo de un cohete Falcon-9 de SpaceX.<\/p>\n<p>&nbsp;<\/p>\n<p style=\"text-align: justify;\" data-sourcepos=\"7:1-7:284\">Este innovador material, inspirado en la biolog\u00eda terrestre, busca revolucionar la exploraci\u00f3n espacial al resistir las extremas condiciones del cosmos. Con una memoria t\u00e9rmica de forma, el MCB-1 podr\u00eda ser la clave para desarrollar componentes espaciales m\u00e1s resistentes y duraderos.<\/p>\n<p>&nbsp;<\/p>\n<p style=\"text-align: justify;\" data-sourcepos=\"9:1-9:393\">Durante los pr\u00f3ximos seis meses, el MCB-1 ser\u00e1 sometido a pruebas rigurosas en el m\u00f3dulo MISSE de la EEI, donde enfrentar\u00e1 temperaturas extremas que pondr\u00e1n a prueba su capacidad de adaptaci\u00f3n. Si los resultados son positivos, este desarrollo podr\u00eda abrir las puertas a nuevas posibilidades en la exploraci\u00f3n espacial, desde misiones a la Luna hasta la construcci\u00f3n de sat\u00e9lites m\u00e1s avanzados.<\/p>\n<p>&nbsp;<\/p>\n<p style=\"text-align: justify;\" data-sourcepos=\"11:1-11:249\">Este logro es un testimonio del talento y la creatividad de los j\u00f3venes cient\u00edficos mexicanos que conforman el equipo Mat X Space. Su trabajo ha sido reconocido a nivel internacional, posicionando a M\u00e9xico como un actor clave en la carrera espacial.<\/p>\n<p>&nbsp;<\/p>\n<p style=\"text-align: center;\" data-sourcepos=\"11:1-11:249\"><em><strong>\u00a1Informaci\u00f3n que transforma!<\/strong><\/em><\/p>\n","protected":false},"excerpt":{"rendered":"<p>Un hito hist\u00f3rico para la ciencia mexicana. El experimento &#8220;MCB-1&#8221;, desarrollado por el talentoso equipo mexicano &#8220;Mat X Space&#8221;, ha sido lanzado exitosamente a la Estaci\u00f3n Espacial Internacional (EEI) a bordo de un cohete Falcon-9 de SpaceX.<\/p>\n","protected":false},"author":3,"featured_media":5543,"comment_status":"open","ping_status":"open","sticky":false,"template":"","format":"standard","meta":{"footnotes":""},"categories":[13,58],"tags":[1914,1273,1913,1581],"class_list":["post-5542","post","type-post","status-publish","format-standard","has-post-thumbnail","hentry","category-tecnologia","category-ultima-hora","tag-espaciomexico","tag-innovacionmexicana","tag-mcb1","tag-nasa"],"yoast_head":"<!-- This site is optimized with the Yoast SEO plugin v25.0 - https:\/\/yoast.com\/wordpress\/plugins\/seo\/ -->\n<title>\u00a1M\u00e9xico conquista el espacio! Experimento mexicano MCB-1 llega a la Estaci\u00f3n Espacial Internacional | Nexo Informativo Santiago de Quer\u00e9taro<\/title>\n<meta name=\"description\" content=\"\u00a1M\u00e9xico conquista el espacio! Experimento mexicano MCB-1 llega a la Estaci\u00f3n Espacial Internacional\" \/>\n<meta name=\"robots\" content=\"index, follow, max-snippet:-1, max-image-preview:large, max-video-preview:-1\" \/>\n<link rel=\"canonical\" href=\"https:\/\/www.nexoinformativo.mx\/index.php\/2024\/11\/07\/mexico-conquista-el-espacio-experimento-mexicano-mcb-1-llega-a-la-estacion-espacial-internacional\/\" \/>\n<meta property=\"og:locale\" content=\"es_MX\" \/>\n<meta property=\"og:type\" content=\"article\" \/>\n<meta property=\"og:title\" content=\"\u00a1M\u00e9xico conquista el espacio! Experimento mexicano MCB-1 llega a la Estaci\u00f3n Espacial Internacional | Nexo Informativo Santiago de Quer\u00e9taro\" \/>\n<meta property=\"og:description\" content=\"\u00a1M\u00e9xico conquista el espacio! Experimento mexicano MCB-1 llega a la Estaci\u00f3n Espacial Internacional\" \/>\n<meta property=\"og:url\" content=\"https:\/\/www.nexoinformativo.mx\/index.php\/2024\/11\/07\/mexico-conquista-el-espacio-experimento-mexicano-mcb-1-llega-a-la-estacion-espacial-internacional\/\" \/>\n<meta property=\"og:site_name\" content=\"Nexo Informativo Santiago de Quer\u00e9taro\" \/>\n<meta property=\"article:publisher\" content=\"https:\/\/www.facebook.com\/people\/Nexo-Informativo\/61564066885511\/\" \/>\n<meta property=\"article:published_time\" content=\"2024-11-07T14:30:49+00:00\" \/>\n<meta property=\"article:modified_time\" content=\"2024-11-07T15:51:23+00:00\" \/>\n<meta property=\"og:image\" content=\"https:\/\/www.nexoinformativo.mx\/wp-content\/uploads\/2024\/11\/IMG_7568.jpg\" \/>\n\t<meta property=\"og:image:width\" content=\"650\" \/>\n\t<meta property=\"og:image:height\" content=\"380\" \/>\n\t<meta property=\"og:image:type\" content=\"image\/jpeg\" \/>\n<meta name=\"author\" content=\"Nexo Informativo\" \/>\n<meta name=\"twitter:card\" content=\"summary_large_image\" \/>\n<meta name=\"twitter:label1\" content=\"Escrito por\" \/>\n\t<meta name=\"twitter:data1\" content=\"Nexo Informativo\" \/>\n\t<meta name=\"twitter:label2\" content=\"Tiempo de lectura\" \/>\n\t<meta name=\"twitter:data2\" content=\"2 minutos\" \/>\n<script type=\"application\/ld+json\" class=\"yoast-schema-graph\">{\"@context\":\"https:\/\/schema.org\",\"@graph\":[{\"@type\":\"Article\",\"@id\":\"https:\/\/www.nexoinformativo.mx\/index.php\/2024\/11\/07\/mexico-conquista-el-espacio-experimento-mexicano-mcb-1-llega-a-la-estacion-espacial-internacional\/#article\",\"isPartOf\":{\"@id\":\"https:\/\/www.nexoinformativo.mx\/index.php\/2024\/11\/07\/mexico-conquista-el-espacio-experimento-mexicano-mcb-1-llega-a-la-estacion-espacial-internacional\/\"},\"author\":{\"name\":\"Nexo Informativo\",\"@id\":\"https:\/\/www.nexoinformativo.mx\/#\/schema\/person\/7749d380ba08c8ca00d7bc76fd907b7d\"},\"headline\":\"\u00a1M\u00e9xico conquista el espacio! Experimento mexicano MCB-1 llega a la Estaci\u00f3n Espacial Internacional\",\"datePublished\":\"2024-11-07T14:30:49+00:00\",\"dateModified\":\"2024-11-07T15:51:23+00:00\",\"mainEntityOfPage\":{\"@id\":\"https:\/\/www.nexoinformativo.mx\/index.php\/2024\/11\/07\/mexico-conquista-el-espacio-experimento-mexicano-mcb-1-llega-a-la-estacion-espacial-internacional\/\"},\"wordCount\":221,\"commentCount\":0,\"publisher\":{\"@id\":\"https:\/\/www.nexoinformativo.mx\/#organization\"},\"image\":{\"@id\":\"https:\/\/www.nexoinformativo.mx\/index.php\/2024\/11\/07\/mexico-conquista-el-espacio-experimento-mexicano-mcb-1-llega-a-la-estacion-espacial-internacional\/#primaryimage\"},\"thumbnailUrl\":\"https:\/\/www.nexoinformativo.mx\/wp-content\/uploads\/2024\/11\/IMG_7568.jpg\",\"keywords\":[\"EspacioM\u00e9xico\",\"Innovaci\u00f3nMexicana\",\"MCB1\",\"NASA\"],\"articleSection\":[\"Tecnolog\u00eda\",\"\u00daltima Hora\"],\"inLanguage\":\"es\",\"potentialAction\":[{\"@type\":\"CommentAction\",\"name\":\"Comment\",\"target\":[\"https:\/\/www.nexoinformativo.mx\/index.php\/2024\/11\/07\/mexico-conquista-el-espacio-experimento-mexicano-mcb-1-llega-a-la-estacion-espacial-internacional\/#respond\"]}]},{\"@type\":\"WebPage\",\"@id\":\"https:\/\/www.nexoinformativo.mx\/index.php\/2024\/11\/07\/mexico-conquista-el-espacio-experimento-mexicano-mcb-1-llega-a-la-estacion-espacial-internacional\/\",\"url\":\"https:\/\/www.nexoinformativo.mx\/index.php\/2024\/11\/07\/mexico-conquista-el-espacio-experimento-mexicano-mcb-1-llega-a-la-estacion-espacial-internacional\/\",\"name\":\"\u00a1M\u00e9xico conquista el espacio! Experimento mexicano MCB-1 llega a la Estaci\u00f3n Espacial Internacional | Nexo Informativo Santiago de Quer\u00e9taro\",\"isPartOf\":{\"@id\":\"https:\/\/www.nexoinformativo.mx\/#website\"},\"primaryImageOfPage\":{\"@id\":\"https:\/\/www.nexoinformativo.mx\/index.php\/2024\/11\/07\/mexico-conquista-el-espacio-experimento-mexicano-mcb-1-llega-a-la-estacion-espacial-internacional\/#primaryimage\"},\"image\":{\"@id\":\"https:\/\/www.nexoinformativo.mx\/index.php\/2024\/11\/07\/mexico-conquista-el-espacio-experimento-mexicano-mcb-1-llega-a-la-estacion-espacial-internacional\/#primaryimage\"},\"thumbnailUrl\":\"https:\/\/www.nexoinformativo.mx\/wp-content\/uploads\/2024\/11\/IMG_7568.jpg\",\"datePublished\":\"2024-11-07T14:30:49+00:00\",\"dateModified\":\"2024-11-07T15:51:23+00:00\",\"description\":\"\u00a1M\u00e9xico conquista el espacio! Experimento mexicano MCB-1 llega a la Estaci\u00f3n Espacial Internacional\",\"breadcrumb\":{\"@id\":\"https:\/\/www.nexoinformativo.mx\/index.php\/2024\/11\/07\/mexico-conquista-el-espacio-experimento-mexicano-mcb-1-llega-a-la-estacion-espacial-internacional\/#breadcrumb\"},\"inLanguage\":\"es\",\"potentialAction\":[{\"@type\":\"ReadAction\",\"target\":[\"https:\/\/www.nexoinformativo.mx\/index.php\/2024\/11\/07\/mexico-conquista-el-espacio-experimento-mexicano-mcb-1-llega-a-la-estacion-espacial-internacional\/\"]}]},{\"@type\":\"ImageObject\",\"inLanguage\":\"es\",\"@id\":\"https:\/\/www.nexoinformativo.mx\/index.php\/2024\/11\/07\/mexico-conquista-el-espacio-experimento-mexicano-mcb-1-llega-a-la-estacion-espacial-internacional\/#primaryimage\",\"url\":\"https:\/\/www.nexoinformativo.mx\/wp-content\/uploads\/2024\/11\/IMG_7568.jpg\",\"contentUrl\":\"https:\/\/www.nexoinformativo.mx\/wp-content\/uploads\/2024\/11\/IMG_7568.jpg\",\"width\":650,\"height\":380},{\"@type\":\"BreadcrumbList\",\"@id\":\"https:\/\/www.nexoinformativo.mx\/index.php\/2024\/11\/07\/mexico-conquista-el-espacio-experimento-mexicano-mcb-1-llega-a-la-estacion-espacial-internacional\/#breadcrumb\",\"itemListElement\":[{\"@type\":\"ListItem\",\"position\":1,\"name\":\"Inicio\",\"item\":\"https:\/\/www.nexoinformativo.mx\/\"},{\"@type\":\"ListItem\",\"position\":2,\"name\":\"\u00a1M\u00e9xico conquista el espacio! Experimento mexicano MCB-1 llega a la Estaci\u00f3n Espacial Internacional\"}]},{\"@type\":\"WebSite\",\"@id\":\"https:\/\/www.nexoinformativo.mx\/#website\",\"url\":\"https:\/\/www.nexoinformativo.mx\/\",\"name\":\"Nexo Informativo Santiago de Quer\u00e9taro\",\"description\":\"Explora NexoInformativo y convi\u00e9rtete en parte de una comunidad que valora el conocimiento y la verdad. Tu nexoinformativo es tu puente hacia una comprensi\u00f3n m\u00e1s profunda del mundo que te rodea.\",\"publisher\":{\"@id\":\"https:\/\/www.nexoinformativo.mx\/#organization\"},\"potentialAction\":[{\"@type\":\"SearchAction\",\"target\":{\"@type\":\"EntryPoint\",\"urlTemplate\":\"https:\/\/www.nexoinformativo.mx\/?s={search_term_string}\"},\"query-input\":{\"@type\":\"PropertyValueSpecification\",\"valueRequired\":true,\"valueName\":\"search_term_string\"}}],\"inLanguage\":\"es\"},{\"@type\":\"Organization\",\"@id\":\"https:\/\/www.nexoinformativo.mx\/#organization\",\"name\":\"Nexo Informativo Santiago de Quer\u00e9taro\",\"url\":\"https:\/\/www.nexoinformativo.mx\/\",\"logo\":{\"@type\":\"ImageObject\",\"inLanguage\":\"es\",\"@id\":\"https:\/\/www.nexoinformativo.mx\/#\/schema\/logo\/image\/\",\"url\":\"https:\/\/www.nexoinformativo.mx\/wp-content\/uploads\/2024\/07\/nexoi-trasparente-2.png\",\"contentUrl\":\"https:\/\/www.nexoinformativo.mx\/wp-content\/uploads\/2024\/07\/nexoi-trasparente-2.png\",\"width\":816,\"height\":339,\"caption\":\"Nexo Informativo Santiago de Quer\u00e9taro\"},\"image\":{\"@id\":\"https:\/\/www.nexoinformativo.mx\/#\/schema\/logo\/image\/\"},\"sameAs\":[\"https:\/\/www.facebook.com\/people\/Nexo-Informativo\/61564066885511\/\"]},{\"@type\":\"Person\",\"@id\":\"https:\/\/www.nexoinformativo.mx\/#\/schema\/person\/7749d380ba08c8ca00d7bc76fd907b7d\",\"name\":\"Nexo Informativo\",\"image\":{\"@type\":\"ImageObject\",\"inLanguage\":\"es\",\"@id\":\"https:\/\/www.nexoinformativo.mx\/#\/schema\/person\/image\/\",\"url\":\"https:\/\/secure.gravatar.com\/avatar\/dde2928154642a13d95f87ddf1ea9718fe2b46760a005c53e41ff5ad610704e6?s=96&d=mm&r=g\",\"contentUrl\":\"https:\/\/secure.gravatar.com\/avatar\/dde2928154642a13d95f87ddf1ea9718fe2b46760a005c53e41ff5ad610704e6?s=96&d=mm&r=g\",\"caption\":\"Nexo Informativo\"},\"url\":\"https:\/\/www.nexoinformativo.mx\/index.php\/author\/edicion\/\"}]}<\/script>\n<!-- \/ Yoast SEO plugin. -->","yoast_head_json":{"title":"\u00a1M\u00e9xico conquista el espacio! Experimento mexicano MCB-1 llega a la Estaci\u00f3n Espacial Internacional | Nexo Informativo Santiago de Quer\u00e9taro","description":"\u00a1M\u00e9xico conquista el espacio! Experimento mexicano MCB-1 llega a la Estaci\u00f3n Espacial Internacional","robots":{"index":"index","follow":"follow","max-snippet":"max-snippet:-1","max-image-preview":"max-image-preview:large","max-video-preview":"max-video-preview:-1"},"canonical":"https:\/\/www.nexoinformativo.mx\/index.php\/2024\/11\/07\/mexico-conquista-el-espacio-experimento-mexicano-mcb-1-llega-a-la-estacion-espacial-internacional\/","og_locale":"es_MX","og_type":"article","og_title":"\u00a1M\u00e9xico conquista el espacio! Experimento mexicano MCB-1 llega a la Estaci\u00f3n Espacial Internacional | Nexo Informativo Santiago de Quer\u00e9taro","og_description":"\u00a1M\u00e9xico conquista el espacio! Experimento mexicano MCB-1 llega a la Estaci\u00f3n Espacial Internacional","og_url":"https:\/\/www.nexoinformativo.mx\/index.php\/2024\/11\/07\/mexico-conquista-el-espacio-experimento-mexicano-mcb-1-llega-a-la-estacion-espacial-internacional\/","og_site_name":"Nexo Informativo Santiago de Quer\u00e9taro","article_publisher":"https:\/\/www.facebook.com\/people\/Nexo-Informativo\/61564066885511\/","article_published_time":"2024-11-07T14:30:49+00:00","article_modified_time":"2024-11-07T15:51:23+00:00","og_image":[{"width":650,"height":380,"url":"https:\/\/www.nexoinformativo.mx\/wp-content\/uploads\/2024\/11\/IMG_7568.jpg","type":"image\/jpeg"}],"author":"Nexo Informativo","twitter_card":"summary_large_image","twitter_misc":{"Escrito por":"Nexo Informativo","Tiempo de lectura":"2 minutos"},"schema":{"@context":"https:\/\/schema.org","@graph":[{"@type":"Article","@id":"https:\/\/www.nexoinformativo.mx\/index.php\/2024\/11\/07\/mexico-conquista-el-espacio-experimento-mexicano-mcb-1-llega-a-la-estacion-espacial-internacional\/#article","isPartOf":{"@id":"https:\/\/www.nexoinformativo.mx\/index.php\/2024\/11\/07\/mexico-conquista-el-espacio-experimento-mexicano-mcb-1-llega-a-la-estacion-espacial-internacional\/"},"author":{"name":"Nexo Informativo","@id":"https:\/\/www.nexoinformativo.mx\/#\/schema\/person\/7749d380ba08c8ca00d7bc76fd907b7d"},"headline":"\u00a1M\u00e9xico conquista el espacio! Experimento mexicano MCB-1 llega a la Estaci\u00f3n Espacial Internacional","datePublished":"2024-11-07T14:30:49+00:00","dateModified":"2024-11-07T15:51:23+00:00","mainEntityOfPage":{"@id":"https:\/\/www.nexoinformativo.mx\/index.php\/2024\/11\/07\/mexico-conquista-el-espacio-experimento-mexicano-mcb-1-llega-a-la-estacion-espacial-internacional\/"},"wordCount":221,"commentCount":0,"publisher":{"@id":"https:\/\/www.nexoinformativo.mx\/#organization"},"image":{"@id":"https:\/\/www.nexoinformativo.mx\/index.php\/2024\/11\/07\/mexico-conquista-el-espacio-experimento-mexicano-mcb-1-llega-a-la-estacion-espacial-internacional\/#primaryimage"},"thumbnailUrl":"https:\/\/www.nexoinformativo.mx\/wp-content\/uploads\/2024\/11\/IMG_7568.jpg","keywords":["EspacioM\u00e9xico","Innovaci\u00f3nMexicana","MCB1","NASA"],"articleSection":["Tecnolog\u00eda","\u00daltima Hora"],"inLanguage":"es","potentialAction":[{"@type":"CommentAction","name":"Comment","target":["https:\/\/www.nexoinformativo.mx\/index.php\/2024\/11\/07\/mexico-conquista-el-espacio-experimento-mexicano-mcb-1-llega-a-la-estacion-espacial-internacional\/#respond"]}]},{"@type":"WebPage","@id":"https:\/\/www.nexoinformativo.mx\/index.php\/2024\/11\/07\/mexico-conquista-el-espacio-experimento-mexicano-mcb-1-llega-a-la-estacion-espacial-internacional\/","url":"https:\/\/www.nexoinformativo.mx\/index.php\/2024\/11\/07\/mexico-conquista-el-espacio-experimento-mexicano-mcb-1-llega-a-la-estacion-espacial-internacional\/","name":"\u00a1M\u00e9xico conquista el espacio! Experimento mexicano MCB-1 llega a la Estaci\u00f3n Espacial Internacional | Nexo Informativo Santiago de Quer\u00e9taro","isPartOf":{"@id":"https:\/\/www.nexoinformativo.mx\/#website"},"primaryImageOfPage":{"@id":"https:\/\/www.nexoinformativo.mx\/index.php\/2024\/11\/07\/mexico-conquista-el-espacio-experimento-mexicano-mcb-1-llega-a-la-estacion-espacial-internacional\/#primaryimage"},"image":{"@id":"https:\/\/www.nexoinformativo.mx\/index.php\/2024\/11\/07\/mexico-conquista-el-espacio-experimento-mexicano-mcb-1-llega-a-la-estacion-espacial-internacional\/#primaryimage"},"thumbnailUrl":"https:\/\/www.nexoinformativo.mx\/wp-content\/uploads\/2024\/11\/IMG_7568.jpg","datePublished":"2024-11-07T14:30:49+00:00","dateModified":"2024-11-07T15:51:23+00:00","description":"\u00a1M\u00e9xico conquista el espacio! Experimento mexicano MCB-1 llega a la Estaci\u00f3n Espacial Internacional","breadcrumb":{"@id":"https:\/\/www.nexoinformativo.mx\/index.php\/2024\/11\/07\/mexico-conquista-el-espacio-experimento-mexicano-mcb-1-llega-a-la-estacion-espacial-internacional\/#breadcrumb"},"inLanguage":"es","potentialAction":[{"@type":"ReadAction","target":["https:\/\/www.nexoinformativo.mx\/index.php\/2024\/11\/07\/mexico-conquista-el-espacio-experimento-mexicano-mcb-1-llega-a-la-estacion-espacial-internacional\/"]}]},{"@type":"ImageObject","inLanguage":"es","@id":"https:\/\/www.nexoinformativo.mx\/index.php\/2024\/11\/07\/mexico-conquista-el-espacio-experimento-mexicano-mcb-1-llega-a-la-estacion-espacial-internacional\/#primaryimage","url":"https:\/\/www.nexoinformativo.mx\/wp-content\/uploads\/2024\/11\/IMG_7568.jpg","contentUrl":"https:\/\/www.nexoinformativo.mx\/wp-content\/uploads\/2024\/11\/IMG_7568.jpg","width":650,"height":380},{"@type":"BreadcrumbList","@id":"https:\/\/www.nexoinformativo.mx\/index.php\/2024\/11\/07\/mexico-conquista-el-espacio-experimento-mexicano-mcb-1-llega-a-la-estacion-espacial-internacional\/#breadcrumb","itemListElement":[{"@type":"ListItem","position":1,"name":"Inicio","item":"https:\/\/www.nexoinformativo.mx\/"},{"@type":"ListItem","position":2,"name":"\u00a1M\u00e9xico conquista el espacio! Experimento mexicano MCB-1 llega a la Estaci\u00f3n Espacial Internacional"}]},{"@type":"WebSite","@id":"https:\/\/www.nexoinformativo.mx\/#website","url":"https:\/\/www.nexoinformativo.mx\/","name":"Nexo Informativo Santiago de Quer\u00e9taro","description":"Explora NexoInformativo y convi\u00e9rtete en parte de una comunidad que valora el conocimiento y la verdad. Tu nexoinformativo es tu puente hacia una comprensi\u00f3n m\u00e1s profunda del mundo que te rodea.","publisher":{"@id":"https:\/\/www.nexoinformativo.mx\/#organization"},"potentialAction":[{"@type":"SearchAction","target":{"@type":"EntryPoint","urlTemplate":"https:\/\/www.nexoinformativo.mx\/?s={search_term_string}"},"query-input":{"@type":"PropertyValueSpecification","valueRequired":true,"valueName":"search_term_string"}}],"inLanguage":"es"},{"@type":"Organization","@id":"https:\/\/www.nexoinformativo.mx\/#organization","name":"Nexo Informativo Santiago de Quer\u00e9taro","url":"https:\/\/www.nexoinformativo.mx\/","logo":{"@type":"ImageObject","inLanguage":"es","@id":"https:\/\/www.nexoinformativo.mx\/#\/schema\/logo\/image\/","url":"https:\/\/www.nexoinformativo.mx\/wp-content\/uploads\/2024\/07\/nexoi-trasparente-2.png","contentUrl":"https:\/\/www.nexoinformativo.mx\/wp-content\/uploads\/2024\/07\/nexoi-trasparente-2.png","width":816,"height":339,"caption":"Nexo Informativo Santiago de Quer\u00e9taro"},"image":{"@id":"https:\/\/www.nexoinformativo.mx\/#\/schema\/logo\/image\/"},"sameAs":["https:\/\/www.facebook.com\/people\/Nexo-Informativo\/61564066885511\/"]},{"@type":"Person","@id":"https:\/\/www.nexoinformativo.mx\/#\/schema\/person\/7749d380ba08c8ca00d7bc76fd907b7d","name":"Nexo Informativo","image":{"@type":"ImageObject","inLanguage":"es","@id":"https:\/\/www.nexoinformativo.mx\/#\/schema\/person\/image\/","url":"https:\/\/secure.gravatar.com\/avatar\/dde2928154642a13d95f87ddf1ea9718fe2b46760a005c53e41ff5ad610704e6?s=96&d=mm&r=g","contentUrl":"https:\/\/secure.gravatar.com\/avatar\/dde2928154642a13d95f87ddf1ea9718fe2b46760a005c53e41ff5ad610704e6?s=96&d=mm&r=g","caption":"Nexo Informativo"},"url":"https:\/\/www.nexoinformativo.mx\/index.php\/author\/edicion\/"}]}},"_links":{"self":[{"href":"https:\/\/www.nexoinformativo.mx\/index.php\/wp-json\/wp\/v2\/posts\/5542","targetHints":{"allow":["GET"]}}],"collection":[{"href":"https:\/\/www.nexoinformativo.mx\/index.php\/wp-json\/wp\/v2\/posts"}],"about":[{"href":"https:\/\/www.nexoinformativo.mx\/index.php\/wp-json\/wp\/v2\/types\/post"}],"author":[{"embeddable":true,"href":"https:\/\/www.nexoinformativo.mx\/index.php\/wp-json\/wp\/v2\/users\/3"}],"replies":[{"embeddable":true,"href":"https:\/\/www.nexoinformativo.mx\/index.php\/wp-json\/wp\/v2\/comments?post=5542"}],"version-history":[{"count":3,"href":"https:\/\/www.nexoinformativo.mx\/index.php\/wp-json\/wp\/v2\/posts\/5542\/revisions"}],"predecessor-version":[{"id":5546,"href":"https:\/\/www.nexoinformativo.mx\/index.php\/wp-json\/wp\/v2\/posts\/5542\/revisions\/5546"}],"wp:featuredmedia":[{"embeddable":true,"href":"https:\/\/www.nexoinformativo.mx\/index.php\/wp-json\/wp\/v2\/media\/5543"}],"wp:attachment":[{"href":"https:\/\/www.nexoinformativo.mx\/index.php\/wp-json\/wp\/v2\/media?parent=5542"}],"wp:term":[{"taxonomy":"category","embeddable":true,"href":"https:\/\/www.nexoinformativo.mx\/index.php\/wp-json\/wp\/v2\/categories?post=5542"},{"taxonomy":"post_tag","embeddable":true,"href":"https:\/\/www.nexoinformativo.mx\/index.php\/wp-json\/wp\/v2\/tags?post=5542"}],"curies":[{"name":"wp","href":"https:\/\/api.w.org\/{rel}","templated":true}]}}