{"id":5562,"date":"2024-11-07T09:30:30","date_gmt":"2024-11-07T15:30:30","guid":{"rendered":"https:\/\/www.nexoinformativo.mx\/?p=5562"},"modified":"2024-11-07T10:22:21","modified_gmt":"2024-11-07T16:22:21","slug":"chepe-guerrero-ilumina-lomas-de-zaragoza-con-nueva-red-de-alumbrado-publico","status":"publish","type":"post","link":"https:\/\/www.nexoinformativo.mx\/index.php\/2024\/11\/07\/chepe-guerrero-ilumina-lomas-de-zaragoza-con-nueva-red-de-alumbrado-publico\/","title":{"rendered":"Chepe Guerrero ilumina Lomas de Zaragoza con nueva red de alumbrado p\u00fablico"},"content":{"rendered":"<p style=\"text-align: justify;\" data-sourcepos=\"5:1-5:206\">El presidente municipal de Corregidora, Chepe Guerrero, entreg\u00f3 este d\u00eda una importante obra para los habitantes de Lomas de Zaragoza: la ampliaci\u00f3n de la red de alumbrado p\u00fablico en la calle Joaqu\u00edn Herrera.<\/p>\n<p>&nbsp;<\/p>\n<p style=\"text-align: justify;\" data-sourcepos=\"7:1-7:302\">Con una inversi\u00f3n superior a los 2 millones de pesos, se instalaron 63 nuevas luminarias que beneficiar\u00e1n a cerca de 200 habitantes de la comunidad. Esta obra forma parte de un proyecto m\u00e1s amplio que contempla la instalaci\u00f3n de 1,345 nuevas luminarias en diversas colonias y comunidades del municipio.<\/p>\n<p>&nbsp;<\/p>\n<p style=\"text-align: justify;\" data-sourcepos=\"9:1-9:331\"><strong>&#8220;La iluminaci\u00f3n adecuada de nuestras calles es fundamental para garantizar la seguridad de todos los ciudadanos&#8221;<\/strong>, afirm\u00f3 el alcalde. Adem\u00e1s, destac\u00f3 que se est\u00e1n realizando gestiones para regularizar la tenencia de la tierra en la zona, lo que permitir\u00e1 mejorar las vialidades y la calidad de vida de los habitantes.<\/p>\n<p>&nbsp;<\/p>\n<p style=\"text-align: justify;\" data-sourcepos=\"11:1-11:206\">Viridiana Nava, titular de la Secretar\u00eda de Obras P\u00fablicas, detall\u00f3 que este proyecto es una muestra del compromiso de la administraci\u00f3n municipal por mejorar las condiciones de vida de los ciudadanos.<\/p>\n<p>&nbsp;<\/p>\n<p style=\"text-align: justify;\" data-sourcepos=\"13:1-13:138\">Los vecinos de Lomas de Zaragoza expresaron su agradecimiento por esta obra, la cual representa un avance significativo para su comunidad.<\/p>\n<p>&nbsp;<\/p>\n<p style=\"text-align: center;\" data-sourcepos=\"13:1-13:138\"><em><strong>\u00a1Informaci\u00f3n que transforma!<\/strong><\/em><\/p>\n","protected":false},"excerpt":{"rendered":"<p>El presidente municipal de Corregidora, Roberto Sosa, entreg\u00f3 este d\u00eda una importante obra para los habitantes de Lomas de Zaragoza: la ampliaci\u00f3n de la red de alumbrado p\u00fablico en la calle Joaqu\u00edn Herrera.<\/p>\n","protected":false},"author":3,"featured_media":5563,"comment_status":"open","ping_status":"open","sticky":false,"template":"","format":"standard","meta":{"footnotes":""},"categories":[65,58],"tags":[1917,237,233,468],"class_list":["post-5562","post","type-post","status-publish","format-standard","has-post-thumbnail","hentry","category-municipios","category-ultima-hora","tag-alumbradopublico","tag-chepeguerrero","tag-corregidora","tag-desarrollourbano"],"yoast_head":"<!-- This site is optimized with the Yoast SEO plugin v25.0 - https:\/\/yoast.com\/wordpress\/plugins\/seo\/ -->\n<title>Chepe Guerrero ilumina Lomas de Zaragoza con nueva red de alumbrado p\u00fablico | Nexo Informativo Santiago de Quer\u00e9taro<\/title>\n<meta name=\"description\" content=\"Chepe Guerrero ilumina Lomas de Zaragoza con nueva red de alumbrado p\u00fablico\" \/>\n<meta name=\"robots\" content=\"index, follow, max-snippet:-1, max-image-preview:large, max-video-preview:-1\" \/>\n<link rel=\"canonical\" href=\"https:\/\/www.nexoinformativo.mx\/index.php\/2024\/11\/07\/chepe-guerrero-ilumina-lomas-de-zaragoza-con-nueva-red-de-alumbrado-publico\/\" \/>\n<meta property=\"og:locale\" content=\"es_MX\" \/>\n<meta property=\"og:type\" content=\"article\" \/>\n<meta property=\"og:title\" content=\"Chepe Guerrero ilumina Lomas de Zaragoza con nueva red de alumbrado p\u00fablico | Nexo Informativo Santiago de Quer\u00e9taro\" \/>\n<meta property=\"og:description\" content=\"Chepe Guerrero ilumina Lomas de Zaragoza con nueva red de alumbrado p\u00fablico\" \/>\n<meta property=\"og:url\" content=\"https:\/\/www.nexoinformativo.mx\/index.php\/2024\/11\/07\/chepe-guerrero-ilumina-lomas-de-zaragoza-con-nueva-red-de-alumbrado-publico\/\" \/>\n<meta property=\"og:site_name\" content=\"Nexo Informativo Santiago de Quer\u00e9taro\" \/>\n<meta property=\"article:publisher\" content=\"https:\/\/www.facebook.com\/people\/Nexo-Informativo\/61564066885511\/\" \/>\n<meta property=\"article:published_time\" content=\"2024-11-07T15:30:30+00:00\" \/>\n<meta property=\"article:modified_time\" content=\"2024-11-07T16:22:21+00:00\" \/>\n<meta property=\"og:image\" content=\"https:\/\/www.nexoinformativo.mx\/wp-content\/uploads\/2024\/11\/PHOTO-2024-11-07-09-34-48-e1730996412418.jpg\" \/>\n\t<meta property=\"og:image:width\" content=\"700\" \/>\n\t<meta property=\"og:image:height\" content=\"875\" \/>\n\t<meta property=\"og:image:type\" content=\"image\/jpeg\" \/>\n<meta name=\"author\" content=\"Nexo Informativo\" \/>\n<meta name=\"twitter:card\" content=\"summary_large_image\" \/>\n<meta name=\"twitter:label1\" content=\"Escrito por\" \/>\n\t<meta name=\"twitter:data1\" content=\"Nexo Informativo\" \/>\n\t<meta name=\"twitter:label2\" content=\"Tiempo de lectura\" \/>\n\t<meta name=\"twitter:data2\" content=\"2 minutos\" \/>\n<script type=\"application\/ld+json\" class=\"yoast-schema-graph\">{\"@context\":\"https:\/\/schema.org\",\"@graph\":[{\"@type\":\"Article\",\"@id\":\"https:\/\/www.nexoinformativo.mx\/index.php\/2024\/11\/07\/chepe-guerrero-ilumina-lomas-de-zaragoza-con-nueva-red-de-alumbrado-publico\/#article\",\"isPartOf\":{\"@id\":\"https:\/\/www.nexoinformativo.mx\/index.php\/2024\/11\/07\/chepe-guerrero-ilumina-lomas-de-zaragoza-con-nueva-red-de-alumbrado-publico\/\"},\"author\":{\"name\":\"Nexo Informativo\",\"@id\":\"https:\/\/www.nexoinformativo.mx\/#\/schema\/person\/7749d380ba08c8ca00d7bc76fd907b7d\"},\"headline\":\"Chepe Guerrero ilumina Lomas de Zaragoza con nueva red de alumbrado p\u00fablico\",\"datePublished\":\"2024-11-07T15:30:30+00:00\",\"dateModified\":\"2024-11-07T16:22:21+00:00\",\"mainEntityOfPage\":{\"@id\":\"https:\/\/www.nexoinformativo.mx\/index.php\/2024\/11\/07\/chepe-guerrero-ilumina-lomas-de-zaragoza-con-nueva-red-de-alumbrado-publico\/\"},\"wordCount\":216,\"commentCount\":0,\"publisher\":{\"@id\":\"https:\/\/www.nexoinformativo.mx\/#organization\"},\"image\":{\"@id\":\"https:\/\/www.nexoinformativo.mx\/index.php\/2024\/11\/07\/chepe-guerrero-ilumina-lomas-de-zaragoza-con-nueva-red-de-alumbrado-publico\/#primaryimage\"},\"thumbnailUrl\":\"https:\/\/www.nexoinformativo.mx\/wp-content\/uploads\/2024\/11\/PHOTO-2024-11-07-09-34-48-e1730996412418.jpg\",\"keywords\":[\"AlumbradoP\u00fablico\",\"ChepeGuerrero\",\"Corregidora\",\"DesarrolloUrbano\"],\"articleSection\":[\"Municipios\",\"\u00daltima Hora\"],\"inLanguage\":\"es\",\"potentialAction\":[{\"@type\":\"CommentAction\",\"name\":\"Comment\",\"target\":[\"https:\/\/www.nexoinformativo.mx\/index.php\/2024\/11\/07\/chepe-guerrero-ilumina-lomas-de-zaragoza-con-nueva-red-de-alumbrado-publico\/#respond\"]}]},{\"@type\":\"WebPage\",\"@id\":\"https:\/\/www.nexoinformativo.mx\/index.php\/2024\/11\/07\/chepe-guerrero-ilumina-lomas-de-zaragoza-con-nueva-red-de-alumbrado-publico\/\",\"url\":\"https:\/\/www.nexoinformativo.mx\/index.php\/2024\/11\/07\/chepe-guerrero-ilumina-lomas-de-zaragoza-con-nueva-red-de-alumbrado-publico\/\",\"name\":\"Chepe Guerrero ilumina Lomas de Zaragoza con nueva red de alumbrado p\u00fablico | Nexo Informativo Santiago de Quer\u00e9taro\",\"isPartOf\":{\"@id\":\"https:\/\/www.nexoinformativo.mx\/#website\"},\"primaryImageOfPage\":{\"@id\":\"https:\/\/www.nexoinformativo.mx\/index.php\/2024\/11\/07\/chepe-guerrero-ilumina-lomas-de-zaragoza-con-nueva-red-de-alumbrado-publico\/#primaryimage\"},\"image\":{\"@id\":\"https:\/\/www.nexoinformativo.mx\/index.php\/2024\/11\/07\/chepe-guerrero-ilumina-lomas-de-zaragoza-con-nueva-red-de-alumbrado-publico\/#primaryimage\"},\"thumbnailUrl\":\"https:\/\/www.nexoinformativo.mx\/wp-content\/uploads\/2024\/11\/PHOTO-2024-11-07-09-34-48-e1730996412418.jpg\",\"datePublished\":\"2024-11-07T15:30:30+00:00\",\"dateModified\":\"2024-11-07T16:22:21+00:00\",\"description\":\"Chepe Guerrero ilumina Lomas de Zaragoza con nueva red de alumbrado p\u00fablico\",\"breadcrumb\":{\"@id\":\"https:\/\/www.nexoinformativo.mx\/index.php\/2024\/11\/07\/chepe-guerrero-ilumina-lomas-de-zaragoza-con-nueva-red-de-alumbrado-publico\/#breadcrumb\"},\"inLanguage\":\"es\",\"potentialAction\":[{\"@type\":\"ReadAction\",\"target\":[\"https:\/\/www.nexoinformativo.mx\/index.php\/2024\/11\/07\/chepe-guerrero-ilumina-lomas-de-zaragoza-con-nueva-red-de-alumbrado-publico\/\"]}]},{\"@type\":\"ImageObject\",\"inLanguage\":\"es\",\"@id\":\"https:\/\/www.nexoinformativo.mx\/index.php\/2024\/11\/07\/chepe-guerrero-ilumina-lomas-de-zaragoza-con-nueva-red-de-alumbrado-publico\/#primaryimage\",\"url\":\"https:\/\/www.nexoinformativo.mx\/wp-content\/uploads\/2024\/11\/PHOTO-2024-11-07-09-34-48-e1730996412418.jpg\",\"contentUrl\":\"https:\/\/www.nexoinformativo.mx\/wp-content\/uploads\/2024\/11\/PHOTO-2024-11-07-09-34-48-e1730996412418.jpg\",\"width\":700,\"height\":875},{\"@type\":\"BreadcrumbList\",\"@id\":\"https:\/\/www.nexoinformativo.mx\/index.php\/2024\/11\/07\/chepe-guerrero-ilumina-lomas-de-zaragoza-con-nueva-red-de-alumbrado-publico\/#breadcrumb\",\"itemListElement\":[{\"@type\":\"ListItem\",\"position\":1,\"name\":\"Inicio\",\"item\":\"https:\/\/www.nexoinformativo.mx\/\"},{\"@type\":\"ListItem\",\"position\":2,\"name\":\"Chepe Guerrero ilumina Lomas de Zaragoza con nueva red de alumbrado p\u00fablico\"}]},{\"@type\":\"WebSite\",\"@id\":\"https:\/\/www.nexoinformativo.mx\/#website\",\"url\":\"https:\/\/www.nexoinformativo.mx\/\",\"name\":\"Nexo Informativo Santiago de Quer\u00e9taro\",\"description\":\"Explora NexoInformativo y convi\u00e9rtete en parte de una comunidad que valora el conocimiento y la verdad. Tu nexoinformativo es tu puente hacia una comprensi\u00f3n m\u00e1s profunda del mundo que te rodea.\",\"publisher\":{\"@id\":\"https:\/\/www.nexoinformativo.mx\/#organization\"},\"potentialAction\":[{\"@type\":\"SearchAction\",\"target\":{\"@type\":\"EntryPoint\",\"urlTemplate\":\"https:\/\/www.nexoinformativo.mx\/?s={search_term_string}\"},\"query-input\":{\"@type\":\"PropertyValueSpecification\",\"valueRequired\":true,\"valueName\":\"search_term_string\"}}],\"inLanguage\":\"es\"},{\"@type\":\"Organization\",\"@id\":\"https:\/\/www.nexoinformativo.mx\/#organization\",\"name\":\"Nexo Informativo Santiago de Quer\u00e9taro\",\"url\":\"https:\/\/www.nexoinformativo.mx\/\",\"logo\":{\"@type\":\"ImageObject\",\"inLanguage\":\"es\",\"@id\":\"https:\/\/www.nexoinformativo.mx\/#\/schema\/logo\/image\/\",\"url\":\"https:\/\/www.nexoinformativo.mx\/wp-content\/uploads\/2024\/07\/nexoi-trasparente-2.png\",\"contentUrl\":\"https:\/\/www.nexoinformativo.mx\/wp-content\/uploads\/2024\/07\/nexoi-trasparente-2.png\",\"width\":816,\"height\":339,\"caption\":\"Nexo Informativo Santiago de Quer\u00e9taro\"},\"image\":{\"@id\":\"https:\/\/www.nexoinformativo.mx\/#\/schema\/logo\/image\/\"},\"sameAs\":[\"https:\/\/www.facebook.com\/people\/Nexo-Informativo\/61564066885511\/\"]},{\"@type\":\"Person\",\"@id\":\"https:\/\/www.nexoinformativo.mx\/#\/schema\/person\/7749d380ba08c8ca00d7bc76fd907b7d\",\"name\":\"Nexo Informativo\",\"image\":{\"@type\":\"ImageObject\",\"inLanguage\":\"es\",\"@id\":\"https:\/\/www.nexoinformativo.mx\/#\/schema\/person\/image\/\",\"url\":\"https:\/\/secure.gravatar.com\/avatar\/dde2928154642a13d95f87ddf1ea9718fe2b46760a005c53e41ff5ad610704e6?s=96&d=mm&r=g\",\"contentUrl\":\"https:\/\/secure.gravatar.com\/avatar\/dde2928154642a13d95f87ddf1ea9718fe2b46760a005c53e41ff5ad610704e6?s=96&d=mm&r=g\",\"caption\":\"Nexo Informativo\"},\"url\":\"https:\/\/www.nexoinformativo.mx\/index.php\/author\/edicion\/\"}]}<\/script>\n<!-- \/ Yoast SEO plugin. -->","yoast_head_json":{"title":"Chepe Guerrero ilumina Lomas de Zaragoza con nueva red de alumbrado p\u00fablico | Nexo Informativo Santiago de Quer\u00e9taro","description":"Chepe Guerrero ilumina Lomas de Zaragoza con nueva red de alumbrado p\u00fablico","robots":{"index":"index","follow":"follow","max-snippet":"max-snippet:-1","max-image-preview":"max-image-preview:large","max-video-preview":"max-video-preview:-1"},"canonical":"https:\/\/www.nexoinformativo.mx\/index.php\/2024\/11\/07\/chepe-guerrero-ilumina-lomas-de-zaragoza-con-nueva-red-de-alumbrado-publico\/","og_locale":"es_MX","og_type":"article","og_title":"Chepe Guerrero ilumina Lomas de Zaragoza con nueva red de alumbrado p\u00fablico | Nexo Informativo Santiago de Quer\u00e9taro","og_description":"Chepe Guerrero ilumina Lomas de Zaragoza con nueva red de alumbrado p\u00fablico","og_url":"https:\/\/www.nexoinformativo.mx\/index.php\/2024\/11\/07\/chepe-guerrero-ilumina-lomas-de-zaragoza-con-nueva-red-de-alumbrado-publico\/","og_site_name":"Nexo Informativo Santiago de Quer\u00e9taro","article_publisher":"https:\/\/www.facebook.com\/people\/Nexo-Informativo\/61564066885511\/","article_published_time":"2024-11-07T15:30:30+00:00","article_modified_time":"2024-11-07T16:22:21+00:00","og_image":[{"width":700,"height":875,"url":"https:\/\/www.nexoinformativo.mx\/wp-content\/uploads\/2024\/11\/PHOTO-2024-11-07-09-34-48-e1730996412418.jpg","type":"image\/jpeg"}],"author":"Nexo Informativo","twitter_card":"summary_large_image","twitter_misc":{"Escrito por":"Nexo Informativo","Tiempo de lectura":"2 minutos"},"schema":{"@context":"https:\/\/schema.org","@graph":[{"@type":"Article","@id":"https:\/\/www.nexoinformativo.mx\/index.php\/2024\/11\/07\/chepe-guerrero-ilumina-lomas-de-zaragoza-con-nueva-red-de-alumbrado-publico\/#article","isPartOf":{"@id":"https:\/\/www.nexoinformativo.mx\/index.php\/2024\/11\/07\/chepe-guerrero-ilumina-lomas-de-zaragoza-con-nueva-red-de-alumbrado-publico\/"},"author":{"name":"Nexo Informativo","@id":"https:\/\/www.nexoinformativo.mx\/#\/schema\/person\/7749d380ba08c8ca00d7bc76fd907b7d"},"headline":"Chepe Guerrero ilumina Lomas de Zaragoza con nueva red de alumbrado p\u00fablico","datePublished":"2024-11-07T15:30:30+00:00","dateModified":"2024-11-07T16:22:21+00:00","mainEntityOfPage":{"@id":"https:\/\/www.nexoinformativo.mx\/index.php\/2024\/11\/07\/chepe-guerrero-ilumina-lomas-de-zaragoza-con-nueva-red-de-alumbrado-publico\/"},"wordCount":216,"commentCount":0,"publisher":{"@id":"https:\/\/www.nexoinformativo.mx\/#organization"},"image":{"@id":"https:\/\/www.nexoinformativo.mx\/index.php\/2024\/11\/07\/chepe-guerrero-ilumina-lomas-de-zaragoza-con-nueva-red-de-alumbrado-publico\/#primaryimage"},"thumbnailUrl":"https:\/\/www.nexoinformativo.mx\/wp-content\/uploads\/2024\/11\/PHOTO-2024-11-07-09-34-48-e1730996412418.jpg","keywords":["AlumbradoP\u00fablico","ChepeGuerrero","Corregidora","DesarrolloUrbano"],"articleSection":["Municipios","\u00daltima Hora"],"inLanguage":"es","potentialAction":[{"@type":"CommentAction","name":"Comment","target":["https:\/\/www.nexoinformativo.mx\/index.php\/2024\/11\/07\/chepe-guerrero-ilumina-lomas-de-zaragoza-con-nueva-red-de-alumbrado-publico\/#respond"]}]},{"@type":"WebPage","@id":"https:\/\/www.nexoinformativo.mx\/index.php\/2024\/11\/07\/chepe-guerrero-ilumina-lomas-de-zaragoza-con-nueva-red-de-alumbrado-publico\/","url":"https:\/\/www.nexoinformativo.mx\/index.php\/2024\/11\/07\/chepe-guerrero-ilumina-lomas-de-zaragoza-con-nueva-red-de-alumbrado-publico\/","name":"Chepe Guerrero ilumina Lomas de Zaragoza con nueva red de alumbrado p\u00fablico | Nexo Informativo Santiago de Quer\u00e9taro","isPartOf":{"@id":"https:\/\/www.nexoinformativo.mx\/#website"},"primaryImageOfPage":{"@id":"https:\/\/www.nexoinformativo.mx\/index.php\/2024\/11\/07\/chepe-guerrero-ilumina-lomas-de-zaragoza-con-nueva-red-de-alumbrado-publico\/#primaryimage"},"image":{"@id":"https:\/\/www.nexoinformativo.mx\/index.php\/2024\/11\/07\/chepe-guerrero-ilumina-lomas-de-zaragoza-con-nueva-red-de-alumbrado-publico\/#primaryimage"},"thumbnailUrl":"https:\/\/www.nexoinformativo.mx\/wp-content\/uploads\/2024\/11\/PHOTO-2024-11-07-09-34-48-e1730996412418.jpg","datePublished":"2024-11-07T15:30:30+00:00","dateModified":"2024-11-07T16:22:21+00:00","description":"Chepe Guerrero ilumina Lomas de Zaragoza con nueva red de alumbrado p\u00fablico","breadcrumb":{"@id":"https:\/\/www.nexoinformativo.mx\/index.php\/2024\/11\/07\/chepe-guerrero-ilumina-lomas-de-zaragoza-con-nueva-red-de-alumbrado-publico\/#breadcrumb"},"inLanguage":"es","potentialAction":[{"@type":"ReadAction","target":["https:\/\/www.nexoinformativo.mx\/index.php\/2024\/11\/07\/chepe-guerrero-ilumina-lomas-de-zaragoza-con-nueva-red-de-alumbrado-publico\/"]}]},{"@type":"ImageObject","inLanguage":"es","@id":"https:\/\/www.nexoinformativo.mx\/index.php\/2024\/11\/07\/chepe-guerrero-ilumina-lomas-de-zaragoza-con-nueva-red-de-alumbrado-publico\/#primaryimage","url":"https:\/\/www.nexoinformativo.mx\/wp-content\/uploads\/2024\/11\/PHOTO-2024-11-07-09-34-48-e1730996412418.jpg","contentUrl":"https:\/\/www.nexoinformativo.mx\/wp-content\/uploads\/2024\/11\/PHOTO-2024-11-07-09-34-48-e1730996412418.jpg","width":700,"height":875},{"@type":"BreadcrumbList","@id":"https:\/\/www.nexoinformativo.mx\/index.php\/2024\/11\/07\/chepe-guerrero-ilumina-lomas-de-zaragoza-con-nueva-red-de-alumbrado-publico\/#breadcrumb","itemListElement":[{"@type":"ListItem","position":1,"name":"Inicio","item":"https:\/\/www.nexoinformativo.mx\/"},{"@type":"ListItem","position":2,"name":"Chepe Guerrero ilumina Lomas de Zaragoza con nueva red de alumbrado p\u00fablico"}]},{"@type":"WebSite","@id":"https:\/\/www.nexoinformativo.mx\/#website","url":"https:\/\/www.nexoinformativo.mx\/","name":"Nexo Informativo Santiago de Quer\u00e9taro","description":"Explora NexoInformativo y convi\u00e9rtete en parte de una comunidad que valora el conocimiento y la verdad. Tu nexoinformativo es tu puente hacia una comprensi\u00f3n m\u00e1s profunda del mundo que te rodea.","publisher":{"@id":"https:\/\/www.nexoinformativo.mx\/#organization"},"potentialAction":[{"@type":"SearchAction","target":{"@type":"EntryPoint","urlTemplate":"https:\/\/www.nexoinformativo.mx\/?s={search_term_string}"},"query-input":{"@type":"PropertyValueSpecification","valueRequired":true,"valueName":"search_term_string"}}],"inLanguage":"es"},{"@type":"Organization","@id":"https:\/\/www.nexoinformativo.mx\/#organization","name":"Nexo Informativo Santiago de Quer\u00e9taro","url":"https:\/\/www.nexoinformativo.mx\/","logo":{"@type":"ImageObject","inLanguage":"es","@id":"https:\/\/www.nexoinformativo.mx\/#\/schema\/logo\/image\/","url":"https:\/\/www.nexoinformativo.mx\/wp-content\/uploads\/2024\/07\/nexoi-trasparente-2.png","contentUrl":"https:\/\/www.nexoinformativo.mx\/wp-content\/uploads\/2024\/07\/nexoi-trasparente-2.png","width":816,"height":339,"caption":"Nexo Informativo Santiago de Quer\u00e9taro"},"image":{"@id":"https:\/\/www.nexoinformativo.mx\/#\/schema\/logo\/image\/"},"sameAs":["https:\/\/www.facebook.com\/people\/Nexo-Informativo\/61564066885511\/"]},{"@type":"Person","@id":"https:\/\/www.nexoinformativo.mx\/#\/schema\/person\/7749d380ba08c8ca00d7bc76fd907b7d","name":"Nexo Informativo","image":{"@type":"ImageObject","inLanguage":"es","@id":"https:\/\/www.nexoinformativo.mx\/#\/schema\/person\/image\/","url":"https:\/\/secure.gravatar.com\/avatar\/dde2928154642a13d95f87ddf1ea9718fe2b46760a005c53e41ff5ad610704e6?s=96&d=mm&r=g","contentUrl":"https:\/\/secure.gravatar.com\/avatar\/dde2928154642a13d95f87ddf1ea9718fe2b46760a005c53e41ff5ad610704e6?s=96&d=mm&r=g","caption":"Nexo Informativo"},"url":"https:\/\/www.nexoinformativo.mx\/index.php\/author\/edicion\/"}]}},"_links":{"self":[{"href":"https:\/\/www.nexoinformativo.mx\/index.php\/wp-json\/wp\/v2\/posts\/5562","targetHints":{"allow":["GET"]}}],"collection":[{"href":"https:\/\/www.nexoinformativo.mx\/index.php\/wp-json\/wp\/v2\/posts"}],"about":[{"href":"https:\/\/www.nexoinformativo.mx\/index.php\/wp-json\/wp\/v2\/types\/post"}],"author":[{"embeddable":true,"href":"https:\/\/www.nexoinformativo.mx\/index.php\/wp-json\/wp\/v2\/users\/3"}],"replies":[{"embeddable":true,"href":"https:\/\/www.nexoinformativo.mx\/index.php\/wp-json\/wp\/v2\/comments?post=5562"}],"version-history":[{"count":5,"href":"https:\/\/www.nexoinformativo.mx\/index.php\/wp-json\/wp\/v2\/posts\/5562\/revisions"}],"predecessor-version":[{"id":5567,"href":"https:\/\/www.nexoinformativo.mx\/index.php\/wp-json\/wp\/v2\/posts\/5562\/revisions\/5567"}],"wp:featuredmedia":[{"embeddable":true,"href":"https:\/\/www.nexoinformativo.mx\/index.php\/wp-json\/wp\/v2\/media\/5563"}],"wp:attachment":[{"href":"https:\/\/www.nexoinformativo.mx\/index.php\/wp-json\/wp\/v2\/media?parent=5562"}],"wp:term":[{"taxonomy":"category","embeddable":true,"href":"https:\/\/www.nexoinformativo.mx\/index.php\/wp-json\/wp\/v2\/categories?post=5562"},{"taxonomy":"post_tag","embeddable":true,"href":"https:\/\/www.nexoinformativo.mx\/index.php\/wp-json\/wp\/v2\/tags?post=5562"}],"curies":[{"name":"wp","href":"https:\/\/api.w.org\/{rel}","templated":true}]}}