{"id":5574,"date":"2024-11-07T11:30:17","date_gmt":"2024-11-07T17:30:17","guid":{"rendered":"https:\/\/www.nexoinformativo.mx\/?p=5574"},"modified":"2024-11-07T13:47:56","modified_gmt":"2024-11-07T19:47:56","slug":"detienen-a-presunto-feminicida-en-santa-rosa-jauregui-victima-lucha-por-su-vida","status":"publish","type":"post","link":"https:\/\/www.nexoinformativo.mx\/index.php\/2024\/11\/07\/detienen-a-presunto-feminicida-en-santa-rosa-jauregui-victima-lucha-por-su-vida\/","title":{"rendered":"Detienen a presunto feminicida en Santa Rosa J\u00e1uregui; v\u00edctima lucha por su vida"},"content":{"rendered":"<p style=\"text-align: justify;\" data-sourcepos=\"5:1-5:371\">La Fiscal\u00eda Especializada en Feminicidio de Quer\u00e9taro ha logrado un importante avance en el caso del intento de feminicidio ocurrido el pasado martes 5 de noviembre en la comunidad de Casa Blanca, Santa Rosa J\u00e1uregui.<\/p>\n<p>&nbsp;<\/p>\n<p style=\"text-align: justify;\" data-sourcepos=\"5:1-5:371\">El presunto responsable, pareja sentimental de la v\u00edctima, ya se encuentra bajo custodia y ser\u00e1 presentado ante un juez de control en las pr\u00f3ximas horas.<\/p>\n<p>&nbsp;<\/p>\n<p style=\"text-align: justify;\" data-sourcepos=\"7:1-7:266\">De acuerdo con las investigaciones, el agresor atac\u00f3 a su pareja con arma blanca en m\u00faltiples ocasiones al interior de su domicilio, ubicado en la calle Benito Ju\u00e1rez. La mujer, madre de dos menores, fue trasladada de urgencia a un hospital donde se encuentra grave.<\/p>\n<p>&nbsp;<\/p>\n<p style=\"text-align: justify;\" data-sourcepos=\"9:1-9:266\">Gracias a las acciones coordinadas de la Fiscal\u00eda y las autoridades, se logr\u00f3 la identificaci\u00f3n y detenci\u00f3n del presunto feminicida. Este hecho demuestra el compromiso de las instituciones por garantizar la seguridad de las mujeres y combatir la violencia de g\u00e9nero.<\/p>\n<p>&nbsp;<\/p>\n<p style=\"text-align: justify;\" data-sourcepos=\"11:1-11:244\">Es importante recordar que la violencia contra las mujeres es un problema grave que afecta a nuestra sociedad. Denunciar estos hechos es fundamental para que se puedan tomar las medidas necesarias para prevenirlos y castigar a los responsables.<\/p>\n<p>&nbsp;<\/p>\n<p style=\"text-align: center;\" data-sourcepos=\"11:1-11:244\"><em><strong>\u00a1Informaci\u00f3n que transforma!<\/strong><\/em><\/p>\n","protected":false},"excerpt":{"rendered":"<p>La Fiscal\u00eda Especializada en Feminicidio de Quer\u00e9taro ha logrado un importante avance en el caso del intento de feminicidio ocurrido el pasado martes 5 de noviembre en la comunidad de Casa Blanca,<\/p>\n","protected":false},"author":3,"featured_media":5577,"comment_status":"open","ping_status":"open","sticky":false,"template":"","format":"standard","meta":{"footnotes":""},"categories":[137,58],"tags":[813,814,133,575],"class_list":["post-5574","post","type-post","status-publish","format-standard","has-post-thumbnail","hentry","category-sucesos","category-ultima-hora","tag-feminicidio","tag-justiciaparalasmujeres","tag-queretaro","tag-santarosajauregui"],"yoast_head":"<!-- This site is optimized with the Yoast SEO plugin v25.0 - https:\/\/yoast.com\/wordpress\/plugins\/seo\/ -->\n<title>Detienen a presunto feminicida en Santa Rosa J\u00e1uregui; v\u00edctima lucha por su vida | Nexo Informativo Santiago de Quer\u00e9taro<\/title>\n<meta name=\"description\" content=\"Detienen a presunto feminicida en Santa Rosa J\u00e1uregui; v\u00edctima lucha por su vida\" \/>\n<meta name=\"robots\" content=\"index, follow, max-snippet:-1, max-image-preview:large, max-video-preview:-1\" \/>\n<link rel=\"canonical\" href=\"https:\/\/www.nexoinformativo.mx\/index.php\/2024\/11\/07\/detienen-a-presunto-feminicida-en-santa-rosa-jauregui-victima-lucha-por-su-vida\/\" \/>\n<meta property=\"og:locale\" content=\"es_MX\" \/>\n<meta property=\"og:type\" content=\"article\" \/>\n<meta property=\"og:title\" content=\"Detienen a presunto feminicida en Santa Rosa J\u00e1uregui; v\u00edctima lucha por su vida | Nexo Informativo Santiago de Quer\u00e9taro\" \/>\n<meta property=\"og:description\" content=\"Detienen a presunto feminicida en Santa Rosa J\u00e1uregui; v\u00edctima lucha por su vida\" \/>\n<meta property=\"og:url\" content=\"https:\/\/www.nexoinformativo.mx\/index.php\/2024\/11\/07\/detienen-a-presunto-feminicida-en-santa-rosa-jauregui-victima-lucha-por-su-vida\/\" \/>\n<meta property=\"og:site_name\" content=\"Nexo Informativo Santiago de Quer\u00e9taro\" \/>\n<meta property=\"article:publisher\" content=\"https:\/\/www.facebook.com\/people\/Nexo-Informativo\/61564066885511\/\" \/>\n<meta property=\"article:published_time\" content=\"2024-11-07T17:30:17+00:00\" \/>\n<meta property=\"article:modified_time\" content=\"2024-11-07T19:47:56+00:00\" \/>\n<meta property=\"og:image\" content=\"https:\/\/www.nexoinformativo.mx\/wp-content\/uploads\/2024\/11\/PHOTO-2024-11-07-12-26-39-e1731008719536.jpg\" \/>\n\t<meta property=\"og:image:width\" content=\"800\" \/>\n\t<meta property=\"og:image:height\" content=\"504\" \/>\n\t<meta property=\"og:image:type\" content=\"image\/jpeg\" \/>\n<meta name=\"author\" content=\"Nexo Informativo\" \/>\n<meta name=\"twitter:card\" content=\"summary_large_image\" \/>\n<meta name=\"twitter:label1\" content=\"Escrito por\" \/>\n\t<meta name=\"twitter:data1\" content=\"Nexo Informativo\" \/>\n\t<meta name=\"twitter:label2\" content=\"Tiempo de lectura\" \/>\n\t<meta name=\"twitter:data2\" content=\"2 minutos\" \/>\n<script type=\"application\/ld+json\" class=\"yoast-schema-graph\">{\"@context\":\"https:\/\/schema.org\",\"@graph\":[{\"@type\":\"Article\",\"@id\":\"https:\/\/www.nexoinformativo.mx\/index.php\/2024\/11\/07\/detienen-a-presunto-feminicida-en-santa-rosa-jauregui-victima-lucha-por-su-vida\/#article\",\"isPartOf\":{\"@id\":\"https:\/\/www.nexoinformativo.mx\/index.php\/2024\/11\/07\/detienen-a-presunto-feminicida-en-santa-rosa-jauregui-victima-lucha-por-su-vida\/\"},\"author\":{\"name\":\"Nexo Informativo\",\"@id\":\"https:\/\/www.nexoinformativo.mx\/#\/schema\/person\/7749d380ba08c8ca00d7bc76fd907b7d\"},\"headline\":\"Detienen a presunto feminicida en Santa Rosa J\u00e1uregui; v\u00edctima lucha por su vida\",\"datePublished\":\"2024-11-07T17:30:17+00:00\",\"dateModified\":\"2024-11-07T19:47:56+00:00\",\"mainEntityOfPage\":{\"@id\":\"https:\/\/www.nexoinformativo.mx\/index.php\/2024\/11\/07\/detienen-a-presunto-feminicida-en-santa-rosa-jauregui-victima-lucha-por-su-vida\/\"},\"wordCount\":218,\"commentCount\":0,\"publisher\":{\"@id\":\"https:\/\/www.nexoinformativo.mx\/#organization\"},\"image\":{\"@id\":\"https:\/\/www.nexoinformativo.mx\/index.php\/2024\/11\/07\/detienen-a-presunto-feminicida-en-santa-rosa-jauregui-victima-lucha-por-su-vida\/#primaryimage\"},\"thumbnailUrl\":\"https:\/\/www.nexoinformativo.mx\/wp-content\/uploads\/2024\/11\/PHOTO-2024-11-07-12-26-39-e1731008719536.jpg\",\"keywords\":[\"Feminicidio\",\"JusticiaParaLasMujeres\",\"Quer\u00e9taro\",\"SantaRosaJ\u00e1uregui\"],\"articleSection\":[\"Sucesos\",\"\u00daltima Hora\"],\"inLanguage\":\"es\",\"potentialAction\":[{\"@type\":\"CommentAction\",\"name\":\"Comment\",\"target\":[\"https:\/\/www.nexoinformativo.mx\/index.php\/2024\/11\/07\/detienen-a-presunto-feminicida-en-santa-rosa-jauregui-victima-lucha-por-su-vida\/#respond\"]}]},{\"@type\":\"WebPage\",\"@id\":\"https:\/\/www.nexoinformativo.mx\/index.php\/2024\/11\/07\/detienen-a-presunto-feminicida-en-santa-rosa-jauregui-victima-lucha-por-su-vida\/\",\"url\":\"https:\/\/www.nexoinformativo.mx\/index.php\/2024\/11\/07\/detienen-a-presunto-feminicida-en-santa-rosa-jauregui-victima-lucha-por-su-vida\/\",\"name\":\"Detienen a presunto feminicida en Santa Rosa J\u00e1uregui; v\u00edctima lucha por su vida | Nexo Informativo Santiago de Quer\u00e9taro\",\"isPartOf\":{\"@id\":\"https:\/\/www.nexoinformativo.mx\/#website\"},\"primaryImageOfPage\":{\"@id\":\"https:\/\/www.nexoinformativo.mx\/index.php\/2024\/11\/07\/detienen-a-presunto-feminicida-en-santa-rosa-jauregui-victima-lucha-por-su-vida\/#primaryimage\"},\"image\":{\"@id\":\"https:\/\/www.nexoinformativo.mx\/index.php\/2024\/11\/07\/detienen-a-presunto-feminicida-en-santa-rosa-jauregui-victima-lucha-por-su-vida\/#primaryimage\"},\"thumbnailUrl\":\"https:\/\/www.nexoinformativo.mx\/wp-content\/uploads\/2024\/11\/PHOTO-2024-11-07-12-26-39-e1731008719536.jpg\",\"datePublished\":\"2024-11-07T17:30:17+00:00\",\"dateModified\":\"2024-11-07T19:47:56+00:00\",\"description\":\"Detienen a presunto feminicida en Santa Rosa J\u00e1uregui; v\u00edctima lucha por su vida\",\"breadcrumb\":{\"@id\":\"https:\/\/www.nexoinformativo.mx\/index.php\/2024\/11\/07\/detienen-a-presunto-feminicida-en-santa-rosa-jauregui-victima-lucha-por-su-vida\/#breadcrumb\"},\"inLanguage\":\"es\",\"potentialAction\":[{\"@type\":\"ReadAction\",\"target\":[\"https:\/\/www.nexoinformativo.mx\/index.php\/2024\/11\/07\/detienen-a-presunto-feminicida-en-santa-rosa-jauregui-victima-lucha-por-su-vida\/\"]}]},{\"@type\":\"ImageObject\",\"inLanguage\":\"es\",\"@id\":\"https:\/\/www.nexoinformativo.mx\/index.php\/2024\/11\/07\/detienen-a-presunto-feminicida-en-santa-rosa-jauregui-victima-lucha-por-su-vida\/#primaryimage\",\"url\":\"https:\/\/www.nexoinformativo.mx\/wp-content\/uploads\/2024\/11\/PHOTO-2024-11-07-12-26-39-e1731008719536.jpg\",\"contentUrl\":\"https:\/\/www.nexoinformativo.mx\/wp-content\/uploads\/2024\/11\/PHOTO-2024-11-07-12-26-39-e1731008719536.jpg\",\"width\":800,\"height\":504},{\"@type\":\"BreadcrumbList\",\"@id\":\"https:\/\/www.nexoinformativo.mx\/index.php\/2024\/11\/07\/detienen-a-presunto-feminicida-en-santa-rosa-jauregui-victima-lucha-por-su-vida\/#breadcrumb\",\"itemListElement\":[{\"@type\":\"ListItem\",\"position\":1,\"name\":\"Inicio\",\"item\":\"https:\/\/www.nexoinformativo.mx\/\"},{\"@type\":\"ListItem\",\"position\":2,\"name\":\"Detienen a presunto feminicida en Santa Rosa J\u00e1uregui; v\u00edctima lucha por su vida\"}]},{\"@type\":\"WebSite\",\"@id\":\"https:\/\/www.nexoinformativo.mx\/#website\",\"url\":\"https:\/\/www.nexoinformativo.mx\/\",\"name\":\"Nexo Informativo Santiago de Quer\u00e9taro\",\"description\":\"Explora NexoInformativo y convi\u00e9rtete en parte de una comunidad que valora el conocimiento y la verdad. Tu nexoinformativo es tu puente hacia una comprensi\u00f3n m\u00e1s profunda del mundo que te rodea.\",\"publisher\":{\"@id\":\"https:\/\/www.nexoinformativo.mx\/#organization\"},\"potentialAction\":[{\"@type\":\"SearchAction\",\"target\":{\"@type\":\"EntryPoint\",\"urlTemplate\":\"https:\/\/www.nexoinformativo.mx\/?s={search_term_string}\"},\"query-input\":{\"@type\":\"PropertyValueSpecification\",\"valueRequired\":true,\"valueName\":\"search_term_string\"}}],\"inLanguage\":\"es\"},{\"@type\":\"Organization\",\"@id\":\"https:\/\/www.nexoinformativo.mx\/#organization\",\"name\":\"Nexo Informativo Santiago de Quer\u00e9taro\",\"url\":\"https:\/\/www.nexoinformativo.mx\/\",\"logo\":{\"@type\":\"ImageObject\",\"inLanguage\":\"es\",\"@id\":\"https:\/\/www.nexoinformativo.mx\/#\/schema\/logo\/image\/\",\"url\":\"https:\/\/www.nexoinformativo.mx\/wp-content\/uploads\/2024\/07\/nexoi-trasparente-2.png\",\"contentUrl\":\"https:\/\/www.nexoinformativo.mx\/wp-content\/uploads\/2024\/07\/nexoi-trasparente-2.png\",\"width\":816,\"height\":339,\"caption\":\"Nexo Informativo Santiago de Quer\u00e9taro\"},\"image\":{\"@id\":\"https:\/\/www.nexoinformativo.mx\/#\/schema\/logo\/image\/\"},\"sameAs\":[\"https:\/\/www.facebook.com\/people\/Nexo-Informativo\/61564066885511\/\"]},{\"@type\":\"Person\",\"@id\":\"https:\/\/www.nexoinformativo.mx\/#\/schema\/person\/7749d380ba08c8ca00d7bc76fd907b7d\",\"name\":\"Nexo Informativo\",\"image\":{\"@type\":\"ImageObject\",\"inLanguage\":\"es\",\"@id\":\"https:\/\/www.nexoinformativo.mx\/#\/schema\/person\/image\/\",\"url\":\"https:\/\/secure.gravatar.com\/avatar\/dde2928154642a13d95f87ddf1ea9718fe2b46760a005c53e41ff5ad610704e6?s=96&d=mm&r=g\",\"contentUrl\":\"https:\/\/secure.gravatar.com\/avatar\/dde2928154642a13d95f87ddf1ea9718fe2b46760a005c53e41ff5ad610704e6?s=96&d=mm&r=g\",\"caption\":\"Nexo Informativo\"},\"url\":\"https:\/\/www.nexoinformativo.mx\/index.php\/author\/edicion\/\"}]}<\/script>\n<!-- \/ Yoast SEO plugin. -->","yoast_head_json":{"title":"Detienen a presunto feminicida en Santa Rosa J\u00e1uregui; v\u00edctima lucha por su vida | Nexo Informativo Santiago de Quer\u00e9taro","description":"Detienen a presunto feminicida en Santa Rosa J\u00e1uregui; v\u00edctima lucha por su vida","robots":{"index":"index","follow":"follow","max-snippet":"max-snippet:-1","max-image-preview":"max-image-preview:large","max-video-preview":"max-video-preview:-1"},"canonical":"https:\/\/www.nexoinformativo.mx\/index.php\/2024\/11\/07\/detienen-a-presunto-feminicida-en-santa-rosa-jauregui-victima-lucha-por-su-vida\/","og_locale":"es_MX","og_type":"article","og_title":"Detienen a presunto feminicida en Santa Rosa J\u00e1uregui; v\u00edctima lucha por su vida | Nexo Informativo Santiago de Quer\u00e9taro","og_description":"Detienen a presunto feminicida en Santa Rosa J\u00e1uregui; v\u00edctima lucha por su vida","og_url":"https:\/\/www.nexoinformativo.mx\/index.php\/2024\/11\/07\/detienen-a-presunto-feminicida-en-santa-rosa-jauregui-victima-lucha-por-su-vida\/","og_site_name":"Nexo Informativo Santiago de Quer\u00e9taro","article_publisher":"https:\/\/www.facebook.com\/people\/Nexo-Informativo\/61564066885511\/","article_published_time":"2024-11-07T17:30:17+00:00","article_modified_time":"2024-11-07T19:47:56+00:00","og_image":[{"width":800,"height":504,"url":"https:\/\/www.nexoinformativo.mx\/wp-content\/uploads\/2024\/11\/PHOTO-2024-11-07-12-26-39-e1731008719536.jpg","type":"image\/jpeg"}],"author":"Nexo Informativo","twitter_card":"summary_large_image","twitter_misc":{"Escrito por":"Nexo Informativo","Tiempo de lectura":"2 minutos"},"schema":{"@context":"https:\/\/schema.org","@graph":[{"@type":"Article","@id":"https:\/\/www.nexoinformativo.mx\/index.php\/2024\/11\/07\/detienen-a-presunto-feminicida-en-santa-rosa-jauregui-victima-lucha-por-su-vida\/#article","isPartOf":{"@id":"https:\/\/www.nexoinformativo.mx\/index.php\/2024\/11\/07\/detienen-a-presunto-feminicida-en-santa-rosa-jauregui-victima-lucha-por-su-vida\/"},"author":{"name":"Nexo Informativo","@id":"https:\/\/www.nexoinformativo.mx\/#\/schema\/person\/7749d380ba08c8ca00d7bc76fd907b7d"},"headline":"Detienen a presunto feminicida en Santa Rosa J\u00e1uregui; v\u00edctima lucha por su vida","datePublished":"2024-11-07T17:30:17+00:00","dateModified":"2024-11-07T19:47:56+00:00","mainEntityOfPage":{"@id":"https:\/\/www.nexoinformativo.mx\/index.php\/2024\/11\/07\/detienen-a-presunto-feminicida-en-santa-rosa-jauregui-victima-lucha-por-su-vida\/"},"wordCount":218,"commentCount":0,"publisher":{"@id":"https:\/\/www.nexoinformativo.mx\/#organization"},"image":{"@id":"https:\/\/www.nexoinformativo.mx\/index.php\/2024\/11\/07\/detienen-a-presunto-feminicida-en-santa-rosa-jauregui-victima-lucha-por-su-vida\/#primaryimage"},"thumbnailUrl":"https:\/\/www.nexoinformativo.mx\/wp-content\/uploads\/2024\/11\/PHOTO-2024-11-07-12-26-39-e1731008719536.jpg","keywords":["Feminicidio","JusticiaParaLasMujeres","Quer\u00e9taro","SantaRosaJ\u00e1uregui"],"articleSection":["Sucesos","\u00daltima Hora"],"inLanguage":"es","potentialAction":[{"@type":"CommentAction","name":"Comment","target":["https:\/\/www.nexoinformativo.mx\/index.php\/2024\/11\/07\/detienen-a-presunto-feminicida-en-santa-rosa-jauregui-victima-lucha-por-su-vida\/#respond"]}]},{"@type":"WebPage","@id":"https:\/\/www.nexoinformativo.mx\/index.php\/2024\/11\/07\/detienen-a-presunto-feminicida-en-santa-rosa-jauregui-victima-lucha-por-su-vida\/","url":"https:\/\/www.nexoinformativo.mx\/index.php\/2024\/11\/07\/detienen-a-presunto-feminicida-en-santa-rosa-jauregui-victima-lucha-por-su-vida\/","name":"Detienen a presunto feminicida en Santa Rosa J\u00e1uregui; v\u00edctima lucha por su vida | Nexo Informativo Santiago de Quer\u00e9taro","isPartOf":{"@id":"https:\/\/www.nexoinformativo.mx\/#website"},"primaryImageOfPage":{"@id":"https:\/\/www.nexoinformativo.mx\/index.php\/2024\/11\/07\/detienen-a-presunto-feminicida-en-santa-rosa-jauregui-victima-lucha-por-su-vida\/#primaryimage"},"image":{"@id":"https:\/\/www.nexoinformativo.mx\/index.php\/2024\/11\/07\/detienen-a-presunto-feminicida-en-santa-rosa-jauregui-victima-lucha-por-su-vida\/#primaryimage"},"thumbnailUrl":"https:\/\/www.nexoinformativo.mx\/wp-content\/uploads\/2024\/11\/PHOTO-2024-11-07-12-26-39-e1731008719536.jpg","datePublished":"2024-11-07T17:30:17+00:00","dateModified":"2024-11-07T19:47:56+00:00","description":"Detienen a presunto feminicida en Santa Rosa J\u00e1uregui; v\u00edctima lucha por su vida","breadcrumb":{"@id":"https:\/\/www.nexoinformativo.mx\/index.php\/2024\/11\/07\/detienen-a-presunto-feminicida-en-santa-rosa-jauregui-victima-lucha-por-su-vida\/#breadcrumb"},"inLanguage":"es","potentialAction":[{"@type":"ReadAction","target":["https:\/\/www.nexoinformativo.mx\/index.php\/2024\/11\/07\/detienen-a-presunto-feminicida-en-santa-rosa-jauregui-victima-lucha-por-su-vida\/"]}]},{"@type":"ImageObject","inLanguage":"es","@id":"https:\/\/www.nexoinformativo.mx\/index.php\/2024\/11\/07\/detienen-a-presunto-feminicida-en-santa-rosa-jauregui-victima-lucha-por-su-vida\/#primaryimage","url":"https:\/\/www.nexoinformativo.mx\/wp-content\/uploads\/2024\/11\/PHOTO-2024-11-07-12-26-39-e1731008719536.jpg","contentUrl":"https:\/\/www.nexoinformativo.mx\/wp-content\/uploads\/2024\/11\/PHOTO-2024-11-07-12-26-39-e1731008719536.jpg","width":800,"height":504},{"@type":"BreadcrumbList","@id":"https:\/\/www.nexoinformativo.mx\/index.php\/2024\/11\/07\/detienen-a-presunto-feminicida-en-santa-rosa-jauregui-victima-lucha-por-su-vida\/#breadcrumb","itemListElement":[{"@type":"ListItem","position":1,"name":"Inicio","item":"https:\/\/www.nexoinformativo.mx\/"},{"@type":"ListItem","position":2,"name":"Detienen a presunto feminicida en Santa Rosa J\u00e1uregui; v\u00edctima lucha por su vida"}]},{"@type":"WebSite","@id":"https:\/\/www.nexoinformativo.mx\/#website","url":"https:\/\/www.nexoinformativo.mx\/","name":"Nexo Informativo Santiago de Quer\u00e9taro","description":"Explora NexoInformativo y convi\u00e9rtete en parte de una comunidad que valora el conocimiento y la verdad. Tu nexoinformativo es tu puente hacia una comprensi\u00f3n m\u00e1s profunda del mundo que te rodea.","publisher":{"@id":"https:\/\/www.nexoinformativo.mx\/#organization"},"potentialAction":[{"@type":"SearchAction","target":{"@type":"EntryPoint","urlTemplate":"https:\/\/www.nexoinformativo.mx\/?s={search_term_string}"},"query-input":{"@type":"PropertyValueSpecification","valueRequired":true,"valueName":"search_term_string"}}],"inLanguage":"es"},{"@type":"Organization","@id":"https:\/\/www.nexoinformativo.mx\/#organization","name":"Nexo Informativo Santiago de Quer\u00e9taro","url":"https:\/\/www.nexoinformativo.mx\/","logo":{"@type":"ImageObject","inLanguage":"es","@id":"https:\/\/www.nexoinformativo.mx\/#\/schema\/logo\/image\/","url":"https:\/\/www.nexoinformativo.mx\/wp-content\/uploads\/2024\/07\/nexoi-trasparente-2.png","contentUrl":"https:\/\/www.nexoinformativo.mx\/wp-content\/uploads\/2024\/07\/nexoi-trasparente-2.png","width":816,"height":339,"caption":"Nexo Informativo Santiago de Quer\u00e9taro"},"image":{"@id":"https:\/\/www.nexoinformativo.mx\/#\/schema\/logo\/image\/"},"sameAs":["https:\/\/www.facebook.com\/people\/Nexo-Informativo\/61564066885511\/"]},{"@type":"Person","@id":"https:\/\/www.nexoinformativo.mx\/#\/schema\/person\/7749d380ba08c8ca00d7bc76fd907b7d","name":"Nexo Informativo","image":{"@type":"ImageObject","inLanguage":"es","@id":"https:\/\/www.nexoinformativo.mx\/#\/schema\/person\/image\/","url":"https:\/\/secure.gravatar.com\/avatar\/dde2928154642a13d95f87ddf1ea9718fe2b46760a005c53e41ff5ad610704e6?s=96&d=mm&r=g","contentUrl":"https:\/\/secure.gravatar.com\/avatar\/dde2928154642a13d95f87ddf1ea9718fe2b46760a005c53e41ff5ad610704e6?s=96&d=mm&r=g","caption":"Nexo Informativo"},"url":"https:\/\/www.nexoinformativo.mx\/index.php\/author\/edicion\/"}]}},"_links":{"self":[{"href":"https:\/\/www.nexoinformativo.mx\/index.php\/wp-json\/wp\/v2\/posts\/5574","targetHints":{"allow":["GET"]}}],"collection":[{"href":"https:\/\/www.nexoinformativo.mx\/index.php\/wp-json\/wp\/v2\/posts"}],"about":[{"href":"https:\/\/www.nexoinformativo.mx\/index.php\/wp-json\/wp\/v2\/types\/post"}],"author":[{"embeddable":true,"href":"https:\/\/www.nexoinformativo.mx\/index.php\/wp-json\/wp\/v2\/users\/3"}],"replies":[{"embeddable":true,"href":"https:\/\/www.nexoinformativo.mx\/index.php\/wp-json\/wp\/v2\/comments?post=5574"}],"version-history":[{"count":5,"href":"https:\/\/www.nexoinformativo.mx\/index.php\/wp-json\/wp\/v2\/posts\/5574\/revisions"}],"predecessor-version":[{"id":5576,"href":"https:\/\/www.nexoinformativo.mx\/index.php\/wp-json\/wp\/v2\/posts\/5574\/revisions\/5576"}],"wp:featuredmedia":[{"embeddable":true,"href":"https:\/\/www.nexoinformativo.mx\/index.php\/wp-json\/wp\/v2\/media\/5577"}],"wp:attachment":[{"href":"https:\/\/www.nexoinformativo.mx\/index.php\/wp-json\/wp\/v2\/media?parent=5574"}],"wp:term":[{"taxonomy":"category","embeddable":true,"href":"https:\/\/www.nexoinformativo.mx\/index.php\/wp-json\/wp\/v2\/categories?post=5574"},{"taxonomy":"post_tag","embeddable":true,"href":"https:\/\/www.nexoinformativo.mx\/index.php\/wp-json\/wp\/v2\/tags?post=5574"}],"curies":[{"name":"wp","href":"https:\/\/api.w.org\/{rel}","templated":true}]}}