{"id":5581,"date":"2024-11-07T12:30:11","date_gmt":"2024-11-07T18:30:11","guid":{"rendered":"https:\/\/www.nexoinformativo.mx\/?p=5581"},"modified":"2024-11-07T14:19:20","modified_gmt":"2024-11-07T20:19:20","slug":"home-depot-inaugura-su-sexta-tienda-en-queretaro-y-genera-mas-de-200-empleos","status":"publish","type":"post","link":"https:\/\/www.nexoinformativo.mx\/index.php\/2024\/11\/07\/home-depot-inaugura-su-sexta-tienda-en-queretaro-y-genera-mas-de-200-empleos\/","title":{"rendered":"Home Depot inaugura su sexta tienda en Quer\u00e9taro y genera m\u00e1s de 200 empleos"},"content":{"rendered":"<p style=\"text-align: justify;\" data-sourcepos=\"5:1-5:357\">Quer\u00e9taro se consolida como un polo de desarrollo comercial. La cadena <strong>Home Depot<\/strong> inaugur\u00f3 este jueves su tienda n\u00famero 140 en M\u00e9xico y la sexta en el estado de Quer\u00e9taro, ubicada en El Refugio. Con una inversi\u00f3n superior a los 410 mdp, esta nueva sucursal representa un importante impulso para la econom\u00eda local y generaci\u00f3n de empleo.<\/p>\n<p>&nbsp;<\/p>\n<p style=\"text-align: justify;\" data-sourcepos=\"7:1-7:302\">El evento inaugural cont\u00f3 con la presencia de Jos\u00e9 Antonio Rodr\u00edguez Garza, presidente y director general de <strong>Home Depot M\u00e9xico<\/strong>, y el gobernador de Quer\u00e9taro, Mauricio Kuri. Rodr\u00edguez Garza destac\u00f3 que la empresa ha generado 80 nuevos empleos directos y m\u00e1s de 200 indirectos con esta apertura.<\/p>\n<p>&nbsp;<\/p>\n<p style=\"text-align: justify;\" data-sourcepos=\"9:1-9:352\"><strong>&#8220;En Home Depot estamos comprometidos con M\u00e9xico y con Quer\u00e9taro. Esta nueva tienda es una muestra de nuestra confianza en el estado y en su gente&#8221;<\/strong>, afirm\u00f3 Rodr\u00edguez Garza.<\/p>\n<p>&nbsp;<\/p>\n<p style=\"text-align: justify;\" data-sourcepos=\"9:1-9:352\">El directivo resalt\u00f3 que la nueva sucursal cuenta con los \u00faltimos avances tecnol\u00f3gicos y una amplia variedad de productos para satisfacer las necesidades de los clientes. Tambi\u00e9n dedic\u00f3 la apertura a Bernard Marcus, fundador de Home Depot, quien falleci\u00f3 el 4 de noviembre.<\/p>\n<p>&nbsp;<\/p>\n<p style=\"text-align: justify;\" data-sourcepos=\"11:1-11:353\">El gobernador Mauricio Kuri celebr\u00f3 la llegada de Home Depot a El Marqu\u00e9s y destac\u00f3 el talento de los queretanos como un factor clave para atraer inversiones.<strong> &#8220;Quer\u00e9taro es un estado que ofrece las condiciones ideales para hacer negocios, gracias a su seguridad, infraestructura y capital humano&#8221;<\/strong>, expres\u00f3 el mandatario.<\/p>\n<p>&nbsp;<\/p>\n<p style=\"text-align: justify;\" data-sourcepos=\"11:1-11:353\">Por su parte, el presidente de El Marqu\u00e9s, Rodrigo Monsalvo recalc\u00f3 que con la llegada de esta sucursal al municipio, generar\u00e1 empleos formales, ya que las empresas conf\u00edan en la paz laboral y la certidumbre del estado.<\/p>\n<p>&nbsp;<\/p>\n<p style=\"text-align: justify;\" data-sourcepos=\"13:1-13:168\">La nueva tienda de Home Depot en El Marqu\u00e9s se convierte en un referente en la regi\u00f3n, ofreciendo a los clientes una experiencia de compra completa y satisfactoria.<\/p>\n<p>&nbsp;<\/p>\n<p style=\"text-align: center;\" data-sourcepos=\"13:1-13:168\"><em><strong>\u00a1Informaci\u00f3n que transforma!<\/strong><\/em><\/p>\n","protected":false},"excerpt":{"rendered":"<p>Quer\u00e9taro se consolida como un polo de desarrollo comercial. La cadena Home Depot inaugur\u00f3 este jueves su tienda n\u00famero 140 en M\u00e9xico y la sexta en el estado de Quer\u00e9taro, ubicada en El Refugio.<\/p>\n","protected":false},"author":3,"featured_media":5582,"comment_status":"open","ping_status":"open","sticky":false,"template":"","format":"standard","meta":{"footnotes":""},"categories":[5,65,58],"tags":[352,1920,1919,133],"class_list":["post-5581","post","type-post","status-publish","format-standard","has-post-thumbnail","hentry","category-economia","category-municipios","category-ultima-hora","tag-desarrolloeconomico","tag-generaciondeempleos","tag-homedepot","tag-queretaro"],"yoast_head":"<!-- This site is optimized with the Yoast SEO plugin v25.0 - https:\/\/yoast.com\/wordpress\/plugins\/seo\/ -->\n<title>Home Depot inaugura su sexta tienda en Quer\u00e9taro y genera m\u00e1s de 200 empleos | Nexo Informativo Santiago de Quer\u00e9taro<\/title>\n<meta name=\"description\" content=\"Home Depot inaugura su sexta tienda en Quer\u00e9taro y genera m\u00e1s de 200 empleos\" \/>\n<meta name=\"robots\" content=\"index, follow, max-snippet:-1, max-image-preview:large, max-video-preview:-1\" \/>\n<link rel=\"canonical\" href=\"https:\/\/www.nexoinformativo.mx\/index.php\/2024\/11\/07\/home-depot-inaugura-su-sexta-tienda-en-queretaro-y-genera-mas-de-200-empleos\/\" \/>\n<meta property=\"og:locale\" content=\"es_MX\" \/>\n<meta property=\"og:type\" content=\"article\" \/>\n<meta property=\"og:title\" content=\"Home Depot inaugura su sexta tienda en Quer\u00e9taro y genera m\u00e1s de 200 empleos | Nexo Informativo Santiago de Quer\u00e9taro\" \/>\n<meta property=\"og:description\" content=\"Home Depot inaugura su sexta tienda en Quer\u00e9taro y genera m\u00e1s de 200 empleos\" \/>\n<meta property=\"og:url\" content=\"https:\/\/www.nexoinformativo.mx\/index.php\/2024\/11\/07\/home-depot-inaugura-su-sexta-tienda-en-queretaro-y-genera-mas-de-200-empleos\/\" \/>\n<meta property=\"og:site_name\" content=\"Nexo Informativo Santiago de Quer\u00e9taro\" \/>\n<meta property=\"article:publisher\" content=\"https:\/\/www.facebook.com\/people\/Nexo-Informativo\/61564066885511\/\" \/>\n<meta property=\"article:published_time\" content=\"2024-11-07T18:30:11+00:00\" \/>\n<meta property=\"article:modified_time\" content=\"2024-11-07T20:19:20+00:00\" \/>\n<meta property=\"og:image\" content=\"https:\/\/www.nexoinformativo.mx\/wp-content\/uploads\/2024\/11\/PHOTO-2024-11-07-14-03-35-e1731010647382.jpg\" \/>\n\t<meta property=\"og:image:width\" content=\"800\" \/>\n\t<meta property=\"og:image:height\" content=\"600\" \/>\n\t<meta property=\"og:image:type\" content=\"image\/jpeg\" \/>\n<meta name=\"author\" content=\"Nexo Informativo\" \/>\n<meta name=\"twitter:card\" content=\"summary_large_image\" \/>\n<meta name=\"twitter:label1\" content=\"Escrito por\" \/>\n\t<meta name=\"twitter:data1\" content=\"Nexo Informativo\" \/>\n\t<meta name=\"twitter:label2\" content=\"Tiempo de lectura\" \/>\n\t<meta name=\"twitter:data2\" content=\"2 minutos\" \/>\n<script type=\"application\/ld+json\" class=\"yoast-schema-graph\">{\"@context\":\"https:\/\/schema.org\",\"@graph\":[{\"@type\":\"Article\",\"@id\":\"https:\/\/www.nexoinformativo.mx\/index.php\/2024\/11\/07\/home-depot-inaugura-su-sexta-tienda-en-queretaro-y-genera-mas-de-200-empleos\/#article\",\"isPartOf\":{\"@id\":\"https:\/\/www.nexoinformativo.mx\/index.php\/2024\/11\/07\/home-depot-inaugura-su-sexta-tienda-en-queretaro-y-genera-mas-de-200-empleos\/\"},\"author\":{\"name\":\"Nexo Informativo\",\"@id\":\"https:\/\/www.nexoinformativo.mx\/#\/schema\/person\/7749d380ba08c8ca00d7bc76fd907b7d\"},\"headline\":\"Home Depot inaugura su sexta tienda en Quer\u00e9taro y genera m\u00e1s de 200 empleos\",\"datePublished\":\"2024-11-07T18:30:11+00:00\",\"dateModified\":\"2024-11-07T20:19:20+00:00\",\"mainEntityOfPage\":{\"@id\":\"https:\/\/www.nexoinformativo.mx\/index.php\/2024\/11\/07\/home-depot-inaugura-su-sexta-tienda-en-queretaro-y-genera-mas-de-200-empleos\/\"},\"wordCount\":335,\"commentCount\":0,\"publisher\":{\"@id\":\"https:\/\/www.nexoinformativo.mx\/#organization\"},\"image\":{\"@id\":\"https:\/\/www.nexoinformativo.mx\/index.php\/2024\/11\/07\/home-depot-inaugura-su-sexta-tienda-en-queretaro-y-genera-mas-de-200-empleos\/#primaryimage\"},\"thumbnailUrl\":\"https:\/\/www.nexoinformativo.mx\/wp-content\/uploads\/2024\/11\/PHOTO-2024-11-07-14-03-35-e1731010647382.jpg\",\"keywords\":[\"DesarrolloEcon\u00f3mico\",\"Generaci\u00f3nDeEmpleos\",\"HomeDepot\",\"Quer\u00e9taro\"],\"articleSection\":[\"Econom\u00eda\",\"Municipios\",\"\u00daltima Hora\"],\"inLanguage\":\"es\",\"potentialAction\":[{\"@type\":\"CommentAction\",\"name\":\"Comment\",\"target\":[\"https:\/\/www.nexoinformativo.mx\/index.php\/2024\/11\/07\/home-depot-inaugura-su-sexta-tienda-en-queretaro-y-genera-mas-de-200-empleos\/#respond\"]}]},{\"@type\":\"WebPage\",\"@id\":\"https:\/\/www.nexoinformativo.mx\/index.php\/2024\/11\/07\/home-depot-inaugura-su-sexta-tienda-en-queretaro-y-genera-mas-de-200-empleos\/\",\"url\":\"https:\/\/www.nexoinformativo.mx\/index.php\/2024\/11\/07\/home-depot-inaugura-su-sexta-tienda-en-queretaro-y-genera-mas-de-200-empleos\/\",\"name\":\"Home Depot inaugura su sexta tienda en Quer\u00e9taro y genera m\u00e1s de 200 empleos | Nexo Informativo Santiago de Quer\u00e9taro\",\"isPartOf\":{\"@id\":\"https:\/\/www.nexoinformativo.mx\/#website\"},\"primaryImageOfPage\":{\"@id\":\"https:\/\/www.nexoinformativo.mx\/index.php\/2024\/11\/07\/home-depot-inaugura-su-sexta-tienda-en-queretaro-y-genera-mas-de-200-empleos\/#primaryimage\"},\"image\":{\"@id\":\"https:\/\/www.nexoinformativo.mx\/index.php\/2024\/11\/07\/home-depot-inaugura-su-sexta-tienda-en-queretaro-y-genera-mas-de-200-empleos\/#primaryimage\"},\"thumbnailUrl\":\"https:\/\/www.nexoinformativo.mx\/wp-content\/uploads\/2024\/11\/PHOTO-2024-11-07-14-03-35-e1731010647382.jpg\",\"datePublished\":\"2024-11-07T18:30:11+00:00\",\"dateModified\":\"2024-11-07T20:19:20+00:00\",\"description\":\"Home Depot inaugura su sexta tienda en Quer\u00e9taro y genera m\u00e1s de 200 empleos\",\"breadcrumb\":{\"@id\":\"https:\/\/www.nexoinformativo.mx\/index.php\/2024\/11\/07\/home-depot-inaugura-su-sexta-tienda-en-queretaro-y-genera-mas-de-200-empleos\/#breadcrumb\"},\"inLanguage\":\"es\",\"potentialAction\":[{\"@type\":\"ReadAction\",\"target\":[\"https:\/\/www.nexoinformativo.mx\/index.php\/2024\/11\/07\/home-depot-inaugura-su-sexta-tienda-en-queretaro-y-genera-mas-de-200-empleos\/\"]}]},{\"@type\":\"ImageObject\",\"inLanguage\":\"es\",\"@id\":\"https:\/\/www.nexoinformativo.mx\/index.php\/2024\/11\/07\/home-depot-inaugura-su-sexta-tienda-en-queretaro-y-genera-mas-de-200-empleos\/#primaryimage\",\"url\":\"https:\/\/www.nexoinformativo.mx\/wp-content\/uploads\/2024\/11\/PHOTO-2024-11-07-14-03-35-e1731010647382.jpg\",\"contentUrl\":\"https:\/\/www.nexoinformativo.mx\/wp-content\/uploads\/2024\/11\/PHOTO-2024-11-07-14-03-35-e1731010647382.jpg\",\"width\":800,\"height\":600},{\"@type\":\"BreadcrumbList\",\"@id\":\"https:\/\/www.nexoinformativo.mx\/index.php\/2024\/11\/07\/home-depot-inaugura-su-sexta-tienda-en-queretaro-y-genera-mas-de-200-empleos\/#breadcrumb\",\"itemListElement\":[{\"@type\":\"ListItem\",\"position\":1,\"name\":\"Inicio\",\"item\":\"https:\/\/www.nexoinformativo.mx\/\"},{\"@type\":\"ListItem\",\"position\":2,\"name\":\"Home Depot inaugura su sexta tienda en Quer\u00e9taro y genera m\u00e1s de 200 empleos\"}]},{\"@type\":\"WebSite\",\"@id\":\"https:\/\/www.nexoinformativo.mx\/#website\",\"url\":\"https:\/\/www.nexoinformativo.mx\/\",\"name\":\"Nexo Informativo Santiago de Quer\u00e9taro\",\"description\":\"Explora NexoInformativo y convi\u00e9rtete en parte de una comunidad que valora el conocimiento y la verdad. Tu nexoinformativo es tu puente hacia una comprensi\u00f3n m\u00e1s profunda del mundo que te rodea.\",\"publisher\":{\"@id\":\"https:\/\/www.nexoinformativo.mx\/#organization\"},\"potentialAction\":[{\"@type\":\"SearchAction\",\"target\":{\"@type\":\"EntryPoint\",\"urlTemplate\":\"https:\/\/www.nexoinformativo.mx\/?s={search_term_string}\"},\"query-input\":{\"@type\":\"PropertyValueSpecification\",\"valueRequired\":true,\"valueName\":\"search_term_string\"}}],\"inLanguage\":\"es\"},{\"@type\":\"Organization\",\"@id\":\"https:\/\/www.nexoinformativo.mx\/#organization\",\"name\":\"Nexo Informativo Santiago de Quer\u00e9taro\",\"url\":\"https:\/\/www.nexoinformativo.mx\/\",\"logo\":{\"@type\":\"ImageObject\",\"inLanguage\":\"es\",\"@id\":\"https:\/\/www.nexoinformativo.mx\/#\/schema\/logo\/image\/\",\"url\":\"https:\/\/www.nexoinformativo.mx\/wp-content\/uploads\/2024\/07\/nexoi-trasparente-2.png\",\"contentUrl\":\"https:\/\/www.nexoinformativo.mx\/wp-content\/uploads\/2024\/07\/nexoi-trasparente-2.png\",\"width\":816,\"height\":339,\"caption\":\"Nexo Informativo Santiago de Quer\u00e9taro\"},\"image\":{\"@id\":\"https:\/\/www.nexoinformativo.mx\/#\/schema\/logo\/image\/\"},\"sameAs\":[\"https:\/\/www.facebook.com\/people\/Nexo-Informativo\/61564066885511\/\"]},{\"@type\":\"Person\",\"@id\":\"https:\/\/www.nexoinformativo.mx\/#\/schema\/person\/7749d380ba08c8ca00d7bc76fd907b7d\",\"name\":\"Nexo Informativo\",\"image\":{\"@type\":\"ImageObject\",\"inLanguage\":\"es\",\"@id\":\"https:\/\/www.nexoinformativo.mx\/#\/schema\/person\/image\/\",\"url\":\"https:\/\/secure.gravatar.com\/avatar\/dde2928154642a13d95f87ddf1ea9718fe2b46760a005c53e41ff5ad610704e6?s=96&d=mm&r=g\",\"contentUrl\":\"https:\/\/secure.gravatar.com\/avatar\/dde2928154642a13d95f87ddf1ea9718fe2b46760a005c53e41ff5ad610704e6?s=96&d=mm&r=g\",\"caption\":\"Nexo Informativo\"},\"url\":\"https:\/\/www.nexoinformativo.mx\/index.php\/author\/edicion\/\"}]}<\/script>\n<!-- \/ Yoast SEO plugin. -->","yoast_head_json":{"title":"Home Depot inaugura su sexta tienda en Quer\u00e9taro y genera m\u00e1s de 200 empleos | Nexo Informativo Santiago de Quer\u00e9taro","description":"Home Depot inaugura su sexta tienda en Quer\u00e9taro y genera m\u00e1s de 200 empleos","robots":{"index":"index","follow":"follow","max-snippet":"max-snippet:-1","max-image-preview":"max-image-preview:large","max-video-preview":"max-video-preview:-1"},"canonical":"https:\/\/www.nexoinformativo.mx\/index.php\/2024\/11\/07\/home-depot-inaugura-su-sexta-tienda-en-queretaro-y-genera-mas-de-200-empleos\/","og_locale":"es_MX","og_type":"article","og_title":"Home Depot inaugura su sexta tienda en Quer\u00e9taro y genera m\u00e1s de 200 empleos | Nexo Informativo Santiago de Quer\u00e9taro","og_description":"Home Depot inaugura su sexta tienda en Quer\u00e9taro y genera m\u00e1s de 200 empleos","og_url":"https:\/\/www.nexoinformativo.mx\/index.php\/2024\/11\/07\/home-depot-inaugura-su-sexta-tienda-en-queretaro-y-genera-mas-de-200-empleos\/","og_site_name":"Nexo Informativo Santiago de Quer\u00e9taro","article_publisher":"https:\/\/www.facebook.com\/people\/Nexo-Informativo\/61564066885511\/","article_published_time":"2024-11-07T18:30:11+00:00","article_modified_time":"2024-11-07T20:19:20+00:00","og_image":[{"width":800,"height":600,"url":"https:\/\/www.nexoinformativo.mx\/wp-content\/uploads\/2024\/11\/PHOTO-2024-11-07-14-03-35-e1731010647382.jpg","type":"image\/jpeg"}],"author":"Nexo Informativo","twitter_card":"summary_large_image","twitter_misc":{"Escrito por":"Nexo Informativo","Tiempo de lectura":"2 minutos"},"schema":{"@context":"https:\/\/schema.org","@graph":[{"@type":"Article","@id":"https:\/\/www.nexoinformativo.mx\/index.php\/2024\/11\/07\/home-depot-inaugura-su-sexta-tienda-en-queretaro-y-genera-mas-de-200-empleos\/#article","isPartOf":{"@id":"https:\/\/www.nexoinformativo.mx\/index.php\/2024\/11\/07\/home-depot-inaugura-su-sexta-tienda-en-queretaro-y-genera-mas-de-200-empleos\/"},"author":{"name":"Nexo Informativo","@id":"https:\/\/www.nexoinformativo.mx\/#\/schema\/person\/7749d380ba08c8ca00d7bc76fd907b7d"},"headline":"Home Depot inaugura su sexta tienda en Quer\u00e9taro y genera m\u00e1s de 200 empleos","datePublished":"2024-11-07T18:30:11+00:00","dateModified":"2024-11-07T20:19:20+00:00","mainEntityOfPage":{"@id":"https:\/\/www.nexoinformativo.mx\/index.php\/2024\/11\/07\/home-depot-inaugura-su-sexta-tienda-en-queretaro-y-genera-mas-de-200-empleos\/"},"wordCount":335,"commentCount":0,"publisher":{"@id":"https:\/\/www.nexoinformativo.mx\/#organization"},"image":{"@id":"https:\/\/www.nexoinformativo.mx\/index.php\/2024\/11\/07\/home-depot-inaugura-su-sexta-tienda-en-queretaro-y-genera-mas-de-200-empleos\/#primaryimage"},"thumbnailUrl":"https:\/\/www.nexoinformativo.mx\/wp-content\/uploads\/2024\/11\/PHOTO-2024-11-07-14-03-35-e1731010647382.jpg","keywords":["DesarrolloEcon\u00f3mico","Generaci\u00f3nDeEmpleos","HomeDepot","Quer\u00e9taro"],"articleSection":["Econom\u00eda","Municipios","\u00daltima Hora"],"inLanguage":"es","potentialAction":[{"@type":"CommentAction","name":"Comment","target":["https:\/\/www.nexoinformativo.mx\/index.php\/2024\/11\/07\/home-depot-inaugura-su-sexta-tienda-en-queretaro-y-genera-mas-de-200-empleos\/#respond"]}]},{"@type":"WebPage","@id":"https:\/\/www.nexoinformativo.mx\/index.php\/2024\/11\/07\/home-depot-inaugura-su-sexta-tienda-en-queretaro-y-genera-mas-de-200-empleos\/","url":"https:\/\/www.nexoinformativo.mx\/index.php\/2024\/11\/07\/home-depot-inaugura-su-sexta-tienda-en-queretaro-y-genera-mas-de-200-empleos\/","name":"Home Depot inaugura su sexta tienda en Quer\u00e9taro y genera m\u00e1s de 200 empleos | Nexo Informativo Santiago de Quer\u00e9taro","isPartOf":{"@id":"https:\/\/www.nexoinformativo.mx\/#website"},"primaryImageOfPage":{"@id":"https:\/\/www.nexoinformativo.mx\/index.php\/2024\/11\/07\/home-depot-inaugura-su-sexta-tienda-en-queretaro-y-genera-mas-de-200-empleos\/#primaryimage"},"image":{"@id":"https:\/\/www.nexoinformativo.mx\/index.php\/2024\/11\/07\/home-depot-inaugura-su-sexta-tienda-en-queretaro-y-genera-mas-de-200-empleos\/#primaryimage"},"thumbnailUrl":"https:\/\/www.nexoinformativo.mx\/wp-content\/uploads\/2024\/11\/PHOTO-2024-11-07-14-03-35-e1731010647382.jpg","datePublished":"2024-11-07T18:30:11+00:00","dateModified":"2024-11-07T20:19:20+00:00","description":"Home Depot inaugura su sexta tienda en Quer\u00e9taro y genera m\u00e1s de 200 empleos","breadcrumb":{"@id":"https:\/\/www.nexoinformativo.mx\/index.php\/2024\/11\/07\/home-depot-inaugura-su-sexta-tienda-en-queretaro-y-genera-mas-de-200-empleos\/#breadcrumb"},"inLanguage":"es","potentialAction":[{"@type":"ReadAction","target":["https:\/\/www.nexoinformativo.mx\/index.php\/2024\/11\/07\/home-depot-inaugura-su-sexta-tienda-en-queretaro-y-genera-mas-de-200-empleos\/"]}]},{"@type":"ImageObject","inLanguage":"es","@id":"https:\/\/www.nexoinformativo.mx\/index.php\/2024\/11\/07\/home-depot-inaugura-su-sexta-tienda-en-queretaro-y-genera-mas-de-200-empleos\/#primaryimage","url":"https:\/\/www.nexoinformativo.mx\/wp-content\/uploads\/2024\/11\/PHOTO-2024-11-07-14-03-35-e1731010647382.jpg","contentUrl":"https:\/\/www.nexoinformativo.mx\/wp-content\/uploads\/2024\/11\/PHOTO-2024-11-07-14-03-35-e1731010647382.jpg","width":800,"height":600},{"@type":"BreadcrumbList","@id":"https:\/\/www.nexoinformativo.mx\/index.php\/2024\/11\/07\/home-depot-inaugura-su-sexta-tienda-en-queretaro-y-genera-mas-de-200-empleos\/#breadcrumb","itemListElement":[{"@type":"ListItem","position":1,"name":"Inicio","item":"https:\/\/www.nexoinformativo.mx\/"},{"@type":"ListItem","position":2,"name":"Home Depot inaugura su sexta tienda en Quer\u00e9taro y genera m\u00e1s de 200 empleos"}]},{"@type":"WebSite","@id":"https:\/\/www.nexoinformativo.mx\/#website","url":"https:\/\/www.nexoinformativo.mx\/","name":"Nexo Informativo Santiago de Quer\u00e9taro","description":"Explora NexoInformativo y convi\u00e9rtete en parte de una comunidad que valora el conocimiento y la verdad. Tu nexoinformativo es tu puente hacia una comprensi\u00f3n m\u00e1s profunda del mundo que te rodea.","publisher":{"@id":"https:\/\/www.nexoinformativo.mx\/#organization"},"potentialAction":[{"@type":"SearchAction","target":{"@type":"EntryPoint","urlTemplate":"https:\/\/www.nexoinformativo.mx\/?s={search_term_string}"},"query-input":{"@type":"PropertyValueSpecification","valueRequired":true,"valueName":"search_term_string"}}],"inLanguage":"es"},{"@type":"Organization","@id":"https:\/\/www.nexoinformativo.mx\/#organization","name":"Nexo Informativo Santiago de Quer\u00e9taro","url":"https:\/\/www.nexoinformativo.mx\/","logo":{"@type":"ImageObject","inLanguage":"es","@id":"https:\/\/www.nexoinformativo.mx\/#\/schema\/logo\/image\/","url":"https:\/\/www.nexoinformativo.mx\/wp-content\/uploads\/2024\/07\/nexoi-trasparente-2.png","contentUrl":"https:\/\/www.nexoinformativo.mx\/wp-content\/uploads\/2024\/07\/nexoi-trasparente-2.png","width":816,"height":339,"caption":"Nexo Informativo Santiago de Quer\u00e9taro"},"image":{"@id":"https:\/\/www.nexoinformativo.mx\/#\/schema\/logo\/image\/"},"sameAs":["https:\/\/www.facebook.com\/people\/Nexo-Informativo\/61564066885511\/"]},{"@type":"Person","@id":"https:\/\/www.nexoinformativo.mx\/#\/schema\/person\/7749d380ba08c8ca00d7bc76fd907b7d","name":"Nexo Informativo","image":{"@type":"ImageObject","inLanguage":"es","@id":"https:\/\/www.nexoinformativo.mx\/#\/schema\/person\/image\/","url":"https:\/\/secure.gravatar.com\/avatar\/dde2928154642a13d95f87ddf1ea9718fe2b46760a005c53e41ff5ad610704e6?s=96&d=mm&r=g","contentUrl":"https:\/\/secure.gravatar.com\/avatar\/dde2928154642a13d95f87ddf1ea9718fe2b46760a005c53e41ff5ad610704e6?s=96&d=mm&r=g","caption":"Nexo Informativo"},"url":"https:\/\/www.nexoinformativo.mx\/index.php\/author\/edicion\/"}]}},"_links":{"self":[{"href":"https:\/\/www.nexoinformativo.mx\/index.php\/wp-json\/wp\/v2\/posts\/5581","targetHints":{"allow":["GET"]}}],"collection":[{"href":"https:\/\/www.nexoinformativo.mx\/index.php\/wp-json\/wp\/v2\/posts"}],"about":[{"href":"https:\/\/www.nexoinformativo.mx\/index.php\/wp-json\/wp\/v2\/types\/post"}],"author":[{"embeddable":true,"href":"https:\/\/www.nexoinformativo.mx\/index.php\/wp-json\/wp\/v2\/users\/3"}],"replies":[{"embeddable":true,"href":"https:\/\/www.nexoinformativo.mx\/index.php\/wp-json\/wp\/v2\/comments?post=5581"}],"version-history":[{"count":3,"href":"https:\/\/www.nexoinformativo.mx\/index.php\/wp-json\/wp\/v2\/posts\/5581\/revisions"}],"predecessor-version":[{"id":5586,"href":"https:\/\/www.nexoinformativo.mx\/index.php\/wp-json\/wp\/v2\/posts\/5581\/revisions\/5586"}],"wp:featuredmedia":[{"embeddable":true,"href":"https:\/\/www.nexoinformativo.mx\/index.php\/wp-json\/wp\/v2\/media\/5582"}],"wp:attachment":[{"href":"https:\/\/www.nexoinformativo.mx\/index.php\/wp-json\/wp\/v2\/media?parent=5581"}],"wp:term":[{"taxonomy":"category","embeddable":true,"href":"https:\/\/www.nexoinformativo.mx\/index.php\/wp-json\/wp\/v2\/categories?post=5581"},{"taxonomy":"post_tag","embeddable":true,"href":"https:\/\/www.nexoinformativo.mx\/index.php\/wp-json\/wp\/v2\/tags?post=5581"}],"curies":[{"name":"wp","href":"https:\/\/api.w.org\/{rel}","templated":true}]}}