{"id":5587,"date":"2024-11-07T13:00:41","date_gmt":"2024-11-07T19:00:41","guid":{"rendered":"https:\/\/www.nexoinformativo.mx\/?p=5587"},"modified":"2024-11-07T14:50:58","modified_gmt":"2024-11-07T20:50:58","slug":"tianguistas-y-locatarios-de-mercados-se-unen-al-buen-fin-con-grandes-descuentos","status":"publish","type":"post","link":"https:\/\/www.nexoinformativo.mx\/index.php\/2024\/11\/07\/tianguistas-y-locatarios-de-mercados-se-unen-al-buen-fin-con-grandes-descuentos\/","title":{"rendered":"Tianguistas y locatarios de mercados se unen al Buen Fin con grandes descuentos"},"content":{"rendered":"<p style=\"text-align: justify;\" data-sourcepos=\"5:1-5:368\">La Federaci\u00f3n de Comerciantes y Locatarios Establecidos y Prestadores de Servicios <strong>(FECOPSE)<\/strong> anunci\u00f3 que los tianguistas y locatarios de mercados se preparan para ofrecer grandes descuentos y promociones durante <strong>el Buen Fin<\/strong>.<\/p>\n<p>&nbsp;<\/p>\n<p style=\"text-align: justify;\" data-sourcepos=\"5:1-5:368\">La presidenta de la <strong>FECOPSE<\/strong>, Roc\u00edo Alvarado, asegur\u00f3 que esperan un incremento en las ventas de hasta un 8% en comparaci\u00f3n con a\u00f1os anteriores.<strong>&#8220;Invitamos a todos los ciudadanos a que nos visiten en los tianguis y mercados, donde encontrar\u00e1n una gran variedad de productos a precios muy accesibles&#8221;<\/strong>, se\u00f1al\u00f3 Alvarado.<\/p>\n<p>&nbsp;<\/p>\n<p style=\"text-align: justify;\" data-sourcepos=\"7:1-7:403\">La l\u00edder de los comerciantes destac\u00f3 que los tianguistas y locatarios est\u00e1n ofreciendo descuentos especiales y promociones exclusivas para <strong>el Buen Fin<\/strong>, con el objetivo de impulsar la econom\u00eda local y fomentar el consumo.<\/p>\n<p>&nbsp;<\/p>\n<p style=\"text-align: justify;\" data-sourcepos=\"9:1-9:342\">Alvarado resalt\u00f3 la importancia de apoyar al comercio local, ya que esto contribuye a generar empleos y a fortalecer la econom\u00eda de las comunidades.<\/p>\n<p>&nbsp;<\/p>\n<p style=\"text-align: justify;\" data-sourcepos=\"9:1-9:342\">Adem\u00e1s, mencion\u00f3 que los tianguis y mercados ofrecen una experiencia de compra m\u00e1s personalizada y cercana, donde los clientes pueden encontrar productos de alta calidad a precios competitivos.<\/p>\n<p>&nbsp;<\/p>\n<p style=\"text-align: justify;\" data-sourcepos=\"11:1-11:136\"><strong>&#8220;Estamos seguros de que el Buen Fin ser\u00e1 una gran oportunidad para los comerciantes y para los consumidores&#8221;<\/strong>, afirm\u00f3 Alvarado.<\/p>\n<p>&nbsp;<\/p>\n<p style=\"text-align: center;\" data-sourcepos=\"11:1-11:136\"><em><strong>\u00a1Informaci\u00f3n que transforma!<\/strong><\/em><\/p>\n","protected":false},"excerpt":{"rendered":"<p>La Federaci\u00f3n de Comerciantes y Locatarios Establecidos y Prestadores de Servicios (FECOPSE) anunci\u00f3 que los tianguistas y locatarios de mercados se preparan para ofrecer grandes descuentos y promociones durante el Buen Fin.<\/p>\n","protected":false},"author":3,"featured_media":5588,"comment_status":"open","ping_status":"open","sticky":false,"template":"","format":"standard","meta":{"footnotes":""},"categories":[65,58],"tags":[1921,1922,1924,1923],"class_list":["post-5587","post","type-post","status-publish","format-standard","has-post-thumbnail","hentry","category-municipios","category-ultima-hora","tag-buenfin","tag-comerciolocal","tag-descuentos","tag-tianguis"],"yoast_head":"<!-- This site is optimized with the Yoast SEO plugin v25.0 - https:\/\/yoast.com\/wordpress\/plugins\/seo\/ -->\n<title>Tianguistas y locatarios de mercados se unen al Buen Fin con grandes descuentos | Nexo Informativo Santiago de Quer\u00e9taro<\/title>\n<meta name=\"description\" content=\"Tianguistas y locatarios de mercados se unen al Buen Fin con grandes descuentos\" \/>\n<meta name=\"robots\" content=\"index, follow, max-snippet:-1, max-image-preview:large, max-video-preview:-1\" \/>\n<link rel=\"canonical\" href=\"https:\/\/www.nexoinformativo.mx\/index.php\/2024\/11\/07\/tianguistas-y-locatarios-de-mercados-se-unen-al-buen-fin-con-grandes-descuentos\/\" \/>\n<meta property=\"og:locale\" content=\"es_MX\" \/>\n<meta property=\"og:type\" content=\"article\" \/>\n<meta property=\"og:title\" content=\"Tianguistas y locatarios de mercados se unen al Buen Fin con grandes descuentos | Nexo Informativo Santiago de Quer\u00e9taro\" \/>\n<meta property=\"og:description\" content=\"Tianguistas y locatarios de mercados se unen al Buen Fin con grandes descuentos\" \/>\n<meta property=\"og:url\" content=\"https:\/\/www.nexoinformativo.mx\/index.php\/2024\/11\/07\/tianguistas-y-locatarios-de-mercados-se-unen-al-buen-fin-con-grandes-descuentos\/\" \/>\n<meta property=\"og:site_name\" content=\"Nexo Informativo Santiago de Quer\u00e9taro\" \/>\n<meta property=\"article:publisher\" content=\"https:\/\/www.facebook.com\/people\/Nexo-Informativo\/61564066885511\/\" \/>\n<meta property=\"article:published_time\" content=\"2024-11-07T19:00:41+00:00\" \/>\n<meta property=\"article:modified_time\" content=\"2024-11-07T20:50:58+00:00\" \/>\n<meta property=\"og:image\" content=\"https:\/\/www.nexoinformativo.mx\/wp-content\/uploads\/2024\/11\/PHOTO-2024-11-07-14-31-00-e1731012651841.jpg\" \/>\n\t<meta property=\"og:image:width\" content=\"500\" \/>\n\t<meta property=\"og:image:height\" content=\"666\" \/>\n\t<meta property=\"og:image:type\" content=\"image\/jpeg\" \/>\n<meta name=\"author\" content=\"Nexo Informativo\" \/>\n<meta name=\"twitter:card\" content=\"summary_large_image\" \/>\n<meta name=\"twitter:label1\" content=\"Escrito por\" \/>\n\t<meta name=\"twitter:data1\" content=\"Nexo Informativo\" \/>\n\t<meta name=\"twitter:label2\" content=\"Tiempo de lectura\" \/>\n\t<meta name=\"twitter:data2\" content=\"2 minutos\" \/>\n<script type=\"application\/ld+json\" class=\"yoast-schema-graph\">{\"@context\":\"https:\/\/schema.org\",\"@graph\":[{\"@type\":\"Article\",\"@id\":\"https:\/\/www.nexoinformativo.mx\/index.php\/2024\/11\/07\/tianguistas-y-locatarios-de-mercados-se-unen-al-buen-fin-con-grandes-descuentos\/#article\",\"isPartOf\":{\"@id\":\"https:\/\/www.nexoinformativo.mx\/index.php\/2024\/11\/07\/tianguistas-y-locatarios-de-mercados-se-unen-al-buen-fin-con-grandes-descuentos\/\"},\"author\":{\"name\":\"Nexo Informativo\",\"@id\":\"https:\/\/www.nexoinformativo.mx\/#\/schema\/person\/7749d380ba08c8ca00d7bc76fd907b7d\"},\"headline\":\"Tianguistas y locatarios de mercados se unen al Buen Fin con grandes descuentos\",\"datePublished\":\"2024-11-07T19:00:41+00:00\",\"dateModified\":\"2024-11-07T20:50:58+00:00\",\"mainEntityOfPage\":{\"@id\":\"https:\/\/www.nexoinformativo.mx\/index.php\/2024\/11\/07\/tianguistas-y-locatarios-de-mercados-se-unen-al-buen-fin-con-grandes-descuentos\/\"},\"wordCount\":223,\"commentCount\":0,\"publisher\":{\"@id\":\"https:\/\/www.nexoinformativo.mx\/#organization\"},\"image\":{\"@id\":\"https:\/\/www.nexoinformativo.mx\/index.php\/2024\/11\/07\/tianguistas-y-locatarios-de-mercados-se-unen-al-buen-fin-con-grandes-descuentos\/#primaryimage\"},\"thumbnailUrl\":\"https:\/\/www.nexoinformativo.mx\/wp-content\/uploads\/2024\/11\/PHOTO-2024-11-07-14-31-00-e1731012651841.jpg\",\"keywords\":[\"BuenFin\",\"ComercioLocal\",\"Descuentos\",\"Tianguis\"],\"articleSection\":[\"Municipios\",\"\u00daltima Hora\"],\"inLanguage\":\"es\",\"potentialAction\":[{\"@type\":\"CommentAction\",\"name\":\"Comment\",\"target\":[\"https:\/\/www.nexoinformativo.mx\/index.php\/2024\/11\/07\/tianguistas-y-locatarios-de-mercados-se-unen-al-buen-fin-con-grandes-descuentos\/#respond\"]}]},{\"@type\":\"WebPage\",\"@id\":\"https:\/\/www.nexoinformativo.mx\/index.php\/2024\/11\/07\/tianguistas-y-locatarios-de-mercados-se-unen-al-buen-fin-con-grandes-descuentos\/\",\"url\":\"https:\/\/www.nexoinformativo.mx\/index.php\/2024\/11\/07\/tianguistas-y-locatarios-de-mercados-se-unen-al-buen-fin-con-grandes-descuentos\/\",\"name\":\"Tianguistas y locatarios de mercados se unen al Buen Fin con grandes descuentos | Nexo Informativo Santiago de Quer\u00e9taro\",\"isPartOf\":{\"@id\":\"https:\/\/www.nexoinformativo.mx\/#website\"},\"primaryImageOfPage\":{\"@id\":\"https:\/\/www.nexoinformativo.mx\/index.php\/2024\/11\/07\/tianguistas-y-locatarios-de-mercados-se-unen-al-buen-fin-con-grandes-descuentos\/#primaryimage\"},\"image\":{\"@id\":\"https:\/\/www.nexoinformativo.mx\/index.php\/2024\/11\/07\/tianguistas-y-locatarios-de-mercados-se-unen-al-buen-fin-con-grandes-descuentos\/#primaryimage\"},\"thumbnailUrl\":\"https:\/\/www.nexoinformativo.mx\/wp-content\/uploads\/2024\/11\/PHOTO-2024-11-07-14-31-00-e1731012651841.jpg\",\"datePublished\":\"2024-11-07T19:00:41+00:00\",\"dateModified\":\"2024-11-07T20:50:58+00:00\",\"description\":\"Tianguistas y locatarios de mercados se unen al Buen Fin con grandes descuentos\",\"breadcrumb\":{\"@id\":\"https:\/\/www.nexoinformativo.mx\/index.php\/2024\/11\/07\/tianguistas-y-locatarios-de-mercados-se-unen-al-buen-fin-con-grandes-descuentos\/#breadcrumb\"},\"inLanguage\":\"es\",\"potentialAction\":[{\"@type\":\"ReadAction\",\"target\":[\"https:\/\/www.nexoinformativo.mx\/index.php\/2024\/11\/07\/tianguistas-y-locatarios-de-mercados-se-unen-al-buen-fin-con-grandes-descuentos\/\"]}]},{\"@type\":\"ImageObject\",\"inLanguage\":\"es\",\"@id\":\"https:\/\/www.nexoinformativo.mx\/index.php\/2024\/11\/07\/tianguistas-y-locatarios-de-mercados-se-unen-al-buen-fin-con-grandes-descuentos\/#primaryimage\",\"url\":\"https:\/\/www.nexoinformativo.mx\/wp-content\/uploads\/2024\/11\/PHOTO-2024-11-07-14-31-00-e1731012651841.jpg\",\"contentUrl\":\"https:\/\/www.nexoinformativo.mx\/wp-content\/uploads\/2024\/11\/PHOTO-2024-11-07-14-31-00-e1731012651841.jpg\",\"width\":500,\"height\":666},{\"@type\":\"BreadcrumbList\",\"@id\":\"https:\/\/www.nexoinformativo.mx\/index.php\/2024\/11\/07\/tianguistas-y-locatarios-de-mercados-se-unen-al-buen-fin-con-grandes-descuentos\/#breadcrumb\",\"itemListElement\":[{\"@type\":\"ListItem\",\"position\":1,\"name\":\"Inicio\",\"item\":\"https:\/\/www.nexoinformativo.mx\/\"},{\"@type\":\"ListItem\",\"position\":2,\"name\":\"Tianguistas y locatarios de mercados se unen al Buen Fin con grandes descuentos\"}]},{\"@type\":\"WebSite\",\"@id\":\"https:\/\/www.nexoinformativo.mx\/#website\",\"url\":\"https:\/\/www.nexoinformativo.mx\/\",\"name\":\"Nexo Informativo Santiago de Quer\u00e9taro\",\"description\":\"Explora NexoInformativo y convi\u00e9rtete en parte de una comunidad que valora el conocimiento y la verdad. Tu nexoinformativo es tu puente hacia una comprensi\u00f3n m\u00e1s profunda del mundo que te rodea.\",\"publisher\":{\"@id\":\"https:\/\/www.nexoinformativo.mx\/#organization\"},\"potentialAction\":[{\"@type\":\"SearchAction\",\"target\":{\"@type\":\"EntryPoint\",\"urlTemplate\":\"https:\/\/www.nexoinformativo.mx\/?s={search_term_string}\"},\"query-input\":{\"@type\":\"PropertyValueSpecification\",\"valueRequired\":true,\"valueName\":\"search_term_string\"}}],\"inLanguage\":\"es\"},{\"@type\":\"Organization\",\"@id\":\"https:\/\/www.nexoinformativo.mx\/#organization\",\"name\":\"Nexo Informativo Santiago de Quer\u00e9taro\",\"url\":\"https:\/\/www.nexoinformativo.mx\/\",\"logo\":{\"@type\":\"ImageObject\",\"inLanguage\":\"es\",\"@id\":\"https:\/\/www.nexoinformativo.mx\/#\/schema\/logo\/image\/\",\"url\":\"https:\/\/www.nexoinformativo.mx\/wp-content\/uploads\/2024\/07\/nexoi-trasparente-2.png\",\"contentUrl\":\"https:\/\/www.nexoinformativo.mx\/wp-content\/uploads\/2024\/07\/nexoi-trasparente-2.png\",\"width\":816,\"height\":339,\"caption\":\"Nexo Informativo Santiago de Quer\u00e9taro\"},\"image\":{\"@id\":\"https:\/\/www.nexoinformativo.mx\/#\/schema\/logo\/image\/\"},\"sameAs\":[\"https:\/\/www.facebook.com\/people\/Nexo-Informativo\/61564066885511\/\"]},{\"@type\":\"Person\",\"@id\":\"https:\/\/www.nexoinformativo.mx\/#\/schema\/person\/7749d380ba08c8ca00d7bc76fd907b7d\",\"name\":\"Nexo Informativo\",\"image\":{\"@type\":\"ImageObject\",\"inLanguage\":\"es\",\"@id\":\"https:\/\/www.nexoinformativo.mx\/#\/schema\/person\/image\/\",\"url\":\"https:\/\/secure.gravatar.com\/avatar\/dde2928154642a13d95f87ddf1ea9718fe2b46760a005c53e41ff5ad610704e6?s=96&d=mm&r=g\",\"contentUrl\":\"https:\/\/secure.gravatar.com\/avatar\/dde2928154642a13d95f87ddf1ea9718fe2b46760a005c53e41ff5ad610704e6?s=96&d=mm&r=g\",\"caption\":\"Nexo Informativo\"},\"url\":\"https:\/\/www.nexoinformativo.mx\/index.php\/author\/edicion\/\"}]}<\/script>\n<!-- \/ Yoast SEO plugin. -->","yoast_head_json":{"title":"Tianguistas y locatarios de mercados se unen al Buen Fin con grandes descuentos | Nexo Informativo Santiago de Quer\u00e9taro","description":"Tianguistas y locatarios de mercados se unen al Buen Fin con grandes descuentos","robots":{"index":"index","follow":"follow","max-snippet":"max-snippet:-1","max-image-preview":"max-image-preview:large","max-video-preview":"max-video-preview:-1"},"canonical":"https:\/\/www.nexoinformativo.mx\/index.php\/2024\/11\/07\/tianguistas-y-locatarios-de-mercados-se-unen-al-buen-fin-con-grandes-descuentos\/","og_locale":"es_MX","og_type":"article","og_title":"Tianguistas y locatarios de mercados se unen al Buen Fin con grandes descuentos | Nexo Informativo Santiago de Quer\u00e9taro","og_description":"Tianguistas y locatarios de mercados se unen al Buen Fin con grandes descuentos","og_url":"https:\/\/www.nexoinformativo.mx\/index.php\/2024\/11\/07\/tianguistas-y-locatarios-de-mercados-se-unen-al-buen-fin-con-grandes-descuentos\/","og_site_name":"Nexo Informativo Santiago de Quer\u00e9taro","article_publisher":"https:\/\/www.facebook.com\/people\/Nexo-Informativo\/61564066885511\/","article_published_time":"2024-11-07T19:00:41+00:00","article_modified_time":"2024-11-07T20:50:58+00:00","og_image":[{"width":500,"height":666,"url":"https:\/\/www.nexoinformativo.mx\/wp-content\/uploads\/2024\/11\/PHOTO-2024-11-07-14-31-00-e1731012651841.jpg","type":"image\/jpeg"}],"author":"Nexo Informativo","twitter_card":"summary_large_image","twitter_misc":{"Escrito por":"Nexo Informativo","Tiempo de lectura":"2 minutos"},"schema":{"@context":"https:\/\/schema.org","@graph":[{"@type":"Article","@id":"https:\/\/www.nexoinformativo.mx\/index.php\/2024\/11\/07\/tianguistas-y-locatarios-de-mercados-se-unen-al-buen-fin-con-grandes-descuentos\/#article","isPartOf":{"@id":"https:\/\/www.nexoinformativo.mx\/index.php\/2024\/11\/07\/tianguistas-y-locatarios-de-mercados-se-unen-al-buen-fin-con-grandes-descuentos\/"},"author":{"name":"Nexo Informativo","@id":"https:\/\/www.nexoinformativo.mx\/#\/schema\/person\/7749d380ba08c8ca00d7bc76fd907b7d"},"headline":"Tianguistas y locatarios de mercados se unen al Buen Fin con grandes descuentos","datePublished":"2024-11-07T19:00:41+00:00","dateModified":"2024-11-07T20:50:58+00:00","mainEntityOfPage":{"@id":"https:\/\/www.nexoinformativo.mx\/index.php\/2024\/11\/07\/tianguistas-y-locatarios-de-mercados-se-unen-al-buen-fin-con-grandes-descuentos\/"},"wordCount":223,"commentCount":0,"publisher":{"@id":"https:\/\/www.nexoinformativo.mx\/#organization"},"image":{"@id":"https:\/\/www.nexoinformativo.mx\/index.php\/2024\/11\/07\/tianguistas-y-locatarios-de-mercados-se-unen-al-buen-fin-con-grandes-descuentos\/#primaryimage"},"thumbnailUrl":"https:\/\/www.nexoinformativo.mx\/wp-content\/uploads\/2024\/11\/PHOTO-2024-11-07-14-31-00-e1731012651841.jpg","keywords":["BuenFin","ComercioLocal","Descuentos","Tianguis"],"articleSection":["Municipios","\u00daltima Hora"],"inLanguage":"es","potentialAction":[{"@type":"CommentAction","name":"Comment","target":["https:\/\/www.nexoinformativo.mx\/index.php\/2024\/11\/07\/tianguistas-y-locatarios-de-mercados-se-unen-al-buen-fin-con-grandes-descuentos\/#respond"]}]},{"@type":"WebPage","@id":"https:\/\/www.nexoinformativo.mx\/index.php\/2024\/11\/07\/tianguistas-y-locatarios-de-mercados-se-unen-al-buen-fin-con-grandes-descuentos\/","url":"https:\/\/www.nexoinformativo.mx\/index.php\/2024\/11\/07\/tianguistas-y-locatarios-de-mercados-se-unen-al-buen-fin-con-grandes-descuentos\/","name":"Tianguistas y locatarios de mercados se unen al Buen Fin con grandes descuentos | Nexo Informativo Santiago de Quer\u00e9taro","isPartOf":{"@id":"https:\/\/www.nexoinformativo.mx\/#website"},"primaryImageOfPage":{"@id":"https:\/\/www.nexoinformativo.mx\/index.php\/2024\/11\/07\/tianguistas-y-locatarios-de-mercados-se-unen-al-buen-fin-con-grandes-descuentos\/#primaryimage"},"image":{"@id":"https:\/\/www.nexoinformativo.mx\/index.php\/2024\/11\/07\/tianguistas-y-locatarios-de-mercados-se-unen-al-buen-fin-con-grandes-descuentos\/#primaryimage"},"thumbnailUrl":"https:\/\/www.nexoinformativo.mx\/wp-content\/uploads\/2024\/11\/PHOTO-2024-11-07-14-31-00-e1731012651841.jpg","datePublished":"2024-11-07T19:00:41+00:00","dateModified":"2024-11-07T20:50:58+00:00","description":"Tianguistas y locatarios de mercados se unen al Buen Fin con grandes descuentos","breadcrumb":{"@id":"https:\/\/www.nexoinformativo.mx\/index.php\/2024\/11\/07\/tianguistas-y-locatarios-de-mercados-se-unen-al-buen-fin-con-grandes-descuentos\/#breadcrumb"},"inLanguage":"es","potentialAction":[{"@type":"ReadAction","target":["https:\/\/www.nexoinformativo.mx\/index.php\/2024\/11\/07\/tianguistas-y-locatarios-de-mercados-se-unen-al-buen-fin-con-grandes-descuentos\/"]}]},{"@type":"ImageObject","inLanguage":"es","@id":"https:\/\/www.nexoinformativo.mx\/index.php\/2024\/11\/07\/tianguistas-y-locatarios-de-mercados-se-unen-al-buen-fin-con-grandes-descuentos\/#primaryimage","url":"https:\/\/www.nexoinformativo.mx\/wp-content\/uploads\/2024\/11\/PHOTO-2024-11-07-14-31-00-e1731012651841.jpg","contentUrl":"https:\/\/www.nexoinformativo.mx\/wp-content\/uploads\/2024\/11\/PHOTO-2024-11-07-14-31-00-e1731012651841.jpg","width":500,"height":666},{"@type":"BreadcrumbList","@id":"https:\/\/www.nexoinformativo.mx\/index.php\/2024\/11\/07\/tianguistas-y-locatarios-de-mercados-se-unen-al-buen-fin-con-grandes-descuentos\/#breadcrumb","itemListElement":[{"@type":"ListItem","position":1,"name":"Inicio","item":"https:\/\/www.nexoinformativo.mx\/"},{"@type":"ListItem","position":2,"name":"Tianguistas y locatarios de mercados se unen al Buen Fin con grandes descuentos"}]},{"@type":"WebSite","@id":"https:\/\/www.nexoinformativo.mx\/#website","url":"https:\/\/www.nexoinformativo.mx\/","name":"Nexo Informativo Santiago de Quer\u00e9taro","description":"Explora NexoInformativo y convi\u00e9rtete en parte de una comunidad que valora el conocimiento y la verdad. Tu nexoinformativo es tu puente hacia una comprensi\u00f3n m\u00e1s profunda del mundo que te rodea.","publisher":{"@id":"https:\/\/www.nexoinformativo.mx\/#organization"},"potentialAction":[{"@type":"SearchAction","target":{"@type":"EntryPoint","urlTemplate":"https:\/\/www.nexoinformativo.mx\/?s={search_term_string}"},"query-input":{"@type":"PropertyValueSpecification","valueRequired":true,"valueName":"search_term_string"}}],"inLanguage":"es"},{"@type":"Organization","@id":"https:\/\/www.nexoinformativo.mx\/#organization","name":"Nexo Informativo Santiago de Quer\u00e9taro","url":"https:\/\/www.nexoinformativo.mx\/","logo":{"@type":"ImageObject","inLanguage":"es","@id":"https:\/\/www.nexoinformativo.mx\/#\/schema\/logo\/image\/","url":"https:\/\/www.nexoinformativo.mx\/wp-content\/uploads\/2024\/07\/nexoi-trasparente-2.png","contentUrl":"https:\/\/www.nexoinformativo.mx\/wp-content\/uploads\/2024\/07\/nexoi-trasparente-2.png","width":816,"height":339,"caption":"Nexo Informativo Santiago de Quer\u00e9taro"},"image":{"@id":"https:\/\/www.nexoinformativo.mx\/#\/schema\/logo\/image\/"},"sameAs":["https:\/\/www.facebook.com\/people\/Nexo-Informativo\/61564066885511\/"]},{"@type":"Person","@id":"https:\/\/www.nexoinformativo.mx\/#\/schema\/person\/7749d380ba08c8ca00d7bc76fd907b7d","name":"Nexo Informativo","image":{"@type":"ImageObject","inLanguage":"es","@id":"https:\/\/www.nexoinformativo.mx\/#\/schema\/person\/image\/","url":"https:\/\/secure.gravatar.com\/avatar\/dde2928154642a13d95f87ddf1ea9718fe2b46760a005c53e41ff5ad610704e6?s=96&d=mm&r=g","contentUrl":"https:\/\/secure.gravatar.com\/avatar\/dde2928154642a13d95f87ddf1ea9718fe2b46760a005c53e41ff5ad610704e6?s=96&d=mm&r=g","caption":"Nexo Informativo"},"url":"https:\/\/www.nexoinformativo.mx\/index.php\/author\/edicion\/"}]}},"_links":{"self":[{"href":"https:\/\/www.nexoinformativo.mx\/index.php\/wp-json\/wp\/v2\/posts\/5587","targetHints":{"allow":["GET"]}}],"collection":[{"href":"https:\/\/www.nexoinformativo.mx\/index.php\/wp-json\/wp\/v2\/posts"}],"about":[{"href":"https:\/\/www.nexoinformativo.mx\/index.php\/wp-json\/wp\/v2\/types\/post"}],"author":[{"embeddable":true,"href":"https:\/\/www.nexoinformativo.mx\/index.php\/wp-json\/wp\/v2\/users\/3"}],"replies":[{"embeddable":true,"href":"https:\/\/www.nexoinformativo.mx\/index.php\/wp-json\/wp\/v2\/comments?post=5587"}],"version-history":[{"count":6,"href":"https:\/\/www.nexoinformativo.mx\/index.php\/wp-json\/wp\/v2\/posts\/5587\/revisions"}],"predecessor-version":[{"id":5591,"href":"https:\/\/www.nexoinformativo.mx\/index.php\/wp-json\/wp\/v2\/posts\/5587\/revisions\/5591"}],"wp:featuredmedia":[{"embeddable":true,"href":"https:\/\/www.nexoinformativo.mx\/index.php\/wp-json\/wp\/v2\/media\/5588"}],"wp:attachment":[{"href":"https:\/\/www.nexoinformativo.mx\/index.php\/wp-json\/wp\/v2\/media?parent=5587"}],"wp:term":[{"taxonomy":"category","embeddable":true,"href":"https:\/\/www.nexoinformativo.mx\/index.php\/wp-json\/wp\/v2\/categories?post=5587"},{"taxonomy":"post_tag","embeddable":true,"href":"https:\/\/www.nexoinformativo.mx\/index.php\/wp-json\/wp\/v2\/tags?post=5587"}],"curies":[{"name":"wp","href":"https:\/\/api.w.org\/{rel}","templated":true}]}}