{"id":5601,"date":"2024-11-07T19:00:47","date_gmt":"2024-11-08T01:00:47","guid":{"rendered":"https:\/\/www.nexoinformativo.mx\/?p=5601"},"modified":"2024-11-07T20:01:48","modified_gmt":"2024-11-08T02:01:48","slug":"fuerte-movilizacion-policial-tras-ataque-armado-en-centro-sur-detienen-a-cuatro","status":"publish","type":"post","link":"https:\/\/www.nexoinformativo.mx\/index.php\/2024\/11\/07\/fuerte-movilizacion-policial-tras-ataque-armado-en-centro-sur-detienen-a-cuatro\/","title":{"rendered":"Fuerte movilizaci\u00f3n policial tras ataque armado en Centro Sur; detienen a cuatro"},"content":{"rendered":"<p style=\"text-align: justify;\" data-sourcepos=\"5:1-5:361\">Una intensa movilizaci\u00f3n de cuerpos de seguridad se registr\u00f3 este [d\u00eda de la semana] en la zona de Centro Sur, en Quer\u00e9taro, luego de que se reportara un ataque armado en un establecimiento en remodelaci\u00f3n.<\/p>\n<p>&nbsp;<\/p>\n<p style=\"text-align: justify;\" data-sourcepos=\"5:1-5:361\">El saldo del violento suceso fue de tres personas sin vida y tres m\u00e1s heridas, lo que desencaden\u00f3 un operativo de b\u00fasqueda y captura de los responsables.<\/p>\n<p>&nbsp;<\/p>\n<p style=\"text-align: justify;\" data-sourcepos=\"7:1-7:363\">Elementos de la Polic\u00eda Municipal de Quer\u00e9taro y Corregidora, en coordinaci\u00f3n con la Polic\u00eda Estatal y la Fiscal\u00eda del Estado, implementaron un amplio despliegue para dar con los responsables del ataque. Tras varias horas de b\u00fasqueda, las autoridades lograron detener a tres hombres y una mujer, quienes son se\u00f1alados como presuntos autores materiales del crimen.<\/p>\n<p>&nbsp;<\/p>\n<p style=\"text-align: justify;\" data-sourcepos=\"9:1-9:298\">Durante el operativo, se aseguraron tres veh\u00edculos y se recabaron diversos indicios en la escena del crimen que ser\u00e1n analizados por los peritos para esclarecer los hechos.<\/p>\n<p>&nbsp;<\/p>\n<p style=\"text-align: justify;\" data-sourcepos=\"9:1-9:298\">Las autoridades contin\u00faan con las investigaciones para determinar el m\u00f3vil del ataque y si existen m\u00e1s personas involucradas.El Fiscal del Estado inform\u00f3 que los detenidos ser\u00e1n presentados ante un Juez de Control para que se defina su situaci\u00f3n jur\u00eddica.<\/p>\n<p>&nbsp;<\/p>\n<p style=\"text-align: justify;\" data-sourcepos=\"9:1-9:298\">Asimismo, asegur\u00f3 que se continuar\u00e1 trabajando para garantizar la seguridad de los ciudadanos y llevar ante la justicia a todos los responsables de este lamentable hecho.<\/p>\n<p>&nbsp;<\/p>\n<p style=\"text-align: center;\" data-sourcepos=\"11:1-11:301\"><em><strong>\u00a1Informaci\u00f3n que transforma!<\/strong><\/em><\/p>\n","protected":false},"excerpt":{"rendered":"<p>Una intensa movilizaci\u00f3n de cuerpos de seguridad se registr\u00f3 este [d\u00eda de la semana] en la zona de Centro Sur, en Quer\u00e9taro, luego de que se reportara un ataque armado en un establecimiento en remodelaci\u00f3n.<\/p>\n","protected":false},"author":3,"featured_media":5602,"comment_status":"open","ping_status":"open","sticky":false,"template":"","format":"standard","meta":{"footnotes":""},"categories":[137,58],"tags":[550,723,133,131],"class_list":["post-5601","post","type-post","status-publish","format-standard","has-post-thumbnail","hentry","category-sucesos","category-ultima-hora","tag-ataquearmado","tag-detenciones","tag-queretaro","tag-seguridad"],"yoast_head":"<!-- This site is optimized with the Yoast SEO plugin v25.0 - https:\/\/yoast.com\/wordpress\/plugins\/seo\/ -->\n<title>Fuerte movilizaci\u00f3n policial tras ataque armado en Centro Sur; detienen a cuatro | Nexo Informativo Santiago de Quer\u00e9taro<\/title>\n<meta name=\"description\" content=\"Fuerte movilizaci\u00f3n policial tras ataque armado en Centro Sur; detienen a cuatro\" \/>\n<meta name=\"robots\" content=\"index, follow, max-snippet:-1, max-image-preview:large, max-video-preview:-1\" \/>\n<link rel=\"canonical\" href=\"https:\/\/www.nexoinformativo.mx\/index.php\/2024\/11\/07\/fuerte-movilizacion-policial-tras-ataque-armado-en-centro-sur-detienen-a-cuatro\/\" \/>\n<meta property=\"og:locale\" content=\"es_MX\" \/>\n<meta property=\"og:type\" content=\"article\" \/>\n<meta property=\"og:title\" content=\"Fuerte movilizaci\u00f3n policial tras ataque armado en Centro Sur; detienen a cuatro | Nexo Informativo Santiago de Quer\u00e9taro\" \/>\n<meta property=\"og:description\" content=\"Fuerte movilizaci\u00f3n policial tras ataque armado en Centro Sur; detienen a cuatro\" \/>\n<meta property=\"og:url\" content=\"https:\/\/www.nexoinformativo.mx\/index.php\/2024\/11\/07\/fuerte-movilizacion-policial-tras-ataque-armado-en-centro-sur-detienen-a-cuatro\/\" \/>\n<meta property=\"og:site_name\" content=\"Nexo Informativo Santiago de Quer\u00e9taro\" \/>\n<meta property=\"article:publisher\" content=\"https:\/\/www.facebook.com\/people\/Nexo-Informativo\/61564066885511\/\" \/>\n<meta property=\"article:published_time\" content=\"2024-11-08T01:00:47+00:00\" \/>\n<meta property=\"article:modified_time\" content=\"2024-11-08T02:01:48+00:00\" \/>\n<meta property=\"og:image\" content=\"https:\/\/www.nexoinformativo.mx\/wp-content\/uploads\/2024\/11\/PHOTO-2024-11-07-19-05-57-e1731031218669.jpg\" \/>\n\t<meta property=\"og:image:width\" content=\"500\" \/>\n\t<meta property=\"og:image:height\" content=\"666\" \/>\n\t<meta property=\"og:image:type\" content=\"image\/jpeg\" \/>\n<meta name=\"author\" content=\"Nexo Informativo\" \/>\n<meta name=\"twitter:card\" content=\"summary_large_image\" \/>\n<meta name=\"twitter:label1\" content=\"Escrito por\" \/>\n\t<meta name=\"twitter:data1\" content=\"Nexo Informativo\" \/>\n\t<meta name=\"twitter:label2\" content=\"Tiempo de lectura\" \/>\n\t<meta name=\"twitter:data2\" content=\"2 minutos\" \/>\n<script type=\"application\/ld+json\" class=\"yoast-schema-graph\">{\"@context\":\"https:\/\/schema.org\",\"@graph\":[{\"@type\":\"Article\",\"@id\":\"https:\/\/www.nexoinformativo.mx\/index.php\/2024\/11\/07\/fuerte-movilizacion-policial-tras-ataque-armado-en-centro-sur-detienen-a-cuatro\/#article\",\"isPartOf\":{\"@id\":\"https:\/\/www.nexoinformativo.mx\/index.php\/2024\/11\/07\/fuerte-movilizacion-policial-tras-ataque-armado-en-centro-sur-detienen-a-cuatro\/\"},\"author\":{\"name\":\"Nexo Informativo\",\"@id\":\"https:\/\/www.nexoinformativo.mx\/#\/schema\/person\/7749d380ba08c8ca00d7bc76fd907b7d\"},\"headline\":\"Fuerte movilizaci\u00f3n policial tras ataque armado en Centro Sur; detienen a cuatro\",\"datePublished\":\"2024-11-08T01:00:47+00:00\",\"dateModified\":\"2024-11-08T02:01:48+00:00\",\"mainEntityOfPage\":{\"@id\":\"https:\/\/www.nexoinformativo.mx\/index.php\/2024\/11\/07\/fuerte-movilizacion-policial-tras-ataque-armado-en-centro-sur-detienen-a-cuatro\/\"},\"wordCount\":254,\"commentCount\":0,\"publisher\":{\"@id\":\"https:\/\/www.nexoinformativo.mx\/#organization\"},\"image\":{\"@id\":\"https:\/\/www.nexoinformativo.mx\/index.php\/2024\/11\/07\/fuerte-movilizacion-policial-tras-ataque-armado-en-centro-sur-detienen-a-cuatro\/#primaryimage\"},\"thumbnailUrl\":\"https:\/\/www.nexoinformativo.mx\/wp-content\/uploads\/2024\/11\/PHOTO-2024-11-07-19-05-57-e1731031218669.jpg\",\"keywords\":[\"AtaqueArmado\",\"Detenciones\",\"Quer\u00e9taro\",\"Seguridad\"],\"articleSection\":[\"Sucesos\",\"\u00daltima Hora\"],\"inLanguage\":\"es\",\"potentialAction\":[{\"@type\":\"CommentAction\",\"name\":\"Comment\",\"target\":[\"https:\/\/www.nexoinformativo.mx\/index.php\/2024\/11\/07\/fuerte-movilizacion-policial-tras-ataque-armado-en-centro-sur-detienen-a-cuatro\/#respond\"]}]},{\"@type\":\"WebPage\",\"@id\":\"https:\/\/www.nexoinformativo.mx\/index.php\/2024\/11\/07\/fuerte-movilizacion-policial-tras-ataque-armado-en-centro-sur-detienen-a-cuatro\/\",\"url\":\"https:\/\/www.nexoinformativo.mx\/index.php\/2024\/11\/07\/fuerte-movilizacion-policial-tras-ataque-armado-en-centro-sur-detienen-a-cuatro\/\",\"name\":\"Fuerte movilizaci\u00f3n policial tras ataque armado en Centro Sur; detienen a cuatro | Nexo Informativo Santiago de Quer\u00e9taro\",\"isPartOf\":{\"@id\":\"https:\/\/www.nexoinformativo.mx\/#website\"},\"primaryImageOfPage\":{\"@id\":\"https:\/\/www.nexoinformativo.mx\/index.php\/2024\/11\/07\/fuerte-movilizacion-policial-tras-ataque-armado-en-centro-sur-detienen-a-cuatro\/#primaryimage\"},\"image\":{\"@id\":\"https:\/\/www.nexoinformativo.mx\/index.php\/2024\/11\/07\/fuerte-movilizacion-policial-tras-ataque-armado-en-centro-sur-detienen-a-cuatro\/#primaryimage\"},\"thumbnailUrl\":\"https:\/\/www.nexoinformativo.mx\/wp-content\/uploads\/2024\/11\/PHOTO-2024-11-07-19-05-57-e1731031218669.jpg\",\"datePublished\":\"2024-11-08T01:00:47+00:00\",\"dateModified\":\"2024-11-08T02:01:48+00:00\",\"description\":\"Fuerte movilizaci\u00f3n policial tras ataque armado en Centro Sur; detienen a cuatro\",\"breadcrumb\":{\"@id\":\"https:\/\/www.nexoinformativo.mx\/index.php\/2024\/11\/07\/fuerte-movilizacion-policial-tras-ataque-armado-en-centro-sur-detienen-a-cuatro\/#breadcrumb\"},\"inLanguage\":\"es\",\"potentialAction\":[{\"@type\":\"ReadAction\",\"target\":[\"https:\/\/www.nexoinformativo.mx\/index.php\/2024\/11\/07\/fuerte-movilizacion-policial-tras-ataque-armado-en-centro-sur-detienen-a-cuatro\/\"]}]},{\"@type\":\"ImageObject\",\"inLanguage\":\"es\",\"@id\":\"https:\/\/www.nexoinformativo.mx\/index.php\/2024\/11\/07\/fuerte-movilizacion-policial-tras-ataque-armado-en-centro-sur-detienen-a-cuatro\/#primaryimage\",\"url\":\"https:\/\/www.nexoinformativo.mx\/wp-content\/uploads\/2024\/11\/PHOTO-2024-11-07-19-05-57-e1731031218669.jpg\",\"contentUrl\":\"https:\/\/www.nexoinformativo.mx\/wp-content\/uploads\/2024\/11\/PHOTO-2024-11-07-19-05-57-e1731031218669.jpg\",\"width\":500,\"height\":666},{\"@type\":\"BreadcrumbList\",\"@id\":\"https:\/\/www.nexoinformativo.mx\/index.php\/2024\/11\/07\/fuerte-movilizacion-policial-tras-ataque-armado-en-centro-sur-detienen-a-cuatro\/#breadcrumb\",\"itemListElement\":[{\"@type\":\"ListItem\",\"position\":1,\"name\":\"Inicio\",\"item\":\"https:\/\/www.nexoinformativo.mx\/\"},{\"@type\":\"ListItem\",\"position\":2,\"name\":\"Fuerte movilizaci\u00f3n policial tras ataque armado en Centro Sur; detienen a cuatro\"}]},{\"@type\":\"WebSite\",\"@id\":\"https:\/\/www.nexoinformativo.mx\/#website\",\"url\":\"https:\/\/www.nexoinformativo.mx\/\",\"name\":\"Nexo Informativo Santiago de Quer\u00e9taro\",\"description\":\"Explora NexoInformativo y convi\u00e9rtete en parte de una comunidad que valora el conocimiento y la verdad. Tu nexoinformativo es tu puente hacia una comprensi\u00f3n m\u00e1s profunda del mundo que te rodea.\",\"publisher\":{\"@id\":\"https:\/\/www.nexoinformativo.mx\/#organization\"},\"potentialAction\":[{\"@type\":\"SearchAction\",\"target\":{\"@type\":\"EntryPoint\",\"urlTemplate\":\"https:\/\/www.nexoinformativo.mx\/?s={search_term_string}\"},\"query-input\":{\"@type\":\"PropertyValueSpecification\",\"valueRequired\":true,\"valueName\":\"search_term_string\"}}],\"inLanguage\":\"es\"},{\"@type\":\"Organization\",\"@id\":\"https:\/\/www.nexoinformativo.mx\/#organization\",\"name\":\"Nexo Informativo Santiago de Quer\u00e9taro\",\"url\":\"https:\/\/www.nexoinformativo.mx\/\",\"logo\":{\"@type\":\"ImageObject\",\"inLanguage\":\"es\",\"@id\":\"https:\/\/www.nexoinformativo.mx\/#\/schema\/logo\/image\/\",\"url\":\"https:\/\/www.nexoinformativo.mx\/wp-content\/uploads\/2024\/07\/nexoi-trasparente-2.png\",\"contentUrl\":\"https:\/\/www.nexoinformativo.mx\/wp-content\/uploads\/2024\/07\/nexoi-trasparente-2.png\",\"width\":816,\"height\":339,\"caption\":\"Nexo Informativo Santiago de Quer\u00e9taro\"},\"image\":{\"@id\":\"https:\/\/www.nexoinformativo.mx\/#\/schema\/logo\/image\/\"},\"sameAs\":[\"https:\/\/www.facebook.com\/people\/Nexo-Informativo\/61564066885511\/\"]},{\"@type\":\"Person\",\"@id\":\"https:\/\/www.nexoinformativo.mx\/#\/schema\/person\/7749d380ba08c8ca00d7bc76fd907b7d\",\"name\":\"Nexo Informativo\",\"image\":{\"@type\":\"ImageObject\",\"inLanguage\":\"es\",\"@id\":\"https:\/\/www.nexoinformativo.mx\/#\/schema\/person\/image\/\",\"url\":\"https:\/\/secure.gravatar.com\/avatar\/dde2928154642a13d95f87ddf1ea9718fe2b46760a005c53e41ff5ad610704e6?s=96&d=mm&r=g\",\"contentUrl\":\"https:\/\/secure.gravatar.com\/avatar\/dde2928154642a13d95f87ddf1ea9718fe2b46760a005c53e41ff5ad610704e6?s=96&d=mm&r=g\",\"caption\":\"Nexo Informativo\"},\"url\":\"https:\/\/www.nexoinformativo.mx\/index.php\/author\/edicion\/\"}]}<\/script>\n<!-- \/ Yoast SEO plugin. -->","yoast_head_json":{"title":"Fuerte movilizaci\u00f3n policial tras ataque armado en Centro Sur; detienen a cuatro | Nexo Informativo Santiago de Quer\u00e9taro","description":"Fuerte movilizaci\u00f3n policial tras ataque armado en Centro Sur; detienen a cuatro","robots":{"index":"index","follow":"follow","max-snippet":"max-snippet:-1","max-image-preview":"max-image-preview:large","max-video-preview":"max-video-preview:-1"},"canonical":"https:\/\/www.nexoinformativo.mx\/index.php\/2024\/11\/07\/fuerte-movilizacion-policial-tras-ataque-armado-en-centro-sur-detienen-a-cuatro\/","og_locale":"es_MX","og_type":"article","og_title":"Fuerte movilizaci\u00f3n policial tras ataque armado en Centro Sur; detienen a cuatro | Nexo Informativo Santiago de Quer\u00e9taro","og_description":"Fuerte movilizaci\u00f3n policial tras ataque armado en Centro Sur; detienen a cuatro","og_url":"https:\/\/www.nexoinformativo.mx\/index.php\/2024\/11\/07\/fuerte-movilizacion-policial-tras-ataque-armado-en-centro-sur-detienen-a-cuatro\/","og_site_name":"Nexo Informativo Santiago de Quer\u00e9taro","article_publisher":"https:\/\/www.facebook.com\/people\/Nexo-Informativo\/61564066885511\/","article_published_time":"2024-11-08T01:00:47+00:00","article_modified_time":"2024-11-08T02:01:48+00:00","og_image":[{"width":500,"height":666,"url":"https:\/\/www.nexoinformativo.mx\/wp-content\/uploads\/2024\/11\/PHOTO-2024-11-07-19-05-57-e1731031218669.jpg","type":"image\/jpeg"}],"author":"Nexo Informativo","twitter_card":"summary_large_image","twitter_misc":{"Escrito por":"Nexo Informativo","Tiempo de lectura":"2 minutos"},"schema":{"@context":"https:\/\/schema.org","@graph":[{"@type":"Article","@id":"https:\/\/www.nexoinformativo.mx\/index.php\/2024\/11\/07\/fuerte-movilizacion-policial-tras-ataque-armado-en-centro-sur-detienen-a-cuatro\/#article","isPartOf":{"@id":"https:\/\/www.nexoinformativo.mx\/index.php\/2024\/11\/07\/fuerte-movilizacion-policial-tras-ataque-armado-en-centro-sur-detienen-a-cuatro\/"},"author":{"name":"Nexo Informativo","@id":"https:\/\/www.nexoinformativo.mx\/#\/schema\/person\/7749d380ba08c8ca00d7bc76fd907b7d"},"headline":"Fuerte movilizaci\u00f3n policial tras ataque armado en Centro Sur; detienen a cuatro","datePublished":"2024-11-08T01:00:47+00:00","dateModified":"2024-11-08T02:01:48+00:00","mainEntityOfPage":{"@id":"https:\/\/www.nexoinformativo.mx\/index.php\/2024\/11\/07\/fuerte-movilizacion-policial-tras-ataque-armado-en-centro-sur-detienen-a-cuatro\/"},"wordCount":254,"commentCount":0,"publisher":{"@id":"https:\/\/www.nexoinformativo.mx\/#organization"},"image":{"@id":"https:\/\/www.nexoinformativo.mx\/index.php\/2024\/11\/07\/fuerte-movilizacion-policial-tras-ataque-armado-en-centro-sur-detienen-a-cuatro\/#primaryimage"},"thumbnailUrl":"https:\/\/www.nexoinformativo.mx\/wp-content\/uploads\/2024\/11\/PHOTO-2024-11-07-19-05-57-e1731031218669.jpg","keywords":["AtaqueArmado","Detenciones","Quer\u00e9taro","Seguridad"],"articleSection":["Sucesos","\u00daltima Hora"],"inLanguage":"es","potentialAction":[{"@type":"CommentAction","name":"Comment","target":["https:\/\/www.nexoinformativo.mx\/index.php\/2024\/11\/07\/fuerte-movilizacion-policial-tras-ataque-armado-en-centro-sur-detienen-a-cuatro\/#respond"]}]},{"@type":"WebPage","@id":"https:\/\/www.nexoinformativo.mx\/index.php\/2024\/11\/07\/fuerte-movilizacion-policial-tras-ataque-armado-en-centro-sur-detienen-a-cuatro\/","url":"https:\/\/www.nexoinformativo.mx\/index.php\/2024\/11\/07\/fuerte-movilizacion-policial-tras-ataque-armado-en-centro-sur-detienen-a-cuatro\/","name":"Fuerte movilizaci\u00f3n policial tras ataque armado en Centro Sur; detienen a cuatro | Nexo Informativo Santiago de Quer\u00e9taro","isPartOf":{"@id":"https:\/\/www.nexoinformativo.mx\/#website"},"primaryImageOfPage":{"@id":"https:\/\/www.nexoinformativo.mx\/index.php\/2024\/11\/07\/fuerte-movilizacion-policial-tras-ataque-armado-en-centro-sur-detienen-a-cuatro\/#primaryimage"},"image":{"@id":"https:\/\/www.nexoinformativo.mx\/index.php\/2024\/11\/07\/fuerte-movilizacion-policial-tras-ataque-armado-en-centro-sur-detienen-a-cuatro\/#primaryimage"},"thumbnailUrl":"https:\/\/www.nexoinformativo.mx\/wp-content\/uploads\/2024\/11\/PHOTO-2024-11-07-19-05-57-e1731031218669.jpg","datePublished":"2024-11-08T01:00:47+00:00","dateModified":"2024-11-08T02:01:48+00:00","description":"Fuerte movilizaci\u00f3n policial tras ataque armado en Centro Sur; detienen a cuatro","breadcrumb":{"@id":"https:\/\/www.nexoinformativo.mx\/index.php\/2024\/11\/07\/fuerte-movilizacion-policial-tras-ataque-armado-en-centro-sur-detienen-a-cuatro\/#breadcrumb"},"inLanguage":"es","potentialAction":[{"@type":"ReadAction","target":["https:\/\/www.nexoinformativo.mx\/index.php\/2024\/11\/07\/fuerte-movilizacion-policial-tras-ataque-armado-en-centro-sur-detienen-a-cuatro\/"]}]},{"@type":"ImageObject","inLanguage":"es","@id":"https:\/\/www.nexoinformativo.mx\/index.php\/2024\/11\/07\/fuerte-movilizacion-policial-tras-ataque-armado-en-centro-sur-detienen-a-cuatro\/#primaryimage","url":"https:\/\/www.nexoinformativo.mx\/wp-content\/uploads\/2024\/11\/PHOTO-2024-11-07-19-05-57-e1731031218669.jpg","contentUrl":"https:\/\/www.nexoinformativo.mx\/wp-content\/uploads\/2024\/11\/PHOTO-2024-11-07-19-05-57-e1731031218669.jpg","width":500,"height":666},{"@type":"BreadcrumbList","@id":"https:\/\/www.nexoinformativo.mx\/index.php\/2024\/11\/07\/fuerte-movilizacion-policial-tras-ataque-armado-en-centro-sur-detienen-a-cuatro\/#breadcrumb","itemListElement":[{"@type":"ListItem","position":1,"name":"Inicio","item":"https:\/\/www.nexoinformativo.mx\/"},{"@type":"ListItem","position":2,"name":"Fuerte movilizaci\u00f3n policial tras ataque armado en Centro Sur; detienen a cuatro"}]},{"@type":"WebSite","@id":"https:\/\/www.nexoinformativo.mx\/#website","url":"https:\/\/www.nexoinformativo.mx\/","name":"Nexo Informativo Santiago de Quer\u00e9taro","description":"Explora NexoInformativo y convi\u00e9rtete en parte de una comunidad que valora el conocimiento y la verdad. Tu nexoinformativo es tu puente hacia una comprensi\u00f3n m\u00e1s profunda del mundo que te rodea.","publisher":{"@id":"https:\/\/www.nexoinformativo.mx\/#organization"},"potentialAction":[{"@type":"SearchAction","target":{"@type":"EntryPoint","urlTemplate":"https:\/\/www.nexoinformativo.mx\/?s={search_term_string}"},"query-input":{"@type":"PropertyValueSpecification","valueRequired":true,"valueName":"search_term_string"}}],"inLanguage":"es"},{"@type":"Organization","@id":"https:\/\/www.nexoinformativo.mx\/#organization","name":"Nexo Informativo Santiago de Quer\u00e9taro","url":"https:\/\/www.nexoinformativo.mx\/","logo":{"@type":"ImageObject","inLanguage":"es","@id":"https:\/\/www.nexoinformativo.mx\/#\/schema\/logo\/image\/","url":"https:\/\/www.nexoinformativo.mx\/wp-content\/uploads\/2024\/07\/nexoi-trasparente-2.png","contentUrl":"https:\/\/www.nexoinformativo.mx\/wp-content\/uploads\/2024\/07\/nexoi-trasparente-2.png","width":816,"height":339,"caption":"Nexo Informativo Santiago de Quer\u00e9taro"},"image":{"@id":"https:\/\/www.nexoinformativo.mx\/#\/schema\/logo\/image\/"},"sameAs":["https:\/\/www.facebook.com\/people\/Nexo-Informativo\/61564066885511\/"]},{"@type":"Person","@id":"https:\/\/www.nexoinformativo.mx\/#\/schema\/person\/7749d380ba08c8ca00d7bc76fd907b7d","name":"Nexo Informativo","image":{"@type":"ImageObject","inLanguage":"es","@id":"https:\/\/www.nexoinformativo.mx\/#\/schema\/person\/image\/","url":"https:\/\/secure.gravatar.com\/avatar\/dde2928154642a13d95f87ddf1ea9718fe2b46760a005c53e41ff5ad610704e6?s=96&d=mm&r=g","contentUrl":"https:\/\/secure.gravatar.com\/avatar\/dde2928154642a13d95f87ddf1ea9718fe2b46760a005c53e41ff5ad610704e6?s=96&d=mm&r=g","caption":"Nexo Informativo"},"url":"https:\/\/www.nexoinformativo.mx\/index.php\/author\/edicion\/"}]}},"_links":{"self":[{"href":"https:\/\/www.nexoinformativo.mx\/index.php\/wp-json\/wp\/v2\/posts\/5601","targetHints":{"allow":["GET"]}}],"collection":[{"href":"https:\/\/www.nexoinformativo.mx\/index.php\/wp-json\/wp\/v2\/posts"}],"about":[{"href":"https:\/\/www.nexoinformativo.mx\/index.php\/wp-json\/wp\/v2\/types\/post"}],"author":[{"embeddable":true,"href":"https:\/\/www.nexoinformativo.mx\/index.php\/wp-json\/wp\/v2\/users\/3"}],"replies":[{"embeddable":true,"href":"https:\/\/www.nexoinformativo.mx\/index.php\/wp-json\/wp\/v2\/comments?post=5601"}],"version-history":[{"count":6,"href":"https:\/\/www.nexoinformativo.mx\/index.php\/wp-json\/wp\/v2\/posts\/5601\/revisions"}],"predecessor-version":[{"id":5605,"href":"https:\/\/www.nexoinformativo.mx\/index.php\/wp-json\/wp\/v2\/posts\/5601\/revisions\/5605"}],"wp:featuredmedia":[{"embeddable":true,"href":"https:\/\/www.nexoinformativo.mx\/index.php\/wp-json\/wp\/v2\/media\/5602"}],"wp:attachment":[{"href":"https:\/\/www.nexoinformativo.mx\/index.php\/wp-json\/wp\/v2\/media?parent=5601"}],"wp:term":[{"taxonomy":"category","embeddable":true,"href":"https:\/\/www.nexoinformativo.mx\/index.php\/wp-json\/wp\/v2\/categories?post=5601"},{"taxonomy":"post_tag","embeddable":true,"href":"https:\/\/www.nexoinformativo.mx\/index.php\/wp-json\/wp\/v2\/tags?post=5601"}],"curies":[{"name":"wp","href":"https:\/\/api.w.org\/{rel}","templated":true}]}}