{"id":5609,"date":"2024-11-08T08:00:58","date_gmt":"2024-11-08T14:00:58","guid":{"rendered":"https:\/\/www.nexoinformativo.mx\/?p=5609"},"modified":"2024-11-08T09:21:29","modified_gmt":"2024-11-08T15:21:29","slug":"queretaro-brilla-con-el-torneo-de-la-amistad-2024-mas-de-9000-atletas-se-reunen","status":"publish","type":"post","link":"https:\/\/www.nexoinformativo.mx\/index.php\/2024\/11\/08\/queretaro-brilla-con-el-torneo-de-la-amistad-2024-mas-de-9000-atletas-se-reunen\/","title":{"rendered":"Quer\u00e9taro brilla con el Torneo de la Amistad 2024: M\u00e1s de 9,000 atletas se re\u00fanen"},"content":{"rendered":"<p style=\"text-align: justify;\" data-sourcepos=\"5:1-5:362\">El estado de Quer\u00e9taro se convirti\u00f3 en el epicentro del deporte juvenil al recibir la 41\u00aa edici\u00f3n del <strong>Torneo de la Amistad<\/strong>. Con la presencia del gobernador Mauricio Kuri Gonz\u00e1lez, se inaugur\u00f3 este magno evento que re\u00fane a m\u00e1s de 9,000 atletas de M\u00e9xico, El Salvador, Filipinas y Guatemala.<\/p>\n<p>&nbsp;<\/p>\n<p style=\"text-align: justify;\" data-sourcepos=\"7:1-7:411\">El Estadio Corregidora se visti\u00f3 de gala para dar la bienvenida a los j\u00f3venes deportistas, quienes desfilaron con orgullo y entusiasmo ante un p\u00fablico de m\u00e1s de 20,000 espectadores.<\/p>\n<p>&nbsp;<\/p>\n<p style=\"text-align: justify;\" data-sourcepos=\"7:1-7:411\">Durante los pr\u00f3ximos d\u00edas, los participantes competir\u00e1n en diversas disciplinas como f\u00fatbol, basquetbol, voleibol, atletismo, tenis, golf y nataci\u00f3n, promoviendo los valores de amistad, alegr\u00eda, perseverancia, respeto y gratitud.<\/p>\n<p>&nbsp;<\/p>\n<p style=\"text-align: justify;\" data-sourcepos=\"9:1-9:278\">El gobernador Kuri destac\u00f3 la importancia de este evento deportivo para fomentar la sana competencia y el desarrollo integral de los j\u00f3venes. <strong>&#8220;Quer\u00e9taro se enorgullece de ser sede de este torneo que re\u00fane a talentos de diferentes pa\u00edses&#8221;<\/strong>, afirm\u00f3 el mandatario estatal.<\/p>\n<p>&nbsp;<\/p>\n<p style=\"text-align: justify;\" data-sourcepos=\"11:1-11:316\">Por su parte, In\u00e9s Sainz, presentadora del evento, resalt\u00f3 la magnitud del Torneo de la Amistad. <strong>&#8220;Este torneo es una muestra del gran talento deportivo que tenemos en nuestro pa\u00eds y en la regi\u00f3n.\u00a0En Par\u00eds 2024 hubo 10 mil participantes, y aqu\u00ed tendremos nueve mil 500, esa es la magnitud de competencia que tendremos en estos d\u00edas aqu\u00ed en Quer\u00e9taro&#8221;<\/strong>, expres\u00f3.<\/p>\n<p>&nbsp;<\/p>\n<p style=\"text-align: center;\" data-sourcepos=\"11:1-11:316\"><em><strong>\u00a1Informaci\u00f3n que transforma!<\/strong><\/em><\/p>\n","protected":false},"excerpt":{"rendered":"<p>El estado de Quer\u00e9taro se convirti\u00f3 en el epicentro del deporte juvenil al recibir la 41\u00aa edici\u00f3n del Torneo de la Amistad.<\/p>\n","protected":false},"author":3,"featured_media":5610,"comment_status":"open","ping_status":"open","sticky":false,"template":"","format":"standard","meta":{"footnotes":""},"categories":[50,42],"tags":[1926,133,1927,1657],"class_list":["post-5609","post","type-post","status-publish","format-standard","has-post-thumbnail","hentry","category-espectaculos","category-estado","tag-deportejuvenil","tag-queretaro","tag-semperaltius","tag-torneodelaamistad"],"yoast_head":"<!-- This site is optimized with the Yoast SEO plugin v25.0 - https:\/\/yoast.com\/wordpress\/plugins\/seo\/ -->\n<title>Quer\u00e9taro brilla con el Torneo de la Amistad 2024: M\u00e1s de 9,000 atletas se re\u00fanen | Nexo Informativo Santiago de Quer\u00e9taro<\/title>\n<meta name=\"description\" content=\"Quer\u00e9taro brilla con el Torneo de la Amistad 2024: M\u00e1s de 9,000 atletas se re\u00fanen\" \/>\n<meta name=\"robots\" content=\"index, follow, max-snippet:-1, max-image-preview:large, max-video-preview:-1\" \/>\n<link rel=\"canonical\" href=\"https:\/\/www.nexoinformativo.mx\/index.php\/2024\/11\/08\/queretaro-brilla-con-el-torneo-de-la-amistad-2024-mas-de-9000-atletas-se-reunen\/\" \/>\n<meta property=\"og:locale\" content=\"es_MX\" \/>\n<meta property=\"og:type\" content=\"article\" \/>\n<meta property=\"og:title\" content=\"Quer\u00e9taro brilla con el Torneo de la Amistad 2024: M\u00e1s de 9,000 atletas se re\u00fanen | Nexo Informativo Santiago de Quer\u00e9taro\" \/>\n<meta property=\"og:description\" content=\"Quer\u00e9taro brilla con el Torneo de la Amistad 2024: M\u00e1s de 9,000 atletas se re\u00fanen\" \/>\n<meta property=\"og:url\" content=\"https:\/\/www.nexoinformativo.mx\/index.php\/2024\/11\/08\/queretaro-brilla-con-el-torneo-de-la-amistad-2024-mas-de-9000-atletas-se-reunen\/\" \/>\n<meta property=\"og:site_name\" content=\"Nexo Informativo Santiago de Quer\u00e9taro\" \/>\n<meta property=\"article:publisher\" content=\"https:\/\/www.facebook.com\/people\/Nexo-Informativo\/61564066885511\/\" \/>\n<meta property=\"article:published_time\" content=\"2024-11-08T14:00:58+00:00\" \/>\n<meta property=\"article:modified_time\" content=\"2024-11-08T15:21:29+00:00\" \/>\n<meta property=\"og:image\" content=\"https:\/\/www.nexoinformativo.mx\/wp-content\/uploads\/2024\/11\/PHOTO-2024-11-08-09-05-48-e1731078991158.jpg\" \/>\n\t<meta property=\"og:image:width\" content=\"800\" \/>\n\t<meta property=\"og:image:height\" content=\"533\" \/>\n\t<meta property=\"og:image:type\" content=\"image\/jpeg\" \/>\n<meta name=\"author\" content=\"Nexo Informativo\" \/>\n<meta name=\"twitter:card\" content=\"summary_large_image\" \/>\n<meta name=\"twitter:label1\" content=\"Escrito por\" \/>\n\t<meta name=\"twitter:data1\" content=\"Nexo Informativo\" \/>\n\t<meta name=\"twitter:label2\" content=\"Tiempo de lectura\" \/>\n\t<meta name=\"twitter:data2\" content=\"2 minutos\" \/>\n<script type=\"application\/ld+json\" class=\"yoast-schema-graph\">{\"@context\":\"https:\/\/schema.org\",\"@graph\":[{\"@type\":\"Article\",\"@id\":\"https:\/\/www.nexoinformativo.mx\/index.php\/2024\/11\/08\/queretaro-brilla-con-el-torneo-de-la-amistad-2024-mas-de-9000-atletas-se-reunen\/#article\",\"isPartOf\":{\"@id\":\"https:\/\/www.nexoinformativo.mx\/index.php\/2024\/11\/08\/queretaro-brilla-con-el-torneo-de-la-amistad-2024-mas-de-9000-atletas-se-reunen\/\"},\"author\":{\"name\":\"Nexo Informativo\",\"@id\":\"https:\/\/www.nexoinformativo.mx\/#\/schema\/person\/7749d380ba08c8ca00d7bc76fd907b7d\"},\"headline\":\"Quer\u00e9taro brilla con el Torneo de la Amistad 2024: M\u00e1s de 9,000 atletas se re\u00fanen\",\"datePublished\":\"2024-11-08T14:00:58+00:00\",\"dateModified\":\"2024-11-08T15:21:29+00:00\",\"mainEntityOfPage\":{\"@id\":\"https:\/\/www.nexoinformativo.mx\/index.php\/2024\/11\/08\/queretaro-brilla-con-el-torneo-de-la-amistad-2024-mas-de-9000-atletas-se-reunen\/\"},\"wordCount\":255,\"commentCount\":0,\"publisher\":{\"@id\":\"https:\/\/www.nexoinformativo.mx\/#organization\"},\"image\":{\"@id\":\"https:\/\/www.nexoinformativo.mx\/index.php\/2024\/11\/08\/queretaro-brilla-con-el-torneo-de-la-amistad-2024-mas-de-9000-atletas-se-reunen\/#primaryimage\"},\"thumbnailUrl\":\"https:\/\/www.nexoinformativo.mx\/wp-content\/uploads\/2024\/11\/PHOTO-2024-11-08-09-05-48-e1731078991158.jpg\",\"keywords\":[\"DeporteJuvenil\",\"Quer\u00e9taro\",\"SemperAltius\",\"TorneoDeLaAmistad\"],\"articleSection\":[\"Espect\u00e1culos\",\"Estado\"],\"inLanguage\":\"es\",\"potentialAction\":[{\"@type\":\"CommentAction\",\"name\":\"Comment\",\"target\":[\"https:\/\/www.nexoinformativo.mx\/index.php\/2024\/11\/08\/queretaro-brilla-con-el-torneo-de-la-amistad-2024-mas-de-9000-atletas-se-reunen\/#respond\"]}]},{\"@type\":\"WebPage\",\"@id\":\"https:\/\/www.nexoinformativo.mx\/index.php\/2024\/11\/08\/queretaro-brilla-con-el-torneo-de-la-amistad-2024-mas-de-9000-atletas-se-reunen\/\",\"url\":\"https:\/\/www.nexoinformativo.mx\/index.php\/2024\/11\/08\/queretaro-brilla-con-el-torneo-de-la-amistad-2024-mas-de-9000-atletas-se-reunen\/\",\"name\":\"Quer\u00e9taro brilla con el Torneo de la Amistad 2024: M\u00e1s de 9,000 atletas se re\u00fanen | Nexo Informativo Santiago de Quer\u00e9taro\",\"isPartOf\":{\"@id\":\"https:\/\/www.nexoinformativo.mx\/#website\"},\"primaryImageOfPage\":{\"@id\":\"https:\/\/www.nexoinformativo.mx\/index.php\/2024\/11\/08\/queretaro-brilla-con-el-torneo-de-la-amistad-2024-mas-de-9000-atletas-se-reunen\/#primaryimage\"},\"image\":{\"@id\":\"https:\/\/www.nexoinformativo.mx\/index.php\/2024\/11\/08\/queretaro-brilla-con-el-torneo-de-la-amistad-2024-mas-de-9000-atletas-se-reunen\/#primaryimage\"},\"thumbnailUrl\":\"https:\/\/www.nexoinformativo.mx\/wp-content\/uploads\/2024\/11\/PHOTO-2024-11-08-09-05-48-e1731078991158.jpg\",\"datePublished\":\"2024-11-08T14:00:58+00:00\",\"dateModified\":\"2024-11-08T15:21:29+00:00\",\"description\":\"Quer\u00e9taro brilla con el Torneo de la Amistad 2024: M\u00e1s de 9,000 atletas se re\u00fanen\",\"breadcrumb\":{\"@id\":\"https:\/\/www.nexoinformativo.mx\/index.php\/2024\/11\/08\/queretaro-brilla-con-el-torneo-de-la-amistad-2024-mas-de-9000-atletas-se-reunen\/#breadcrumb\"},\"inLanguage\":\"es\",\"potentialAction\":[{\"@type\":\"ReadAction\",\"target\":[\"https:\/\/www.nexoinformativo.mx\/index.php\/2024\/11\/08\/queretaro-brilla-con-el-torneo-de-la-amistad-2024-mas-de-9000-atletas-se-reunen\/\"]}]},{\"@type\":\"ImageObject\",\"inLanguage\":\"es\",\"@id\":\"https:\/\/www.nexoinformativo.mx\/index.php\/2024\/11\/08\/queretaro-brilla-con-el-torneo-de-la-amistad-2024-mas-de-9000-atletas-se-reunen\/#primaryimage\",\"url\":\"https:\/\/www.nexoinformativo.mx\/wp-content\/uploads\/2024\/11\/PHOTO-2024-11-08-09-05-48-e1731078991158.jpg\",\"contentUrl\":\"https:\/\/www.nexoinformativo.mx\/wp-content\/uploads\/2024\/11\/PHOTO-2024-11-08-09-05-48-e1731078991158.jpg\",\"width\":800,\"height\":533},{\"@type\":\"BreadcrumbList\",\"@id\":\"https:\/\/www.nexoinformativo.mx\/index.php\/2024\/11\/08\/queretaro-brilla-con-el-torneo-de-la-amistad-2024-mas-de-9000-atletas-se-reunen\/#breadcrumb\",\"itemListElement\":[{\"@type\":\"ListItem\",\"position\":1,\"name\":\"Inicio\",\"item\":\"https:\/\/www.nexoinformativo.mx\/\"},{\"@type\":\"ListItem\",\"position\":2,\"name\":\"Quer\u00e9taro brilla con el Torneo de la Amistad 2024: M\u00e1s de 9,000 atletas se re\u00fanen\"}]},{\"@type\":\"WebSite\",\"@id\":\"https:\/\/www.nexoinformativo.mx\/#website\",\"url\":\"https:\/\/www.nexoinformativo.mx\/\",\"name\":\"Nexo Informativo Santiago de Quer\u00e9taro\",\"description\":\"Explora NexoInformativo y convi\u00e9rtete en parte de una comunidad que valora el conocimiento y la verdad. Tu nexoinformativo es tu puente hacia una comprensi\u00f3n m\u00e1s profunda del mundo que te rodea.\",\"publisher\":{\"@id\":\"https:\/\/www.nexoinformativo.mx\/#organization\"},\"potentialAction\":[{\"@type\":\"SearchAction\",\"target\":{\"@type\":\"EntryPoint\",\"urlTemplate\":\"https:\/\/www.nexoinformativo.mx\/?s={search_term_string}\"},\"query-input\":{\"@type\":\"PropertyValueSpecification\",\"valueRequired\":true,\"valueName\":\"search_term_string\"}}],\"inLanguage\":\"es\"},{\"@type\":\"Organization\",\"@id\":\"https:\/\/www.nexoinformativo.mx\/#organization\",\"name\":\"Nexo Informativo Santiago de Quer\u00e9taro\",\"url\":\"https:\/\/www.nexoinformativo.mx\/\",\"logo\":{\"@type\":\"ImageObject\",\"inLanguage\":\"es\",\"@id\":\"https:\/\/www.nexoinformativo.mx\/#\/schema\/logo\/image\/\",\"url\":\"https:\/\/www.nexoinformativo.mx\/wp-content\/uploads\/2024\/07\/nexoi-trasparente-2.png\",\"contentUrl\":\"https:\/\/www.nexoinformativo.mx\/wp-content\/uploads\/2024\/07\/nexoi-trasparente-2.png\",\"width\":816,\"height\":339,\"caption\":\"Nexo Informativo Santiago de Quer\u00e9taro\"},\"image\":{\"@id\":\"https:\/\/www.nexoinformativo.mx\/#\/schema\/logo\/image\/\"},\"sameAs\":[\"https:\/\/www.facebook.com\/people\/Nexo-Informativo\/61564066885511\/\"]},{\"@type\":\"Person\",\"@id\":\"https:\/\/www.nexoinformativo.mx\/#\/schema\/person\/7749d380ba08c8ca00d7bc76fd907b7d\",\"name\":\"Nexo Informativo\",\"image\":{\"@type\":\"ImageObject\",\"inLanguage\":\"es\",\"@id\":\"https:\/\/www.nexoinformativo.mx\/#\/schema\/person\/image\/\",\"url\":\"https:\/\/secure.gravatar.com\/avatar\/dde2928154642a13d95f87ddf1ea9718fe2b46760a005c53e41ff5ad610704e6?s=96&d=mm&r=g\",\"contentUrl\":\"https:\/\/secure.gravatar.com\/avatar\/dde2928154642a13d95f87ddf1ea9718fe2b46760a005c53e41ff5ad610704e6?s=96&d=mm&r=g\",\"caption\":\"Nexo Informativo\"},\"url\":\"https:\/\/www.nexoinformativo.mx\/index.php\/author\/edicion\/\"}]}<\/script>\n<!-- \/ Yoast SEO plugin. -->","yoast_head_json":{"title":"Quer\u00e9taro brilla con el Torneo de la Amistad 2024: M\u00e1s de 9,000 atletas se re\u00fanen | Nexo Informativo Santiago de Quer\u00e9taro","description":"Quer\u00e9taro brilla con el Torneo de la Amistad 2024: M\u00e1s de 9,000 atletas se re\u00fanen","robots":{"index":"index","follow":"follow","max-snippet":"max-snippet:-1","max-image-preview":"max-image-preview:large","max-video-preview":"max-video-preview:-1"},"canonical":"https:\/\/www.nexoinformativo.mx\/index.php\/2024\/11\/08\/queretaro-brilla-con-el-torneo-de-la-amistad-2024-mas-de-9000-atletas-se-reunen\/","og_locale":"es_MX","og_type":"article","og_title":"Quer\u00e9taro brilla con el Torneo de la Amistad 2024: M\u00e1s de 9,000 atletas se re\u00fanen | Nexo Informativo Santiago de Quer\u00e9taro","og_description":"Quer\u00e9taro brilla con el Torneo de la Amistad 2024: M\u00e1s de 9,000 atletas se re\u00fanen","og_url":"https:\/\/www.nexoinformativo.mx\/index.php\/2024\/11\/08\/queretaro-brilla-con-el-torneo-de-la-amistad-2024-mas-de-9000-atletas-se-reunen\/","og_site_name":"Nexo Informativo Santiago de Quer\u00e9taro","article_publisher":"https:\/\/www.facebook.com\/people\/Nexo-Informativo\/61564066885511\/","article_published_time":"2024-11-08T14:00:58+00:00","article_modified_time":"2024-11-08T15:21:29+00:00","og_image":[{"width":800,"height":533,"url":"https:\/\/www.nexoinformativo.mx\/wp-content\/uploads\/2024\/11\/PHOTO-2024-11-08-09-05-48-e1731078991158.jpg","type":"image\/jpeg"}],"author":"Nexo Informativo","twitter_card":"summary_large_image","twitter_misc":{"Escrito por":"Nexo Informativo","Tiempo de lectura":"2 minutos"},"schema":{"@context":"https:\/\/schema.org","@graph":[{"@type":"Article","@id":"https:\/\/www.nexoinformativo.mx\/index.php\/2024\/11\/08\/queretaro-brilla-con-el-torneo-de-la-amistad-2024-mas-de-9000-atletas-se-reunen\/#article","isPartOf":{"@id":"https:\/\/www.nexoinformativo.mx\/index.php\/2024\/11\/08\/queretaro-brilla-con-el-torneo-de-la-amistad-2024-mas-de-9000-atletas-se-reunen\/"},"author":{"name":"Nexo Informativo","@id":"https:\/\/www.nexoinformativo.mx\/#\/schema\/person\/7749d380ba08c8ca00d7bc76fd907b7d"},"headline":"Quer\u00e9taro brilla con el Torneo de la Amistad 2024: M\u00e1s de 9,000 atletas se re\u00fanen","datePublished":"2024-11-08T14:00:58+00:00","dateModified":"2024-11-08T15:21:29+00:00","mainEntityOfPage":{"@id":"https:\/\/www.nexoinformativo.mx\/index.php\/2024\/11\/08\/queretaro-brilla-con-el-torneo-de-la-amistad-2024-mas-de-9000-atletas-se-reunen\/"},"wordCount":255,"commentCount":0,"publisher":{"@id":"https:\/\/www.nexoinformativo.mx\/#organization"},"image":{"@id":"https:\/\/www.nexoinformativo.mx\/index.php\/2024\/11\/08\/queretaro-brilla-con-el-torneo-de-la-amistad-2024-mas-de-9000-atletas-se-reunen\/#primaryimage"},"thumbnailUrl":"https:\/\/www.nexoinformativo.mx\/wp-content\/uploads\/2024\/11\/PHOTO-2024-11-08-09-05-48-e1731078991158.jpg","keywords":["DeporteJuvenil","Quer\u00e9taro","SemperAltius","TorneoDeLaAmistad"],"articleSection":["Espect\u00e1culos","Estado"],"inLanguage":"es","potentialAction":[{"@type":"CommentAction","name":"Comment","target":["https:\/\/www.nexoinformativo.mx\/index.php\/2024\/11\/08\/queretaro-brilla-con-el-torneo-de-la-amistad-2024-mas-de-9000-atletas-se-reunen\/#respond"]}]},{"@type":"WebPage","@id":"https:\/\/www.nexoinformativo.mx\/index.php\/2024\/11\/08\/queretaro-brilla-con-el-torneo-de-la-amistad-2024-mas-de-9000-atletas-se-reunen\/","url":"https:\/\/www.nexoinformativo.mx\/index.php\/2024\/11\/08\/queretaro-brilla-con-el-torneo-de-la-amistad-2024-mas-de-9000-atletas-se-reunen\/","name":"Quer\u00e9taro brilla con el Torneo de la Amistad 2024: M\u00e1s de 9,000 atletas se re\u00fanen | Nexo Informativo Santiago de Quer\u00e9taro","isPartOf":{"@id":"https:\/\/www.nexoinformativo.mx\/#website"},"primaryImageOfPage":{"@id":"https:\/\/www.nexoinformativo.mx\/index.php\/2024\/11\/08\/queretaro-brilla-con-el-torneo-de-la-amistad-2024-mas-de-9000-atletas-se-reunen\/#primaryimage"},"image":{"@id":"https:\/\/www.nexoinformativo.mx\/index.php\/2024\/11\/08\/queretaro-brilla-con-el-torneo-de-la-amistad-2024-mas-de-9000-atletas-se-reunen\/#primaryimage"},"thumbnailUrl":"https:\/\/www.nexoinformativo.mx\/wp-content\/uploads\/2024\/11\/PHOTO-2024-11-08-09-05-48-e1731078991158.jpg","datePublished":"2024-11-08T14:00:58+00:00","dateModified":"2024-11-08T15:21:29+00:00","description":"Quer\u00e9taro brilla con el Torneo de la Amistad 2024: M\u00e1s de 9,000 atletas se re\u00fanen","breadcrumb":{"@id":"https:\/\/www.nexoinformativo.mx\/index.php\/2024\/11\/08\/queretaro-brilla-con-el-torneo-de-la-amistad-2024-mas-de-9000-atletas-se-reunen\/#breadcrumb"},"inLanguage":"es","potentialAction":[{"@type":"ReadAction","target":["https:\/\/www.nexoinformativo.mx\/index.php\/2024\/11\/08\/queretaro-brilla-con-el-torneo-de-la-amistad-2024-mas-de-9000-atletas-se-reunen\/"]}]},{"@type":"ImageObject","inLanguage":"es","@id":"https:\/\/www.nexoinformativo.mx\/index.php\/2024\/11\/08\/queretaro-brilla-con-el-torneo-de-la-amistad-2024-mas-de-9000-atletas-se-reunen\/#primaryimage","url":"https:\/\/www.nexoinformativo.mx\/wp-content\/uploads\/2024\/11\/PHOTO-2024-11-08-09-05-48-e1731078991158.jpg","contentUrl":"https:\/\/www.nexoinformativo.mx\/wp-content\/uploads\/2024\/11\/PHOTO-2024-11-08-09-05-48-e1731078991158.jpg","width":800,"height":533},{"@type":"BreadcrumbList","@id":"https:\/\/www.nexoinformativo.mx\/index.php\/2024\/11\/08\/queretaro-brilla-con-el-torneo-de-la-amistad-2024-mas-de-9000-atletas-se-reunen\/#breadcrumb","itemListElement":[{"@type":"ListItem","position":1,"name":"Inicio","item":"https:\/\/www.nexoinformativo.mx\/"},{"@type":"ListItem","position":2,"name":"Quer\u00e9taro brilla con el Torneo de la Amistad 2024: M\u00e1s de 9,000 atletas se re\u00fanen"}]},{"@type":"WebSite","@id":"https:\/\/www.nexoinformativo.mx\/#website","url":"https:\/\/www.nexoinformativo.mx\/","name":"Nexo Informativo Santiago de Quer\u00e9taro","description":"Explora NexoInformativo y convi\u00e9rtete en parte de una comunidad que valora el conocimiento y la verdad. Tu nexoinformativo es tu puente hacia una comprensi\u00f3n m\u00e1s profunda del mundo que te rodea.","publisher":{"@id":"https:\/\/www.nexoinformativo.mx\/#organization"},"potentialAction":[{"@type":"SearchAction","target":{"@type":"EntryPoint","urlTemplate":"https:\/\/www.nexoinformativo.mx\/?s={search_term_string}"},"query-input":{"@type":"PropertyValueSpecification","valueRequired":true,"valueName":"search_term_string"}}],"inLanguage":"es"},{"@type":"Organization","@id":"https:\/\/www.nexoinformativo.mx\/#organization","name":"Nexo Informativo Santiago de Quer\u00e9taro","url":"https:\/\/www.nexoinformativo.mx\/","logo":{"@type":"ImageObject","inLanguage":"es","@id":"https:\/\/www.nexoinformativo.mx\/#\/schema\/logo\/image\/","url":"https:\/\/www.nexoinformativo.mx\/wp-content\/uploads\/2024\/07\/nexoi-trasparente-2.png","contentUrl":"https:\/\/www.nexoinformativo.mx\/wp-content\/uploads\/2024\/07\/nexoi-trasparente-2.png","width":816,"height":339,"caption":"Nexo Informativo Santiago de Quer\u00e9taro"},"image":{"@id":"https:\/\/www.nexoinformativo.mx\/#\/schema\/logo\/image\/"},"sameAs":["https:\/\/www.facebook.com\/people\/Nexo-Informativo\/61564066885511\/"]},{"@type":"Person","@id":"https:\/\/www.nexoinformativo.mx\/#\/schema\/person\/7749d380ba08c8ca00d7bc76fd907b7d","name":"Nexo Informativo","image":{"@type":"ImageObject","inLanguage":"es","@id":"https:\/\/www.nexoinformativo.mx\/#\/schema\/person\/image\/","url":"https:\/\/secure.gravatar.com\/avatar\/dde2928154642a13d95f87ddf1ea9718fe2b46760a005c53e41ff5ad610704e6?s=96&d=mm&r=g","contentUrl":"https:\/\/secure.gravatar.com\/avatar\/dde2928154642a13d95f87ddf1ea9718fe2b46760a005c53e41ff5ad610704e6?s=96&d=mm&r=g","caption":"Nexo Informativo"},"url":"https:\/\/www.nexoinformativo.mx\/index.php\/author\/edicion\/"}]}},"_links":{"self":[{"href":"https:\/\/www.nexoinformativo.mx\/index.php\/wp-json\/wp\/v2\/posts\/5609","targetHints":{"allow":["GET"]}}],"collection":[{"href":"https:\/\/www.nexoinformativo.mx\/index.php\/wp-json\/wp\/v2\/posts"}],"about":[{"href":"https:\/\/www.nexoinformativo.mx\/index.php\/wp-json\/wp\/v2\/types\/post"}],"author":[{"embeddable":true,"href":"https:\/\/www.nexoinformativo.mx\/index.php\/wp-json\/wp\/v2\/users\/3"}],"replies":[{"embeddable":true,"href":"https:\/\/www.nexoinformativo.mx\/index.php\/wp-json\/wp\/v2\/comments?post=5609"}],"version-history":[{"count":6,"href":"https:\/\/www.nexoinformativo.mx\/index.php\/wp-json\/wp\/v2\/posts\/5609\/revisions"}],"predecessor-version":[{"id":5613,"href":"https:\/\/www.nexoinformativo.mx\/index.php\/wp-json\/wp\/v2\/posts\/5609\/revisions\/5613"}],"wp:featuredmedia":[{"embeddable":true,"href":"https:\/\/www.nexoinformativo.mx\/index.php\/wp-json\/wp\/v2\/media\/5610"}],"wp:attachment":[{"href":"https:\/\/www.nexoinformativo.mx\/index.php\/wp-json\/wp\/v2\/media?parent=5609"}],"wp:term":[{"taxonomy":"category","embeddable":true,"href":"https:\/\/www.nexoinformativo.mx\/index.php\/wp-json\/wp\/v2\/categories?post=5609"},{"taxonomy":"post_tag","embeddable":true,"href":"https:\/\/www.nexoinformativo.mx\/index.php\/wp-json\/wp\/v2\/tags?post=5609"}],"curies":[{"name":"wp","href":"https:\/\/api.w.org\/{rel}","templated":true}]}}