{"id":5624,"date":"2024-11-08T09:00:24","date_gmt":"2024-11-08T15:00:24","guid":{"rendered":"https:\/\/www.nexoinformativo.mx\/?p=5624"},"modified":"2024-11-08T09:37:55","modified_gmt":"2024-11-08T15:37:55","slug":"mexico-optimista-ante-la-revision-del-t-mec-asegura-marcelo-ebrard","status":"publish","type":"post","link":"https:\/\/www.nexoinformativo.mx\/index.php\/2024\/11\/08\/mexico-optimista-ante-la-revision-del-t-mec-asegura-marcelo-ebrard\/","title":{"rendered":"M\u00e9xico optimista ante la Revisi\u00f3n del T-MEC, asegura Marcelo Ebrard"},"content":{"rendered":"<p style=\"text-align: justify;\">El secretario de Econom\u00eda, Marcelo Ebrard, se mostr\u00f3 optimista de cara a la revisi\u00f3n del Tratado M\u00e9xico-Estados Unidos-Canad\u00e1 (T-MEC). Ebrard augur\u00f3 que la relaci\u00f3n del gobierno de la presidenta Claudia Sheinbaum con la administraci\u00f3n del presidente electo Donald Trump ser\u00e1 muy buena, debido a que M\u00e9xico es el principal socio comercial de Estados Unidos.<\/p>\n<p>&nbsp;<\/p>\n<p style=\"text-align: justify;\">Entrevistado al t\u00e9rmino de la asamblea de la Asociaci\u00f3n Nacional de Tiendas de Autoservicio y Departamentales (ANTAD), Ebrard explic\u00f3 que su confianza se basa en el hecho de que M\u00e9xico se ubic\u00f3 recientemente como el principal socio comercial de Estados Unidos.<\/p>\n<p>&nbsp;<\/p>\n<p style=\"text-align: justify;\">Destac\u00f3 que millones de empleos en EU dependen de sus exportaciones a M\u00e9xico. En el \u00faltimo a\u00f1o, las exportaciones mexicanas a EE. UU. se incrementaron en un 6.5%, mientras que las de EU. a M\u00e9xico crecieron alrededor del 4.5%.<\/p>\n<p>&nbsp;<\/p>\n<p style=\"text-align: justify;\">Ebrard se pronunci\u00f3 a favor de trabajar en conjunto con los vecinos de la regi\u00f3n para competir frente a otras regiones como Asia. Consider\u00f3 que la imposici\u00f3n de aranceles a las exportaciones desde M\u00e9xico a EU. solo afectar\u00eda a los consumidores estadounidenses, poniendo en peligro industrias clave como la automotriz.<\/p>\n<p>&nbsp;<\/p>\n<p style=\"text-align: justify;\">El secretario explic\u00f3 que imponer aranceles a las importaciones desde M\u00e9xico solo encarecer\u00eda los productos para los consumidores estadounidenses. Subray\u00f3 que M\u00e9xico importa muchas cosas de EU, las integra y luego las reexporta, por lo que un arancel aumentar\u00eda los costos para los consumidores en EU.<\/p>\n<p>&nbsp;<\/p>\n<p style=\"text-align: center;\"><em><strong>\u00a1Informaci\u00f3n que transforma!<\/strong><\/em><\/p>\n","protected":false},"excerpt":{"rendered":"<p>El secretario de Econom\u00eda, Marcelo Ebrard, se mostr\u00f3 optimista de cara a la revisi\u00f3n del Tratado M\u00e9xico-Estados Unidos-Canad\u00e1 (T-MEC).<\/p>\n","protected":false},"author":3,"featured_media":5625,"comment_status":"open","ping_status":"open","sticky":false,"template":"","format":"standard","meta":{"footnotes":""},"categories":[5,88,58],"tags":[1931,1314,1929,1930],"class_list":["post-5624","post","type-post","status-publish","format-standard","has-post-thumbnail","hentry","category-economia","category-nacional","category-ultima-hora","tag-comerciomexicoeu","tag-economiamexico","tag-marceloebrard","tag-tmecrevision"],"yoast_head":"<!-- This site is optimized with the Yoast SEO plugin v25.0 - https:\/\/yoast.com\/wordpress\/plugins\/seo\/ -->\n<title>M\u00e9xico optimista ante la Revisi\u00f3n del T-MEC, asegura Marcelo Ebrard | Nexo Informativo Santiago de Quer\u00e9taro<\/title>\n<meta name=\"description\" content=\"M\u00e9xico optimista ante la Revisi\u00f3n del T-MEC, asegura Marcelo Ebrard\" \/>\n<meta name=\"robots\" content=\"index, follow, max-snippet:-1, max-image-preview:large, max-video-preview:-1\" \/>\n<link rel=\"canonical\" href=\"https:\/\/www.nexoinformativo.mx\/index.php\/2024\/11\/08\/mexico-optimista-ante-la-revision-del-t-mec-asegura-marcelo-ebrard\/\" \/>\n<meta property=\"og:locale\" content=\"es_MX\" \/>\n<meta property=\"og:type\" content=\"article\" \/>\n<meta property=\"og:title\" content=\"M\u00e9xico optimista ante la Revisi\u00f3n del T-MEC, asegura Marcelo Ebrard | Nexo Informativo Santiago de Quer\u00e9taro\" \/>\n<meta property=\"og:description\" content=\"M\u00e9xico optimista ante la Revisi\u00f3n del T-MEC, asegura Marcelo Ebrard\" \/>\n<meta property=\"og:url\" content=\"https:\/\/www.nexoinformativo.mx\/index.php\/2024\/11\/08\/mexico-optimista-ante-la-revision-del-t-mec-asegura-marcelo-ebrard\/\" \/>\n<meta property=\"og:site_name\" content=\"Nexo Informativo Santiago de Quer\u00e9taro\" \/>\n<meta property=\"article:publisher\" content=\"https:\/\/www.facebook.com\/people\/Nexo-Informativo\/61564066885511\/\" \/>\n<meta property=\"article:published_time\" content=\"2024-11-08T15:00:24+00:00\" \/>\n<meta property=\"article:modified_time\" content=\"2024-11-08T15:37:55+00:00\" \/>\n<meta property=\"og:image\" content=\"https:\/\/www.nexoinformativo.mx\/wp-content\/uploads\/2024\/11\/IMG_7580.jpg\" \/>\n\t<meta property=\"og:image:width\" content=\"650\" \/>\n\t<meta property=\"og:image:height\" content=\"380\" \/>\n\t<meta property=\"og:image:type\" content=\"image\/jpeg\" \/>\n<meta name=\"author\" content=\"Nexo Informativo\" \/>\n<meta name=\"twitter:card\" content=\"summary_large_image\" \/>\n<meta name=\"twitter:label1\" content=\"Escrito por\" \/>\n\t<meta name=\"twitter:data1\" content=\"Nexo Informativo\" \/>\n\t<meta name=\"twitter:label2\" content=\"Tiempo de lectura\" \/>\n\t<meta name=\"twitter:data2\" content=\"2 minutos\" \/>\n<script type=\"application\/ld+json\" class=\"yoast-schema-graph\">{\"@context\":\"https:\/\/schema.org\",\"@graph\":[{\"@type\":\"Article\",\"@id\":\"https:\/\/www.nexoinformativo.mx\/index.php\/2024\/11\/08\/mexico-optimista-ante-la-revision-del-t-mec-asegura-marcelo-ebrard\/#article\",\"isPartOf\":{\"@id\":\"https:\/\/www.nexoinformativo.mx\/index.php\/2024\/11\/08\/mexico-optimista-ante-la-revision-del-t-mec-asegura-marcelo-ebrard\/\"},\"author\":{\"name\":\"Nexo Informativo\",\"@id\":\"https:\/\/www.nexoinformativo.mx\/#\/schema\/person\/7749d380ba08c8ca00d7bc76fd907b7d\"},\"headline\":\"M\u00e9xico optimista ante la Revisi\u00f3n del T-MEC, asegura Marcelo Ebrard\",\"datePublished\":\"2024-11-08T15:00:24+00:00\",\"dateModified\":\"2024-11-08T15:37:55+00:00\",\"mainEntityOfPage\":{\"@id\":\"https:\/\/www.nexoinformativo.mx\/index.php\/2024\/11\/08\/mexico-optimista-ante-la-revision-del-t-mec-asegura-marcelo-ebrard\/\"},\"wordCount\":269,\"commentCount\":0,\"publisher\":{\"@id\":\"https:\/\/www.nexoinformativo.mx\/#organization\"},\"image\":{\"@id\":\"https:\/\/www.nexoinformativo.mx\/index.php\/2024\/11\/08\/mexico-optimista-ante-la-revision-del-t-mec-asegura-marcelo-ebrard\/#primaryimage\"},\"thumbnailUrl\":\"https:\/\/www.nexoinformativo.mx\/wp-content\/uploads\/2024\/11\/IMG_7580.jpg\",\"keywords\":[\"ComercioM\u00e9xicoEU\",\"Econom\u00edaM\u00e9xico\",\"MarceloEbrard\",\"TMECrevisi\u00f3n\"],\"articleSection\":[\"Econom\u00eda\",\"Nacional\",\"\u00daltima Hora\"],\"inLanguage\":\"es\",\"potentialAction\":[{\"@type\":\"CommentAction\",\"name\":\"Comment\",\"target\":[\"https:\/\/www.nexoinformativo.mx\/index.php\/2024\/11\/08\/mexico-optimista-ante-la-revision-del-t-mec-asegura-marcelo-ebrard\/#respond\"]}]},{\"@type\":\"WebPage\",\"@id\":\"https:\/\/www.nexoinformativo.mx\/index.php\/2024\/11\/08\/mexico-optimista-ante-la-revision-del-t-mec-asegura-marcelo-ebrard\/\",\"url\":\"https:\/\/www.nexoinformativo.mx\/index.php\/2024\/11\/08\/mexico-optimista-ante-la-revision-del-t-mec-asegura-marcelo-ebrard\/\",\"name\":\"M\u00e9xico optimista ante la Revisi\u00f3n del T-MEC, asegura Marcelo Ebrard | Nexo Informativo Santiago de Quer\u00e9taro\",\"isPartOf\":{\"@id\":\"https:\/\/www.nexoinformativo.mx\/#website\"},\"primaryImageOfPage\":{\"@id\":\"https:\/\/www.nexoinformativo.mx\/index.php\/2024\/11\/08\/mexico-optimista-ante-la-revision-del-t-mec-asegura-marcelo-ebrard\/#primaryimage\"},\"image\":{\"@id\":\"https:\/\/www.nexoinformativo.mx\/index.php\/2024\/11\/08\/mexico-optimista-ante-la-revision-del-t-mec-asegura-marcelo-ebrard\/#primaryimage\"},\"thumbnailUrl\":\"https:\/\/www.nexoinformativo.mx\/wp-content\/uploads\/2024\/11\/IMG_7580.jpg\",\"datePublished\":\"2024-11-08T15:00:24+00:00\",\"dateModified\":\"2024-11-08T15:37:55+00:00\",\"description\":\"M\u00e9xico optimista ante la Revisi\u00f3n del T-MEC, asegura Marcelo Ebrard\",\"breadcrumb\":{\"@id\":\"https:\/\/www.nexoinformativo.mx\/index.php\/2024\/11\/08\/mexico-optimista-ante-la-revision-del-t-mec-asegura-marcelo-ebrard\/#breadcrumb\"},\"inLanguage\":\"es\",\"potentialAction\":[{\"@type\":\"ReadAction\",\"target\":[\"https:\/\/www.nexoinformativo.mx\/index.php\/2024\/11\/08\/mexico-optimista-ante-la-revision-del-t-mec-asegura-marcelo-ebrard\/\"]}]},{\"@type\":\"ImageObject\",\"inLanguage\":\"es\",\"@id\":\"https:\/\/www.nexoinformativo.mx\/index.php\/2024\/11\/08\/mexico-optimista-ante-la-revision-del-t-mec-asegura-marcelo-ebrard\/#primaryimage\",\"url\":\"https:\/\/www.nexoinformativo.mx\/wp-content\/uploads\/2024\/11\/IMG_7580.jpg\",\"contentUrl\":\"https:\/\/www.nexoinformativo.mx\/wp-content\/uploads\/2024\/11\/IMG_7580.jpg\",\"width\":650,\"height\":380},{\"@type\":\"BreadcrumbList\",\"@id\":\"https:\/\/www.nexoinformativo.mx\/index.php\/2024\/11\/08\/mexico-optimista-ante-la-revision-del-t-mec-asegura-marcelo-ebrard\/#breadcrumb\",\"itemListElement\":[{\"@type\":\"ListItem\",\"position\":1,\"name\":\"Inicio\",\"item\":\"https:\/\/www.nexoinformativo.mx\/\"},{\"@type\":\"ListItem\",\"position\":2,\"name\":\"M\u00e9xico optimista ante la Revisi\u00f3n del T-MEC, asegura Marcelo Ebrard\"}]},{\"@type\":\"WebSite\",\"@id\":\"https:\/\/www.nexoinformativo.mx\/#website\",\"url\":\"https:\/\/www.nexoinformativo.mx\/\",\"name\":\"Nexo Informativo Santiago de Quer\u00e9taro\",\"description\":\"Explora NexoInformativo y convi\u00e9rtete en parte de una comunidad que valora el conocimiento y la verdad. Tu nexoinformativo es tu puente hacia una comprensi\u00f3n m\u00e1s profunda del mundo que te rodea.\",\"publisher\":{\"@id\":\"https:\/\/www.nexoinformativo.mx\/#organization\"},\"potentialAction\":[{\"@type\":\"SearchAction\",\"target\":{\"@type\":\"EntryPoint\",\"urlTemplate\":\"https:\/\/www.nexoinformativo.mx\/?s={search_term_string}\"},\"query-input\":{\"@type\":\"PropertyValueSpecification\",\"valueRequired\":true,\"valueName\":\"search_term_string\"}}],\"inLanguage\":\"es\"},{\"@type\":\"Organization\",\"@id\":\"https:\/\/www.nexoinformativo.mx\/#organization\",\"name\":\"Nexo Informativo Santiago de Quer\u00e9taro\",\"url\":\"https:\/\/www.nexoinformativo.mx\/\",\"logo\":{\"@type\":\"ImageObject\",\"inLanguage\":\"es\",\"@id\":\"https:\/\/www.nexoinformativo.mx\/#\/schema\/logo\/image\/\",\"url\":\"https:\/\/www.nexoinformativo.mx\/wp-content\/uploads\/2024\/07\/nexoi-trasparente-2.png\",\"contentUrl\":\"https:\/\/www.nexoinformativo.mx\/wp-content\/uploads\/2024\/07\/nexoi-trasparente-2.png\",\"width\":816,\"height\":339,\"caption\":\"Nexo Informativo Santiago de Quer\u00e9taro\"},\"image\":{\"@id\":\"https:\/\/www.nexoinformativo.mx\/#\/schema\/logo\/image\/\"},\"sameAs\":[\"https:\/\/www.facebook.com\/people\/Nexo-Informativo\/61564066885511\/\"]},{\"@type\":\"Person\",\"@id\":\"https:\/\/www.nexoinformativo.mx\/#\/schema\/person\/7749d380ba08c8ca00d7bc76fd907b7d\",\"name\":\"Nexo Informativo\",\"image\":{\"@type\":\"ImageObject\",\"inLanguage\":\"es\",\"@id\":\"https:\/\/www.nexoinformativo.mx\/#\/schema\/person\/image\/\",\"url\":\"https:\/\/secure.gravatar.com\/avatar\/dde2928154642a13d95f87ddf1ea9718fe2b46760a005c53e41ff5ad610704e6?s=96&d=mm&r=g\",\"contentUrl\":\"https:\/\/secure.gravatar.com\/avatar\/dde2928154642a13d95f87ddf1ea9718fe2b46760a005c53e41ff5ad610704e6?s=96&d=mm&r=g\",\"caption\":\"Nexo Informativo\"},\"url\":\"https:\/\/www.nexoinformativo.mx\/index.php\/author\/edicion\/\"}]}<\/script>\n<!-- \/ Yoast SEO plugin. -->","yoast_head_json":{"title":"M\u00e9xico optimista ante la Revisi\u00f3n del T-MEC, asegura Marcelo Ebrard | Nexo Informativo Santiago de Quer\u00e9taro","description":"M\u00e9xico optimista ante la Revisi\u00f3n del T-MEC, asegura Marcelo Ebrard","robots":{"index":"index","follow":"follow","max-snippet":"max-snippet:-1","max-image-preview":"max-image-preview:large","max-video-preview":"max-video-preview:-1"},"canonical":"https:\/\/www.nexoinformativo.mx\/index.php\/2024\/11\/08\/mexico-optimista-ante-la-revision-del-t-mec-asegura-marcelo-ebrard\/","og_locale":"es_MX","og_type":"article","og_title":"M\u00e9xico optimista ante la Revisi\u00f3n del T-MEC, asegura Marcelo Ebrard | Nexo Informativo Santiago de Quer\u00e9taro","og_description":"M\u00e9xico optimista ante la Revisi\u00f3n del T-MEC, asegura Marcelo Ebrard","og_url":"https:\/\/www.nexoinformativo.mx\/index.php\/2024\/11\/08\/mexico-optimista-ante-la-revision-del-t-mec-asegura-marcelo-ebrard\/","og_site_name":"Nexo Informativo Santiago de Quer\u00e9taro","article_publisher":"https:\/\/www.facebook.com\/people\/Nexo-Informativo\/61564066885511\/","article_published_time":"2024-11-08T15:00:24+00:00","article_modified_time":"2024-11-08T15:37:55+00:00","og_image":[{"width":650,"height":380,"url":"https:\/\/www.nexoinformativo.mx\/wp-content\/uploads\/2024\/11\/IMG_7580.jpg","type":"image\/jpeg"}],"author":"Nexo Informativo","twitter_card":"summary_large_image","twitter_misc":{"Escrito por":"Nexo Informativo","Tiempo de lectura":"2 minutos"},"schema":{"@context":"https:\/\/schema.org","@graph":[{"@type":"Article","@id":"https:\/\/www.nexoinformativo.mx\/index.php\/2024\/11\/08\/mexico-optimista-ante-la-revision-del-t-mec-asegura-marcelo-ebrard\/#article","isPartOf":{"@id":"https:\/\/www.nexoinformativo.mx\/index.php\/2024\/11\/08\/mexico-optimista-ante-la-revision-del-t-mec-asegura-marcelo-ebrard\/"},"author":{"name":"Nexo Informativo","@id":"https:\/\/www.nexoinformativo.mx\/#\/schema\/person\/7749d380ba08c8ca00d7bc76fd907b7d"},"headline":"M\u00e9xico optimista ante la Revisi\u00f3n del T-MEC, asegura Marcelo Ebrard","datePublished":"2024-11-08T15:00:24+00:00","dateModified":"2024-11-08T15:37:55+00:00","mainEntityOfPage":{"@id":"https:\/\/www.nexoinformativo.mx\/index.php\/2024\/11\/08\/mexico-optimista-ante-la-revision-del-t-mec-asegura-marcelo-ebrard\/"},"wordCount":269,"commentCount":0,"publisher":{"@id":"https:\/\/www.nexoinformativo.mx\/#organization"},"image":{"@id":"https:\/\/www.nexoinformativo.mx\/index.php\/2024\/11\/08\/mexico-optimista-ante-la-revision-del-t-mec-asegura-marcelo-ebrard\/#primaryimage"},"thumbnailUrl":"https:\/\/www.nexoinformativo.mx\/wp-content\/uploads\/2024\/11\/IMG_7580.jpg","keywords":["ComercioM\u00e9xicoEU","Econom\u00edaM\u00e9xico","MarceloEbrard","TMECrevisi\u00f3n"],"articleSection":["Econom\u00eda","Nacional","\u00daltima Hora"],"inLanguage":"es","potentialAction":[{"@type":"CommentAction","name":"Comment","target":["https:\/\/www.nexoinformativo.mx\/index.php\/2024\/11\/08\/mexico-optimista-ante-la-revision-del-t-mec-asegura-marcelo-ebrard\/#respond"]}]},{"@type":"WebPage","@id":"https:\/\/www.nexoinformativo.mx\/index.php\/2024\/11\/08\/mexico-optimista-ante-la-revision-del-t-mec-asegura-marcelo-ebrard\/","url":"https:\/\/www.nexoinformativo.mx\/index.php\/2024\/11\/08\/mexico-optimista-ante-la-revision-del-t-mec-asegura-marcelo-ebrard\/","name":"M\u00e9xico optimista ante la Revisi\u00f3n del T-MEC, asegura Marcelo Ebrard | Nexo Informativo Santiago de Quer\u00e9taro","isPartOf":{"@id":"https:\/\/www.nexoinformativo.mx\/#website"},"primaryImageOfPage":{"@id":"https:\/\/www.nexoinformativo.mx\/index.php\/2024\/11\/08\/mexico-optimista-ante-la-revision-del-t-mec-asegura-marcelo-ebrard\/#primaryimage"},"image":{"@id":"https:\/\/www.nexoinformativo.mx\/index.php\/2024\/11\/08\/mexico-optimista-ante-la-revision-del-t-mec-asegura-marcelo-ebrard\/#primaryimage"},"thumbnailUrl":"https:\/\/www.nexoinformativo.mx\/wp-content\/uploads\/2024\/11\/IMG_7580.jpg","datePublished":"2024-11-08T15:00:24+00:00","dateModified":"2024-11-08T15:37:55+00:00","description":"M\u00e9xico optimista ante la Revisi\u00f3n del T-MEC, asegura Marcelo Ebrard","breadcrumb":{"@id":"https:\/\/www.nexoinformativo.mx\/index.php\/2024\/11\/08\/mexico-optimista-ante-la-revision-del-t-mec-asegura-marcelo-ebrard\/#breadcrumb"},"inLanguage":"es","potentialAction":[{"@type":"ReadAction","target":["https:\/\/www.nexoinformativo.mx\/index.php\/2024\/11\/08\/mexico-optimista-ante-la-revision-del-t-mec-asegura-marcelo-ebrard\/"]}]},{"@type":"ImageObject","inLanguage":"es","@id":"https:\/\/www.nexoinformativo.mx\/index.php\/2024\/11\/08\/mexico-optimista-ante-la-revision-del-t-mec-asegura-marcelo-ebrard\/#primaryimage","url":"https:\/\/www.nexoinformativo.mx\/wp-content\/uploads\/2024\/11\/IMG_7580.jpg","contentUrl":"https:\/\/www.nexoinformativo.mx\/wp-content\/uploads\/2024\/11\/IMG_7580.jpg","width":650,"height":380},{"@type":"BreadcrumbList","@id":"https:\/\/www.nexoinformativo.mx\/index.php\/2024\/11\/08\/mexico-optimista-ante-la-revision-del-t-mec-asegura-marcelo-ebrard\/#breadcrumb","itemListElement":[{"@type":"ListItem","position":1,"name":"Inicio","item":"https:\/\/www.nexoinformativo.mx\/"},{"@type":"ListItem","position":2,"name":"M\u00e9xico optimista ante la Revisi\u00f3n del T-MEC, asegura Marcelo Ebrard"}]},{"@type":"WebSite","@id":"https:\/\/www.nexoinformativo.mx\/#website","url":"https:\/\/www.nexoinformativo.mx\/","name":"Nexo Informativo Santiago de Quer\u00e9taro","description":"Explora NexoInformativo y convi\u00e9rtete en parte de una comunidad que valora el conocimiento y la verdad. Tu nexoinformativo es tu puente hacia una comprensi\u00f3n m\u00e1s profunda del mundo que te rodea.","publisher":{"@id":"https:\/\/www.nexoinformativo.mx\/#organization"},"potentialAction":[{"@type":"SearchAction","target":{"@type":"EntryPoint","urlTemplate":"https:\/\/www.nexoinformativo.mx\/?s={search_term_string}"},"query-input":{"@type":"PropertyValueSpecification","valueRequired":true,"valueName":"search_term_string"}}],"inLanguage":"es"},{"@type":"Organization","@id":"https:\/\/www.nexoinformativo.mx\/#organization","name":"Nexo Informativo Santiago de Quer\u00e9taro","url":"https:\/\/www.nexoinformativo.mx\/","logo":{"@type":"ImageObject","inLanguage":"es","@id":"https:\/\/www.nexoinformativo.mx\/#\/schema\/logo\/image\/","url":"https:\/\/www.nexoinformativo.mx\/wp-content\/uploads\/2024\/07\/nexoi-trasparente-2.png","contentUrl":"https:\/\/www.nexoinformativo.mx\/wp-content\/uploads\/2024\/07\/nexoi-trasparente-2.png","width":816,"height":339,"caption":"Nexo Informativo Santiago de Quer\u00e9taro"},"image":{"@id":"https:\/\/www.nexoinformativo.mx\/#\/schema\/logo\/image\/"},"sameAs":["https:\/\/www.facebook.com\/people\/Nexo-Informativo\/61564066885511\/"]},{"@type":"Person","@id":"https:\/\/www.nexoinformativo.mx\/#\/schema\/person\/7749d380ba08c8ca00d7bc76fd907b7d","name":"Nexo Informativo","image":{"@type":"ImageObject","inLanguage":"es","@id":"https:\/\/www.nexoinformativo.mx\/#\/schema\/person\/image\/","url":"https:\/\/secure.gravatar.com\/avatar\/dde2928154642a13d95f87ddf1ea9718fe2b46760a005c53e41ff5ad610704e6?s=96&d=mm&r=g","contentUrl":"https:\/\/secure.gravatar.com\/avatar\/dde2928154642a13d95f87ddf1ea9718fe2b46760a005c53e41ff5ad610704e6?s=96&d=mm&r=g","caption":"Nexo Informativo"},"url":"https:\/\/www.nexoinformativo.mx\/index.php\/author\/edicion\/"}]}},"_links":{"self":[{"href":"https:\/\/www.nexoinformativo.mx\/index.php\/wp-json\/wp\/v2\/posts\/5624","targetHints":{"allow":["GET"]}}],"collection":[{"href":"https:\/\/www.nexoinformativo.mx\/index.php\/wp-json\/wp\/v2\/posts"}],"about":[{"href":"https:\/\/www.nexoinformativo.mx\/index.php\/wp-json\/wp\/v2\/types\/post"}],"author":[{"embeddable":true,"href":"https:\/\/www.nexoinformativo.mx\/index.php\/wp-json\/wp\/v2\/users\/3"}],"replies":[{"embeddable":true,"href":"https:\/\/www.nexoinformativo.mx\/index.php\/wp-json\/wp\/v2\/comments?post=5624"}],"version-history":[{"count":3,"href":"https:\/\/www.nexoinformativo.mx\/index.php\/wp-json\/wp\/v2\/posts\/5624\/revisions"}],"predecessor-version":[{"id":5628,"href":"https:\/\/www.nexoinformativo.mx\/index.php\/wp-json\/wp\/v2\/posts\/5624\/revisions\/5628"}],"wp:featuredmedia":[{"embeddable":true,"href":"https:\/\/www.nexoinformativo.mx\/index.php\/wp-json\/wp\/v2\/media\/5625"}],"wp:attachment":[{"href":"https:\/\/www.nexoinformativo.mx\/index.php\/wp-json\/wp\/v2\/media?parent=5624"}],"wp:term":[{"taxonomy":"category","embeddable":true,"href":"https:\/\/www.nexoinformativo.mx\/index.php\/wp-json\/wp\/v2\/categories?post=5624"},{"taxonomy":"post_tag","embeddable":true,"href":"https:\/\/www.nexoinformativo.mx\/index.php\/wp-json\/wp\/v2\/tags?post=5624"}],"curies":[{"name":"wp","href":"https:\/\/api.w.org\/{rel}","templated":true}]}}