{"id":5634,"date":"2024-11-08T09:30:50","date_gmt":"2024-11-08T15:30:50","guid":{"rendered":"https:\/\/www.nexoinformativo.mx\/?p=5634"},"modified":"2024-11-08T09:57:08","modified_gmt":"2024-11-08T15:57:08","slug":"dibujando-sonrisas-mexico-promueve-la-salud-bucal-en-ninos","status":"publish","type":"post","link":"https:\/\/www.nexoinformativo.mx\/index.php\/2024\/11\/08\/dibujando-sonrisas-mexico-promueve-la-salud-bucal-en-ninos\/","title":{"rendered":"Dibujando Sonrisas: M\u00e9xico promueve la salud bucal en ni\u00f1os"},"content":{"rendered":"<p style=\"text-align: justify;\" data-sourcepos=\"5:1-5:306\">La Secretar\u00eda de Salud de M\u00e9xico, a trav\u00e9s del Centro Nacional de Programas Preventivos y Control de Enfermedades (Cenaprece), celebr\u00f3 la d\u00e9cima edici\u00f3n del concurso <strong>&#8220;Dibujando Sonrisas&#8221;<\/strong>. Esta iniciativa busca fomentar en ni\u00f1as y ni\u00f1os la importancia de cuidar su salud bucal desde temprana edad.<\/p>\n<p>&nbsp;<\/p>\n<p style=\"text-align: justify;\" data-sourcepos=\"7:1-7:289\">En el evento, el director general del Cenaprece, Rafael Ricardo Valdez V\u00e1zquez, destac\u00f3 la relevancia de la prevenci\u00f3n de enfermedades bucales, se\u00f1alando que tres de cada diez adultos mayores de 60 a\u00f1os carecen de una dentadura funcional debido a la falta de atenci\u00f3n bucal en su infancia.<\/p>\n<p>&nbsp;<\/p>\n<p style=\"text-align: justify;\" data-sourcepos=\"9:1-9:358\">Para combatir esta problem\u00e1tica, la Secretar\u00eda de Salud ha implementado diversas estrategias, como la realizaci\u00f3n de 45 millones de actividades preventivas en escuelas durante el \u00faltimo ciclo escolar.<\/p>\n<p>&nbsp;<\/p>\n<p style=\"text-align: justify;\" data-sourcepos=\"9:1-9:358\">Adem\u00e1s, el concurso <strong>&#8220;Dibujando Sonrisas&#8221;<\/strong> ha permitido conocer la percepci\u00f3n de los ni\u00f1os sobre la salud bucal y fomentar una cultura de prevenci\u00f3n.<\/p>\n<p>&nbsp;<\/p>\n<p style=\"text-align: justify;\" data-sourcepos=\"11:1-11:208\">Jorge Luis Mungu\u00eda S\u00e1nchez, de la Secretar\u00eda de Educaci\u00f3n P\u00fablica (SEP), resalt\u00f3 la importancia de eliminar la comida chatarra de las escuelas para prevenir no solo la obesidad, sino tambi\u00e9n la caries dental.<\/p>\n<p>&nbsp;<\/p>\n<p style=\"text-align: justify;\" data-sourcepos=\"13:1-13:175\">Los ganadores del concurso, provenientes de todo el pa\u00eds, recibieron premios que incluyen mochilas con art\u00edculos de higiene bucal, computadoras y viajes a la Ciudad de M\u00e9xico.<\/p>\n<p>&nbsp;<\/p>\n<p style=\"text-align: center;\" data-sourcepos=\"13:1-13:175\"><em><strong>\u00a1Informaci\u00f3n que transforma!<\/strong><\/em><\/p>\n","protected":false},"excerpt":{"rendered":"<p>La Secretar\u00eda de Salud de M\u00e9xico, a trav\u00e9s del Centro Nacional de Programas Preventivos y Control de Enfermedades (Cenaprece), celebr\u00f3 la d\u00e9cima edici\u00f3n del concurso &#8220;Dibujando Sonrisas&#8221;. Esta iniciativa busca fomentar en ni\u00f1as y ni\u00f1os la importancia de cuidar su salud bucal desde temprana edad. &nbsp; En el evento, el director general del Cenaprece, Rafael [&hellip;]<\/p>\n","protected":false},"author":3,"featured_media":5635,"comment_status":"open","ping_status":"open","sticky":false,"template":"","format":"standard","meta":{"footnotes":""},"categories":[88,58],"tags":[1937,1578,806,1936],"class_list":["post-5634","post","type-post","status-publish","format-standard","has-post-thumbnail","hentry","category-nacional","category-ultima-hora","tag-dibujandosonrisas","tag-ninossaludables","tag-prevencion","tag-saludbucal"],"yoast_head":"<!-- This site is optimized with the Yoast SEO plugin v25.0 - https:\/\/yoast.com\/wordpress\/plugins\/seo\/ -->\n<title>Dibujando Sonrisas: M\u00e9xico promueve la salud bucal en ni\u00f1os | Nexo Informativo Santiago de Quer\u00e9taro<\/title>\n<meta name=\"description\" content=\"Dibujando Sonrisas: M\u00e9xico promueve la salud bucal en ni\u00f1os\" \/>\n<meta name=\"robots\" content=\"index, follow, max-snippet:-1, max-image-preview:large, max-video-preview:-1\" \/>\n<link rel=\"canonical\" href=\"https:\/\/www.nexoinformativo.mx\/index.php\/2024\/11\/08\/dibujando-sonrisas-mexico-promueve-la-salud-bucal-en-ninos\/\" \/>\n<meta property=\"og:locale\" content=\"es_MX\" \/>\n<meta property=\"og:type\" content=\"article\" \/>\n<meta property=\"og:title\" content=\"Dibujando Sonrisas: M\u00e9xico promueve la salud bucal en ni\u00f1os | Nexo Informativo Santiago de Quer\u00e9taro\" \/>\n<meta property=\"og:description\" content=\"Dibujando Sonrisas: M\u00e9xico promueve la salud bucal en ni\u00f1os\" \/>\n<meta property=\"og:url\" content=\"https:\/\/www.nexoinformativo.mx\/index.php\/2024\/11\/08\/dibujando-sonrisas-mexico-promueve-la-salud-bucal-en-ninos\/\" \/>\n<meta property=\"og:site_name\" content=\"Nexo Informativo Santiago de Quer\u00e9taro\" \/>\n<meta property=\"article:publisher\" content=\"https:\/\/www.facebook.com\/people\/Nexo-Informativo\/61564066885511\/\" \/>\n<meta property=\"article:published_time\" content=\"2024-11-08T15:30:50+00:00\" \/>\n<meta property=\"article:modified_time\" content=\"2024-11-08T15:57:08+00:00\" \/>\n<meta property=\"og:image\" content=\"https:\/\/www.nexoinformativo.mx\/wp-content\/uploads\/2024\/11\/IMG_7583-e1731081332236.jpg\" \/>\n\t<meta property=\"og:image:width\" content=\"800\" \/>\n\t<meta property=\"og:image:height\" content=\"534\" \/>\n\t<meta property=\"og:image:type\" content=\"image\/jpeg\" \/>\n<meta name=\"author\" content=\"Nexo Informativo\" \/>\n<meta name=\"twitter:card\" content=\"summary_large_image\" \/>\n<meta name=\"twitter:label1\" content=\"Escrito por\" \/>\n\t<meta name=\"twitter:data1\" content=\"Nexo Informativo\" \/>\n\t<meta name=\"twitter:label2\" content=\"Tiempo de lectura\" \/>\n\t<meta name=\"twitter:data2\" content=\"2 minutos\" \/>\n<script type=\"application\/ld+json\" class=\"yoast-schema-graph\">{\"@context\":\"https:\/\/schema.org\",\"@graph\":[{\"@type\":\"Article\",\"@id\":\"https:\/\/www.nexoinformativo.mx\/index.php\/2024\/11\/08\/dibujando-sonrisas-mexico-promueve-la-salud-bucal-en-ninos\/#article\",\"isPartOf\":{\"@id\":\"https:\/\/www.nexoinformativo.mx\/index.php\/2024\/11\/08\/dibujando-sonrisas-mexico-promueve-la-salud-bucal-en-ninos\/\"},\"author\":{\"name\":\"Nexo Informativo\",\"@id\":\"https:\/\/www.nexoinformativo.mx\/#\/schema\/person\/7749d380ba08c8ca00d7bc76fd907b7d\"},\"headline\":\"Dibujando Sonrisas: M\u00e9xico promueve la salud bucal en ni\u00f1os\",\"datePublished\":\"2024-11-08T15:30:50+00:00\",\"dateModified\":\"2024-11-08T15:57:08+00:00\",\"mainEntityOfPage\":{\"@id\":\"https:\/\/www.nexoinformativo.mx\/index.php\/2024\/11\/08\/dibujando-sonrisas-mexico-promueve-la-salud-bucal-en-ninos\/\"},\"wordCount\":250,\"commentCount\":0,\"publisher\":{\"@id\":\"https:\/\/www.nexoinformativo.mx\/#organization\"},\"image\":{\"@id\":\"https:\/\/www.nexoinformativo.mx\/index.php\/2024\/11\/08\/dibujando-sonrisas-mexico-promueve-la-salud-bucal-en-ninos\/#primaryimage\"},\"thumbnailUrl\":\"https:\/\/www.nexoinformativo.mx\/wp-content\/uploads\/2024\/11\/IMG_7583-e1731081332236.jpg\",\"keywords\":[\"DibujandoSonrisas\",\"Ni\u00f1osSaludables\",\"Prevenci\u00f3n\",\"SaludBucal\"],\"articleSection\":[\"Nacional\",\"\u00daltima Hora\"],\"inLanguage\":\"es\",\"potentialAction\":[{\"@type\":\"CommentAction\",\"name\":\"Comment\",\"target\":[\"https:\/\/www.nexoinformativo.mx\/index.php\/2024\/11\/08\/dibujando-sonrisas-mexico-promueve-la-salud-bucal-en-ninos\/#respond\"]}]},{\"@type\":\"WebPage\",\"@id\":\"https:\/\/www.nexoinformativo.mx\/index.php\/2024\/11\/08\/dibujando-sonrisas-mexico-promueve-la-salud-bucal-en-ninos\/\",\"url\":\"https:\/\/www.nexoinformativo.mx\/index.php\/2024\/11\/08\/dibujando-sonrisas-mexico-promueve-la-salud-bucal-en-ninos\/\",\"name\":\"Dibujando Sonrisas: M\u00e9xico promueve la salud bucal en ni\u00f1os | Nexo Informativo Santiago de Quer\u00e9taro\",\"isPartOf\":{\"@id\":\"https:\/\/www.nexoinformativo.mx\/#website\"},\"primaryImageOfPage\":{\"@id\":\"https:\/\/www.nexoinformativo.mx\/index.php\/2024\/11\/08\/dibujando-sonrisas-mexico-promueve-la-salud-bucal-en-ninos\/#primaryimage\"},\"image\":{\"@id\":\"https:\/\/www.nexoinformativo.mx\/index.php\/2024\/11\/08\/dibujando-sonrisas-mexico-promueve-la-salud-bucal-en-ninos\/#primaryimage\"},\"thumbnailUrl\":\"https:\/\/www.nexoinformativo.mx\/wp-content\/uploads\/2024\/11\/IMG_7583-e1731081332236.jpg\",\"datePublished\":\"2024-11-08T15:30:50+00:00\",\"dateModified\":\"2024-11-08T15:57:08+00:00\",\"description\":\"Dibujando Sonrisas: M\u00e9xico promueve la salud bucal en ni\u00f1os\",\"breadcrumb\":{\"@id\":\"https:\/\/www.nexoinformativo.mx\/index.php\/2024\/11\/08\/dibujando-sonrisas-mexico-promueve-la-salud-bucal-en-ninos\/#breadcrumb\"},\"inLanguage\":\"es\",\"potentialAction\":[{\"@type\":\"ReadAction\",\"target\":[\"https:\/\/www.nexoinformativo.mx\/index.php\/2024\/11\/08\/dibujando-sonrisas-mexico-promueve-la-salud-bucal-en-ninos\/\"]}]},{\"@type\":\"ImageObject\",\"inLanguage\":\"es\",\"@id\":\"https:\/\/www.nexoinformativo.mx\/index.php\/2024\/11\/08\/dibujando-sonrisas-mexico-promueve-la-salud-bucal-en-ninos\/#primaryimage\",\"url\":\"https:\/\/www.nexoinformativo.mx\/wp-content\/uploads\/2024\/11\/IMG_7583-e1731081332236.jpg\",\"contentUrl\":\"https:\/\/www.nexoinformativo.mx\/wp-content\/uploads\/2024\/11\/IMG_7583-e1731081332236.jpg\",\"width\":800,\"height\":534},{\"@type\":\"BreadcrumbList\",\"@id\":\"https:\/\/www.nexoinformativo.mx\/index.php\/2024\/11\/08\/dibujando-sonrisas-mexico-promueve-la-salud-bucal-en-ninos\/#breadcrumb\",\"itemListElement\":[{\"@type\":\"ListItem\",\"position\":1,\"name\":\"Inicio\",\"item\":\"https:\/\/www.nexoinformativo.mx\/\"},{\"@type\":\"ListItem\",\"position\":2,\"name\":\"Dibujando Sonrisas: M\u00e9xico promueve la salud bucal en ni\u00f1os\"}]},{\"@type\":\"WebSite\",\"@id\":\"https:\/\/www.nexoinformativo.mx\/#website\",\"url\":\"https:\/\/www.nexoinformativo.mx\/\",\"name\":\"Nexo Informativo Santiago de Quer\u00e9taro\",\"description\":\"Explora NexoInformativo y convi\u00e9rtete en parte de una comunidad que valora el conocimiento y la verdad. Tu nexoinformativo es tu puente hacia una comprensi\u00f3n m\u00e1s profunda del mundo que te rodea.\",\"publisher\":{\"@id\":\"https:\/\/www.nexoinformativo.mx\/#organization\"},\"potentialAction\":[{\"@type\":\"SearchAction\",\"target\":{\"@type\":\"EntryPoint\",\"urlTemplate\":\"https:\/\/www.nexoinformativo.mx\/?s={search_term_string}\"},\"query-input\":{\"@type\":\"PropertyValueSpecification\",\"valueRequired\":true,\"valueName\":\"search_term_string\"}}],\"inLanguage\":\"es\"},{\"@type\":\"Organization\",\"@id\":\"https:\/\/www.nexoinformativo.mx\/#organization\",\"name\":\"Nexo Informativo Santiago de Quer\u00e9taro\",\"url\":\"https:\/\/www.nexoinformativo.mx\/\",\"logo\":{\"@type\":\"ImageObject\",\"inLanguage\":\"es\",\"@id\":\"https:\/\/www.nexoinformativo.mx\/#\/schema\/logo\/image\/\",\"url\":\"https:\/\/www.nexoinformativo.mx\/wp-content\/uploads\/2024\/07\/nexoi-trasparente-2.png\",\"contentUrl\":\"https:\/\/www.nexoinformativo.mx\/wp-content\/uploads\/2024\/07\/nexoi-trasparente-2.png\",\"width\":816,\"height\":339,\"caption\":\"Nexo Informativo Santiago de Quer\u00e9taro\"},\"image\":{\"@id\":\"https:\/\/www.nexoinformativo.mx\/#\/schema\/logo\/image\/\"},\"sameAs\":[\"https:\/\/www.facebook.com\/people\/Nexo-Informativo\/61564066885511\/\"]},{\"@type\":\"Person\",\"@id\":\"https:\/\/www.nexoinformativo.mx\/#\/schema\/person\/7749d380ba08c8ca00d7bc76fd907b7d\",\"name\":\"Nexo Informativo\",\"image\":{\"@type\":\"ImageObject\",\"inLanguage\":\"es\",\"@id\":\"https:\/\/www.nexoinformativo.mx\/#\/schema\/person\/image\/\",\"url\":\"https:\/\/secure.gravatar.com\/avatar\/dde2928154642a13d95f87ddf1ea9718fe2b46760a005c53e41ff5ad610704e6?s=96&d=mm&r=g\",\"contentUrl\":\"https:\/\/secure.gravatar.com\/avatar\/dde2928154642a13d95f87ddf1ea9718fe2b46760a005c53e41ff5ad610704e6?s=96&d=mm&r=g\",\"caption\":\"Nexo Informativo\"},\"url\":\"https:\/\/www.nexoinformativo.mx\/index.php\/author\/edicion\/\"}]}<\/script>\n<!-- \/ Yoast SEO plugin. -->","yoast_head_json":{"title":"Dibujando Sonrisas: M\u00e9xico promueve la salud bucal en ni\u00f1os | Nexo Informativo Santiago de Quer\u00e9taro","description":"Dibujando Sonrisas: M\u00e9xico promueve la salud bucal en ni\u00f1os","robots":{"index":"index","follow":"follow","max-snippet":"max-snippet:-1","max-image-preview":"max-image-preview:large","max-video-preview":"max-video-preview:-1"},"canonical":"https:\/\/www.nexoinformativo.mx\/index.php\/2024\/11\/08\/dibujando-sonrisas-mexico-promueve-la-salud-bucal-en-ninos\/","og_locale":"es_MX","og_type":"article","og_title":"Dibujando Sonrisas: M\u00e9xico promueve la salud bucal en ni\u00f1os | Nexo Informativo Santiago de Quer\u00e9taro","og_description":"Dibujando Sonrisas: M\u00e9xico promueve la salud bucal en ni\u00f1os","og_url":"https:\/\/www.nexoinformativo.mx\/index.php\/2024\/11\/08\/dibujando-sonrisas-mexico-promueve-la-salud-bucal-en-ninos\/","og_site_name":"Nexo Informativo Santiago de Quer\u00e9taro","article_publisher":"https:\/\/www.facebook.com\/people\/Nexo-Informativo\/61564066885511\/","article_published_time":"2024-11-08T15:30:50+00:00","article_modified_time":"2024-11-08T15:57:08+00:00","og_image":[{"width":800,"height":534,"url":"https:\/\/www.nexoinformativo.mx\/wp-content\/uploads\/2024\/11\/IMG_7583-e1731081332236.jpg","type":"image\/jpeg"}],"author":"Nexo Informativo","twitter_card":"summary_large_image","twitter_misc":{"Escrito por":"Nexo Informativo","Tiempo de lectura":"2 minutos"},"schema":{"@context":"https:\/\/schema.org","@graph":[{"@type":"Article","@id":"https:\/\/www.nexoinformativo.mx\/index.php\/2024\/11\/08\/dibujando-sonrisas-mexico-promueve-la-salud-bucal-en-ninos\/#article","isPartOf":{"@id":"https:\/\/www.nexoinformativo.mx\/index.php\/2024\/11\/08\/dibujando-sonrisas-mexico-promueve-la-salud-bucal-en-ninos\/"},"author":{"name":"Nexo Informativo","@id":"https:\/\/www.nexoinformativo.mx\/#\/schema\/person\/7749d380ba08c8ca00d7bc76fd907b7d"},"headline":"Dibujando Sonrisas: M\u00e9xico promueve la salud bucal en ni\u00f1os","datePublished":"2024-11-08T15:30:50+00:00","dateModified":"2024-11-08T15:57:08+00:00","mainEntityOfPage":{"@id":"https:\/\/www.nexoinformativo.mx\/index.php\/2024\/11\/08\/dibujando-sonrisas-mexico-promueve-la-salud-bucal-en-ninos\/"},"wordCount":250,"commentCount":0,"publisher":{"@id":"https:\/\/www.nexoinformativo.mx\/#organization"},"image":{"@id":"https:\/\/www.nexoinformativo.mx\/index.php\/2024\/11\/08\/dibujando-sonrisas-mexico-promueve-la-salud-bucal-en-ninos\/#primaryimage"},"thumbnailUrl":"https:\/\/www.nexoinformativo.mx\/wp-content\/uploads\/2024\/11\/IMG_7583-e1731081332236.jpg","keywords":["DibujandoSonrisas","Ni\u00f1osSaludables","Prevenci\u00f3n","SaludBucal"],"articleSection":["Nacional","\u00daltima Hora"],"inLanguage":"es","potentialAction":[{"@type":"CommentAction","name":"Comment","target":["https:\/\/www.nexoinformativo.mx\/index.php\/2024\/11\/08\/dibujando-sonrisas-mexico-promueve-la-salud-bucal-en-ninos\/#respond"]}]},{"@type":"WebPage","@id":"https:\/\/www.nexoinformativo.mx\/index.php\/2024\/11\/08\/dibujando-sonrisas-mexico-promueve-la-salud-bucal-en-ninos\/","url":"https:\/\/www.nexoinformativo.mx\/index.php\/2024\/11\/08\/dibujando-sonrisas-mexico-promueve-la-salud-bucal-en-ninos\/","name":"Dibujando Sonrisas: M\u00e9xico promueve la salud bucal en ni\u00f1os | Nexo Informativo Santiago de Quer\u00e9taro","isPartOf":{"@id":"https:\/\/www.nexoinformativo.mx\/#website"},"primaryImageOfPage":{"@id":"https:\/\/www.nexoinformativo.mx\/index.php\/2024\/11\/08\/dibujando-sonrisas-mexico-promueve-la-salud-bucal-en-ninos\/#primaryimage"},"image":{"@id":"https:\/\/www.nexoinformativo.mx\/index.php\/2024\/11\/08\/dibujando-sonrisas-mexico-promueve-la-salud-bucal-en-ninos\/#primaryimage"},"thumbnailUrl":"https:\/\/www.nexoinformativo.mx\/wp-content\/uploads\/2024\/11\/IMG_7583-e1731081332236.jpg","datePublished":"2024-11-08T15:30:50+00:00","dateModified":"2024-11-08T15:57:08+00:00","description":"Dibujando Sonrisas: M\u00e9xico promueve la salud bucal en ni\u00f1os","breadcrumb":{"@id":"https:\/\/www.nexoinformativo.mx\/index.php\/2024\/11\/08\/dibujando-sonrisas-mexico-promueve-la-salud-bucal-en-ninos\/#breadcrumb"},"inLanguage":"es","potentialAction":[{"@type":"ReadAction","target":["https:\/\/www.nexoinformativo.mx\/index.php\/2024\/11\/08\/dibujando-sonrisas-mexico-promueve-la-salud-bucal-en-ninos\/"]}]},{"@type":"ImageObject","inLanguage":"es","@id":"https:\/\/www.nexoinformativo.mx\/index.php\/2024\/11\/08\/dibujando-sonrisas-mexico-promueve-la-salud-bucal-en-ninos\/#primaryimage","url":"https:\/\/www.nexoinformativo.mx\/wp-content\/uploads\/2024\/11\/IMG_7583-e1731081332236.jpg","contentUrl":"https:\/\/www.nexoinformativo.mx\/wp-content\/uploads\/2024\/11\/IMG_7583-e1731081332236.jpg","width":800,"height":534},{"@type":"BreadcrumbList","@id":"https:\/\/www.nexoinformativo.mx\/index.php\/2024\/11\/08\/dibujando-sonrisas-mexico-promueve-la-salud-bucal-en-ninos\/#breadcrumb","itemListElement":[{"@type":"ListItem","position":1,"name":"Inicio","item":"https:\/\/www.nexoinformativo.mx\/"},{"@type":"ListItem","position":2,"name":"Dibujando Sonrisas: M\u00e9xico promueve la salud bucal en ni\u00f1os"}]},{"@type":"WebSite","@id":"https:\/\/www.nexoinformativo.mx\/#website","url":"https:\/\/www.nexoinformativo.mx\/","name":"Nexo Informativo Santiago de Quer\u00e9taro","description":"Explora NexoInformativo y convi\u00e9rtete en parte de una comunidad que valora el conocimiento y la verdad. Tu nexoinformativo es tu puente hacia una comprensi\u00f3n m\u00e1s profunda del mundo que te rodea.","publisher":{"@id":"https:\/\/www.nexoinformativo.mx\/#organization"},"potentialAction":[{"@type":"SearchAction","target":{"@type":"EntryPoint","urlTemplate":"https:\/\/www.nexoinformativo.mx\/?s={search_term_string}"},"query-input":{"@type":"PropertyValueSpecification","valueRequired":true,"valueName":"search_term_string"}}],"inLanguage":"es"},{"@type":"Organization","@id":"https:\/\/www.nexoinformativo.mx\/#organization","name":"Nexo Informativo Santiago de Quer\u00e9taro","url":"https:\/\/www.nexoinformativo.mx\/","logo":{"@type":"ImageObject","inLanguage":"es","@id":"https:\/\/www.nexoinformativo.mx\/#\/schema\/logo\/image\/","url":"https:\/\/www.nexoinformativo.mx\/wp-content\/uploads\/2024\/07\/nexoi-trasparente-2.png","contentUrl":"https:\/\/www.nexoinformativo.mx\/wp-content\/uploads\/2024\/07\/nexoi-trasparente-2.png","width":816,"height":339,"caption":"Nexo Informativo Santiago de Quer\u00e9taro"},"image":{"@id":"https:\/\/www.nexoinformativo.mx\/#\/schema\/logo\/image\/"},"sameAs":["https:\/\/www.facebook.com\/people\/Nexo-Informativo\/61564066885511\/"]},{"@type":"Person","@id":"https:\/\/www.nexoinformativo.mx\/#\/schema\/person\/7749d380ba08c8ca00d7bc76fd907b7d","name":"Nexo Informativo","image":{"@type":"ImageObject","inLanguage":"es","@id":"https:\/\/www.nexoinformativo.mx\/#\/schema\/person\/image\/","url":"https:\/\/secure.gravatar.com\/avatar\/dde2928154642a13d95f87ddf1ea9718fe2b46760a005c53e41ff5ad610704e6?s=96&d=mm&r=g","contentUrl":"https:\/\/secure.gravatar.com\/avatar\/dde2928154642a13d95f87ddf1ea9718fe2b46760a005c53e41ff5ad610704e6?s=96&d=mm&r=g","caption":"Nexo Informativo"},"url":"https:\/\/www.nexoinformativo.mx\/index.php\/author\/edicion\/"}]}},"_links":{"self":[{"href":"https:\/\/www.nexoinformativo.mx\/index.php\/wp-json\/wp\/v2\/posts\/5634","targetHints":{"allow":["GET"]}}],"collection":[{"href":"https:\/\/www.nexoinformativo.mx\/index.php\/wp-json\/wp\/v2\/posts"}],"about":[{"href":"https:\/\/www.nexoinformativo.mx\/index.php\/wp-json\/wp\/v2\/types\/post"}],"author":[{"embeddable":true,"href":"https:\/\/www.nexoinformativo.mx\/index.php\/wp-json\/wp\/v2\/users\/3"}],"replies":[{"embeddable":true,"href":"https:\/\/www.nexoinformativo.mx\/index.php\/wp-json\/wp\/v2\/comments?post=5634"}],"version-history":[{"count":6,"href":"https:\/\/www.nexoinformativo.mx\/index.php\/wp-json\/wp\/v2\/posts\/5634\/revisions"}],"predecessor-version":[{"id":5638,"href":"https:\/\/www.nexoinformativo.mx\/index.php\/wp-json\/wp\/v2\/posts\/5634\/revisions\/5638"}],"wp:featuredmedia":[{"embeddable":true,"href":"https:\/\/www.nexoinformativo.mx\/index.php\/wp-json\/wp\/v2\/media\/5635"}],"wp:attachment":[{"href":"https:\/\/www.nexoinformativo.mx\/index.php\/wp-json\/wp\/v2\/media?parent=5634"}],"wp:term":[{"taxonomy":"category","embeddable":true,"href":"https:\/\/www.nexoinformativo.mx\/index.php\/wp-json\/wp\/v2\/categories?post=5634"},{"taxonomy":"post_tag","embeddable":true,"href":"https:\/\/www.nexoinformativo.mx\/index.php\/wp-json\/wp\/v2\/tags?post=5634"}],"curies":[{"name":"wp","href":"https:\/\/api.w.org\/{rel}","templated":true}]}}