{"id":5664,"date":"2024-11-08T13:00:24","date_gmt":"2024-11-08T19:00:24","guid":{"rendered":"https:\/\/www.nexoinformativo.mx\/?p=5664"},"modified":"2024-11-08T14:46:02","modified_gmt":"2024-11-08T20:46:02","slug":"el-pan-evaluara-viabilidad-de-alianzas-con-partidos-politico","status":"publish","type":"post","link":"https:\/\/www.nexoinformativo.mx\/index.php\/2024\/11\/08\/el-pan-evaluara-viabilidad-de-alianzas-con-partidos-politico\/","title":{"rendered":"El PAN evaluar\u00e1 viabilidad de alianzas con partidos pol\u00edtico"},"content":{"rendered":"<p style=\"text-align: justify;\">Mart\u00edn Arango, candidato de unidad a la Presidencia del Comit\u00e9 Directivo Estatal del Partido Acci\u00f3n Nacional (PAN) en Quer\u00e9taro, anunci\u00f3 que la militancia ha solicitado una revisi\u00f3n profunda de las alianzas con otros partidos pol\u00edticos. El objetivo es identificar si estas alianzas han ofrecido resultados positivos o no.<\/p>\n<p>&nbsp;<\/p>\n<p style=\"text-align: justify;\">Arango indic\u00f3 que se evaluar\u00e1 si las alianzas son necesarias e indispensables y si existe alguna opci\u00f3n pol\u00edtica con la que el PAN deba unirse. Coment\u00f3 que actualmente no se tiene una evaluaci\u00f3n certera de cu\u00e1les alianzas funcionaron y cu\u00e1les no, y que este an\u00e1lisis es necesario.<\/p>\n<p>&nbsp;<\/p>\n<p style=\"text-align: justify;\">El candidato mencion\u00f3 que en las elecciones pasadas, algunas alianzas con partidos pol\u00edticos dieron resultados positivos, pero otras no. Cit\u00f3 ejemplos en Amealco y Col\u00f3n, donde los candidatos postulados mediante alianza con el PRI estaban &#8220;muy mal evaluados&#8221;.<\/p>\n<p>&nbsp;<\/p>\n<p style=\"text-align: justify;\">La militancia del PAN exige m\u00e1s presencia permanente de la dirigencia en los municipios para lograr mayor cohesi\u00f3n y uni\u00f3n en el partido. Arango planea recorrer los municipios y comit\u00e9s locales para fortalecer la presencia del PAN.<\/p>\n<p style=\"text-align: justify;\">Mart\u00edn Arango entrar\u00e1 en funciones el 15 de noviembre, cuatro d\u00edas despu\u00e9s del proceso de elecci\u00f3n. Posteriormente, realizar\u00e1 un proceso de planeaci\u00f3n para los pr\u00f3ximos tres a\u00f1os de su gesti\u00f3n al frente del Comit\u00e9 Directivo Estatal del PAN.<\/p>\n<p>&nbsp;<\/p>\n<p style=\"text-align: center;\"><em><strong>\u00a1Informaci\u00f3n que transforma!<\/strong><\/em><\/p>\n","protected":false},"excerpt":{"rendered":"<p>Mart\u00edn Arango, candidato de unidad a la Presidencia del Comit\u00e9 Directivo Estatal del Partido Acci\u00f3n Nacional (PAN) en Quer\u00e9taro, anunci\u00f3 que la militancia ha solicitado una revisi\u00f3n profunda de las alianzas con otros partidos pol\u00edticos<\/p>\n","protected":false},"author":3,"featured_media":5665,"comment_status":"open","ping_status":"open","sticky":false,"template":"","format":"standard","meta":{"footnotes":""},"categories":[21,58],"tags":[1940,554,1941,766],"class_list":["post-5664","post","type-post","status-publish","format-standard","has-post-thumbnail","hentry","category-politica","category-ultima-hora","tag-alianzaspoliticas","tag-elecciones2024","tag-martinarango","tag-panqueretaro"],"yoast_head":"<!-- This site is optimized with the Yoast SEO plugin v25.0 - https:\/\/yoast.com\/wordpress\/plugins\/seo\/ -->\n<title>El PAN evaluar\u00e1 viabilidad de alianzas con partidos pol\u00edtico | Nexo Informativo Santiago de Quer\u00e9taro<\/title>\n<meta name=\"description\" content=\"El PAN evaluar\u00e1 viabilidad de alianzas con partidos pol\u00edtico\" \/>\n<meta name=\"robots\" content=\"index, follow, max-snippet:-1, max-image-preview:large, max-video-preview:-1\" \/>\n<link rel=\"canonical\" href=\"https:\/\/www.nexoinformativo.mx\/index.php\/2024\/11\/08\/el-pan-evaluara-viabilidad-de-alianzas-con-partidos-politico\/\" \/>\n<meta property=\"og:locale\" content=\"es_MX\" \/>\n<meta property=\"og:type\" content=\"article\" \/>\n<meta property=\"og:title\" content=\"El PAN evaluar\u00e1 viabilidad de alianzas con partidos pol\u00edtico | Nexo Informativo Santiago de Quer\u00e9taro\" \/>\n<meta property=\"og:description\" content=\"El PAN evaluar\u00e1 viabilidad de alianzas con partidos pol\u00edtico\" \/>\n<meta property=\"og:url\" content=\"https:\/\/www.nexoinformativo.mx\/index.php\/2024\/11\/08\/el-pan-evaluara-viabilidad-de-alianzas-con-partidos-politico\/\" \/>\n<meta property=\"og:site_name\" content=\"Nexo Informativo Santiago de Quer\u00e9taro\" \/>\n<meta property=\"article:publisher\" content=\"https:\/\/www.facebook.com\/people\/Nexo-Informativo\/61564066885511\/\" \/>\n<meta property=\"article:published_time\" content=\"2024-11-08T19:00:24+00:00\" \/>\n<meta property=\"article:modified_time\" content=\"2024-11-08T20:46:02+00:00\" \/>\n<meta property=\"og:image\" content=\"https:\/\/www.nexoinformativo.mx\/wp-content\/uploads\/2024\/11\/PHOTO-2024-11-08-13-05-01-2-e1731098525695.jpg\" \/>\n\t<meta property=\"og:image:width\" content=\"700\" \/>\n\t<meta property=\"og:image:height\" content=\"315\" \/>\n\t<meta property=\"og:image:type\" content=\"image\/jpeg\" \/>\n<meta name=\"author\" content=\"Nexo Informativo\" \/>\n<meta name=\"twitter:card\" content=\"summary_large_image\" \/>\n<meta name=\"twitter:label1\" content=\"Escrito por\" \/>\n\t<meta name=\"twitter:data1\" content=\"Nexo Informativo\" \/>\n\t<meta name=\"twitter:label2\" content=\"Tiempo de lectura\" \/>\n\t<meta name=\"twitter:data2\" content=\"2 minutos\" \/>\n<script type=\"application\/ld+json\" class=\"yoast-schema-graph\">{\"@context\":\"https:\/\/schema.org\",\"@graph\":[{\"@type\":\"Article\",\"@id\":\"https:\/\/www.nexoinformativo.mx\/index.php\/2024\/11\/08\/el-pan-evaluara-viabilidad-de-alianzas-con-partidos-politico\/#article\",\"isPartOf\":{\"@id\":\"https:\/\/www.nexoinformativo.mx\/index.php\/2024\/11\/08\/el-pan-evaluara-viabilidad-de-alianzas-con-partidos-politico\/\"},\"author\":{\"name\":\"Nexo Informativo\",\"@id\":\"https:\/\/www.nexoinformativo.mx\/#\/schema\/person\/7749d380ba08c8ca00d7bc76fd907b7d\"},\"headline\":\"El PAN evaluar\u00e1 viabilidad de alianzas con partidos pol\u00edtico\",\"datePublished\":\"2024-11-08T19:00:24+00:00\",\"dateModified\":\"2024-11-08T20:46:02+00:00\",\"mainEntityOfPage\":{\"@id\":\"https:\/\/www.nexoinformativo.mx\/index.php\/2024\/11\/08\/el-pan-evaluara-viabilidad-de-alianzas-con-partidos-politico\/\"},\"wordCount\":250,\"commentCount\":0,\"publisher\":{\"@id\":\"https:\/\/www.nexoinformativo.mx\/#organization\"},\"image\":{\"@id\":\"https:\/\/www.nexoinformativo.mx\/index.php\/2024\/11\/08\/el-pan-evaluara-viabilidad-de-alianzas-con-partidos-politico\/#primaryimage\"},\"thumbnailUrl\":\"https:\/\/www.nexoinformativo.mx\/wp-content\/uploads\/2024\/11\/PHOTO-2024-11-08-13-05-01-2-e1731098525695.jpg\",\"keywords\":[\"AlianzasPol\u00edticas\",\"Elecciones2024\",\"Mart\u00ednArango\",\"PANQuer\u00e9taro\"],\"articleSection\":[\"Pol\u00edtica\",\"\u00daltima Hora\"],\"inLanguage\":\"es\",\"potentialAction\":[{\"@type\":\"CommentAction\",\"name\":\"Comment\",\"target\":[\"https:\/\/www.nexoinformativo.mx\/index.php\/2024\/11\/08\/el-pan-evaluara-viabilidad-de-alianzas-con-partidos-politico\/#respond\"]}]},{\"@type\":\"WebPage\",\"@id\":\"https:\/\/www.nexoinformativo.mx\/index.php\/2024\/11\/08\/el-pan-evaluara-viabilidad-de-alianzas-con-partidos-politico\/\",\"url\":\"https:\/\/www.nexoinformativo.mx\/index.php\/2024\/11\/08\/el-pan-evaluara-viabilidad-de-alianzas-con-partidos-politico\/\",\"name\":\"El PAN evaluar\u00e1 viabilidad de alianzas con partidos pol\u00edtico | Nexo Informativo Santiago de Quer\u00e9taro\",\"isPartOf\":{\"@id\":\"https:\/\/www.nexoinformativo.mx\/#website\"},\"primaryImageOfPage\":{\"@id\":\"https:\/\/www.nexoinformativo.mx\/index.php\/2024\/11\/08\/el-pan-evaluara-viabilidad-de-alianzas-con-partidos-politico\/#primaryimage\"},\"image\":{\"@id\":\"https:\/\/www.nexoinformativo.mx\/index.php\/2024\/11\/08\/el-pan-evaluara-viabilidad-de-alianzas-con-partidos-politico\/#primaryimage\"},\"thumbnailUrl\":\"https:\/\/www.nexoinformativo.mx\/wp-content\/uploads\/2024\/11\/PHOTO-2024-11-08-13-05-01-2-e1731098525695.jpg\",\"datePublished\":\"2024-11-08T19:00:24+00:00\",\"dateModified\":\"2024-11-08T20:46:02+00:00\",\"description\":\"El PAN evaluar\u00e1 viabilidad de alianzas con partidos pol\u00edtico\",\"breadcrumb\":{\"@id\":\"https:\/\/www.nexoinformativo.mx\/index.php\/2024\/11\/08\/el-pan-evaluara-viabilidad-de-alianzas-con-partidos-politico\/#breadcrumb\"},\"inLanguage\":\"es\",\"potentialAction\":[{\"@type\":\"ReadAction\",\"target\":[\"https:\/\/www.nexoinformativo.mx\/index.php\/2024\/11\/08\/el-pan-evaluara-viabilidad-de-alianzas-con-partidos-politico\/\"]}]},{\"@type\":\"ImageObject\",\"inLanguage\":\"es\",\"@id\":\"https:\/\/www.nexoinformativo.mx\/index.php\/2024\/11\/08\/el-pan-evaluara-viabilidad-de-alianzas-con-partidos-politico\/#primaryimage\",\"url\":\"https:\/\/www.nexoinformativo.mx\/wp-content\/uploads\/2024\/11\/PHOTO-2024-11-08-13-05-01-2-e1731098525695.jpg\",\"contentUrl\":\"https:\/\/www.nexoinformativo.mx\/wp-content\/uploads\/2024\/11\/PHOTO-2024-11-08-13-05-01-2-e1731098525695.jpg\",\"width\":700,\"height\":315},{\"@type\":\"BreadcrumbList\",\"@id\":\"https:\/\/www.nexoinformativo.mx\/index.php\/2024\/11\/08\/el-pan-evaluara-viabilidad-de-alianzas-con-partidos-politico\/#breadcrumb\",\"itemListElement\":[{\"@type\":\"ListItem\",\"position\":1,\"name\":\"Inicio\",\"item\":\"https:\/\/www.nexoinformativo.mx\/\"},{\"@type\":\"ListItem\",\"position\":2,\"name\":\"El PAN evaluar\u00e1 viabilidad de alianzas con partidos pol\u00edtico\"}]},{\"@type\":\"WebSite\",\"@id\":\"https:\/\/www.nexoinformativo.mx\/#website\",\"url\":\"https:\/\/www.nexoinformativo.mx\/\",\"name\":\"Nexo Informativo Santiago de Quer\u00e9taro\",\"description\":\"Explora NexoInformativo y convi\u00e9rtete en parte de una comunidad que valora el conocimiento y la verdad. Tu nexoinformativo es tu puente hacia una comprensi\u00f3n m\u00e1s profunda del mundo que te rodea.\",\"publisher\":{\"@id\":\"https:\/\/www.nexoinformativo.mx\/#organization\"},\"potentialAction\":[{\"@type\":\"SearchAction\",\"target\":{\"@type\":\"EntryPoint\",\"urlTemplate\":\"https:\/\/www.nexoinformativo.mx\/?s={search_term_string}\"},\"query-input\":{\"@type\":\"PropertyValueSpecification\",\"valueRequired\":true,\"valueName\":\"search_term_string\"}}],\"inLanguage\":\"es\"},{\"@type\":\"Organization\",\"@id\":\"https:\/\/www.nexoinformativo.mx\/#organization\",\"name\":\"Nexo Informativo Santiago de Quer\u00e9taro\",\"url\":\"https:\/\/www.nexoinformativo.mx\/\",\"logo\":{\"@type\":\"ImageObject\",\"inLanguage\":\"es\",\"@id\":\"https:\/\/www.nexoinformativo.mx\/#\/schema\/logo\/image\/\",\"url\":\"https:\/\/www.nexoinformativo.mx\/wp-content\/uploads\/2024\/07\/nexoi-trasparente-2.png\",\"contentUrl\":\"https:\/\/www.nexoinformativo.mx\/wp-content\/uploads\/2024\/07\/nexoi-trasparente-2.png\",\"width\":816,\"height\":339,\"caption\":\"Nexo Informativo Santiago de Quer\u00e9taro\"},\"image\":{\"@id\":\"https:\/\/www.nexoinformativo.mx\/#\/schema\/logo\/image\/\"},\"sameAs\":[\"https:\/\/www.facebook.com\/people\/Nexo-Informativo\/61564066885511\/\"]},{\"@type\":\"Person\",\"@id\":\"https:\/\/www.nexoinformativo.mx\/#\/schema\/person\/7749d380ba08c8ca00d7bc76fd907b7d\",\"name\":\"Nexo Informativo\",\"image\":{\"@type\":\"ImageObject\",\"inLanguage\":\"es\",\"@id\":\"https:\/\/www.nexoinformativo.mx\/#\/schema\/person\/image\/\",\"url\":\"https:\/\/secure.gravatar.com\/avatar\/dde2928154642a13d95f87ddf1ea9718fe2b46760a005c53e41ff5ad610704e6?s=96&d=mm&r=g\",\"contentUrl\":\"https:\/\/secure.gravatar.com\/avatar\/dde2928154642a13d95f87ddf1ea9718fe2b46760a005c53e41ff5ad610704e6?s=96&d=mm&r=g\",\"caption\":\"Nexo Informativo\"},\"url\":\"https:\/\/www.nexoinformativo.mx\/index.php\/author\/edicion\/\"}]}<\/script>\n<!-- \/ Yoast SEO plugin. -->","yoast_head_json":{"title":"El PAN evaluar\u00e1 viabilidad de alianzas con partidos pol\u00edtico | Nexo Informativo Santiago de Quer\u00e9taro","description":"El PAN evaluar\u00e1 viabilidad de alianzas con partidos pol\u00edtico","robots":{"index":"index","follow":"follow","max-snippet":"max-snippet:-1","max-image-preview":"max-image-preview:large","max-video-preview":"max-video-preview:-1"},"canonical":"https:\/\/www.nexoinformativo.mx\/index.php\/2024\/11\/08\/el-pan-evaluara-viabilidad-de-alianzas-con-partidos-politico\/","og_locale":"es_MX","og_type":"article","og_title":"El PAN evaluar\u00e1 viabilidad de alianzas con partidos pol\u00edtico | Nexo Informativo Santiago de Quer\u00e9taro","og_description":"El PAN evaluar\u00e1 viabilidad de alianzas con partidos pol\u00edtico","og_url":"https:\/\/www.nexoinformativo.mx\/index.php\/2024\/11\/08\/el-pan-evaluara-viabilidad-de-alianzas-con-partidos-politico\/","og_site_name":"Nexo Informativo Santiago de Quer\u00e9taro","article_publisher":"https:\/\/www.facebook.com\/people\/Nexo-Informativo\/61564066885511\/","article_published_time":"2024-11-08T19:00:24+00:00","article_modified_time":"2024-11-08T20:46:02+00:00","og_image":[{"width":700,"height":315,"url":"https:\/\/www.nexoinformativo.mx\/wp-content\/uploads\/2024\/11\/PHOTO-2024-11-08-13-05-01-2-e1731098525695.jpg","type":"image\/jpeg"}],"author":"Nexo Informativo","twitter_card":"summary_large_image","twitter_misc":{"Escrito por":"Nexo Informativo","Tiempo de lectura":"2 minutos"},"schema":{"@context":"https:\/\/schema.org","@graph":[{"@type":"Article","@id":"https:\/\/www.nexoinformativo.mx\/index.php\/2024\/11\/08\/el-pan-evaluara-viabilidad-de-alianzas-con-partidos-politico\/#article","isPartOf":{"@id":"https:\/\/www.nexoinformativo.mx\/index.php\/2024\/11\/08\/el-pan-evaluara-viabilidad-de-alianzas-con-partidos-politico\/"},"author":{"name":"Nexo Informativo","@id":"https:\/\/www.nexoinformativo.mx\/#\/schema\/person\/7749d380ba08c8ca00d7bc76fd907b7d"},"headline":"El PAN evaluar\u00e1 viabilidad de alianzas con partidos pol\u00edtico","datePublished":"2024-11-08T19:00:24+00:00","dateModified":"2024-11-08T20:46:02+00:00","mainEntityOfPage":{"@id":"https:\/\/www.nexoinformativo.mx\/index.php\/2024\/11\/08\/el-pan-evaluara-viabilidad-de-alianzas-con-partidos-politico\/"},"wordCount":250,"commentCount":0,"publisher":{"@id":"https:\/\/www.nexoinformativo.mx\/#organization"},"image":{"@id":"https:\/\/www.nexoinformativo.mx\/index.php\/2024\/11\/08\/el-pan-evaluara-viabilidad-de-alianzas-con-partidos-politico\/#primaryimage"},"thumbnailUrl":"https:\/\/www.nexoinformativo.mx\/wp-content\/uploads\/2024\/11\/PHOTO-2024-11-08-13-05-01-2-e1731098525695.jpg","keywords":["AlianzasPol\u00edticas","Elecciones2024","Mart\u00ednArango","PANQuer\u00e9taro"],"articleSection":["Pol\u00edtica","\u00daltima Hora"],"inLanguage":"es","potentialAction":[{"@type":"CommentAction","name":"Comment","target":["https:\/\/www.nexoinformativo.mx\/index.php\/2024\/11\/08\/el-pan-evaluara-viabilidad-de-alianzas-con-partidos-politico\/#respond"]}]},{"@type":"WebPage","@id":"https:\/\/www.nexoinformativo.mx\/index.php\/2024\/11\/08\/el-pan-evaluara-viabilidad-de-alianzas-con-partidos-politico\/","url":"https:\/\/www.nexoinformativo.mx\/index.php\/2024\/11\/08\/el-pan-evaluara-viabilidad-de-alianzas-con-partidos-politico\/","name":"El PAN evaluar\u00e1 viabilidad de alianzas con partidos pol\u00edtico | Nexo Informativo Santiago de Quer\u00e9taro","isPartOf":{"@id":"https:\/\/www.nexoinformativo.mx\/#website"},"primaryImageOfPage":{"@id":"https:\/\/www.nexoinformativo.mx\/index.php\/2024\/11\/08\/el-pan-evaluara-viabilidad-de-alianzas-con-partidos-politico\/#primaryimage"},"image":{"@id":"https:\/\/www.nexoinformativo.mx\/index.php\/2024\/11\/08\/el-pan-evaluara-viabilidad-de-alianzas-con-partidos-politico\/#primaryimage"},"thumbnailUrl":"https:\/\/www.nexoinformativo.mx\/wp-content\/uploads\/2024\/11\/PHOTO-2024-11-08-13-05-01-2-e1731098525695.jpg","datePublished":"2024-11-08T19:00:24+00:00","dateModified":"2024-11-08T20:46:02+00:00","description":"El PAN evaluar\u00e1 viabilidad de alianzas con partidos pol\u00edtico","breadcrumb":{"@id":"https:\/\/www.nexoinformativo.mx\/index.php\/2024\/11\/08\/el-pan-evaluara-viabilidad-de-alianzas-con-partidos-politico\/#breadcrumb"},"inLanguage":"es","potentialAction":[{"@type":"ReadAction","target":["https:\/\/www.nexoinformativo.mx\/index.php\/2024\/11\/08\/el-pan-evaluara-viabilidad-de-alianzas-con-partidos-politico\/"]}]},{"@type":"ImageObject","inLanguage":"es","@id":"https:\/\/www.nexoinformativo.mx\/index.php\/2024\/11\/08\/el-pan-evaluara-viabilidad-de-alianzas-con-partidos-politico\/#primaryimage","url":"https:\/\/www.nexoinformativo.mx\/wp-content\/uploads\/2024\/11\/PHOTO-2024-11-08-13-05-01-2-e1731098525695.jpg","contentUrl":"https:\/\/www.nexoinformativo.mx\/wp-content\/uploads\/2024\/11\/PHOTO-2024-11-08-13-05-01-2-e1731098525695.jpg","width":700,"height":315},{"@type":"BreadcrumbList","@id":"https:\/\/www.nexoinformativo.mx\/index.php\/2024\/11\/08\/el-pan-evaluara-viabilidad-de-alianzas-con-partidos-politico\/#breadcrumb","itemListElement":[{"@type":"ListItem","position":1,"name":"Inicio","item":"https:\/\/www.nexoinformativo.mx\/"},{"@type":"ListItem","position":2,"name":"El PAN evaluar\u00e1 viabilidad de alianzas con partidos pol\u00edtico"}]},{"@type":"WebSite","@id":"https:\/\/www.nexoinformativo.mx\/#website","url":"https:\/\/www.nexoinformativo.mx\/","name":"Nexo Informativo Santiago de Quer\u00e9taro","description":"Explora NexoInformativo y convi\u00e9rtete en parte de una comunidad que valora el conocimiento y la verdad. Tu nexoinformativo es tu puente hacia una comprensi\u00f3n m\u00e1s profunda del mundo que te rodea.","publisher":{"@id":"https:\/\/www.nexoinformativo.mx\/#organization"},"potentialAction":[{"@type":"SearchAction","target":{"@type":"EntryPoint","urlTemplate":"https:\/\/www.nexoinformativo.mx\/?s={search_term_string}"},"query-input":{"@type":"PropertyValueSpecification","valueRequired":true,"valueName":"search_term_string"}}],"inLanguage":"es"},{"@type":"Organization","@id":"https:\/\/www.nexoinformativo.mx\/#organization","name":"Nexo Informativo Santiago de Quer\u00e9taro","url":"https:\/\/www.nexoinformativo.mx\/","logo":{"@type":"ImageObject","inLanguage":"es","@id":"https:\/\/www.nexoinformativo.mx\/#\/schema\/logo\/image\/","url":"https:\/\/www.nexoinformativo.mx\/wp-content\/uploads\/2024\/07\/nexoi-trasparente-2.png","contentUrl":"https:\/\/www.nexoinformativo.mx\/wp-content\/uploads\/2024\/07\/nexoi-trasparente-2.png","width":816,"height":339,"caption":"Nexo Informativo Santiago de Quer\u00e9taro"},"image":{"@id":"https:\/\/www.nexoinformativo.mx\/#\/schema\/logo\/image\/"},"sameAs":["https:\/\/www.facebook.com\/people\/Nexo-Informativo\/61564066885511\/"]},{"@type":"Person","@id":"https:\/\/www.nexoinformativo.mx\/#\/schema\/person\/7749d380ba08c8ca00d7bc76fd907b7d","name":"Nexo Informativo","image":{"@type":"ImageObject","inLanguage":"es","@id":"https:\/\/www.nexoinformativo.mx\/#\/schema\/person\/image\/","url":"https:\/\/secure.gravatar.com\/avatar\/dde2928154642a13d95f87ddf1ea9718fe2b46760a005c53e41ff5ad610704e6?s=96&d=mm&r=g","contentUrl":"https:\/\/secure.gravatar.com\/avatar\/dde2928154642a13d95f87ddf1ea9718fe2b46760a005c53e41ff5ad610704e6?s=96&d=mm&r=g","caption":"Nexo Informativo"},"url":"https:\/\/www.nexoinformativo.mx\/index.php\/author\/edicion\/"}]}},"_links":{"self":[{"href":"https:\/\/www.nexoinformativo.mx\/index.php\/wp-json\/wp\/v2\/posts\/5664","targetHints":{"allow":["GET"]}}],"collection":[{"href":"https:\/\/www.nexoinformativo.mx\/index.php\/wp-json\/wp\/v2\/posts"}],"about":[{"href":"https:\/\/www.nexoinformativo.mx\/index.php\/wp-json\/wp\/v2\/types\/post"}],"author":[{"embeddable":true,"href":"https:\/\/www.nexoinformativo.mx\/index.php\/wp-json\/wp\/v2\/users\/3"}],"replies":[{"embeddable":true,"href":"https:\/\/www.nexoinformativo.mx\/index.php\/wp-json\/wp\/v2\/comments?post=5664"}],"version-history":[{"count":6,"href":"https:\/\/www.nexoinformativo.mx\/index.php\/wp-json\/wp\/v2\/posts\/5664\/revisions"}],"predecessor-version":[{"id":5667,"href":"https:\/\/www.nexoinformativo.mx\/index.php\/wp-json\/wp\/v2\/posts\/5664\/revisions\/5667"}],"wp:featuredmedia":[{"embeddable":true,"href":"https:\/\/www.nexoinformativo.mx\/index.php\/wp-json\/wp\/v2\/media\/5665"}],"wp:attachment":[{"href":"https:\/\/www.nexoinformativo.mx\/index.php\/wp-json\/wp\/v2\/media?parent=5664"}],"wp:term":[{"taxonomy":"category","embeddable":true,"href":"https:\/\/www.nexoinformativo.mx\/index.php\/wp-json\/wp\/v2\/categories?post=5664"},{"taxonomy":"post_tag","embeddable":true,"href":"https:\/\/www.nexoinformativo.mx\/index.php\/wp-json\/wp\/v2\/tags?post=5664"}],"curies":[{"name":"wp","href":"https:\/\/api.w.org\/{rel}","templated":true}]}}