{"id":5679,"date":"2024-11-09T11:00:30","date_gmt":"2024-11-09T17:00:30","guid":{"rendered":"https:\/\/www.nexoinformativo.mx\/?p=5679"},"modified":"2024-11-09T13:13:35","modified_gmt":"2024-11-09T19:13:35","slug":"mauricio-kuri-y-mark-johnson-fortalecen-colaboracion-en-queretaro","status":"publish","type":"post","link":"https:\/\/www.nexoinformativo.mx\/index.php\/2024\/11\/09\/mauricio-kuri-y-mark-johnson-fortalecen-colaboracion-en-queretaro\/","title":{"rendered":"Mauricio Kuri y Mark Johnson Fortalecen Colaboraci\u00f3n en Quer\u00e9taro"},"content":{"rendered":"<p style=\"text-align: justify;\">El Gobernador de Quer\u00e9taro, Mauricio Kuri, sostuvo un encuentro con Mark Johnson, Jefe de Misi\u00f3n Adjunto de la Embajada de Estados Unidos en M\u00e9xico, con el objetivo de fortalecer la colaboraci\u00f3n en temas clave como seguridad, inversi\u00f3n y desarrollo. Este di\u00e1logo busca generar beneficios directos para las y los queretanos, impulsando el crecimiento y la protecci\u00f3n en el estado.<\/p>\n<p>&nbsp;<\/p>\n<p style=\"text-align: justify;\">Durante la reuni\u00f3n, se discutieron estrategias para mejorar la seguridad y atraer inversiones que fomenten el desarrollo econ\u00f3mico de Quer\u00e9taro. La colaboraci\u00f3n entre ambos gobiernos promete un futuro m\u00e1s seguro y pr\u00f3spero para la regi\u00f3n.<\/p>\n<p>&nbsp;<\/p>\n<p style=\"text-align: justify;\">El fortalecimiento de la relaci\u00f3n entre Quer\u00e9taro y Estados Unidos se traduce en oportunidades de crecimiento y protecci\u00f3n para los ciudadanos. La cooperaci\u00f3n en temas de seguridad y desarrollo econ\u00f3mico es fundamental para el bienestar de la comunidad.<\/p>\n<p>&nbsp;<\/p>\n<p style=\"text-align: justify;\">Mauricio Kuri y Mark Johnson reafirmaron su compromiso de trabajar juntos para lograr un desarrollo sostenible en Quer\u00e9taro. La inversi\u00f3n en proyectos de seguridad y desarrollo econ\u00f3mico es una prioridad para ambos l\u00edderes.<\/p>\n<p>&nbsp;<\/p>\n<p style=\"text-align: center;\"><em><strong>\u00a1Informaci\u00f3n que transforma!<\/strong><\/em><\/p>\n","protected":false},"excerpt":{"rendered":"<p>El Gobernador de Quer\u00e9taro, Mauricio Kuri, sostuvo un encuentro con Mark Johnson, Jefe de Misi\u00f3n Adjunto de la Embajada de Estados Unidos en M\u00e9xico, con el objetivo de fortalecer la colaboraci\u00f3n en temas clave como seguridad, inversi\u00f3n y desarrollo.<\/p>\n","protected":false},"author":3,"featured_media":5680,"comment_status":"open","ping_status":"open","sticky":false,"template":"","format":"standard","meta":{"footnotes":""},"categories":[42,58],"tags":[1944,1946,661,1945],"class_list":["post-5679","post","type-post","status-publish","format-standard","has-post-thumbnail","hentry","category-estado","category-ultima-hora","tag-colaboracionqueretaro","tag-markjohnson","tag-mauriciokuri","tag-seguridadydesarrollo"],"yoast_head":"<!-- This site is optimized with the Yoast SEO plugin v25.0 - https:\/\/yoast.com\/wordpress\/plugins\/seo\/ -->\n<title>Mauricio Kuri y Mark Johnson Fortalecen Colaboraci\u00f3n en Quer\u00e9taro | Nexo Informativo Santiago de Quer\u00e9taro<\/title>\n<meta name=\"robots\" content=\"index, follow, max-snippet:-1, max-image-preview:large, max-video-preview:-1\" \/>\n<link rel=\"canonical\" href=\"https:\/\/www.nexoinformativo.mx\/index.php\/2024\/11\/09\/mauricio-kuri-y-mark-johnson-fortalecen-colaboracion-en-queretaro\/\" \/>\n<meta property=\"og:locale\" content=\"es_MX\" \/>\n<meta property=\"og:type\" content=\"article\" \/>\n<meta property=\"og:title\" content=\"Mauricio Kuri y Mark Johnson Fortalecen Colaboraci\u00f3n en Quer\u00e9taro | Nexo Informativo Santiago de Quer\u00e9taro\" \/>\n<meta property=\"og:description\" content=\"El Gobernador de Quer\u00e9taro, Mauricio Kuri, sostuvo un encuentro con Mark Johnson, Jefe de Misi\u00f3n Adjunto de la Embajada de Estados Unidos en M\u00e9xico, con el objetivo de fortalecer la colaboraci\u00f3n en temas clave como seguridad, inversi\u00f3n y desarrollo.\" \/>\n<meta property=\"og:url\" content=\"https:\/\/www.nexoinformativo.mx\/index.php\/2024\/11\/09\/mauricio-kuri-y-mark-johnson-fortalecen-colaboracion-en-queretaro\/\" \/>\n<meta property=\"og:site_name\" content=\"Nexo Informativo Santiago de Quer\u00e9taro\" \/>\n<meta property=\"article:publisher\" content=\"https:\/\/www.facebook.com\/people\/Nexo-Informativo\/61564066885511\/\" \/>\n<meta property=\"article:published_time\" content=\"2024-11-09T17:00:30+00:00\" \/>\n<meta property=\"article:modified_time\" content=\"2024-11-09T19:13:35+00:00\" \/>\n<meta property=\"og:image\" content=\"https:\/\/www.nexoinformativo.mx\/wp-content\/uploads\/2024\/11\/PHOTO-2024-11-09-10-43-15-e1731179556500.jpg\" \/>\n\t<meta property=\"og:image:width\" content=\"800\" \/>\n\t<meta property=\"og:image:height\" content=\"534\" \/>\n\t<meta property=\"og:image:type\" content=\"image\/jpeg\" \/>\n<meta name=\"author\" content=\"Nexo Informativo\" \/>\n<meta name=\"twitter:card\" content=\"summary_large_image\" \/>\n<meta name=\"twitter:label1\" content=\"Escrito por\" \/>\n\t<meta name=\"twitter:data1\" content=\"Nexo Informativo\" \/>\n\t<meta name=\"twitter:label2\" content=\"Tiempo de lectura\" \/>\n\t<meta name=\"twitter:data2\" content=\"1 minuto\" \/>\n<script type=\"application\/ld+json\" class=\"yoast-schema-graph\">{\"@context\":\"https:\/\/schema.org\",\"@graph\":[{\"@type\":\"Article\",\"@id\":\"https:\/\/www.nexoinformativo.mx\/index.php\/2024\/11\/09\/mauricio-kuri-y-mark-johnson-fortalecen-colaboracion-en-queretaro\/#article\",\"isPartOf\":{\"@id\":\"https:\/\/www.nexoinformativo.mx\/index.php\/2024\/11\/09\/mauricio-kuri-y-mark-johnson-fortalecen-colaboracion-en-queretaro\/\"},\"author\":{\"name\":\"Nexo Informativo\",\"@id\":\"https:\/\/www.nexoinformativo.mx\/#\/schema\/person\/7749d380ba08c8ca00d7bc76fd907b7d\"},\"headline\":\"Mauricio Kuri y Mark Johnson Fortalecen Colaboraci\u00f3n en Quer\u00e9taro\",\"datePublished\":\"2024-11-09T17:00:30+00:00\",\"dateModified\":\"2024-11-09T19:13:35+00:00\",\"mainEntityOfPage\":{\"@id\":\"https:\/\/www.nexoinformativo.mx\/index.php\/2024\/11\/09\/mauricio-kuri-y-mark-johnson-fortalecen-colaboracion-en-queretaro\/\"},\"wordCount\":207,\"commentCount\":0,\"publisher\":{\"@id\":\"https:\/\/www.nexoinformativo.mx\/#organization\"},\"image\":{\"@id\":\"https:\/\/www.nexoinformativo.mx\/index.php\/2024\/11\/09\/mauricio-kuri-y-mark-johnson-fortalecen-colaboracion-en-queretaro\/#primaryimage\"},\"thumbnailUrl\":\"https:\/\/www.nexoinformativo.mx\/wp-content\/uploads\/2024\/11\/PHOTO-2024-11-09-10-43-15-e1731179556500.jpg\",\"keywords\":[\"Colaboraci\u00f3nQuer\u00e9taro\",\"MarkJohnson\",\"MauricioKuri\",\"SeguridadYDesarrollo\"],\"articleSection\":[\"Estado\",\"\u00daltima Hora\"],\"inLanguage\":\"es\",\"potentialAction\":[{\"@type\":\"CommentAction\",\"name\":\"Comment\",\"target\":[\"https:\/\/www.nexoinformativo.mx\/index.php\/2024\/11\/09\/mauricio-kuri-y-mark-johnson-fortalecen-colaboracion-en-queretaro\/#respond\"]}]},{\"@type\":\"WebPage\",\"@id\":\"https:\/\/www.nexoinformativo.mx\/index.php\/2024\/11\/09\/mauricio-kuri-y-mark-johnson-fortalecen-colaboracion-en-queretaro\/\",\"url\":\"https:\/\/www.nexoinformativo.mx\/index.php\/2024\/11\/09\/mauricio-kuri-y-mark-johnson-fortalecen-colaboracion-en-queretaro\/\",\"name\":\"Mauricio Kuri y Mark Johnson Fortalecen Colaboraci\u00f3n en Quer\u00e9taro | Nexo Informativo Santiago de Quer\u00e9taro\",\"isPartOf\":{\"@id\":\"https:\/\/www.nexoinformativo.mx\/#website\"},\"primaryImageOfPage\":{\"@id\":\"https:\/\/www.nexoinformativo.mx\/index.php\/2024\/11\/09\/mauricio-kuri-y-mark-johnson-fortalecen-colaboracion-en-queretaro\/#primaryimage\"},\"image\":{\"@id\":\"https:\/\/www.nexoinformativo.mx\/index.php\/2024\/11\/09\/mauricio-kuri-y-mark-johnson-fortalecen-colaboracion-en-queretaro\/#primaryimage\"},\"thumbnailUrl\":\"https:\/\/www.nexoinformativo.mx\/wp-content\/uploads\/2024\/11\/PHOTO-2024-11-09-10-43-15-e1731179556500.jpg\",\"datePublished\":\"2024-11-09T17:00:30+00:00\",\"dateModified\":\"2024-11-09T19:13:35+00:00\",\"breadcrumb\":{\"@id\":\"https:\/\/www.nexoinformativo.mx\/index.php\/2024\/11\/09\/mauricio-kuri-y-mark-johnson-fortalecen-colaboracion-en-queretaro\/#breadcrumb\"},\"inLanguage\":\"es\",\"potentialAction\":[{\"@type\":\"ReadAction\",\"target\":[\"https:\/\/www.nexoinformativo.mx\/index.php\/2024\/11\/09\/mauricio-kuri-y-mark-johnson-fortalecen-colaboracion-en-queretaro\/\"]}]},{\"@type\":\"ImageObject\",\"inLanguage\":\"es\",\"@id\":\"https:\/\/www.nexoinformativo.mx\/index.php\/2024\/11\/09\/mauricio-kuri-y-mark-johnson-fortalecen-colaboracion-en-queretaro\/#primaryimage\",\"url\":\"https:\/\/www.nexoinformativo.mx\/wp-content\/uploads\/2024\/11\/PHOTO-2024-11-09-10-43-15-e1731179556500.jpg\",\"contentUrl\":\"https:\/\/www.nexoinformativo.mx\/wp-content\/uploads\/2024\/11\/PHOTO-2024-11-09-10-43-15-e1731179556500.jpg\",\"width\":800,\"height\":534},{\"@type\":\"BreadcrumbList\",\"@id\":\"https:\/\/www.nexoinformativo.mx\/index.php\/2024\/11\/09\/mauricio-kuri-y-mark-johnson-fortalecen-colaboracion-en-queretaro\/#breadcrumb\",\"itemListElement\":[{\"@type\":\"ListItem\",\"position\":1,\"name\":\"Inicio\",\"item\":\"https:\/\/www.nexoinformativo.mx\/\"},{\"@type\":\"ListItem\",\"position\":2,\"name\":\"Mauricio Kuri y Mark Johnson Fortalecen Colaboraci\u00f3n en Quer\u00e9taro\"}]},{\"@type\":\"WebSite\",\"@id\":\"https:\/\/www.nexoinformativo.mx\/#website\",\"url\":\"https:\/\/www.nexoinformativo.mx\/\",\"name\":\"Nexo Informativo Santiago de Quer\u00e9taro\",\"description\":\"Explora NexoInformativo y convi\u00e9rtete en parte de una comunidad que valora el conocimiento y la verdad. Tu nexoinformativo es tu puente hacia una comprensi\u00f3n m\u00e1s profunda del mundo que te rodea.\",\"publisher\":{\"@id\":\"https:\/\/www.nexoinformativo.mx\/#organization\"},\"potentialAction\":[{\"@type\":\"SearchAction\",\"target\":{\"@type\":\"EntryPoint\",\"urlTemplate\":\"https:\/\/www.nexoinformativo.mx\/?s={search_term_string}\"},\"query-input\":{\"@type\":\"PropertyValueSpecification\",\"valueRequired\":true,\"valueName\":\"search_term_string\"}}],\"inLanguage\":\"es\"},{\"@type\":\"Organization\",\"@id\":\"https:\/\/www.nexoinformativo.mx\/#organization\",\"name\":\"Nexo Informativo Santiago de Quer\u00e9taro\",\"url\":\"https:\/\/www.nexoinformativo.mx\/\",\"logo\":{\"@type\":\"ImageObject\",\"inLanguage\":\"es\",\"@id\":\"https:\/\/www.nexoinformativo.mx\/#\/schema\/logo\/image\/\",\"url\":\"https:\/\/www.nexoinformativo.mx\/wp-content\/uploads\/2024\/07\/nexoi-trasparente-2.png\",\"contentUrl\":\"https:\/\/www.nexoinformativo.mx\/wp-content\/uploads\/2024\/07\/nexoi-trasparente-2.png\",\"width\":816,\"height\":339,\"caption\":\"Nexo Informativo Santiago de Quer\u00e9taro\"},\"image\":{\"@id\":\"https:\/\/www.nexoinformativo.mx\/#\/schema\/logo\/image\/\"},\"sameAs\":[\"https:\/\/www.facebook.com\/people\/Nexo-Informativo\/61564066885511\/\"]},{\"@type\":\"Person\",\"@id\":\"https:\/\/www.nexoinformativo.mx\/#\/schema\/person\/7749d380ba08c8ca00d7bc76fd907b7d\",\"name\":\"Nexo Informativo\",\"image\":{\"@type\":\"ImageObject\",\"inLanguage\":\"es\",\"@id\":\"https:\/\/www.nexoinformativo.mx\/#\/schema\/person\/image\/\",\"url\":\"https:\/\/secure.gravatar.com\/avatar\/dde2928154642a13d95f87ddf1ea9718fe2b46760a005c53e41ff5ad610704e6?s=96&d=mm&r=g\",\"contentUrl\":\"https:\/\/secure.gravatar.com\/avatar\/dde2928154642a13d95f87ddf1ea9718fe2b46760a005c53e41ff5ad610704e6?s=96&d=mm&r=g\",\"caption\":\"Nexo Informativo\"},\"url\":\"https:\/\/www.nexoinformativo.mx\/index.php\/author\/edicion\/\"}]}<\/script>\n<!-- \/ Yoast SEO plugin. -->","yoast_head_json":{"title":"Mauricio Kuri y Mark Johnson Fortalecen Colaboraci\u00f3n en Quer\u00e9taro | Nexo Informativo Santiago de Quer\u00e9taro","robots":{"index":"index","follow":"follow","max-snippet":"max-snippet:-1","max-image-preview":"max-image-preview:large","max-video-preview":"max-video-preview:-1"},"canonical":"https:\/\/www.nexoinformativo.mx\/index.php\/2024\/11\/09\/mauricio-kuri-y-mark-johnson-fortalecen-colaboracion-en-queretaro\/","og_locale":"es_MX","og_type":"article","og_title":"Mauricio Kuri y Mark Johnson Fortalecen Colaboraci\u00f3n en Quer\u00e9taro | Nexo Informativo Santiago de Quer\u00e9taro","og_description":"El Gobernador de Quer\u00e9taro, Mauricio Kuri, sostuvo un encuentro con Mark Johnson, Jefe de Misi\u00f3n Adjunto de la Embajada de Estados Unidos en M\u00e9xico, con el objetivo de fortalecer la colaboraci\u00f3n en temas clave como seguridad, inversi\u00f3n y desarrollo.","og_url":"https:\/\/www.nexoinformativo.mx\/index.php\/2024\/11\/09\/mauricio-kuri-y-mark-johnson-fortalecen-colaboracion-en-queretaro\/","og_site_name":"Nexo Informativo Santiago de Quer\u00e9taro","article_publisher":"https:\/\/www.facebook.com\/people\/Nexo-Informativo\/61564066885511\/","article_published_time":"2024-11-09T17:00:30+00:00","article_modified_time":"2024-11-09T19:13:35+00:00","og_image":[{"width":800,"height":534,"url":"https:\/\/www.nexoinformativo.mx\/wp-content\/uploads\/2024\/11\/PHOTO-2024-11-09-10-43-15-e1731179556500.jpg","type":"image\/jpeg"}],"author":"Nexo Informativo","twitter_card":"summary_large_image","twitter_misc":{"Escrito por":"Nexo Informativo","Tiempo de lectura":"1 minuto"},"schema":{"@context":"https:\/\/schema.org","@graph":[{"@type":"Article","@id":"https:\/\/www.nexoinformativo.mx\/index.php\/2024\/11\/09\/mauricio-kuri-y-mark-johnson-fortalecen-colaboracion-en-queretaro\/#article","isPartOf":{"@id":"https:\/\/www.nexoinformativo.mx\/index.php\/2024\/11\/09\/mauricio-kuri-y-mark-johnson-fortalecen-colaboracion-en-queretaro\/"},"author":{"name":"Nexo Informativo","@id":"https:\/\/www.nexoinformativo.mx\/#\/schema\/person\/7749d380ba08c8ca00d7bc76fd907b7d"},"headline":"Mauricio Kuri y Mark Johnson Fortalecen Colaboraci\u00f3n en Quer\u00e9taro","datePublished":"2024-11-09T17:00:30+00:00","dateModified":"2024-11-09T19:13:35+00:00","mainEntityOfPage":{"@id":"https:\/\/www.nexoinformativo.mx\/index.php\/2024\/11\/09\/mauricio-kuri-y-mark-johnson-fortalecen-colaboracion-en-queretaro\/"},"wordCount":207,"commentCount":0,"publisher":{"@id":"https:\/\/www.nexoinformativo.mx\/#organization"},"image":{"@id":"https:\/\/www.nexoinformativo.mx\/index.php\/2024\/11\/09\/mauricio-kuri-y-mark-johnson-fortalecen-colaboracion-en-queretaro\/#primaryimage"},"thumbnailUrl":"https:\/\/www.nexoinformativo.mx\/wp-content\/uploads\/2024\/11\/PHOTO-2024-11-09-10-43-15-e1731179556500.jpg","keywords":["Colaboraci\u00f3nQuer\u00e9taro","MarkJohnson","MauricioKuri","SeguridadYDesarrollo"],"articleSection":["Estado","\u00daltima Hora"],"inLanguage":"es","potentialAction":[{"@type":"CommentAction","name":"Comment","target":["https:\/\/www.nexoinformativo.mx\/index.php\/2024\/11\/09\/mauricio-kuri-y-mark-johnson-fortalecen-colaboracion-en-queretaro\/#respond"]}]},{"@type":"WebPage","@id":"https:\/\/www.nexoinformativo.mx\/index.php\/2024\/11\/09\/mauricio-kuri-y-mark-johnson-fortalecen-colaboracion-en-queretaro\/","url":"https:\/\/www.nexoinformativo.mx\/index.php\/2024\/11\/09\/mauricio-kuri-y-mark-johnson-fortalecen-colaboracion-en-queretaro\/","name":"Mauricio Kuri y Mark Johnson Fortalecen Colaboraci\u00f3n en Quer\u00e9taro | Nexo Informativo Santiago de Quer\u00e9taro","isPartOf":{"@id":"https:\/\/www.nexoinformativo.mx\/#website"},"primaryImageOfPage":{"@id":"https:\/\/www.nexoinformativo.mx\/index.php\/2024\/11\/09\/mauricio-kuri-y-mark-johnson-fortalecen-colaboracion-en-queretaro\/#primaryimage"},"image":{"@id":"https:\/\/www.nexoinformativo.mx\/index.php\/2024\/11\/09\/mauricio-kuri-y-mark-johnson-fortalecen-colaboracion-en-queretaro\/#primaryimage"},"thumbnailUrl":"https:\/\/www.nexoinformativo.mx\/wp-content\/uploads\/2024\/11\/PHOTO-2024-11-09-10-43-15-e1731179556500.jpg","datePublished":"2024-11-09T17:00:30+00:00","dateModified":"2024-11-09T19:13:35+00:00","breadcrumb":{"@id":"https:\/\/www.nexoinformativo.mx\/index.php\/2024\/11\/09\/mauricio-kuri-y-mark-johnson-fortalecen-colaboracion-en-queretaro\/#breadcrumb"},"inLanguage":"es","potentialAction":[{"@type":"ReadAction","target":["https:\/\/www.nexoinformativo.mx\/index.php\/2024\/11\/09\/mauricio-kuri-y-mark-johnson-fortalecen-colaboracion-en-queretaro\/"]}]},{"@type":"ImageObject","inLanguage":"es","@id":"https:\/\/www.nexoinformativo.mx\/index.php\/2024\/11\/09\/mauricio-kuri-y-mark-johnson-fortalecen-colaboracion-en-queretaro\/#primaryimage","url":"https:\/\/www.nexoinformativo.mx\/wp-content\/uploads\/2024\/11\/PHOTO-2024-11-09-10-43-15-e1731179556500.jpg","contentUrl":"https:\/\/www.nexoinformativo.mx\/wp-content\/uploads\/2024\/11\/PHOTO-2024-11-09-10-43-15-e1731179556500.jpg","width":800,"height":534},{"@type":"BreadcrumbList","@id":"https:\/\/www.nexoinformativo.mx\/index.php\/2024\/11\/09\/mauricio-kuri-y-mark-johnson-fortalecen-colaboracion-en-queretaro\/#breadcrumb","itemListElement":[{"@type":"ListItem","position":1,"name":"Inicio","item":"https:\/\/www.nexoinformativo.mx\/"},{"@type":"ListItem","position":2,"name":"Mauricio Kuri y Mark Johnson Fortalecen Colaboraci\u00f3n en Quer\u00e9taro"}]},{"@type":"WebSite","@id":"https:\/\/www.nexoinformativo.mx\/#website","url":"https:\/\/www.nexoinformativo.mx\/","name":"Nexo Informativo Santiago de Quer\u00e9taro","description":"Explora NexoInformativo y convi\u00e9rtete en parte de una comunidad que valora el conocimiento y la verdad. Tu nexoinformativo es tu puente hacia una comprensi\u00f3n m\u00e1s profunda del mundo que te rodea.","publisher":{"@id":"https:\/\/www.nexoinformativo.mx\/#organization"},"potentialAction":[{"@type":"SearchAction","target":{"@type":"EntryPoint","urlTemplate":"https:\/\/www.nexoinformativo.mx\/?s={search_term_string}"},"query-input":{"@type":"PropertyValueSpecification","valueRequired":true,"valueName":"search_term_string"}}],"inLanguage":"es"},{"@type":"Organization","@id":"https:\/\/www.nexoinformativo.mx\/#organization","name":"Nexo Informativo Santiago de Quer\u00e9taro","url":"https:\/\/www.nexoinformativo.mx\/","logo":{"@type":"ImageObject","inLanguage":"es","@id":"https:\/\/www.nexoinformativo.mx\/#\/schema\/logo\/image\/","url":"https:\/\/www.nexoinformativo.mx\/wp-content\/uploads\/2024\/07\/nexoi-trasparente-2.png","contentUrl":"https:\/\/www.nexoinformativo.mx\/wp-content\/uploads\/2024\/07\/nexoi-trasparente-2.png","width":816,"height":339,"caption":"Nexo Informativo Santiago de Quer\u00e9taro"},"image":{"@id":"https:\/\/www.nexoinformativo.mx\/#\/schema\/logo\/image\/"},"sameAs":["https:\/\/www.facebook.com\/people\/Nexo-Informativo\/61564066885511\/"]},{"@type":"Person","@id":"https:\/\/www.nexoinformativo.mx\/#\/schema\/person\/7749d380ba08c8ca00d7bc76fd907b7d","name":"Nexo Informativo","image":{"@type":"ImageObject","inLanguage":"es","@id":"https:\/\/www.nexoinformativo.mx\/#\/schema\/person\/image\/","url":"https:\/\/secure.gravatar.com\/avatar\/dde2928154642a13d95f87ddf1ea9718fe2b46760a005c53e41ff5ad610704e6?s=96&d=mm&r=g","contentUrl":"https:\/\/secure.gravatar.com\/avatar\/dde2928154642a13d95f87ddf1ea9718fe2b46760a005c53e41ff5ad610704e6?s=96&d=mm&r=g","caption":"Nexo Informativo"},"url":"https:\/\/www.nexoinformativo.mx\/index.php\/author\/edicion\/"}]}},"_links":{"self":[{"href":"https:\/\/www.nexoinformativo.mx\/index.php\/wp-json\/wp\/v2\/posts\/5679","targetHints":{"allow":["GET"]}}],"collection":[{"href":"https:\/\/www.nexoinformativo.mx\/index.php\/wp-json\/wp\/v2\/posts"}],"about":[{"href":"https:\/\/www.nexoinformativo.mx\/index.php\/wp-json\/wp\/v2\/types\/post"}],"author":[{"embeddable":true,"href":"https:\/\/www.nexoinformativo.mx\/index.php\/wp-json\/wp\/v2\/users\/3"}],"replies":[{"embeddable":true,"href":"https:\/\/www.nexoinformativo.mx\/index.php\/wp-json\/wp\/v2\/comments?post=5679"}],"version-history":[{"count":3,"href":"https:\/\/www.nexoinformativo.mx\/index.php\/wp-json\/wp\/v2\/posts\/5679\/revisions"}],"predecessor-version":[{"id":5683,"href":"https:\/\/www.nexoinformativo.mx\/index.php\/wp-json\/wp\/v2\/posts\/5679\/revisions\/5683"}],"wp:featuredmedia":[{"embeddable":true,"href":"https:\/\/www.nexoinformativo.mx\/index.php\/wp-json\/wp\/v2\/media\/5680"}],"wp:attachment":[{"href":"https:\/\/www.nexoinformativo.mx\/index.php\/wp-json\/wp\/v2\/media?parent=5679"}],"wp:term":[{"taxonomy":"category","embeddable":true,"href":"https:\/\/www.nexoinformativo.mx\/index.php\/wp-json\/wp\/v2\/categories?post=5679"},{"taxonomy":"post_tag","embeddable":true,"href":"https:\/\/www.nexoinformativo.mx\/index.php\/wp-json\/wp\/v2\/tags?post=5679"}],"curies":[{"name":"wp","href":"https:\/\/api.w.org\/{rel}","templated":true}]}}