{"id":5684,"date":"2024-11-09T11:30:10","date_gmt":"2024-11-09T17:30:10","guid":{"rendered":"https:\/\/www.nexoinformativo.mx\/?p=5684"},"modified":"2024-11-09T13:18:32","modified_gmt":"2024-11-09T19:18:32","slug":"el-peso-mexicano-recupera-terreno-ante-el-dolar-tras-las-elecciones-en-estados-unidos","status":"publish","type":"post","link":"https:\/\/www.nexoinformativo.mx\/index.php\/2024\/11\/09\/el-peso-mexicano-recupera-terreno-ante-el-dolar-tras-las-elecciones-en-estados-unidos\/","title":{"rendered":"El peso mexicano recupera terreno ante el d\u00f3lar tras las elecciones en Estados Unidos"},"content":{"rendered":"<p style=\"text-align: justify;\" data-sourcepos=\"5:1-5:279\">Despu\u00e9s de las elecciones presidenciales en Estados Unidos, el peso mexicano ha mostrado una ligera recuperaci\u00f3n frente al d\u00f3lar estadounidense. Si bien el martes pasado se registr\u00f3 un alza en el tipo de cambio, a lo largo de la semana la moneda nacional ha logrado fortalecerse.<\/p>\n<p>&nbsp;<\/p>\n<p style=\"text-align: justify;\" data-sourcepos=\"7:1-7:263\">Este s\u00e1bado 9 de noviembre de 2024, el precio promedio del d\u00f3lar en M\u00e9xico se encuentra en <strong>$20.18<\/strong> pesos. Por su parte, el tipo de cambio FIX, establecido por el <strong>Banco de M\u00e9xico<\/strong> (Banxico) y utilizado para calcular obligaciones en d\u00f3lares, se ubica en $19.82 pesos.<\/p>\n<p>&nbsp;<\/p>\n<p style=\"text-align: justify;\" data-sourcepos=\"9:1-9:390\">La recuperaci\u00f3n del peso se atribuye a diversos factores, entre los cuales se encuentran las expectativas positivas sobre la econom\u00eda mexicana y la estabilidad pol\u00edtica en el pa\u00eds.<\/p>\n<p>&nbsp;<\/p>\n<p style=\"text-align: justify;\" data-sourcepos=\"9:1-9:390\">Adem\u00e1s, los resultados de las elecciones en Estados Unidos han generado cierta incertidumbre en los mercados financieros internacionales, lo que ha favorecido a las monedas de econom\u00edas emergentes como M\u00e9xico.<\/p>\n<p>&nbsp;<\/p>\n<p style=\"text-align: justify;\" data-sourcepos=\"11:1-11:189\">Es importante destacar que el tipo de cambio es un indicador econ\u00f3mico vol\u00e1til y puede experimentar fluctuaciones en el corto plazo debido a diversos factores, tanto internos como externos.<\/p>\n<p>&nbsp;<\/p>\n<p style=\"text-align: center;\" data-sourcepos=\"11:1-11:189\"><em><strong>\u00a1Informaci\u00f3n que transforma!<\/strong><\/em><\/p>\n","protected":false},"excerpt":{"rendered":"<p>Despu\u00e9s de las elecciones presidenciales en Estados Unidos, el peso mexicano ha mostrado una ligera recuperaci\u00f3n frente al d\u00f3lar estadounidense.<\/p>\n","protected":false},"author":3,"featured_media":5685,"comment_status":"open","ping_status":"open","sticky":false,"template":"","format":"standard","meta":{"footnotes":""},"categories":[5,88,58],"tags":[1313,141,1312,1660],"class_list":["post-5684","post","type-post","status-publish","format-standard","has-post-thumbnail","hentry","category-economia","category-nacional","category-ultima-hora","tag-dolar","tag-economia","tag-pesomexicano","tag-tipodecambio"],"yoast_head":"<!-- This site is optimized with the Yoast SEO plugin v25.0 - https:\/\/yoast.com\/wordpress\/plugins\/seo\/ -->\n<title>El peso mexicano recupera terreno ante el d\u00f3lar tras las elecciones en Estados Unidos | Nexo Informativo Santiago de Quer\u00e9taro<\/title>\n<meta name=\"description\" content=\"El peso mexicano recupera terreno ante el d\u00f3lar tras las elecciones en Estados Unidos\" \/>\n<meta name=\"robots\" content=\"index, follow, max-snippet:-1, max-image-preview:large, max-video-preview:-1\" \/>\n<link rel=\"canonical\" href=\"https:\/\/www.nexoinformativo.mx\/index.php\/2024\/11\/09\/el-peso-mexicano-recupera-terreno-ante-el-dolar-tras-las-elecciones-en-estados-unidos\/\" \/>\n<meta property=\"og:locale\" content=\"es_MX\" \/>\n<meta property=\"og:type\" content=\"article\" \/>\n<meta property=\"og:title\" content=\"El peso mexicano recupera terreno ante el d\u00f3lar tras las elecciones en Estados Unidos | Nexo Informativo Santiago de Quer\u00e9taro\" \/>\n<meta property=\"og:description\" content=\"El peso mexicano recupera terreno ante el d\u00f3lar tras las elecciones en Estados Unidos\" \/>\n<meta property=\"og:url\" content=\"https:\/\/www.nexoinformativo.mx\/index.php\/2024\/11\/09\/el-peso-mexicano-recupera-terreno-ante-el-dolar-tras-las-elecciones-en-estados-unidos\/\" \/>\n<meta property=\"og:site_name\" content=\"Nexo Informativo Santiago de Quer\u00e9taro\" \/>\n<meta property=\"article:publisher\" content=\"https:\/\/www.facebook.com\/people\/Nexo-Informativo\/61564066885511\/\" \/>\n<meta property=\"article:published_time\" content=\"2024-11-09T17:30:10+00:00\" \/>\n<meta property=\"article:modified_time\" content=\"2024-11-09T19:18:32+00:00\" \/>\n<meta property=\"og:image\" content=\"https:\/\/www.nexoinformativo.mx\/wp-content\/uploads\/2024\/11\/0325bd99-1fd3-498b-a7db-89e53f5bf350-e1731179706536.jpg\" \/>\n\t<meta property=\"og:image:width\" content=\"800\" \/>\n\t<meta property=\"og:image:height\" content=\"566\" \/>\n\t<meta property=\"og:image:type\" content=\"image\/jpeg\" \/>\n<meta name=\"author\" content=\"Nexo Informativo\" \/>\n<meta name=\"twitter:card\" content=\"summary_large_image\" \/>\n<meta name=\"twitter:label1\" content=\"Escrito por\" \/>\n\t<meta name=\"twitter:data1\" content=\"Nexo Informativo\" \/>\n\t<meta name=\"twitter:label2\" content=\"Tiempo de lectura\" \/>\n\t<meta name=\"twitter:data2\" content=\"2 minutos\" \/>\n<script type=\"application\/ld+json\" class=\"yoast-schema-graph\">{\"@context\":\"https:\/\/schema.org\",\"@graph\":[{\"@type\":\"Article\",\"@id\":\"https:\/\/www.nexoinformativo.mx\/index.php\/2024\/11\/09\/el-peso-mexicano-recupera-terreno-ante-el-dolar-tras-las-elecciones-en-estados-unidos\/#article\",\"isPartOf\":{\"@id\":\"https:\/\/www.nexoinformativo.mx\/index.php\/2024\/11\/09\/el-peso-mexicano-recupera-terreno-ante-el-dolar-tras-las-elecciones-en-estados-unidos\/\"},\"author\":{\"name\":\"Nexo Informativo\",\"@id\":\"https:\/\/www.nexoinformativo.mx\/#\/schema\/person\/7749d380ba08c8ca00d7bc76fd907b7d\"},\"headline\":\"El peso mexicano recupera terreno ante el d\u00f3lar tras las elecciones en Estados Unidos\",\"datePublished\":\"2024-11-09T17:30:10+00:00\",\"dateModified\":\"2024-11-09T19:18:32+00:00\",\"mainEntityOfPage\":{\"@id\":\"https:\/\/www.nexoinformativo.mx\/index.php\/2024\/11\/09\/el-peso-mexicano-recupera-terreno-ante-el-dolar-tras-las-elecciones-en-estados-unidos\/\"},\"wordCount\":216,\"commentCount\":0,\"publisher\":{\"@id\":\"https:\/\/www.nexoinformativo.mx\/#organization\"},\"image\":{\"@id\":\"https:\/\/www.nexoinformativo.mx\/index.php\/2024\/11\/09\/el-peso-mexicano-recupera-terreno-ante-el-dolar-tras-las-elecciones-en-estados-unidos\/#primaryimage\"},\"thumbnailUrl\":\"https:\/\/www.nexoinformativo.mx\/wp-content\/uploads\/2024\/11\/0325bd99-1fd3-498b-a7db-89e53f5bf350-e1731179706536.jpg\",\"keywords\":[\"D\u00f3lar\",\"Economia\",\"PesoMexicano\",\"TipoDeCambio\"],\"articleSection\":[\"Econom\u00eda\",\"Nacional\",\"\u00daltima Hora\"],\"inLanguage\":\"es\",\"potentialAction\":[{\"@type\":\"CommentAction\",\"name\":\"Comment\",\"target\":[\"https:\/\/www.nexoinformativo.mx\/index.php\/2024\/11\/09\/el-peso-mexicano-recupera-terreno-ante-el-dolar-tras-las-elecciones-en-estados-unidos\/#respond\"]}]},{\"@type\":\"WebPage\",\"@id\":\"https:\/\/www.nexoinformativo.mx\/index.php\/2024\/11\/09\/el-peso-mexicano-recupera-terreno-ante-el-dolar-tras-las-elecciones-en-estados-unidos\/\",\"url\":\"https:\/\/www.nexoinformativo.mx\/index.php\/2024\/11\/09\/el-peso-mexicano-recupera-terreno-ante-el-dolar-tras-las-elecciones-en-estados-unidos\/\",\"name\":\"El peso mexicano recupera terreno ante el d\u00f3lar tras las elecciones en Estados Unidos | Nexo Informativo Santiago de Quer\u00e9taro\",\"isPartOf\":{\"@id\":\"https:\/\/www.nexoinformativo.mx\/#website\"},\"primaryImageOfPage\":{\"@id\":\"https:\/\/www.nexoinformativo.mx\/index.php\/2024\/11\/09\/el-peso-mexicano-recupera-terreno-ante-el-dolar-tras-las-elecciones-en-estados-unidos\/#primaryimage\"},\"image\":{\"@id\":\"https:\/\/www.nexoinformativo.mx\/index.php\/2024\/11\/09\/el-peso-mexicano-recupera-terreno-ante-el-dolar-tras-las-elecciones-en-estados-unidos\/#primaryimage\"},\"thumbnailUrl\":\"https:\/\/www.nexoinformativo.mx\/wp-content\/uploads\/2024\/11\/0325bd99-1fd3-498b-a7db-89e53f5bf350-e1731179706536.jpg\",\"datePublished\":\"2024-11-09T17:30:10+00:00\",\"dateModified\":\"2024-11-09T19:18:32+00:00\",\"description\":\"El peso mexicano recupera terreno ante el d\u00f3lar tras las elecciones en Estados Unidos\",\"breadcrumb\":{\"@id\":\"https:\/\/www.nexoinformativo.mx\/index.php\/2024\/11\/09\/el-peso-mexicano-recupera-terreno-ante-el-dolar-tras-las-elecciones-en-estados-unidos\/#breadcrumb\"},\"inLanguage\":\"es\",\"potentialAction\":[{\"@type\":\"ReadAction\",\"target\":[\"https:\/\/www.nexoinformativo.mx\/index.php\/2024\/11\/09\/el-peso-mexicano-recupera-terreno-ante-el-dolar-tras-las-elecciones-en-estados-unidos\/\"]}]},{\"@type\":\"ImageObject\",\"inLanguage\":\"es\",\"@id\":\"https:\/\/www.nexoinformativo.mx\/index.php\/2024\/11\/09\/el-peso-mexicano-recupera-terreno-ante-el-dolar-tras-las-elecciones-en-estados-unidos\/#primaryimage\",\"url\":\"https:\/\/www.nexoinformativo.mx\/wp-content\/uploads\/2024\/11\/0325bd99-1fd3-498b-a7db-89e53f5bf350-e1731179706536.jpg\",\"contentUrl\":\"https:\/\/www.nexoinformativo.mx\/wp-content\/uploads\/2024\/11\/0325bd99-1fd3-498b-a7db-89e53f5bf350-e1731179706536.jpg\",\"width\":800,\"height\":566},{\"@type\":\"BreadcrumbList\",\"@id\":\"https:\/\/www.nexoinformativo.mx\/index.php\/2024\/11\/09\/el-peso-mexicano-recupera-terreno-ante-el-dolar-tras-las-elecciones-en-estados-unidos\/#breadcrumb\",\"itemListElement\":[{\"@type\":\"ListItem\",\"position\":1,\"name\":\"Inicio\",\"item\":\"https:\/\/www.nexoinformativo.mx\/\"},{\"@type\":\"ListItem\",\"position\":2,\"name\":\"El peso mexicano recupera terreno ante el d\u00f3lar tras las elecciones en Estados Unidos\"}]},{\"@type\":\"WebSite\",\"@id\":\"https:\/\/www.nexoinformativo.mx\/#website\",\"url\":\"https:\/\/www.nexoinformativo.mx\/\",\"name\":\"Nexo Informativo Santiago de Quer\u00e9taro\",\"description\":\"Explora NexoInformativo y convi\u00e9rtete en parte de una comunidad que valora el conocimiento y la verdad. Tu nexoinformativo es tu puente hacia una comprensi\u00f3n m\u00e1s profunda del mundo que te rodea.\",\"publisher\":{\"@id\":\"https:\/\/www.nexoinformativo.mx\/#organization\"},\"potentialAction\":[{\"@type\":\"SearchAction\",\"target\":{\"@type\":\"EntryPoint\",\"urlTemplate\":\"https:\/\/www.nexoinformativo.mx\/?s={search_term_string}\"},\"query-input\":{\"@type\":\"PropertyValueSpecification\",\"valueRequired\":true,\"valueName\":\"search_term_string\"}}],\"inLanguage\":\"es\"},{\"@type\":\"Organization\",\"@id\":\"https:\/\/www.nexoinformativo.mx\/#organization\",\"name\":\"Nexo Informativo Santiago de Quer\u00e9taro\",\"url\":\"https:\/\/www.nexoinformativo.mx\/\",\"logo\":{\"@type\":\"ImageObject\",\"inLanguage\":\"es\",\"@id\":\"https:\/\/www.nexoinformativo.mx\/#\/schema\/logo\/image\/\",\"url\":\"https:\/\/www.nexoinformativo.mx\/wp-content\/uploads\/2024\/07\/nexoi-trasparente-2.png\",\"contentUrl\":\"https:\/\/www.nexoinformativo.mx\/wp-content\/uploads\/2024\/07\/nexoi-trasparente-2.png\",\"width\":816,\"height\":339,\"caption\":\"Nexo Informativo Santiago de Quer\u00e9taro\"},\"image\":{\"@id\":\"https:\/\/www.nexoinformativo.mx\/#\/schema\/logo\/image\/\"},\"sameAs\":[\"https:\/\/www.facebook.com\/people\/Nexo-Informativo\/61564066885511\/\"]},{\"@type\":\"Person\",\"@id\":\"https:\/\/www.nexoinformativo.mx\/#\/schema\/person\/7749d380ba08c8ca00d7bc76fd907b7d\",\"name\":\"Nexo Informativo\",\"image\":{\"@type\":\"ImageObject\",\"inLanguage\":\"es\",\"@id\":\"https:\/\/www.nexoinformativo.mx\/#\/schema\/person\/image\/\",\"url\":\"https:\/\/secure.gravatar.com\/avatar\/dde2928154642a13d95f87ddf1ea9718fe2b46760a005c53e41ff5ad610704e6?s=96&d=mm&r=g\",\"contentUrl\":\"https:\/\/secure.gravatar.com\/avatar\/dde2928154642a13d95f87ddf1ea9718fe2b46760a005c53e41ff5ad610704e6?s=96&d=mm&r=g\",\"caption\":\"Nexo Informativo\"},\"url\":\"https:\/\/www.nexoinformativo.mx\/index.php\/author\/edicion\/\"}]}<\/script>\n<!-- \/ Yoast SEO plugin. -->","yoast_head_json":{"title":"El peso mexicano recupera terreno ante el d\u00f3lar tras las elecciones en Estados Unidos | Nexo Informativo Santiago de Quer\u00e9taro","description":"El peso mexicano recupera terreno ante el d\u00f3lar tras las elecciones en Estados Unidos","robots":{"index":"index","follow":"follow","max-snippet":"max-snippet:-1","max-image-preview":"max-image-preview:large","max-video-preview":"max-video-preview:-1"},"canonical":"https:\/\/www.nexoinformativo.mx\/index.php\/2024\/11\/09\/el-peso-mexicano-recupera-terreno-ante-el-dolar-tras-las-elecciones-en-estados-unidos\/","og_locale":"es_MX","og_type":"article","og_title":"El peso mexicano recupera terreno ante el d\u00f3lar tras las elecciones en Estados Unidos | Nexo Informativo Santiago de Quer\u00e9taro","og_description":"El peso mexicano recupera terreno ante el d\u00f3lar tras las elecciones en Estados Unidos","og_url":"https:\/\/www.nexoinformativo.mx\/index.php\/2024\/11\/09\/el-peso-mexicano-recupera-terreno-ante-el-dolar-tras-las-elecciones-en-estados-unidos\/","og_site_name":"Nexo Informativo Santiago de Quer\u00e9taro","article_publisher":"https:\/\/www.facebook.com\/people\/Nexo-Informativo\/61564066885511\/","article_published_time":"2024-11-09T17:30:10+00:00","article_modified_time":"2024-11-09T19:18:32+00:00","og_image":[{"width":800,"height":566,"url":"https:\/\/www.nexoinformativo.mx\/wp-content\/uploads\/2024\/11\/0325bd99-1fd3-498b-a7db-89e53f5bf350-e1731179706536.jpg","type":"image\/jpeg"}],"author":"Nexo Informativo","twitter_card":"summary_large_image","twitter_misc":{"Escrito por":"Nexo Informativo","Tiempo de lectura":"2 minutos"},"schema":{"@context":"https:\/\/schema.org","@graph":[{"@type":"Article","@id":"https:\/\/www.nexoinformativo.mx\/index.php\/2024\/11\/09\/el-peso-mexicano-recupera-terreno-ante-el-dolar-tras-las-elecciones-en-estados-unidos\/#article","isPartOf":{"@id":"https:\/\/www.nexoinformativo.mx\/index.php\/2024\/11\/09\/el-peso-mexicano-recupera-terreno-ante-el-dolar-tras-las-elecciones-en-estados-unidos\/"},"author":{"name":"Nexo Informativo","@id":"https:\/\/www.nexoinformativo.mx\/#\/schema\/person\/7749d380ba08c8ca00d7bc76fd907b7d"},"headline":"El peso mexicano recupera terreno ante el d\u00f3lar tras las elecciones en Estados Unidos","datePublished":"2024-11-09T17:30:10+00:00","dateModified":"2024-11-09T19:18:32+00:00","mainEntityOfPage":{"@id":"https:\/\/www.nexoinformativo.mx\/index.php\/2024\/11\/09\/el-peso-mexicano-recupera-terreno-ante-el-dolar-tras-las-elecciones-en-estados-unidos\/"},"wordCount":216,"commentCount":0,"publisher":{"@id":"https:\/\/www.nexoinformativo.mx\/#organization"},"image":{"@id":"https:\/\/www.nexoinformativo.mx\/index.php\/2024\/11\/09\/el-peso-mexicano-recupera-terreno-ante-el-dolar-tras-las-elecciones-en-estados-unidos\/#primaryimage"},"thumbnailUrl":"https:\/\/www.nexoinformativo.mx\/wp-content\/uploads\/2024\/11\/0325bd99-1fd3-498b-a7db-89e53f5bf350-e1731179706536.jpg","keywords":["D\u00f3lar","Economia","PesoMexicano","TipoDeCambio"],"articleSection":["Econom\u00eda","Nacional","\u00daltima Hora"],"inLanguage":"es","potentialAction":[{"@type":"CommentAction","name":"Comment","target":["https:\/\/www.nexoinformativo.mx\/index.php\/2024\/11\/09\/el-peso-mexicano-recupera-terreno-ante-el-dolar-tras-las-elecciones-en-estados-unidos\/#respond"]}]},{"@type":"WebPage","@id":"https:\/\/www.nexoinformativo.mx\/index.php\/2024\/11\/09\/el-peso-mexicano-recupera-terreno-ante-el-dolar-tras-las-elecciones-en-estados-unidos\/","url":"https:\/\/www.nexoinformativo.mx\/index.php\/2024\/11\/09\/el-peso-mexicano-recupera-terreno-ante-el-dolar-tras-las-elecciones-en-estados-unidos\/","name":"El peso mexicano recupera terreno ante el d\u00f3lar tras las elecciones en Estados Unidos | Nexo Informativo Santiago de Quer\u00e9taro","isPartOf":{"@id":"https:\/\/www.nexoinformativo.mx\/#website"},"primaryImageOfPage":{"@id":"https:\/\/www.nexoinformativo.mx\/index.php\/2024\/11\/09\/el-peso-mexicano-recupera-terreno-ante-el-dolar-tras-las-elecciones-en-estados-unidos\/#primaryimage"},"image":{"@id":"https:\/\/www.nexoinformativo.mx\/index.php\/2024\/11\/09\/el-peso-mexicano-recupera-terreno-ante-el-dolar-tras-las-elecciones-en-estados-unidos\/#primaryimage"},"thumbnailUrl":"https:\/\/www.nexoinformativo.mx\/wp-content\/uploads\/2024\/11\/0325bd99-1fd3-498b-a7db-89e53f5bf350-e1731179706536.jpg","datePublished":"2024-11-09T17:30:10+00:00","dateModified":"2024-11-09T19:18:32+00:00","description":"El peso mexicano recupera terreno ante el d\u00f3lar tras las elecciones en Estados Unidos","breadcrumb":{"@id":"https:\/\/www.nexoinformativo.mx\/index.php\/2024\/11\/09\/el-peso-mexicano-recupera-terreno-ante-el-dolar-tras-las-elecciones-en-estados-unidos\/#breadcrumb"},"inLanguage":"es","potentialAction":[{"@type":"ReadAction","target":["https:\/\/www.nexoinformativo.mx\/index.php\/2024\/11\/09\/el-peso-mexicano-recupera-terreno-ante-el-dolar-tras-las-elecciones-en-estados-unidos\/"]}]},{"@type":"ImageObject","inLanguage":"es","@id":"https:\/\/www.nexoinformativo.mx\/index.php\/2024\/11\/09\/el-peso-mexicano-recupera-terreno-ante-el-dolar-tras-las-elecciones-en-estados-unidos\/#primaryimage","url":"https:\/\/www.nexoinformativo.mx\/wp-content\/uploads\/2024\/11\/0325bd99-1fd3-498b-a7db-89e53f5bf350-e1731179706536.jpg","contentUrl":"https:\/\/www.nexoinformativo.mx\/wp-content\/uploads\/2024\/11\/0325bd99-1fd3-498b-a7db-89e53f5bf350-e1731179706536.jpg","width":800,"height":566},{"@type":"BreadcrumbList","@id":"https:\/\/www.nexoinformativo.mx\/index.php\/2024\/11\/09\/el-peso-mexicano-recupera-terreno-ante-el-dolar-tras-las-elecciones-en-estados-unidos\/#breadcrumb","itemListElement":[{"@type":"ListItem","position":1,"name":"Inicio","item":"https:\/\/www.nexoinformativo.mx\/"},{"@type":"ListItem","position":2,"name":"El peso mexicano recupera terreno ante el d\u00f3lar tras las elecciones en Estados Unidos"}]},{"@type":"WebSite","@id":"https:\/\/www.nexoinformativo.mx\/#website","url":"https:\/\/www.nexoinformativo.mx\/","name":"Nexo Informativo Santiago de Quer\u00e9taro","description":"Explora NexoInformativo y convi\u00e9rtete en parte de una comunidad que valora el conocimiento y la verdad. Tu nexoinformativo es tu puente hacia una comprensi\u00f3n m\u00e1s profunda del mundo que te rodea.","publisher":{"@id":"https:\/\/www.nexoinformativo.mx\/#organization"},"potentialAction":[{"@type":"SearchAction","target":{"@type":"EntryPoint","urlTemplate":"https:\/\/www.nexoinformativo.mx\/?s={search_term_string}"},"query-input":{"@type":"PropertyValueSpecification","valueRequired":true,"valueName":"search_term_string"}}],"inLanguage":"es"},{"@type":"Organization","@id":"https:\/\/www.nexoinformativo.mx\/#organization","name":"Nexo Informativo Santiago de Quer\u00e9taro","url":"https:\/\/www.nexoinformativo.mx\/","logo":{"@type":"ImageObject","inLanguage":"es","@id":"https:\/\/www.nexoinformativo.mx\/#\/schema\/logo\/image\/","url":"https:\/\/www.nexoinformativo.mx\/wp-content\/uploads\/2024\/07\/nexoi-trasparente-2.png","contentUrl":"https:\/\/www.nexoinformativo.mx\/wp-content\/uploads\/2024\/07\/nexoi-trasparente-2.png","width":816,"height":339,"caption":"Nexo Informativo Santiago de Quer\u00e9taro"},"image":{"@id":"https:\/\/www.nexoinformativo.mx\/#\/schema\/logo\/image\/"},"sameAs":["https:\/\/www.facebook.com\/people\/Nexo-Informativo\/61564066885511\/"]},{"@type":"Person","@id":"https:\/\/www.nexoinformativo.mx\/#\/schema\/person\/7749d380ba08c8ca00d7bc76fd907b7d","name":"Nexo Informativo","image":{"@type":"ImageObject","inLanguage":"es","@id":"https:\/\/www.nexoinformativo.mx\/#\/schema\/person\/image\/","url":"https:\/\/secure.gravatar.com\/avatar\/dde2928154642a13d95f87ddf1ea9718fe2b46760a005c53e41ff5ad610704e6?s=96&d=mm&r=g","contentUrl":"https:\/\/secure.gravatar.com\/avatar\/dde2928154642a13d95f87ddf1ea9718fe2b46760a005c53e41ff5ad610704e6?s=96&d=mm&r=g","caption":"Nexo Informativo"},"url":"https:\/\/www.nexoinformativo.mx\/index.php\/author\/edicion\/"}]}},"_links":{"self":[{"href":"https:\/\/www.nexoinformativo.mx\/index.php\/wp-json\/wp\/v2\/posts\/5684","targetHints":{"allow":["GET"]}}],"collection":[{"href":"https:\/\/www.nexoinformativo.mx\/index.php\/wp-json\/wp\/v2\/posts"}],"about":[{"href":"https:\/\/www.nexoinformativo.mx\/index.php\/wp-json\/wp\/v2\/types\/post"}],"author":[{"embeddable":true,"href":"https:\/\/www.nexoinformativo.mx\/index.php\/wp-json\/wp\/v2\/users\/3"}],"replies":[{"embeddable":true,"href":"https:\/\/www.nexoinformativo.mx\/index.php\/wp-json\/wp\/v2\/comments?post=5684"}],"version-history":[{"count":4,"href":"https:\/\/www.nexoinformativo.mx\/index.php\/wp-json\/wp\/v2\/posts\/5684\/revisions"}],"predecessor-version":[{"id":5689,"href":"https:\/\/www.nexoinformativo.mx\/index.php\/wp-json\/wp\/v2\/posts\/5684\/revisions\/5689"}],"wp:featuredmedia":[{"embeddable":true,"href":"https:\/\/www.nexoinformativo.mx\/index.php\/wp-json\/wp\/v2\/media\/5685"}],"wp:attachment":[{"href":"https:\/\/www.nexoinformativo.mx\/index.php\/wp-json\/wp\/v2\/media?parent=5684"}],"wp:term":[{"taxonomy":"category","embeddable":true,"href":"https:\/\/www.nexoinformativo.mx\/index.php\/wp-json\/wp\/v2\/categories?post=5684"},{"taxonomy":"post_tag","embeddable":true,"href":"https:\/\/www.nexoinformativo.mx\/index.php\/wp-json\/wp\/v2\/tags?post=5684"}],"curies":[{"name":"wp","href":"https:\/\/api.w.org\/{rel}","templated":true}]}}