{"id":5696,"date":"2024-11-09T12:31:04","date_gmt":"2024-11-09T18:31:04","guid":{"rendered":"https:\/\/www.nexoinformativo.mx\/?p=5696"},"modified":"2024-11-09T13:35:15","modified_gmt":"2024-11-09T19:35:15","slug":"el-requiem-de-mozart-conmovera-al-publico-queretano-en-el-ceart","status":"publish","type":"post","link":"https:\/\/www.nexoinformativo.mx\/index.php\/2024\/11\/09\/el-requiem-de-mozart-conmovera-al-publico-queretano-en-el-ceart\/","title":{"rendered":"El R\u00e9quiem de Mozart conmover\u00e1 al p\u00fablico queretano en el CEART"},"content":{"rendered":"<p style=\"text-align: justify;\" data-sourcepos=\"5:1-5:359\">Los amantes de la m\u00fasica cl\u00e1sica tienen una cita imperdible el pr\u00f3ximo viernes 15 de noviembre en el Auditorio <strong>&#8220;Francisco Mu\u00f1oz&#8221; del Centro de las Artes de Quer\u00e9taro<\/strong> (CEART). En esta ocasi\u00f3n, el coro <strong>&#8220;Maestro Antonio Hern\u00e1ndez Chavela&#8221;<\/strong>, bajo la direcci\u00f3n de Daisy Anizar, interpretar\u00e1 una versi\u00f3n especial del majestuoso R\u00e9quiem de Mozart.<\/p>\n<p>&nbsp;<\/p>\n<p style=\"text-align: justify;\" data-sourcepos=\"7:1-7:232\">Esta obra maestra, compuesta en 1791 y dejada inconclusa por Mozart, es considerada una de las m\u00e1s conmovedoras y sublimes del repertorio cl\u00e1sico. Su profunda espiritualidad y belleza musical han cautivado a generaciones de oyentes.<\/p>\n<p>&nbsp;<\/p>\n<p style=\"text-align: justify;\" data-sourcepos=\"9:1-9:311\">En esta presentaci\u00f3n, el p\u00fablico podr\u00e1 disfrutar de los diferentes movimientos del R\u00e9quiem, que los transportar\u00e1n a trav\u00e9s de una experiencia musical \u00fanica, llena de contrastes y emociones. Adem\u00e1s, el maestro Joel Estrella acompa\u00f1ar\u00e1 la interpretaci\u00f3n en el piano, enriqueciendo a\u00fan m\u00e1s la experiencia auditiva.<\/p>\n<p>&nbsp;<\/p>\n<p style=\"text-align: justify;\" data-sourcepos=\"11:1-11:356\">Es importante destacar que el coro &#8220;Maestro Antonio Hern\u00e1ndez Chavela&#8221; est\u00e1 integrado por m\u00fasicos profesionales, muchos de ellos egresados del Conservatorio de M\u00fasica del estado de Quer\u00e9taro. Este hecho le otorga un valor especial a la presentaci\u00f3n, ya que rinde homenaje al legado musical de un destacado formador y referente en el \u00e1mbito coral.<\/p>\n<p>&nbsp;<\/p>\n<p style=\"text-align: justify;\" data-sourcepos=\"13:1-13:267\">Los boletos para este evento tienen un costo de $200 pesos en preventa y de $250 pesos en taquilla. Puedes adquirirlos en l\u00ednea a trav\u00e9s de <strong>bit.ly\/Requiem_Qro<\/strong> o el d\u00eda del evento en el CEART, ubicado en Jos\u00e9 Mar\u00eda Artega, n\u00famero 89, en el centro hist\u00f3rico de Quer\u00e9taro.<\/p>\n<p>&nbsp;<\/p>\n<p style=\"text-align: justify;\" data-sourcepos=\"15:1-15:151\">No te pierdas esta oportunidad de disfrutar de una noche m\u00e1gica llena de m\u00fasica cl\u00e1sica en uno de los recintos culturales m\u00e1s importantes de Quer\u00e9taro.<\/p>\n<p>&nbsp;<\/p>\n<p style=\"text-align: center;\" data-sourcepos=\"15:1-15:151\"><em><strong>\u00a1Informaci\u00f3n que transforma!<\/strong><\/em><\/p>\n","protected":false},"excerpt":{"rendered":"<p>Los amantes de la m\u00fasica cl\u00e1sica tienen una cita imperdible el pr\u00f3ximo viernes 15 de noviembre en el Auditorio &#8220;Francisco Mu\u00f1oz&#8221; del Centro de las Artes de Quer\u00e9taro (CEART). En esta ocasi\u00f3n, el coro &#8220;Maestro Antonio Hern\u00e1ndez Chavela&#8221;, bajo la direcci\u00f3n de Daisy Anizar, interpretar\u00e1 una versi\u00f3n especial del majestuoso R\u00e9quiem de Mozart. &nbsp; Esta [&hellip;]<\/p>\n","protected":false},"author":3,"featured_media":5697,"comment_status":"open","ping_status":"open","sticky":false,"template":"","format":"standard","meta":{"footnotes":""},"categories":[50,58],"tags":[1950,417,1531,1949],"class_list":["post-5696","post","type-post","status-publish","format-standard","has-post-thumbnail","hentry","category-espectaculos","category-ultima-hora","tag-ceartqueretaro","tag-culturaqueretaro","tag-musicaclasica","tag-requiemdemozart"],"yoast_head":"<!-- This site is optimized with the Yoast SEO plugin v25.0 - https:\/\/yoast.com\/wordpress\/plugins\/seo\/ -->\n<title>El R\u00e9quiem de Mozart conmover\u00e1 al p\u00fablico queretano en el CEART | Nexo Informativo Santiago de Quer\u00e9taro<\/title>\n<meta name=\"robots\" content=\"index, follow, max-snippet:-1, max-image-preview:large, max-video-preview:-1\" \/>\n<link rel=\"canonical\" href=\"https:\/\/www.nexoinformativo.mx\/index.php\/2024\/11\/09\/el-requiem-de-mozart-conmovera-al-publico-queretano-en-el-ceart\/\" \/>\n<meta property=\"og:locale\" content=\"es_MX\" \/>\n<meta property=\"og:type\" content=\"article\" \/>\n<meta property=\"og:title\" content=\"El R\u00e9quiem de Mozart conmover\u00e1 al p\u00fablico queretano en el CEART | Nexo Informativo Santiago de Quer\u00e9taro\" \/>\n<meta property=\"og:description\" content=\"Los amantes de la m\u00fasica cl\u00e1sica tienen una cita imperdible el pr\u00f3ximo viernes 15 de noviembre en el Auditorio &#8220;Francisco Mu\u00f1oz&#8221; del Centro de las Artes de Quer\u00e9taro (CEART). En esta ocasi\u00f3n, el coro &#8220;Maestro Antonio Hern\u00e1ndez Chavela&#8221;, bajo la direcci\u00f3n de Daisy Anizar, interpretar\u00e1 una versi\u00f3n especial del majestuoso R\u00e9quiem de Mozart. &nbsp; Esta [&hellip;]\" \/>\n<meta property=\"og:url\" content=\"https:\/\/www.nexoinformativo.mx\/index.php\/2024\/11\/09\/el-requiem-de-mozart-conmovera-al-publico-queretano-en-el-ceart\/\" \/>\n<meta property=\"og:site_name\" content=\"Nexo Informativo Santiago de Quer\u00e9taro\" \/>\n<meta property=\"article:publisher\" content=\"https:\/\/www.facebook.com\/people\/Nexo-Informativo\/61564066885511\/\" \/>\n<meta property=\"article:published_time\" content=\"2024-11-09T18:31:04+00:00\" \/>\n<meta property=\"article:modified_time\" content=\"2024-11-09T19:35:15+00:00\" \/>\n<meta property=\"og:image\" content=\"https:\/\/www.nexoinformativo.mx\/wp-content\/uploads\/2024\/11\/PHOTO-2024-11-09-13-29-47-e1731180799513.jpg\" \/>\n\t<meta property=\"og:image:width\" content=\"700\" \/>\n\t<meta property=\"og:image:height\" content=\"903\" \/>\n\t<meta property=\"og:image:type\" content=\"image\/jpeg\" \/>\n<meta name=\"author\" content=\"Nexo Informativo\" \/>\n<meta name=\"twitter:card\" content=\"summary_large_image\" \/>\n<meta name=\"twitter:label1\" content=\"Escrito por\" \/>\n\t<meta name=\"twitter:data1\" content=\"Nexo Informativo\" \/>\n\t<meta name=\"twitter:label2\" content=\"Tiempo de lectura\" \/>\n\t<meta name=\"twitter:data2\" content=\"2 minutos\" \/>\n<script type=\"application\/ld+json\" class=\"yoast-schema-graph\">{\"@context\":\"https:\/\/schema.org\",\"@graph\":[{\"@type\":\"Article\",\"@id\":\"https:\/\/www.nexoinformativo.mx\/index.php\/2024\/11\/09\/el-requiem-de-mozart-conmovera-al-publico-queretano-en-el-ceart\/#article\",\"isPartOf\":{\"@id\":\"https:\/\/www.nexoinformativo.mx\/index.php\/2024\/11\/09\/el-requiem-de-mozart-conmovera-al-publico-queretano-en-el-ceart\/\"},\"author\":{\"name\":\"Nexo Informativo\",\"@id\":\"https:\/\/www.nexoinformativo.mx\/#\/schema\/person\/7749d380ba08c8ca00d7bc76fd907b7d\"},\"headline\":\"El R\u00e9quiem de Mozart conmover\u00e1 al p\u00fablico queretano en el CEART\",\"datePublished\":\"2024-11-09T18:31:04+00:00\",\"dateModified\":\"2024-11-09T19:35:15+00:00\",\"mainEntityOfPage\":{\"@id\":\"https:\/\/www.nexoinformativo.mx\/index.php\/2024\/11\/09\/el-requiem-de-mozart-conmovera-al-publico-queretano-en-el-ceart\/\"},\"wordCount\":320,\"commentCount\":0,\"publisher\":{\"@id\":\"https:\/\/www.nexoinformativo.mx\/#organization\"},\"image\":{\"@id\":\"https:\/\/www.nexoinformativo.mx\/index.php\/2024\/11\/09\/el-requiem-de-mozart-conmovera-al-publico-queretano-en-el-ceart\/#primaryimage\"},\"thumbnailUrl\":\"https:\/\/www.nexoinformativo.mx\/wp-content\/uploads\/2024\/11\/PHOTO-2024-11-09-13-29-47-e1731180799513.jpg\",\"keywords\":[\"CEARTQuer\u00e9taro\",\"CulturaQuer\u00e9taro\",\"M\u00fasicaCl\u00e1sica\",\"R\u00e9quiemDeMozart\"],\"articleSection\":[\"Espect\u00e1culos\",\"\u00daltima Hora\"],\"inLanguage\":\"es\",\"potentialAction\":[{\"@type\":\"CommentAction\",\"name\":\"Comment\",\"target\":[\"https:\/\/www.nexoinformativo.mx\/index.php\/2024\/11\/09\/el-requiem-de-mozart-conmovera-al-publico-queretano-en-el-ceart\/#respond\"]}]},{\"@type\":\"WebPage\",\"@id\":\"https:\/\/www.nexoinformativo.mx\/index.php\/2024\/11\/09\/el-requiem-de-mozart-conmovera-al-publico-queretano-en-el-ceart\/\",\"url\":\"https:\/\/www.nexoinformativo.mx\/index.php\/2024\/11\/09\/el-requiem-de-mozart-conmovera-al-publico-queretano-en-el-ceart\/\",\"name\":\"El R\u00e9quiem de Mozart conmover\u00e1 al p\u00fablico queretano en el CEART | Nexo Informativo Santiago de Quer\u00e9taro\",\"isPartOf\":{\"@id\":\"https:\/\/www.nexoinformativo.mx\/#website\"},\"primaryImageOfPage\":{\"@id\":\"https:\/\/www.nexoinformativo.mx\/index.php\/2024\/11\/09\/el-requiem-de-mozart-conmovera-al-publico-queretano-en-el-ceart\/#primaryimage\"},\"image\":{\"@id\":\"https:\/\/www.nexoinformativo.mx\/index.php\/2024\/11\/09\/el-requiem-de-mozart-conmovera-al-publico-queretano-en-el-ceart\/#primaryimage\"},\"thumbnailUrl\":\"https:\/\/www.nexoinformativo.mx\/wp-content\/uploads\/2024\/11\/PHOTO-2024-11-09-13-29-47-e1731180799513.jpg\",\"datePublished\":\"2024-11-09T18:31:04+00:00\",\"dateModified\":\"2024-11-09T19:35:15+00:00\",\"breadcrumb\":{\"@id\":\"https:\/\/www.nexoinformativo.mx\/index.php\/2024\/11\/09\/el-requiem-de-mozart-conmovera-al-publico-queretano-en-el-ceart\/#breadcrumb\"},\"inLanguage\":\"es\",\"potentialAction\":[{\"@type\":\"ReadAction\",\"target\":[\"https:\/\/www.nexoinformativo.mx\/index.php\/2024\/11\/09\/el-requiem-de-mozart-conmovera-al-publico-queretano-en-el-ceart\/\"]}]},{\"@type\":\"ImageObject\",\"inLanguage\":\"es\",\"@id\":\"https:\/\/www.nexoinformativo.mx\/index.php\/2024\/11\/09\/el-requiem-de-mozart-conmovera-al-publico-queretano-en-el-ceart\/#primaryimage\",\"url\":\"https:\/\/www.nexoinformativo.mx\/wp-content\/uploads\/2024\/11\/PHOTO-2024-11-09-13-29-47-e1731180799513.jpg\",\"contentUrl\":\"https:\/\/www.nexoinformativo.mx\/wp-content\/uploads\/2024\/11\/PHOTO-2024-11-09-13-29-47-e1731180799513.jpg\",\"width\":700,\"height\":903},{\"@type\":\"BreadcrumbList\",\"@id\":\"https:\/\/www.nexoinformativo.mx\/index.php\/2024\/11\/09\/el-requiem-de-mozart-conmovera-al-publico-queretano-en-el-ceart\/#breadcrumb\",\"itemListElement\":[{\"@type\":\"ListItem\",\"position\":1,\"name\":\"Inicio\",\"item\":\"https:\/\/www.nexoinformativo.mx\/\"},{\"@type\":\"ListItem\",\"position\":2,\"name\":\"El R\u00e9quiem de Mozart conmover\u00e1 al p\u00fablico queretano en el CEART\"}]},{\"@type\":\"WebSite\",\"@id\":\"https:\/\/www.nexoinformativo.mx\/#website\",\"url\":\"https:\/\/www.nexoinformativo.mx\/\",\"name\":\"Nexo Informativo Santiago de Quer\u00e9taro\",\"description\":\"Explora NexoInformativo y convi\u00e9rtete en parte de una comunidad que valora el conocimiento y la verdad. Tu nexoinformativo es tu puente hacia una comprensi\u00f3n m\u00e1s profunda del mundo que te rodea.\",\"publisher\":{\"@id\":\"https:\/\/www.nexoinformativo.mx\/#organization\"},\"potentialAction\":[{\"@type\":\"SearchAction\",\"target\":{\"@type\":\"EntryPoint\",\"urlTemplate\":\"https:\/\/www.nexoinformativo.mx\/?s={search_term_string}\"},\"query-input\":{\"@type\":\"PropertyValueSpecification\",\"valueRequired\":true,\"valueName\":\"search_term_string\"}}],\"inLanguage\":\"es\"},{\"@type\":\"Organization\",\"@id\":\"https:\/\/www.nexoinformativo.mx\/#organization\",\"name\":\"Nexo Informativo Santiago de Quer\u00e9taro\",\"url\":\"https:\/\/www.nexoinformativo.mx\/\",\"logo\":{\"@type\":\"ImageObject\",\"inLanguage\":\"es\",\"@id\":\"https:\/\/www.nexoinformativo.mx\/#\/schema\/logo\/image\/\",\"url\":\"https:\/\/www.nexoinformativo.mx\/wp-content\/uploads\/2024\/07\/nexoi-trasparente-2.png\",\"contentUrl\":\"https:\/\/www.nexoinformativo.mx\/wp-content\/uploads\/2024\/07\/nexoi-trasparente-2.png\",\"width\":816,\"height\":339,\"caption\":\"Nexo Informativo Santiago de Quer\u00e9taro\"},\"image\":{\"@id\":\"https:\/\/www.nexoinformativo.mx\/#\/schema\/logo\/image\/\"},\"sameAs\":[\"https:\/\/www.facebook.com\/people\/Nexo-Informativo\/61564066885511\/\"]},{\"@type\":\"Person\",\"@id\":\"https:\/\/www.nexoinformativo.mx\/#\/schema\/person\/7749d380ba08c8ca00d7bc76fd907b7d\",\"name\":\"Nexo Informativo\",\"image\":{\"@type\":\"ImageObject\",\"inLanguage\":\"es\",\"@id\":\"https:\/\/www.nexoinformativo.mx\/#\/schema\/person\/image\/\",\"url\":\"https:\/\/secure.gravatar.com\/avatar\/dde2928154642a13d95f87ddf1ea9718fe2b46760a005c53e41ff5ad610704e6?s=96&d=mm&r=g\",\"contentUrl\":\"https:\/\/secure.gravatar.com\/avatar\/dde2928154642a13d95f87ddf1ea9718fe2b46760a005c53e41ff5ad610704e6?s=96&d=mm&r=g\",\"caption\":\"Nexo Informativo\"},\"url\":\"https:\/\/www.nexoinformativo.mx\/index.php\/author\/edicion\/\"}]}<\/script>\n<!-- \/ Yoast SEO plugin. -->","yoast_head_json":{"title":"El R\u00e9quiem de Mozart conmover\u00e1 al p\u00fablico queretano en el CEART | Nexo Informativo Santiago de Quer\u00e9taro","robots":{"index":"index","follow":"follow","max-snippet":"max-snippet:-1","max-image-preview":"max-image-preview:large","max-video-preview":"max-video-preview:-1"},"canonical":"https:\/\/www.nexoinformativo.mx\/index.php\/2024\/11\/09\/el-requiem-de-mozart-conmovera-al-publico-queretano-en-el-ceart\/","og_locale":"es_MX","og_type":"article","og_title":"El R\u00e9quiem de Mozart conmover\u00e1 al p\u00fablico queretano en el CEART | Nexo Informativo Santiago de Quer\u00e9taro","og_description":"Los amantes de la m\u00fasica cl\u00e1sica tienen una cita imperdible el pr\u00f3ximo viernes 15 de noviembre en el Auditorio &#8220;Francisco Mu\u00f1oz&#8221; del Centro de las Artes de Quer\u00e9taro (CEART). En esta ocasi\u00f3n, el coro &#8220;Maestro Antonio Hern\u00e1ndez Chavela&#8221;, bajo la direcci\u00f3n de Daisy Anizar, interpretar\u00e1 una versi\u00f3n especial del majestuoso R\u00e9quiem de Mozart. &nbsp; Esta [&hellip;]","og_url":"https:\/\/www.nexoinformativo.mx\/index.php\/2024\/11\/09\/el-requiem-de-mozart-conmovera-al-publico-queretano-en-el-ceart\/","og_site_name":"Nexo Informativo Santiago de Quer\u00e9taro","article_publisher":"https:\/\/www.facebook.com\/people\/Nexo-Informativo\/61564066885511\/","article_published_time":"2024-11-09T18:31:04+00:00","article_modified_time":"2024-11-09T19:35:15+00:00","og_image":[{"width":700,"height":903,"url":"https:\/\/www.nexoinformativo.mx\/wp-content\/uploads\/2024\/11\/PHOTO-2024-11-09-13-29-47-e1731180799513.jpg","type":"image\/jpeg"}],"author":"Nexo Informativo","twitter_card":"summary_large_image","twitter_misc":{"Escrito por":"Nexo Informativo","Tiempo de lectura":"2 minutos"},"schema":{"@context":"https:\/\/schema.org","@graph":[{"@type":"Article","@id":"https:\/\/www.nexoinformativo.mx\/index.php\/2024\/11\/09\/el-requiem-de-mozart-conmovera-al-publico-queretano-en-el-ceart\/#article","isPartOf":{"@id":"https:\/\/www.nexoinformativo.mx\/index.php\/2024\/11\/09\/el-requiem-de-mozart-conmovera-al-publico-queretano-en-el-ceart\/"},"author":{"name":"Nexo Informativo","@id":"https:\/\/www.nexoinformativo.mx\/#\/schema\/person\/7749d380ba08c8ca00d7bc76fd907b7d"},"headline":"El R\u00e9quiem de Mozart conmover\u00e1 al p\u00fablico queretano en el CEART","datePublished":"2024-11-09T18:31:04+00:00","dateModified":"2024-11-09T19:35:15+00:00","mainEntityOfPage":{"@id":"https:\/\/www.nexoinformativo.mx\/index.php\/2024\/11\/09\/el-requiem-de-mozart-conmovera-al-publico-queretano-en-el-ceart\/"},"wordCount":320,"commentCount":0,"publisher":{"@id":"https:\/\/www.nexoinformativo.mx\/#organization"},"image":{"@id":"https:\/\/www.nexoinformativo.mx\/index.php\/2024\/11\/09\/el-requiem-de-mozart-conmovera-al-publico-queretano-en-el-ceart\/#primaryimage"},"thumbnailUrl":"https:\/\/www.nexoinformativo.mx\/wp-content\/uploads\/2024\/11\/PHOTO-2024-11-09-13-29-47-e1731180799513.jpg","keywords":["CEARTQuer\u00e9taro","CulturaQuer\u00e9taro","M\u00fasicaCl\u00e1sica","R\u00e9quiemDeMozart"],"articleSection":["Espect\u00e1culos","\u00daltima Hora"],"inLanguage":"es","potentialAction":[{"@type":"CommentAction","name":"Comment","target":["https:\/\/www.nexoinformativo.mx\/index.php\/2024\/11\/09\/el-requiem-de-mozart-conmovera-al-publico-queretano-en-el-ceart\/#respond"]}]},{"@type":"WebPage","@id":"https:\/\/www.nexoinformativo.mx\/index.php\/2024\/11\/09\/el-requiem-de-mozart-conmovera-al-publico-queretano-en-el-ceart\/","url":"https:\/\/www.nexoinformativo.mx\/index.php\/2024\/11\/09\/el-requiem-de-mozart-conmovera-al-publico-queretano-en-el-ceart\/","name":"El R\u00e9quiem de Mozart conmover\u00e1 al p\u00fablico queretano en el CEART | Nexo Informativo Santiago de Quer\u00e9taro","isPartOf":{"@id":"https:\/\/www.nexoinformativo.mx\/#website"},"primaryImageOfPage":{"@id":"https:\/\/www.nexoinformativo.mx\/index.php\/2024\/11\/09\/el-requiem-de-mozart-conmovera-al-publico-queretano-en-el-ceart\/#primaryimage"},"image":{"@id":"https:\/\/www.nexoinformativo.mx\/index.php\/2024\/11\/09\/el-requiem-de-mozart-conmovera-al-publico-queretano-en-el-ceart\/#primaryimage"},"thumbnailUrl":"https:\/\/www.nexoinformativo.mx\/wp-content\/uploads\/2024\/11\/PHOTO-2024-11-09-13-29-47-e1731180799513.jpg","datePublished":"2024-11-09T18:31:04+00:00","dateModified":"2024-11-09T19:35:15+00:00","breadcrumb":{"@id":"https:\/\/www.nexoinformativo.mx\/index.php\/2024\/11\/09\/el-requiem-de-mozart-conmovera-al-publico-queretano-en-el-ceart\/#breadcrumb"},"inLanguage":"es","potentialAction":[{"@type":"ReadAction","target":["https:\/\/www.nexoinformativo.mx\/index.php\/2024\/11\/09\/el-requiem-de-mozart-conmovera-al-publico-queretano-en-el-ceart\/"]}]},{"@type":"ImageObject","inLanguage":"es","@id":"https:\/\/www.nexoinformativo.mx\/index.php\/2024\/11\/09\/el-requiem-de-mozart-conmovera-al-publico-queretano-en-el-ceart\/#primaryimage","url":"https:\/\/www.nexoinformativo.mx\/wp-content\/uploads\/2024\/11\/PHOTO-2024-11-09-13-29-47-e1731180799513.jpg","contentUrl":"https:\/\/www.nexoinformativo.mx\/wp-content\/uploads\/2024\/11\/PHOTO-2024-11-09-13-29-47-e1731180799513.jpg","width":700,"height":903},{"@type":"BreadcrumbList","@id":"https:\/\/www.nexoinformativo.mx\/index.php\/2024\/11\/09\/el-requiem-de-mozart-conmovera-al-publico-queretano-en-el-ceart\/#breadcrumb","itemListElement":[{"@type":"ListItem","position":1,"name":"Inicio","item":"https:\/\/www.nexoinformativo.mx\/"},{"@type":"ListItem","position":2,"name":"El R\u00e9quiem de Mozart conmover\u00e1 al p\u00fablico queretano en el CEART"}]},{"@type":"WebSite","@id":"https:\/\/www.nexoinformativo.mx\/#website","url":"https:\/\/www.nexoinformativo.mx\/","name":"Nexo Informativo Santiago de Quer\u00e9taro","description":"Explora NexoInformativo y convi\u00e9rtete en parte de una comunidad que valora el conocimiento y la verdad. Tu nexoinformativo es tu puente hacia una comprensi\u00f3n m\u00e1s profunda del mundo que te rodea.","publisher":{"@id":"https:\/\/www.nexoinformativo.mx\/#organization"},"potentialAction":[{"@type":"SearchAction","target":{"@type":"EntryPoint","urlTemplate":"https:\/\/www.nexoinformativo.mx\/?s={search_term_string}"},"query-input":{"@type":"PropertyValueSpecification","valueRequired":true,"valueName":"search_term_string"}}],"inLanguage":"es"},{"@type":"Organization","@id":"https:\/\/www.nexoinformativo.mx\/#organization","name":"Nexo Informativo Santiago de Quer\u00e9taro","url":"https:\/\/www.nexoinformativo.mx\/","logo":{"@type":"ImageObject","inLanguage":"es","@id":"https:\/\/www.nexoinformativo.mx\/#\/schema\/logo\/image\/","url":"https:\/\/www.nexoinformativo.mx\/wp-content\/uploads\/2024\/07\/nexoi-trasparente-2.png","contentUrl":"https:\/\/www.nexoinformativo.mx\/wp-content\/uploads\/2024\/07\/nexoi-trasparente-2.png","width":816,"height":339,"caption":"Nexo Informativo Santiago de Quer\u00e9taro"},"image":{"@id":"https:\/\/www.nexoinformativo.mx\/#\/schema\/logo\/image\/"},"sameAs":["https:\/\/www.facebook.com\/people\/Nexo-Informativo\/61564066885511\/"]},{"@type":"Person","@id":"https:\/\/www.nexoinformativo.mx\/#\/schema\/person\/7749d380ba08c8ca00d7bc76fd907b7d","name":"Nexo Informativo","image":{"@type":"ImageObject","inLanguage":"es","@id":"https:\/\/www.nexoinformativo.mx\/#\/schema\/person\/image\/","url":"https:\/\/secure.gravatar.com\/avatar\/dde2928154642a13d95f87ddf1ea9718fe2b46760a005c53e41ff5ad610704e6?s=96&d=mm&r=g","contentUrl":"https:\/\/secure.gravatar.com\/avatar\/dde2928154642a13d95f87ddf1ea9718fe2b46760a005c53e41ff5ad610704e6?s=96&d=mm&r=g","caption":"Nexo Informativo"},"url":"https:\/\/www.nexoinformativo.mx\/index.php\/author\/edicion\/"}]}},"_links":{"self":[{"href":"https:\/\/www.nexoinformativo.mx\/index.php\/wp-json\/wp\/v2\/posts\/5696","targetHints":{"allow":["GET"]}}],"collection":[{"href":"https:\/\/www.nexoinformativo.mx\/index.php\/wp-json\/wp\/v2\/posts"}],"about":[{"href":"https:\/\/www.nexoinformativo.mx\/index.php\/wp-json\/wp\/v2\/types\/post"}],"author":[{"embeddable":true,"href":"https:\/\/www.nexoinformativo.mx\/index.php\/wp-json\/wp\/v2\/users\/3"}],"replies":[{"embeddable":true,"href":"https:\/\/www.nexoinformativo.mx\/index.php\/wp-json\/wp\/v2\/comments?post=5696"}],"version-history":[{"count":3,"href":"https:\/\/www.nexoinformativo.mx\/index.php\/wp-json\/wp\/v2\/posts\/5696\/revisions"}],"predecessor-version":[{"id":5700,"href":"https:\/\/www.nexoinformativo.mx\/index.php\/wp-json\/wp\/v2\/posts\/5696\/revisions\/5700"}],"wp:featuredmedia":[{"embeddable":true,"href":"https:\/\/www.nexoinformativo.mx\/index.php\/wp-json\/wp\/v2\/media\/5697"}],"wp:attachment":[{"href":"https:\/\/www.nexoinformativo.mx\/index.php\/wp-json\/wp\/v2\/media?parent=5696"}],"wp:term":[{"taxonomy":"category","embeddable":true,"href":"https:\/\/www.nexoinformativo.mx\/index.php\/wp-json\/wp\/v2\/categories?post=5696"},{"taxonomy":"post_tag","embeddable":true,"href":"https:\/\/www.nexoinformativo.mx\/index.php\/wp-json\/wp\/v2\/tags?post=5696"}],"curies":[{"name":"wp","href":"https:\/\/api.w.org\/{rel}","templated":true}]}}