{"id":5701,"date":"2024-11-09T13:00:20","date_gmt":"2024-11-09T19:00:20","guid":{"rendered":"https:\/\/www.nexoinformativo.mx\/?p=5701"},"modified":"2024-11-09T13:59:31","modified_gmt":"2024-11-09T19:59:31","slug":"propuesta-de-sheinbaum-al-g20-1-del-presupuesto-militar-para-combatir-la-pobreza","status":"publish","type":"post","link":"https:\/\/www.nexoinformativo.mx\/index.php\/2024\/11\/09\/propuesta-de-sheinbaum-al-g20-1-del-presupuesto-militar-para-combatir-la-pobreza\/","title":{"rendered":"Propuesta de Sheinbaum al G20: 1% del presupuesto militar para combatir la pobreza"},"content":{"rendered":"<p style=\"text-align: justify;\">Propuesta innovadora en la <strong>Cumbre G20<\/strong>\u00a0de la\u00a0Presidenta de M\u00e9xico, Claudia Sheinbaum, propondr\u00e1 al G20 destinar el 1% del presupuesto armamentista para atender la pobreza.<\/p>\n<p>&nbsp;<\/p>\n<p style=\"text-align: justify;\">Esta iniciativa busca reorientar los recursos destinados a armamento hacia el bienestar de los m\u00e1s necesitados del mundo. La <strong>Cumbre G20<\/strong>\u00a0se llevar\u00e1 acabo\u00a0los d\u00edas 18 y 19 de noviembre de 2024, en R\u00edo de Janeiro.<\/p>\n<p>&nbsp;<\/p>\n<p style=\"text-align: justify;\">Sheinbaum se\u00f1al\u00f3 que esta propuesta ser\u00e1 presentada en la Cumbre G20 para reivindicar los derechos de las mujeres y mostrar los avances de M\u00e9xico en esta \u00e1rea. La Presidenta enfatiz\u00f3 la importancia de utilizar el presupuesto para el desarrollo del pa\u00eds y el bienestar de su poblaci\u00f3n.<\/p>\n<p>&nbsp;<\/p>\n<p style=\"text-align: justify;\">Destacando que M\u00e9xico es un pa\u00eds libre, independiente y soberano, y que en cualquier reuni\u00f3n multilateral, M\u00e9xico se presenta con orgullo y como igual. Subray\u00f3 que la labor principal de un presidente es conducir los destinos de su pa\u00eds para el bienestar de su pueblo.<\/p>\n<p>&nbsp;<\/p>\n<p style=\"text-align: justify;\">Tambi\u00e9n inform\u00f3 que ha enviado al Senado de la Rep\u00fablica la solicitud de permiso para asistir a la Cumbre de L\u00edderes G20 en R\u00edo de Janeiro, Brasil. Durante la cumbre, se prev\u00e9n encuentros bilaterales con Canad\u00e1, China, Corea, Francia, Indonesia, Jap\u00f3n y Reino Unido.<\/p>\n<p>&nbsp;<\/p>\n<p style=\"text-align: center;\"><em><strong>\u00a1Informaci\u00f3n que transforma!<\/strong><\/em><\/p>\n","protected":false},"excerpt":{"rendered":"<p>Propuesta innovadora en la Cumbre G20\u00a0de la\u00a0Presidenta de M\u00e9xico, Claudia Sheinbaum, propondr\u00e1 al G20 destinar el 1% del presupuesto armamentista para atender la pobreza.<\/p>\n","protected":false},"author":3,"featured_media":5702,"comment_status":"open","ping_status":"open","sticky":false,"template":"","format":"standard","meta":{"footnotes":""},"categories":[5,88,58],"tags":[1892,1951,1953,1952],"class_list":["post-5701","post","type-post","status-publish","format-standard","has-post-thumbnail","hentry","category-economia","category-nacional","category-ultima-hora","tag-derechosdelasmujeres","tag-g20cumbre","tag-pobrezacero","tag-propuestasheinbaum"],"yoast_head":"<!-- This site is optimized with the Yoast SEO plugin v25.0 - https:\/\/yoast.com\/wordpress\/plugins\/seo\/ -->\n<title>Propuesta de Sheinbaum al G20: 1% del presupuesto militar para combatir la pobreza | Nexo Informativo Santiago de Quer\u00e9taro<\/title>\n<meta name=\"description\" content=\"Propuesta de Sheinbaum al G20: 1% del presupuesto militar para combatir la pobreza\" \/>\n<meta name=\"robots\" content=\"index, follow, max-snippet:-1, max-image-preview:large, max-video-preview:-1\" \/>\n<link rel=\"canonical\" href=\"https:\/\/www.nexoinformativo.mx\/index.php\/2024\/11\/09\/propuesta-de-sheinbaum-al-g20-1-del-presupuesto-militar-para-combatir-la-pobreza\/\" \/>\n<meta property=\"og:locale\" content=\"es_MX\" \/>\n<meta property=\"og:type\" content=\"article\" \/>\n<meta property=\"og:title\" content=\"Propuesta de Sheinbaum al G20: 1% del presupuesto militar para combatir la pobreza | Nexo Informativo Santiago de Quer\u00e9taro\" \/>\n<meta property=\"og:description\" content=\"Propuesta de Sheinbaum al G20: 1% del presupuesto militar para combatir la pobreza\" \/>\n<meta property=\"og:url\" content=\"https:\/\/www.nexoinformativo.mx\/index.php\/2024\/11\/09\/propuesta-de-sheinbaum-al-g20-1-del-presupuesto-militar-para-combatir-la-pobreza\/\" \/>\n<meta property=\"og:site_name\" content=\"Nexo Informativo Santiago de Quer\u00e9taro\" \/>\n<meta property=\"article:publisher\" content=\"https:\/\/www.facebook.com\/people\/Nexo-Informativo\/61564066885511\/\" \/>\n<meta property=\"article:published_time\" content=\"2024-11-09T19:00:20+00:00\" \/>\n<meta property=\"article:modified_time\" content=\"2024-11-09T19:59:31+00:00\" \/>\n<meta property=\"og:image\" content=\"https:\/\/www.nexoinformativo.mx\/wp-content\/uploads\/2024\/11\/IMG_7600.jpg\" \/>\n\t<meta property=\"og:image:width\" content=\"554\" \/>\n\t<meta property=\"og:image:height\" content=\"554\" \/>\n\t<meta property=\"og:image:type\" content=\"image\/jpeg\" \/>\n<meta name=\"author\" content=\"Nexo Informativo\" \/>\n<meta name=\"twitter:card\" content=\"summary_large_image\" \/>\n<meta name=\"twitter:label1\" content=\"Escrito por\" \/>\n\t<meta name=\"twitter:data1\" content=\"Nexo Informativo\" \/>\n\t<meta name=\"twitter:label2\" content=\"Tiempo de lectura\" \/>\n\t<meta name=\"twitter:data2\" content=\"2 minutos\" \/>\n<script type=\"application\/ld+json\" class=\"yoast-schema-graph\">{\"@context\":\"https:\/\/schema.org\",\"@graph\":[{\"@type\":\"Article\",\"@id\":\"https:\/\/www.nexoinformativo.mx\/index.php\/2024\/11\/09\/propuesta-de-sheinbaum-al-g20-1-del-presupuesto-militar-para-combatir-la-pobreza\/#article\",\"isPartOf\":{\"@id\":\"https:\/\/www.nexoinformativo.mx\/index.php\/2024\/11\/09\/propuesta-de-sheinbaum-al-g20-1-del-presupuesto-militar-para-combatir-la-pobreza\/\"},\"author\":{\"name\":\"Nexo Informativo\",\"@id\":\"https:\/\/www.nexoinformativo.mx\/#\/schema\/person\/7749d380ba08c8ca00d7bc76fd907b7d\"},\"headline\":\"Propuesta de Sheinbaum al G20: 1% del presupuesto militar para combatir la pobreza\",\"datePublished\":\"2024-11-09T19:00:20+00:00\",\"dateModified\":\"2024-11-09T19:59:31+00:00\",\"mainEntityOfPage\":{\"@id\":\"https:\/\/www.nexoinformativo.mx\/index.php\/2024\/11\/09\/propuesta-de-sheinbaum-al-g20-1-del-presupuesto-militar-para-combatir-la-pobreza\/\"},\"wordCount\":235,\"commentCount\":0,\"publisher\":{\"@id\":\"https:\/\/www.nexoinformativo.mx\/#organization\"},\"image\":{\"@id\":\"https:\/\/www.nexoinformativo.mx\/index.php\/2024\/11\/09\/propuesta-de-sheinbaum-al-g20-1-del-presupuesto-militar-para-combatir-la-pobreza\/#primaryimage\"},\"thumbnailUrl\":\"https:\/\/www.nexoinformativo.mx\/wp-content\/uploads\/2024\/11\/IMG_7600.jpg\",\"keywords\":[\"DerechosDeLasMujeres\",\"G20Cumbre\",\"PobrezaCero\",\"PropuestaSheinbaum\"],\"articleSection\":[\"Econom\u00eda\",\"Nacional\",\"\u00daltima Hora\"],\"inLanguage\":\"es\",\"potentialAction\":[{\"@type\":\"CommentAction\",\"name\":\"Comment\",\"target\":[\"https:\/\/www.nexoinformativo.mx\/index.php\/2024\/11\/09\/propuesta-de-sheinbaum-al-g20-1-del-presupuesto-militar-para-combatir-la-pobreza\/#respond\"]}]},{\"@type\":\"WebPage\",\"@id\":\"https:\/\/www.nexoinformativo.mx\/index.php\/2024\/11\/09\/propuesta-de-sheinbaum-al-g20-1-del-presupuesto-militar-para-combatir-la-pobreza\/\",\"url\":\"https:\/\/www.nexoinformativo.mx\/index.php\/2024\/11\/09\/propuesta-de-sheinbaum-al-g20-1-del-presupuesto-militar-para-combatir-la-pobreza\/\",\"name\":\"Propuesta de Sheinbaum al G20: 1% del presupuesto militar para combatir la pobreza | Nexo Informativo Santiago de Quer\u00e9taro\",\"isPartOf\":{\"@id\":\"https:\/\/www.nexoinformativo.mx\/#website\"},\"primaryImageOfPage\":{\"@id\":\"https:\/\/www.nexoinformativo.mx\/index.php\/2024\/11\/09\/propuesta-de-sheinbaum-al-g20-1-del-presupuesto-militar-para-combatir-la-pobreza\/#primaryimage\"},\"image\":{\"@id\":\"https:\/\/www.nexoinformativo.mx\/index.php\/2024\/11\/09\/propuesta-de-sheinbaum-al-g20-1-del-presupuesto-militar-para-combatir-la-pobreza\/#primaryimage\"},\"thumbnailUrl\":\"https:\/\/www.nexoinformativo.mx\/wp-content\/uploads\/2024\/11\/IMG_7600.jpg\",\"datePublished\":\"2024-11-09T19:00:20+00:00\",\"dateModified\":\"2024-11-09T19:59:31+00:00\",\"description\":\"Propuesta de Sheinbaum al G20: 1% del presupuesto militar para combatir la pobreza\",\"breadcrumb\":{\"@id\":\"https:\/\/www.nexoinformativo.mx\/index.php\/2024\/11\/09\/propuesta-de-sheinbaum-al-g20-1-del-presupuesto-militar-para-combatir-la-pobreza\/#breadcrumb\"},\"inLanguage\":\"es\",\"potentialAction\":[{\"@type\":\"ReadAction\",\"target\":[\"https:\/\/www.nexoinformativo.mx\/index.php\/2024\/11\/09\/propuesta-de-sheinbaum-al-g20-1-del-presupuesto-militar-para-combatir-la-pobreza\/\"]}]},{\"@type\":\"ImageObject\",\"inLanguage\":\"es\",\"@id\":\"https:\/\/www.nexoinformativo.mx\/index.php\/2024\/11\/09\/propuesta-de-sheinbaum-al-g20-1-del-presupuesto-militar-para-combatir-la-pobreza\/#primaryimage\",\"url\":\"https:\/\/www.nexoinformativo.mx\/wp-content\/uploads\/2024\/11\/IMG_7600.jpg\",\"contentUrl\":\"https:\/\/www.nexoinformativo.mx\/wp-content\/uploads\/2024\/11\/IMG_7600.jpg\",\"width\":554,\"height\":554},{\"@type\":\"BreadcrumbList\",\"@id\":\"https:\/\/www.nexoinformativo.mx\/index.php\/2024\/11\/09\/propuesta-de-sheinbaum-al-g20-1-del-presupuesto-militar-para-combatir-la-pobreza\/#breadcrumb\",\"itemListElement\":[{\"@type\":\"ListItem\",\"position\":1,\"name\":\"Inicio\",\"item\":\"https:\/\/www.nexoinformativo.mx\/\"},{\"@type\":\"ListItem\",\"position\":2,\"name\":\"Propuesta de Sheinbaum al G20: 1% del presupuesto militar para combatir la pobreza\"}]},{\"@type\":\"WebSite\",\"@id\":\"https:\/\/www.nexoinformativo.mx\/#website\",\"url\":\"https:\/\/www.nexoinformativo.mx\/\",\"name\":\"Nexo Informativo Santiago de Quer\u00e9taro\",\"description\":\"Explora NexoInformativo y convi\u00e9rtete en parte de una comunidad que valora el conocimiento y la verdad. Tu nexoinformativo es tu puente hacia una comprensi\u00f3n m\u00e1s profunda del mundo que te rodea.\",\"publisher\":{\"@id\":\"https:\/\/www.nexoinformativo.mx\/#organization\"},\"potentialAction\":[{\"@type\":\"SearchAction\",\"target\":{\"@type\":\"EntryPoint\",\"urlTemplate\":\"https:\/\/www.nexoinformativo.mx\/?s={search_term_string}\"},\"query-input\":{\"@type\":\"PropertyValueSpecification\",\"valueRequired\":true,\"valueName\":\"search_term_string\"}}],\"inLanguage\":\"es\"},{\"@type\":\"Organization\",\"@id\":\"https:\/\/www.nexoinformativo.mx\/#organization\",\"name\":\"Nexo Informativo Santiago de Quer\u00e9taro\",\"url\":\"https:\/\/www.nexoinformativo.mx\/\",\"logo\":{\"@type\":\"ImageObject\",\"inLanguage\":\"es\",\"@id\":\"https:\/\/www.nexoinformativo.mx\/#\/schema\/logo\/image\/\",\"url\":\"https:\/\/www.nexoinformativo.mx\/wp-content\/uploads\/2024\/07\/nexoi-trasparente-2.png\",\"contentUrl\":\"https:\/\/www.nexoinformativo.mx\/wp-content\/uploads\/2024\/07\/nexoi-trasparente-2.png\",\"width\":816,\"height\":339,\"caption\":\"Nexo Informativo Santiago de Quer\u00e9taro\"},\"image\":{\"@id\":\"https:\/\/www.nexoinformativo.mx\/#\/schema\/logo\/image\/\"},\"sameAs\":[\"https:\/\/www.facebook.com\/people\/Nexo-Informativo\/61564066885511\/\"]},{\"@type\":\"Person\",\"@id\":\"https:\/\/www.nexoinformativo.mx\/#\/schema\/person\/7749d380ba08c8ca00d7bc76fd907b7d\",\"name\":\"Nexo Informativo\",\"image\":{\"@type\":\"ImageObject\",\"inLanguage\":\"es\",\"@id\":\"https:\/\/www.nexoinformativo.mx\/#\/schema\/person\/image\/\",\"url\":\"https:\/\/secure.gravatar.com\/avatar\/dde2928154642a13d95f87ddf1ea9718fe2b46760a005c53e41ff5ad610704e6?s=96&d=mm&r=g\",\"contentUrl\":\"https:\/\/secure.gravatar.com\/avatar\/dde2928154642a13d95f87ddf1ea9718fe2b46760a005c53e41ff5ad610704e6?s=96&d=mm&r=g\",\"caption\":\"Nexo Informativo\"},\"url\":\"https:\/\/www.nexoinformativo.mx\/index.php\/author\/edicion\/\"}]}<\/script>\n<!-- \/ Yoast SEO plugin. -->","yoast_head_json":{"title":"Propuesta de Sheinbaum al G20: 1% del presupuesto militar para combatir la pobreza | Nexo Informativo Santiago de Quer\u00e9taro","description":"Propuesta de Sheinbaum al G20: 1% del presupuesto militar para combatir la pobreza","robots":{"index":"index","follow":"follow","max-snippet":"max-snippet:-1","max-image-preview":"max-image-preview:large","max-video-preview":"max-video-preview:-1"},"canonical":"https:\/\/www.nexoinformativo.mx\/index.php\/2024\/11\/09\/propuesta-de-sheinbaum-al-g20-1-del-presupuesto-militar-para-combatir-la-pobreza\/","og_locale":"es_MX","og_type":"article","og_title":"Propuesta de Sheinbaum al G20: 1% del presupuesto militar para combatir la pobreza | Nexo Informativo Santiago de Quer\u00e9taro","og_description":"Propuesta de Sheinbaum al G20: 1% del presupuesto militar para combatir la pobreza","og_url":"https:\/\/www.nexoinformativo.mx\/index.php\/2024\/11\/09\/propuesta-de-sheinbaum-al-g20-1-del-presupuesto-militar-para-combatir-la-pobreza\/","og_site_name":"Nexo Informativo Santiago de Quer\u00e9taro","article_publisher":"https:\/\/www.facebook.com\/people\/Nexo-Informativo\/61564066885511\/","article_published_time":"2024-11-09T19:00:20+00:00","article_modified_time":"2024-11-09T19:59:31+00:00","og_image":[{"width":554,"height":554,"url":"https:\/\/www.nexoinformativo.mx\/wp-content\/uploads\/2024\/11\/IMG_7600.jpg","type":"image\/jpeg"}],"author":"Nexo Informativo","twitter_card":"summary_large_image","twitter_misc":{"Escrito por":"Nexo Informativo","Tiempo de lectura":"2 minutos"},"schema":{"@context":"https:\/\/schema.org","@graph":[{"@type":"Article","@id":"https:\/\/www.nexoinformativo.mx\/index.php\/2024\/11\/09\/propuesta-de-sheinbaum-al-g20-1-del-presupuesto-militar-para-combatir-la-pobreza\/#article","isPartOf":{"@id":"https:\/\/www.nexoinformativo.mx\/index.php\/2024\/11\/09\/propuesta-de-sheinbaum-al-g20-1-del-presupuesto-militar-para-combatir-la-pobreza\/"},"author":{"name":"Nexo Informativo","@id":"https:\/\/www.nexoinformativo.mx\/#\/schema\/person\/7749d380ba08c8ca00d7bc76fd907b7d"},"headline":"Propuesta de Sheinbaum al G20: 1% del presupuesto militar para combatir la pobreza","datePublished":"2024-11-09T19:00:20+00:00","dateModified":"2024-11-09T19:59:31+00:00","mainEntityOfPage":{"@id":"https:\/\/www.nexoinformativo.mx\/index.php\/2024\/11\/09\/propuesta-de-sheinbaum-al-g20-1-del-presupuesto-militar-para-combatir-la-pobreza\/"},"wordCount":235,"commentCount":0,"publisher":{"@id":"https:\/\/www.nexoinformativo.mx\/#organization"},"image":{"@id":"https:\/\/www.nexoinformativo.mx\/index.php\/2024\/11\/09\/propuesta-de-sheinbaum-al-g20-1-del-presupuesto-militar-para-combatir-la-pobreza\/#primaryimage"},"thumbnailUrl":"https:\/\/www.nexoinformativo.mx\/wp-content\/uploads\/2024\/11\/IMG_7600.jpg","keywords":["DerechosDeLasMujeres","G20Cumbre","PobrezaCero","PropuestaSheinbaum"],"articleSection":["Econom\u00eda","Nacional","\u00daltima Hora"],"inLanguage":"es","potentialAction":[{"@type":"CommentAction","name":"Comment","target":["https:\/\/www.nexoinformativo.mx\/index.php\/2024\/11\/09\/propuesta-de-sheinbaum-al-g20-1-del-presupuesto-militar-para-combatir-la-pobreza\/#respond"]}]},{"@type":"WebPage","@id":"https:\/\/www.nexoinformativo.mx\/index.php\/2024\/11\/09\/propuesta-de-sheinbaum-al-g20-1-del-presupuesto-militar-para-combatir-la-pobreza\/","url":"https:\/\/www.nexoinformativo.mx\/index.php\/2024\/11\/09\/propuesta-de-sheinbaum-al-g20-1-del-presupuesto-militar-para-combatir-la-pobreza\/","name":"Propuesta de Sheinbaum al G20: 1% del presupuesto militar para combatir la pobreza | Nexo Informativo Santiago de Quer\u00e9taro","isPartOf":{"@id":"https:\/\/www.nexoinformativo.mx\/#website"},"primaryImageOfPage":{"@id":"https:\/\/www.nexoinformativo.mx\/index.php\/2024\/11\/09\/propuesta-de-sheinbaum-al-g20-1-del-presupuesto-militar-para-combatir-la-pobreza\/#primaryimage"},"image":{"@id":"https:\/\/www.nexoinformativo.mx\/index.php\/2024\/11\/09\/propuesta-de-sheinbaum-al-g20-1-del-presupuesto-militar-para-combatir-la-pobreza\/#primaryimage"},"thumbnailUrl":"https:\/\/www.nexoinformativo.mx\/wp-content\/uploads\/2024\/11\/IMG_7600.jpg","datePublished":"2024-11-09T19:00:20+00:00","dateModified":"2024-11-09T19:59:31+00:00","description":"Propuesta de Sheinbaum al G20: 1% del presupuesto militar para combatir la pobreza","breadcrumb":{"@id":"https:\/\/www.nexoinformativo.mx\/index.php\/2024\/11\/09\/propuesta-de-sheinbaum-al-g20-1-del-presupuesto-militar-para-combatir-la-pobreza\/#breadcrumb"},"inLanguage":"es","potentialAction":[{"@type":"ReadAction","target":["https:\/\/www.nexoinformativo.mx\/index.php\/2024\/11\/09\/propuesta-de-sheinbaum-al-g20-1-del-presupuesto-militar-para-combatir-la-pobreza\/"]}]},{"@type":"ImageObject","inLanguage":"es","@id":"https:\/\/www.nexoinformativo.mx\/index.php\/2024\/11\/09\/propuesta-de-sheinbaum-al-g20-1-del-presupuesto-militar-para-combatir-la-pobreza\/#primaryimage","url":"https:\/\/www.nexoinformativo.mx\/wp-content\/uploads\/2024\/11\/IMG_7600.jpg","contentUrl":"https:\/\/www.nexoinformativo.mx\/wp-content\/uploads\/2024\/11\/IMG_7600.jpg","width":554,"height":554},{"@type":"BreadcrumbList","@id":"https:\/\/www.nexoinformativo.mx\/index.php\/2024\/11\/09\/propuesta-de-sheinbaum-al-g20-1-del-presupuesto-militar-para-combatir-la-pobreza\/#breadcrumb","itemListElement":[{"@type":"ListItem","position":1,"name":"Inicio","item":"https:\/\/www.nexoinformativo.mx\/"},{"@type":"ListItem","position":2,"name":"Propuesta de Sheinbaum al G20: 1% del presupuesto militar para combatir la pobreza"}]},{"@type":"WebSite","@id":"https:\/\/www.nexoinformativo.mx\/#website","url":"https:\/\/www.nexoinformativo.mx\/","name":"Nexo Informativo Santiago de Quer\u00e9taro","description":"Explora NexoInformativo y convi\u00e9rtete en parte de una comunidad que valora el conocimiento y la verdad. Tu nexoinformativo es tu puente hacia una comprensi\u00f3n m\u00e1s profunda del mundo que te rodea.","publisher":{"@id":"https:\/\/www.nexoinformativo.mx\/#organization"},"potentialAction":[{"@type":"SearchAction","target":{"@type":"EntryPoint","urlTemplate":"https:\/\/www.nexoinformativo.mx\/?s={search_term_string}"},"query-input":{"@type":"PropertyValueSpecification","valueRequired":true,"valueName":"search_term_string"}}],"inLanguage":"es"},{"@type":"Organization","@id":"https:\/\/www.nexoinformativo.mx\/#organization","name":"Nexo Informativo Santiago de Quer\u00e9taro","url":"https:\/\/www.nexoinformativo.mx\/","logo":{"@type":"ImageObject","inLanguage":"es","@id":"https:\/\/www.nexoinformativo.mx\/#\/schema\/logo\/image\/","url":"https:\/\/www.nexoinformativo.mx\/wp-content\/uploads\/2024\/07\/nexoi-trasparente-2.png","contentUrl":"https:\/\/www.nexoinformativo.mx\/wp-content\/uploads\/2024\/07\/nexoi-trasparente-2.png","width":816,"height":339,"caption":"Nexo Informativo Santiago de Quer\u00e9taro"},"image":{"@id":"https:\/\/www.nexoinformativo.mx\/#\/schema\/logo\/image\/"},"sameAs":["https:\/\/www.facebook.com\/people\/Nexo-Informativo\/61564066885511\/"]},{"@type":"Person","@id":"https:\/\/www.nexoinformativo.mx\/#\/schema\/person\/7749d380ba08c8ca00d7bc76fd907b7d","name":"Nexo Informativo","image":{"@type":"ImageObject","inLanguage":"es","@id":"https:\/\/www.nexoinformativo.mx\/#\/schema\/person\/image\/","url":"https:\/\/secure.gravatar.com\/avatar\/dde2928154642a13d95f87ddf1ea9718fe2b46760a005c53e41ff5ad610704e6?s=96&d=mm&r=g","contentUrl":"https:\/\/secure.gravatar.com\/avatar\/dde2928154642a13d95f87ddf1ea9718fe2b46760a005c53e41ff5ad610704e6?s=96&d=mm&r=g","caption":"Nexo Informativo"},"url":"https:\/\/www.nexoinformativo.mx\/index.php\/author\/edicion\/"}]}},"_links":{"self":[{"href":"https:\/\/www.nexoinformativo.mx\/index.php\/wp-json\/wp\/v2\/posts\/5701","targetHints":{"allow":["GET"]}}],"collection":[{"href":"https:\/\/www.nexoinformativo.mx\/index.php\/wp-json\/wp\/v2\/posts"}],"about":[{"href":"https:\/\/www.nexoinformativo.mx\/index.php\/wp-json\/wp\/v2\/types\/post"}],"author":[{"embeddable":true,"href":"https:\/\/www.nexoinformativo.mx\/index.php\/wp-json\/wp\/v2\/users\/3"}],"replies":[{"embeddable":true,"href":"https:\/\/www.nexoinformativo.mx\/index.php\/wp-json\/wp\/v2\/comments?post=5701"}],"version-history":[{"count":6,"href":"https:\/\/www.nexoinformativo.mx\/index.php\/wp-json\/wp\/v2\/posts\/5701\/revisions"}],"predecessor-version":[{"id":5709,"href":"https:\/\/www.nexoinformativo.mx\/index.php\/wp-json\/wp\/v2\/posts\/5701\/revisions\/5709"}],"wp:featuredmedia":[{"embeddable":true,"href":"https:\/\/www.nexoinformativo.mx\/index.php\/wp-json\/wp\/v2\/media\/5702"}],"wp:attachment":[{"href":"https:\/\/www.nexoinformativo.mx\/index.php\/wp-json\/wp\/v2\/media?parent=5701"}],"wp:term":[{"taxonomy":"category","embeddable":true,"href":"https:\/\/www.nexoinformativo.mx\/index.php\/wp-json\/wp\/v2\/categories?post=5701"},{"taxonomy":"post_tag","embeddable":true,"href":"https:\/\/www.nexoinformativo.mx\/index.php\/wp-json\/wp\/v2\/tags?post=5701"}],"curies":[{"name":"wp","href":"https:\/\/api.w.org\/{rel}","templated":true}]}}