{"id":5720,"date":"2024-11-10T13:00:17","date_gmt":"2024-11-10T19:00:17","guid":{"rendered":"https:\/\/www.nexoinformativo.mx\/?p=5720"},"modified":"2024-11-10T19:23:36","modified_gmt":"2024-11-11T01:23:36","slug":"mexico-y-estados-unidos-firman-acuerdo-historico-para-garantizar-el-suministro-de-agua-en-el-rio-bravo","status":"publish","type":"post","link":"https:\/\/www.nexoinformativo.mx\/index.php\/2024\/11\/10\/mexico-y-estados-unidos-firman-acuerdo-historico-para-garantizar-el-suministro-de-agua-en-el-rio-bravo\/","title":{"rendered":"M\u00e9xico y Estados Unidos firman acuerdo hist\u00f3rico para garantizar el suministro de agua en el R\u00edo Bravo"},"content":{"rendered":"<p style=\"text-align: justify;\" data-sourcepos=\"5:1-5:227\">En un importante paso para asegurar la gesti\u00f3n sostenible de un recurso vital, M\u00e9xico y Estados Unidos han firmado el Acta 331, un acuerdo que fortalecer\u00e1 la cooperaci\u00f3n bilateral en materia de agua en la cuenca del R\u00edo Bravo.<\/p>\n<p>&nbsp;<\/p>\n<p style=\"text-align: justify;\" data-sourcepos=\"7:1-7:250\">Este acuerdo, firmado el pasado 7 de noviembre en Ciudad Ju\u00e1rez, Chihuahua, establece una serie de medidas para mejorar la confiabilidad y predictibilidad de las entregas de agua a ambos pa\u00edses, as\u00ed como para mejorar la calidad del agua en la cuenca.<\/p>\n<p>&nbsp;<\/p>\n<p style=\"text-align: justify;\" data-sourcepos=\"9:1-9:473\">La Comisionada mexicana de la Comisi\u00f3n Internacional de L\u00edmites y Aguas (CILA), Adriana Res\u00e9ndez, destac\u00f3 que este acuerdo dota a M\u00e9xico de herramientas adicionales para cumplir con sus compromisos en el Tratado de Aguas de 1944, sin comprometer la soberan\u00eda nacional.<\/p>\n<p>&nbsp;<\/p>\n<p style=\"text-align: justify;\" data-sourcepos=\"9:1-9:473\">Por su parte, Humberto Marengo, Subdirector General T\u00e9cnico de la Comisi\u00f3n Nacional del Agua, se\u00f1al\u00f3 que el Acta 331 permitir\u00e1 explorar nuevos esquemas para una mejor administraci\u00f3n del agua en la regi\u00f3n.<\/p>\n<p>&nbsp;<\/p>\n<p style=\"text-align: justify;\" data-sourcepos=\"11:1-11:227\">Entre los puntos clave del acuerdo se encuentran el establecimiento de grupos de trabajo para abordar proyectos espec\u00edficos, la b\u00fasqueda de nuevas fuentes de agua y la implementaci\u00f3n de medidas para mejorar la calidad del agua.<\/p>\n<p>&nbsp;<\/p>\n<p style=\"text-align: justify;\" data-sourcepos=\"13:1-13:189\">Este acuerdo representa un avance significativo en la gesti\u00f3n compartida de un recurso h\u00eddrico esencial para ambos pa\u00edses, y sienta las bases para una cooperaci\u00f3n m\u00e1s estrecha en el futuro.<\/p>\n<p>&nbsp;<\/p>\n<p style=\"text-align: center;\" data-sourcepos=\"13:1-13:189\"><strong><em>\u00a1Informaci\u00f3n que transforma!<\/em><\/strong><\/p>\n","protected":false},"excerpt":{"rendered":"<p>En un importante paso para asegurar la gesti\u00f3n sostenible de un recurso vital, M\u00e9xico y Estados Unidos han firmado el Acta 331, un acuerdo que fortalecer\u00e1 la cooperaci\u00f3n bilateral en materia de agua en la cuenca del R\u00edo Bravo.<\/p>\n","protected":false},"author":3,"featured_media":5721,"comment_status":"open","ping_status":"open","sticky":false,"template":"","format":"standard","meta":{"footnotes":""},"categories":[88,58],"tags":[1387,1517,1610,1955],"class_list":["post-5720","post","type-post","status-publish","format-standard","has-post-thumbnail","hentry","category-nacional","category-ultima-hora","tag-agua","tag-estadosunidos","tag-mexico","tag-riobravo"],"yoast_head":"<!-- This site is optimized with the Yoast SEO plugin v25.0 - https:\/\/yoast.com\/wordpress\/plugins\/seo\/ -->\n<title>M\u00e9xico y Estados Unidos firman acuerdo hist\u00f3rico para garantizar el suministro de agua en el R\u00edo Bravo | Nexo Informativo Santiago de Quer\u00e9taro<\/title>\n<meta name=\"description\" content=\"M\u00e9xico y Estados Unidos firman acuerdo hist\u00f3rico para garantizar el suministro de agua en el R\u00edo Bravo\" \/>\n<meta name=\"robots\" content=\"index, follow, max-snippet:-1, max-image-preview:large, max-video-preview:-1\" \/>\n<link rel=\"canonical\" href=\"https:\/\/www.nexoinformativo.mx\/index.php\/2024\/11\/10\/mexico-y-estados-unidos-firman-acuerdo-historico-para-garantizar-el-suministro-de-agua-en-el-rio-bravo\/\" \/>\n<meta property=\"og:locale\" content=\"es_MX\" \/>\n<meta property=\"og:type\" content=\"article\" \/>\n<meta property=\"og:title\" content=\"M\u00e9xico y Estados Unidos firman acuerdo hist\u00f3rico para garantizar el suministro de agua en el R\u00edo Bravo | Nexo Informativo Santiago de Quer\u00e9taro\" \/>\n<meta property=\"og:description\" content=\"M\u00e9xico y Estados Unidos firman acuerdo hist\u00f3rico para garantizar el suministro de agua en el R\u00edo Bravo\" \/>\n<meta property=\"og:url\" content=\"https:\/\/www.nexoinformativo.mx\/index.php\/2024\/11\/10\/mexico-y-estados-unidos-firman-acuerdo-historico-para-garantizar-el-suministro-de-agua-en-el-rio-bravo\/\" \/>\n<meta property=\"og:site_name\" content=\"Nexo Informativo Santiago de Quer\u00e9taro\" \/>\n<meta property=\"article:publisher\" content=\"https:\/\/www.facebook.com\/people\/Nexo-Informativo\/61564066885511\/\" \/>\n<meta property=\"article:published_time\" content=\"2024-11-10T19:00:17+00:00\" \/>\n<meta property=\"article:modified_time\" content=\"2024-11-11T01:23:36+00:00\" \/>\n<meta property=\"og:image\" content=\"https:\/\/www.nexoinformativo.mx\/wp-content\/uploads\/2024\/11\/IMG_7634.jpg\" \/>\n\t<meta property=\"og:image:width\" content=\"727\" \/>\n\t<meta property=\"og:image:height\" content=\"422\" \/>\n\t<meta property=\"og:image:type\" content=\"image\/jpeg\" \/>\n<meta name=\"author\" content=\"Nexo Informativo\" \/>\n<meta name=\"twitter:card\" content=\"summary_large_image\" \/>\n<meta name=\"twitter:label1\" content=\"Escrito por\" \/>\n\t<meta name=\"twitter:data1\" content=\"Nexo Informativo\" \/>\n\t<meta name=\"twitter:label2\" content=\"Tiempo de lectura\" \/>\n\t<meta name=\"twitter:data2\" content=\"2 minutos\" \/>\n<script type=\"application\/ld+json\" class=\"yoast-schema-graph\">{\"@context\":\"https:\/\/schema.org\",\"@graph\":[{\"@type\":\"Article\",\"@id\":\"https:\/\/www.nexoinformativo.mx\/index.php\/2024\/11\/10\/mexico-y-estados-unidos-firman-acuerdo-historico-para-garantizar-el-suministro-de-agua-en-el-rio-bravo\/#article\",\"isPartOf\":{\"@id\":\"https:\/\/www.nexoinformativo.mx\/index.php\/2024\/11\/10\/mexico-y-estados-unidos-firman-acuerdo-historico-para-garantizar-el-suministro-de-agua-en-el-rio-bravo\/\"},\"author\":{\"name\":\"Nexo Informativo\",\"@id\":\"https:\/\/www.nexoinformativo.mx\/#\/schema\/person\/7749d380ba08c8ca00d7bc76fd907b7d\"},\"headline\":\"M\u00e9xico y Estados Unidos firman acuerdo hist\u00f3rico para garantizar el suministro de agua en el R\u00edo Bravo\",\"datePublished\":\"2024-11-10T19:00:17+00:00\",\"dateModified\":\"2024-11-11T01:23:36+00:00\",\"mainEntityOfPage\":{\"@id\":\"https:\/\/www.nexoinformativo.mx\/index.php\/2024\/11\/10\/mexico-y-estados-unidos-firman-acuerdo-historico-para-garantizar-el-suministro-de-agua-en-el-rio-bravo\/\"},\"wordCount\":270,\"commentCount\":0,\"publisher\":{\"@id\":\"https:\/\/www.nexoinformativo.mx\/#organization\"},\"image\":{\"@id\":\"https:\/\/www.nexoinformativo.mx\/index.php\/2024\/11\/10\/mexico-y-estados-unidos-firman-acuerdo-historico-para-garantizar-el-suministro-de-agua-en-el-rio-bravo\/#primaryimage\"},\"thumbnailUrl\":\"https:\/\/www.nexoinformativo.mx\/wp-content\/uploads\/2024\/11\/IMG_7634.jpg\",\"keywords\":[\"agua\",\"EstadosUnidos\",\"M\u00e9xico\",\"R\u00edoBravo\"],\"articleSection\":[\"Nacional\",\"\u00daltima Hora\"],\"inLanguage\":\"es\",\"potentialAction\":[{\"@type\":\"CommentAction\",\"name\":\"Comment\",\"target\":[\"https:\/\/www.nexoinformativo.mx\/index.php\/2024\/11\/10\/mexico-y-estados-unidos-firman-acuerdo-historico-para-garantizar-el-suministro-de-agua-en-el-rio-bravo\/#respond\"]}]},{\"@type\":\"WebPage\",\"@id\":\"https:\/\/www.nexoinformativo.mx\/index.php\/2024\/11\/10\/mexico-y-estados-unidos-firman-acuerdo-historico-para-garantizar-el-suministro-de-agua-en-el-rio-bravo\/\",\"url\":\"https:\/\/www.nexoinformativo.mx\/index.php\/2024\/11\/10\/mexico-y-estados-unidos-firman-acuerdo-historico-para-garantizar-el-suministro-de-agua-en-el-rio-bravo\/\",\"name\":\"M\u00e9xico y Estados Unidos firman acuerdo hist\u00f3rico para garantizar el suministro de agua en el R\u00edo Bravo | Nexo Informativo Santiago de Quer\u00e9taro\",\"isPartOf\":{\"@id\":\"https:\/\/www.nexoinformativo.mx\/#website\"},\"primaryImageOfPage\":{\"@id\":\"https:\/\/www.nexoinformativo.mx\/index.php\/2024\/11\/10\/mexico-y-estados-unidos-firman-acuerdo-historico-para-garantizar-el-suministro-de-agua-en-el-rio-bravo\/#primaryimage\"},\"image\":{\"@id\":\"https:\/\/www.nexoinformativo.mx\/index.php\/2024\/11\/10\/mexico-y-estados-unidos-firman-acuerdo-historico-para-garantizar-el-suministro-de-agua-en-el-rio-bravo\/#primaryimage\"},\"thumbnailUrl\":\"https:\/\/www.nexoinformativo.mx\/wp-content\/uploads\/2024\/11\/IMG_7634.jpg\",\"datePublished\":\"2024-11-10T19:00:17+00:00\",\"dateModified\":\"2024-11-11T01:23:36+00:00\",\"description\":\"M\u00e9xico y Estados Unidos firman acuerdo hist\u00f3rico para garantizar el suministro de agua en el R\u00edo Bravo\",\"breadcrumb\":{\"@id\":\"https:\/\/www.nexoinformativo.mx\/index.php\/2024\/11\/10\/mexico-y-estados-unidos-firman-acuerdo-historico-para-garantizar-el-suministro-de-agua-en-el-rio-bravo\/#breadcrumb\"},\"inLanguage\":\"es\",\"potentialAction\":[{\"@type\":\"ReadAction\",\"target\":[\"https:\/\/www.nexoinformativo.mx\/index.php\/2024\/11\/10\/mexico-y-estados-unidos-firman-acuerdo-historico-para-garantizar-el-suministro-de-agua-en-el-rio-bravo\/\"]}]},{\"@type\":\"ImageObject\",\"inLanguage\":\"es\",\"@id\":\"https:\/\/www.nexoinformativo.mx\/index.php\/2024\/11\/10\/mexico-y-estados-unidos-firman-acuerdo-historico-para-garantizar-el-suministro-de-agua-en-el-rio-bravo\/#primaryimage\",\"url\":\"https:\/\/www.nexoinformativo.mx\/wp-content\/uploads\/2024\/11\/IMG_7634.jpg\",\"contentUrl\":\"https:\/\/www.nexoinformativo.mx\/wp-content\/uploads\/2024\/11\/IMG_7634.jpg\",\"width\":727,\"height\":422},{\"@type\":\"BreadcrumbList\",\"@id\":\"https:\/\/www.nexoinformativo.mx\/index.php\/2024\/11\/10\/mexico-y-estados-unidos-firman-acuerdo-historico-para-garantizar-el-suministro-de-agua-en-el-rio-bravo\/#breadcrumb\",\"itemListElement\":[{\"@type\":\"ListItem\",\"position\":1,\"name\":\"Inicio\",\"item\":\"https:\/\/www.nexoinformativo.mx\/\"},{\"@type\":\"ListItem\",\"position\":2,\"name\":\"M\u00e9xico y Estados Unidos firman acuerdo hist\u00f3rico para garantizar el suministro de agua en el R\u00edo Bravo\"}]},{\"@type\":\"WebSite\",\"@id\":\"https:\/\/www.nexoinformativo.mx\/#website\",\"url\":\"https:\/\/www.nexoinformativo.mx\/\",\"name\":\"Nexo Informativo Santiago de Quer\u00e9taro\",\"description\":\"Explora NexoInformativo y convi\u00e9rtete en parte de una comunidad que valora el conocimiento y la verdad. Tu nexoinformativo es tu puente hacia una comprensi\u00f3n m\u00e1s profunda del mundo que te rodea.\",\"publisher\":{\"@id\":\"https:\/\/www.nexoinformativo.mx\/#organization\"},\"potentialAction\":[{\"@type\":\"SearchAction\",\"target\":{\"@type\":\"EntryPoint\",\"urlTemplate\":\"https:\/\/www.nexoinformativo.mx\/?s={search_term_string}\"},\"query-input\":{\"@type\":\"PropertyValueSpecification\",\"valueRequired\":true,\"valueName\":\"search_term_string\"}}],\"inLanguage\":\"es\"},{\"@type\":\"Organization\",\"@id\":\"https:\/\/www.nexoinformativo.mx\/#organization\",\"name\":\"Nexo Informativo Santiago de Quer\u00e9taro\",\"url\":\"https:\/\/www.nexoinformativo.mx\/\",\"logo\":{\"@type\":\"ImageObject\",\"inLanguage\":\"es\",\"@id\":\"https:\/\/www.nexoinformativo.mx\/#\/schema\/logo\/image\/\",\"url\":\"https:\/\/www.nexoinformativo.mx\/wp-content\/uploads\/2024\/07\/nexoi-trasparente-2.png\",\"contentUrl\":\"https:\/\/www.nexoinformativo.mx\/wp-content\/uploads\/2024\/07\/nexoi-trasparente-2.png\",\"width\":816,\"height\":339,\"caption\":\"Nexo Informativo Santiago de Quer\u00e9taro\"},\"image\":{\"@id\":\"https:\/\/www.nexoinformativo.mx\/#\/schema\/logo\/image\/\"},\"sameAs\":[\"https:\/\/www.facebook.com\/people\/Nexo-Informativo\/61564066885511\/\"]},{\"@type\":\"Person\",\"@id\":\"https:\/\/www.nexoinformativo.mx\/#\/schema\/person\/7749d380ba08c8ca00d7bc76fd907b7d\",\"name\":\"Nexo Informativo\",\"image\":{\"@type\":\"ImageObject\",\"inLanguage\":\"es\",\"@id\":\"https:\/\/www.nexoinformativo.mx\/#\/schema\/person\/image\/\",\"url\":\"https:\/\/secure.gravatar.com\/avatar\/dde2928154642a13d95f87ddf1ea9718fe2b46760a005c53e41ff5ad610704e6?s=96&d=mm&r=g\",\"contentUrl\":\"https:\/\/secure.gravatar.com\/avatar\/dde2928154642a13d95f87ddf1ea9718fe2b46760a005c53e41ff5ad610704e6?s=96&d=mm&r=g\",\"caption\":\"Nexo Informativo\"},\"url\":\"https:\/\/www.nexoinformativo.mx\/index.php\/author\/edicion\/\"}]}<\/script>\n<!-- \/ Yoast SEO plugin. -->","yoast_head_json":{"title":"M\u00e9xico y Estados Unidos firman acuerdo hist\u00f3rico para garantizar el suministro de agua en el R\u00edo Bravo | Nexo Informativo Santiago de Quer\u00e9taro","description":"M\u00e9xico y Estados Unidos firman acuerdo hist\u00f3rico para garantizar el suministro de agua en el R\u00edo Bravo","robots":{"index":"index","follow":"follow","max-snippet":"max-snippet:-1","max-image-preview":"max-image-preview:large","max-video-preview":"max-video-preview:-1"},"canonical":"https:\/\/www.nexoinformativo.mx\/index.php\/2024\/11\/10\/mexico-y-estados-unidos-firman-acuerdo-historico-para-garantizar-el-suministro-de-agua-en-el-rio-bravo\/","og_locale":"es_MX","og_type":"article","og_title":"M\u00e9xico y Estados Unidos firman acuerdo hist\u00f3rico para garantizar el suministro de agua en el R\u00edo Bravo | Nexo Informativo Santiago de Quer\u00e9taro","og_description":"M\u00e9xico y Estados Unidos firman acuerdo hist\u00f3rico para garantizar el suministro de agua en el R\u00edo Bravo","og_url":"https:\/\/www.nexoinformativo.mx\/index.php\/2024\/11\/10\/mexico-y-estados-unidos-firman-acuerdo-historico-para-garantizar-el-suministro-de-agua-en-el-rio-bravo\/","og_site_name":"Nexo Informativo Santiago de Quer\u00e9taro","article_publisher":"https:\/\/www.facebook.com\/people\/Nexo-Informativo\/61564066885511\/","article_published_time":"2024-11-10T19:00:17+00:00","article_modified_time":"2024-11-11T01:23:36+00:00","og_image":[{"width":727,"height":422,"url":"https:\/\/www.nexoinformativo.mx\/wp-content\/uploads\/2024\/11\/IMG_7634.jpg","type":"image\/jpeg"}],"author":"Nexo Informativo","twitter_card":"summary_large_image","twitter_misc":{"Escrito por":"Nexo Informativo","Tiempo de lectura":"2 minutos"},"schema":{"@context":"https:\/\/schema.org","@graph":[{"@type":"Article","@id":"https:\/\/www.nexoinformativo.mx\/index.php\/2024\/11\/10\/mexico-y-estados-unidos-firman-acuerdo-historico-para-garantizar-el-suministro-de-agua-en-el-rio-bravo\/#article","isPartOf":{"@id":"https:\/\/www.nexoinformativo.mx\/index.php\/2024\/11\/10\/mexico-y-estados-unidos-firman-acuerdo-historico-para-garantizar-el-suministro-de-agua-en-el-rio-bravo\/"},"author":{"name":"Nexo Informativo","@id":"https:\/\/www.nexoinformativo.mx\/#\/schema\/person\/7749d380ba08c8ca00d7bc76fd907b7d"},"headline":"M\u00e9xico y Estados Unidos firman acuerdo hist\u00f3rico para garantizar el suministro de agua en el R\u00edo Bravo","datePublished":"2024-11-10T19:00:17+00:00","dateModified":"2024-11-11T01:23:36+00:00","mainEntityOfPage":{"@id":"https:\/\/www.nexoinformativo.mx\/index.php\/2024\/11\/10\/mexico-y-estados-unidos-firman-acuerdo-historico-para-garantizar-el-suministro-de-agua-en-el-rio-bravo\/"},"wordCount":270,"commentCount":0,"publisher":{"@id":"https:\/\/www.nexoinformativo.mx\/#organization"},"image":{"@id":"https:\/\/www.nexoinformativo.mx\/index.php\/2024\/11\/10\/mexico-y-estados-unidos-firman-acuerdo-historico-para-garantizar-el-suministro-de-agua-en-el-rio-bravo\/#primaryimage"},"thumbnailUrl":"https:\/\/www.nexoinformativo.mx\/wp-content\/uploads\/2024\/11\/IMG_7634.jpg","keywords":["agua","EstadosUnidos","M\u00e9xico","R\u00edoBravo"],"articleSection":["Nacional","\u00daltima Hora"],"inLanguage":"es","potentialAction":[{"@type":"CommentAction","name":"Comment","target":["https:\/\/www.nexoinformativo.mx\/index.php\/2024\/11\/10\/mexico-y-estados-unidos-firman-acuerdo-historico-para-garantizar-el-suministro-de-agua-en-el-rio-bravo\/#respond"]}]},{"@type":"WebPage","@id":"https:\/\/www.nexoinformativo.mx\/index.php\/2024\/11\/10\/mexico-y-estados-unidos-firman-acuerdo-historico-para-garantizar-el-suministro-de-agua-en-el-rio-bravo\/","url":"https:\/\/www.nexoinformativo.mx\/index.php\/2024\/11\/10\/mexico-y-estados-unidos-firman-acuerdo-historico-para-garantizar-el-suministro-de-agua-en-el-rio-bravo\/","name":"M\u00e9xico y Estados Unidos firman acuerdo hist\u00f3rico para garantizar el suministro de agua en el R\u00edo Bravo | Nexo Informativo Santiago de Quer\u00e9taro","isPartOf":{"@id":"https:\/\/www.nexoinformativo.mx\/#website"},"primaryImageOfPage":{"@id":"https:\/\/www.nexoinformativo.mx\/index.php\/2024\/11\/10\/mexico-y-estados-unidos-firman-acuerdo-historico-para-garantizar-el-suministro-de-agua-en-el-rio-bravo\/#primaryimage"},"image":{"@id":"https:\/\/www.nexoinformativo.mx\/index.php\/2024\/11\/10\/mexico-y-estados-unidos-firman-acuerdo-historico-para-garantizar-el-suministro-de-agua-en-el-rio-bravo\/#primaryimage"},"thumbnailUrl":"https:\/\/www.nexoinformativo.mx\/wp-content\/uploads\/2024\/11\/IMG_7634.jpg","datePublished":"2024-11-10T19:00:17+00:00","dateModified":"2024-11-11T01:23:36+00:00","description":"M\u00e9xico y Estados Unidos firman acuerdo hist\u00f3rico para garantizar el suministro de agua en el R\u00edo Bravo","breadcrumb":{"@id":"https:\/\/www.nexoinformativo.mx\/index.php\/2024\/11\/10\/mexico-y-estados-unidos-firman-acuerdo-historico-para-garantizar-el-suministro-de-agua-en-el-rio-bravo\/#breadcrumb"},"inLanguage":"es","potentialAction":[{"@type":"ReadAction","target":["https:\/\/www.nexoinformativo.mx\/index.php\/2024\/11\/10\/mexico-y-estados-unidos-firman-acuerdo-historico-para-garantizar-el-suministro-de-agua-en-el-rio-bravo\/"]}]},{"@type":"ImageObject","inLanguage":"es","@id":"https:\/\/www.nexoinformativo.mx\/index.php\/2024\/11\/10\/mexico-y-estados-unidos-firman-acuerdo-historico-para-garantizar-el-suministro-de-agua-en-el-rio-bravo\/#primaryimage","url":"https:\/\/www.nexoinformativo.mx\/wp-content\/uploads\/2024\/11\/IMG_7634.jpg","contentUrl":"https:\/\/www.nexoinformativo.mx\/wp-content\/uploads\/2024\/11\/IMG_7634.jpg","width":727,"height":422},{"@type":"BreadcrumbList","@id":"https:\/\/www.nexoinformativo.mx\/index.php\/2024\/11\/10\/mexico-y-estados-unidos-firman-acuerdo-historico-para-garantizar-el-suministro-de-agua-en-el-rio-bravo\/#breadcrumb","itemListElement":[{"@type":"ListItem","position":1,"name":"Inicio","item":"https:\/\/www.nexoinformativo.mx\/"},{"@type":"ListItem","position":2,"name":"M\u00e9xico y Estados Unidos firman acuerdo hist\u00f3rico para garantizar el suministro de agua en el R\u00edo Bravo"}]},{"@type":"WebSite","@id":"https:\/\/www.nexoinformativo.mx\/#website","url":"https:\/\/www.nexoinformativo.mx\/","name":"Nexo Informativo Santiago de Quer\u00e9taro","description":"Explora NexoInformativo y convi\u00e9rtete en parte de una comunidad que valora el conocimiento y la verdad. Tu nexoinformativo es tu puente hacia una comprensi\u00f3n m\u00e1s profunda del mundo que te rodea.","publisher":{"@id":"https:\/\/www.nexoinformativo.mx\/#organization"},"potentialAction":[{"@type":"SearchAction","target":{"@type":"EntryPoint","urlTemplate":"https:\/\/www.nexoinformativo.mx\/?s={search_term_string}"},"query-input":{"@type":"PropertyValueSpecification","valueRequired":true,"valueName":"search_term_string"}}],"inLanguage":"es"},{"@type":"Organization","@id":"https:\/\/www.nexoinformativo.mx\/#organization","name":"Nexo Informativo Santiago de Quer\u00e9taro","url":"https:\/\/www.nexoinformativo.mx\/","logo":{"@type":"ImageObject","inLanguage":"es","@id":"https:\/\/www.nexoinformativo.mx\/#\/schema\/logo\/image\/","url":"https:\/\/www.nexoinformativo.mx\/wp-content\/uploads\/2024\/07\/nexoi-trasparente-2.png","contentUrl":"https:\/\/www.nexoinformativo.mx\/wp-content\/uploads\/2024\/07\/nexoi-trasparente-2.png","width":816,"height":339,"caption":"Nexo Informativo Santiago de Quer\u00e9taro"},"image":{"@id":"https:\/\/www.nexoinformativo.mx\/#\/schema\/logo\/image\/"},"sameAs":["https:\/\/www.facebook.com\/people\/Nexo-Informativo\/61564066885511\/"]},{"@type":"Person","@id":"https:\/\/www.nexoinformativo.mx\/#\/schema\/person\/7749d380ba08c8ca00d7bc76fd907b7d","name":"Nexo Informativo","image":{"@type":"ImageObject","inLanguage":"es","@id":"https:\/\/www.nexoinformativo.mx\/#\/schema\/person\/image\/","url":"https:\/\/secure.gravatar.com\/avatar\/dde2928154642a13d95f87ddf1ea9718fe2b46760a005c53e41ff5ad610704e6?s=96&d=mm&r=g","contentUrl":"https:\/\/secure.gravatar.com\/avatar\/dde2928154642a13d95f87ddf1ea9718fe2b46760a005c53e41ff5ad610704e6?s=96&d=mm&r=g","caption":"Nexo Informativo"},"url":"https:\/\/www.nexoinformativo.mx\/index.php\/author\/edicion\/"}]}},"_links":{"self":[{"href":"https:\/\/www.nexoinformativo.mx\/index.php\/wp-json\/wp\/v2\/posts\/5720","targetHints":{"allow":["GET"]}}],"collection":[{"href":"https:\/\/www.nexoinformativo.mx\/index.php\/wp-json\/wp\/v2\/posts"}],"about":[{"href":"https:\/\/www.nexoinformativo.mx\/index.php\/wp-json\/wp\/v2\/types\/post"}],"author":[{"embeddable":true,"href":"https:\/\/www.nexoinformativo.mx\/index.php\/wp-json\/wp\/v2\/users\/3"}],"replies":[{"embeddable":true,"href":"https:\/\/www.nexoinformativo.mx\/index.php\/wp-json\/wp\/v2\/comments?post=5720"}],"version-history":[{"count":5,"href":"https:\/\/www.nexoinformativo.mx\/index.php\/wp-json\/wp\/v2\/posts\/5720\/revisions"}],"predecessor-version":[{"id":5724,"href":"https:\/\/www.nexoinformativo.mx\/index.php\/wp-json\/wp\/v2\/posts\/5720\/revisions\/5724"}],"wp:featuredmedia":[{"embeddable":true,"href":"https:\/\/www.nexoinformativo.mx\/index.php\/wp-json\/wp\/v2\/media\/5721"}],"wp:attachment":[{"href":"https:\/\/www.nexoinformativo.mx\/index.php\/wp-json\/wp\/v2\/media?parent=5720"}],"wp:term":[{"taxonomy":"category","embeddable":true,"href":"https:\/\/www.nexoinformativo.mx\/index.php\/wp-json\/wp\/v2\/categories?post=5720"},{"taxonomy":"post_tag","embeddable":true,"href":"https:\/\/www.nexoinformativo.mx\/index.php\/wp-json\/wp\/v2\/tags?post=5720"}],"curies":[{"name":"wp","href":"https:\/\/api.w.org\/{rel}","templated":true}]}}