{"id":5743,"date":"2024-11-11T07:00:04","date_gmt":"2024-11-11T13:00:04","guid":{"rendered":"https:\/\/www.nexoinformativo.mx\/?p=5743"},"modified":"2024-11-11T07:20:51","modified_gmt":"2024-11-11T13:20:51","slug":"canciller-de-la-fuente-inaugura-conmemoracion-del-60-aniversario-de-la-camara-japonesa-de-comercio-e-industria-en-mexico","status":"publish","type":"post","link":"https:\/\/www.nexoinformativo.mx\/index.php\/2024\/11\/11\/canciller-de-la-fuente-inaugura-conmemoracion-del-60-aniversario-de-la-camara-japonesa-de-comercio-e-industria-en-mexico\/","title":{"rendered":"Canciller De la Fuente Inaugura Conmemoraci\u00f3n del 60 Aniversario de la C\u00e1mara Japonesa de Comercio e Industria en M\u00e9xico"},"content":{"rendered":"<p style=\"text-align: justify;\">El secretario de Relaciones Exteriores, Juan Ram\u00f3n de la Fuente, alent\u00f3 a las empresas japonesas a aprovechar la coyuntura del inicio del gobierno de la presidenta Claudia Sheinbaum para renovar la confianza en la inversi\u00f3n en M\u00e9xico.<\/p>\n<p>&nbsp;<\/p>\n<p style=\"text-align: justify;\">Durante la apertura de la conmemoraci\u00f3n del 60 aniversario de la C\u00e1mara Japonesa de Comercio e Industria en M\u00e9xico, el canciller destac\u00f3 los s\u00f3lidos lazos y reconoci\u00f3 la labor del sector empresarial en la relaci\u00f3n bilateral.<\/p>\n<p>&nbsp;<\/p>\n<p style=\"text-align: justify;\">De la Fuente subray\u00f3 que M\u00e9xico y Jap\u00f3n comparten una Asociaci\u00f3n Estrat\u00e9gica basada en valores y objetivos comunes, apoyada por el Acuerdo de Asociaci\u00f3n Econ\u00f3mica M\u00e9xico\u2013Jap\u00f3n, que en 2025 cumplir\u00e1 20 a\u00f1os de vigencia.<\/p>\n<p>&nbsp;<\/p>\n<p style=\"text-align: justify;\">Este es el \u00fanico tratado de libre comercio bilateral de M\u00e9xico en Asia-Pac\u00edfico, complementado por el Tratado Integral y Progresista de Asociaci\u00f3n Transpac\u00edfico (TIPAT), del cual ambos pa\u00edses son miembros fundadores.<\/p>\n<p>&nbsp;<\/p>\n<p style=\"text-align: justify;\">El canciller destac\u00f3 la presencia de m\u00e1s de 1,500 firmas japonesas en M\u00e9xico, que generan 90 mil empleos directos y contribuyen significativamente a la econom\u00eda.<\/p>\n<p>&nbsp;<\/p>\n<p style=\"text-align: justify;\">Acompa\u00f1ado por Takaaki Kuga, presidente de la C\u00e1mara Japonesa de Comercio e Industria en M\u00e9xico, Noriteru Fukushima, embajador de Jap\u00f3n en M\u00e9xico, y Francisco Cervantes, presidente del Consejo Coordinador Empresarial, el canciller destac\u00f3 la importancia de la relaci\u00f3n econ\u00f3mica entre ambos pa\u00edses.<\/p>\n<p>&nbsp;<\/p>\n<p style=\"text-align: justify;\">Jap\u00f3n es el sexto socio comercial de M\u00e9xico a nivel global y la cuarta mayor fuente de inversi\u00f3n extranjera desde 1999. Las relaciones diplom\u00e1ticas entre ambos pa\u00edses se establecieron el 30 de noviembre de 1888, consolidando una larga historia de cooperaci\u00f3n y amistad.<\/p>\n<p>&nbsp;<\/p>\n<p style=\"text-align: center;\"><em><strong>\u00a1Informaci\u00f3n que transforma!<\/strong><\/em><\/p>\n","protected":false},"excerpt":{"rendered":"<p>El secretario de Relaciones Exteriores, Juan Ram\u00f3n de la Fuente, alent\u00f3 a las empresas japonesas a aprovechar la coyuntura del inicio del gobierno de la presidenta Claudia Sheinbaum para renovar la confianza en la inversi\u00f3n en M\u00e9xico.<\/p>\n","protected":false},"author":3,"featured_media":5744,"comment_status":"open","ping_status":"open","sticky":false,"template":"","format":"standard","meta":{"footnotes":""},"categories":[5,88],"tags":[1963,352,1961,1962],"class_list":["post-5743","post","type-post","status-publish","format-standard","has-post-thumbnail","hentry","category-economia","category-nacional","tag-60aniversariocamarajaponesa","tag-desarrolloeconomico","tag-inversionjaponesa","tag-relacionesmexicojapon"],"yoast_head":"<!-- This site is optimized with the Yoast SEO plugin v25.0 - https:\/\/yoast.com\/wordpress\/plugins\/seo\/ -->\n<title>Canciller De la Fuente Inaugura Conmemoraci\u00f3n del 60 Aniversario de la C\u00e1mara Japonesa de Comercio e Industria en M\u00e9xico | Nexo Informativo Santiago de Quer\u00e9taro<\/title>\n<meta name=\"description\" content=\"Canciller De la Fuente Inaugura Conmemoraci\u00f3n del 60 Aniversario de la C\u00e1mara Japonesa de Comercio e Industria en M\u00e9xico\" \/>\n<meta name=\"robots\" content=\"index, follow, max-snippet:-1, max-image-preview:large, max-video-preview:-1\" \/>\n<link rel=\"canonical\" href=\"https:\/\/www.nexoinformativo.mx\/index.php\/2024\/11\/11\/canciller-de-la-fuente-inaugura-conmemoracion-del-60-aniversario-de-la-camara-japonesa-de-comercio-e-industria-en-mexico\/\" \/>\n<meta property=\"og:locale\" content=\"es_MX\" \/>\n<meta property=\"og:type\" content=\"article\" \/>\n<meta property=\"og:title\" content=\"Canciller De la Fuente Inaugura Conmemoraci\u00f3n del 60 Aniversario de la C\u00e1mara Japonesa de Comercio e Industria en M\u00e9xico | Nexo Informativo Santiago de Quer\u00e9taro\" \/>\n<meta property=\"og:description\" content=\"Canciller De la Fuente Inaugura Conmemoraci\u00f3n del 60 Aniversario de la C\u00e1mara Japonesa de Comercio e Industria en M\u00e9xico\" \/>\n<meta property=\"og:url\" content=\"https:\/\/www.nexoinformativo.mx\/index.php\/2024\/11\/11\/canciller-de-la-fuente-inaugura-conmemoracion-del-60-aniversario-de-la-camara-japonesa-de-comercio-e-industria-en-mexico\/\" \/>\n<meta property=\"og:site_name\" content=\"Nexo Informativo Santiago de Quer\u00e9taro\" \/>\n<meta property=\"article:publisher\" content=\"https:\/\/www.facebook.com\/people\/Nexo-Informativo\/61564066885511\/\" \/>\n<meta property=\"article:published_time\" content=\"2024-11-11T13:00:04+00:00\" \/>\n<meta property=\"article:modified_time\" content=\"2024-11-11T13:20:51+00:00\" \/>\n<meta property=\"og:image\" content=\"https:\/\/www.nexoinformativo.mx\/wp-content\/uploads\/2024\/11\/IMG_7642.jpg\" \/>\n\t<meta property=\"og:image:width\" content=\"650\" \/>\n\t<meta property=\"og:image:height\" content=\"380\" \/>\n\t<meta property=\"og:image:type\" content=\"image\/jpeg\" \/>\n<meta name=\"author\" content=\"Nexo Informativo\" \/>\n<meta name=\"twitter:card\" content=\"summary_large_image\" \/>\n<meta name=\"twitter:label1\" content=\"Escrito por\" \/>\n\t<meta name=\"twitter:data1\" content=\"Nexo Informativo\" \/>\n\t<meta name=\"twitter:label2\" content=\"Tiempo de lectura\" \/>\n\t<meta name=\"twitter:data2\" content=\"2 minutos\" \/>\n<script type=\"application\/ld+json\" class=\"yoast-schema-graph\">{\"@context\":\"https:\/\/schema.org\",\"@graph\":[{\"@type\":\"Article\",\"@id\":\"https:\/\/www.nexoinformativo.mx\/index.php\/2024\/11\/11\/canciller-de-la-fuente-inaugura-conmemoracion-del-60-aniversario-de-la-camara-japonesa-de-comercio-e-industria-en-mexico\/#article\",\"isPartOf\":{\"@id\":\"https:\/\/www.nexoinformativo.mx\/index.php\/2024\/11\/11\/canciller-de-la-fuente-inaugura-conmemoracion-del-60-aniversario-de-la-camara-japonesa-de-comercio-e-industria-en-mexico\/\"},\"author\":{\"name\":\"Nexo Informativo\",\"@id\":\"https:\/\/www.nexoinformativo.mx\/#\/schema\/person\/7749d380ba08c8ca00d7bc76fd907b7d\"},\"headline\":\"Canciller De la Fuente Inaugura Conmemoraci\u00f3n del 60 Aniversario de la C\u00e1mara Japonesa de Comercio e Industria en M\u00e9xico\",\"datePublished\":\"2024-11-11T13:00:04+00:00\",\"dateModified\":\"2024-11-11T13:20:51+00:00\",\"mainEntityOfPage\":{\"@id\":\"https:\/\/www.nexoinformativo.mx\/index.php\/2024\/11\/11\/canciller-de-la-fuente-inaugura-conmemoracion-del-60-aniversario-de-la-camara-japonesa-de-comercio-e-industria-en-mexico\/\"},\"wordCount\":312,\"commentCount\":0,\"publisher\":{\"@id\":\"https:\/\/www.nexoinformativo.mx\/#organization\"},\"image\":{\"@id\":\"https:\/\/www.nexoinformativo.mx\/index.php\/2024\/11\/11\/canciller-de-la-fuente-inaugura-conmemoracion-del-60-aniversario-de-la-camara-japonesa-de-comercio-e-industria-en-mexico\/#primaryimage\"},\"thumbnailUrl\":\"https:\/\/www.nexoinformativo.mx\/wp-content\/uploads\/2024\/11\/IMG_7642.jpg\",\"keywords\":[\"60AniversarioC\u00e1maraJaponesa\",\"DesarrolloEcon\u00f3mico\",\"Inversi\u00f3nJaponesa\",\"RelacionesM\u00e9xicoJap\u00f3n\"],\"articleSection\":[\"Econom\u00eda\",\"Nacional\"],\"inLanguage\":\"es\",\"potentialAction\":[{\"@type\":\"CommentAction\",\"name\":\"Comment\",\"target\":[\"https:\/\/www.nexoinformativo.mx\/index.php\/2024\/11\/11\/canciller-de-la-fuente-inaugura-conmemoracion-del-60-aniversario-de-la-camara-japonesa-de-comercio-e-industria-en-mexico\/#respond\"]}]},{\"@type\":\"WebPage\",\"@id\":\"https:\/\/www.nexoinformativo.mx\/index.php\/2024\/11\/11\/canciller-de-la-fuente-inaugura-conmemoracion-del-60-aniversario-de-la-camara-japonesa-de-comercio-e-industria-en-mexico\/\",\"url\":\"https:\/\/www.nexoinformativo.mx\/index.php\/2024\/11\/11\/canciller-de-la-fuente-inaugura-conmemoracion-del-60-aniversario-de-la-camara-japonesa-de-comercio-e-industria-en-mexico\/\",\"name\":\"Canciller De la Fuente Inaugura Conmemoraci\u00f3n del 60 Aniversario de la C\u00e1mara Japonesa de Comercio e Industria en M\u00e9xico | Nexo Informativo Santiago de Quer\u00e9taro\",\"isPartOf\":{\"@id\":\"https:\/\/www.nexoinformativo.mx\/#website\"},\"primaryImageOfPage\":{\"@id\":\"https:\/\/www.nexoinformativo.mx\/index.php\/2024\/11\/11\/canciller-de-la-fuente-inaugura-conmemoracion-del-60-aniversario-de-la-camara-japonesa-de-comercio-e-industria-en-mexico\/#primaryimage\"},\"image\":{\"@id\":\"https:\/\/www.nexoinformativo.mx\/index.php\/2024\/11\/11\/canciller-de-la-fuente-inaugura-conmemoracion-del-60-aniversario-de-la-camara-japonesa-de-comercio-e-industria-en-mexico\/#primaryimage\"},\"thumbnailUrl\":\"https:\/\/www.nexoinformativo.mx\/wp-content\/uploads\/2024\/11\/IMG_7642.jpg\",\"datePublished\":\"2024-11-11T13:00:04+00:00\",\"dateModified\":\"2024-11-11T13:20:51+00:00\",\"description\":\"Canciller De la Fuente Inaugura Conmemoraci\u00f3n del 60 Aniversario de la C\u00e1mara Japonesa de Comercio e Industria en M\u00e9xico\",\"breadcrumb\":{\"@id\":\"https:\/\/www.nexoinformativo.mx\/index.php\/2024\/11\/11\/canciller-de-la-fuente-inaugura-conmemoracion-del-60-aniversario-de-la-camara-japonesa-de-comercio-e-industria-en-mexico\/#breadcrumb\"},\"inLanguage\":\"es\",\"potentialAction\":[{\"@type\":\"ReadAction\",\"target\":[\"https:\/\/www.nexoinformativo.mx\/index.php\/2024\/11\/11\/canciller-de-la-fuente-inaugura-conmemoracion-del-60-aniversario-de-la-camara-japonesa-de-comercio-e-industria-en-mexico\/\"]}]},{\"@type\":\"ImageObject\",\"inLanguage\":\"es\",\"@id\":\"https:\/\/www.nexoinformativo.mx\/index.php\/2024\/11\/11\/canciller-de-la-fuente-inaugura-conmemoracion-del-60-aniversario-de-la-camara-japonesa-de-comercio-e-industria-en-mexico\/#primaryimage\",\"url\":\"https:\/\/www.nexoinformativo.mx\/wp-content\/uploads\/2024\/11\/IMG_7642.jpg\",\"contentUrl\":\"https:\/\/www.nexoinformativo.mx\/wp-content\/uploads\/2024\/11\/IMG_7642.jpg\",\"width\":650,\"height\":380},{\"@type\":\"BreadcrumbList\",\"@id\":\"https:\/\/www.nexoinformativo.mx\/index.php\/2024\/11\/11\/canciller-de-la-fuente-inaugura-conmemoracion-del-60-aniversario-de-la-camara-japonesa-de-comercio-e-industria-en-mexico\/#breadcrumb\",\"itemListElement\":[{\"@type\":\"ListItem\",\"position\":1,\"name\":\"Inicio\",\"item\":\"https:\/\/www.nexoinformativo.mx\/\"},{\"@type\":\"ListItem\",\"position\":2,\"name\":\"Canciller De la Fuente Inaugura Conmemoraci\u00f3n del 60 Aniversario de la C\u00e1mara Japonesa de Comercio e Industria en M\u00e9xico\"}]},{\"@type\":\"WebSite\",\"@id\":\"https:\/\/www.nexoinformativo.mx\/#website\",\"url\":\"https:\/\/www.nexoinformativo.mx\/\",\"name\":\"Nexo Informativo Santiago de Quer\u00e9taro\",\"description\":\"Explora NexoInformativo y convi\u00e9rtete en parte de una comunidad que valora el conocimiento y la verdad. Tu nexoinformativo es tu puente hacia una comprensi\u00f3n m\u00e1s profunda del mundo que te rodea.\",\"publisher\":{\"@id\":\"https:\/\/www.nexoinformativo.mx\/#organization\"},\"potentialAction\":[{\"@type\":\"SearchAction\",\"target\":{\"@type\":\"EntryPoint\",\"urlTemplate\":\"https:\/\/www.nexoinformativo.mx\/?s={search_term_string}\"},\"query-input\":{\"@type\":\"PropertyValueSpecification\",\"valueRequired\":true,\"valueName\":\"search_term_string\"}}],\"inLanguage\":\"es\"},{\"@type\":\"Organization\",\"@id\":\"https:\/\/www.nexoinformativo.mx\/#organization\",\"name\":\"Nexo Informativo Santiago de Quer\u00e9taro\",\"url\":\"https:\/\/www.nexoinformativo.mx\/\",\"logo\":{\"@type\":\"ImageObject\",\"inLanguage\":\"es\",\"@id\":\"https:\/\/www.nexoinformativo.mx\/#\/schema\/logo\/image\/\",\"url\":\"https:\/\/www.nexoinformativo.mx\/wp-content\/uploads\/2024\/07\/nexoi-trasparente-2.png\",\"contentUrl\":\"https:\/\/www.nexoinformativo.mx\/wp-content\/uploads\/2024\/07\/nexoi-trasparente-2.png\",\"width\":816,\"height\":339,\"caption\":\"Nexo Informativo Santiago de Quer\u00e9taro\"},\"image\":{\"@id\":\"https:\/\/www.nexoinformativo.mx\/#\/schema\/logo\/image\/\"},\"sameAs\":[\"https:\/\/www.facebook.com\/people\/Nexo-Informativo\/61564066885511\/\"]},{\"@type\":\"Person\",\"@id\":\"https:\/\/www.nexoinformativo.mx\/#\/schema\/person\/7749d380ba08c8ca00d7bc76fd907b7d\",\"name\":\"Nexo Informativo\",\"image\":{\"@type\":\"ImageObject\",\"inLanguage\":\"es\",\"@id\":\"https:\/\/www.nexoinformativo.mx\/#\/schema\/person\/image\/\",\"url\":\"https:\/\/secure.gravatar.com\/avatar\/dde2928154642a13d95f87ddf1ea9718fe2b46760a005c53e41ff5ad610704e6?s=96&d=mm&r=g\",\"contentUrl\":\"https:\/\/secure.gravatar.com\/avatar\/dde2928154642a13d95f87ddf1ea9718fe2b46760a005c53e41ff5ad610704e6?s=96&d=mm&r=g\",\"caption\":\"Nexo Informativo\"},\"url\":\"https:\/\/www.nexoinformativo.mx\/index.php\/author\/edicion\/\"}]}<\/script>\n<!-- \/ Yoast SEO plugin. -->","yoast_head_json":{"title":"Canciller De la Fuente Inaugura Conmemoraci\u00f3n del 60 Aniversario de la C\u00e1mara Japonesa de Comercio e Industria en M\u00e9xico | Nexo Informativo Santiago de Quer\u00e9taro","description":"Canciller De la Fuente Inaugura Conmemoraci\u00f3n del 60 Aniversario de la C\u00e1mara Japonesa de Comercio e Industria en M\u00e9xico","robots":{"index":"index","follow":"follow","max-snippet":"max-snippet:-1","max-image-preview":"max-image-preview:large","max-video-preview":"max-video-preview:-1"},"canonical":"https:\/\/www.nexoinformativo.mx\/index.php\/2024\/11\/11\/canciller-de-la-fuente-inaugura-conmemoracion-del-60-aniversario-de-la-camara-japonesa-de-comercio-e-industria-en-mexico\/","og_locale":"es_MX","og_type":"article","og_title":"Canciller De la Fuente Inaugura Conmemoraci\u00f3n del 60 Aniversario de la C\u00e1mara Japonesa de Comercio e Industria en M\u00e9xico | Nexo Informativo Santiago de Quer\u00e9taro","og_description":"Canciller De la Fuente Inaugura Conmemoraci\u00f3n del 60 Aniversario de la C\u00e1mara Japonesa de Comercio e Industria en M\u00e9xico","og_url":"https:\/\/www.nexoinformativo.mx\/index.php\/2024\/11\/11\/canciller-de-la-fuente-inaugura-conmemoracion-del-60-aniversario-de-la-camara-japonesa-de-comercio-e-industria-en-mexico\/","og_site_name":"Nexo Informativo Santiago de Quer\u00e9taro","article_publisher":"https:\/\/www.facebook.com\/people\/Nexo-Informativo\/61564066885511\/","article_published_time":"2024-11-11T13:00:04+00:00","article_modified_time":"2024-11-11T13:20:51+00:00","og_image":[{"width":650,"height":380,"url":"https:\/\/www.nexoinformativo.mx\/wp-content\/uploads\/2024\/11\/IMG_7642.jpg","type":"image\/jpeg"}],"author":"Nexo Informativo","twitter_card":"summary_large_image","twitter_misc":{"Escrito por":"Nexo Informativo","Tiempo de lectura":"2 minutos"},"schema":{"@context":"https:\/\/schema.org","@graph":[{"@type":"Article","@id":"https:\/\/www.nexoinformativo.mx\/index.php\/2024\/11\/11\/canciller-de-la-fuente-inaugura-conmemoracion-del-60-aniversario-de-la-camara-japonesa-de-comercio-e-industria-en-mexico\/#article","isPartOf":{"@id":"https:\/\/www.nexoinformativo.mx\/index.php\/2024\/11\/11\/canciller-de-la-fuente-inaugura-conmemoracion-del-60-aniversario-de-la-camara-japonesa-de-comercio-e-industria-en-mexico\/"},"author":{"name":"Nexo Informativo","@id":"https:\/\/www.nexoinformativo.mx\/#\/schema\/person\/7749d380ba08c8ca00d7bc76fd907b7d"},"headline":"Canciller De la Fuente Inaugura Conmemoraci\u00f3n del 60 Aniversario de la C\u00e1mara Japonesa de Comercio e Industria en M\u00e9xico","datePublished":"2024-11-11T13:00:04+00:00","dateModified":"2024-11-11T13:20:51+00:00","mainEntityOfPage":{"@id":"https:\/\/www.nexoinformativo.mx\/index.php\/2024\/11\/11\/canciller-de-la-fuente-inaugura-conmemoracion-del-60-aniversario-de-la-camara-japonesa-de-comercio-e-industria-en-mexico\/"},"wordCount":312,"commentCount":0,"publisher":{"@id":"https:\/\/www.nexoinformativo.mx\/#organization"},"image":{"@id":"https:\/\/www.nexoinformativo.mx\/index.php\/2024\/11\/11\/canciller-de-la-fuente-inaugura-conmemoracion-del-60-aniversario-de-la-camara-japonesa-de-comercio-e-industria-en-mexico\/#primaryimage"},"thumbnailUrl":"https:\/\/www.nexoinformativo.mx\/wp-content\/uploads\/2024\/11\/IMG_7642.jpg","keywords":["60AniversarioC\u00e1maraJaponesa","DesarrolloEcon\u00f3mico","Inversi\u00f3nJaponesa","RelacionesM\u00e9xicoJap\u00f3n"],"articleSection":["Econom\u00eda","Nacional"],"inLanguage":"es","potentialAction":[{"@type":"CommentAction","name":"Comment","target":["https:\/\/www.nexoinformativo.mx\/index.php\/2024\/11\/11\/canciller-de-la-fuente-inaugura-conmemoracion-del-60-aniversario-de-la-camara-japonesa-de-comercio-e-industria-en-mexico\/#respond"]}]},{"@type":"WebPage","@id":"https:\/\/www.nexoinformativo.mx\/index.php\/2024\/11\/11\/canciller-de-la-fuente-inaugura-conmemoracion-del-60-aniversario-de-la-camara-japonesa-de-comercio-e-industria-en-mexico\/","url":"https:\/\/www.nexoinformativo.mx\/index.php\/2024\/11\/11\/canciller-de-la-fuente-inaugura-conmemoracion-del-60-aniversario-de-la-camara-japonesa-de-comercio-e-industria-en-mexico\/","name":"Canciller De la Fuente Inaugura Conmemoraci\u00f3n del 60 Aniversario de la C\u00e1mara Japonesa de Comercio e Industria en M\u00e9xico | Nexo Informativo Santiago de Quer\u00e9taro","isPartOf":{"@id":"https:\/\/www.nexoinformativo.mx\/#website"},"primaryImageOfPage":{"@id":"https:\/\/www.nexoinformativo.mx\/index.php\/2024\/11\/11\/canciller-de-la-fuente-inaugura-conmemoracion-del-60-aniversario-de-la-camara-japonesa-de-comercio-e-industria-en-mexico\/#primaryimage"},"image":{"@id":"https:\/\/www.nexoinformativo.mx\/index.php\/2024\/11\/11\/canciller-de-la-fuente-inaugura-conmemoracion-del-60-aniversario-de-la-camara-japonesa-de-comercio-e-industria-en-mexico\/#primaryimage"},"thumbnailUrl":"https:\/\/www.nexoinformativo.mx\/wp-content\/uploads\/2024\/11\/IMG_7642.jpg","datePublished":"2024-11-11T13:00:04+00:00","dateModified":"2024-11-11T13:20:51+00:00","description":"Canciller De la Fuente Inaugura Conmemoraci\u00f3n del 60 Aniversario de la C\u00e1mara Japonesa de Comercio e Industria en M\u00e9xico","breadcrumb":{"@id":"https:\/\/www.nexoinformativo.mx\/index.php\/2024\/11\/11\/canciller-de-la-fuente-inaugura-conmemoracion-del-60-aniversario-de-la-camara-japonesa-de-comercio-e-industria-en-mexico\/#breadcrumb"},"inLanguage":"es","potentialAction":[{"@type":"ReadAction","target":["https:\/\/www.nexoinformativo.mx\/index.php\/2024\/11\/11\/canciller-de-la-fuente-inaugura-conmemoracion-del-60-aniversario-de-la-camara-japonesa-de-comercio-e-industria-en-mexico\/"]}]},{"@type":"ImageObject","inLanguage":"es","@id":"https:\/\/www.nexoinformativo.mx\/index.php\/2024\/11\/11\/canciller-de-la-fuente-inaugura-conmemoracion-del-60-aniversario-de-la-camara-japonesa-de-comercio-e-industria-en-mexico\/#primaryimage","url":"https:\/\/www.nexoinformativo.mx\/wp-content\/uploads\/2024\/11\/IMG_7642.jpg","contentUrl":"https:\/\/www.nexoinformativo.mx\/wp-content\/uploads\/2024\/11\/IMG_7642.jpg","width":650,"height":380},{"@type":"BreadcrumbList","@id":"https:\/\/www.nexoinformativo.mx\/index.php\/2024\/11\/11\/canciller-de-la-fuente-inaugura-conmemoracion-del-60-aniversario-de-la-camara-japonesa-de-comercio-e-industria-en-mexico\/#breadcrumb","itemListElement":[{"@type":"ListItem","position":1,"name":"Inicio","item":"https:\/\/www.nexoinformativo.mx\/"},{"@type":"ListItem","position":2,"name":"Canciller De la Fuente Inaugura Conmemoraci\u00f3n del 60 Aniversario de la C\u00e1mara Japonesa de Comercio e Industria en M\u00e9xico"}]},{"@type":"WebSite","@id":"https:\/\/www.nexoinformativo.mx\/#website","url":"https:\/\/www.nexoinformativo.mx\/","name":"Nexo Informativo Santiago de Quer\u00e9taro","description":"Explora NexoInformativo y convi\u00e9rtete en parte de una comunidad que valora el conocimiento y la verdad. Tu nexoinformativo es tu puente hacia una comprensi\u00f3n m\u00e1s profunda del mundo que te rodea.","publisher":{"@id":"https:\/\/www.nexoinformativo.mx\/#organization"},"potentialAction":[{"@type":"SearchAction","target":{"@type":"EntryPoint","urlTemplate":"https:\/\/www.nexoinformativo.mx\/?s={search_term_string}"},"query-input":{"@type":"PropertyValueSpecification","valueRequired":true,"valueName":"search_term_string"}}],"inLanguage":"es"},{"@type":"Organization","@id":"https:\/\/www.nexoinformativo.mx\/#organization","name":"Nexo Informativo Santiago de Quer\u00e9taro","url":"https:\/\/www.nexoinformativo.mx\/","logo":{"@type":"ImageObject","inLanguage":"es","@id":"https:\/\/www.nexoinformativo.mx\/#\/schema\/logo\/image\/","url":"https:\/\/www.nexoinformativo.mx\/wp-content\/uploads\/2024\/07\/nexoi-trasparente-2.png","contentUrl":"https:\/\/www.nexoinformativo.mx\/wp-content\/uploads\/2024\/07\/nexoi-trasparente-2.png","width":816,"height":339,"caption":"Nexo Informativo Santiago de Quer\u00e9taro"},"image":{"@id":"https:\/\/www.nexoinformativo.mx\/#\/schema\/logo\/image\/"},"sameAs":["https:\/\/www.facebook.com\/people\/Nexo-Informativo\/61564066885511\/"]},{"@type":"Person","@id":"https:\/\/www.nexoinformativo.mx\/#\/schema\/person\/7749d380ba08c8ca00d7bc76fd907b7d","name":"Nexo Informativo","image":{"@type":"ImageObject","inLanguage":"es","@id":"https:\/\/www.nexoinformativo.mx\/#\/schema\/person\/image\/","url":"https:\/\/secure.gravatar.com\/avatar\/dde2928154642a13d95f87ddf1ea9718fe2b46760a005c53e41ff5ad610704e6?s=96&d=mm&r=g","contentUrl":"https:\/\/secure.gravatar.com\/avatar\/dde2928154642a13d95f87ddf1ea9718fe2b46760a005c53e41ff5ad610704e6?s=96&d=mm&r=g","caption":"Nexo Informativo"},"url":"https:\/\/www.nexoinformativo.mx\/index.php\/author\/edicion\/"}]}},"_links":{"self":[{"href":"https:\/\/www.nexoinformativo.mx\/index.php\/wp-json\/wp\/v2\/posts\/5743","targetHints":{"allow":["GET"]}}],"collection":[{"href":"https:\/\/www.nexoinformativo.mx\/index.php\/wp-json\/wp\/v2\/posts"}],"about":[{"href":"https:\/\/www.nexoinformativo.mx\/index.php\/wp-json\/wp\/v2\/types\/post"}],"author":[{"embeddable":true,"href":"https:\/\/www.nexoinformativo.mx\/index.php\/wp-json\/wp\/v2\/users\/3"}],"replies":[{"embeddable":true,"href":"https:\/\/www.nexoinformativo.mx\/index.php\/wp-json\/wp\/v2\/comments?post=5743"}],"version-history":[{"count":5,"href":"https:\/\/www.nexoinformativo.mx\/index.php\/wp-json\/wp\/v2\/posts\/5743\/revisions"}],"predecessor-version":[{"id":5754,"href":"https:\/\/www.nexoinformativo.mx\/index.php\/wp-json\/wp\/v2\/posts\/5743\/revisions\/5754"}],"wp:featuredmedia":[{"embeddable":true,"href":"https:\/\/www.nexoinformativo.mx\/index.php\/wp-json\/wp\/v2\/media\/5744"}],"wp:attachment":[{"href":"https:\/\/www.nexoinformativo.mx\/index.php\/wp-json\/wp\/v2\/media?parent=5743"}],"wp:term":[{"taxonomy":"category","embeddable":true,"href":"https:\/\/www.nexoinformativo.mx\/index.php\/wp-json\/wp\/v2\/categories?post=5743"},{"taxonomy":"post_tag","embeddable":true,"href":"https:\/\/www.nexoinformativo.mx\/index.php\/wp-json\/wp\/v2\/tags?post=5743"}],"curies":[{"name":"wp","href":"https:\/\/api.w.org\/{rel}","templated":true}]}}