{"id":5835,"date":"2024-11-12T09:00:50","date_gmt":"2024-11-12T15:00:50","guid":{"rendered":"https:\/\/www.nexoinformativo.mx\/?p=5835"},"modified":"2024-11-12T09:55:58","modified_gmt":"2024-11-12T15:55:58","slug":"garcia-harfuch-confirma-rivalidad-delictiva-detras-del-ataque-al-bar-los-cantaritos-en-queretaro","status":"publish","type":"post","link":"https:\/\/www.nexoinformativo.mx\/index.php\/2024\/11\/12\/garcia-harfuch-confirma-rivalidad-delictiva-detras-del-ataque-al-bar-los-cantaritos-en-queretaro\/","title":{"rendered":"Garc\u00eda Harfuch Confirma Rivalidad delictiva Detr\u00e1s del Ataque al Bar \u201cLos Cantaritos\u201d en Quer\u00e9taro"},"content":{"rendered":"<p style=\"text-align: justify;\">El secretario de Seguridad y Protecci\u00f3n Ciudadana, Omar Garc\u00eda Harfuch, inform\u00f3 que el ataque al bar \u201cLos Cantaritos\u201d en Quer\u00e9taro, que dej\u00f3 un saldo de 10 muertos y 11 heridos, fue resultado de la rivalidad entre dos c\u00e9lulas delictivas.<\/p>\n<p>&nbsp;<\/p>\n<p style=\"text-align: justify;\">En la conferencia ma\u00f1anera de la presidenta Claudia Sheinbaum, celebrada hoy 12 de noviembre en Palacio Nacional, Garc\u00eda Harfuch explic\u00f3 que los agresores ten\u00edan como objetivo a un sujeto identificado como Fernando \u201cN\u201d.<\/p>\n<p>&nbsp;<\/p>\n<p style=\"text-align: justify;\">El titular de la SSPC destac\u00f3 que las c\u00e9lulas involucradas est\u00e1n vinculadas al c\u00e1rtel Santa Rosa de Lima. Entre las v\u00edctimas fatales, se encontraba Fernando \u201cN\u201d, quien estaba relacionado con una de las c\u00e9lulas delictivas, as\u00ed como otra persona posiblemente asociada a la misma.<\/p>\n<p>&nbsp;<\/p>\n<p style=\"text-align: justify;\">Garc\u00eda Harfuch asegur\u00f3 que se est\u00e1 llevando a cabo una investigaci\u00f3n en colaboraci\u00f3n con el gobierno del estado, y que se reunir\u00eda pr\u00f3ximamente con el gobernador de Quer\u00e9taro, Mauricio Kuri, para mantenerlo informado sobre los avances en el caso. \u201cEstamos comprometidos en esclarecer este ataque y garantizar la seguridad en la regi\u00f3n\u201d, concluy\u00f3.<\/p>\n<p>&nbsp;<\/p>\n<p style=\"text-align: center;\"><em><strong>\u00a1Informaci\u00f3n que transforma!<\/strong><\/em><\/p>\n","protected":false},"excerpt":{"rendered":"<p>El secretario de Seguridad y Protecci\u00f3n Ciudadana, Omar Garc\u00eda Harfuch, inform\u00f3 que el ataque al bar \u201cLos Cantaritos\u201d en Quer\u00e9taro, que dej\u00f3 un saldo de 10 muertos y 11 heridos, fue resultado de la rivalidad entre dos c\u00e9lulas delictivas.<\/p>\n","protected":false},"author":3,"featured_media":5836,"comment_status":"open","ping_status":"open","sticky":false,"template":"","format":"standard","meta":{"footnotes":""},"categories":[42,137,58],"tags":[1989,1196,1990,266],"class_list":["post-5835","post","type-post","status-publish","format-standard","has-post-thumbnail","hentry","category-estado","category-sucesos","category-ultima-hora","tag-ataqueloscantaritos","tag-crimenorganizado","tag-garciaharfuch","tag-seguridadqueretaro"],"yoast_head":"<!-- This site is optimized with the Yoast SEO plugin v25.0 - https:\/\/yoast.com\/wordpress\/plugins\/seo\/ -->\n<title>Garc\u00eda Harfuch Confirma Rivalidad delictiva Detr\u00e1s del Ataque al Bar \u201cLos Cantaritos\u201d en Quer\u00e9taro | Nexo Informativo Santiago de Quer\u00e9taro<\/title>\n<meta name=\"description\" content=\"Garc\u00eda Harfuch Confirma Rivalidad delictiva Detr\u00e1s del Ataque al Bar \u201cLos Cantaritos\u201d en Quer\u00e9taro\" \/>\n<meta name=\"robots\" content=\"index, follow, max-snippet:-1, max-image-preview:large, max-video-preview:-1\" \/>\n<link rel=\"canonical\" href=\"https:\/\/www.nexoinformativo.mx\/index.php\/2024\/11\/12\/garcia-harfuch-confirma-rivalidad-delictiva-detras-del-ataque-al-bar-los-cantaritos-en-queretaro\/\" \/>\n<meta property=\"og:locale\" content=\"es_MX\" \/>\n<meta property=\"og:type\" content=\"article\" \/>\n<meta property=\"og:title\" content=\"Garc\u00eda Harfuch Confirma Rivalidad delictiva Detr\u00e1s del Ataque al Bar \u201cLos Cantaritos\u201d en Quer\u00e9taro | Nexo Informativo Santiago de Quer\u00e9taro\" \/>\n<meta property=\"og:description\" content=\"Garc\u00eda Harfuch Confirma Rivalidad delictiva Detr\u00e1s del Ataque al Bar \u201cLos Cantaritos\u201d en Quer\u00e9taro\" \/>\n<meta property=\"og:url\" content=\"https:\/\/www.nexoinformativo.mx\/index.php\/2024\/11\/12\/garcia-harfuch-confirma-rivalidad-delictiva-detras-del-ataque-al-bar-los-cantaritos-en-queretaro\/\" \/>\n<meta property=\"og:site_name\" content=\"Nexo Informativo Santiago de Quer\u00e9taro\" \/>\n<meta property=\"article:publisher\" content=\"https:\/\/www.facebook.com\/people\/Nexo-Informativo\/61564066885511\/\" \/>\n<meta property=\"article:published_time\" content=\"2024-11-12T15:00:50+00:00\" \/>\n<meta property=\"article:modified_time\" content=\"2024-11-12T15:55:58+00:00\" \/>\n<meta property=\"og:image\" content=\"https:\/\/www.nexoinformativo.mx\/wp-content\/uploads\/2024\/11\/IMG_7701-e1731425775877.jpg\" \/>\n\t<meta property=\"og:image:width\" content=\"750\" \/>\n\t<meta property=\"og:image:height\" content=\"745\" \/>\n\t<meta property=\"og:image:type\" content=\"image\/jpeg\" \/>\n<meta name=\"author\" content=\"Nexo Informativo\" \/>\n<meta name=\"twitter:card\" content=\"summary_large_image\" \/>\n<meta name=\"twitter:label1\" content=\"Escrito por\" \/>\n\t<meta name=\"twitter:data1\" content=\"Nexo Informativo\" \/>\n\t<meta name=\"twitter:label2\" content=\"Tiempo de lectura\" \/>\n\t<meta name=\"twitter:data2\" content=\"1 minuto\" \/>\n<script type=\"application\/ld+json\" class=\"yoast-schema-graph\">{\"@context\":\"https:\/\/schema.org\",\"@graph\":[{\"@type\":\"Article\",\"@id\":\"https:\/\/www.nexoinformativo.mx\/index.php\/2024\/11\/12\/garcia-harfuch-confirma-rivalidad-delictiva-detras-del-ataque-al-bar-los-cantaritos-en-queretaro\/#article\",\"isPartOf\":{\"@id\":\"https:\/\/www.nexoinformativo.mx\/index.php\/2024\/11\/12\/garcia-harfuch-confirma-rivalidad-delictiva-detras-del-ataque-al-bar-los-cantaritos-en-queretaro\/\"},\"author\":{\"name\":\"Nexo Informativo\",\"@id\":\"https:\/\/www.nexoinformativo.mx\/#\/schema\/person\/7749d380ba08c8ca00d7bc76fd907b7d\"},\"headline\":\"Garc\u00eda Harfuch Confirma Rivalidad delictiva Detr\u00e1s del Ataque al Bar \u201cLos Cantaritos\u201d en Quer\u00e9taro\",\"datePublished\":\"2024-11-12T15:00:50+00:00\",\"dateModified\":\"2024-11-12T15:55:58+00:00\",\"mainEntityOfPage\":{\"@id\":\"https:\/\/www.nexoinformativo.mx\/index.php\/2024\/11\/12\/garcia-harfuch-confirma-rivalidad-delictiva-detras-del-ataque-al-bar-los-cantaritos-en-queretaro\/\"},\"wordCount\":210,\"commentCount\":0,\"publisher\":{\"@id\":\"https:\/\/www.nexoinformativo.mx\/#organization\"},\"image\":{\"@id\":\"https:\/\/www.nexoinformativo.mx\/index.php\/2024\/11\/12\/garcia-harfuch-confirma-rivalidad-delictiva-detras-del-ataque-al-bar-los-cantaritos-en-queretaro\/#primaryimage\"},\"thumbnailUrl\":\"https:\/\/www.nexoinformativo.mx\/wp-content\/uploads\/2024\/11\/IMG_7701-e1731425775877.jpg\",\"keywords\":[\"ataqueLosCantaritos\",\"CrimenOrganizado\",\"Garc\u00edaHarfuch\",\"SeguridadQueretaro\"],\"articleSection\":[\"Estado\",\"Sucesos\",\"\u00daltima Hora\"],\"inLanguage\":\"es\",\"potentialAction\":[{\"@type\":\"CommentAction\",\"name\":\"Comment\",\"target\":[\"https:\/\/www.nexoinformativo.mx\/index.php\/2024\/11\/12\/garcia-harfuch-confirma-rivalidad-delictiva-detras-del-ataque-al-bar-los-cantaritos-en-queretaro\/#respond\"]}]},{\"@type\":\"WebPage\",\"@id\":\"https:\/\/www.nexoinformativo.mx\/index.php\/2024\/11\/12\/garcia-harfuch-confirma-rivalidad-delictiva-detras-del-ataque-al-bar-los-cantaritos-en-queretaro\/\",\"url\":\"https:\/\/www.nexoinformativo.mx\/index.php\/2024\/11\/12\/garcia-harfuch-confirma-rivalidad-delictiva-detras-del-ataque-al-bar-los-cantaritos-en-queretaro\/\",\"name\":\"Garc\u00eda Harfuch Confirma Rivalidad delictiva Detr\u00e1s del Ataque al Bar \u201cLos Cantaritos\u201d en Quer\u00e9taro | Nexo Informativo Santiago de Quer\u00e9taro\",\"isPartOf\":{\"@id\":\"https:\/\/www.nexoinformativo.mx\/#website\"},\"primaryImageOfPage\":{\"@id\":\"https:\/\/www.nexoinformativo.mx\/index.php\/2024\/11\/12\/garcia-harfuch-confirma-rivalidad-delictiva-detras-del-ataque-al-bar-los-cantaritos-en-queretaro\/#primaryimage\"},\"image\":{\"@id\":\"https:\/\/www.nexoinformativo.mx\/index.php\/2024\/11\/12\/garcia-harfuch-confirma-rivalidad-delictiva-detras-del-ataque-al-bar-los-cantaritos-en-queretaro\/#primaryimage\"},\"thumbnailUrl\":\"https:\/\/www.nexoinformativo.mx\/wp-content\/uploads\/2024\/11\/IMG_7701-e1731425775877.jpg\",\"datePublished\":\"2024-11-12T15:00:50+00:00\",\"dateModified\":\"2024-11-12T15:55:58+00:00\",\"description\":\"Garc\u00eda Harfuch Confirma Rivalidad delictiva Detr\u00e1s del Ataque al Bar \u201cLos Cantaritos\u201d en Quer\u00e9taro\",\"breadcrumb\":{\"@id\":\"https:\/\/www.nexoinformativo.mx\/index.php\/2024\/11\/12\/garcia-harfuch-confirma-rivalidad-delictiva-detras-del-ataque-al-bar-los-cantaritos-en-queretaro\/#breadcrumb\"},\"inLanguage\":\"es\",\"potentialAction\":[{\"@type\":\"ReadAction\",\"target\":[\"https:\/\/www.nexoinformativo.mx\/index.php\/2024\/11\/12\/garcia-harfuch-confirma-rivalidad-delictiva-detras-del-ataque-al-bar-los-cantaritos-en-queretaro\/\"]}]},{\"@type\":\"ImageObject\",\"inLanguage\":\"es\",\"@id\":\"https:\/\/www.nexoinformativo.mx\/index.php\/2024\/11\/12\/garcia-harfuch-confirma-rivalidad-delictiva-detras-del-ataque-al-bar-los-cantaritos-en-queretaro\/#primaryimage\",\"url\":\"https:\/\/www.nexoinformativo.mx\/wp-content\/uploads\/2024\/11\/IMG_7701-e1731425775877.jpg\",\"contentUrl\":\"https:\/\/www.nexoinformativo.mx\/wp-content\/uploads\/2024\/11\/IMG_7701-e1731425775877.jpg\",\"width\":750,\"height\":745},{\"@type\":\"BreadcrumbList\",\"@id\":\"https:\/\/www.nexoinformativo.mx\/index.php\/2024\/11\/12\/garcia-harfuch-confirma-rivalidad-delictiva-detras-del-ataque-al-bar-los-cantaritos-en-queretaro\/#breadcrumb\",\"itemListElement\":[{\"@type\":\"ListItem\",\"position\":1,\"name\":\"Inicio\",\"item\":\"https:\/\/www.nexoinformativo.mx\/\"},{\"@type\":\"ListItem\",\"position\":2,\"name\":\"Garc\u00eda Harfuch Confirma Rivalidad delictiva Detr\u00e1s del Ataque al Bar \u201cLos Cantaritos\u201d en Quer\u00e9taro\"}]},{\"@type\":\"WebSite\",\"@id\":\"https:\/\/www.nexoinformativo.mx\/#website\",\"url\":\"https:\/\/www.nexoinformativo.mx\/\",\"name\":\"Nexo Informativo Santiago de Quer\u00e9taro\",\"description\":\"Explora NexoInformativo y convi\u00e9rtete en parte de una comunidad que valora el conocimiento y la verdad. Tu nexoinformativo es tu puente hacia una comprensi\u00f3n m\u00e1s profunda del mundo que te rodea.\",\"publisher\":{\"@id\":\"https:\/\/www.nexoinformativo.mx\/#organization\"},\"potentialAction\":[{\"@type\":\"SearchAction\",\"target\":{\"@type\":\"EntryPoint\",\"urlTemplate\":\"https:\/\/www.nexoinformativo.mx\/?s={search_term_string}\"},\"query-input\":{\"@type\":\"PropertyValueSpecification\",\"valueRequired\":true,\"valueName\":\"search_term_string\"}}],\"inLanguage\":\"es\"},{\"@type\":\"Organization\",\"@id\":\"https:\/\/www.nexoinformativo.mx\/#organization\",\"name\":\"Nexo Informativo Santiago de Quer\u00e9taro\",\"url\":\"https:\/\/www.nexoinformativo.mx\/\",\"logo\":{\"@type\":\"ImageObject\",\"inLanguage\":\"es\",\"@id\":\"https:\/\/www.nexoinformativo.mx\/#\/schema\/logo\/image\/\",\"url\":\"https:\/\/www.nexoinformativo.mx\/wp-content\/uploads\/2024\/07\/nexoi-trasparente-2.png\",\"contentUrl\":\"https:\/\/www.nexoinformativo.mx\/wp-content\/uploads\/2024\/07\/nexoi-trasparente-2.png\",\"width\":816,\"height\":339,\"caption\":\"Nexo Informativo Santiago de Quer\u00e9taro\"},\"image\":{\"@id\":\"https:\/\/www.nexoinformativo.mx\/#\/schema\/logo\/image\/\"},\"sameAs\":[\"https:\/\/www.facebook.com\/people\/Nexo-Informativo\/61564066885511\/\"]},{\"@type\":\"Person\",\"@id\":\"https:\/\/www.nexoinformativo.mx\/#\/schema\/person\/7749d380ba08c8ca00d7bc76fd907b7d\",\"name\":\"Nexo Informativo\",\"image\":{\"@type\":\"ImageObject\",\"inLanguage\":\"es\",\"@id\":\"https:\/\/www.nexoinformativo.mx\/#\/schema\/person\/image\/\",\"url\":\"https:\/\/secure.gravatar.com\/avatar\/dde2928154642a13d95f87ddf1ea9718fe2b46760a005c53e41ff5ad610704e6?s=96&d=mm&r=g\",\"contentUrl\":\"https:\/\/secure.gravatar.com\/avatar\/dde2928154642a13d95f87ddf1ea9718fe2b46760a005c53e41ff5ad610704e6?s=96&d=mm&r=g\",\"caption\":\"Nexo Informativo\"},\"url\":\"https:\/\/www.nexoinformativo.mx\/index.php\/author\/edicion\/\"}]}<\/script>\n<!-- \/ Yoast SEO plugin. -->","yoast_head_json":{"title":"Garc\u00eda Harfuch Confirma Rivalidad delictiva Detr\u00e1s del Ataque al Bar \u201cLos Cantaritos\u201d en Quer\u00e9taro | Nexo Informativo Santiago de Quer\u00e9taro","description":"Garc\u00eda Harfuch Confirma Rivalidad delictiva Detr\u00e1s del Ataque al Bar \u201cLos Cantaritos\u201d en Quer\u00e9taro","robots":{"index":"index","follow":"follow","max-snippet":"max-snippet:-1","max-image-preview":"max-image-preview:large","max-video-preview":"max-video-preview:-1"},"canonical":"https:\/\/www.nexoinformativo.mx\/index.php\/2024\/11\/12\/garcia-harfuch-confirma-rivalidad-delictiva-detras-del-ataque-al-bar-los-cantaritos-en-queretaro\/","og_locale":"es_MX","og_type":"article","og_title":"Garc\u00eda Harfuch Confirma Rivalidad delictiva Detr\u00e1s del Ataque al Bar \u201cLos Cantaritos\u201d en Quer\u00e9taro | Nexo Informativo Santiago de Quer\u00e9taro","og_description":"Garc\u00eda Harfuch Confirma Rivalidad delictiva Detr\u00e1s del Ataque al Bar \u201cLos Cantaritos\u201d en Quer\u00e9taro","og_url":"https:\/\/www.nexoinformativo.mx\/index.php\/2024\/11\/12\/garcia-harfuch-confirma-rivalidad-delictiva-detras-del-ataque-al-bar-los-cantaritos-en-queretaro\/","og_site_name":"Nexo Informativo Santiago de Quer\u00e9taro","article_publisher":"https:\/\/www.facebook.com\/people\/Nexo-Informativo\/61564066885511\/","article_published_time":"2024-11-12T15:00:50+00:00","article_modified_time":"2024-11-12T15:55:58+00:00","og_image":[{"width":750,"height":745,"url":"https:\/\/www.nexoinformativo.mx\/wp-content\/uploads\/2024\/11\/IMG_7701-e1731425775877.jpg","type":"image\/jpeg"}],"author":"Nexo Informativo","twitter_card":"summary_large_image","twitter_misc":{"Escrito por":"Nexo Informativo","Tiempo de lectura":"1 minuto"},"schema":{"@context":"https:\/\/schema.org","@graph":[{"@type":"Article","@id":"https:\/\/www.nexoinformativo.mx\/index.php\/2024\/11\/12\/garcia-harfuch-confirma-rivalidad-delictiva-detras-del-ataque-al-bar-los-cantaritos-en-queretaro\/#article","isPartOf":{"@id":"https:\/\/www.nexoinformativo.mx\/index.php\/2024\/11\/12\/garcia-harfuch-confirma-rivalidad-delictiva-detras-del-ataque-al-bar-los-cantaritos-en-queretaro\/"},"author":{"name":"Nexo Informativo","@id":"https:\/\/www.nexoinformativo.mx\/#\/schema\/person\/7749d380ba08c8ca00d7bc76fd907b7d"},"headline":"Garc\u00eda Harfuch Confirma Rivalidad delictiva Detr\u00e1s del Ataque al Bar \u201cLos Cantaritos\u201d en Quer\u00e9taro","datePublished":"2024-11-12T15:00:50+00:00","dateModified":"2024-11-12T15:55:58+00:00","mainEntityOfPage":{"@id":"https:\/\/www.nexoinformativo.mx\/index.php\/2024\/11\/12\/garcia-harfuch-confirma-rivalidad-delictiva-detras-del-ataque-al-bar-los-cantaritos-en-queretaro\/"},"wordCount":210,"commentCount":0,"publisher":{"@id":"https:\/\/www.nexoinformativo.mx\/#organization"},"image":{"@id":"https:\/\/www.nexoinformativo.mx\/index.php\/2024\/11\/12\/garcia-harfuch-confirma-rivalidad-delictiva-detras-del-ataque-al-bar-los-cantaritos-en-queretaro\/#primaryimage"},"thumbnailUrl":"https:\/\/www.nexoinformativo.mx\/wp-content\/uploads\/2024\/11\/IMG_7701-e1731425775877.jpg","keywords":["ataqueLosCantaritos","CrimenOrganizado","Garc\u00edaHarfuch","SeguridadQueretaro"],"articleSection":["Estado","Sucesos","\u00daltima Hora"],"inLanguage":"es","potentialAction":[{"@type":"CommentAction","name":"Comment","target":["https:\/\/www.nexoinformativo.mx\/index.php\/2024\/11\/12\/garcia-harfuch-confirma-rivalidad-delictiva-detras-del-ataque-al-bar-los-cantaritos-en-queretaro\/#respond"]}]},{"@type":"WebPage","@id":"https:\/\/www.nexoinformativo.mx\/index.php\/2024\/11\/12\/garcia-harfuch-confirma-rivalidad-delictiva-detras-del-ataque-al-bar-los-cantaritos-en-queretaro\/","url":"https:\/\/www.nexoinformativo.mx\/index.php\/2024\/11\/12\/garcia-harfuch-confirma-rivalidad-delictiva-detras-del-ataque-al-bar-los-cantaritos-en-queretaro\/","name":"Garc\u00eda Harfuch Confirma Rivalidad delictiva Detr\u00e1s del Ataque al Bar \u201cLos Cantaritos\u201d en Quer\u00e9taro | Nexo Informativo Santiago de Quer\u00e9taro","isPartOf":{"@id":"https:\/\/www.nexoinformativo.mx\/#website"},"primaryImageOfPage":{"@id":"https:\/\/www.nexoinformativo.mx\/index.php\/2024\/11\/12\/garcia-harfuch-confirma-rivalidad-delictiva-detras-del-ataque-al-bar-los-cantaritos-en-queretaro\/#primaryimage"},"image":{"@id":"https:\/\/www.nexoinformativo.mx\/index.php\/2024\/11\/12\/garcia-harfuch-confirma-rivalidad-delictiva-detras-del-ataque-al-bar-los-cantaritos-en-queretaro\/#primaryimage"},"thumbnailUrl":"https:\/\/www.nexoinformativo.mx\/wp-content\/uploads\/2024\/11\/IMG_7701-e1731425775877.jpg","datePublished":"2024-11-12T15:00:50+00:00","dateModified":"2024-11-12T15:55:58+00:00","description":"Garc\u00eda Harfuch Confirma Rivalidad delictiva Detr\u00e1s del Ataque al Bar \u201cLos Cantaritos\u201d en Quer\u00e9taro","breadcrumb":{"@id":"https:\/\/www.nexoinformativo.mx\/index.php\/2024\/11\/12\/garcia-harfuch-confirma-rivalidad-delictiva-detras-del-ataque-al-bar-los-cantaritos-en-queretaro\/#breadcrumb"},"inLanguage":"es","potentialAction":[{"@type":"ReadAction","target":["https:\/\/www.nexoinformativo.mx\/index.php\/2024\/11\/12\/garcia-harfuch-confirma-rivalidad-delictiva-detras-del-ataque-al-bar-los-cantaritos-en-queretaro\/"]}]},{"@type":"ImageObject","inLanguage":"es","@id":"https:\/\/www.nexoinformativo.mx\/index.php\/2024\/11\/12\/garcia-harfuch-confirma-rivalidad-delictiva-detras-del-ataque-al-bar-los-cantaritos-en-queretaro\/#primaryimage","url":"https:\/\/www.nexoinformativo.mx\/wp-content\/uploads\/2024\/11\/IMG_7701-e1731425775877.jpg","contentUrl":"https:\/\/www.nexoinformativo.mx\/wp-content\/uploads\/2024\/11\/IMG_7701-e1731425775877.jpg","width":750,"height":745},{"@type":"BreadcrumbList","@id":"https:\/\/www.nexoinformativo.mx\/index.php\/2024\/11\/12\/garcia-harfuch-confirma-rivalidad-delictiva-detras-del-ataque-al-bar-los-cantaritos-en-queretaro\/#breadcrumb","itemListElement":[{"@type":"ListItem","position":1,"name":"Inicio","item":"https:\/\/www.nexoinformativo.mx\/"},{"@type":"ListItem","position":2,"name":"Garc\u00eda Harfuch Confirma Rivalidad delictiva Detr\u00e1s del Ataque al Bar \u201cLos Cantaritos\u201d en Quer\u00e9taro"}]},{"@type":"WebSite","@id":"https:\/\/www.nexoinformativo.mx\/#website","url":"https:\/\/www.nexoinformativo.mx\/","name":"Nexo Informativo Santiago de Quer\u00e9taro","description":"Explora NexoInformativo y convi\u00e9rtete en parte de una comunidad que valora el conocimiento y la verdad. Tu nexoinformativo es tu puente hacia una comprensi\u00f3n m\u00e1s profunda del mundo que te rodea.","publisher":{"@id":"https:\/\/www.nexoinformativo.mx\/#organization"},"potentialAction":[{"@type":"SearchAction","target":{"@type":"EntryPoint","urlTemplate":"https:\/\/www.nexoinformativo.mx\/?s={search_term_string}"},"query-input":{"@type":"PropertyValueSpecification","valueRequired":true,"valueName":"search_term_string"}}],"inLanguage":"es"},{"@type":"Organization","@id":"https:\/\/www.nexoinformativo.mx\/#organization","name":"Nexo Informativo Santiago de Quer\u00e9taro","url":"https:\/\/www.nexoinformativo.mx\/","logo":{"@type":"ImageObject","inLanguage":"es","@id":"https:\/\/www.nexoinformativo.mx\/#\/schema\/logo\/image\/","url":"https:\/\/www.nexoinformativo.mx\/wp-content\/uploads\/2024\/07\/nexoi-trasparente-2.png","contentUrl":"https:\/\/www.nexoinformativo.mx\/wp-content\/uploads\/2024\/07\/nexoi-trasparente-2.png","width":816,"height":339,"caption":"Nexo Informativo Santiago de Quer\u00e9taro"},"image":{"@id":"https:\/\/www.nexoinformativo.mx\/#\/schema\/logo\/image\/"},"sameAs":["https:\/\/www.facebook.com\/people\/Nexo-Informativo\/61564066885511\/"]},{"@type":"Person","@id":"https:\/\/www.nexoinformativo.mx\/#\/schema\/person\/7749d380ba08c8ca00d7bc76fd907b7d","name":"Nexo Informativo","image":{"@type":"ImageObject","inLanguage":"es","@id":"https:\/\/www.nexoinformativo.mx\/#\/schema\/person\/image\/","url":"https:\/\/secure.gravatar.com\/avatar\/dde2928154642a13d95f87ddf1ea9718fe2b46760a005c53e41ff5ad610704e6?s=96&d=mm&r=g","contentUrl":"https:\/\/secure.gravatar.com\/avatar\/dde2928154642a13d95f87ddf1ea9718fe2b46760a005c53e41ff5ad610704e6?s=96&d=mm&r=g","caption":"Nexo Informativo"},"url":"https:\/\/www.nexoinformativo.mx\/index.php\/author\/edicion\/"}]}},"_links":{"self":[{"href":"https:\/\/www.nexoinformativo.mx\/index.php\/wp-json\/wp\/v2\/posts\/5835","targetHints":{"allow":["GET"]}}],"collection":[{"href":"https:\/\/www.nexoinformativo.mx\/index.php\/wp-json\/wp\/v2\/posts"}],"about":[{"href":"https:\/\/www.nexoinformativo.mx\/index.php\/wp-json\/wp\/v2\/types\/post"}],"author":[{"embeddable":true,"href":"https:\/\/www.nexoinformativo.mx\/index.php\/wp-json\/wp\/v2\/users\/3"}],"replies":[{"embeddable":true,"href":"https:\/\/www.nexoinformativo.mx\/index.php\/wp-json\/wp\/v2\/comments?post=5835"}],"version-history":[{"count":8,"href":"https:\/\/www.nexoinformativo.mx\/index.php\/wp-json\/wp\/v2\/posts\/5835\/revisions"}],"predecessor-version":[{"id":5852,"href":"https:\/\/www.nexoinformativo.mx\/index.php\/wp-json\/wp\/v2\/posts\/5835\/revisions\/5852"}],"wp:featuredmedia":[{"embeddable":true,"href":"https:\/\/www.nexoinformativo.mx\/index.php\/wp-json\/wp\/v2\/media\/5836"}],"wp:attachment":[{"href":"https:\/\/www.nexoinformativo.mx\/index.php\/wp-json\/wp\/v2\/media?parent=5835"}],"wp:term":[{"taxonomy":"category","embeddable":true,"href":"https:\/\/www.nexoinformativo.mx\/index.php\/wp-json\/wp\/v2\/categories?post=5835"},{"taxonomy":"post_tag","embeddable":true,"href":"https:\/\/www.nexoinformativo.mx\/index.php\/wp-json\/wp\/v2\/tags?post=5835"}],"curies":[{"name":"wp","href":"https:\/\/api.w.org\/{rel}","templated":true}]}}