{"id":5858,"date":"2024-11-12T10:00:06","date_gmt":"2024-11-12T16:00:06","guid":{"rendered":"https:\/\/www.nexoinformativo.mx\/?p=5858"},"modified":"2024-11-12T10:13:31","modified_gmt":"2024-11-12T16:13:31","slug":"queretaro-avanza-en-la-vacunacion-contra-la-influenza-mas-de-158-mil-dosis-aplicadas","status":"publish","type":"post","link":"https:\/\/www.nexoinformativo.mx\/index.php\/2024\/11\/12\/queretaro-avanza-en-la-vacunacion-contra-la-influenza-mas-de-158-mil-dosis-aplicadas\/","title":{"rendered":"Quer\u00e9taro avanza en la vacunaci\u00f3n contra la Influenza: M\u00e1s de 158 Mil dosis aplicadas"},"content":{"rendered":"<p style=\"text-align: justify;\">La Secretar\u00eda de Salud del estado de Quer\u00e9taro (SESA) ha informado que hasta el momento se han aplicado 158 mil 959 dosis de la vacuna contra la influenza, lo que representa un avance del 25.66% de la meta estatal programada, que es de 619 mil 499 dosis.<\/p>\n<p>&nbsp;<\/p>\n<p style=\"text-align: justify;\">Hasta el 8 de noviembre, se han registrado siete casos positivos de influenza estacional en Quer\u00e9taro. Los casos corresponden a cinco mujeres y dos hombres, con edades entre 18 y 72 a\u00f1os.<\/p>\n<p>&nbsp;<\/p>\n<p style=\"text-align: justify;\">Los pacientes est\u00e1n distribuidos en los municipios de Corregidora, El Marqu\u00e9s, Quer\u00e9taro y San Juan del R\u00edo. Hasta la fecha, no se han registrado defunciones por esta causa en el estado.<\/p>\n<p>&nbsp;<\/p>\n<p style=\"text-align: justify;\">A nivel nacional, hasta el 4 de noviembre, se han reportado 340 casos positivos de influenza estacional y se han notificado cuatro defunciones en los estados de Guerrero, Jalisco, San Luis Potos\u00ed y Yucat\u00e1n.<\/p>\n<p>&nbsp;<\/p>\n<p style=\"text-align: justify;\">SESA exhorta a la poblaci\u00f3n a vacunarse y seguir las recomendaciones de salud p\u00fablica para prevenir la propagaci\u00f3n de la influenza. La vacunaci\u00f3n es una medida clave para protegerse contra esta enfermedad, especialmente en los meses de mayor incidencia.<\/p>\n<p>&nbsp;<\/p>\n<p style=\"text-align: center;\"><em><strong>\u00a1Informaci\u00f3n que transforma!<\/strong><\/em><\/p>\n","protected":false},"excerpt":{"rendered":"<p>La Secretar\u00eda de Salud del estado de Quer\u00e9taro (SESA) ha informado que hasta el momento se han aplicado 158 mil 959 dosis de la vacuna contra la influenza, lo que representa un avance del 25.66% de la meta estatal programada, que es de 619 mil 499 dosis.<\/p>\n","protected":false},"author":3,"featured_media":5859,"comment_status":"open","ping_status":"open","sticky":false,"template":"","format":"standard","meta":{"footnotes":""},"categories":[42,58],"tags":[1994,1995,1054,1374],"class_list":["post-5858","post","type-post","status-publish","format-standard","has-post-thumbnail","hentry","category-estado","category-ultima-hora","tag-prevencioninfluenza","tag-queretarosaludable","tag-saludqueretaro","tag-vacunacioninfluenza"],"yoast_head":"<!-- This site is optimized with the Yoast SEO plugin v25.0 - https:\/\/yoast.com\/wordpress\/plugins\/seo\/ -->\n<title>Quer\u00e9taro avanza en la vacunaci\u00f3n contra la Influenza: M\u00e1s de 158 Mil dosis aplicadas | Nexo Informativo Santiago de Quer\u00e9taro<\/title>\n<meta name=\"description\" content=\"Quer\u00e9taro avanza en la vacunaci\u00f3n contra la Influenza: M\u00e1s de 158 Mil dosis aplicadas\" \/>\n<meta name=\"robots\" content=\"index, follow, max-snippet:-1, max-image-preview:large, max-video-preview:-1\" \/>\n<link rel=\"canonical\" href=\"https:\/\/www.nexoinformativo.mx\/index.php\/2024\/11\/12\/queretaro-avanza-en-la-vacunacion-contra-la-influenza-mas-de-158-mil-dosis-aplicadas\/\" \/>\n<meta property=\"og:locale\" content=\"es_MX\" \/>\n<meta property=\"og:type\" content=\"article\" \/>\n<meta property=\"og:title\" content=\"Quer\u00e9taro avanza en la vacunaci\u00f3n contra la Influenza: M\u00e1s de 158 Mil dosis aplicadas | Nexo Informativo Santiago de Quer\u00e9taro\" \/>\n<meta property=\"og:description\" content=\"Quer\u00e9taro avanza en la vacunaci\u00f3n contra la Influenza: M\u00e1s de 158 Mil dosis aplicadas\" \/>\n<meta property=\"og:url\" content=\"https:\/\/www.nexoinformativo.mx\/index.php\/2024\/11\/12\/queretaro-avanza-en-la-vacunacion-contra-la-influenza-mas-de-158-mil-dosis-aplicadas\/\" \/>\n<meta property=\"og:site_name\" content=\"Nexo Informativo Santiago de Quer\u00e9taro\" \/>\n<meta property=\"article:publisher\" content=\"https:\/\/www.facebook.com\/people\/Nexo-Informativo\/61564066885511\/\" \/>\n<meta property=\"article:published_time\" content=\"2024-11-12T16:00:06+00:00\" \/>\n<meta property=\"article:modified_time\" content=\"2024-11-12T16:13:31+00:00\" \/>\n<meta property=\"og:image\" content=\"https:\/\/www.nexoinformativo.mx\/wp-content\/uploads\/2024\/11\/PHOTO-2024-11-12-09-53-35-e1731427926239.jpg\" \/>\n\t<meta property=\"og:image:width\" content=\"800\" \/>\n\t<meta property=\"og:image:height\" content=\"795\" \/>\n\t<meta property=\"og:image:type\" content=\"image\/jpeg\" \/>\n<meta name=\"author\" content=\"Nexo Informativo\" \/>\n<meta name=\"twitter:card\" content=\"summary_large_image\" \/>\n<meta name=\"twitter:label1\" content=\"Escrito por\" \/>\n\t<meta name=\"twitter:data1\" content=\"Nexo Informativo\" \/>\n\t<meta name=\"twitter:label2\" content=\"Tiempo de lectura\" \/>\n\t<meta name=\"twitter:data2\" content=\"2 minutos\" \/>\n<script type=\"application\/ld+json\" class=\"yoast-schema-graph\">{\"@context\":\"https:\/\/schema.org\",\"@graph\":[{\"@type\":\"Article\",\"@id\":\"https:\/\/www.nexoinformativo.mx\/index.php\/2024\/11\/12\/queretaro-avanza-en-la-vacunacion-contra-la-influenza-mas-de-158-mil-dosis-aplicadas\/#article\",\"isPartOf\":{\"@id\":\"https:\/\/www.nexoinformativo.mx\/index.php\/2024\/11\/12\/queretaro-avanza-en-la-vacunacion-contra-la-influenza-mas-de-158-mil-dosis-aplicadas\/\"},\"author\":{\"name\":\"Nexo Informativo\",\"@id\":\"https:\/\/www.nexoinformativo.mx\/#\/schema\/person\/7749d380ba08c8ca00d7bc76fd907b7d\"},\"headline\":\"Quer\u00e9taro avanza en la vacunaci\u00f3n contra la Influenza: M\u00e1s de 158 Mil dosis aplicadas\",\"datePublished\":\"2024-11-12T16:00:06+00:00\",\"dateModified\":\"2024-11-12T16:13:31+00:00\",\"mainEntityOfPage\":{\"@id\":\"https:\/\/www.nexoinformativo.mx\/index.php\/2024\/11\/12\/queretaro-avanza-en-la-vacunacion-contra-la-influenza-mas-de-158-mil-dosis-aplicadas\/\"},\"wordCount\":211,\"commentCount\":0,\"publisher\":{\"@id\":\"https:\/\/www.nexoinformativo.mx\/#organization\"},\"image\":{\"@id\":\"https:\/\/www.nexoinformativo.mx\/index.php\/2024\/11\/12\/queretaro-avanza-en-la-vacunacion-contra-la-influenza-mas-de-158-mil-dosis-aplicadas\/#primaryimage\"},\"thumbnailUrl\":\"https:\/\/www.nexoinformativo.mx\/wp-content\/uploads\/2024\/11\/PHOTO-2024-11-12-09-53-35-e1731427926239.jpg\",\"keywords\":[\"Prevenci\u00f3nInfluenza\",\"Quer\u00e9taroSaludable\",\"SaludQuer\u00e9taro\",\"Vacunaci\u00f3nInfluenza\"],\"articleSection\":[\"Estado\",\"\u00daltima Hora\"],\"inLanguage\":\"es\",\"potentialAction\":[{\"@type\":\"CommentAction\",\"name\":\"Comment\",\"target\":[\"https:\/\/www.nexoinformativo.mx\/index.php\/2024\/11\/12\/queretaro-avanza-en-la-vacunacion-contra-la-influenza-mas-de-158-mil-dosis-aplicadas\/#respond\"]}]},{\"@type\":\"WebPage\",\"@id\":\"https:\/\/www.nexoinformativo.mx\/index.php\/2024\/11\/12\/queretaro-avanza-en-la-vacunacion-contra-la-influenza-mas-de-158-mil-dosis-aplicadas\/\",\"url\":\"https:\/\/www.nexoinformativo.mx\/index.php\/2024\/11\/12\/queretaro-avanza-en-la-vacunacion-contra-la-influenza-mas-de-158-mil-dosis-aplicadas\/\",\"name\":\"Quer\u00e9taro avanza en la vacunaci\u00f3n contra la Influenza: M\u00e1s de 158 Mil dosis aplicadas | Nexo Informativo Santiago de Quer\u00e9taro\",\"isPartOf\":{\"@id\":\"https:\/\/www.nexoinformativo.mx\/#website\"},\"primaryImageOfPage\":{\"@id\":\"https:\/\/www.nexoinformativo.mx\/index.php\/2024\/11\/12\/queretaro-avanza-en-la-vacunacion-contra-la-influenza-mas-de-158-mil-dosis-aplicadas\/#primaryimage\"},\"image\":{\"@id\":\"https:\/\/www.nexoinformativo.mx\/index.php\/2024\/11\/12\/queretaro-avanza-en-la-vacunacion-contra-la-influenza-mas-de-158-mil-dosis-aplicadas\/#primaryimage\"},\"thumbnailUrl\":\"https:\/\/www.nexoinformativo.mx\/wp-content\/uploads\/2024\/11\/PHOTO-2024-11-12-09-53-35-e1731427926239.jpg\",\"datePublished\":\"2024-11-12T16:00:06+00:00\",\"dateModified\":\"2024-11-12T16:13:31+00:00\",\"description\":\"Quer\u00e9taro avanza en la vacunaci\u00f3n contra la Influenza: M\u00e1s de 158 Mil dosis aplicadas\",\"breadcrumb\":{\"@id\":\"https:\/\/www.nexoinformativo.mx\/index.php\/2024\/11\/12\/queretaro-avanza-en-la-vacunacion-contra-la-influenza-mas-de-158-mil-dosis-aplicadas\/#breadcrumb\"},\"inLanguage\":\"es\",\"potentialAction\":[{\"@type\":\"ReadAction\",\"target\":[\"https:\/\/www.nexoinformativo.mx\/index.php\/2024\/11\/12\/queretaro-avanza-en-la-vacunacion-contra-la-influenza-mas-de-158-mil-dosis-aplicadas\/\"]}]},{\"@type\":\"ImageObject\",\"inLanguage\":\"es\",\"@id\":\"https:\/\/www.nexoinformativo.mx\/index.php\/2024\/11\/12\/queretaro-avanza-en-la-vacunacion-contra-la-influenza-mas-de-158-mil-dosis-aplicadas\/#primaryimage\",\"url\":\"https:\/\/www.nexoinformativo.mx\/wp-content\/uploads\/2024\/11\/PHOTO-2024-11-12-09-53-35-e1731427926239.jpg\",\"contentUrl\":\"https:\/\/www.nexoinformativo.mx\/wp-content\/uploads\/2024\/11\/PHOTO-2024-11-12-09-53-35-e1731427926239.jpg\",\"width\":800,\"height\":795},{\"@type\":\"BreadcrumbList\",\"@id\":\"https:\/\/www.nexoinformativo.mx\/index.php\/2024\/11\/12\/queretaro-avanza-en-la-vacunacion-contra-la-influenza-mas-de-158-mil-dosis-aplicadas\/#breadcrumb\",\"itemListElement\":[{\"@type\":\"ListItem\",\"position\":1,\"name\":\"Inicio\",\"item\":\"https:\/\/www.nexoinformativo.mx\/\"},{\"@type\":\"ListItem\",\"position\":2,\"name\":\"Quer\u00e9taro avanza en la vacunaci\u00f3n contra la Influenza: M\u00e1s de 158 Mil dosis aplicadas\"}]},{\"@type\":\"WebSite\",\"@id\":\"https:\/\/www.nexoinformativo.mx\/#website\",\"url\":\"https:\/\/www.nexoinformativo.mx\/\",\"name\":\"Nexo Informativo Santiago de Quer\u00e9taro\",\"description\":\"Explora NexoInformativo y convi\u00e9rtete en parte de una comunidad que valora el conocimiento y la verdad. Tu nexoinformativo es tu puente hacia una comprensi\u00f3n m\u00e1s profunda del mundo que te rodea.\",\"publisher\":{\"@id\":\"https:\/\/www.nexoinformativo.mx\/#organization\"},\"potentialAction\":[{\"@type\":\"SearchAction\",\"target\":{\"@type\":\"EntryPoint\",\"urlTemplate\":\"https:\/\/www.nexoinformativo.mx\/?s={search_term_string}\"},\"query-input\":{\"@type\":\"PropertyValueSpecification\",\"valueRequired\":true,\"valueName\":\"search_term_string\"}}],\"inLanguage\":\"es\"},{\"@type\":\"Organization\",\"@id\":\"https:\/\/www.nexoinformativo.mx\/#organization\",\"name\":\"Nexo Informativo Santiago de Quer\u00e9taro\",\"url\":\"https:\/\/www.nexoinformativo.mx\/\",\"logo\":{\"@type\":\"ImageObject\",\"inLanguage\":\"es\",\"@id\":\"https:\/\/www.nexoinformativo.mx\/#\/schema\/logo\/image\/\",\"url\":\"https:\/\/www.nexoinformativo.mx\/wp-content\/uploads\/2024\/07\/nexoi-trasparente-2.png\",\"contentUrl\":\"https:\/\/www.nexoinformativo.mx\/wp-content\/uploads\/2024\/07\/nexoi-trasparente-2.png\",\"width\":816,\"height\":339,\"caption\":\"Nexo Informativo Santiago de Quer\u00e9taro\"},\"image\":{\"@id\":\"https:\/\/www.nexoinformativo.mx\/#\/schema\/logo\/image\/\"},\"sameAs\":[\"https:\/\/www.facebook.com\/people\/Nexo-Informativo\/61564066885511\/\"]},{\"@type\":\"Person\",\"@id\":\"https:\/\/www.nexoinformativo.mx\/#\/schema\/person\/7749d380ba08c8ca00d7bc76fd907b7d\",\"name\":\"Nexo Informativo\",\"image\":{\"@type\":\"ImageObject\",\"inLanguage\":\"es\",\"@id\":\"https:\/\/www.nexoinformativo.mx\/#\/schema\/person\/image\/\",\"url\":\"https:\/\/secure.gravatar.com\/avatar\/dde2928154642a13d95f87ddf1ea9718fe2b46760a005c53e41ff5ad610704e6?s=96&d=mm&r=g\",\"contentUrl\":\"https:\/\/secure.gravatar.com\/avatar\/dde2928154642a13d95f87ddf1ea9718fe2b46760a005c53e41ff5ad610704e6?s=96&d=mm&r=g\",\"caption\":\"Nexo Informativo\"},\"url\":\"https:\/\/www.nexoinformativo.mx\/index.php\/author\/edicion\/\"}]}<\/script>\n<!-- \/ Yoast SEO plugin. -->","yoast_head_json":{"title":"Quer\u00e9taro avanza en la vacunaci\u00f3n contra la Influenza: M\u00e1s de 158 Mil dosis aplicadas | Nexo Informativo Santiago de Quer\u00e9taro","description":"Quer\u00e9taro avanza en la vacunaci\u00f3n contra la Influenza: M\u00e1s de 158 Mil dosis aplicadas","robots":{"index":"index","follow":"follow","max-snippet":"max-snippet:-1","max-image-preview":"max-image-preview:large","max-video-preview":"max-video-preview:-1"},"canonical":"https:\/\/www.nexoinformativo.mx\/index.php\/2024\/11\/12\/queretaro-avanza-en-la-vacunacion-contra-la-influenza-mas-de-158-mil-dosis-aplicadas\/","og_locale":"es_MX","og_type":"article","og_title":"Quer\u00e9taro avanza en la vacunaci\u00f3n contra la Influenza: M\u00e1s de 158 Mil dosis aplicadas | Nexo Informativo Santiago de Quer\u00e9taro","og_description":"Quer\u00e9taro avanza en la vacunaci\u00f3n contra la Influenza: M\u00e1s de 158 Mil dosis aplicadas","og_url":"https:\/\/www.nexoinformativo.mx\/index.php\/2024\/11\/12\/queretaro-avanza-en-la-vacunacion-contra-la-influenza-mas-de-158-mil-dosis-aplicadas\/","og_site_name":"Nexo Informativo Santiago de Quer\u00e9taro","article_publisher":"https:\/\/www.facebook.com\/people\/Nexo-Informativo\/61564066885511\/","article_published_time":"2024-11-12T16:00:06+00:00","article_modified_time":"2024-11-12T16:13:31+00:00","og_image":[{"width":800,"height":795,"url":"https:\/\/www.nexoinformativo.mx\/wp-content\/uploads\/2024\/11\/PHOTO-2024-11-12-09-53-35-e1731427926239.jpg","type":"image\/jpeg"}],"author":"Nexo Informativo","twitter_card":"summary_large_image","twitter_misc":{"Escrito por":"Nexo Informativo","Tiempo de lectura":"2 minutos"},"schema":{"@context":"https:\/\/schema.org","@graph":[{"@type":"Article","@id":"https:\/\/www.nexoinformativo.mx\/index.php\/2024\/11\/12\/queretaro-avanza-en-la-vacunacion-contra-la-influenza-mas-de-158-mil-dosis-aplicadas\/#article","isPartOf":{"@id":"https:\/\/www.nexoinformativo.mx\/index.php\/2024\/11\/12\/queretaro-avanza-en-la-vacunacion-contra-la-influenza-mas-de-158-mil-dosis-aplicadas\/"},"author":{"name":"Nexo Informativo","@id":"https:\/\/www.nexoinformativo.mx\/#\/schema\/person\/7749d380ba08c8ca00d7bc76fd907b7d"},"headline":"Quer\u00e9taro avanza en la vacunaci\u00f3n contra la Influenza: M\u00e1s de 158 Mil dosis aplicadas","datePublished":"2024-11-12T16:00:06+00:00","dateModified":"2024-11-12T16:13:31+00:00","mainEntityOfPage":{"@id":"https:\/\/www.nexoinformativo.mx\/index.php\/2024\/11\/12\/queretaro-avanza-en-la-vacunacion-contra-la-influenza-mas-de-158-mil-dosis-aplicadas\/"},"wordCount":211,"commentCount":0,"publisher":{"@id":"https:\/\/www.nexoinformativo.mx\/#organization"},"image":{"@id":"https:\/\/www.nexoinformativo.mx\/index.php\/2024\/11\/12\/queretaro-avanza-en-la-vacunacion-contra-la-influenza-mas-de-158-mil-dosis-aplicadas\/#primaryimage"},"thumbnailUrl":"https:\/\/www.nexoinformativo.mx\/wp-content\/uploads\/2024\/11\/PHOTO-2024-11-12-09-53-35-e1731427926239.jpg","keywords":["Prevenci\u00f3nInfluenza","Quer\u00e9taroSaludable","SaludQuer\u00e9taro","Vacunaci\u00f3nInfluenza"],"articleSection":["Estado","\u00daltima Hora"],"inLanguage":"es","potentialAction":[{"@type":"CommentAction","name":"Comment","target":["https:\/\/www.nexoinformativo.mx\/index.php\/2024\/11\/12\/queretaro-avanza-en-la-vacunacion-contra-la-influenza-mas-de-158-mil-dosis-aplicadas\/#respond"]}]},{"@type":"WebPage","@id":"https:\/\/www.nexoinformativo.mx\/index.php\/2024\/11\/12\/queretaro-avanza-en-la-vacunacion-contra-la-influenza-mas-de-158-mil-dosis-aplicadas\/","url":"https:\/\/www.nexoinformativo.mx\/index.php\/2024\/11\/12\/queretaro-avanza-en-la-vacunacion-contra-la-influenza-mas-de-158-mil-dosis-aplicadas\/","name":"Quer\u00e9taro avanza en la vacunaci\u00f3n contra la Influenza: M\u00e1s de 158 Mil dosis aplicadas | Nexo Informativo Santiago de Quer\u00e9taro","isPartOf":{"@id":"https:\/\/www.nexoinformativo.mx\/#website"},"primaryImageOfPage":{"@id":"https:\/\/www.nexoinformativo.mx\/index.php\/2024\/11\/12\/queretaro-avanza-en-la-vacunacion-contra-la-influenza-mas-de-158-mil-dosis-aplicadas\/#primaryimage"},"image":{"@id":"https:\/\/www.nexoinformativo.mx\/index.php\/2024\/11\/12\/queretaro-avanza-en-la-vacunacion-contra-la-influenza-mas-de-158-mil-dosis-aplicadas\/#primaryimage"},"thumbnailUrl":"https:\/\/www.nexoinformativo.mx\/wp-content\/uploads\/2024\/11\/PHOTO-2024-11-12-09-53-35-e1731427926239.jpg","datePublished":"2024-11-12T16:00:06+00:00","dateModified":"2024-11-12T16:13:31+00:00","description":"Quer\u00e9taro avanza en la vacunaci\u00f3n contra la Influenza: M\u00e1s de 158 Mil dosis aplicadas","breadcrumb":{"@id":"https:\/\/www.nexoinformativo.mx\/index.php\/2024\/11\/12\/queretaro-avanza-en-la-vacunacion-contra-la-influenza-mas-de-158-mil-dosis-aplicadas\/#breadcrumb"},"inLanguage":"es","potentialAction":[{"@type":"ReadAction","target":["https:\/\/www.nexoinformativo.mx\/index.php\/2024\/11\/12\/queretaro-avanza-en-la-vacunacion-contra-la-influenza-mas-de-158-mil-dosis-aplicadas\/"]}]},{"@type":"ImageObject","inLanguage":"es","@id":"https:\/\/www.nexoinformativo.mx\/index.php\/2024\/11\/12\/queretaro-avanza-en-la-vacunacion-contra-la-influenza-mas-de-158-mil-dosis-aplicadas\/#primaryimage","url":"https:\/\/www.nexoinformativo.mx\/wp-content\/uploads\/2024\/11\/PHOTO-2024-11-12-09-53-35-e1731427926239.jpg","contentUrl":"https:\/\/www.nexoinformativo.mx\/wp-content\/uploads\/2024\/11\/PHOTO-2024-11-12-09-53-35-e1731427926239.jpg","width":800,"height":795},{"@type":"BreadcrumbList","@id":"https:\/\/www.nexoinformativo.mx\/index.php\/2024\/11\/12\/queretaro-avanza-en-la-vacunacion-contra-la-influenza-mas-de-158-mil-dosis-aplicadas\/#breadcrumb","itemListElement":[{"@type":"ListItem","position":1,"name":"Inicio","item":"https:\/\/www.nexoinformativo.mx\/"},{"@type":"ListItem","position":2,"name":"Quer\u00e9taro avanza en la vacunaci\u00f3n contra la Influenza: M\u00e1s de 158 Mil dosis aplicadas"}]},{"@type":"WebSite","@id":"https:\/\/www.nexoinformativo.mx\/#website","url":"https:\/\/www.nexoinformativo.mx\/","name":"Nexo Informativo Santiago de Quer\u00e9taro","description":"Explora NexoInformativo y convi\u00e9rtete en parte de una comunidad que valora el conocimiento y la verdad. Tu nexoinformativo es tu puente hacia una comprensi\u00f3n m\u00e1s profunda del mundo que te rodea.","publisher":{"@id":"https:\/\/www.nexoinformativo.mx\/#organization"},"potentialAction":[{"@type":"SearchAction","target":{"@type":"EntryPoint","urlTemplate":"https:\/\/www.nexoinformativo.mx\/?s={search_term_string}"},"query-input":{"@type":"PropertyValueSpecification","valueRequired":true,"valueName":"search_term_string"}}],"inLanguage":"es"},{"@type":"Organization","@id":"https:\/\/www.nexoinformativo.mx\/#organization","name":"Nexo Informativo Santiago de Quer\u00e9taro","url":"https:\/\/www.nexoinformativo.mx\/","logo":{"@type":"ImageObject","inLanguage":"es","@id":"https:\/\/www.nexoinformativo.mx\/#\/schema\/logo\/image\/","url":"https:\/\/www.nexoinformativo.mx\/wp-content\/uploads\/2024\/07\/nexoi-trasparente-2.png","contentUrl":"https:\/\/www.nexoinformativo.mx\/wp-content\/uploads\/2024\/07\/nexoi-trasparente-2.png","width":816,"height":339,"caption":"Nexo Informativo Santiago de Quer\u00e9taro"},"image":{"@id":"https:\/\/www.nexoinformativo.mx\/#\/schema\/logo\/image\/"},"sameAs":["https:\/\/www.facebook.com\/people\/Nexo-Informativo\/61564066885511\/"]},{"@type":"Person","@id":"https:\/\/www.nexoinformativo.mx\/#\/schema\/person\/7749d380ba08c8ca00d7bc76fd907b7d","name":"Nexo Informativo","image":{"@type":"ImageObject","inLanguage":"es","@id":"https:\/\/www.nexoinformativo.mx\/#\/schema\/person\/image\/","url":"https:\/\/secure.gravatar.com\/avatar\/dde2928154642a13d95f87ddf1ea9718fe2b46760a005c53e41ff5ad610704e6?s=96&d=mm&r=g","contentUrl":"https:\/\/secure.gravatar.com\/avatar\/dde2928154642a13d95f87ddf1ea9718fe2b46760a005c53e41ff5ad610704e6?s=96&d=mm&r=g","caption":"Nexo Informativo"},"url":"https:\/\/www.nexoinformativo.mx\/index.php\/author\/edicion\/"}]}},"_links":{"self":[{"href":"https:\/\/www.nexoinformativo.mx\/index.php\/wp-json\/wp\/v2\/posts\/5858","targetHints":{"allow":["GET"]}}],"collection":[{"href":"https:\/\/www.nexoinformativo.mx\/index.php\/wp-json\/wp\/v2\/posts"}],"about":[{"href":"https:\/\/www.nexoinformativo.mx\/index.php\/wp-json\/wp\/v2\/types\/post"}],"author":[{"embeddable":true,"href":"https:\/\/www.nexoinformativo.mx\/index.php\/wp-json\/wp\/v2\/users\/3"}],"replies":[{"embeddable":true,"href":"https:\/\/www.nexoinformativo.mx\/index.php\/wp-json\/wp\/v2\/comments?post=5858"}],"version-history":[{"count":5,"href":"https:\/\/www.nexoinformativo.mx\/index.php\/wp-json\/wp\/v2\/posts\/5858\/revisions"}],"predecessor-version":[{"id":5862,"href":"https:\/\/www.nexoinformativo.mx\/index.php\/wp-json\/wp\/v2\/posts\/5858\/revisions\/5862"}],"wp:featuredmedia":[{"embeddable":true,"href":"https:\/\/www.nexoinformativo.mx\/index.php\/wp-json\/wp\/v2\/media\/5859"}],"wp:attachment":[{"href":"https:\/\/www.nexoinformativo.mx\/index.php\/wp-json\/wp\/v2\/media?parent=5858"}],"wp:term":[{"taxonomy":"category","embeddable":true,"href":"https:\/\/www.nexoinformativo.mx\/index.php\/wp-json\/wp\/v2\/categories?post=5858"},{"taxonomy":"post_tag","embeddable":true,"href":"https:\/\/www.nexoinformativo.mx\/index.php\/wp-json\/wp\/v2\/tags?post=5858"}],"curies":[{"name":"wp","href":"https:\/\/api.w.org\/{rel}","templated":true}]}}