{"id":5882,"date":"2024-11-12T11:30:14","date_gmt":"2024-11-12T17:30:14","guid":{"rendered":"https:\/\/www.nexoinformativo.mx\/?p=5882"},"modified":"2024-11-12T12:45:05","modified_gmt":"2024-11-12T18:45:05","slug":"san-juan-del-rio-se-prepara-para-un-buen-fin-historico-200-millones-de-pesos-en-derrama-economica","status":"publish","type":"post","link":"https:\/\/www.nexoinformativo.mx\/index.php\/2024\/11\/12\/san-juan-del-rio-se-prepara-para-un-buen-fin-historico-200-millones-de-pesos-en-derrama-economica\/","title":{"rendered":"San Juan del R\u00edo se prepara para un Buen Fin hist\u00f3rico: \u00a1200 millones de pesos en derrama econ\u00f3mica!"},"content":{"rendered":"<p style=\"text-align: justify;\">Del <strong>15 al 18 de noviembre<\/strong>, San Juan del R\u00edo se convertir\u00e1 en el epicentro de las compras con la celebraci\u00f3n del <strong>Buen Fin 2024<\/strong>. Este a\u00f1o, se espera una derrama econ\u00f3mica de aproximadamente 200 millones de pesos, lo que representa un incremento del 11% respecto al a\u00f1o anterior.<\/p>\n<p>&nbsp;<\/p>\n<p style=\"text-align: justify;\">El presidente municipal, Roberto Cabrera Valencia, destac\u00f3 la importancia de consumir localmente para fortalecer la econom\u00eda y generar un impacto positivo en las familias sanjuanenses. Para lograr este objetivo, se lanzar\u00e1 la campa\u00f1a <strong>&#8220;Consume en San Juan&#8221;<\/strong>, que promover\u00e1 productos y servicios locales a trav\u00e9s de redes sociales.<\/p>\n<p>&nbsp;<\/p>\n<p style=\"text-align: justify;\">La C\u00e1mara Nacional de Comercio <strong>(CANACO)<\/strong> de San Juan del R\u00edo ha habilitado un portal en l\u00ednea donde los consumidores podr\u00e1n consultar las ofertas y establecimientos participantes. Esta medida garantizar\u00e1 transparencia y seguridad en las compras durante el Buen Fin.<\/p>\n<p>&nbsp;<\/p>\n<p style=\"text-align: justify;\">Las autoridades municipales y estatales implementar\u00e1n un dispositivo de seguridad especial para asegurar que los ciudadanos puedan realizar sus compras en un ambiente tranquilo y seguro.<\/p>\n<p>&nbsp;<\/p>\n<p style=\"text-align: center;\"><em><strong>\u00a1Informaci\u00f3n que transforma!<\/strong><\/em><\/p>\n","protected":false},"excerpt":{"rendered":"<p>San Juan del R\u00edo se prepara para un Buen Fin hist\u00f3rico: \u00a1200 millones de pesos en derrama econ\u00f3mica!<\/p>\n","protected":false},"author":3,"featured_media":5883,"comment_status":"open","ping_status":"open","sticky":false,"template":"","format":"standard","meta":{"footnotes":""},"categories":[65,58],"tags":[1957,1922,2004,382],"class_list":["post-5882","post","type-post","status-publish","format-standard","has-post-thumbnail","hentry","category-municipios","category-ultima-hora","tag-buenfin2024","tag-comerciolocal","tag-consumeensanjuan","tag-sanjuandelrio"],"yoast_head":"<!-- This site is optimized with the Yoast SEO plugin v25.0 - https:\/\/yoast.com\/wordpress\/plugins\/seo\/ -->\n<title>San Juan del R\u00edo se prepara para un Buen Fin hist\u00f3rico: \u00a1200 millones de pesos en derrama econ\u00f3mica! | Nexo Informativo Santiago de Quer\u00e9taro<\/title>\n<meta name=\"robots\" content=\"index, follow, max-snippet:-1, max-image-preview:large, max-video-preview:-1\" \/>\n<link rel=\"canonical\" href=\"https:\/\/www.nexoinformativo.mx\/index.php\/2024\/11\/12\/san-juan-del-rio-se-prepara-para-un-buen-fin-historico-200-millones-de-pesos-en-derrama-economica\/\" \/>\n<meta property=\"og:locale\" content=\"es_MX\" \/>\n<meta property=\"og:type\" content=\"article\" \/>\n<meta property=\"og:title\" content=\"San Juan del R\u00edo se prepara para un Buen Fin hist\u00f3rico: \u00a1200 millones de pesos en derrama econ\u00f3mica! | Nexo Informativo Santiago de Quer\u00e9taro\" \/>\n<meta property=\"og:description\" content=\"San Juan del R\u00edo se prepara para un Buen Fin hist\u00f3rico: \u00a1200 millones de pesos en derrama econ\u00f3mica!\" \/>\n<meta property=\"og:url\" content=\"https:\/\/www.nexoinformativo.mx\/index.php\/2024\/11\/12\/san-juan-del-rio-se-prepara-para-un-buen-fin-historico-200-millones-de-pesos-en-derrama-economica\/\" \/>\n<meta property=\"og:site_name\" content=\"Nexo Informativo Santiago de Quer\u00e9taro\" \/>\n<meta property=\"article:publisher\" content=\"https:\/\/www.facebook.com\/people\/Nexo-Informativo\/61564066885511\/\" \/>\n<meta property=\"article:published_time\" content=\"2024-11-12T17:30:14+00:00\" \/>\n<meta property=\"article:modified_time\" content=\"2024-11-12T18:45:05+00:00\" \/>\n<meta property=\"og:image\" content=\"https:\/\/www.nexoinformativo.mx\/wp-content\/uploads\/2024\/11\/PHOTO-2024-11-12-12-07-48-e1731437041163.jpg\" \/>\n\t<meta property=\"og:image:width\" content=\"600\" \/>\n\t<meta property=\"og:image:height\" content=\"750\" \/>\n\t<meta property=\"og:image:type\" content=\"image\/jpeg\" \/>\n<meta name=\"author\" content=\"Nexo Informativo\" \/>\n<meta name=\"twitter:card\" content=\"summary_large_image\" \/>\n<meta name=\"twitter:label1\" content=\"Escrito por\" \/>\n\t<meta name=\"twitter:data1\" content=\"Nexo Informativo\" \/>\n\t<meta name=\"twitter:label2\" content=\"Tiempo de lectura\" \/>\n\t<meta name=\"twitter:data2\" content=\"1 minuto\" \/>\n<script type=\"application\/ld+json\" class=\"yoast-schema-graph\">{\"@context\":\"https:\/\/schema.org\",\"@graph\":[{\"@type\":\"Article\",\"@id\":\"https:\/\/www.nexoinformativo.mx\/index.php\/2024\/11\/12\/san-juan-del-rio-se-prepara-para-un-buen-fin-historico-200-millones-de-pesos-en-derrama-economica\/#article\",\"isPartOf\":{\"@id\":\"https:\/\/www.nexoinformativo.mx\/index.php\/2024\/11\/12\/san-juan-del-rio-se-prepara-para-un-buen-fin-historico-200-millones-de-pesos-en-derrama-economica\/\"},\"author\":{\"name\":\"Nexo Informativo\",\"@id\":\"https:\/\/www.nexoinformativo.mx\/#\/schema\/person\/7749d380ba08c8ca00d7bc76fd907b7d\"},\"headline\":\"San Juan del R\u00edo se prepara para un Buen Fin hist\u00f3rico: \u00a1200 millones de pesos en derrama econ\u00f3mica!\",\"datePublished\":\"2024-11-12T17:30:14+00:00\",\"dateModified\":\"2024-11-12T18:45:05+00:00\",\"mainEntityOfPage\":{\"@id\":\"https:\/\/www.nexoinformativo.mx\/index.php\/2024\/11\/12\/san-juan-del-rio-se-prepara-para-un-buen-fin-historico-200-millones-de-pesos-en-derrama-economica\/\"},\"wordCount\":199,\"commentCount\":0,\"publisher\":{\"@id\":\"https:\/\/www.nexoinformativo.mx\/#organization\"},\"image\":{\"@id\":\"https:\/\/www.nexoinformativo.mx\/index.php\/2024\/11\/12\/san-juan-del-rio-se-prepara-para-un-buen-fin-historico-200-millones-de-pesos-en-derrama-economica\/#primaryimage\"},\"thumbnailUrl\":\"https:\/\/www.nexoinformativo.mx\/wp-content\/uploads\/2024\/11\/PHOTO-2024-11-12-12-07-48-e1731437041163.jpg\",\"keywords\":[\"BuenFin2024\",\"ComercioLocal\",\"ConsumeEnSanJuan\",\"SanJuanDelR\u00edo\"],\"articleSection\":[\"Municipios\",\"\u00daltima Hora\"],\"inLanguage\":\"es\",\"potentialAction\":[{\"@type\":\"CommentAction\",\"name\":\"Comment\",\"target\":[\"https:\/\/www.nexoinformativo.mx\/index.php\/2024\/11\/12\/san-juan-del-rio-se-prepara-para-un-buen-fin-historico-200-millones-de-pesos-en-derrama-economica\/#respond\"]}]},{\"@type\":\"WebPage\",\"@id\":\"https:\/\/www.nexoinformativo.mx\/index.php\/2024\/11\/12\/san-juan-del-rio-se-prepara-para-un-buen-fin-historico-200-millones-de-pesos-en-derrama-economica\/\",\"url\":\"https:\/\/www.nexoinformativo.mx\/index.php\/2024\/11\/12\/san-juan-del-rio-se-prepara-para-un-buen-fin-historico-200-millones-de-pesos-en-derrama-economica\/\",\"name\":\"San Juan del R\u00edo se prepara para un Buen Fin hist\u00f3rico: \u00a1200 millones de pesos en derrama econ\u00f3mica! | Nexo Informativo Santiago de Quer\u00e9taro\",\"isPartOf\":{\"@id\":\"https:\/\/www.nexoinformativo.mx\/#website\"},\"primaryImageOfPage\":{\"@id\":\"https:\/\/www.nexoinformativo.mx\/index.php\/2024\/11\/12\/san-juan-del-rio-se-prepara-para-un-buen-fin-historico-200-millones-de-pesos-en-derrama-economica\/#primaryimage\"},\"image\":{\"@id\":\"https:\/\/www.nexoinformativo.mx\/index.php\/2024\/11\/12\/san-juan-del-rio-se-prepara-para-un-buen-fin-historico-200-millones-de-pesos-en-derrama-economica\/#primaryimage\"},\"thumbnailUrl\":\"https:\/\/www.nexoinformativo.mx\/wp-content\/uploads\/2024\/11\/PHOTO-2024-11-12-12-07-48-e1731437041163.jpg\",\"datePublished\":\"2024-11-12T17:30:14+00:00\",\"dateModified\":\"2024-11-12T18:45:05+00:00\",\"breadcrumb\":{\"@id\":\"https:\/\/www.nexoinformativo.mx\/index.php\/2024\/11\/12\/san-juan-del-rio-se-prepara-para-un-buen-fin-historico-200-millones-de-pesos-en-derrama-economica\/#breadcrumb\"},\"inLanguage\":\"es\",\"potentialAction\":[{\"@type\":\"ReadAction\",\"target\":[\"https:\/\/www.nexoinformativo.mx\/index.php\/2024\/11\/12\/san-juan-del-rio-se-prepara-para-un-buen-fin-historico-200-millones-de-pesos-en-derrama-economica\/\"]}]},{\"@type\":\"ImageObject\",\"inLanguage\":\"es\",\"@id\":\"https:\/\/www.nexoinformativo.mx\/index.php\/2024\/11\/12\/san-juan-del-rio-se-prepara-para-un-buen-fin-historico-200-millones-de-pesos-en-derrama-economica\/#primaryimage\",\"url\":\"https:\/\/www.nexoinformativo.mx\/wp-content\/uploads\/2024\/11\/PHOTO-2024-11-12-12-07-48-e1731437041163.jpg\",\"contentUrl\":\"https:\/\/www.nexoinformativo.mx\/wp-content\/uploads\/2024\/11\/PHOTO-2024-11-12-12-07-48-e1731437041163.jpg\",\"width\":600,\"height\":750},{\"@type\":\"BreadcrumbList\",\"@id\":\"https:\/\/www.nexoinformativo.mx\/index.php\/2024\/11\/12\/san-juan-del-rio-se-prepara-para-un-buen-fin-historico-200-millones-de-pesos-en-derrama-economica\/#breadcrumb\",\"itemListElement\":[{\"@type\":\"ListItem\",\"position\":1,\"name\":\"Inicio\",\"item\":\"https:\/\/www.nexoinformativo.mx\/\"},{\"@type\":\"ListItem\",\"position\":2,\"name\":\"San Juan del R\u00edo se prepara para un Buen Fin hist\u00f3rico: \u00a1200 millones de pesos en derrama econ\u00f3mica!\"}]},{\"@type\":\"WebSite\",\"@id\":\"https:\/\/www.nexoinformativo.mx\/#website\",\"url\":\"https:\/\/www.nexoinformativo.mx\/\",\"name\":\"Nexo Informativo Santiago de Quer\u00e9taro\",\"description\":\"Explora NexoInformativo y convi\u00e9rtete en parte de una comunidad que valora el conocimiento y la verdad. Tu nexoinformativo es tu puente hacia una comprensi\u00f3n m\u00e1s profunda del mundo que te rodea.\",\"publisher\":{\"@id\":\"https:\/\/www.nexoinformativo.mx\/#organization\"},\"potentialAction\":[{\"@type\":\"SearchAction\",\"target\":{\"@type\":\"EntryPoint\",\"urlTemplate\":\"https:\/\/www.nexoinformativo.mx\/?s={search_term_string}\"},\"query-input\":{\"@type\":\"PropertyValueSpecification\",\"valueRequired\":true,\"valueName\":\"search_term_string\"}}],\"inLanguage\":\"es\"},{\"@type\":\"Organization\",\"@id\":\"https:\/\/www.nexoinformativo.mx\/#organization\",\"name\":\"Nexo Informativo Santiago de Quer\u00e9taro\",\"url\":\"https:\/\/www.nexoinformativo.mx\/\",\"logo\":{\"@type\":\"ImageObject\",\"inLanguage\":\"es\",\"@id\":\"https:\/\/www.nexoinformativo.mx\/#\/schema\/logo\/image\/\",\"url\":\"https:\/\/www.nexoinformativo.mx\/wp-content\/uploads\/2024\/07\/nexoi-trasparente-2.png\",\"contentUrl\":\"https:\/\/www.nexoinformativo.mx\/wp-content\/uploads\/2024\/07\/nexoi-trasparente-2.png\",\"width\":816,\"height\":339,\"caption\":\"Nexo Informativo Santiago de Quer\u00e9taro\"},\"image\":{\"@id\":\"https:\/\/www.nexoinformativo.mx\/#\/schema\/logo\/image\/\"},\"sameAs\":[\"https:\/\/www.facebook.com\/people\/Nexo-Informativo\/61564066885511\/\"]},{\"@type\":\"Person\",\"@id\":\"https:\/\/www.nexoinformativo.mx\/#\/schema\/person\/7749d380ba08c8ca00d7bc76fd907b7d\",\"name\":\"Nexo Informativo\",\"image\":{\"@type\":\"ImageObject\",\"inLanguage\":\"es\",\"@id\":\"https:\/\/www.nexoinformativo.mx\/#\/schema\/person\/image\/\",\"url\":\"https:\/\/secure.gravatar.com\/avatar\/dde2928154642a13d95f87ddf1ea9718fe2b46760a005c53e41ff5ad610704e6?s=96&d=mm&r=g\",\"contentUrl\":\"https:\/\/secure.gravatar.com\/avatar\/dde2928154642a13d95f87ddf1ea9718fe2b46760a005c53e41ff5ad610704e6?s=96&d=mm&r=g\",\"caption\":\"Nexo Informativo\"},\"url\":\"https:\/\/www.nexoinformativo.mx\/index.php\/author\/edicion\/\"}]}<\/script>\n<!-- \/ Yoast SEO plugin. -->","yoast_head_json":{"title":"San Juan del R\u00edo se prepara para un Buen Fin hist\u00f3rico: \u00a1200 millones de pesos en derrama econ\u00f3mica! | Nexo Informativo Santiago de Quer\u00e9taro","robots":{"index":"index","follow":"follow","max-snippet":"max-snippet:-1","max-image-preview":"max-image-preview:large","max-video-preview":"max-video-preview:-1"},"canonical":"https:\/\/www.nexoinformativo.mx\/index.php\/2024\/11\/12\/san-juan-del-rio-se-prepara-para-un-buen-fin-historico-200-millones-de-pesos-en-derrama-economica\/","og_locale":"es_MX","og_type":"article","og_title":"San Juan del R\u00edo se prepara para un Buen Fin hist\u00f3rico: \u00a1200 millones de pesos en derrama econ\u00f3mica! | Nexo Informativo Santiago de Quer\u00e9taro","og_description":"San Juan del R\u00edo se prepara para un Buen Fin hist\u00f3rico: \u00a1200 millones de pesos en derrama econ\u00f3mica!","og_url":"https:\/\/www.nexoinformativo.mx\/index.php\/2024\/11\/12\/san-juan-del-rio-se-prepara-para-un-buen-fin-historico-200-millones-de-pesos-en-derrama-economica\/","og_site_name":"Nexo Informativo Santiago de Quer\u00e9taro","article_publisher":"https:\/\/www.facebook.com\/people\/Nexo-Informativo\/61564066885511\/","article_published_time":"2024-11-12T17:30:14+00:00","article_modified_time":"2024-11-12T18:45:05+00:00","og_image":[{"width":600,"height":750,"url":"https:\/\/www.nexoinformativo.mx\/wp-content\/uploads\/2024\/11\/PHOTO-2024-11-12-12-07-48-e1731437041163.jpg","type":"image\/jpeg"}],"author":"Nexo Informativo","twitter_card":"summary_large_image","twitter_misc":{"Escrito por":"Nexo Informativo","Tiempo de lectura":"1 minuto"},"schema":{"@context":"https:\/\/schema.org","@graph":[{"@type":"Article","@id":"https:\/\/www.nexoinformativo.mx\/index.php\/2024\/11\/12\/san-juan-del-rio-se-prepara-para-un-buen-fin-historico-200-millones-de-pesos-en-derrama-economica\/#article","isPartOf":{"@id":"https:\/\/www.nexoinformativo.mx\/index.php\/2024\/11\/12\/san-juan-del-rio-se-prepara-para-un-buen-fin-historico-200-millones-de-pesos-en-derrama-economica\/"},"author":{"name":"Nexo Informativo","@id":"https:\/\/www.nexoinformativo.mx\/#\/schema\/person\/7749d380ba08c8ca00d7bc76fd907b7d"},"headline":"San Juan del R\u00edo se prepara para un Buen Fin hist\u00f3rico: \u00a1200 millones de pesos en derrama econ\u00f3mica!","datePublished":"2024-11-12T17:30:14+00:00","dateModified":"2024-11-12T18:45:05+00:00","mainEntityOfPage":{"@id":"https:\/\/www.nexoinformativo.mx\/index.php\/2024\/11\/12\/san-juan-del-rio-se-prepara-para-un-buen-fin-historico-200-millones-de-pesos-en-derrama-economica\/"},"wordCount":199,"commentCount":0,"publisher":{"@id":"https:\/\/www.nexoinformativo.mx\/#organization"},"image":{"@id":"https:\/\/www.nexoinformativo.mx\/index.php\/2024\/11\/12\/san-juan-del-rio-se-prepara-para-un-buen-fin-historico-200-millones-de-pesos-en-derrama-economica\/#primaryimage"},"thumbnailUrl":"https:\/\/www.nexoinformativo.mx\/wp-content\/uploads\/2024\/11\/PHOTO-2024-11-12-12-07-48-e1731437041163.jpg","keywords":["BuenFin2024","ComercioLocal","ConsumeEnSanJuan","SanJuanDelR\u00edo"],"articleSection":["Municipios","\u00daltima Hora"],"inLanguage":"es","potentialAction":[{"@type":"CommentAction","name":"Comment","target":["https:\/\/www.nexoinformativo.mx\/index.php\/2024\/11\/12\/san-juan-del-rio-se-prepara-para-un-buen-fin-historico-200-millones-de-pesos-en-derrama-economica\/#respond"]}]},{"@type":"WebPage","@id":"https:\/\/www.nexoinformativo.mx\/index.php\/2024\/11\/12\/san-juan-del-rio-se-prepara-para-un-buen-fin-historico-200-millones-de-pesos-en-derrama-economica\/","url":"https:\/\/www.nexoinformativo.mx\/index.php\/2024\/11\/12\/san-juan-del-rio-se-prepara-para-un-buen-fin-historico-200-millones-de-pesos-en-derrama-economica\/","name":"San Juan del R\u00edo se prepara para un Buen Fin hist\u00f3rico: \u00a1200 millones de pesos en derrama econ\u00f3mica! | Nexo Informativo Santiago de Quer\u00e9taro","isPartOf":{"@id":"https:\/\/www.nexoinformativo.mx\/#website"},"primaryImageOfPage":{"@id":"https:\/\/www.nexoinformativo.mx\/index.php\/2024\/11\/12\/san-juan-del-rio-se-prepara-para-un-buen-fin-historico-200-millones-de-pesos-en-derrama-economica\/#primaryimage"},"image":{"@id":"https:\/\/www.nexoinformativo.mx\/index.php\/2024\/11\/12\/san-juan-del-rio-se-prepara-para-un-buen-fin-historico-200-millones-de-pesos-en-derrama-economica\/#primaryimage"},"thumbnailUrl":"https:\/\/www.nexoinformativo.mx\/wp-content\/uploads\/2024\/11\/PHOTO-2024-11-12-12-07-48-e1731437041163.jpg","datePublished":"2024-11-12T17:30:14+00:00","dateModified":"2024-11-12T18:45:05+00:00","breadcrumb":{"@id":"https:\/\/www.nexoinformativo.mx\/index.php\/2024\/11\/12\/san-juan-del-rio-se-prepara-para-un-buen-fin-historico-200-millones-de-pesos-en-derrama-economica\/#breadcrumb"},"inLanguage":"es","potentialAction":[{"@type":"ReadAction","target":["https:\/\/www.nexoinformativo.mx\/index.php\/2024\/11\/12\/san-juan-del-rio-se-prepara-para-un-buen-fin-historico-200-millones-de-pesos-en-derrama-economica\/"]}]},{"@type":"ImageObject","inLanguage":"es","@id":"https:\/\/www.nexoinformativo.mx\/index.php\/2024\/11\/12\/san-juan-del-rio-se-prepara-para-un-buen-fin-historico-200-millones-de-pesos-en-derrama-economica\/#primaryimage","url":"https:\/\/www.nexoinformativo.mx\/wp-content\/uploads\/2024\/11\/PHOTO-2024-11-12-12-07-48-e1731437041163.jpg","contentUrl":"https:\/\/www.nexoinformativo.mx\/wp-content\/uploads\/2024\/11\/PHOTO-2024-11-12-12-07-48-e1731437041163.jpg","width":600,"height":750},{"@type":"BreadcrumbList","@id":"https:\/\/www.nexoinformativo.mx\/index.php\/2024\/11\/12\/san-juan-del-rio-se-prepara-para-un-buen-fin-historico-200-millones-de-pesos-en-derrama-economica\/#breadcrumb","itemListElement":[{"@type":"ListItem","position":1,"name":"Inicio","item":"https:\/\/www.nexoinformativo.mx\/"},{"@type":"ListItem","position":2,"name":"San Juan del R\u00edo se prepara para un Buen Fin hist\u00f3rico: \u00a1200 millones de pesos en derrama econ\u00f3mica!"}]},{"@type":"WebSite","@id":"https:\/\/www.nexoinformativo.mx\/#website","url":"https:\/\/www.nexoinformativo.mx\/","name":"Nexo Informativo Santiago de Quer\u00e9taro","description":"Explora NexoInformativo y convi\u00e9rtete en parte de una comunidad que valora el conocimiento y la verdad. Tu nexoinformativo es tu puente hacia una comprensi\u00f3n m\u00e1s profunda del mundo que te rodea.","publisher":{"@id":"https:\/\/www.nexoinformativo.mx\/#organization"},"potentialAction":[{"@type":"SearchAction","target":{"@type":"EntryPoint","urlTemplate":"https:\/\/www.nexoinformativo.mx\/?s={search_term_string}"},"query-input":{"@type":"PropertyValueSpecification","valueRequired":true,"valueName":"search_term_string"}}],"inLanguage":"es"},{"@type":"Organization","@id":"https:\/\/www.nexoinformativo.mx\/#organization","name":"Nexo Informativo Santiago de Quer\u00e9taro","url":"https:\/\/www.nexoinformativo.mx\/","logo":{"@type":"ImageObject","inLanguage":"es","@id":"https:\/\/www.nexoinformativo.mx\/#\/schema\/logo\/image\/","url":"https:\/\/www.nexoinformativo.mx\/wp-content\/uploads\/2024\/07\/nexoi-trasparente-2.png","contentUrl":"https:\/\/www.nexoinformativo.mx\/wp-content\/uploads\/2024\/07\/nexoi-trasparente-2.png","width":816,"height":339,"caption":"Nexo Informativo Santiago de Quer\u00e9taro"},"image":{"@id":"https:\/\/www.nexoinformativo.mx\/#\/schema\/logo\/image\/"},"sameAs":["https:\/\/www.facebook.com\/people\/Nexo-Informativo\/61564066885511\/"]},{"@type":"Person","@id":"https:\/\/www.nexoinformativo.mx\/#\/schema\/person\/7749d380ba08c8ca00d7bc76fd907b7d","name":"Nexo Informativo","image":{"@type":"ImageObject","inLanguage":"es","@id":"https:\/\/www.nexoinformativo.mx\/#\/schema\/person\/image\/","url":"https:\/\/secure.gravatar.com\/avatar\/dde2928154642a13d95f87ddf1ea9718fe2b46760a005c53e41ff5ad610704e6?s=96&d=mm&r=g","contentUrl":"https:\/\/secure.gravatar.com\/avatar\/dde2928154642a13d95f87ddf1ea9718fe2b46760a005c53e41ff5ad610704e6?s=96&d=mm&r=g","caption":"Nexo Informativo"},"url":"https:\/\/www.nexoinformativo.mx\/index.php\/author\/edicion\/"}]}},"_links":{"self":[{"href":"https:\/\/www.nexoinformativo.mx\/index.php\/wp-json\/wp\/v2\/posts\/5882","targetHints":{"allow":["GET"]}}],"collection":[{"href":"https:\/\/www.nexoinformativo.mx\/index.php\/wp-json\/wp\/v2\/posts"}],"about":[{"href":"https:\/\/www.nexoinformativo.mx\/index.php\/wp-json\/wp\/v2\/types\/post"}],"author":[{"embeddable":true,"href":"https:\/\/www.nexoinformativo.mx\/index.php\/wp-json\/wp\/v2\/users\/3"}],"replies":[{"embeddable":true,"href":"https:\/\/www.nexoinformativo.mx\/index.php\/wp-json\/wp\/v2\/comments?post=5882"}],"version-history":[{"count":3,"href":"https:\/\/www.nexoinformativo.mx\/index.php\/wp-json\/wp\/v2\/posts\/5882\/revisions"}],"predecessor-version":[{"id":5886,"href":"https:\/\/www.nexoinformativo.mx\/index.php\/wp-json\/wp\/v2\/posts\/5882\/revisions\/5886"}],"wp:featuredmedia":[{"embeddable":true,"href":"https:\/\/www.nexoinformativo.mx\/index.php\/wp-json\/wp\/v2\/media\/5883"}],"wp:attachment":[{"href":"https:\/\/www.nexoinformativo.mx\/index.php\/wp-json\/wp\/v2\/media?parent=5882"}],"wp:term":[{"taxonomy":"category","embeddable":true,"href":"https:\/\/www.nexoinformativo.mx\/index.php\/wp-json\/wp\/v2\/categories?post=5882"},{"taxonomy":"post_tag","embeddable":true,"href":"https:\/\/www.nexoinformativo.mx\/index.php\/wp-json\/wp\/v2\/tags?post=5882"}],"curies":[{"name":"wp","href":"https:\/\/api.w.org\/{rel}","templated":true}]}}