{"id":5893,"date":"2024-11-12T12:00:47","date_gmt":"2024-11-12T18:00:47","guid":{"rendered":"https:\/\/www.nexoinformativo.mx\/?p=5893"},"modified":"2024-11-12T13:03:10","modified_gmt":"2024-11-12T19:03:10","slug":"el-poder-judicial-de-queretaro-fortalece-la-justicia-en-la-sierra-queretana","status":"publish","type":"post","link":"https:\/\/www.nexoinformativo.mx\/index.php\/2024\/11\/12\/el-poder-judicial-de-queretaro-fortalece-la-justicia-en-la-sierra-queretana\/","title":{"rendered":"El Poder Judicial de Quer\u00e9taro Fortalece la Justicia en la Sierra Queretana"},"content":{"rendered":"<p style=\"text-align: justify;\">En el marco de la gira de trabajo por los 80 juzgados del estado de Quer\u00e9taro, el Poder Judicial, liderado por el Magistrado Presidente Braulio Guerra Urbiola, reafirm\u00f3 su compromiso de llevar la justicia a todos los rincones del estado. Durante su visita a la Sierra Queretana, Guerra Urbiola destac\u00f3 la importancia de acercar la justicia a las comunidades y fortalecer los juzgados en los distintos distritos judiciales.<\/p>\n<p>&nbsp;<\/p>\n<p style=\"text-align: justify;\">Durante esta gira, el Poder Judicial entreg\u00f3 equipos de c\u00f3mputo en los juzgados de la zona de la sierra para fortalecer las capacidades tecnol\u00f3gicas y operativas. Esta acci\u00f3n representa un paso significativo en la mejora de la infraestructura, garantizando que los servicios judiciales lleguen de manera eficiente a la poblaci\u00f3n.<\/p>\n<p>&nbsp;<\/p>\n<p style=\"text-align: justify;\">Como parte de este compromiso, se firmaron tres convenios de colaboraci\u00f3n con los municipios de Pinal de Amoles, Arroyo Seco y Landa de Matamoros. Estos convenios tienen como objetivo fortalecer la cultura jur\u00eddica y c\u00edvica, as\u00ed como mejorar la prestaci\u00f3n del servicio p\u00fablico de administraci\u00f3n e impartici\u00f3n de justicia en la regi\u00f3n.<\/p>\n<p>&nbsp;<\/p>\n<p style=\"text-align: justify;\">El Magistrado Presidente visit\u00f3 seis juzgados ubicados en Pinal de Amoles, Jalpan, Arroyo Seco y Landa de Matamoros. En cada juzgado, se realiz\u00f3 una revisi\u00f3n detallada de las condiciones de infraestructura y necesidades del personal, identificando \u00e1reas de oportunidad para mejorar los servicios judiciales.<\/p>\n<p>&nbsp;<\/p>\n<p style=\"text-align: justify;\">Con estas acciones, el Poder Judicial de Quer\u00e9taro reafirma su compromiso de trabajar para que la justicia llegue a cada rinc\u00f3n del estado, atendiendo las necesidades de cada juzgado y contribuyendo a fortalecer el acceso a la justicia para todas las comunidades queretanas.<\/p>\n<p>&nbsp;<\/p>\n<p style=\"text-align: center;\"><em><strong>\u00a1Informaci\u00f3n que transforma!<\/strong><\/em><\/p>\n<p>&nbsp;<\/p>\n","protected":false},"excerpt":{"rendered":"<p>En el marco de la gira de trabajo por los 80 juzgados del estado de Quer\u00e9taro, el Poder Judicial, liderado por el Magistrado Presidente Braulio Guerra Urbiola, reafirm\u00f3 su compromiso de llevar la justicia a todos los rincones del estado<\/p>\n","protected":false},"author":3,"featured_media":5894,"comment_status":"open","ping_status":"open","sticky":false,"template":"","format":"standard","meta":{"footnotes":""},"categories":[65,58],"tags":[2008,243,534,2007],"class_list":["post-5893","post","type-post","status-publish","format-standard","has-post-thumbnail","hentry","category-municipios","category-ultima-hora","tag-accesoalajusticia","tag-justiciaqueretaro","tag-poderjudicial","tag-sierraqueretana"],"yoast_head":"<!-- This site is optimized with the Yoast SEO plugin v25.0 - https:\/\/yoast.com\/wordpress\/plugins\/seo\/ -->\n<title>El Poder Judicial de Quer\u00e9taro Fortalece la Justicia en la Sierra Queretana | Nexo Informativo Santiago de Quer\u00e9taro<\/title>\n<meta name=\"description\" content=\"El Poder Judicial de Quer\u00e9taro Fortalece la Justicia en la Sierra Queretana\" \/>\n<meta name=\"robots\" content=\"index, follow, max-snippet:-1, max-image-preview:large, max-video-preview:-1\" \/>\n<link rel=\"canonical\" href=\"https:\/\/www.nexoinformativo.mx\/index.php\/2024\/11\/12\/el-poder-judicial-de-queretaro-fortalece-la-justicia-en-la-sierra-queretana\/\" \/>\n<meta property=\"og:locale\" content=\"es_MX\" \/>\n<meta property=\"og:type\" content=\"article\" \/>\n<meta property=\"og:title\" content=\"El Poder Judicial de Quer\u00e9taro Fortalece la Justicia en la Sierra Queretana | Nexo Informativo Santiago de Quer\u00e9taro\" \/>\n<meta property=\"og:description\" content=\"El Poder Judicial de Quer\u00e9taro Fortalece la Justicia en la Sierra Queretana\" \/>\n<meta property=\"og:url\" content=\"https:\/\/www.nexoinformativo.mx\/index.php\/2024\/11\/12\/el-poder-judicial-de-queretaro-fortalece-la-justicia-en-la-sierra-queretana\/\" \/>\n<meta property=\"og:site_name\" content=\"Nexo Informativo Santiago de Quer\u00e9taro\" \/>\n<meta property=\"article:publisher\" content=\"https:\/\/www.facebook.com\/people\/Nexo-Informativo\/61564066885511\/\" \/>\n<meta property=\"article:published_time\" content=\"2024-11-12T18:00:47+00:00\" \/>\n<meta property=\"article:modified_time\" content=\"2024-11-12T19:03:10+00:00\" \/>\n<meta property=\"og:image\" content=\"https:\/\/www.nexoinformativo.mx\/wp-content\/uploads\/2024\/11\/PHOTO-2024-11-12-12-16-52-e1731438062493.jpg\" \/>\n\t<meta property=\"og:image:width\" content=\"600\" \/>\n\t<meta property=\"og:image:height\" content=\"750\" \/>\n\t<meta property=\"og:image:type\" content=\"image\/jpeg\" \/>\n<meta name=\"author\" content=\"Nexo Informativo\" \/>\n<meta name=\"twitter:card\" content=\"summary_large_image\" \/>\n<meta name=\"twitter:label1\" content=\"Escrito por\" \/>\n\t<meta name=\"twitter:data1\" content=\"Nexo Informativo\" \/>\n\t<meta name=\"twitter:label2\" content=\"Tiempo de lectura\" \/>\n\t<meta name=\"twitter:data2\" content=\"2 minutos\" \/>\n<script type=\"application\/ld+json\" class=\"yoast-schema-graph\">{\"@context\":\"https:\/\/schema.org\",\"@graph\":[{\"@type\":\"Article\",\"@id\":\"https:\/\/www.nexoinformativo.mx\/index.php\/2024\/11\/12\/el-poder-judicial-de-queretaro-fortalece-la-justicia-en-la-sierra-queretana\/#article\",\"isPartOf\":{\"@id\":\"https:\/\/www.nexoinformativo.mx\/index.php\/2024\/11\/12\/el-poder-judicial-de-queretaro-fortalece-la-justicia-en-la-sierra-queretana\/\"},\"author\":{\"name\":\"Nexo Informativo\",\"@id\":\"https:\/\/www.nexoinformativo.mx\/#\/schema\/person\/7749d380ba08c8ca00d7bc76fd907b7d\"},\"headline\":\"El Poder Judicial de Quer\u00e9taro Fortalece la Justicia en la Sierra Queretana\",\"datePublished\":\"2024-11-12T18:00:47+00:00\",\"dateModified\":\"2024-11-12T19:03:10+00:00\",\"mainEntityOfPage\":{\"@id\":\"https:\/\/www.nexoinformativo.mx\/index.php\/2024\/11\/12\/el-poder-judicial-de-queretaro-fortalece-la-justicia-en-la-sierra-queretana\/\"},\"wordCount\":295,\"commentCount\":0,\"publisher\":{\"@id\":\"https:\/\/www.nexoinformativo.mx\/#organization\"},\"image\":{\"@id\":\"https:\/\/www.nexoinformativo.mx\/index.php\/2024\/11\/12\/el-poder-judicial-de-queretaro-fortalece-la-justicia-en-la-sierra-queretana\/#primaryimage\"},\"thumbnailUrl\":\"https:\/\/www.nexoinformativo.mx\/wp-content\/uploads\/2024\/11\/PHOTO-2024-11-12-12-16-52-e1731438062493.jpg\",\"keywords\":[\"AccesoALaJusticia\",\"JusticiaQueretaro\",\"PoderJudicial\",\"SierraQueretana\"],\"articleSection\":[\"Municipios\",\"\u00daltima Hora\"],\"inLanguage\":\"es\",\"potentialAction\":[{\"@type\":\"CommentAction\",\"name\":\"Comment\",\"target\":[\"https:\/\/www.nexoinformativo.mx\/index.php\/2024\/11\/12\/el-poder-judicial-de-queretaro-fortalece-la-justicia-en-la-sierra-queretana\/#respond\"]}]},{\"@type\":\"WebPage\",\"@id\":\"https:\/\/www.nexoinformativo.mx\/index.php\/2024\/11\/12\/el-poder-judicial-de-queretaro-fortalece-la-justicia-en-la-sierra-queretana\/\",\"url\":\"https:\/\/www.nexoinformativo.mx\/index.php\/2024\/11\/12\/el-poder-judicial-de-queretaro-fortalece-la-justicia-en-la-sierra-queretana\/\",\"name\":\"El Poder Judicial de Quer\u00e9taro Fortalece la Justicia en la Sierra Queretana | Nexo Informativo Santiago de Quer\u00e9taro\",\"isPartOf\":{\"@id\":\"https:\/\/www.nexoinformativo.mx\/#website\"},\"primaryImageOfPage\":{\"@id\":\"https:\/\/www.nexoinformativo.mx\/index.php\/2024\/11\/12\/el-poder-judicial-de-queretaro-fortalece-la-justicia-en-la-sierra-queretana\/#primaryimage\"},\"image\":{\"@id\":\"https:\/\/www.nexoinformativo.mx\/index.php\/2024\/11\/12\/el-poder-judicial-de-queretaro-fortalece-la-justicia-en-la-sierra-queretana\/#primaryimage\"},\"thumbnailUrl\":\"https:\/\/www.nexoinformativo.mx\/wp-content\/uploads\/2024\/11\/PHOTO-2024-11-12-12-16-52-e1731438062493.jpg\",\"datePublished\":\"2024-11-12T18:00:47+00:00\",\"dateModified\":\"2024-11-12T19:03:10+00:00\",\"description\":\"El Poder Judicial de Quer\u00e9taro Fortalece la Justicia en la Sierra Queretana\",\"breadcrumb\":{\"@id\":\"https:\/\/www.nexoinformativo.mx\/index.php\/2024\/11\/12\/el-poder-judicial-de-queretaro-fortalece-la-justicia-en-la-sierra-queretana\/#breadcrumb\"},\"inLanguage\":\"es\",\"potentialAction\":[{\"@type\":\"ReadAction\",\"target\":[\"https:\/\/www.nexoinformativo.mx\/index.php\/2024\/11\/12\/el-poder-judicial-de-queretaro-fortalece-la-justicia-en-la-sierra-queretana\/\"]}]},{\"@type\":\"ImageObject\",\"inLanguage\":\"es\",\"@id\":\"https:\/\/www.nexoinformativo.mx\/index.php\/2024\/11\/12\/el-poder-judicial-de-queretaro-fortalece-la-justicia-en-la-sierra-queretana\/#primaryimage\",\"url\":\"https:\/\/www.nexoinformativo.mx\/wp-content\/uploads\/2024\/11\/PHOTO-2024-11-12-12-16-52-e1731438062493.jpg\",\"contentUrl\":\"https:\/\/www.nexoinformativo.mx\/wp-content\/uploads\/2024\/11\/PHOTO-2024-11-12-12-16-52-e1731438062493.jpg\",\"width\":600,\"height\":750},{\"@type\":\"BreadcrumbList\",\"@id\":\"https:\/\/www.nexoinformativo.mx\/index.php\/2024\/11\/12\/el-poder-judicial-de-queretaro-fortalece-la-justicia-en-la-sierra-queretana\/#breadcrumb\",\"itemListElement\":[{\"@type\":\"ListItem\",\"position\":1,\"name\":\"Inicio\",\"item\":\"https:\/\/www.nexoinformativo.mx\/\"},{\"@type\":\"ListItem\",\"position\":2,\"name\":\"El Poder Judicial de Quer\u00e9taro Fortalece la Justicia en la Sierra Queretana\"}]},{\"@type\":\"WebSite\",\"@id\":\"https:\/\/www.nexoinformativo.mx\/#website\",\"url\":\"https:\/\/www.nexoinformativo.mx\/\",\"name\":\"Nexo Informativo Santiago de Quer\u00e9taro\",\"description\":\"Explora NexoInformativo y convi\u00e9rtete en parte de una comunidad que valora el conocimiento y la verdad. Tu nexoinformativo es tu puente hacia una comprensi\u00f3n m\u00e1s profunda del mundo que te rodea.\",\"publisher\":{\"@id\":\"https:\/\/www.nexoinformativo.mx\/#organization\"},\"potentialAction\":[{\"@type\":\"SearchAction\",\"target\":{\"@type\":\"EntryPoint\",\"urlTemplate\":\"https:\/\/www.nexoinformativo.mx\/?s={search_term_string}\"},\"query-input\":{\"@type\":\"PropertyValueSpecification\",\"valueRequired\":true,\"valueName\":\"search_term_string\"}}],\"inLanguage\":\"es\"},{\"@type\":\"Organization\",\"@id\":\"https:\/\/www.nexoinformativo.mx\/#organization\",\"name\":\"Nexo Informativo Santiago de Quer\u00e9taro\",\"url\":\"https:\/\/www.nexoinformativo.mx\/\",\"logo\":{\"@type\":\"ImageObject\",\"inLanguage\":\"es\",\"@id\":\"https:\/\/www.nexoinformativo.mx\/#\/schema\/logo\/image\/\",\"url\":\"https:\/\/www.nexoinformativo.mx\/wp-content\/uploads\/2024\/07\/nexoi-trasparente-2.png\",\"contentUrl\":\"https:\/\/www.nexoinformativo.mx\/wp-content\/uploads\/2024\/07\/nexoi-trasparente-2.png\",\"width\":816,\"height\":339,\"caption\":\"Nexo Informativo Santiago de Quer\u00e9taro\"},\"image\":{\"@id\":\"https:\/\/www.nexoinformativo.mx\/#\/schema\/logo\/image\/\"},\"sameAs\":[\"https:\/\/www.facebook.com\/people\/Nexo-Informativo\/61564066885511\/\"]},{\"@type\":\"Person\",\"@id\":\"https:\/\/www.nexoinformativo.mx\/#\/schema\/person\/7749d380ba08c8ca00d7bc76fd907b7d\",\"name\":\"Nexo Informativo\",\"image\":{\"@type\":\"ImageObject\",\"inLanguage\":\"es\",\"@id\":\"https:\/\/www.nexoinformativo.mx\/#\/schema\/person\/image\/\",\"url\":\"https:\/\/secure.gravatar.com\/avatar\/dde2928154642a13d95f87ddf1ea9718fe2b46760a005c53e41ff5ad610704e6?s=96&d=mm&r=g\",\"contentUrl\":\"https:\/\/secure.gravatar.com\/avatar\/dde2928154642a13d95f87ddf1ea9718fe2b46760a005c53e41ff5ad610704e6?s=96&d=mm&r=g\",\"caption\":\"Nexo Informativo\"},\"url\":\"https:\/\/www.nexoinformativo.mx\/index.php\/author\/edicion\/\"}]}<\/script>\n<!-- \/ Yoast SEO plugin. -->","yoast_head_json":{"title":"El Poder Judicial de Quer\u00e9taro Fortalece la Justicia en la Sierra Queretana | Nexo Informativo Santiago de Quer\u00e9taro","description":"El Poder Judicial de Quer\u00e9taro Fortalece la Justicia en la Sierra Queretana","robots":{"index":"index","follow":"follow","max-snippet":"max-snippet:-1","max-image-preview":"max-image-preview:large","max-video-preview":"max-video-preview:-1"},"canonical":"https:\/\/www.nexoinformativo.mx\/index.php\/2024\/11\/12\/el-poder-judicial-de-queretaro-fortalece-la-justicia-en-la-sierra-queretana\/","og_locale":"es_MX","og_type":"article","og_title":"El Poder Judicial de Quer\u00e9taro Fortalece la Justicia en la Sierra Queretana | Nexo Informativo Santiago de Quer\u00e9taro","og_description":"El Poder Judicial de Quer\u00e9taro Fortalece la Justicia en la Sierra Queretana","og_url":"https:\/\/www.nexoinformativo.mx\/index.php\/2024\/11\/12\/el-poder-judicial-de-queretaro-fortalece-la-justicia-en-la-sierra-queretana\/","og_site_name":"Nexo Informativo Santiago de Quer\u00e9taro","article_publisher":"https:\/\/www.facebook.com\/people\/Nexo-Informativo\/61564066885511\/","article_published_time":"2024-11-12T18:00:47+00:00","article_modified_time":"2024-11-12T19:03:10+00:00","og_image":[{"width":600,"height":750,"url":"https:\/\/www.nexoinformativo.mx\/wp-content\/uploads\/2024\/11\/PHOTO-2024-11-12-12-16-52-e1731438062493.jpg","type":"image\/jpeg"}],"author":"Nexo Informativo","twitter_card":"summary_large_image","twitter_misc":{"Escrito por":"Nexo Informativo","Tiempo de lectura":"2 minutos"},"schema":{"@context":"https:\/\/schema.org","@graph":[{"@type":"Article","@id":"https:\/\/www.nexoinformativo.mx\/index.php\/2024\/11\/12\/el-poder-judicial-de-queretaro-fortalece-la-justicia-en-la-sierra-queretana\/#article","isPartOf":{"@id":"https:\/\/www.nexoinformativo.mx\/index.php\/2024\/11\/12\/el-poder-judicial-de-queretaro-fortalece-la-justicia-en-la-sierra-queretana\/"},"author":{"name":"Nexo Informativo","@id":"https:\/\/www.nexoinformativo.mx\/#\/schema\/person\/7749d380ba08c8ca00d7bc76fd907b7d"},"headline":"El Poder Judicial de Quer\u00e9taro Fortalece la Justicia en la Sierra Queretana","datePublished":"2024-11-12T18:00:47+00:00","dateModified":"2024-11-12T19:03:10+00:00","mainEntityOfPage":{"@id":"https:\/\/www.nexoinformativo.mx\/index.php\/2024\/11\/12\/el-poder-judicial-de-queretaro-fortalece-la-justicia-en-la-sierra-queretana\/"},"wordCount":295,"commentCount":0,"publisher":{"@id":"https:\/\/www.nexoinformativo.mx\/#organization"},"image":{"@id":"https:\/\/www.nexoinformativo.mx\/index.php\/2024\/11\/12\/el-poder-judicial-de-queretaro-fortalece-la-justicia-en-la-sierra-queretana\/#primaryimage"},"thumbnailUrl":"https:\/\/www.nexoinformativo.mx\/wp-content\/uploads\/2024\/11\/PHOTO-2024-11-12-12-16-52-e1731438062493.jpg","keywords":["AccesoALaJusticia","JusticiaQueretaro","PoderJudicial","SierraQueretana"],"articleSection":["Municipios","\u00daltima Hora"],"inLanguage":"es","potentialAction":[{"@type":"CommentAction","name":"Comment","target":["https:\/\/www.nexoinformativo.mx\/index.php\/2024\/11\/12\/el-poder-judicial-de-queretaro-fortalece-la-justicia-en-la-sierra-queretana\/#respond"]}]},{"@type":"WebPage","@id":"https:\/\/www.nexoinformativo.mx\/index.php\/2024\/11\/12\/el-poder-judicial-de-queretaro-fortalece-la-justicia-en-la-sierra-queretana\/","url":"https:\/\/www.nexoinformativo.mx\/index.php\/2024\/11\/12\/el-poder-judicial-de-queretaro-fortalece-la-justicia-en-la-sierra-queretana\/","name":"El Poder Judicial de Quer\u00e9taro Fortalece la Justicia en la Sierra Queretana | Nexo Informativo Santiago de Quer\u00e9taro","isPartOf":{"@id":"https:\/\/www.nexoinformativo.mx\/#website"},"primaryImageOfPage":{"@id":"https:\/\/www.nexoinformativo.mx\/index.php\/2024\/11\/12\/el-poder-judicial-de-queretaro-fortalece-la-justicia-en-la-sierra-queretana\/#primaryimage"},"image":{"@id":"https:\/\/www.nexoinformativo.mx\/index.php\/2024\/11\/12\/el-poder-judicial-de-queretaro-fortalece-la-justicia-en-la-sierra-queretana\/#primaryimage"},"thumbnailUrl":"https:\/\/www.nexoinformativo.mx\/wp-content\/uploads\/2024\/11\/PHOTO-2024-11-12-12-16-52-e1731438062493.jpg","datePublished":"2024-11-12T18:00:47+00:00","dateModified":"2024-11-12T19:03:10+00:00","description":"El Poder Judicial de Quer\u00e9taro Fortalece la Justicia en la Sierra Queretana","breadcrumb":{"@id":"https:\/\/www.nexoinformativo.mx\/index.php\/2024\/11\/12\/el-poder-judicial-de-queretaro-fortalece-la-justicia-en-la-sierra-queretana\/#breadcrumb"},"inLanguage":"es","potentialAction":[{"@type":"ReadAction","target":["https:\/\/www.nexoinformativo.mx\/index.php\/2024\/11\/12\/el-poder-judicial-de-queretaro-fortalece-la-justicia-en-la-sierra-queretana\/"]}]},{"@type":"ImageObject","inLanguage":"es","@id":"https:\/\/www.nexoinformativo.mx\/index.php\/2024\/11\/12\/el-poder-judicial-de-queretaro-fortalece-la-justicia-en-la-sierra-queretana\/#primaryimage","url":"https:\/\/www.nexoinformativo.mx\/wp-content\/uploads\/2024\/11\/PHOTO-2024-11-12-12-16-52-e1731438062493.jpg","contentUrl":"https:\/\/www.nexoinformativo.mx\/wp-content\/uploads\/2024\/11\/PHOTO-2024-11-12-12-16-52-e1731438062493.jpg","width":600,"height":750},{"@type":"BreadcrumbList","@id":"https:\/\/www.nexoinformativo.mx\/index.php\/2024\/11\/12\/el-poder-judicial-de-queretaro-fortalece-la-justicia-en-la-sierra-queretana\/#breadcrumb","itemListElement":[{"@type":"ListItem","position":1,"name":"Inicio","item":"https:\/\/www.nexoinformativo.mx\/"},{"@type":"ListItem","position":2,"name":"El Poder Judicial de Quer\u00e9taro Fortalece la Justicia en la Sierra Queretana"}]},{"@type":"WebSite","@id":"https:\/\/www.nexoinformativo.mx\/#website","url":"https:\/\/www.nexoinformativo.mx\/","name":"Nexo Informativo Santiago de Quer\u00e9taro","description":"Explora NexoInformativo y convi\u00e9rtete en parte de una comunidad que valora el conocimiento y la verdad. Tu nexoinformativo es tu puente hacia una comprensi\u00f3n m\u00e1s profunda del mundo que te rodea.","publisher":{"@id":"https:\/\/www.nexoinformativo.mx\/#organization"},"potentialAction":[{"@type":"SearchAction","target":{"@type":"EntryPoint","urlTemplate":"https:\/\/www.nexoinformativo.mx\/?s={search_term_string}"},"query-input":{"@type":"PropertyValueSpecification","valueRequired":true,"valueName":"search_term_string"}}],"inLanguage":"es"},{"@type":"Organization","@id":"https:\/\/www.nexoinformativo.mx\/#organization","name":"Nexo Informativo Santiago de Quer\u00e9taro","url":"https:\/\/www.nexoinformativo.mx\/","logo":{"@type":"ImageObject","inLanguage":"es","@id":"https:\/\/www.nexoinformativo.mx\/#\/schema\/logo\/image\/","url":"https:\/\/www.nexoinformativo.mx\/wp-content\/uploads\/2024\/07\/nexoi-trasparente-2.png","contentUrl":"https:\/\/www.nexoinformativo.mx\/wp-content\/uploads\/2024\/07\/nexoi-trasparente-2.png","width":816,"height":339,"caption":"Nexo Informativo Santiago de Quer\u00e9taro"},"image":{"@id":"https:\/\/www.nexoinformativo.mx\/#\/schema\/logo\/image\/"},"sameAs":["https:\/\/www.facebook.com\/people\/Nexo-Informativo\/61564066885511\/"]},{"@type":"Person","@id":"https:\/\/www.nexoinformativo.mx\/#\/schema\/person\/7749d380ba08c8ca00d7bc76fd907b7d","name":"Nexo Informativo","image":{"@type":"ImageObject","inLanguage":"es","@id":"https:\/\/www.nexoinformativo.mx\/#\/schema\/person\/image\/","url":"https:\/\/secure.gravatar.com\/avatar\/dde2928154642a13d95f87ddf1ea9718fe2b46760a005c53e41ff5ad610704e6?s=96&d=mm&r=g","contentUrl":"https:\/\/secure.gravatar.com\/avatar\/dde2928154642a13d95f87ddf1ea9718fe2b46760a005c53e41ff5ad610704e6?s=96&d=mm&r=g","caption":"Nexo Informativo"},"url":"https:\/\/www.nexoinformativo.mx\/index.php\/author\/edicion\/"}]}},"_links":{"self":[{"href":"https:\/\/www.nexoinformativo.mx\/index.php\/wp-json\/wp\/v2\/posts\/5893","targetHints":{"allow":["GET"]}}],"collection":[{"href":"https:\/\/www.nexoinformativo.mx\/index.php\/wp-json\/wp\/v2\/posts"}],"about":[{"href":"https:\/\/www.nexoinformativo.mx\/index.php\/wp-json\/wp\/v2\/types\/post"}],"author":[{"embeddable":true,"href":"https:\/\/www.nexoinformativo.mx\/index.php\/wp-json\/wp\/v2\/users\/3"}],"replies":[{"embeddable":true,"href":"https:\/\/www.nexoinformativo.mx\/index.php\/wp-json\/wp\/v2\/comments?post=5893"}],"version-history":[{"count":4,"href":"https:\/\/www.nexoinformativo.mx\/index.php\/wp-json\/wp\/v2\/posts\/5893\/revisions"}],"predecessor-version":[{"id":5897,"href":"https:\/\/www.nexoinformativo.mx\/index.php\/wp-json\/wp\/v2\/posts\/5893\/revisions\/5897"}],"wp:featuredmedia":[{"embeddable":true,"href":"https:\/\/www.nexoinformativo.mx\/index.php\/wp-json\/wp\/v2\/media\/5894"}],"wp:attachment":[{"href":"https:\/\/www.nexoinformativo.mx\/index.php\/wp-json\/wp\/v2\/media?parent=5893"}],"wp:term":[{"taxonomy":"category","embeddable":true,"href":"https:\/\/www.nexoinformativo.mx\/index.php\/wp-json\/wp\/v2\/categories?post=5893"},{"taxonomy":"post_tag","embeddable":true,"href":"https:\/\/www.nexoinformativo.mx\/index.php\/wp-json\/wp\/v2\/tags?post=5893"}],"curies":[{"name":"wp","href":"https:\/\/api.w.org\/{rel}","templated":true}]}}