{"id":5917,"date":"2024-11-12T18:30:40","date_gmt":"2024-11-13T00:30:40","guid":{"rendered":"https:\/\/www.nexoinformativo.mx\/?p=5917"},"modified":"2024-11-12T18:10:58","modified_gmt":"2024-11-13T00:10:58","slug":"dif-estatal-y-consulado-de-ee-uu-unen-esfuerzos-en-beneficio-de-la-infancia-y-adolescencia","status":"publish","type":"post","link":"https:\/\/www.nexoinformativo.mx\/index.php\/2024\/11\/12\/dif-estatal-y-consulado-de-ee-uu-unen-esfuerzos-en-beneficio-de-la-infancia-y-adolescencia\/","title":{"rendered":"DIF Estatal y Consulado de EE.UU. Unen esfuerzos en beneficio de la infancia y adolescencia"},"content":{"rendered":"<p style=\"text-align: justify;\">El director General del Sistema Estatal DIF, \u00d3scar G\u00f3mez Niembro, se reuni\u00f3 con el c\u00f3nsul General de la Embajada de Estados Unidos de Am\u00e9rica en la Ciudad de M\u00e9xico, Scott Renner, para abordar temas relacionados con adopciones internacionales y los servicios que brinda dicha embajada en beneficio de la infancia y adolescencia.<\/p>\n<p>&nbsp;<\/p>\n<p style=\"text-align: justify;\">G\u00f3mez Niembro destac\u00f3 la sinergia, el trabajo conjunto y la vinculaci\u00f3n entre las dependencias para mejorar la atenci\u00f3n a la ni\u00f1ez mexicana. Esta colaboraci\u00f3n busca ofrecer mejores oportunidades y protecci\u00f3n a ni\u00f1as, ni\u00f1os y adolescentes en situaci\u00f3n vulnerable.<\/p>\n<p>&nbsp;<\/p>\n<p style=\"text-align: justify;\">En la reuni\u00f3n, tambi\u00e9n estuvieron presentes el procurador de Protecci\u00f3n de Ni\u00f1as, Ni\u00f1os y Adolescentes, Manuel Hern\u00e1ndez Rodr\u00edguez, y la coordinadora de Adopciones del SEDIF, Jacqueline Gonz\u00e1lez \u00c1ngeles. La presencia de estas autoridades y especialistas subraya el compromiso de ambas naciones en fortalecer los mecanismos de adopci\u00f3n y protecci\u00f3n infantil.<\/p>\n<p>&nbsp;<\/p>\n<p style=\"text-align: justify;\">La colaboraci\u00f3n entre el DIF Estatal y el Consulado de Estados Unidos permitir\u00e1 implementar mejores pr\u00e1cticas y servicios en favor de la infancia y adolescencia, garantizando su bienestar y desarrollo integral.<\/p>\n<p>&nbsp;<\/p>\n<p style=\"text-align: center;\"><em><strong>\u00a1Informaci\u00f3n que transforma!<\/strong><\/em><\/p>\n","protected":false},"excerpt":{"rendered":"<p>El director General del Sistema Estatal DIF, \u00d3scar G\u00f3mez Niembro, se reuni\u00f3 con el c\u00f3nsul General de la Embajada de Estados Unidos de Am\u00e9rica en la Ciudad de M\u00e9xico, Scott Renner, para abordar temas relacionados con adopciones internacionales y los servicios que brinda dicha embajada en beneficio de la infancia y adolescencia.<\/p>\n","protected":false},"author":3,"featured_media":5918,"comment_status":"open","ping_status":"open","sticky":false,"template":"","format":"standard","meta":{"footnotes":""},"categories":[42,58],"tags":[2017,2018,1418,2016],"class_list":["post-5917","post","type-post","status-publish","format-standard","has-post-thumbnail","hentry","category-estado","category-ultima-hora","tag-adopcionesinternacionales","tag-colaboracionbinacional","tag-difestatal","tag-infanciafeliz"],"yoast_head":"<!-- This site is optimized with the Yoast SEO plugin v25.0 - https:\/\/yoast.com\/wordpress\/plugins\/seo\/ -->\n<title>DIF Estatal y Consulado de EE.UU. Unen esfuerzos en beneficio de la infancia y adolescencia | Nexo Informativo Santiago de Quer\u00e9taro<\/title>\n<meta name=\"description\" content=\"DIF Estatal y Consulado de EE.UU. Unen esfuerzos en beneficio de la infancia y adolescencia\" \/>\n<meta name=\"robots\" content=\"index, follow, max-snippet:-1, max-image-preview:large, max-video-preview:-1\" \/>\n<link rel=\"canonical\" href=\"https:\/\/www.nexoinformativo.mx\/index.php\/2024\/11\/12\/dif-estatal-y-consulado-de-ee-uu-unen-esfuerzos-en-beneficio-de-la-infancia-y-adolescencia\/\" \/>\n<meta property=\"og:locale\" content=\"es_MX\" \/>\n<meta property=\"og:type\" content=\"article\" \/>\n<meta property=\"og:title\" content=\"DIF Estatal y Consulado de EE.UU. Unen esfuerzos en beneficio de la infancia y adolescencia | Nexo Informativo Santiago de Quer\u00e9taro\" \/>\n<meta property=\"og:description\" content=\"DIF Estatal y Consulado de EE.UU. Unen esfuerzos en beneficio de la infancia y adolescencia\" \/>\n<meta property=\"og:url\" content=\"https:\/\/www.nexoinformativo.mx\/index.php\/2024\/11\/12\/dif-estatal-y-consulado-de-ee-uu-unen-esfuerzos-en-beneficio-de-la-infancia-y-adolescencia\/\" \/>\n<meta property=\"og:site_name\" content=\"Nexo Informativo Santiago de Quer\u00e9taro\" \/>\n<meta property=\"article:publisher\" content=\"https:\/\/www.facebook.com\/people\/Nexo-Informativo\/61564066885511\/\" \/>\n<meta property=\"article:published_time\" content=\"2024-11-13T00:30:40+00:00\" \/>\n<meta property=\"og:image\" content=\"https:\/\/www.nexoinformativo.mx\/wp-content\/uploads\/2024\/11\/71_273_46061_1405188825_62DDB915-DD4D-4291-ACE3-F8D1909E0945-e1731456476992.jpeg\" \/>\n\t<meta property=\"og:image:width\" content=\"700\" \/>\n\t<meta property=\"og:image:height\" content=\"466\" \/>\n\t<meta property=\"og:image:type\" content=\"image\/jpeg\" \/>\n<meta name=\"author\" content=\"Nexo Informativo\" \/>\n<meta name=\"twitter:card\" content=\"summary_large_image\" \/>\n<meta name=\"twitter:label1\" content=\"Escrito por\" \/>\n\t<meta name=\"twitter:data1\" content=\"Nexo Informativo\" \/>\n\t<meta name=\"twitter:label2\" content=\"Tiempo de lectura\" \/>\n\t<meta name=\"twitter:data2\" content=\"1 minuto\" \/>\n<script type=\"application\/ld+json\" class=\"yoast-schema-graph\">{\"@context\":\"https:\/\/schema.org\",\"@graph\":[{\"@type\":\"Article\",\"@id\":\"https:\/\/www.nexoinformativo.mx\/index.php\/2024\/11\/12\/dif-estatal-y-consulado-de-ee-uu-unen-esfuerzos-en-beneficio-de-la-infancia-y-adolescencia\/#article\",\"isPartOf\":{\"@id\":\"https:\/\/www.nexoinformativo.mx\/index.php\/2024\/11\/12\/dif-estatal-y-consulado-de-ee-uu-unen-esfuerzos-en-beneficio-de-la-infancia-y-adolescencia\/\"},\"author\":{\"name\":\"Nexo Informativo\",\"@id\":\"https:\/\/www.nexoinformativo.mx\/#\/schema\/person\/7749d380ba08c8ca00d7bc76fd907b7d\"},\"headline\":\"DIF Estatal y Consulado de EE.UU. Unen esfuerzos en beneficio de la infancia y adolescencia\",\"datePublished\":\"2024-11-13T00:30:40+00:00\",\"mainEntityOfPage\":{\"@id\":\"https:\/\/www.nexoinformativo.mx\/index.php\/2024\/11\/12\/dif-estatal-y-consulado-de-ee-uu-unen-esfuerzos-en-beneficio-de-la-infancia-y-adolescencia\/\"},\"wordCount\":220,\"commentCount\":0,\"publisher\":{\"@id\":\"https:\/\/www.nexoinformativo.mx\/#organization\"},\"image\":{\"@id\":\"https:\/\/www.nexoinformativo.mx\/index.php\/2024\/11\/12\/dif-estatal-y-consulado-de-ee-uu-unen-esfuerzos-en-beneficio-de-la-infancia-y-adolescencia\/#primaryimage\"},\"thumbnailUrl\":\"https:\/\/www.nexoinformativo.mx\/wp-content\/uploads\/2024\/11\/71_273_46061_1405188825_62DDB915-DD4D-4291-ACE3-F8D1909E0945-e1731456476992.jpeg\",\"keywords\":[\"AdopcionesInternacionales\",\"Colaboraci\u00f3nBinacional\",\"DIFEstatal\",\"InfanciaFeliz\"],\"articleSection\":[\"Estado\",\"\u00daltima Hora\"],\"inLanguage\":\"es\",\"potentialAction\":[{\"@type\":\"CommentAction\",\"name\":\"Comment\",\"target\":[\"https:\/\/www.nexoinformativo.mx\/index.php\/2024\/11\/12\/dif-estatal-y-consulado-de-ee-uu-unen-esfuerzos-en-beneficio-de-la-infancia-y-adolescencia\/#respond\"]}]},{\"@type\":\"WebPage\",\"@id\":\"https:\/\/www.nexoinformativo.mx\/index.php\/2024\/11\/12\/dif-estatal-y-consulado-de-ee-uu-unen-esfuerzos-en-beneficio-de-la-infancia-y-adolescencia\/\",\"url\":\"https:\/\/www.nexoinformativo.mx\/index.php\/2024\/11\/12\/dif-estatal-y-consulado-de-ee-uu-unen-esfuerzos-en-beneficio-de-la-infancia-y-adolescencia\/\",\"name\":\"DIF Estatal y Consulado de EE.UU. Unen esfuerzos en beneficio de la infancia y adolescencia | Nexo Informativo Santiago de Quer\u00e9taro\",\"isPartOf\":{\"@id\":\"https:\/\/www.nexoinformativo.mx\/#website\"},\"primaryImageOfPage\":{\"@id\":\"https:\/\/www.nexoinformativo.mx\/index.php\/2024\/11\/12\/dif-estatal-y-consulado-de-ee-uu-unen-esfuerzos-en-beneficio-de-la-infancia-y-adolescencia\/#primaryimage\"},\"image\":{\"@id\":\"https:\/\/www.nexoinformativo.mx\/index.php\/2024\/11\/12\/dif-estatal-y-consulado-de-ee-uu-unen-esfuerzos-en-beneficio-de-la-infancia-y-adolescencia\/#primaryimage\"},\"thumbnailUrl\":\"https:\/\/www.nexoinformativo.mx\/wp-content\/uploads\/2024\/11\/71_273_46061_1405188825_62DDB915-DD4D-4291-ACE3-F8D1909E0945-e1731456476992.jpeg\",\"datePublished\":\"2024-11-13T00:30:40+00:00\",\"description\":\"DIF Estatal y Consulado de EE.UU. Unen esfuerzos en beneficio de la infancia y adolescencia\",\"breadcrumb\":{\"@id\":\"https:\/\/www.nexoinformativo.mx\/index.php\/2024\/11\/12\/dif-estatal-y-consulado-de-ee-uu-unen-esfuerzos-en-beneficio-de-la-infancia-y-adolescencia\/#breadcrumb\"},\"inLanguage\":\"es\",\"potentialAction\":[{\"@type\":\"ReadAction\",\"target\":[\"https:\/\/www.nexoinformativo.mx\/index.php\/2024\/11\/12\/dif-estatal-y-consulado-de-ee-uu-unen-esfuerzos-en-beneficio-de-la-infancia-y-adolescencia\/\"]}]},{\"@type\":\"ImageObject\",\"inLanguage\":\"es\",\"@id\":\"https:\/\/www.nexoinformativo.mx\/index.php\/2024\/11\/12\/dif-estatal-y-consulado-de-ee-uu-unen-esfuerzos-en-beneficio-de-la-infancia-y-adolescencia\/#primaryimage\",\"url\":\"https:\/\/www.nexoinformativo.mx\/wp-content\/uploads\/2024\/11\/71_273_46061_1405188825_62DDB915-DD4D-4291-ACE3-F8D1909E0945-e1731456476992.jpeg\",\"contentUrl\":\"https:\/\/www.nexoinformativo.mx\/wp-content\/uploads\/2024\/11\/71_273_46061_1405188825_62DDB915-DD4D-4291-ACE3-F8D1909E0945-e1731456476992.jpeg\",\"width\":700,\"height\":466},{\"@type\":\"BreadcrumbList\",\"@id\":\"https:\/\/www.nexoinformativo.mx\/index.php\/2024\/11\/12\/dif-estatal-y-consulado-de-ee-uu-unen-esfuerzos-en-beneficio-de-la-infancia-y-adolescencia\/#breadcrumb\",\"itemListElement\":[{\"@type\":\"ListItem\",\"position\":1,\"name\":\"Inicio\",\"item\":\"https:\/\/www.nexoinformativo.mx\/\"},{\"@type\":\"ListItem\",\"position\":2,\"name\":\"DIF Estatal y Consulado de EE.UU. Unen esfuerzos en beneficio de la infancia y adolescencia\"}]},{\"@type\":\"WebSite\",\"@id\":\"https:\/\/www.nexoinformativo.mx\/#website\",\"url\":\"https:\/\/www.nexoinformativo.mx\/\",\"name\":\"Nexo Informativo Santiago de Quer\u00e9taro\",\"description\":\"Explora NexoInformativo y convi\u00e9rtete en parte de una comunidad que valora el conocimiento y la verdad. Tu nexoinformativo es tu puente hacia una comprensi\u00f3n m\u00e1s profunda del mundo que te rodea.\",\"publisher\":{\"@id\":\"https:\/\/www.nexoinformativo.mx\/#organization\"},\"potentialAction\":[{\"@type\":\"SearchAction\",\"target\":{\"@type\":\"EntryPoint\",\"urlTemplate\":\"https:\/\/www.nexoinformativo.mx\/?s={search_term_string}\"},\"query-input\":{\"@type\":\"PropertyValueSpecification\",\"valueRequired\":true,\"valueName\":\"search_term_string\"}}],\"inLanguage\":\"es\"},{\"@type\":\"Organization\",\"@id\":\"https:\/\/www.nexoinformativo.mx\/#organization\",\"name\":\"Nexo Informativo Santiago de Quer\u00e9taro\",\"url\":\"https:\/\/www.nexoinformativo.mx\/\",\"logo\":{\"@type\":\"ImageObject\",\"inLanguage\":\"es\",\"@id\":\"https:\/\/www.nexoinformativo.mx\/#\/schema\/logo\/image\/\",\"url\":\"https:\/\/www.nexoinformativo.mx\/wp-content\/uploads\/2024\/07\/nexoi-trasparente-2.png\",\"contentUrl\":\"https:\/\/www.nexoinformativo.mx\/wp-content\/uploads\/2024\/07\/nexoi-trasparente-2.png\",\"width\":816,\"height\":339,\"caption\":\"Nexo Informativo Santiago de Quer\u00e9taro\"},\"image\":{\"@id\":\"https:\/\/www.nexoinformativo.mx\/#\/schema\/logo\/image\/\"},\"sameAs\":[\"https:\/\/www.facebook.com\/people\/Nexo-Informativo\/61564066885511\/\"]},{\"@type\":\"Person\",\"@id\":\"https:\/\/www.nexoinformativo.mx\/#\/schema\/person\/7749d380ba08c8ca00d7bc76fd907b7d\",\"name\":\"Nexo Informativo\",\"image\":{\"@type\":\"ImageObject\",\"inLanguage\":\"es\",\"@id\":\"https:\/\/www.nexoinformativo.mx\/#\/schema\/person\/image\/\",\"url\":\"https:\/\/secure.gravatar.com\/avatar\/dde2928154642a13d95f87ddf1ea9718fe2b46760a005c53e41ff5ad610704e6?s=96&d=mm&r=g\",\"contentUrl\":\"https:\/\/secure.gravatar.com\/avatar\/dde2928154642a13d95f87ddf1ea9718fe2b46760a005c53e41ff5ad610704e6?s=96&d=mm&r=g\",\"caption\":\"Nexo Informativo\"},\"url\":\"https:\/\/www.nexoinformativo.mx\/index.php\/author\/edicion\/\"}]}<\/script>\n<!-- \/ Yoast SEO plugin. -->","yoast_head_json":{"title":"DIF Estatal y Consulado de EE.UU. Unen esfuerzos en beneficio de la infancia y adolescencia | Nexo Informativo Santiago de Quer\u00e9taro","description":"DIF Estatal y Consulado de EE.UU. Unen esfuerzos en beneficio de la infancia y adolescencia","robots":{"index":"index","follow":"follow","max-snippet":"max-snippet:-1","max-image-preview":"max-image-preview:large","max-video-preview":"max-video-preview:-1"},"canonical":"https:\/\/www.nexoinformativo.mx\/index.php\/2024\/11\/12\/dif-estatal-y-consulado-de-ee-uu-unen-esfuerzos-en-beneficio-de-la-infancia-y-adolescencia\/","og_locale":"es_MX","og_type":"article","og_title":"DIF Estatal y Consulado de EE.UU. Unen esfuerzos en beneficio de la infancia y adolescencia | Nexo Informativo Santiago de Quer\u00e9taro","og_description":"DIF Estatal y Consulado de EE.UU. Unen esfuerzos en beneficio de la infancia y adolescencia","og_url":"https:\/\/www.nexoinformativo.mx\/index.php\/2024\/11\/12\/dif-estatal-y-consulado-de-ee-uu-unen-esfuerzos-en-beneficio-de-la-infancia-y-adolescencia\/","og_site_name":"Nexo Informativo Santiago de Quer\u00e9taro","article_publisher":"https:\/\/www.facebook.com\/people\/Nexo-Informativo\/61564066885511\/","article_published_time":"2024-11-13T00:30:40+00:00","og_image":[{"width":700,"height":466,"url":"https:\/\/www.nexoinformativo.mx\/wp-content\/uploads\/2024\/11\/71_273_46061_1405188825_62DDB915-DD4D-4291-ACE3-F8D1909E0945-e1731456476992.jpeg","type":"image\/jpeg"}],"author":"Nexo Informativo","twitter_card":"summary_large_image","twitter_misc":{"Escrito por":"Nexo Informativo","Tiempo de lectura":"1 minuto"},"schema":{"@context":"https:\/\/schema.org","@graph":[{"@type":"Article","@id":"https:\/\/www.nexoinformativo.mx\/index.php\/2024\/11\/12\/dif-estatal-y-consulado-de-ee-uu-unen-esfuerzos-en-beneficio-de-la-infancia-y-adolescencia\/#article","isPartOf":{"@id":"https:\/\/www.nexoinformativo.mx\/index.php\/2024\/11\/12\/dif-estatal-y-consulado-de-ee-uu-unen-esfuerzos-en-beneficio-de-la-infancia-y-adolescencia\/"},"author":{"name":"Nexo Informativo","@id":"https:\/\/www.nexoinformativo.mx\/#\/schema\/person\/7749d380ba08c8ca00d7bc76fd907b7d"},"headline":"DIF Estatal y Consulado de EE.UU. Unen esfuerzos en beneficio de la infancia y adolescencia","datePublished":"2024-11-13T00:30:40+00:00","mainEntityOfPage":{"@id":"https:\/\/www.nexoinformativo.mx\/index.php\/2024\/11\/12\/dif-estatal-y-consulado-de-ee-uu-unen-esfuerzos-en-beneficio-de-la-infancia-y-adolescencia\/"},"wordCount":220,"commentCount":0,"publisher":{"@id":"https:\/\/www.nexoinformativo.mx\/#organization"},"image":{"@id":"https:\/\/www.nexoinformativo.mx\/index.php\/2024\/11\/12\/dif-estatal-y-consulado-de-ee-uu-unen-esfuerzos-en-beneficio-de-la-infancia-y-adolescencia\/#primaryimage"},"thumbnailUrl":"https:\/\/www.nexoinformativo.mx\/wp-content\/uploads\/2024\/11\/71_273_46061_1405188825_62DDB915-DD4D-4291-ACE3-F8D1909E0945-e1731456476992.jpeg","keywords":["AdopcionesInternacionales","Colaboraci\u00f3nBinacional","DIFEstatal","InfanciaFeliz"],"articleSection":["Estado","\u00daltima Hora"],"inLanguage":"es","potentialAction":[{"@type":"CommentAction","name":"Comment","target":["https:\/\/www.nexoinformativo.mx\/index.php\/2024\/11\/12\/dif-estatal-y-consulado-de-ee-uu-unen-esfuerzos-en-beneficio-de-la-infancia-y-adolescencia\/#respond"]}]},{"@type":"WebPage","@id":"https:\/\/www.nexoinformativo.mx\/index.php\/2024\/11\/12\/dif-estatal-y-consulado-de-ee-uu-unen-esfuerzos-en-beneficio-de-la-infancia-y-adolescencia\/","url":"https:\/\/www.nexoinformativo.mx\/index.php\/2024\/11\/12\/dif-estatal-y-consulado-de-ee-uu-unen-esfuerzos-en-beneficio-de-la-infancia-y-adolescencia\/","name":"DIF Estatal y Consulado de EE.UU. Unen esfuerzos en beneficio de la infancia y adolescencia | Nexo Informativo Santiago de Quer\u00e9taro","isPartOf":{"@id":"https:\/\/www.nexoinformativo.mx\/#website"},"primaryImageOfPage":{"@id":"https:\/\/www.nexoinformativo.mx\/index.php\/2024\/11\/12\/dif-estatal-y-consulado-de-ee-uu-unen-esfuerzos-en-beneficio-de-la-infancia-y-adolescencia\/#primaryimage"},"image":{"@id":"https:\/\/www.nexoinformativo.mx\/index.php\/2024\/11\/12\/dif-estatal-y-consulado-de-ee-uu-unen-esfuerzos-en-beneficio-de-la-infancia-y-adolescencia\/#primaryimage"},"thumbnailUrl":"https:\/\/www.nexoinformativo.mx\/wp-content\/uploads\/2024\/11\/71_273_46061_1405188825_62DDB915-DD4D-4291-ACE3-F8D1909E0945-e1731456476992.jpeg","datePublished":"2024-11-13T00:30:40+00:00","description":"DIF Estatal y Consulado de EE.UU. Unen esfuerzos en beneficio de la infancia y adolescencia","breadcrumb":{"@id":"https:\/\/www.nexoinformativo.mx\/index.php\/2024\/11\/12\/dif-estatal-y-consulado-de-ee-uu-unen-esfuerzos-en-beneficio-de-la-infancia-y-adolescencia\/#breadcrumb"},"inLanguage":"es","potentialAction":[{"@type":"ReadAction","target":["https:\/\/www.nexoinformativo.mx\/index.php\/2024\/11\/12\/dif-estatal-y-consulado-de-ee-uu-unen-esfuerzos-en-beneficio-de-la-infancia-y-adolescencia\/"]}]},{"@type":"ImageObject","inLanguage":"es","@id":"https:\/\/www.nexoinformativo.mx\/index.php\/2024\/11\/12\/dif-estatal-y-consulado-de-ee-uu-unen-esfuerzos-en-beneficio-de-la-infancia-y-adolescencia\/#primaryimage","url":"https:\/\/www.nexoinformativo.mx\/wp-content\/uploads\/2024\/11\/71_273_46061_1405188825_62DDB915-DD4D-4291-ACE3-F8D1909E0945-e1731456476992.jpeg","contentUrl":"https:\/\/www.nexoinformativo.mx\/wp-content\/uploads\/2024\/11\/71_273_46061_1405188825_62DDB915-DD4D-4291-ACE3-F8D1909E0945-e1731456476992.jpeg","width":700,"height":466},{"@type":"BreadcrumbList","@id":"https:\/\/www.nexoinformativo.mx\/index.php\/2024\/11\/12\/dif-estatal-y-consulado-de-ee-uu-unen-esfuerzos-en-beneficio-de-la-infancia-y-adolescencia\/#breadcrumb","itemListElement":[{"@type":"ListItem","position":1,"name":"Inicio","item":"https:\/\/www.nexoinformativo.mx\/"},{"@type":"ListItem","position":2,"name":"DIF Estatal y Consulado de EE.UU. Unen esfuerzos en beneficio de la infancia y adolescencia"}]},{"@type":"WebSite","@id":"https:\/\/www.nexoinformativo.mx\/#website","url":"https:\/\/www.nexoinformativo.mx\/","name":"Nexo Informativo Santiago de Quer\u00e9taro","description":"Explora NexoInformativo y convi\u00e9rtete en parte de una comunidad que valora el conocimiento y la verdad. Tu nexoinformativo es tu puente hacia una comprensi\u00f3n m\u00e1s profunda del mundo que te rodea.","publisher":{"@id":"https:\/\/www.nexoinformativo.mx\/#organization"},"potentialAction":[{"@type":"SearchAction","target":{"@type":"EntryPoint","urlTemplate":"https:\/\/www.nexoinformativo.mx\/?s={search_term_string}"},"query-input":{"@type":"PropertyValueSpecification","valueRequired":true,"valueName":"search_term_string"}}],"inLanguage":"es"},{"@type":"Organization","@id":"https:\/\/www.nexoinformativo.mx\/#organization","name":"Nexo Informativo Santiago de Quer\u00e9taro","url":"https:\/\/www.nexoinformativo.mx\/","logo":{"@type":"ImageObject","inLanguage":"es","@id":"https:\/\/www.nexoinformativo.mx\/#\/schema\/logo\/image\/","url":"https:\/\/www.nexoinformativo.mx\/wp-content\/uploads\/2024\/07\/nexoi-trasparente-2.png","contentUrl":"https:\/\/www.nexoinformativo.mx\/wp-content\/uploads\/2024\/07\/nexoi-trasparente-2.png","width":816,"height":339,"caption":"Nexo Informativo Santiago de Quer\u00e9taro"},"image":{"@id":"https:\/\/www.nexoinformativo.mx\/#\/schema\/logo\/image\/"},"sameAs":["https:\/\/www.facebook.com\/people\/Nexo-Informativo\/61564066885511\/"]},{"@type":"Person","@id":"https:\/\/www.nexoinformativo.mx\/#\/schema\/person\/7749d380ba08c8ca00d7bc76fd907b7d","name":"Nexo Informativo","image":{"@type":"ImageObject","inLanguage":"es","@id":"https:\/\/www.nexoinformativo.mx\/#\/schema\/person\/image\/","url":"https:\/\/secure.gravatar.com\/avatar\/dde2928154642a13d95f87ddf1ea9718fe2b46760a005c53e41ff5ad610704e6?s=96&d=mm&r=g","contentUrl":"https:\/\/secure.gravatar.com\/avatar\/dde2928154642a13d95f87ddf1ea9718fe2b46760a005c53e41ff5ad610704e6?s=96&d=mm&r=g","caption":"Nexo Informativo"},"url":"https:\/\/www.nexoinformativo.mx\/index.php\/author\/edicion\/"}]}},"_links":{"self":[{"href":"https:\/\/www.nexoinformativo.mx\/index.php\/wp-json\/wp\/v2\/posts\/5917","targetHints":{"allow":["GET"]}}],"collection":[{"href":"https:\/\/www.nexoinformativo.mx\/index.php\/wp-json\/wp\/v2\/posts"}],"about":[{"href":"https:\/\/www.nexoinformativo.mx\/index.php\/wp-json\/wp\/v2\/types\/post"}],"author":[{"embeddable":true,"href":"https:\/\/www.nexoinformativo.mx\/index.php\/wp-json\/wp\/v2\/users\/3"}],"replies":[{"embeddable":true,"href":"https:\/\/www.nexoinformativo.mx\/index.php\/wp-json\/wp\/v2\/comments?post=5917"}],"version-history":[{"count":6,"href":"https:\/\/www.nexoinformativo.mx\/index.php\/wp-json\/wp\/v2\/posts\/5917\/revisions"}],"predecessor-version":[{"id":5923,"href":"https:\/\/www.nexoinformativo.mx\/index.php\/wp-json\/wp\/v2\/posts\/5917\/revisions\/5923"}],"wp:featuredmedia":[{"embeddable":true,"href":"https:\/\/www.nexoinformativo.mx\/index.php\/wp-json\/wp\/v2\/media\/5918"}],"wp:attachment":[{"href":"https:\/\/www.nexoinformativo.mx\/index.php\/wp-json\/wp\/v2\/media?parent=5917"}],"wp:term":[{"taxonomy":"category","embeddable":true,"href":"https:\/\/www.nexoinformativo.mx\/index.php\/wp-json\/wp\/v2\/categories?post=5917"},{"taxonomy":"post_tag","embeddable":true,"href":"https:\/\/www.nexoinformativo.mx\/index.php\/wp-json\/wp\/v2\/tags?post=5917"}],"curies":[{"name":"wp","href":"https:\/\/api.w.org\/{rel}","templated":true}]}}