{"id":5930,"date":"2024-11-12T18:30:21","date_gmt":"2024-11-13T00:30:21","guid":{"rendered":"https:\/\/www.nexoinformativo.mx\/?p=5930"},"modified":"2024-11-12T18:34:37","modified_gmt":"2024-11-13T00:34:37","slug":"sejuve-brinda-a-los-emprendedores-queretanos-capital-semilla-como-parte-de-emprendiendo-contigo-2024","status":"publish","type":"post","link":"https:\/\/www.nexoinformativo.mx\/index.php\/2024\/11\/12\/sejuve-brinda-a-los-emprendedores-queretanos-capital-semilla-como-parte-de-emprendiendo-contigo-2024\/","title":{"rendered":"SEJUVE brinda a los emprendedores queretanos capital semilla como parte de &#8220;Emprendiendo Contigo 2024&#8221;"},"content":{"rendered":"<p style=\"text-align: justify;\" data-sourcepos=\"9:1-9:288\">La Secretar\u00eda de la Juventud <strong>(SEJUVE)<\/strong> entreg\u00f3 capital semilla a 30 j\u00f3venes emprendedores queretanos, como parte del programa <strong>\u201cEmprendiendo Contigo 2024\u201d<\/strong>. La entrega se llev\u00f3 a cabo en el marco de la Jornada Contigo Rumbo Joven, realizada en la Universidad Tecnol\u00f3gica de Quer\u00e9taro (UTEQ).<\/p>\n<p>&nbsp;<\/p>\n<p style=\"text-align: justify;\" data-sourcepos=\"11:1-11:286\">Cada uno de los proyectos seleccionados recibi\u00f3 40 mil pesos para impulsar su crecimiento y formalizaci\u00f3n. Adem\u00e1s de este apoyo econ\u00f3mico, los j\u00f3venes beneficiarios recibieron capacitaci\u00f3n en diversas \u00e1reas como marketing, finanzas y contabilidad, gracias a la colaboraci\u00f3n con la UTEQ.<\/p>\n<p>&nbsp;<\/p>\n<p style=\"text-align: justify;\" data-sourcepos=\"13:1-13:239\">La secretaria de la Juventud, Virginia Hern\u00e1ndez V\u00e1zquez, destac\u00f3 que este programa no solo brinda recursos econ\u00f3micos, sino que tambi\u00e9n fomenta el desarrollo de habilidades empresariales y fortalece el ecosistema emprendedor en el estado.<\/p>\n<p>&nbsp;<\/p>\n<p style=\"text-align: justify;\" data-sourcepos=\"15:1-15:304\">Por su parte, el secretario de Desarrollo Sustentable, Marco Antonio Del Prete, inform\u00f3 que la Secretar\u00eda a su cargo ofrece diversos programas y apoyos para emprendedores, como el desarrollo de imagen y marca, y la vinculaci\u00f3n con el Instituto Queretano del Emprendimiento y la Innovaci\u00f3n (IQEI).<\/p>\n<p>&nbsp;<\/p>\n<p style=\"text-align: center;\"><em><strong>\u00a1Informaci\u00f3n que transforma!<\/strong><\/em><\/p>\n","protected":false},"excerpt":{"rendered":"<p>La Secretar\u00eda de la Juventud (SEJUVE) entreg\u00f3 capital semilla a 30 j\u00f3venes emprendedores queretanos, como parte del programa \u201cEmprendiendo Contigo 2024\u201d.<\/p>\n","protected":false},"author":3,"featured_media":5931,"comment_status":"open","ping_status":"open","sticky":false,"template":"","format":"standard","meta":{"footnotes":""},"categories":[42,58],"tags":[2021,2020,2022,2023],"class_list":["post-5930","post","type-post","status-publish","format-standard","has-post-thumbnail","hentry","category-estado","category-ultima-hora","tag-capitalsemilla","tag-emprendedoresqueretaro","tag-jovenesemprendedores","tag-sejuve"],"yoast_head":"<!-- This site is optimized with the Yoast SEO plugin v25.0 - https:\/\/yoast.com\/wordpress\/plugins\/seo\/ -->\n<title>SEJUVE brinda a los emprendedores queretanos capital semilla como parte de &quot;Emprendiendo Contigo 2024&quot; | Nexo Informativo Santiago de Quer\u00e9taro<\/title>\n<meta name=\"description\" content=\"SEJUVE brinda a los emprendedores queretanos capital semilla como parte de &quot;Emprendiendo Contigo 2024&quot;\" \/>\n<meta name=\"robots\" content=\"index, follow, max-snippet:-1, max-image-preview:large, max-video-preview:-1\" \/>\n<link rel=\"canonical\" href=\"https:\/\/www.nexoinformativo.mx\/index.php\/2024\/11\/12\/sejuve-brinda-a-los-emprendedores-queretanos-capital-semilla-como-parte-de-emprendiendo-contigo-2024\/\" \/>\n<meta property=\"og:locale\" content=\"es_MX\" \/>\n<meta property=\"og:type\" content=\"article\" \/>\n<meta property=\"og:title\" content=\"SEJUVE brinda a los emprendedores queretanos capital semilla como parte de &quot;Emprendiendo Contigo 2024&quot; | Nexo Informativo Santiago de Quer\u00e9taro\" \/>\n<meta property=\"og:description\" content=\"SEJUVE brinda a los emprendedores queretanos capital semilla como parte de &quot;Emprendiendo Contigo 2024&quot;\" \/>\n<meta property=\"og:url\" content=\"https:\/\/www.nexoinformativo.mx\/index.php\/2024\/11\/12\/sejuve-brinda-a-los-emprendedores-queretanos-capital-semilla-como-parte-de-emprendiendo-contigo-2024\/\" \/>\n<meta property=\"og:site_name\" content=\"Nexo Informativo Santiago de Quer\u00e9taro\" \/>\n<meta property=\"article:publisher\" content=\"https:\/\/www.facebook.com\/people\/Nexo-Informativo\/61564066885511\/\" \/>\n<meta property=\"article:published_time\" content=\"2024-11-13T00:30:21+00:00\" \/>\n<meta property=\"article:modified_time\" content=\"2024-11-13T00:34:37+00:00\" \/>\n<meta property=\"og:image\" content=\"https:\/\/www.nexoinformativo.mx\/wp-content\/uploads\/2024\/11\/71_273_46062_2132669981_IMG_0474-scaled-e1731457936867.jpg\" \/>\n\t<meta property=\"og:image:width\" content=\"700\" \/>\n\t<meta property=\"og:image:height\" content=\"448\" \/>\n\t<meta property=\"og:image:type\" content=\"image\/jpeg\" \/>\n<meta name=\"author\" content=\"Nexo Informativo\" \/>\n<meta name=\"twitter:card\" content=\"summary_large_image\" \/>\n<meta name=\"twitter:label1\" content=\"Escrito por\" \/>\n\t<meta name=\"twitter:data1\" content=\"Nexo Informativo\" \/>\n\t<meta name=\"twitter:label2\" content=\"Tiempo de lectura\" \/>\n\t<meta name=\"twitter:data2\" content=\"1 minuto\" \/>\n<script type=\"application\/ld+json\" class=\"yoast-schema-graph\">{\"@context\":\"https:\/\/schema.org\",\"@graph\":[{\"@type\":\"Article\",\"@id\":\"https:\/\/www.nexoinformativo.mx\/index.php\/2024\/11\/12\/sejuve-brinda-a-los-emprendedores-queretanos-capital-semilla-como-parte-de-emprendiendo-contigo-2024\/#article\",\"isPartOf\":{\"@id\":\"https:\/\/www.nexoinformativo.mx\/index.php\/2024\/11\/12\/sejuve-brinda-a-los-emprendedores-queretanos-capital-semilla-como-parte-de-emprendiendo-contigo-2024\/\"},\"author\":{\"name\":\"Nexo Informativo\",\"@id\":\"https:\/\/www.nexoinformativo.mx\/#\/schema\/person\/7749d380ba08c8ca00d7bc76fd907b7d\"},\"headline\":\"SEJUVE brinda a los emprendedores queretanos capital semilla como parte de &#8220;Emprendiendo Contigo 2024&#8221;\",\"datePublished\":\"2024-11-13T00:30:21+00:00\",\"dateModified\":\"2024-11-13T00:34:37+00:00\",\"mainEntityOfPage\":{\"@id\":\"https:\/\/www.nexoinformativo.mx\/index.php\/2024\/11\/12\/sejuve-brinda-a-los-emprendedores-queretanos-capital-semilla-como-parte-de-emprendiendo-contigo-2024\/\"},\"wordCount\":200,\"commentCount\":0,\"publisher\":{\"@id\":\"https:\/\/www.nexoinformativo.mx\/#organization\"},\"image\":{\"@id\":\"https:\/\/www.nexoinformativo.mx\/index.php\/2024\/11\/12\/sejuve-brinda-a-los-emprendedores-queretanos-capital-semilla-como-parte-de-emprendiendo-contigo-2024\/#primaryimage\"},\"thumbnailUrl\":\"https:\/\/www.nexoinformativo.mx\/wp-content\/uploads\/2024\/11\/71_273_46062_2132669981_IMG_0474-scaled-e1731457936867.jpg\",\"keywords\":[\"CapitalSemilla\",\"EmprendedoresQuer\u00e9taro\",\"J\u00f3venesEmprendedores\",\"SEJUVE\"],\"articleSection\":[\"Estado\",\"\u00daltima Hora\"],\"inLanguage\":\"es\",\"potentialAction\":[{\"@type\":\"CommentAction\",\"name\":\"Comment\",\"target\":[\"https:\/\/www.nexoinformativo.mx\/index.php\/2024\/11\/12\/sejuve-brinda-a-los-emprendedores-queretanos-capital-semilla-como-parte-de-emprendiendo-contigo-2024\/#respond\"]}]},{\"@type\":\"WebPage\",\"@id\":\"https:\/\/www.nexoinformativo.mx\/index.php\/2024\/11\/12\/sejuve-brinda-a-los-emprendedores-queretanos-capital-semilla-como-parte-de-emprendiendo-contigo-2024\/\",\"url\":\"https:\/\/www.nexoinformativo.mx\/index.php\/2024\/11\/12\/sejuve-brinda-a-los-emprendedores-queretanos-capital-semilla-como-parte-de-emprendiendo-contigo-2024\/\",\"name\":\"SEJUVE brinda a los emprendedores queretanos capital semilla como parte de \\\"Emprendiendo Contigo 2024\\\" | Nexo Informativo Santiago de Quer\u00e9taro\",\"isPartOf\":{\"@id\":\"https:\/\/www.nexoinformativo.mx\/#website\"},\"primaryImageOfPage\":{\"@id\":\"https:\/\/www.nexoinformativo.mx\/index.php\/2024\/11\/12\/sejuve-brinda-a-los-emprendedores-queretanos-capital-semilla-como-parte-de-emprendiendo-contigo-2024\/#primaryimage\"},\"image\":{\"@id\":\"https:\/\/www.nexoinformativo.mx\/index.php\/2024\/11\/12\/sejuve-brinda-a-los-emprendedores-queretanos-capital-semilla-como-parte-de-emprendiendo-contigo-2024\/#primaryimage\"},\"thumbnailUrl\":\"https:\/\/www.nexoinformativo.mx\/wp-content\/uploads\/2024\/11\/71_273_46062_2132669981_IMG_0474-scaled-e1731457936867.jpg\",\"datePublished\":\"2024-11-13T00:30:21+00:00\",\"dateModified\":\"2024-11-13T00:34:37+00:00\",\"description\":\"SEJUVE brinda a los emprendedores queretanos capital semilla como parte de \\\"Emprendiendo Contigo 2024\\\"\",\"breadcrumb\":{\"@id\":\"https:\/\/www.nexoinformativo.mx\/index.php\/2024\/11\/12\/sejuve-brinda-a-los-emprendedores-queretanos-capital-semilla-como-parte-de-emprendiendo-contigo-2024\/#breadcrumb\"},\"inLanguage\":\"es\",\"potentialAction\":[{\"@type\":\"ReadAction\",\"target\":[\"https:\/\/www.nexoinformativo.mx\/index.php\/2024\/11\/12\/sejuve-brinda-a-los-emprendedores-queretanos-capital-semilla-como-parte-de-emprendiendo-contigo-2024\/\"]}]},{\"@type\":\"ImageObject\",\"inLanguage\":\"es\",\"@id\":\"https:\/\/www.nexoinformativo.mx\/index.php\/2024\/11\/12\/sejuve-brinda-a-los-emprendedores-queretanos-capital-semilla-como-parte-de-emprendiendo-contigo-2024\/#primaryimage\",\"url\":\"https:\/\/www.nexoinformativo.mx\/wp-content\/uploads\/2024\/11\/71_273_46062_2132669981_IMG_0474-scaled-e1731457936867.jpg\",\"contentUrl\":\"https:\/\/www.nexoinformativo.mx\/wp-content\/uploads\/2024\/11\/71_273_46062_2132669981_IMG_0474-scaled-e1731457936867.jpg\",\"width\":700,\"height\":448},{\"@type\":\"BreadcrumbList\",\"@id\":\"https:\/\/www.nexoinformativo.mx\/index.php\/2024\/11\/12\/sejuve-brinda-a-los-emprendedores-queretanos-capital-semilla-como-parte-de-emprendiendo-contigo-2024\/#breadcrumb\",\"itemListElement\":[{\"@type\":\"ListItem\",\"position\":1,\"name\":\"Inicio\",\"item\":\"https:\/\/www.nexoinformativo.mx\/\"},{\"@type\":\"ListItem\",\"position\":2,\"name\":\"SEJUVE brinda a los emprendedores queretanos capital semilla como parte de &#8220;Emprendiendo Contigo 2024&#8221;\"}]},{\"@type\":\"WebSite\",\"@id\":\"https:\/\/www.nexoinformativo.mx\/#website\",\"url\":\"https:\/\/www.nexoinformativo.mx\/\",\"name\":\"Nexo Informativo Santiago de Quer\u00e9taro\",\"description\":\"Explora NexoInformativo y convi\u00e9rtete en parte de una comunidad que valora el conocimiento y la verdad. Tu nexoinformativo es tu puente hacia una comprensi\u00f3n m\u00e1s profunda del mundo que te rodea.\",\"publisher\":{\"@id\":\"https:\/\/www.nexoinformativo.mx\/#organization\"},\"potentialAction\":[{\"@type\":\"SearchAction\",\"target\":{\"@type\":\"EntryPoint\",\"urlTemplate\":\"https:\/\/www.nexoinformativo.mx\/?s={search_term_string}\"},\"query-input\":{\"@type\":\"PropertyValueSpecification\",\"valueRequired\":true,\"valueName\":\"search_term_string\"}}],\"inLanguage\":\"es\"},{\"@type\":\"Organization\",\"@id\":\"https:\/\/www.nexoinformativo.mx\/#organization\",\"name\":\"Nexo Informativo Santiago de Quer\u00e9taro\",\"url\":\"https:\/\/www.nexoinformativo.mx\/\",\"logo\":{\"@type\":\"ImageObject\",\"inLanguage\":\"es\",\"@id\":\"https:\/\/www.nexoinformativo.mx\/#\/schema\/logo\/image\/\",\"url\":\"https:\/\/www.nexoinformativo.mx\/wp-content\/uploads\/2024\/07\/nexoi-trasparente-2.png\",\"contentUrl\":\"https:\/\/www.nexoinformativo.mx\/wp-content\/uploads\/2024\/07\/nexoi-trasparente-2.png\",\"width\":816,\"height\":339,\"caption\":\"Nexo Informativo Santiago de Quer\u00e9taro\"},\"image\":{\"@id\":\"https:\/\/www.nexoinformativo.mx\/#\/schema\/logo\/image\/\"},\"sameAs\":[\"https:\/\/www.facebook.com\/people\/Nexo-Informativo\/61564066885511\/\"]},{\"@type\":\"Person\",\"@id\":\"https:\/\/www.nexoinformativo.mx\/#\/schema\/person\/7749d380ba08c8ca00d7bc76fd907b7d\",\"name\":\"Nexo Informativo\",\"image\":{\"@type\":\"ImageObject\",\"inLanguage\":\"es\",\"@id\":\"https:\/\/www.nexoinformativo.mx\/#\/schema\/person\/image\/\",\"url\":\"https:\/\/secure.gravatar.com\/avatar\/dde2928154642a13d95f87ddf1ea9718fe2b46760a005c53e41ff5ad610704e6?s=96&d=mm&r=g\",\"contentUrl\":\"https:\/\/secure.gravatar.com\/avatar\/dde2928154642a13d95f87ddf1ea9718fe2b46760a005c53e41ff5ad610704e6?s=96&d=mm&r=g\",\"caption\":\"Nexo Informativo\"},\"url\":\"https:\/\/www.nexoinformativo.mx\/index.php\/author\/edicion\/\"}]}<\/script>\n<!-- \/ Yoast SEO plugin. -->","yoast_head_json":{"title":"SEJUVE brinda a los emprendedores queretanos capital semilla como parte de \"Emprendiendo Contigo 2024\" | Nexo Informativo Santiago de Quer\u00e9taro","description":"SEJUVE brinda a los emprendedores queretanos capital semilla como parte de \"Emprendiendo Contigo 2024\"","robots":{"index":"index","follow":"follow","max-snippet":"max-snippet:-1","max-image-preview":"max-image-preview:large","max-video-preview":"max-video-preview:-1"},"canonical":"https:\/\/www.nexoinformativo.mx\/index.php\/2024\/11\/12\/sejuve-brinda-a-los-emprendedores-queretanos-capital-semilla-como-parte-de-emprendiendo-contigo-2024\/","og_locale":"es_MX","og_type":"article","og_title":"SEJUVE brinda a los emprendedores queretanos capital semilla como parte de \"Emprendiendo Contigo 2024\" | Nexo Informativo Santiago de Quer\u00e9taro","og_description":"SEJUVE brinda a los emprendedores queretanos capital semilla como parte de \"Emprendiendo Contigo 2024\"","og_url":"https:\/\/www.nexoinformativo.mx\/index.php\/2024\/11\/12\/sejuve-brinda-a-los-emprendedores-queretanos-capital-semilla-como-parte-de-emprendiendo-contigo-2024\/","og_site_name":"Nexo Informativo Santiago de Quer\u00e9taro","article_publisher":"https:\/\/www.facebook.com\/people\/Nexo-Informativo\/61564066885511\/","article_published_time":"2024-11-13T00:30:21+00:00","article_modified_time":"2024-11-13T00:34:37+00:00","og_image":[{"width":700,"height":448,"url":"https:\/\/www.nexoinformativo.mx\/wp-content\/uploads\/2024\/11\/71_273_46062_2132669981_IMG_0474-scaled-e1731457936867.jpg","type":"image\/jpeg"}],"author":"Nexo Informativo","twitter_card":"summary_large_image","twitter_misc":{"Escrito por":"Nexo Informativo","Tiempo de lectura":"1 minuto"},"schema":{"@context":"https:\/\/schema.org","@graph":[{"@type":"Article","@id":"https:\/\/www.nexoinformativo.mx\/index.php\/2024\/11\/12\/sejuve-brinda-a-los-emprendedores-queretanos-capital-semilla-como-parte-de-emprendiendo-contigo-2024\/#article","isPartOf":{"@id":"https:\/\/www.nexoinformativo.mx\/index.php\/2024\/11\/12\/sejuve-brinda-a-los-emprendedores-queretanos-capital-semilla-como-parte-de-emprendiendo-contigo-2024\/"},"author":{"name":"Nexo Informativo","@id":"https:\/\/www.nexoinformativo.mx\/#\/schema\/person\/7749d380ba08c8ca00d7bc76fd907b7d"},"headline":"SEJUVE brinda a los emprendedores queretanos capital semilla como parte de &#8220;Emprendiendo Contigo 2024&#8221;","datePublished":"2024-11-13T00:30:21+00:00","dateModified":"2024-11-13T00:34:37+00:00","mainEntityOfPage":{"@id":"https:\/\/www.nexoinformativo.mx\/index.php\/2024\/11\/12\/sejuve-brinda-a-los-emprendedores-queretanos-capital-semilla-como-parte-de-emprendiendo-contigo-2024\/"},"wordCount":200,"commentCount":0,"publisher":{"@id":"https:\/\/www.nexoinformativo.mx\/#organization"},"image":{"@id":"https:\/\/www.nexoinformativo.mx\/index.php\/2024\/11\/12\/sejuve-brinda-a-los-emprendedores-queretanos-capital-semilla-como-parte-de-emprendiendo-contigo-2024\/#primaryimage"},"thumbnailUrl":"https:\/\/www.nexoinformativo.mx\/wp-content\/uploads\/2024\/11\/71_273_46062_2132669981_IMG_0474-scaled-e1731457936867.jpg","keywords":["CapitalSemilla","EmprendedoresQuer\u00e9taro","J\u00f3venesEmprendedores","SEJUVE"],"articleSection":["Estado","\u00daltima Hora"],"inLanguage":"es","potentialAction":[{"@type":"CommentAction","name":"Comment","target":["https:\/\/www.nexoinformativo.mx\/index.php\/2024\/11\/12\/sejuve-brinda-a-los-emprendedores-queretanos-capital-semilla-como-parte-de-emprendiendo-contigo-2024\/#respond"]}]},{"@type":"WebPage","@id":"https:\/\/www.nexoinformativo.mx\/index.php\/2024\/11\/12\/sejuve-brinda-a-los-emprendedores-queretanos-capital-semilla-como-parte-de-emprendiendo-contigo-2024\/","url":"https:\/\/www.nexoinformativo.mx\/index.php\/2024\/11\/12\/sejuve-brinda-a-los-emprendedores-queretanos-capital-semilla-como-parte-de-emprendiendo-contigo-2024\/","name":"SEJUVE brinda a los emprendedores queretanos capital semilla como parte de \"Emprendiendo Contigo 2024\" | Nexo Informativo Santiago de Quer\u00e9taro","isPartOf":{"@id":"https:\/\/www.nexoinformativo.mx\/#website"},"primaryImageOfPage":{"@id":"https:\/\/www.nexoinformativo.mx\/index.php\/2024\/11\/12\/sejuve-brinda-a-los-emprendedores-queretanos-capital-semilla-como-parte-de-emprendiendo-contigo-2024\/#primaryimage"},"image":{"@id":"https:\/\/www.nexoinformativo.mx\/index.php\/2024\/11\/12\/sejuve-brinda-a-los-emprendedores-queretanos-capital-semilla-como-parte-de-emprendiendo-contigo-2024\/#primaryimage"},"thumbnailUrl":"https:\/\/www.nexoinformativo.mx\/wp-content\/uploads\/2024\/11\/71_273_46062_2132669981_IMG_0474-scaled-e1731457936867.jpg","datePublished":"2024-11-13T00:30:21+00:00","dateModified":"2024-11-13T00:34:37+00:00","description":"SEJUVE brinda a los emprendedores queretanos capital semilla como parte de \"Emprendiendo Contigo 2024\"","breadcrumb":{"@id":"https:\/\/www.nexoinformativo.mx\/index.php\/2024\/11\/12\/sejuve-brinda-a-los-emprendedores-queretanos-capital-semilla-como-parte-de-emprendiendo-contigo-2024\/#breadcrumb"},"inLanguage":"es","potentialAction":[{"@type":"ReadAction","target":["https:\/\/www.nexoinformativo.mx\/index.php\/2024\/11\/12\/sejuve-brinda-a-los-emprendedores-queretanos-capital-semilla-como-parte-de-emprendiendo-contigo-2024\/"]}]},{"@type":"ImageObject","inLanguage":"es","@id":"https:\/\/www.nexoinformativo.mx\/index.php\/2024\/11\/12\/sejuve-brinda-a-los-emprendedores-queretanos-capital-semilla-como-parte-de-emprendiendo-contigo-2024\/#primaryimage","url":"https:\/\/www.nexoinformativo.mx\/wp-content\/uploads\/2024\/11\/71_273_46062_2132669981_IMG_0474-scaled-e1731457936867.jpg","contentUrl":"https:\/\/www.nexoinformativo.mx\/wp-content\/uploads\/2024\/11\/71_273_46062_2132669981_IMG_0474-scaled-e1731457936867.jpg","width":700,"height":448},{"@type":"BreadcrumbList","@id":"https:\/\/www.nexoinformativo.mx\/index.php\/2024\/11\/12\/sejuve-brinda-a-los-emprendedores-queretanos-capital-semilla-como-parte-de-emprendiendo-contigo-2024\/#breadcrumb","itemListElement":[{"@type":"ListItem","position":1,"name":"Inicio","item":"https:\/\/www.nexoinformativo.mx\/"},{"@type":"ListItem","position":2,"name":"SEJUVE brinda a los emprendedores queretanos capital semilla como parte de &#8220;Emprendiendo Contigo 2024&#8221;"}]},{"@type":"WebSite","@id":"https:\/\/www.nexoinformativo.mx\/#website","url":"https:\/\/www.nexoinformativo.mx\/","name":"Nexo Informativo Santiago de Quer\u00e9taro","description":"Explora NexoInformativo y convi\u00e9rtete en parte de una comunidad que valora el conocimiento y la verdad. Tu nexoinformativo es tu puente hacia una comprensi\u00f3n m\u00e1s profunda del mundo que te rodea.","publisher":{"@id":"https:\/\/www.nexoinformativo.mx\/#organization"},"potentialAction":[{"@type":"SearchAction","target":{"@type":"EntryPoint","urlTemplate":"https:\/\/www.nexoinformativo.mx\/?s={search_term_string}"},"query-input":{"@type":"PropertyValueSpecification","valueRequired":true,"valueName":"search_term_string"}}],"inLanguage":"es"},{"@type":"Organization","@id":"https:\/\/www.nexoinformativo.mx\/#organization","name":"Nexo Informativo Santiago de Quer\u00e9taro","url":"https:\/\/www.nexoinformativo.mx\/","logo":{"@type":"ImageObject","inLanguage":"es","@id":"https:\/\/www.nexoinformativo.mx\/#\/schema\/logo\/image\/","url":"https:\/\/www.nexoinformativo.mx\/wp-content\/uploads\/2024\/07\/nexoi-trasparente-2.png","contentUrl":"https:\/\/www.nexoinformativo.mx\/wp-content\/uploads\/2024\/07\/nexoi-trasparente-2.png","width":816,"height":339,"caption":"Nexo Informativo Santiago de Quer\u00e9taro"},"image":{"@id":"https:\/\/www.nexoinformativo.mx\/#\/schema\/logo\/image\/"},"sameAs":["https:\/\/www.facebook.com\/people\/Nexo-Informativo\/61564066885511\/"]},{"@type":"Person","@id":"https:\/\/www.nexoinformativo.mx\/#\/schema\/person\/7749d380ba08c8ca00d7bc76fd907b7d","name":"Nexo Informativo","image":{"@type":"ImageObject","inLanguage":"es","@id":"https:\/\/www.nexoinformativo.mx\/#\/schema\/person\/image\/","url":"https:\/\/secure.gravatar.com\/avatar\/dde2928154642a13d95f87ddf1ea9718fe2b46760a005c53e41ff5ad610704e6?s=96&d=mm&r=g","contentUrl":"https:\/\/secure.gravatar.com\/avatar\/dde2928154642a13d95f87ddf1ea9718fe2b46760a005c53e41ff5ad610704e6?s=96&d=mm&r=g","caption":"Nexo Informativo"},"url":"https:\/\/www.nexoinformativo.mx\/index.php\/author\/edicion\/"}]}},"_links":{"self":[{"href":"https:\/\/www.nexoinformativo.mx\/index.php\/wp-json\/wp\/v2\/posts\/5930","targetHints":{"allow":["GET"]}}],"collection":[{"href":"https:\/\/www.nexoinformativo.mx\/index.php\/wp-json\/wp\/v2\/posts"}],"about":[{"href":"https:\/\/www.nexoinformativo.mx\/index.php\/wp-json\/wp\/v2\/types\/post"}],"author":[{"embeddable":true,"href":"https:\/\/www.nexoinformativo.mx\/index.php\/wp-json\/wp\/v2\/users\/3"}],"replies":[{"embeddable":true,"href":"https:\/\/www.nexoinformativo.mx\/index.php\/wp-json\/wp\/v2\/comments?post=5930"}],"version-history":[{"count":5,"href":"https:\/\/www.nexoinformativo.mx\/index.php\/wp-json\/wp\/v2\/posts\/5930\/revisions"}],"predecessor-version":[{"id":5935,"href":"https:\/\/www.nexoinformativo.mx\/index.php\/wp-json\/wp\/v2\/posts\/5930\/revisions\/5935"}],"wp:featuredmedia":[{"embeddable":true,"href":"https:\/\/www.nexoinformativo.mx\/index.php\/wp-json\/wp\/v2\/media\/5931"}],"wp:attachment":[{"href":"https:\/\/www.nexoinformativo.mx\/index.php\/wp-json\/wp\/v2\/media?parent=5930"}],"wp:term":[{"taxonomy":"category","embeddable":true,"href":"https:\/\/www.nexoinformativo.mx\/index.php\/wp-json\/wp\/v2\/categories?post=5930"},{"taxonomy":"post_tag","embeddable":true,"href":"https:\/\/www.nexoinformativo.mx\/index.php\/wp-json\/wp\/v2\/tags?post=5930"}],"curies":[{"name":"wp","href":"https:\/\/api.w.org\/{rel}","templated":true}]}}