{"id":5937,"date":"2024-11-12T19:00:33","date_gmt":"2024-11-13T01:00:33","guid":{"rendered":"https:\/\/www.nexoinformativo.mx\/?p=5937"},"modified":"2024-11-12T19:09:30","modified_gmt":"2024-11-13T01:09:30","slug":"mauricio-kuri-y-omar-garcia-harfuch-reafirman-compromiso-por-la-seguridad-en-queretaro","status":"publish","type":"post","link":"https:\/\/www.nexoinformativo.mx\/index.php\/2024\/11\/12\/mauricio-kuri-y-omar-garcia-harfuch-reafirman-compromiso-por-la-seguridad-en-queretaro\/","title":{"rendered":"Mauricio Kuri y Omar Garc\u00eda Harfuch reafirman compromiso por la seguridad en Quer\u00e9taro"},"content":{"rendered":"<p style=\"text-align: justify;\">Colaboraci\u00f3n para la paz y tranquilidad, el gobernador de Quer\u00e9taro, Mauricio Kuri, se reuni\u00f3 con el secretario de Seguridad y Protecci\u00f3n Ciudadana del gobierno federal, Omar Garc\u00eda Harfuch, con el objetivo de fortalecer la colaboraci\u00f3n y el trabajo conjunto entre los distintos \u00f3rdenes de gobierno para mantener un Quer\u00e9taro seguro.<\/p>\n<p>&nbsp;<\/p>\n<p style=\"text-align: justify;\">Durante el encuentro, ambos funcionarios reafirmaron su compromiso de coordinar acciones para sustentar una estrategia que defienda la paz y la calidad de vida de la poblaci\u00f3n. La colaboraci\u00f3n busca sumar esfuerzos para que tanto Quer\u00e9taro como M\u00e9xico prosperen en t\u00e9rminos de seguridad y bienestar.<\/p>\n<p>&nbsp;<\/p>\n<p style=\"text-align: justify;\">Kuri Gonz\u00e1lez y Garc\u00eda Harfuch destacaron la importancia de trabajar unidos para enfrentar los desaf\u00edos de seguridad y garantizar un ambiente tranquilo para los queretanos. Este compromiso refleja la determinaci\u00f3n de ambos l\u00edderes de priorizar la seguridad y el bienestar de la comunidad.<\/p>\n<p>&nbsp;<\/p>\n<p style=\"text-align: center;\"><em><strong>\u00a1Informaci\u00f3n que transforma!<\/strong><\/em><\/p>\n","protected":false},"excerpt":{"rendered":"<p>Colaboraci\u00f3n para la paz y tranquilidad, el gobernador de Quer\u00e9taro, Mauricio Kuri, se reuni\u00f3 con el secretario de Seguridad y Protecci\u00f3n Ciudadana del gobierno federal, Omar Garc\u00eda Harfuch<\/p>\n","protected":false},"author":3,"featured_media":5938,"comment_status":"open","ping_status":"open","sticky":false,"template":"","format":"standard","meta":{"footnotes":""},"categories":[42,21,58],"tags":[661,2025,2024,266],"class_list":["post-5937","post","type-post","status-publish","format-standard","has-post-thumbnail","hentry","category-estado","category-politica","category-ultima-hora","tag-mauriciokuri","tag-omargarciaharfuch","tag-pazytranquilidad","tag-seguridadqueretaro"],"yoast_head":"<!-- This site is optimized with the Yoast SEO plugin v25.0 - https:\/\/yoast.com\/wordpress\/plugins\/seo\/ -->\n<title>Mauricio Kuri y Omar Garc\u00eda Harfuch reafirman compromiso por la seguridad en Quer\u00e9taro | Nexo Informativo Santiago de Quer\u00e9taro<\/title>\n<meta name=\"description\" content=\"Mauricio Kuri y Omar Garc\u00eda Harfuch reafirman compromiso por la seguridad en Quer\u00e9taro\" \/>\n<meta name=\"robots\" content=\"index, follow, max-snippet:-1, max-image-preview:large, max-video-preview:-1\" \/>\n<link rel=\"canonical\" href=\"https:\/\/www.nexoinformativo.mx\/index.php\/2024\/11\/12\/mauricio-kuri-y-omar-garcia-harfuch-reafirman-compromiso-por-la-seguridad-en-queretaro\/\" \/>\n<meta property=\"og:locale\" content=\"es_MX\" \/>\n<meta property=\"og:type\" content=\"article\" \/>\n<meta property=\"og:title\" content=\"Mauricio Kuri y Omar Garc\u00eda Harfuch reafirman compromiso por la seguridad en Quer\u00e9taro | Nexo Informativo Santiago de Quer\u00e9taro\" \/>\n<meta property=\"og:description\" content=\"Mauricio Kuri y Omar Garc\u00eda Harfuch reafirman compromiso por la seguridad en Quer\u00e9taro\" \/>\n<meta property=\"og:url\" content=\"https:\/\/www.nexoinformativo.mx\/index.php\/2024\/11\/12\/mauricio-kuri-y-omar-garcia-harfuch-reafirman-compromiso-por-la-seguridad-en-queretaro\/\" \/>\n<meta property=\"og:site_name\" content=\"Nexo Informativo Santiago de Quer\u00e9taro\" \/>\n<meta property=\"article:publisher\" content=\"https:\/\/www.facebook.com\/people\/Nexo-Informativo\/61564066885511\/\" \/>\n<meta property=\"article:published_time\" content=\"2024-11-13T01:00:33+00:00\" \/>\n<meta property=\"article:modified_time\" content=\"2024-11-13T01:09:30+00:00\" \/>\n<meta property=\"og:image\" content=\"https:\/\/www.nexoinformativo.mx\/wp-content\/uploads\/2024\/11\/71_273_46071_1078775865_12_11_REUNION_MKG_SEGURIDAD_FEDERAL_01-scaled-e1731460010189.jpeg\" \/>\n\t<meta property=\"og:image:width\" content=\"700\" \/>\n\t<meta property=\"og:image:height\" content=\"467\" \/>\n\t<meta property=\"og:image:type\" content=\"image\/jpeg\" \/>\n<meta name=\"author\" content=\"Nexo Informativo\" \/>\n<meta name=\"twitter:card\" content=\"summary_large_image\" \/>\n<meta name=\"twitter:label1\" content=\"Escrito por\" \/>\n\t<meta name=\"twitter:data1\" content=\"Nexo Informativo\" \/>\n\t<meta name=\"twitter:label2\" content=\"Tiempo de lectura\" \/>\n\t<meta name=\"twitter:data2\" content=\"1 minuto\" \/>\n<script type=\"application\/ld+json\" class=\"yoast-schema-graph\">{\"@context\":\"https:\/\/schema.org\",\"@graph\":[{\"@type\":\"Article\",\"@id\":\"https:\/\/www.nexoinformativo.mx\/index.php\/2024\/11\/12\/mauricio-kuri-y-omar-garcia-harfuch-reafirman-compromiso-por-la-seguridad-en-queretaro\/#article\",\"isPartOf\":{\"@id\":\"https:\/\/www.nexoinformativo.mx\/index.php\/2024\/11\/12\/mauricio-kuri-y-omar-garcia-harfuch-reafirman-compromiso-por-la-seguridad-en-queretaro\/\"},\"author\":{\"name\":\"Nexo Informativo\",\"@id\":\"https:\/\/www.nexoinformativo.mx\/#\/schema\/person\/7749d380ba08c8ca00d7bc76fd907b7d\"},\"headline\":\"Mauricio Kuri y Omar Garc\u00eda Harfuch reafirman compromiso por la seguridad en Quer\u00e9taro\",\"datePublished\":\"2024-11-13T01:00:33+00:00\",\"dateModified\":\"2024-11-13T01:09:30+00:00\",\"mainEntityOfPage\":{\"@id\":\"https:\/\/www.nexoinformativo.mx\/index.php\/2024\/11\/12\/mauricio-kuri-y-omar-garcia-harfuch-reafirman-compromiso-por-la-seguridad-en-queretaro\/\"},\"wordCount\":176,\"commentCount\":0,\"publisher\":{\"@id\":\"https:\/\/www.nexoinformativo.mx\/#organization\"},\"image\":{\"@id\":\"https:\/\/www.nexoinformativo.mx\/index.php\/2024\/11\/12\/mauricio-kuri-y-omar-garcia-harfuch-reafirman-compromiso-por-la-seguridad-en-queretaro\/#primaryimage\"},\"thumbnailUrl\":\"https:\/\/www.nexoinformativo.mx\/wp-content\/uploads\/2024\/11\/71_273_46071_1078775865_12_11_REUNION_MKG_SEGURIDAD_FEDERAL_01-scaled-e1731460010189.jpeg\",\"keywords\":[\"MauricioKuri\",\"OmarGarc\u00edaHarfuch\",\"PazYTranquilidad\",\"SeguridadQueretaro\"],\"articleSection\":[\"Estado\",\"Pol\u00edtica\",\"\u00daltima Hora\"],\"inLanguage\":\"es\",\"potentialAction\":[{\"@type\":\"CommentAction\",\"name\":\"Comment\",\"target\":[\"https:\/\/www.nexoinformativo.mx\/index.php\/2024\/11\/12\/mauricio-kuri-y-omar-garcia-harfuch-reafirman-compromiso-por-la-seguridad-en-queretaro\/#respond\"]}]},{\"@type\":\"WebPage\",\"@id\":\"https:\/\/www.nexoinformativo.mx\/index.php\/2024\/11\/12\/mauricio-kuri-y-omar-garcia-harfuch-reafirman-compromiso-por-la-seguridad-en-queretaro\/\",\"url\":\"https:\/\/www.nexoinformativo.mx\/index.php\/2024\/11\/12\/mauricio-kuri-y-omar-garcia-harfuch-reafirman-compromiso-por-la-seguridad-en-queretaro\/\",\"name\":\"Mauricio Kuri y Omar Garc\u00eda Harfuch reafirman compromiso por la seguridad en Quer\u00e9taro | Nexo Informativo Santiago de Quer\u00e9taro\",\"isPartOf\":{\"@id\":\"https:\/\/www.nexoinformativo.mx\/#website\"},\"primaryImageOfPage\":{\"@id\":\"https:\/\/www.nexoinformativo.mx\/index.php\/2024\/11\/12\/mauricio-kuri-y-omar-garcia-harfuch-reafirman-compromiso-por-la-seguridad-en-queretaro\/#primaryimage\"},\"image\":{\"@id\":\"https:\/\/www.nexoinformativo.mx\/index.php\/2024\/11\/12\/mauricio-kuri-y-omar-garcia-harfuch-reafirman-compromiso-por-la-seguridad-en-queretaro\/#primaryimage\"},\"thumbnailUrl\":\"https:\/\/www.nexoinformativo.mx\/wp-content\/uploads\/2024\/11\/71_273_46071_1078775865_12_11_REUNION_MKG_SEGURIDAD_FEDERAL_01-scaled-e1731460010189.jpeg\",\"datePublished\":\"2024-11-13T01:00:33+00:00\",\"dateModified\":\"2024-11-13T01:09:30+00:00\",\"description\":\"Mauricio Kuri y Omar Garc\u00eda Harfuch reafirman compromiso por la seguridad en Quer\u00e9taro\",\"breadcrumb\":{\"@id\":\"https:\/\/www.nexoinformativo.mx\/index.php\/2024\/11\/12\/mauricio-kuri-y-omar-garcia-harfuch-reafirman-compromiso-por-la-seguridad-en-queretaro\/#breadcrumb\"},\"inLanguage\":\"es\",\"potentialAction\":[{\"@type\":\"ReadAction\",\"target\":[\"https:\/\/www.nexoinformativo.mx\/index.php\/2024\/11\/12\/mauricio-kuri-y-omar-garcia-harfuch-reafirman-compromiso-por-la-seguridad-en-queretaro\/\"]}]},{\"@type\":\"ImageObject\",\"inLanguage\":\"es\",\"@id\":\"https:\/\/www.nexoinformativo.mx\/index.php\/2024\/11\/12\/mauricio-kuri-y-omar-garcia-harfuch-reafirman-compromiso-por-la-seguridad-en-queretaro\/#primaryimage\",\"url\":\"https:\/\/www.nexoinformativo.mx\/wp-content\/uploads\/2024\/11\/71_273_46071_1078775865_12_11_REUNION_MKG_SEGURIDAD_FEDERAL_01-scaled-e1731460010189.jpeg\",\"contentUrl\":\"https:\/\/www.nexoinformativo.mx\/wp-content\/uploads\/2024\/11\/71_273_46071_1078775865_12_11_REUNION_MKG_SEGURIDAD_FEDERAL_01-scaled-e1731460010189.jpeg\",\"width\":700,\"height\":467},{\"@type\":\"BreadcrumbList\",\"@id\":\"https:\/\/www.nexoinformativo.mx\/index.php\/2024\/11\/12\/mauricio-kuri-y-omar-garcia-harfuch-reafirman-compromiso-por-la-seguridad-en-queretaro\/#breadcrumb\",\"itemListElement\":[{\"@type\":\"ListItem\",\"position\":1,\"name\":\"Inicio\",\"item\":\"https:\/\/www.nexoinformativo.mx\/\"},{\"@type\":\"ListItem\",\"position\":2,\"name\":\"Mauricio Kuri y Omar Garc\u00eda Harfuch reafirman compromiso por la seguridad en Quer\u00e9taro\"}]},{\"@type\":\"WebSite\",\"@id\":\"https:\/\/www.nexoinformativo.mx\/#website\",\"url\":\"https:\/\/www.nexoinformativo.mx\/\",\"name\":\"Nexo Informativo Santiago de Quer\u00e9taro\",\"description\":\"Explora NexoInformativo y convi\u00e9rtete en parte de una comunidad que valora el conocimiento y la verdad. Tu nexoinformativo es tu puente hacia una comprensi\u00f3n m\u00e1s profunda del mundo que te rodea.\",\"publisher\":{\"@id\":\"https:\/\/www.nexoinformativo.mx\/#organization\"},\"potentialAction\":[{\"@type\":\"SearchAction\",\"target\":{\"@type\":\"EntryPoint\",\"urlTemplate\":\"https:\/\/www.nexoinformativo.mx\/?s={search_term_string}\"},\"query-input\":{\"@type\":\"PropertyValueSpecification\",\"valueRequired\":true,\"valueName\":\"search_term_string\"}}],\"inLanguage\":\"es\"},{\"@type\":\"Organization\",\"@id\":\"https:\/\/www.nexoinformativo.mx\/#organization\",\"name\":\"Nexo Informativo Santiago de Quer\u00e9taro\",\"url\":\"https:\/\/www.nexoinformativo.mx\/\",\"logo\":{\"@type\":\"ImageObject\",\"inLanguage\":\"es\",\"@id\":\"https:\/\/www.nexoinformativo.mx\/#\/schema\/logo\/image\/\",\"url\":\"https:\/\/www.nexoinformativo.mx\/wp-content\/uploads\/2024\/07\/nexoi-trasparente-2.png\",\"contentUrl\":\"https:\/\/www.nexoinformativo.mx\/wp-content\/uploads\/2024\/07\/nexoi-trasparente-2.png\",\"width\":816,\"height\":339,\"caption\":\"Nexo Informativo Santiago de Quer\u00e9taro\"},\"image\":{\"@id\":\"https:\/\/www.nexoinformativo.mx\/#\/schema\/logo\/image\/\"},\"sameAs\":[\"https:\/\/www.facebook.com\/people\/Nexo-Informativo\/61564066885511\/\"]},{\"@type\":\"Person\",\"@id\":\"https:\/\/www.nexoinformativo.mx\/#\/schema\/person\/7749d380ba08c8ca00d7bc76fd907b7d\",\"name\":\"Nexo Informativo\",\"image\":{\"@type\":\"ImageObject\",\"inLanguage\":\"es\",\"@id\":\"https:\/\/www.nexoinformativo.mx\/#\/schema\/person\/image\/\",\"url\":\"https:\/\/secure.gravatar.com\/avatar\/dde2928154642a13d95f87ddf1ea9718fe2b46760a005c53e41ff5ad610704e6?s=96&d=mm&r=g\",\"contentUrl\":\"https:\/\/secure.gravatar.com\/avatar\/dde2928154642a13d95f87ddf1ea9718fe2b46760a005c53e41ff5ad610704e6?s=96&d=mm&r=g\",\"caption\":\"Nexo Informativo\"},\"url\":\"https:\/\/www.nexoinformativo.mx\/index.php\/author\/edicion\/\"}]}<\/script>\n<!-- \/ Yoast SEO plugin. -->","yoast_head_json":{"title":"Mauricio Kuri y Omar Garc\u00eda Harfuch reafirman compromiso por la seguridad en Quer\u00e9taro | Nexo Informativo Santiago de Quer\u00e9taro","description":"Mauricio Kuri y Omar Garc\u00eda Harfuch reafirman compromiso por la seguridad en Quer\u00e9taro","robots":{"index":"index","follow":"follow","max-snippet":"max-snippet:-1","max-image-preview":"max-image-preview:large","max-video-preview":"max-video-preview:-1"},"canonical":"https:\/\/www.nexoinformativo.mx\/index.php\/2024\/11\/12\/mauricio-kuri-y-omar-garcia-harfuch-reafirman-compromiso-por-la-seguridad-en-queretaro\/","og_locale":"es_MX","og_type":"article","og_title":"Mauricio Kuri y Omar Garc\u00eda Harfuch reafirman compromiso por la seguridad en Quer\u00e9taro | Nexo Informativo Santiago de Quer\u00e9taro","og_description":"Mauricio Kuri y Omar Garc\u00eda Harfuch reafirman compromiso por la seguridad en Quer\u00e9taro","og_url":"https:\/\/www.nexoinformativo.mx\/index.php\/2024\/11\/12\/mauricio-kuri-y-omar-garcia-harfuch-reafirman-compromiso-por-la-seguridad-en-queretaro\/","og_site_name":"Nexo Informativo Santiago de Quer\u00e9taro","article_publisher":"https:\/\/www.facebook.com\/people\/Nexo-Informativo\/61564066885511\/","article_published_time":"2024-11-13T01:00:33+00:00","article_modified_time":"2024-11-13T01:09:30+00:00","og_image":[{"width":700,"height":467,"url":"https:\/\/www.nexoinformativo.mx\/wp-content\/uploads\/2024\/11\/71_273_46071_1078775865_12_11_REUNION_MKG_SEGURIDAD_FEDERAL_01-scaled-e1731460010189.jpeg","type":"image\/jpeg"}],"author":"Nexo Informativo","twitter_card":"summary_large_image","twitter_misc":{"Escrito por":"Nexo Informativo","Tiempo de lectura":"1 minuto"},"schema":{"@context":"https:\/\/schema.org","@graph":[{"@type":"Article","@id":"https:\/\/www.nexoinformativo.mx\/index.php\/2024\/11\/12\/mauricio-kuri-y-omar-garcia-harfuch-reafirman-compromiso-por-la-seguridad-en-queretaro\/#article","isPartOf":{"@id":"https:\/\/www.nexoinformativo.mx\/index.php\/2024\/11\/12\/mauricio-kuri-y-omar-garcia-harfuch-reafirman-compromiso-por-la-seguridad-en-queretaro\/"},"author":{"name":"Nexo Informativo","@id":"https:\/\/www.nexoinformativo.mx\/#\/schema\/person\/7749d380ba08c8ca00d7bc76fd907b7d"},"headline":"Mauricio Kuri y Omar Garc\u00eda Harfuch reafirman compromiso por la seguridad en Quer\u00e9taro","datePublished":"2024-11-13T01:00:33+00:00","dateModified":"2024-11-13T01:09:30+00:00","mainEntityOfPage":{"@id":"https:\/\/www.nexoinformativo.mx\/index.php\/2024\/11\/12\/mauricio-kuri-y-omar-garcia-harfuch-reafirman-compromiso-por-la-seguridad-en-queretaro\/"},"wordCount":176,"commentCount":0,"publisher":{"@id":"https:\/\/www.nexoinformativo.mx\/#organization"},"image":{"@id":"https:\/\/www.nexoinformativo.mx\/index.php\/2024\/11\/12\/mauricio-kuri-y-omar-garcia-harfuch-reafirman-compromiso-por-la-seguridad-en-queretaro\/#primaryimage"},"thumbnailUrl":"https:\/\/www.nexoinformativo.mx\/wp-content\/uploads\/2024\/11\/71_273_46071_1078775865_12_11_REUNION_MKG_SEGURIDAD_FEDERAL_01-scaled-e1731460010189.jpeg","keywords":["MauricioKuri","OmarGarc\u00edaHarfuch","PazYTranquilidad","SeguridadQueretaro"],"articleSection":["Estado","Pol\u00edtica","\u00daltima Hora"],"inLanguage":"es","potentialAction":[{"@type":"CommentAction","name":"Comment","target":["https:\/\/www.nexoinformativo.mx\/index.php\/2024\/11\/12\/mauricio-kuri-y-omar-garcia-harfuch-reafirman-compromiso-por-la-seguridad-en-queretaro\/#respond"]}]},{"@type":"WebPage","@id":"https:\/\/www.nexoinformativo.mx\/index.php\/2024\/11\/12\/mauricio-kuri-y-omar-garcia-harfuch-reafirman-compromiso-por-la-seguridad-en-queretaro\/","url":"https:\/\/www.nexoinformativo.mx\/index.php\/2024\/11\/12\/mauricio-kuri-y-omar-garcia-harfuch-reafirman-compromiso-por-la-seguridad-en-queretaro\/","name":"Mauricio Kuri y Omar Garc\u00eda Harfuch reafirman compromiso por la seguridad en Quer\u00e9taro | Nexo Informativo Santiago de Quer\u00e9taro","isPartOf":{"@id":"https:\/\/www.nexoinformativo.mx\/#website"},"primaryImageOfPage":{"@id":"https:\/\/www.nexoinformativo.mx\/index.php\/2024\/11\/12\/mauricio-kuri-y-omar-garcia-harfuch-reafirman-compromiso-por-la-seguridad-en-queretaro\/#primaryimage"},"image":{"@id":"https:\/\/www.nexoinformativo.mx\/index.php\/2024\/11\/12\/mauricio-kuri-y-omar-garcia-harfuch-reafirman-compromiso-por-la-seguridad-en-queretaro\/#primaryimage"},"thumbnailUrl":"https:\/\/www.nexoinformativo.mx\/wp-content\/uploads\/2024\/11\/71_273_46071_1078775865_12_11_REUNION_MKG_SEGURIDAD_FEDERAL_01-scaled-e1731460010189.jpeg","datePublished":"2024-11-13T01:00:33+00:00","dateModified":"2024-11-13T01:09:30+00:00","description":"Mauricio Kuri y Omar Garc\u00eda Harfuch reafirman compromiso por la seguridad en Quer\u00e9taro","breadcrumb":{"@id":"https:\/\/www.nexoinformativo.mx\/index.php\/2024\/11\/12\/mauricio-kuri-y-omar-garcia-harfuch-reafirman-compromiso-por-la-seguridad-en-queretaro\/#breadcrumb"},"inLanguage":"es","potentialAction":[{"@type":"ReadAction","target":["https:\/\/www.nexoinformativo.mx\/index.php\/2024\/11\/12\/mauricio-kuri-y-omar-garcia-harfuch-reafirman-compromiso-por-la-seguridad-en-queretaro\/"]}]},{"@type":"ImageObject","inLanguage":"es","@id":"https:\/\/www.nexoinformativo.mx\/index.php\/2024\/11\/12\/mauricio-kuri-y-omar-garcia-harfuch-reafirman-compromiso-por-la-seguridad-en-queretaro\/#primaryimage","url":"https:\/\/www.nexoinformativo.mx\/wp-content\/uploads\/2024\/11\/71_273_46071_1078775865_12_11_REUNION_MKG_SEGURIDAD_FEDERAL_01-scaled-e1731460010189.jpeg","contentUrl":"https:\/\/www.nexoinformativo.mx\/wp-content\/uploads\/2024\/11\/71_273_46071_1078775865_12_11_REUNION_MKG_SEGURIDAD_FEDERAL_01-scaled-e1731460010189.jpeg","width":700,"height":467},{"@type":"BreadcrumbList","@id":"https:\/\/www.nexoinformativo.mx\/index.php\/2024\/11\/12\/mauricio-kuri-y-omar-garcia-harfuch-reafirman-compromiso-por-la-seguridad-en-queretaro\/#breadcrumb","itemListElement":[{"@type":"ListItem","position":1,"name":"Inicio","item":"https:\/\/www.nexoinformativo.mx\/"},{"@type":"ListItem","position":2,"name":"Mauricio Kuri y Omar Garc\u00eda Harfuch reafirman compromiso por la seguridad en Quer\u00e9taro"}]},{"@type":"WebSite","@id":"https:\/\/www.nexoinformativo.mx\/#website","url":"https:\/\/www.nexoinformativo.mx\/","name":"Nexo Informativo Santiago de Quer\u00e9taro","description":"Explora NexoInformativo y convi\u00e9rtete en parte de una comunidad que valora el conocimiento y la verdad. Tu nexoinformativo es tu puente hacia una comprensi\u00f3n m\u00e1s profunda del mundo que te rodea.","publisher":{"@id":"https:\/\/www.nexoinformativo.mx\/#organization"},"potentialAction":[{"@type":"SearchAction","target":{"@type":"EntryPoint","urlTemplate":"https:\/\/www.nexoinformativo.mx\/?s={search_term_string}"},"query-input":{"@type":"PropertyValueSpecification","valueRequired":true,"valueName":"search_term_string"}}],"inLanguage":"es"},{"@type":"Organization","@id":"https:\/\/www.nexoinformativo.mx\/#organization","name":"Nexo Informativo Santiago de Quer\u00e9taro","url":"https:\/\/www.nexoinformativo.mx\/","logo":{"@type":"ImageObject","inLanguage":"es","@id":"https:\/\/www.nexoinformativo.mx\/#\/schema\/logo\/image\/","url":"https:\/\/www.nexoinformativo.mx\/wp-content\/uploads\/2024\/07\/nexoi-trasparente-2.png","contentUrl":"https:\/\/www.nexoinformativo.mx\/wp-content\/uploads\/2024\/07\/nexoi-trasparente-2.png","width":816,"height":339,"caption":"Nexo Informativo Santiago de Quer\u00e9taro"},"image":{"@id":"https:\/\/www.nexoinformativo.mx\/#\/schema\/logo\/image\/"},"sameAs":["https:\/\/www.facebook.com\/people\/Nexo-Informativo\/61564066885511\/"]},{"@type":"Person","@id":"https:\/\/www.nexoinformativo.mx\/#\/schema\/person\/7749d380ba08c8ca00d7bc76fd907b7d","name":"Nexo Informativo","image":{"@type":"ImageObject","inLanguage":"es","@id":"https:\/\/www.nexoinformativo.mx\/#\/schema\/person\/image\/","url":"https:\/\/secure.gravatar.com\/avatar\/dde2928154642a13d95f87ddf1ea9718fe2b46760a005c53e41ff5ad610704e6?s=96&d=mm&r=g","contentUrl":"https:\/\/secure.gravatar.com\/avatar\/dde2928154642a13d95f87ddf1ea9718fe2b46760a005c53e41ff5ad610704e6?s=96&d=mm&r=g","caption":"Nexo Informativo"},"url":"https:\/\/www.nexoinformativo.mx\/index.php\/author\/edicion\/"}]}},"_links":{"self":[{"href":"https:\/\/www.nexoinformativo.mx\/index.php\/wp-json\/wp\/v2\/posts\/5937","targetHints":{"allow":["GET"]}}],"collection":[{"href":"https:\/\/www.nexoinformativo.mx\/index.php\/wp-json\/wp\/v2\/posts"}],"about":[{"href":"https:\/\/www.nexoinformativo.mx\/index.php\/wp-json\/wp\/v2\/types\/post"}],"author":[{"embeddable":true,"href":"https:\/\/www.nexoinformativo.mx\/index.php\/wp-json\/wp\/v2\/users\/3"}],"replies":[{"embeddable":true,"href":"https:\/\/www.nexoinformativo.mx\/index.php\/wp-json\/wp\/v2\/comments?post=5937"}],"version-history":[{"count":3,"href":"https:\/\/www.nexoinformativo.mx\/index.php\/wp-json\/wp\/v2\/posts\/5937\/revisions"}],"predecessor-version":[{"id":5941,"href":"https:\/\/www.nexoinformativo.mx\/index.php\/wp-json\/wp\/v2\/posts\/5937\/revisions\/5941"}],"wp:featuredmedia":[{"embeddable":true,"href":"https:\/\/www.nexoinformativo.mx\/index.php\/wp-json\/wp\/v2\/media\/5938"}],"wp:attachment":[{"href":"https:\/\/www.nexoinformativo.mx\/index.php\/wp-json\/wp\/v2\/media?parent=5937"}],"wp:term":[{"taxonomy":"category","embeddable":true,"href":"https:\/\/www.nexoinformativo.mx\/index.php\/wp-json\/wp\/v2\/categories?post=5937"},{"taxonomy":"post_tag","embeddable":true,"href":"https:\/\/www.nexoinformativo.mx\/index.php\/wp-json\/wp\/v2\/tags?post=5937"}],"curies":[{"name":"wp","href":"https:\/\/api.w.org\/{rel}","templated":true}]}}