{"id":5947,"date":"2024-11-13T08:00:48","date_gmt":"2024-11-13T14:00:48","guid":{"rendered":"https:\/\/www.nexoinformativo.mx\/?p=5947"},"modified":"2024-11-13T09:18:45","modified_gmt":"2024-11-13T15:18:45","slug":"claudia-sheinbaum-renueva-paquete-contra-la-inflacion-y-establece-la-canasta-basica-en-910-pesos","status":"publish","type":"post","link":"https:\/\/www.nexoinformativo.mx\/index.php\/2024\/11\/13\/claudia-sheinbaum-renueva-paquete-contra-la-inflacion-y-establece-la-canasta-basica-en-910-pesos\/","title":{"rendered":"Claudia Sheinbaum renueva paquete contra la inflaci\u00f3n y establece la Canasta B\u00e1sica en $910 Pesos\u00a0"},"content":{"rendered":"<p style=\"text-align: justify;\">La presidenta de M\u00e9xico, Claudia Sheinbaum, ha anunciado un acuerdo con los principales empresarios del sector alimentario para fijar el costo m\u00e1ximo de la canasta b\u00e1sica en $910 pesos, lo que representa una reducci\u00f3n del 12.4% respecto al a\u00f1o anterior.<\/p>\n<p>&nbsp;<\/p>\n<p style=\"text-align: justify;\">Este acuerdo se enmarca en la renovaci\u00f3n del Paquete contra la Inflaci\u00f3n y la Carest\u00eda <strong>(Pacic)<\/strong>, en un momento en que la inflaci\u00f3n sigue siendo un desaf\u00edo para la econom\u00eda del pa\u00eds. Durante la presentaci\u00f3n del nuevo Pacic, Sheinbaum destac\u00f3 que 19 empresas productoras y 11 comercializadoras de alimentos han respaldado esta iniciativa, que busca disminuir el impacto de la inflaci\u00f3n en los hogares mexicanos.<\/p>\n<p>&nbsp;<\/p>\n<p style=\"text-align: justify;\">Entre las empresas firmantes se encuentran grandes cadenas como Walmart, Chedraui y Soriana. El \u00cdndice de Precios al Consumidor se ubic\u00f3 en 4.76% a tasa anual en octubre, lo que ha llevado al gobierno a tomar medidas para estabilizar los precios de productos esenciales.<\/p>\n<p>&nbsp;<\/p>\n<p style=\"text-align: justify;\">El acuerdo incluye mantener los precios de la harina utilizada para tortillas hasta el 31 de diciembre de 2024 y establecer paquetes de productos b\u00e1sicos a precios inferiores al m\u00e1ximo estipulado.<\/p>\n<p>&nbsp;<\/p>\n<p style=\"text-align: justify;\">Sheinbaum tambi\u00e9n trabaja en un plan para reducir el costo de las tortillas, un alimento b\u00e1sico para la mayor\u00eda de los mexicanos, con el objetivo de bajar su precio en un 10% durante su mandato.\u00a0La estrategia incluye programas agr\u00edcolas y apoyos a la comercializaci\u00f3n para mejorar las cosechas de productos como ma\u00edz y frijol.<\/p>\n<p>&nbsp;<\/p>\n<p style=\"text-align: justify;\">Con esta nueva medida, el gobierno busca no solo aliviar la carga econ\u00f3mica de las familias, sino tambi\u00e9n fortalecer la producci\u00f3n local ante un entorno inflacionario que sigue presionando los precios de los alimentos.<\/p>\n<p>&nbsp;<\/p>\n<p style=\"text-align: center;\"><em><strong>\u00a1Informaci\u00f3n que transforma!<\/strong><\/em><\/p>\n","protected":false},"excerpt":{"rendered":"<p>La presidenta de M\u00e9xico, Claudia Sheinbaum, ha anunciado un acuerdo con los principales empresarios del sector alimentario para fijar el costo m\u00e1ximo de la canasta b\u00e1sica en $910 pesos, lo que representa una reducci\u00f3n del 12.4% respecto al a\u00f1o anterior.<\/p>\n","protected":false},"author":3,"featured_media":5948,"comment_status":"open","ping_status":"open","sticky":false,"template":"","format":"standard","meta":{"footnotes":""},"categories":[5,88,58],"tags":[2026,967,1661,2027],"class_list":["post-5947","post","type-post","status-publish","format-standard","has-post-thumbnail","hentry","category-economia","category-nacional","category-ultima-hora","tag-canastabasica","tag-claudiasheinbaum","tag-inflacion","tag-pacic"],"yoast_head":"<!-- This site is optimized with the Yoast SEO plugin v25.0 - https:\/\/yoast.com\/wordpress\/plugins\/seo\/ -->\n<title>Claudia Sheinbaum renueva paquete contra la inflaci\u00f3n y establece la Canasta B\u00e1sica en $910 Pesos\u00a0 | Nexo Informativo Santiago de Quer\u00e9taro<\/title>\n<meta name=\"description\" content=\"Claudia Sheinbaum renueva paquete contra la inflaci\u00f3n y establece la Canasta B\u00e1sica en $910 Pesos\u00a0\" \/>\n<meta name=\"robots\" content=\"index, follow, max-snippet:-1, max-image-preview:large, max-video-preview:-1\" \/>\n<link rel=\"canonical\" href=\"https:\/\/www.nexoinformativo.mx\/index.php\/2024\/11\/13\/claudia-sheinbaum-renueva-paquete-contra-la-inflacion-y-establece-la-canasta-basica-en-910-pesos\/\" \/>\n<meta property=\"og:locale\" content=\"es_MX\" \/>\n<meta property=\"og:type\" content=\"article\" \/>\n<meta property=\"og:title\" content=\"Claudia Sheinbaum renueva paquete contra la inflaci\u00f3n y establece la Canasta B\u00e1sica en $910 Pesos\u00a0 | Nexo Informativo Santiago de Quer\u00e9taro\" \/>\n<meta property=\"og:description\" content=\"Claudia Sheinbaum renueva paquete contra la inflaci\u00f3n y establece la Canasta B\u00e1sica en $910 Pesos\u00a0\" \/>\n<meta property=\"og:url\" content=\"https:\/\/www.nexoinformativo.mx\/index.php\/2024\/11\/13\/claudia-sheinbaum-renueva-paquete-contra-la-inflacion-y-establece-la-canasta-basica-en-910-pesos\/\" \/>\n<meta property=\"og:site_name\" content=\"Nexo Informativo Santiago de Quer\u00e9taro\" \/>\n<meta property=\"article:publisher\" content=\"https:\/\/www.facebook.com\/people\/Nexo-Informativo\/61564066885511\/\" \/>\n<meta property=\"article:published_time\" content=\"2024-11-13T14:00:48+00:00\" \/>\n<meta property=\"article:modified_time\" content=\"2024-11-13T15:18:45+00:00\" \/>\n<meta property=\"og:image\" content=\"https:\/\/www.nexoinformativo.mx\/wp-content\/uploads\/2024\/11\/IMG_7751-e1731511033449.jpg\" \/>\n\t<meta property=\"og:image:width\" content=\"800\" \/>\n\t<meta property=\"og:image:height\" content=\"527\" \/>\n\t<meta property=\"og:image:type\" content=\"image\/jpeg\" \/>\n<meta name=\"author\" content=\"Nexo Informativo\" \/>\n<meta name=\"twitter:card\" content=\"summary_large_image\" \/>\n<meta name=\"twitter:label1\" content=\"Escrito por\" \/>\n\t<meta name=\"twitter:data1\" content=\"Nexo Informativo\" \/>\n\t<meta name=\"twitter:label2\" content=\"Tiempo de lectura\" \/>\n\t<meta name=\"twitter:data2\" content=\"2 minutos\" \/>\n<script type=\"application\/ld+json\" class=\"yoast-schema-graph\">{\"@context\":\"https:\/\/schema.org\",\"@graph\":[{\"@type\":\"Article\",\"@id\":\"https:\/\/www.nexoinformativo.mx\/index.php\/2024\/11\/13\/claudia-sheinbaum-renueva-paquete-contra-la-inflacion-y-establece-la-canasta-basica-en-910-pesos\/#article\",\"isPartOf\":{\"@id\":\"https:\/\/www.nexoinformativo.mx\/index.php\/2024\/11\/13\/claudia-sheinbaum-renueva-paquete-contra-la-inflacion-y-establece-la-canasta-basica-en-910-pesos\/\"},\"author\":{\"name\":\"Nexo Informativo\",\"@id\":\"https:\/\/www.nexoinformativo.mx\/#\/schema\/person\/7749d380ba08c8ca00d7bc76fd907b7d\"},\"headline\":\"Claudia Sheinbaum renueva paquete contra la inflaci\u00f3n y establece la Canasta B\u00e1sica en $910 Pesos\u00a0\",\"datePublished\":\"2024-11-13T14:00:48+00:00\",\"dateModified\":\"2024-11-13T15:18:45+00:00\",\"mainEntityOfPage\":{\"@id\":\"https:\/\/www.nexoinformativo.mx\/index.php\/2024\/11\/13\/claudia-sheinbaum-renueva-paquete-contra-la-inflacion-y-establece-la-canasta-basica-en-910-pesos\/\"},\"wordCount\":312,\"commentCount\":0,\"publisher\":{\"@id\":\"https:\/\/www.nexoinformativo.mx\/#organization\"},\"image\":{\"@id\":\"https:\/\/www.nexoinformativo.mx\/index.php\/2024\/11\/13\/claudia-sheinbaum-renueva-paquete-contra-la-inflacion-y-establece-la-canasta-basica-en-910-pesos\/#primaryimage\"},\"thumbnailUrl\":\"https:\/\/www.nexoinformativo.mx\/wp-content\/uploads\/2024\/11\/IMG_7751-e1731511033449.jpg\",\"keywords\":[\"CanastaB\u00e1sica\",\"ClaudiaSheinbaum\",\"Inflaci\u00f3n\",\"Pacic\"],\"articleSection\":[\"Econom\u00eda\",\"Nacional\",\"\u00daltima Hora\"],\"inLanguage\":\"es\",\"potentialAction\":[{\"@type\":\"CommentAction\",\"name\":\"Comment\",\"target\":[\"https:\/\/www.nexoinformativo.mx\/index.php\/2024\/11\/13\/claudia-sheinbaum-renueva-paquete-contra-la-inflacion-y-establece-la-canasta-basica-en-910-pesos\/#respond\"]}]},{\"@type\":\"WebPage\",\"@id\":\"https:\/\/www.nexoinformativo.mx\/index.php\/2024\/11\/13\/claudia-sheinbaum-renueva-paquete-contra-la-inflacion-y-establece-la-canasta-basica-en-910-pesos\/\",\"url\":\"https:\/\/www.nexoinformativo.mx\/index.php\/2024\/11\/13\/claudia-sheinbaum-renueva-paquete-contra-la-inflacion-y-establece-la-canasta-basica-en-910-pesos\/\",\"name\":\"Claudia Sheinbaum renueva paquete contra la inflaci\u00f3n y establece la Canasta B\u00e1sica en $910 Pesos\u00a0 | Nexo Informativo Santiago de Quer\u00e9taro\",\"isPartOf\":{\"@id\":\"https:\/\/www.nexoinformativo.mx\/#website\"},\"primaryImageOfPage\":{\"@id\":\"https:\/\/www.nexoinformativo.mx\/index.php\/2024\/11\/13\/claudia-sheinbaum-renueva-paquete-contra-la-inflacion-y-establece-la-canasta-basica-en-910-pesos\/#primaryimage\"},\"image\":{\"@id\":\"https:\/\/www.nexoinformativo.mx\/index.php\/2024\/11\/13\/claudia-sheinbaum-renueva-paquete-contra-la-inflacion-y-establece-la-canasta-basica-en-910-pesos\/#primaryimage\"},\"thumbnailUrl\":\"https:\/\/www.nexoinformativo.mx\/wp-content\/uploads\/2024\/11\/IMG_7751-e1731511033449.jpg\",\"datePublished\":\"2024-11-13T14:00:48+00:00\",\"dateModified\":\"2024-11-13T15:18:45+00:00\",\"description\":\"Claudia Sheinbaum renueva paquete contra la inflaci\u00f3n y establece la Canasta B\u00e1sica en $910 Pesos\u00a0\",\"breadcrumb\":{\"@id\":\"https:\/\/www.nexoinformativo.mx\/index.php\/2024\/11\/13\/claudia-sheinbaum-renueva-paquete-contra-la-inflacion-y-establece-la-canasta-basica-en-910-pesos\/#breadcrumb\"},\"inLanguage\":\"es\",\"potentialAction\":[{\"@type\":\"ReadAction\",\"target\":[\"https:\/\/www.nexoinformativo.mx\/index.php\/2024\/11\/13\/claudia-sheinbaum-renueva-paquete-contra-la-inflacion-y-establece-la-canasta-basica-en-910-pesos\/\"]}]},{\"@type\":\"ImageObject\",\"inLanguage\":\"es\",\"@id\":\"https:\/\/www.nexoinformativo.mx\/index.php\/2024\/11\/13\/claudia-sheinbaum-renueva-paquete-contra-la-inflacion-y-establece-la-canasta-basica-en-910-pesos\/#primaryimage\",\"url\":\"https:\/\/www.nexoinformativo.mx\/wp-content\/uploads\/2024\/11\/IMG_7751-e1731511033449.jpg\",\"contentUrl\":\"https:\/\/www.nexoinformativo.mx\/wp-content\/uploads\/2024\/11\/IMG_7751-e1731511033449.jpg\",\"width\":800,\"height\":527,\"caption\":\"Screenshot\"},{\"@type\":\"BreadcrumbList\",\"@id\":\"https:\/\/www.nexoinformativo.mx\/index.php\/2024\/11\/13\/claudia-sheinbaum-renueva-paquete-contra-la-inflacion-y-establece-la-canasta-basica-en-910-pesos\/#breadcrumb\",\"itemListElement\":[{\"@type\":\"ListItem\",\"position\":1,\"name\":\"Inicio\",\"item\":\"https:\/\/www.nexoinformativo.mx\/\"},{\"@type\":\"ListItem\",\"position\":2,\"name\":\"Claudia Sheinbaum renueva paquete contra la inflaci\u00f3n y establece la Canasta B\u00e1sica en $910 Pesos\u00a0\"}]},{\"@type\":\"WebSite\",\"@id\":\"https:\/\/www.nexoinformativo.mx\/#website\",\"url\":\"https:\/\/www.nexoinformativo.mx\/\",\"name\":\"Nexo Informativo Santiago de Quer\u00e9taro\",\"description\":\"Explora NexoInformativo y convi\u00e9rtete en parte de una comunidad que valora el conocimiento y la verdad. Tu nexoinformativo es tu puente hacia una comprensi\u00f3n m\u00e1s profunda del mundo que te rodea.\",\"publisher\":{\"@id\":\"https:\/\/www.nexoinformativo.mx\/#organization\"},\"potentialAction\":[{\"@type\":\"SearchAction\",\"target\":{\"@type\":\"EntryPoint\",\"urlTemplate\":\"https:\/\/www.nexoinformativo.mx\/?s={search_term_string}\"},\"query-input\":{\"@type\":\"PropertyValueSpecification\",\"valueRequired\":true,\"valueName\":\"search_term_string\"}}],\"inLanguage\":\"es\"},{\"@type\":\"Organization\",\"@id\":\"https:\/\/www.nexoinformativo.mx\/#organization\",\"name\":\"Nexo Informativo Santiago de Quer\u00e9taro\",\"url\":\"https:\/\/www.nexoinformativo.mx\/\",\"logo\":{\"@type\":\"ImageObject\",\"inLanguage\":\"es\",\"@id\":\"https:\/\/www.nexoinformativo.mx\/#\/schema\/logo\/image\/\",\"url\":\"https:\/\/www.nexoinformativo.mx\/wp-content\/uploads\/2024\/07\/nexoi-trasparente-2.png\",\"contentUrl\":\"https:\/\/www.nexoinformativo.mx\/wp-content\/uploads\/2024\/07\/nexoi-trasparente-2.png\",\"width\":816,\"height\":339,\"caption\":\"Nexo Informativo Santiago de Quer\u00e9taro\"},\"image\":{\"@id\":\"https:\/\/www.nexoinformativo.mx\/#\/schema\/logo\/image\/\"},\"sameAs\":[\"https:\/\/www.facebook.com\/people\/Nexo-Informativo\/61564066885511\/\"]},{\"@type\":\"Person\",\"@id\":\"https:\/\/www.nexoinformativo.mx\/#\/schema\/person\/7749d380ba08c8ca00d7bc76fd907b7d\",\"name\":\"Nexo Informativo\",\"image\":{\"@type\":\"ImageObject\",\"inLanguage\":\"es\",\"@id\":\"https:\/\/www.nexoinformativo.mx\/#\/schema\/person\/image\/\",\"url\":\"https:\/\/secure.gravatar.com\/avatar\/dde2928154642a13d95f87ddf1ea9718fe2b46760a005c53e41ff5ad610704e6?s=96&d=mm&r=g\",\"contentUrl\":\"https:\/\/secure.gravatar.com\/avatar\/dde2928154642a13d95f87ddf1ea9718fe2b46760a005c53e41ff5ad610704e6?s=96&d=mm&r=g\",\"caption\":\"Nexo Informativo\"},\"url\":\"https:\/\/www.nexoinformativo.mx\/index.php\/author\/edicion\/\"}]}<\/script>\n<!-- \/ Yoast SEO plugin. -->","yoast_head_json":{"title":"Claudia Sheinbaum renueva paquete contra la inflaci\u00f3n y establece la Canasta B\u00e1sica en $910 Pesos\u00a0 | Nexo Informativo Santiago de Quer\u00e9taro","description":"Claudia Sheinbaum renueva paquete contra la inflaci\u00f3n y establece la Canasta B\u00e1sica en $910 Pesos\u00a0","robots":{"index":"index","follow":"follow","max-snippet":"max-snippet:-1","max-image-preview":"max-image-preview:large","max-video-preview":"max-video-preview:-1"},"canonical":"https:\/\/www.nexoinformativo.mx\/index.php\/2024\/11\/13\/claudia-sheinbaum-renueva-paquete-contra-la-inflacion-y-establece-la-canasta-basica-en-910-pesos\/","og_locale":"es_MX","og_type":"article","og_title":"Claudia Sheinbaum renueva paquete contra la inflaci\u00f3n y establece la Canasta B\u00e1sica en $910 Pesos\u00a0 | Nexo Informativo Santiago de Quer\u00e9taro","og_description":"Claudia Sheinbaum renueva paquete contra la inflaci\u00f3n y establece la Canasta B\u00e1sica en $910 Pesos\u00a0","og_url":"https:\/\/www.nexoinformativo.mx\/index.php\/2024\/11\/13\/claudia-sheinbaum-renueva-paquete-contra-la-inflacion-y-establece-la-canasta-basica-en-910-pesos\/","og_site_name":"Nexo Informativo Santiago de Quer\u00e9taro","article_publisher":"https:\/\/www.facebook.com\/people\/Nexo-Informativo\/61564066885511\/","article_published_time":"2024-11-13T14:00:48+00:00","article_modified_time":"2024-11-13T15:18:45+00:00","og_image":[{"width":800,"height":527,"url":"https:\/\/www.nexoinformativo.mx\/wp-content\/uploads\/2024\/11\/IMG_7751-e1731511033449.jpg","type":"image\/jpeg"}],"author":"Nexo Informativo","twitter_card":"summary_large_image","twitter_misc":{"Escrito por":"Nexo Informativo","Tiempo de lectura":"2 minutos"},"schema":{"@context":"https:\/\/schema.org","@graph":[{"@type":"Article","@id":"https:\/\/www.nexoinformativo.mx\/index.php\/2024\/11\/13\/claudia-sheinbaum-renueva-paquete-contra-la-inflacion-y-establece-la-canasta-basica-en-910-pesos\/#article","isPartOf":{"@id":"https:\/\/www.nexoinformativo.mx\/index.php\/2024\/11\/13\/claudia-sheinbaum-renueva-paquete-contra-la-inflacion-y-establece-la-canasta-basica-en-910-pesos\/"},"author":{"name":"Nexo Informativo","@id":"https:\/\/www.nexoinformativo.mx\/#\/schema\/person\/7749d380ba08c8ca00d7bc76fd907b7d"},"headline":"Claudia Sheinbaum renueva paquete contra la inflaci\u00f3n y establece la Canasta B\u00e1sica en $910 Pesos\u00a0","datePublished":"2024-11-13T14:00:48+00:00","dateModified":"2024-11-13T15:18:45+00:00","mainEntityOfPage":{"@id":"https:\/\/www.nexoinformativo.mx\/index.php\/2024\/11\/13\/claudia-sheinbaum-renueva-paquete-contra-la-inflacion-y-establece-la-canasta-basica-en-910-pesos\/"},"wordCount":312,"commentCount":0,"publisher":{"@id":"https:\/\/www.nexoinformativo.mx\/#organization"},"image":{"@id":"https:\/\/www.nexoinformativo.mx\/index.php\/2024\/11\/13\/claudia-sheinbaum-renueva-paquete-contra-la-inflacion-y-establece-la-canasta-basica-en-910-pesos\/#primaryimage"},"thumbnailUrl":"https:\/\/www.nexoinformativo.mx\/wp-content\/uploads\/2024\/11\/IMG_7751-e1731511033449.jpg","keywords":["CanastaB\u00e1sica","ClaudiaSheinbaum","Inflaci\u00f3n","Pacic"],"articleSection":["Econom\u00eda","Nacional","\u00daltima Hora"],"inLanguage":"es","potentialAction":[{"@type":"CommentAction","name":"Comment","target":["https:\/\/www.nexoinformativo.mx\/index.php\/2024\/11\/13\/claudia-sheinbaum-renueva-paquete-contra-la-inflacion-y-establece-la-canasta-basica-en-910-pesos\/#respond"]}]},{"@type":"WebPage","@id":"https:\/\/www.nexoinformativo.mx\/index.php\/2024\/11\/13\/claudia-sheinbaum-renueva-paquete-contra-la-inflacion-y-establece-la-canasta-basica-en-910-pesos\/","url":"https:\/\/www.nexoinformativo.mx\/index.php\/2024\/11\/13\/claudia-sheinbaum-renueva-paquete-contra-la-inflacion-y-establece-la-canasta-basica-en-910-pesos\/","name":"Claudia Sheinbaum renueva paquete contra la inflaci\u00f3n y establece la Canasta B\u00e1sica en $910 Pesos\u00a0 | Nexo Informativo Santiago de Quer\u00e9taro","isPartOf":{"@id":"https:\/\/www.nexoinformativo.mx\/#website"},"primaryImageOfPage":{"@id":"https:\/\/www.nexoinformativo.mx\/index.php\/2024\/11\/13\/claudia-sheinbaum-renueva-paquete-contra-la-inflacion-y-establece-la-canasta-basica-en-910-pesos\/#primaryimage"},"image":{"@id":"https:\/\/www.nexoinformativo.mx\/index.php\/2024\/11\/13\/claudia-sheinbaum-renueva-paquete-contra-la-inflacion-y-establece-la-canasta-basica-en-910-pesos\/#primaryimage"},"thumbnailUrl":"https:\/\/www.nexoinformativo.mx\/wp-content\/uploads\/2024\/11\/IMG_7751-e1731511033449.jpg","datePublished":"2024-11-13T14:00:48+00:00","dateModified":"2024-11-13T15:18:45+00:00","description":"Claudia Sheinbaum renueva paquete contra la inflaci\u00f3n y establece la Canasta B\u00e1sica en $910 Pesos\u00a0","breadcrumb":{"@id":"https:\/\/www.nexoinformativo.mx\/index.php\/2024\/11\/13\/claudia-sheinbaum-renueva-paquete-contra-la-inflacion-y-establece-la-canasta-basica-en-910-pesos\/#breadcrumb"},"inLanguage":"es","potentialAction":[{"@type":"ReadAction","target":["https:\/\/www.nexoinformativo.mx\/index.php\/2024\/11\/13\/claudia-sheinbaum-renueva-paquete-contra-la-inflacion-y-establece-la-canasta-basica-en-910-pesos\/"]}]},{"@type":"ImageObject","inLanguage":"es","@id":"https:\/\/www.nexoinformativo.mx\/index.php\/2024\/11\/13\/claudia-sheinbaum-renueva-paquete-contra-la-inflacion-y-establece-la-canasta-basica-en-910-pesos\/#primaryimage","url":"https:\/\/www.nexoinformativo.mx\/wp-content\/uploads\/2024\/11\/IMG_7751-e1731511033449.jpg","contentUrl":"https:\/\/www.nexoinformativo.mx\/wp-content\/uploads\/2024\/11\/IMG_7751-e1731511033449.jpg","width":800,"height":527,"caption":"Screenshot"},{"@type":"BreadcrumbList","@id":"https:\/\/www.nexoinformativo.mx\/index.php\/2024\/11\/13\/claudia-sheinbaum-renueva-paquete-contra-la-inflacion-y-establece-la-canasta-basica-en-910-pesos\/#breadcrumb","itemListElement":[{"@type":"ListItem","position":1,"name":"Inicio","item":"https:\/\/www.nexoinformativo.mx\/"},{"@type":"ListItem","position":2,"name":"Claudia Sheinbaum renueva paquete contra la inflaci\u00f3n y establece la Canasta B\u00e1sica en $910 Pesos\u00a0"}]},{"@type":"WebSite","@id":"https:\/\/www.nexoinformativo.mx\/#website","url":"https:\/\/www.nexoinformativo.mx\/","name":"Nexo Informativo Santiago de Quer\u00e9taro","description":"Explora NexoInformativo y convi\u00e9rtete en parte de una comunidad que valora el conocimiento y la verdad. Tu nexoinformativo es tu puente hacia una comprensi\u00f3n m\u00e1s profunda del mundo que te rodea.","publisher":{"@id":"https:\/\/www.nexoinformativo.mx\/#organization"},"potentialAction":[{"@type":"SearchAction","target":{"@type":"EntryPoint","urlTemplate":"https:\/\/www.nexoinformativo.mx\/?s={search_term_string}"},"query-input":{"@type":"PropertyValueSpecification","valueRequired":true,"valueName":"search_term_string"}}],"inLanguage":"es"},{"@type":"Organization","@id":"https:\/\/www.nexoinformativo.mx\/#organization","name":"Nexo Informativo Santiago de Quer\u00e9taro","url":"https:\/\/www.nexoinformativo.mx\/","logo":{"@type":"ImageObject","inLanguage":"es","@id":"https:\/\/www.nexoinformativo.mx\/#\/schema\/logo\/image\/","url":"https:\/\/www.nexoinformativo.mx\/wp-content\/uploads\/2024\/07\/nexoi-trasparente-2.png","contentUrl":"https:\/\/www.nexoinformativo.mx\/wp-content\/uploads\/2024\/07\/nexoi-trasparente-2.png","width":816,"height":339,"caption":"Nexo Informativo Santiago de Quer\u00e9taro"},"image":{"@id":"https:\/\/www.nexoinformativo.mx\/#\/schema\/logo\/image\/"},"sameAs":["https:\/\/www.facebook.com\/people\/Nexo-Informativo\/61564066885511\/"]},{"@type":"Person","@id":"https:\/\/www.nexoinformativo.mx\/#\/schema\/person\/7749d380ba08c8ca00d7bc76fd907b7d","name":"Nexo Informativo","image":{"@type":"ImageObject","inLanguage":"es","@id":"https:\/\/www.nexoinformativo.mx\/#\/schema\/person\/image\/","url":"https:\/\/secure.gravatar.com\/avatar\/dde2928154642a13d95f87ddf1ea9718fe2b46760a005c53e41ff5ad610704e6?s=96&d=mm&r=g","contentUrl":"https:\/\/secure.gravatar.com\/avatar\/dde2928154642a13d95f87ddf1ea9718fe2b46760a005c53e41ff5ad610704e6?s=96&d=mm&r=g","caption":"Nexo Informativo"},"url":"https:\/\/www.nexoinformativo.mx\/index.php\/author\/edicion\/"}]}},"_links":{"self":[{"href":"https:\/\/www.nexoinformativo.mx\/index.php\/wp-json\/wp\/v2\/posts\/5947","targetHints":{"allow":["GET"]}}],"collection":[{"href":"https:\/\/www.nexoinformativo.mx\/index.php\/wp-json\/wp\/v2\/posts"}],"about":[{"href":"https:\/\/www.nexoinformativo.mx\/index.php\/wp-json\/wp\/v2\/types\/post"}],"author":[{"embeddable":true,"href":"https:\/\/www.nexoinformativo.mx\/index.php\/wp-json\/wp\/v2\/users\/3"}],"replies":[{"embeddable":true,"href":"https:\/\/www.nexoinformativo.mx\/index.php\/wp-json\/wp\/v2\/comments?post=5947"}],"version-history":[{"count":4,"href":"https:\/\/www.nexoinformativo.mx\/index.php\/wp-json\/wp\/v2\/posts\/5947\/revisions"}],"predecessor-version":[{"id":5952,"href":"https:\/\/www.nexoinformativo.mx\/index.php\/wp-json\/wp\/v2\/posts\/5947\/revisions\/5952"}],"wp:featuredmedia":[{"embeddable":true,"href":"https:\/\/www.nexoinformativo.mx\/index.php\/wp-json\/wp\/v2\/media\/5948"}],"wp:attachment":[{"href":"https:\/\/www.nexoinformativo.mx\/index.php\/wp-json\/wp\/v2\/media?parent=5947"}],"wp:term":[{"taxonomy":"category","embeddable":true,"href":"https:\/\/www.nexoinformativo.mx\/index.php\/wp-json\/wp\/v2\/categories?post=5947"},{"taxonomy":"post_tag","embeddable":true,"href":"https:\/\/www.nexoinformativo.mx\/index.php\/wp-json\/wp\/v2\/tags?post=5947"}],"curies":[{"name":"wp","href":"https:\/\/api.w.org\/{rel}","templated":true}]}}