{"id":5969,"date":"2024-11-13T09:00:39","date_gmt":"2024-11-13T15:00:39","guid":{"rendered":"https:\/\/www.nexoinformativo.mx\/?p=5969"},"modified":"2024-11-13T09:33:47","modified_gmt":"2024-11-13T15:33:47","slug":"felifer-macias-reafirma-respaldo-al-personal-de-la-secretaria-de-seguridad-publica","status":"publish","type":"post","link":"https:\/\/www.nexoinformativo.mx\/index.php\/2024\/11\/13\/felifer-macias-reafirma-respaldo-al-personal-de-la-secretaria-de-seguridad-publica\/","title":{"rendered":"Felifer Mac\u00edas reafirma respaldo al personal de la Secretar\u00eda de Seguridad P\u00fablica"},"content":{"rendered":"<p style=\"text-align: justify;\">El presidente municipal de Quer\u00e9taro, Felifer Mac\u00edas, sostuvo una tercera reuni\u00f3n con el personal operativo, administrativo y de la l\u00ednea de emergencia 9-1-1 de la Secretar\u00eda de Seguridad P\u00fablica.<\/p>\n<p>&nbsp;<\/p>\n<p style=\"text-align: justify;\">Durante el encuentro, Mac\u00edas destac\u00f3 que se est\u00e1 realizando un an\u00e1lisis administrativo, jur\u00eddico y presupuestal para asegurar que la corporaci\u00f3n cuente con los recursos necesarios para desempe\u00f1ar su labor de manera eficiente y velar por la seguridad de las familias queretanas.<\/p>\n<p>&nbsp;<\/p>\n<p style=\"text-align: justify;\"><strong>\u201cSi tienen las herramientas que se necesitan, su trabajo se ver\u00e1 realizado con la gente\u201d,<\/strong> afirm\u00f3 Mac\u00edas, mostrando su empat\u00eda y respaldo al personal de la corporaci\u00f3n. Adem\u00e1s, destac\u00f3 la importancia de mejorar los recursos y condiciones de trabajo, reconociendo la labor de la Secretar\u00eda de Seguridad P\u00fablica en la protecci\u00f3n de la ciudad.<\/p>\n<p>&nbsp;<\/p>\n<p style=\"text-align: justify;\">En colaboraci\u00f3n con el secretario de Seguridad P\u00fablica, Juan Luis Ferrusca, Mac\u00edas inform\u00f3 sobre la habilitaci\u00f3n de dos rutas de transporte nocturno para el personal que termina tarde sus labores en la corporaci\u00f3n.<\/p>\n<p>&nbsp;<\/p>\n<p style=\"text-align: justify;\">Estas rutas, operativas desde hace diez d\u00edas, ya han proporcionado 144 servicios al personal que, debido a su horario, no ten\u00eda acceso al transporte p\u00fablico. Esta medida responde a una de las peticiones m\u00e1s reiteradas del personal de seguridad.<\/p>\n<p>&nbsp;<\/p>\n<p style=\"text-align: justify;\">El alcalde reconoci\u00f3 el esfuerzo de la Guardia Municipal y de la Secretar\u00eda de Seguridad P\u00fablica durante los recientes operativos, manifestando el orgullo y la satisfacci\u00f3n de estado, municipio y ciudadan\u00eda por la labor, respuesta y coordinaci\u00f3n en detenciones oportunas que han mantenido el clima de seguridad que caracteriza a la capital.<\/p>\n<p>&nbsp;<\/p>\n<p style=\"text-align: center;\"><em><strong>\u00a1Informaci\u00f3n que transforma!<\/strong><\/em><\/p>\n","protected":false},"excerpt":{"rendered":"<p>El presidente municipal de Quer\u00e9taro, Felifer Mac\u00edas, sostuvo una tercera reuni\u00f3n con el personal operativo, administrativo y de la l\u00ednea de emergencia 9-1-1 de la Secretar\u00eda de Seguridad P\u00fablica<\/p>\n","protected":false},"author":3,"featured_media":5970,"comment_status":"open","ping_status":"open","sticky":false,"template":"","format":"standard","meta":{"footnotes":""},"categories":[65,58],"tags":[1000,242,2032,266],"class_list":["post-5969","post","type-post","status-publish","format-standard","has-post-thumbnail","hentry","category-municipios","category-ultima-hora","tag-felifermacias","tag-queretaroseguro","tag-respaldopolicial","tag-seguridadqueretaro"],"yoast_head":"<!-- This site is optimized with the Yoast SEO plugin v25.0 - https:\/\/yoast.com\/wordpress\/plugins\/seo\/ -->\n<title>Felifer Mac\u00edas reafirma respaldo al personal de la Secretar\u00eda de Seguridad P\u00fablica | Nexo Informativo Santiago de Quer\u00e9taro<\/title>\n<meta name=\"description\" content=\"Felifer Mac\u00edas reafirma respaldo al personal de la Secretar\u00eda de Seguridad P\u00fablica\" \/>\n<meta name=\"robots\" content=\"index, follow, max-snippet:-1, max-image-preview:large, max-video-preview:-1\" \/>\n<link rel=\"canonical\" href=\"https:\/\/www.nexoinformativo.mx\/index.php\/2024\/11\/13\/felifer-macias-reafirma-respaldo-al-personal-de-la-secretaria-de-seguridad-publica\/\" \/>\n<meta property=\"og:locale\" content=\"es_MX\" \/>\n<meta property=\"og:type\" content=\"article\" \/>\n<meta property=\"og:title\" content=\"Felifer Mac\u00edas reafirma respaldo al personal de la Secretar\u00eda de Seguridad P\u00fablica | Nexo Informativo Santiago de Quer\u00e9taro\" \/>\n<meta property=\"og:description\" content=\"Felifer Mac\u00edas reafirma respaldo al personal de la Secretar\u00eda de Seguridad P\u00fablica\" \/>\n<meta property=\"og:url\" content=\"https:\/\/www.nexoinformativo.mx\/index.php\/2024\/11\/13\/felifer-macias-reafirma-respaldo-al-personal-de-la-secretaria-de-seguridad-publica\/\" \/>\n<meta property=\"og:site_name\" content=\"Nexo Informativo Santiago de Quer\u00e9taro\" \/>\n<meta property=\"article:publisher\" content=\"https:\/\/www.facebook.com\/people\/Nexo-Informativo\/61564066885511\/\" \/>\n<meta property=\"article:published_time\" content=\"2024-11-13T15:00:39+00:00\" \/>\n<meta property=\"article:modified_time\" content=\"2024-11-13T15:33:47+00:00\" \/>\n<meta property=\"og:image\" content=\"https:\/\/www.nexoinformativo.mx\/wp-content\/uploads\/2024\/11\/IMG_7753-e1731511936964.jpg\" \/>\n\t<meta property=\"og:image:width\" content=\"800\" \/>\n\t<meta property=\"og:image:height\" content=\"523\" \/>\n\t<meta property=\"og:image:type\" content=\"image\/jpeg\" \/>\n<meta name=\"author\" content=\"Nexo Informativo\" \/>\n<meta name=\"twitter:card\" content=\"summary_large_image\" \/>\n<meta name=\"twitter:label1\" content=\"Escrito por\" \/>\n\t<meta name=\"twitter:data1\" content=\"Nexo Informativo\" \/>\n\t<meta name=\"twitter:label2\" content=\"Tiempo de lectura\" \/>\n\t<meta name=\"twitter:data2\" content=\"2 minutos\" \/>\n<script type=\"application\/ld+json\" class=\"yoast-schema-graph\">{\"@context\":\"https:\/\/schema.org\",\"@graph\":[{\"@type\":\"Article\",\"@id\":\"https:\/\/www.nexoinformativo.mx\/index.php\/2024\/11\/13\/felifer-macias-reafirma-respaldo-al-personal-de-la-secretaria-de-seguridad-publica\/#article\",\"isPartOf\":{\"@id\":\"https:\/\/www.nexoinformativo.mx\/index.php\/2024\/11\/13\/felifer-macias-reafirma-respaldo-al-personal-de-la-secretaria-de-seguridad-publica\/\"},\"author\":{\"name\":\"Nexo Informativo\",\"@id\":\"https:\/\/www.nexoinformativo.mx\/#\/schema\/person\/7749d380ba08c8ca00d7bc76fd907b7d\"},\"headline\":\"Felifer Mac\u00edas reafirma respaldo al personal de la Secretar\u00eda de Seguridad P\u00fablica\",\"datePublished\":\"2024-11-13T15:00:39+00:00\",\"dateModified\":\"2024-11-13T15:33:47+00:00\",\"mainEntityOfPage\":{\"@id\":\"https:\/\/www.nexoinformativo.mx\/index.php\/2024\/11\/13\/felifer-macias-reafirma-respaldo-al-personal-de-la-secretaria-de-seguridad-publica\/\"},\"wordCount\":305,\"commentCount\":0,\"publisher\":{\"@id\":\"https:\/\/www.nexoinformativo.mx\/#organization\"},\"image\":{\"@id\":\"https:\/\/www.nexoinformativo.mx\/index.php\/2024\/11\/13\/felifer-macias-reafirma-respaldo-al-personal-de-la-secretaria-de-seguridad-publica\/#primaryimage\"},\"thumbnailUrl\":\"https:\/\/www.nexoinformativo.mx\/wp-content\/uploads\/2024\/11\/IMG_7753-e1731511936964.jpg\",\"keywords\":[\"FeliferMac\u00edas\",\"QueretaroSeguro\",\"RespaldoPolicial\",\"SeguridadQueretaro\"],\"articleSection\":[\"Municipios\",\"\u00daltima Hora\"],\"inLanguage\":\"es\",\"potentialAction\":[{\"@type\":\"CommentAction\",\"name\":\"Comment\",\"target\":[\"https:\/\/www.nexoinformativo.mx\/index.php\/2024\/11\/13\/felifer-macias-reafirma-respaldo-al-personal-de-la-secretaria-de-seguridad-publica\/#respond\"]}]},{\"@type\":\"WebPage\",\"@id\":\"https:\/\/www.nexoinformativo.mx\/index.php\/2024\/11\/13\/felifer-macias-reafirma-respaldo-al-personal-de-la-secretaria-de-seguridad-publica\/\",\"url\":\"https:\/\/www.nexoinformativo.mx\/index.php\/2024\/11\/13\/felifer-macias-reafirma-respaldo-al-personal-de-la-secretaria-de-seguridad-publica\/\",\"name\":\"Felifer Mac\u00edas reafirma respaldo al personal de la Secretar\u00eda de Seguridad P\u00fablica | Nexo Informativo Santiago de Quer\u00e9taro\",\"isPartOf\":{\"@id\":\"https:\/\/www.nexoinformativo.mx\/#website\"},\"primaryImageOfPage\":{\"@id\":\"https:\/\/www.nexoinformativo.mx\/index.php\/2024\/11\/13\/felifer-macias-reafirma-respaldo-al-personal-de-la-secretaria-de-seguridad-publica\/#primaryimage\"},\"image\":{\"@id\":\"https:\/\/www.nexoinformativo.mx\/index.php\/2024\/11\/13\/felifer-macias-reafirma-respaldo-al-personal-de-la-secretaria-de-seguridad-publica\/#primaryimage\"},\"thumbnailUrl\":\"https:\/\/www.nexoinformativo.mx\/wp-content\/uploads\/2024\/11\/IMG_7753-e1731511936964.jpg\",\"datePublished\":\"2024-11-13T15:00:39+00:00\",\"dateModified\":\"2024-11-13T15:33:47+00:00\",\"description\":\"Felifer Mac\u00edas reafirma respaldo al personal de la Secretar\u00eda de Seguridad P\u00fablica\",\"breadcrumb\":{\"@id\":\"https:\/\/www.nexoinformativo.mx\/index.php\/2024\/11\/13\/felifer-macias-reafirma-respaldo-al-personal-de-la-secretaria-de-seguridad-publica\/#breadcrumb\"},\"inLanguage\":\"es\",\"potentialAction\":[{\"@type\":\"ReadAction\",\"target\":[\"https:\/\/www.nexoinformativo.mx\/index.php\/2024\/11\/13\/felifer-macias-reafirma-respaldo-al-personal-de-la-secretaria-de-seguridad-publica\/\"]}]},{\"@type\":\"ImageObject\",\"inLanguage\":\"es\",\"@id\":\"https:\/\/www.nexoinformativo.mx\/index.php\/2024\/11\/13\/felifer-macias-reafirma-respaldo-al-personal-de-la-secretaria-de-seguridad-publica\/#primaryimage\",\"url\":\"https:\/\/www.nexoinformativo.mx\/wp-content\/uploads\/2024\/11\/IMG_7753-e1731511936964.jpg\",\"contentUrl\":\"https:\/\/www.nexoinformativo.mx\/wp-content\/uploads\/2024\/11\/IMG_7753-e1731511936964.jpg\",\"width\":800,\"height\":523,\"caption\":\"Screenshot\"},{\"@type\":\"BreadcrumbList\",\"@id\":\"https:\/\/www.nexoinformativo.mx\/index.php\/2024\/11\/13\/felifer-macias-reafirma-respaldo-al-personal-de-la-secretaria-de-seguridad-publica\/#breadcrumb\",\"itemListElement\":[{\"@type\":\"ListItem\",\"position\":1,\"name\":\"Inicio\",\"item\":\"https:\/\/www.nexoinformativo.mx\/\"},{\"@type\":\"ListItem\",\"position\":2,\"name\":\"Felifer Mac\u00edas reafirma respaldo al personal de la Secretar\u00eda de Seguridad P\u00fablica\"}]},{\"@type\":\"WebSite\",\"@id\":\"https:\/\/www.nexoinformativo.mx\/#website\",\"url\":\"https:\/\/www.nexoinformativo.mx\/\",\"name\":\"Nexo Informativo Santiago de Quer\u00e9taro\",\"description\":\"Explora NexoInformativo y convi\u00e9rtete en parte de una comunidad que valora el conocimiento y la verdad. Tu nexoinformativo es tu puente hacia una comprensi\u00f3n m\u00e1s profunda del mundo que te rodea.\",\"publisher\":{\"@id\":\"https:\/\/www.nexoinformativo.mx\/#organization\"},\"potentialAction\":[{\"@type\":\"SearchAction\",\"target\":{\"@type\":\"EntryPoint\",\"urlTemplate\":\"https:\/\/www.nexoinformativo.mx\/?s={search_term_string}\"},\"query-input\":{\"@type\":\"PropertyValueSpecification\",\"valueRequired\":true,\"valueName\":\"search_term_string\"}}],\"inLanguage\":\"es\"},{\"@type\":\"Organization\",\"@id\":\"https:\/\/www.nexoinformativo.mx\/#organization\",\"name\":\"Nexo Informativo Santiago de Quer\u00e9taro\",\"url\":\"https:\/\/www.nexoinformativo.mx\/\",\"logo\":{\"@type\":\"ImageObject\",\"inLanguage\":\"es\",\"@id\":\"https:\/\/www.nexoinformativo.mx\/#\/schema\/logo\/image\/\",\"url\":\"https:\/\/www.nexoinformativo.mx\/wp-content\/uploads\/2024\/07\/nexoi-trasparente-2.png\",\"contentUrl\":\"https:\/\/www.nexoinformativo.mx\/wp-content\/uploads\/2024\/07\/nexoi-trasparente-2.png\",\"width\":816,\"height\":339,\"caption\":\"Nexo Informativo Santiago de Quer\u00e9taro\"},\"image\":{\"@id\":\"https:\/\/www.nexoinformativo.mx\/#\/schema\/logo\/image\/\"},\"sameAs\":[\"https:\/\/www.facebook.com\/people\/Nexo-Informativo\/61564066885511\/\"]},{\"@type\":\"Person\",\"@id\":\"https:\/\/www.nexoinformativo.mx\/#\/schema\/person\/7749d380ba08c8ca00d7bc76fd907b7d\",\"name\":\"Nexo Informativo\",\"image\":{\"@type\":\"ImageObject\",\"inLanguage\":\"es\",\"@id\":\"https:\/\/www.nexoinformativo.mx\/#\/schema\/person\/image\/\",\"url\":\"https:\/\/secure.gravatar.com\/avatar\/dde2928154642a13d95f87ddf1ea9718fe2b46760a005c53e41ff5ad610704e6?s=96&d=mm&r=g\",\"contentUrl\":\"https:\/\/secure.gravatar.com\/avatar\/dde2928154642a13d95f87ddf1ea9718fe2b46760a005c53e41ff5ad610704e6?s=96&d=mm&r=g\",\"caption\":\"Nexo Informativo\"},\"url\":\"https:\/\/www.nexoinformativo.mx\/index.php\/author\/edicion\/\"}]}<\/script>\n<!-- \/ Yoast SEO plugin. -->","yoast_head_json":{"title":"Felifer Mac\u00edas reafirma respaldo al personal de la Secretar\u00eda de Seguridad P\u00fablica | Nexo Informativo Santiago de Quer\u00e9taro","description":"Felifer Mac\u00edas reafirma respaldo al personal de la Secretar\u00eda de Seguridad P\u00fablica","robots":{"index":"index","follow":"follow","max-snippet":"max-snippet:-1","max-image-preview":"max-image-preview:large","max-video-preview":"max-video-preview:-1"},"canonical":"https:\/\/www.nexoinformativo.mx\/index.php\/2024\/11\/13\/felifer-macias-reafirma-respaldo-al-personal-de-la-secretaria-de-seguridad-publica\/","og_locale":"es_MX","og_type":"article","og_title":"Felifer Mac\u00edas reafirma respaldo al personal de la Secretar\u00eda de Seguridad P\u00fablica | Nexo Informativo Santiago de Quer\u00e9taro","og_description":"Felifer Mac\u00edas reafirma respaldo al personal de la Secretar\u00eda de Seguridad P\u00fablica","og_url":"https:\/\/www.nexoinformativo.mx\/index.php\/2024\/11\/13\/felifer-macias-reafirma-respaldo-al-personal-de-la-secretaria-de-seguridad-publica\/","og_site_name":"Nexo Informativo Santiago de Quer\u00e9taro","article_publisher":"https:\/\/www.facebook.com\/people\/Nexo-Informativo\/61564066885511\/","article_published_time":"2024-11-13T15:00:39+00:00","article_modified_time":"2024-11-13T15:33:47+00:00","og_image":[{"width":800,"height":523,"url":"https:\/\/www.nexoinformativo.mx\/wp-content\/uploads\/2024\/11\/IMG_7753-e1731511936964.jpg","type":"image\/jpeg"}],"author":"Nexo Informativo","twitter_card":"summary_large_image","twitter_misc":{"Escrito por":"Nexo Informativo","Tiempo de lectura":"2 minutos"},"schema":{"@context":"https:\/\/schema.org","@graph":[{"@type":"Article","@id":"https:\/\/www.nexoinformativo.mx\/index.php\/2024\/11\/13\/felifer-macias-reafirma-respaldo-al-personal-de-la-secretaria-de-seguridad-publica\/#article","isPartOf":{"@id":"https:\/\/www.nexoinformativo.mx\/index.php\/2024\/11\/13\/felifer-macias-reafirma-respaldo-al-personal-de-la-secretaria-de-seguridad-publica\/"},"author":{"name":"Nexo Informativo","@id":"https:\/\/www.nexoinformativo.mx\/#\/schema\/person\/7749d380ba08c8ca00d7bc76fd907b7d"},"headline":"Felifer Mac\u00edas reafirma respaldo al personal de la Secretar\u00eda de Seguridad P\u00fablica","datePublished":"2024-11-13T15:00:39+00:00","dateModified":"2024-11-13T15:33:47+00:00","mainEntityOfPage":{"@id":"https:\/\/www.nexoinformativo.mx\/index.php\/2024\/11\/13\/felifer-macias-reafirma-respaldo-al-personal-de-la-secretaria-de-seguridad-publica\/"},"wordCount":305,"commentCount":0,"publisher":{"@id":"https:\/\/www.nexoinformativo.mx\/#organization"},"image":{"@id":"https:\/\/www.nexoinformativo.mx\/index.php\/2024\/11\/13\/felifer-macias-reafirma-respaldo-al-personal-de-la-secretaria-de-seguridad-publica\/#primaryimage"},"thumbnailUrl":"https:\/\/www.nexoinformativo.mx\/wp-content\/uploads\/2024\/11\/IMG_7753-e1731511936964.jpg","keywords":["FeliferMac\u00edas","QueretaroSeguro","RespaldoPolicial","SeguridadQueretaro"],"articleSection":["Municipios","\u00daltima Hora"],"inLanguage":"es","potentialAction":[{"@type":"CommentAction","name":"Comment","target":["https:\/\/www.nexoinformativo.mx\/index.php\/2024\/11\/13\/felifer-macias-reafirma-respaldo-al-personal-de-la-secretaria-de-seguridad-publica\/#respond"]}]},{"@type":"WebPage","@id":"https:\/\/www.nexoinformativo.mx\/index.php\/2024\/11\/13\/felifer-macias-reafirma-respaldo-al-personal-de-la-secretaria-de-seguridad-publica\/","url":"https:\/\/www.nexoinformativo.mx\/index.php\/2024\/11\/13\/felifer-macias-reafirma-respaldo-al-personal-de-la-secretaria-de-seguridad-publica\/","name":"Felifer Mac\u00edas reafirma respaldo al personal de la Secretar\u00eda de Seguridad P\u00fablica | Nexo Informativo Santiago de Quer\u00e9taro","isPartOf":{"@id":"https:\/\/www.nexoinformativo.mx\/#website"},"primaryImageOfPage":{"@id":"https:\/\/www.nexoinformativo.mx\/index.php\/2024\/11\/13\/felifer-macias-reafirma-respaldo-al-personal-de-la-secretaria-de-seguridad-publica\/#primaryimage"},"image":{"@id":"https:\/\/www.nexoinformativo.mx\/index.php\/2024\/11\/13\/felifer-macias-reafirma-respaldo-al-personal-de-la-secretaria-de-seguridad-publica\/#primaryimage"},"thumbnailUrl":"https:\/\/www.nexoinformativo.mx\/wp-content\/uploads\/2024\/11\/IMG_7753-e1731511936964.jpg","datePublished":"2024-11-13T15:00:39+00:00","dateModified":"2024-11-13T15:33:47+00:00","description":"Felifer Mac\u00edas reafirma respaldo al personal de la Secretar\u00eda de Seguridad P\u00fablica","breadcrumb":{"@id":"https:\/\/www.nexoinformativo.mx\/index.php\/2024\/11\/13\/felifer-macias-reafirma-respaldo-al-personal-de-la-secretaria-de-seguridad-publica\/#breadcrumb"},"inLanguage":"es","potentialAction":[{"@type":"ReadAction","target":["https:\/\/www.nexoinformativo.mx\/index.php\/2024\/11\/13\/felifer-macias-reafirma-respaldo-al-personal-de-la-secretaria-de-seguridad-publica\/"]}]},{"@type":"ImageObject","inLanguage":"es","@id":"https:\/\/www.nexoinformativo.mx\/index.php\/2024\/11\/13\/felifer-macias-reafirma-respaldo-al-personal-de-la-secretaria-de-seguridad-publica\/#primaryimage","url":"https:\/\/www.nexoinformativo.mx\/wp-content\/uploads\/2024\/11\/IMG_7753-e1731511936964.jpg","contentUrl":"https:\/\/www.nexoinformativo.mx\/wp-content\/uploads\/2024\/11\/IMG_7753-e1731511936964.jpg","width":800,"height":523,"caption":"Screenshot"},{"@type":"BreadcrumbList","@id":"https:\/\/www.nexoinformativo.mx\/index.php\/2024\/11\/13\/felifer-macias-reafirma-respaldo-al-personal-de-la-secretaria-de-seguridad-publica\/#breadcrumb","itemListElement":[{"@type":"ListItem","position":1,"name":"Inicio","item":"https:\/\/www.nexoinformativo.mx\/"},{"@type":"ListItem","position":2,"name":"Felifer Mac\u00edas reafirma respaldo al personal de la Secretar\u00eda de Seguridad P\u00fablica"}]},{"@type":"WebSite","@id":"https:\/\/www.nexoinformativo.mx\/#website","url":"https:\/\/www.nexoinformativo.mx\/","name":"Nexo Informativo Santiago de Quer\u00e9taro","description":"Explora NexoInformativo y convi\u00e9rtete en parte de una comunidad que valora el conocimiento y la verdad. Tu nexoinformativo es tu puente hacia una comprensi\u00f3n m\u00e1s profunda del mundo que te rodea.","publisher":{"@id":"https:\/\/www.nexoinformativo.mx\/#organization"},"potentialAction":[{"@type":"SearchAction","target":{"@type":"EntryPoint","urlTemplate":"https:\/\/www.nexoinformativo.mx\/?s={search_term_string}"},"query-input":{"@type":"PropertyValueSpecification","valueRequired":true,"valueName":"search_term_string"}}],"inLanguage":"es"},{"@type":"Organization","@id":"https:\/\/www.nexoinformativo.mx\/#organization","name":"Nexo Informativo Santiago de Quer\u00e9taro","url":"https:\/\/www.nexoinformativo.mx\/","logo":{"@type":"ImageObject","inLanguage":"es","@id":"https:\/\/www.nexoinformativo.mx\/#\/schema\/logo\/image\/","url":"https:\/\/www.nexoinformativo.mx\/wp-content\/uploads\/2024\/07\/nexoi-trasparente-2.png","contentUrl":"https:\/\/www.nexoinformativo.mx\/wp-content\/uploads\/2024\/07\/nexoi-trasparente-2.png","width":816,"height":339,"caption":"Nexo Informativo Santiago de Quer\u00e9taro"},"image":{"@id":"https:\/\/www.nexoinformativo.mx\/#\/schema\/logo\/image\/"},"sameAs":["https:\/\/www.facebook.com\/people\/Nexo-Informativo\/61564066885511\/"]},{"@type":"Person","@id":"https:\/\/www.nexoinformativo.mx\/#\/schema\/person\/7749d380ba08c8ca00d7bc76fd907b7d","name":"Nexo Informativo","image":{"@type":"ImageObject","inLanguage":"es","@id":"https:\/\/www.nexoinformativo.mx\/#\/schema\/person\/image\/","url":"https:\/\/secure.gravatar.com\/avatar\/dde2928154642a13d95f87ddf1ea9718fe2b46760a005c53e41ff5ad610704e6?s=96&d=mm&r=g","contentUrl":"https:\/\/secure.gravatar.com\/avatar\/dde2928154642a13d95f87ddf1ea9718fe2b46760a005c53e41ff5ad610704e6?s=96&d=mm&r=g","caption":"Nexo Informativo"},"url":"https:\/\/www.nexoinformativo.mx\/index.php\/author\/edicion\/"}]}},"_links":{"self":[{"href":"https:\/\/www.nexoinformativo.mx\/index.php\/wp-json\/wp\/v2\/posts\/5969","targetHints":{"allow":["GET"]}}],"collection":[{"href":"https:\/\/www.nexoinformativo.mx\/index.php\/wp-json\/wp\/v2\/posts"}],"about":[{"href":"https:\/\/www.nexoinformativo.mx\/index.php\/wp-json\/wp\/v2\/types\/post"}],"author":[{"embeddable":true,"href":"https:\/\/www.nexoinformativo.mx\/index.php\/wp-json\/wp\/v2\/users\/3"}],"replies":[{"embeddable":true,"href":"https:\/\/www.nexoinformativo.mx\/index.php\/wp-json\/wp\/v2\/comments?post=5969"}],"version-history":[{"count":3,"href":"https:\/\/www.nexoinformativo.mx\/index.php\/wp-json\/wp\/v2\/posts\/5969\/revisions"}],"predecessor-version":[{"id":5972,"href":"https:\/\/www.nexoinformativo.mx\/index.php\/wp-json\/wp\/v2\/posts\/5969\/revisions\/5972"}],"wp:featuredmedia":[{"embeddable":true,"href":"https:\/\/www.nexoinformativo.mx\/index.php\/wp-json\/wp\/v2\/media\/5970"}],"wp:attachment":[{"href":"https:\/\/www.nexoinformativo.mx\/index.php\/wp-json\/wp\/v2\/media?parent=5969"}],"wp:term":[{"taxonomy":"category","embeddable":true,"href":"https:\/\/www.nexoinformativo.mx\/index.php\/wp-json\/wp\/v2\/categories?post=5969"},{"taxonomy":"post_tag","embeddable":true,"href":"https:\/\/www.nexoinformativo.mx\/index.php\/wp-json\/wp\/v2\/tags?post=5969"}],"curies":[{"name":"wp","href":"https:\/\/api.w.org\/{rel}","templated":true}]}}