{"id":5974,"date":"2024-11-13T09:15:28","date_gmt":"2024-11-13T15:15:28","guid":{"rendered":"https:\/\/www.nexoinformativo.mx\/?p=5974"},"modified":"2024-11-13T10:25:19","modified_gmt":"2024-11-13T16:25:19","slug":"elon-musk-y-vivek-ramaswamy-lideraran-el-departamento-de-eficiencia-gubernamental-de-ee-uu","status":"publish","type":"post","link":"https:\/\/www.nexoinformativo.mx\/index.php\/2024\/11\/13\/elon-musk-y-vivek-ramaswamy-lideraran-el-departamento-de-eficiencia-gubernamental-de-ee-uu\/","title":{"rendered":"Elon Musk y Vivek Ramaswamy liderar\u00e1n el Departamento de Eficiencia Gubernamental de EE.UU"},"content":{"rendered":"<p style=\"text-align: justify;\">Elon Musk y Vivek Ramaswamy han sido designados para liderar el Departamento de Eficiencia Gubernamental <strong>(DOGE)<\/strong>, con el objetivo de desmantelar la burocracia gubernamental, reducir regulaciones excesivas, cortar gastos innecesarios y reestructurar agencias federales. Este esfuerzo es esencial para el movimiento <strong>&#8220;Save Am\u00e9rica&#8221;<\/strong>.<\/p>\n<p>&nbsp;<\/p>\n<p style=\"text-align: justify;\">Musk declar\u00f3 que esta iniciativa causar\u00e1 un gran impacto en el sistema y afectar\u00e1 a quienes est\u00e9n involucrados en el despilfarro gubernamental.<\/p>\n<p>&nbsp;<\/p>\n<p style=\"text-align: justify;\">El DOGE proporcionar\u00e1 asesoramiento y orientaci\u00f3n desde fuera del Gobierno, en colaboraci\u00f3n con la Casa Blanca y la Oficina de Gesti\u00f3n y Presupuesto, para llevar a cabo una reforma estructural a gran escala y crear un enfoque emprendedor en el Gobierno.<\/p>\n<p>&nbsp;<\/p>\n<p style=\"text-align: justify;\">El objetivo es eliminar el despilfarro y fraude en los 6.5 billones de d\u00f3lares que se gastan anualmente en el Gobierno, mejorando la eficiencia y la vida de todos los estadounidenses.<\/p>\n<p>&nbsp;<\/p>\n<p style=\"text-align: justify;\">Musk y Ramaswamy trabajar\u00e1n juntos para liberar la econom\u00eda y hacer que el Gobierno de los <a role=\"link\" href=\"https:\/\/ee.uu\/\" target=\"_blank\" rel=\"noopener noreferrer\" aria-label=\"https:\/\/EE.UU\">EE.UU. <\/a>rinda cuentas a &#8220;We the People&#8221;. Su trabajo concluir\u00e1 a m\u00e1s tardar el 4 de julio de 2026, coincidiendo con el 250\u00ba aniversario de la Declaraci\u00f3n de Independencia.<\/p>\n<p>&nbsp;<\/p>\n<p style=\"text-align: center;\"><em><strong>\u00a1Informaci\u00f3n que transforma!<\/strong><\/em><\/p>\n","protected":false},"excerpt":{"rendered":"<p>Elon Musk y Vivek Ramaswamy han sido designados para liderar el Departamento de Eficiencia Gubernamental (DOGE), con el objetivo de desmantelar la burocracia gubernamental, reducir regulaciones excesivas, cortar gastos innecesarios y reestructurar agencias federales.<\/p>\n","protected":false},"author":3,"featured_media":5975,"comment_status":"open","ping_status":"open","sticky":false,"template":"","format":"standard","meta":{"footnotes":""},"categories":[21,58],"tags":[2033,2034,2036,2035],"class_list":["post-5974","post","type-post","status-publish","format-standard","has-post-thumbnail","hentry","category-politica","category-ultima-hora","tag-eficienciagubernamental","tag-elonmusk","tag-reformaestructural","tag-vivekramaswamy"],"yoast_head":"<!-- This site is optimized with the Yoast SEO plugin v25.0 - https:\/\/yoast.com\/wordpress\/plugins\/seo\/ -->\n<title>Elon Musk y Vivek Ramaswamy liderar\u00e1n el Departamento de Eficiencia Gubernamental de EE.UU | Nexo Informativo Santiago de Quer\u00e9taro<\/title>\n<meta name=\"description\" content=\"Elon Musk y Vivek Ramaswamy liderar\u00e1n el Departamento de Eficiencia Gubernamental de EE.UU\" \/>\n<meta name=\"robots\" content=\"index, follow, max-snippet:-1, max-image-preview:large, max-video-preview:-1\" \/>\n<link rel=\"canonical\" href=\"https:\/\/www.nexoinformativo.mx\/index.php\/2024\/11\/13\/elon-musk-y-vivek-ramaswamy-lideraran-el-departamento-de-eficiencia-gubernamental-de-ee-uu\/\" \/>\n<meta property=\"og:locale\" content=\"es_MX\" \/>\n<meta property=\"og:type\" content=\"article\" \/>\n<meta property=\"og:title\" content=\"Elon Musk y Vivek Ramaswamy liderar\u00e1n el Departamento de Eficiencia Gubernamental de EE.UU | Nexo Informativo Santiago de Quer\u00e9taro\" \/>\n<meta property=\"og:description\" content=\"Elon Musk y Vivek Ramaswamy liderar\u00e1n el Departamento de Eficiencia Gubernamental de EE.UU\" \/>\n<meta property=\"og:url\" content=\"https:\/\/www.nexoinformativo.mx\/index.php\/2024\/11\/13\/elon-musk-y-vivek-ramaswamy-lideraran-el-departamento-de-eficiencia-gubernamental-de-ee-uu\/\" \/>\n<meta property=\"og:site_name\" content=\"Nexo Informativo Santiago de Quer\u00e9taro\" \/>\n<meta property=\"article:publisher\" content=\"https:\/\/www.facebook.com\/people\/Nexo-Informativo\/61564066885511\/\" \/>\n<meta property=\"article:published_time\" content=\"2024-11-13T15:15:28+00:00\" \/>\n<meta property=\"article:modified_time\" content=\"2024-11-13T16:25:19+00:00\" \/>\n<meta property=\"og:image\" content=\"https:\/\/www.nexoinformativo.mx\/wp-content\/uploads\/2024\/11\/PHOTO-2024-11-13-09-30-38.jpg\" \/>\n\t<meta property=\"og:image:width\" content=\"640\" \/>\n\t<meta property=\"og:image:height\" content=\"444\" \/>\n\t<meta property=\"og:image:type\" content=\"image\/jpeg\" \/>\n<meta name=\"author\" content=\"Nexo Informativo\" \/>\n<meta name=\"twitter:card\" content=\"summary_large_image\" \/>\n<meta name=\"twitter:label1\" content=\"Escrito por\" \/>\n\t<meta name=\"twitter:data1\" content=\"Nexo Informativo\" \/>\n\t<meta name=\"twitter:label2\" content=\"Tiempo de lectura\" \/>\n\t<meta name=\"twitter:data2\" content=\"2 minutos\" \/>\n<script type=\"application\/ld+json\" class=\"yoast-schema-graph\">{\"@context\":\"https:\/\/schema.org\",\"@graph\":[{\"@type\":\"Article\",\"@id\":\"https:\/\/www.nexoinformativo.mx\/index.php\/2024\/11\/13\/elon-musk-y-vivek-ramaswamy-lideraran-el-departamento-de-eficiencia-gubernamental-de-ee-uu\/#article\",\"isPartOf\":{\"@id\":\"https:\/\/www.nexoinformativo.mx\/index.php\/2024\/11\/13\/elon-musk-y-vivek-ramaswamy-lideraran-el-departamento-de-eficiencia-gubernamental-de-ee-uu\/\"},\"author\":{\"name\":\"Nexo Informativo\",\"@id\":\"https:\/\/www.nexoinformativo.mx\/#\/schema\/person\/7749d380ba08c8ca00d7bc76fd907b7d\"},\"headline\":\"Elon Musk y Vivek Ramaswamy liderar\u00e1n el Departamento de Eficiencia Gubernamental de EE.UU\",\"datePublished\":\"2024-11-13T15:15:28+00:00\",\"dateModified\":\"2024-11-13T16:25:19+00:00\",\"mainEntityOfPage\":{\"@id\":\"https:\/\/www.nexoinformativo.mx\/index.php\/2024\/11\/13\/elon-musk-y-vivek-ramaswamy-lideraran-el-departamento-de-eficiencia-gubernamental-de-ee-uu\/\"},\"wordCount\":213,\"commentCount\":0,\"publisher\":{\"@id\":\"https:\/\/www.nexoinformativo.mx\/#organization\"},\"image\":{\"@id\":\"https:\/\/www.nexoinformativo.mx\/index.php\/2024\/11\/13\/elon-musk-y-vivek-ramaswamy-lideraran-el-departamento-de-eficiencia-gubernamental-de-ee-uu\/#primaryimage\"},\"thumbnailUrl\":\"https:\/\/www.nexoinformativo.mx\/wp-content\/uploads\/2024\/11\/PHOTO-2024-11-13-09-30-38.jpg\",\"keywords\":[\"EficienciaGubernamental\",\"ElonMusk\",\"ReformaEstructural\",\"VivekRamaswamy\"],\"articleSection\":[\"Pol\u00edtica\",\"\u00daltima Hora\"],\"inLanguage\":\"es\",\"potentialAction\":[{\"@type\":\"CommentAction\",\"name\":\"Comment\",\"target\":[\"https:\/\/www.nexoinformativo.mx\/index.php\/2024\/11\/13\/elon-musk-y-vivek-ramaswamy-lideraran-el-departamento-de-eficiencia-gubernamental-de-ee-uu\/#respond\"]}]},{\"@type\":\"WebPage\",\"@id\":\"https:\/\/www.nexoinformativo.mx\/index.php\/2024\/11\/13\/elon-musk-y-vivek-ramaswamy-lideraran-el-departamento-de-eficiencia-gubernamental-de-ee-uu\/\",\"url\":\"https:\/\/www.nexoinformativo.mx\/index.php\/2024\/11\/13\/elon-musk-y-vivek-ramaswamy-lideraran-el-departamento-de-eficiencia-gubernamental-de-ee-uu\/\",\"name\":\"Elon Musk y Vivek Ramaswamy liderar\u00e1n el Departamento de Eficiencia Gubernamental de EE.UU | Nexo Informativo Santiago de Quer\u00e9taro\",\"isPartOf\":{\"@id\":\"https:\/\/www.nexoinformativo.mx\/#website\"},\"primaryImageOfPage\":{\"@id\":\"https:\/\/www.nexoinformativo.mx\/index.php\/2024\/11\/13\/elon-musk-y-vivek-ramaswamy-lideraran-el-departamento-de-eficiencia-gubernamental-de-ee-uu\/#primaryimage\"},\"image\":{\"@id\":\"https:\/\/www.nexoinformativo.mx\/index.php\/2024\/11\/13\/elon-musk-y-vivek-ramaswamy-lideraran-el-departamento-de-eficiencia-gubernamental-de-ee-uu\/#primaryimage\"},\"thumbnailUrl\":\"https:\/\/www.nexoinformativo.mx\/wp-content\/uploads\/2024\/11\/PHOTO-2024-11-13-09-30-38.jpg\",\"datePublished\":\"2024-11-13T15:15:28+00:00\",\"dateModified\":\"2024-11-13T16:25:19+00:00\",\"description\":\"Elon Musk y Vivek Ramaswamy liderar\u00e1n el Departamento de Eficiencia Gubernamental de EE.UU\",\"breadcrumb\":{\"@id\":\"https:\/\/www.nexoinformativo.mx\/index.php\/2024\/11\/13\/elon-musk-y-vivek-ramaswamy-lideraran-el-departamento-de-eficiencia-gubernamental-de-ee-uu\/#breadcrumb\"},\"inLanguage\":\"es\",\"potentialAction\":[{\"@type\":\"ReadAction\",\"target\":[\"https:\/\/www.nexoinformativo.mx\/index.php\/2024\/11\/13\/elon-musk-y-vivek-ramaswamy-lideraran-el-departamento-de-eficiencia-gubernamental-de-ee-uu\/\"]}]},{\"@type\":\"ImageObject\",\"inLanguage\":\"es\",\"@id\":\"https:\/\/www.nexoinformativo.mx\/index.php\/2024\/11\/13\/elon-musk-y-vivek-ramaswamy-lideraran-el-departamento-de-eficiencia-gubernamental-de-ee-uu\/#primaryimage\",\"url\":\"https:\/\/www.nexoinformativo.mx\/wp-content\/uploads\/2024\/11\/PHOTO-2024-11-13-09-30-38.jpg\",\"contentUrl\":\"https:\/\/www.nexoinformativo.mx\/wp-content\/uploads\/2024\/11\/PHOTO-2024-11-13-09-30-38.jpg\",\"width\":640,\"height\":444},{\"@type\":\"BreadcrumbList\",\"@id\":\"https:\/\/www.nexoinformativo.mx\/index.php\/2024\/11\/13\/elon-musk-y-vivek-ramaswamy-lideraran-el-departamento-de-eficiencia-gubernamental-de-ee-uu\/#breadcrumb\",\"itemListElement\":[{\"@type\":\"ListItem\",\"position\":1,\"name\":\"Inicio\",\"item\":\"https:\/\/www.nexoinformativo.mx\/\"},{\"@type\":\"ListItem\",\"position\":2,\"name\":\"Elon Musk y Vivek Ramaswamy liderar\u00e1n el Departamento de Eficiencia Gubernamental de EE.UU\"}]},{\"@type\":\"WebSite\",\"@id\":\"https:\/\/www.nexoinformativo.mx\/#website\",\"url\":\"https:\/\/www.nexoinformativo.mx\/\",\"name\":\"Nexo Informativo Santiago de Quer\u00e9taro\",\"description\":\"Explora NexoInformativo y convi\u00e9rtete en parte de una comunidad que valora el conocimiento y la verdad. Tu nexoinformativo es tu puente hacia una comprensi\u00f3n m\u00e1s profunda del mundo que te rodea.\",\"publisher\":{\"@id\":\"https:\/\/www.nexoinformativo.mx\/#organization\"},\"potentialAction\":[{\"@type\":\"SearchAction\",\"target\":{\"@type\":\"EntryPoint\",\"urlTemplate\":\"https:\/\/www.nexoinformativo.mx\/?s={search_term_string}\"},\"query-input\":{\"@type\":\"PropertyValueSpecification\",\"valueRequired\":true,\"valueName\":\"search_term_string\"}}],\"inLanguage\":\"es\"},{\"@type\":\"Organization\",\"@id\":\"https:\/\/www.nexoinformativo.mx\/#organization\",\"name\":\"Nexo Informativo Santiago de Quer\u00e9taro\",\"url\":\"https:\/\/www.nexoinformativo.mx\/\",\"logo\":{\"@type\":\"ImageObject\",\"inLanguage\":\"es\",\"@id\":\"https:\/\/www.nexoinformativo.mx\/#\/schema\/logo\/image\/\",\"url\":\"https:\/\/www.nexoinformativo.mx\/wp-content\/uploads\/2024\/07\/nexoi-trasparente-2.png\",\"contentUrl\":\"https:\/\/www.nexoinformativo.mx\/wp-content\/uploads\/2024\/07\/nexoi-trasparente-2.png\",\"width\":816,\"height\":339,\"caption\":\"Nexo Informativo Santiago de Quer\u00e9taro\"},\"image\":{\"@id\":\"https:\/\/www.nexoinformativo.mx\/#\/schema\/logo\/image\/\"},\"sameAs\":[\"https:\/\/www.facebook.com\/people\/Nexo-Informativo\/61564066885511\/\"]},{\"@type\":\"Person\",\"@id\":\"https:\/\/www.nexoinformativo.mx\/#\/schema\/person\/7749d380ba08c8ca00d7bc76fd907b7d\",\"name\":\"Nexo Informativo\",\"image\":{\"@type\":\"ImageObject\",\"inLanguage\":\"es\",\"@id\":\"https:\/\/www.nexoinformativo.mx\/#\/schema\/person\/image\/\",\"url\":\"https:\/\/secure.gravatar.com\/avatar\/dde2928154642a13d95f87ddf1ea9718fe2b46760a005c53e41ff5ad610704e6?s=96&d=mm&r=g\",\"contentUrl\":\"https:\/\/secure.gravatar.com\/avatar\/dde2928154642a13d95f87ddf1ea9718fe2b46760a005c53e41ff5ad610704e6?s=96&d=mm&r=g\",\"caption\":\"Nexo Informativo\"},\"url\":\"https:\/\/www.nexoinformativo.mx\/index.php\/author\/edicion\/\"}]}<\/script>\n<!-- \/ Yoast SEO plugin. -->","yoast_head_json":{"title":"Elon Musk y Vivek Ramaswamy liderar\u00e1n el Departamento de Eficiencia Gubernamental de EE.UU | Nexo Informativo Santiago de Quer\u00e9taro","description":"Elon Musk y Vivek Ramaswamy liderar\u00e1n el Departamento de Eficiencia Gubernamental de EE.UU","robots":{"index":"index","follow":"follow","max-snippet":"max-snippet:-1","max-image-preview":"max-image-preview:large","max-video-preview":"max-video-preview:-1"},"canonical":"https:\/\/www.nexoinformativo.mx\/index.php\/2024\/11\/13\/elon-musk-y-vivek-ramaswamy-lideraran-el-departamento-de-eficiencia-gubernamental-de-ee-uu\/","og_locale":"es_MX","og_type":"article","og_title":"Elon Musk y Vivek Ramaswamy liderar\u00e1n el Departamento de Eficiencia Gubernamental de EE.UU | Nexo Informativo Santiago de Quer\u00e9taro","og_description":"Elon Musk y Vivek Ramaswamy liderar\u00e1n el Departamento de Eficiencia Gubernamental de EE.UU","og_url":"https:\/\/www.nexoinformativo.mx\/index.php\/2024\/11\/13\/elon-musk-y-vivek-ramaswamy-lideraran-el-departamento-de-eficiencia-gubernamental-de-ee-uu\/","og_site_name":"Nexo Informativo Santiago de Quer\u00e9taro","article_publisher":"https:\/\/www.facebook.com\/people\/Nexo-Informativo\/61564066885511\/","article_published_time":"2024-11-13T15:15:28+00:00","article_modified_time":"2024-11-13T16:25:19+00:00","og_image":[{"width":640,"height":444,"url":"https:\/\/www.nexoinformativo.mx\/wp-content\/uploads\/2024\/11\/PHOTO-2024-11-13-09-30-38.jpg","type":"image\/jpeg"}],"author":"Nexo Informativo","twitter_card":"summary_large_image","twitter_misc":{"Escrito por":"Nexo Informativo","Tiempo de lectura":"2 minutos"},"schema":{"@context":"https:\/\/schema.org","@graph":[{"@type":"Article","@id":"https:\/\/www.nexoinformativo.mx\/index.php\/2024\/11\/13\/elon-musk-y-vivek-ramaswamy-lideraran-el-departamento-de-eficiencia-gubernamental-de-ee-uu\/#article","isPartOf":{"@id":"https:\/\/www.nexoinformativo.mx\/index.php\/2024\/11\/13\/elon-musk-y-vivek-ramaswamy-lideraran-el-departamento-de-eficiencia-gubernamental-de-ee-uu\/"},"author":{"name":"Nexo Informativo","@id":"https:\/\/www.nexoinformativo.mx\/#\/schema\/person\/7749d380ba08c8ca00d7bc76fd907b7d"},"headline":"Elon Musk y Vivek Ramaswamy liderar\u00e1n el Departamento de Eficiencia Gubernamental de EE.UU","datePublished":"2024-11-13T15:15:28+00:00","dateModified":"2024-11-13T16:25:19+00:00","mainEntityOfPage":{"@id":"https:\/\/www.nexoinformativo.mx\/index.php\/2024\/11\/13\/elon-musk-y-vivek-ramaswamy-lideraran-el-departamento-de-eficiencia-gubernamental-de-ee-uu\/"},"wordCount":213,"commentCount":0,"publisher":{"@id":"https:\/\/www.nexoinformativo.mx\/#organization"},"image":{"@id":"https:\/\/www.nexoinformativo.mx\/index.php\/2024\/11\/13\/elon-musk-y-vivek-ramaswamy-lideraran-el-departamento-de-eficiencia-gubernamental-de-ee-uu\/#primaryimage"},"thumbnailUrl":"https:\/\/www.nexoinformativo.mx\/wp-content\/uploads\/2024\/11\/PHOTO-2024-11-13-09-30-38.jpg","keywords":["EficienciaGubernamental","ElonMusk","ReformaEstructural","VivekRamaswamy"],"articleSection":["Pol\u00edtica","\u00daltima Hora"],"inLanguage":"es","potentialAction":[{"@type":"CommentAction","name":"Comment","target":["https:\/\/www.nexoinformativo.mx\/index.php\/2024\/11\/13\/elon-musk-y-vivek-ramaswamy-lideraran-el-departamento-de-eficiencia-gubernamental-de-ee-uu\/#respond"]}]},{"@type":"WebPage","@id":"https:\/\/www.nexoinformativo.mx\/index.php\/2024\/11\/13\/elon-musk-y-vivek-ramaswamy-lideraran-el-departamento-de-eficiencia-gubernamental-de-ee-uu\/","url":"https:\/\/www.nexoinformativo.mx\/index.php\/2024\/11\/13\/elon-musk-y-vivek-ramaswamy-lideraran-el-departamento-de-eficiencia-gubernamental-de-ee-uu\/","name":"Elon Musk y Vivek Ramaswamy liderar\u00e1n el Departamento de Eficiencia Gubernamental de EE.UU | Nexo Informativo Santiago de Quer\u00e9taro","isPartOf":{"@id":"https:\/\/www.nexoinformativo.mx\/#website"},"primaryImageOfPage":{"@id":"https:\/\/www.nexoinformativo.mx\/index.php\/2024\/11\/13\/elon-musk-y-vivek-ramaswamy-lideraran-el-departamento-de-eficiencia-gubernamental-de-ee-uu\/#primaryimage"},"image":{"@id":"https:\/\/www.nexoinformativo.mx\/index.php\/2024\/11\/13\/elon-musk-y-vivek-ramaswamy-lideraran-el-departamento-de-eficiencia-gubernamental-de-ee-uu\/#primaryimage"},"thumbnailUrl":"https:\/\/www.nexoinformativo.mx\/wp-content\/uploads\/2024\/11\/PHOTO-2024-11-13-09-30-38.jpg","datePublished":"2024-11-13T15:15:28+00:00","dateModified":"2024-11-13T16:25:19+00:00","description":"Elon Musk y Vivek Ramaswamy liderar\u00e1n el Departamento de Eficiencia Gubernamental de EE.UU","breadcrumb":{"@id":"https:\/\/www.nexoinformativo.mx\/index.php\/2024\/11\/13\/elon-musk-y-vivek-ramaswamy-lideraran-el-departamento-de-eficiencia-gubernamental-de-ee-uu\/#breadcrumb"},"inLanguage":"es","potentialAction":[{"@type":"ReadAction","target":["https:\/\/www.nexoinformativo.mx\/index.php\/2024\/11\/13\/elon-musk-y-vivek-ramaswamy-lideraran-el-departamento-de-eficiencia-gubernamental-de-ee-uu\/"]}]},{"@type":"ImageObject","inLanguage":"es","@id":"https:\/\/www.nexoinformativo.mx\/index.php\/2024\/11\/13\/elon-musk-y-vivek-ramaswamy-lideraran-el-departamento-de-eficiencia-gubernamental-de-ee-uu\/#primaryimage","url":"https:\/\/www.nexoinformativo.mx\/wp-content\/uploads\/2024\/11\/PHOTO-2024-11-13-09-30-38.jpg","contentUrl":"https:\/\/www.nexoinformativo.mx\/wp-content\/uploads\/2024\/11\/PHOTO-2024-11-13-09-30-38.jpg","width":640,"height":444},{"@type":"BreadcrumbList","@id":"https:\/\/www.nexoinformativo.mx\/index.php\/2024\/11\/13\/elon-musk-y-vivek-ramaswamy-lideraran-el-departamento-de-eficiencia-gubernamental-de-ee-uu\/#breadcrumb","itemListElement":[{"@type":"ListItem","position":1,"name":"Inicio","item":"https:\/\/www.nexoinformativo.mx\/"},{"@type":"ListItem","position":2,"name":"Elon Musk y Vivek Ramaswamy liderar\u00e1n el Departamento de Eficiencia Gubernamental de EE.UU"}]},{"@type":"WebSite","@id":"https:\/\/www.nexoinformativo.mx\/#website","url":"https:\/\/www.nexoinformativo.mx\/","name":"Nexo Informativo Santiago de Quer\u00e9taro","description":"Explora NexoInformativo y convi\u00e9rtete en parte de una comunidad que valora el conocimiento y la verdad. Tu nexoinformativo es tu puente hacia una comprensi\u00f3n m\u00e1s profunda del mundo que te rodea.","publisher":{"@id":"https:\/\/www.nexoinformativo.mx\/#organization"},"potentialAction":[{"@type":"SearchAction","target":{"@type":"EntryPoint","urlTemplate":"https:\/\/www.nexoinformativo.mx\/?s={search_term_string}"},"query-input":{"@type":"PropertyValueSpecification","valueRequired":true,"valueName":"search_term_string"}}],"inLanguage":"es"},{"@type":"Organization","@id":"https:\/\/www.nexoinformativo.mx\/#organization","name":"Nexo Informativo Santiago de Quer\u00e9taro","url":"https:\/\/www.nexoinformativo.mx\/","logo":{"@type":"ImageObject","inLanguage":"es","@id":"https:\/\/www.nexoinformativo.mx\/#\/schema\/logo\/image\/","url":"https:\/\/www.nexoinformativo.mx\/wp-content\/uploads\/2024\/07\/nexoi-trasparente-2.png","contentUrl":"https:\/\/www.nexoinformativo.mx\/wp-content\/uploads\/2024\/07\/nexoi-trasparente-2.png","width":816,"height":339,"caption":"Nexo Informativo Santiago de Quer\u00e9taro"},"image":{"@id":"https:\/\/www.nexoinformativo.mx\/#\/schema\/logo\/image\/"},"sameAs":["https:\/\/www.facebook.com\/people\/Nexo-Informativo\/61564066885511\/"]},{"@type":"Person","@id":"https:\/\/www.nexoinformativo.mx\/#\/schema\/person\/7749d380ba08c8ca00d7bc76fd907b7d","name":"Nexo Informativo","image":{"@type":"ImageObject","inLanguage":"es","@id":"https:\/\/www.nexoinformativo.mx\/#\/schema\/person\/image\/","url":"https:\/\/secure.gravatar.com\/avatar\/dde2928154642a13d95f87ddf1ea9718fe2b46760a005c53e41ff5ad610704e6?s=96&d=mm&r=g","contentUrl":"https:\/\/secure.gravatar.com\/avatar\/dde2928154642a13d95f87ddf1ea9718fe2b46760a005c53e41ff5ad610704e6?s=96&d=mm&r=g","caption":"Nexo Informativo"},"url":"https:\/\/www.nexoinformativo.mx\/index.php\/author\/edicion\/"}]}},"_links":{"self":[{"href":"https:\/\/www.nexoinformativo.mx\/index.php\/wp-json\/wp\/v2\/posts\/5974","targetHints":{"allow":["GET"]}}],"collection":[{"href":"https:\/\/www.nexoinformativo.mx\/index.php\/wp-json\/wp\/v2\/posts"}],"about":[{"href":"https:\/\/www.nexoinformativo.mx\/index.php\/wp-json\/wp\/v2\/types\/post"}],"author":[{"embeddable":true,"href":"https:\/\/www.nexoinformativo.mx\/index.php\/wp-json\/wp\/v2\/users\/3"}],"replies":[{"embeddable":true,"href":"https:\/\/www.nexoinformativo.mx\/index.php\/wp-json\/wp\/v2\/comments?post=5974"}],"version-history":[{"count":5,"href":"https:\/\/www.nexoinformativo.mx\/index.php\/wp-json\/wp\/v2\/posts\/5974\/revisions"}],"predecessor-version":[{"id":5979,"href":"https:\/\/www.nexoinformativo.mx\/index.php\/wp-json\/wp\/v2\/posts\/5974\/revisions\/5979"}],"wp:featuredmedia":[{"embeddable":true,"href":"https:\/\/www.nexoinformativo.mx\/index.php\/wp-json\/wp\/v2\/media\/5975"}],"wp:attachment":[{"href":"https:\/\/www.nexoinformativo.mx\/index.php\/wp-json\/wp\/v2\/media?parent=5974"}],"wp:term":[{"taxonomy":"category","embeddable":true,"href":"https:\/\/www.nexoinformativo.mx\/index.php\/wp-json\/wp\/v2\/categories?post=5974"},{"taxonomy":"post_tag","embeddable":true,"href":"https:\/\/www.nexoinformativo.mx\/index.php\/wp-json\/wp\/v2\/tags?post=5974"}],"curies":[{"name":"wp","href":"https:\/\/api.w.org\/{rel}","templated":true}]}}