{"id":5981,"date":"2024-11-13T11:00:38","date_gmt":"2024-11-13T17:00:38","guid":{"rendered":"https:\/\/www.nexoinformativo.mx\/?p=5981"},"modified":"2024-11-13T12:07:21","modified_gmt":"2024-11-13T18:07:21","slug":"chepe-guerrero-continuan-operativos-en-limites-de-queretaro-y-guanajuato","status":"publish","type":"post","link":"https:\/\/www.nexoinformativo.mx\/index.php\/2024\/11\/13\/chepe-guerrero-continuan-operativos-en-limites-de-queretaro-y-guanajuato\/","title":{"rendered":"Chepe Guerrero: Contin\u00faan operativos en l\u00edmites de Quer\u00e9taro y Guanajuato"},"content":{"rendered":"<p style=\"text-align: justify;\">El presidente municipal de Corregidora, Josu\u00e9 Guerrero asegur\u00f3 que se mantienen los operativos en la zona lim\u00edtrofe con Guanajuato tras los hechos violentos registrados el pasado fin de semana en el bar <strong>\u201cLos Cantaritos\u201d<\/strong>.<\/p>\n<p>&nbsp;<\/p>\n<p style=\"text-align: justify;\">Chepe Guerrero explic\u00f3 que se mantiene una comunicaci\u00f3n constante con los alcaldes de Guanajuato, la polic\u00eda estatal y autoridades federales para coordinar acciones de seguridad.<\/p>\n<p>&nbsp;<\/p>\n<p style=\"text-align: justify;\">Guerrero Tr\u00e1pala destac\u00f3 que se cuenta con un sistema de rondines de vigilancia policial permanente en las colonias y comunidades, especialmente en aquellas que est\u00e1n en los l\u00edmites y representan un mayor riesgo. Hasta el momento, no ha sido necesario incrementar o realizar un operativo especial en este sentido.<\/p>\n<p>&nbsp;<\/p>\n<p style=\"text-align: justify;\">Aunque no descarta la creaci\u00f3n de una polic\u00eda metropolitana, Guerrero afirm\u00f3 que actualmente no es necesaria debido a la confianza en los mandos policiacos de los municipios. \u201c<strong>Conf\u00edo plenamente en la polic\u00eda de Corregidora, tengo una buena polic\u00eda\u201d<\/strong>, se\u00f1al\u00f3.<\/p>\n<p>&nbsp;<\/p>\n<p style=\"text-align: justify;\">El presidente municipal reafirm\u00f3 su compromiso con la seguridad de los ciudadanos y la importancia de la coordinaci\u00f3n entre los distintos niveles de gobierno para mantener la paz y tranquilidad en la regi\u00f3n.<\/p>\n<p>&nbsp;<\/p>\n<p style=\"text-align: center;\"><em><strong>\u00a1Informaci\u00f3n que transforma!<\/strong><\/em><\/p>\n","protected":false},"excerpt":{"rendered":"<p>El presidente municipal de Corregidora, Josu\u00e9 Guerrero asegur\u00f3 que se mantienen los operativos en la zona lim\u00edtrofe con Guanajuato tras los hechos violentos registrados el pasado fin de semana en el bar \u201cLos Cantaritos\u201d.<\/p>\n","protected":false},"author":3,"featured_media":5982,"comment_status":"open","ping_status":"open","sticky":false,"template":"","format":"standard","meta":{"footnotes":""},"categories":[65,58],"tags":[237,2037,920,2038],"class_list":["post-5981","post","type-post","status-publish","format-standard","has-post-thumbnail","hentry","category-municipios","category-ultima-hora","tag-chepeguerrero","tag-coordinacionpolicial","tag-seguridadcorregidora","tag-vigilanciapermanente"],"yoast_head":"<!-- This site is optimized with the Yoast SEO plugin v25.0 - https:\/\/yoast.com\/wordpress\/plugins\/seo\/ -->\n<title>Chepe Guerrero: Contin\u00faan operativos en l\u00edmites de Quer\u00e9taro y Guanajuato | Nexo Informativo Santiago de Quer\u00e9taro<\/title>\n<meta name=\"description\" content=\"Chepe Guerrero: Contin\u00faan operativos en l\u00edmites de Quer\u00e9taro y Guanajuato\" \/>\n<meta name=\"robots\" content=\"index, follow, max-snippet:-1, max-image-preview:large, max-video-preview:-1\" \/>\n<link rel=\"canonical\" href=\"https:\/\/www.nexoinformativo.mx\/index.php\/2024\/11\/13\/chepe-guerrero-continuan-operativos-en-limites-de-queretaro-y-guanajuato\/\" \/>\n<meta property=\"og:locale\" content=\"es_MX\" \/>\n<meta property=\"og:type\" content=\"article\" \/>\n<meta property=\"og:title\" content=\"Chepe Guerrero: Contin\u00faan operativos en l\u00edmites de Quer\u00e9taro y Guanajuato | Nexo Informativo Santiago de Quer\u00e9taro\" \/>\n<meta property=\"og:description\" content=\"Chepe Guerrero: Contin\u00faan operativos en l\u00edmites de Quer\u00e9taro y Guanajuato\" \/>\n<meta property=\"og:url\" content=\"https:\/\/www.nexoinformativo.mx\/index.php\/2024\/11\/13\/chepe-guerrero-continuan-operativos-en-limites-de-queretaro-y-guanajuato\/\" \/>\n<meta property=\"og:site_name\" content=\"Nexo Informativo Santiago de Quer\u00e9taro\" \/>\n<meta property=\"article:publisher\" content=\"https:\/\/www.facebook.com\/people\/Nexo-Informativo\/61564066885511\/\" \/>\n<meta property=\"article:published_time\" content=\"2024-11-13T17:00:38+00:00\" \/>\n<meta property=\"article:modified_time\" content=\"2024-11-13T18:07:21+00:00\" \/>\n<meta property=\"og:image\" content=\"https:\/\/www.nexoinformativo.mx\/wp-content\/uploads\/2024\/11\/PHOTO-2024-11-13-11-17-06-e1731521171852.jpg\" \/>\n\t<meta property=\"og:image:width\" content=\"800\" \/>\n\t<meta property=\"og:image:height\" content=\"600\" \/>\n\t<meta property=\"og:image:type\" content=\"image\/jpeg\" \/>\n<meta name=\"author\" content=\"Nexo Informativo\" \/>\n<meta name=\"twitter:card\" content=\"summary_large_image\" \/>\n<meta name=\"twitter:label1\" content=\"Escrito por\" \/>\n\t<meta name=\"twitter:data1\" content=\"Nexo Informativo\" \/>\n\t<meta name=\"twitter:label2\" content=\"Tiempo de lectura\" \/>\n\t<meta name=\"twitter:data2\" content=\"2 minutos\" \/>\n<script type=\"application\/ld+json\" class=\"yoast-schema-graph\">{\"@context\":\"https:\/\/schema.org\",\"@graph\":[{\"@type\":\"Article\",\"@id\":\"https:\/\/www.nexoinformativo.mx\/index.php\/2024\/11\/13\/chepe-guerrero-continuan-operativos-en-limites-de-queretaro-y-guanajuato\/#article\",\"isPartOf\":{\"@id\":\"https:\/\/www.nexoinformativo.mx\/index.php\/2024\/11\/13\/chepe-guerrero-continuan-operativos-en-limites-de-queretaro-y-guanajuato\/\"},\"author\":{\"name\":\"Nexo Informativo\",\"@id\":\"https:\/\/www.nexoinformativo.mx\/#\/schema\/person\/7749d380ba08c8ca00d7bc76fd907b7d\"},\"headline\":\"Chepe Guerrero: Contin\u00faan operativos en l\u00edmites de Quer\u00e9taro y Guanajuato\",\"datePublished\":\"2024-11-13T17:00:38+00:00\",\"dateModified\":\"2024-11-13T18:07:21+00:00\",\"mainEntityOfPage\":{\"@id\":\"https:\/\/www.nexoinformativo.mx\/index.php\/2024\/11\/13\/chepe-guerrero-continuan-operativos-en-limites-de-queretaro-y-guanajuato\/\"},\"wordCount\":216,\"commentCount\":0,\"publisher\":{\"@id\":\"https:\/\/www.nexoinformativo.mx\/#organization\"},\"image\":{\"@id\":\"https:\/\/www.nexoinformativo.mx\/index.php\/2024\/11\/13\/chepe-guerrero-continuan-operativos-en-limites-de-queretaro-y-guanajuato\/#primaryimage\"},\"thumbnailUrl\":\"https:\/\/www.nexoinformativo.mx\/wp-content\/uploads\/2024\/11\/PHOTO-2024-11-13-11-17-06-e1731521171852.jpg\",\"keywords\":[\"ChepeGuerrero\",\"Coordinaci\u00f3nPolicial\",\"SeguridadCorregidora\",\"VigilanciaPermanente\"],\"articleSection\":[\"Municipios\",\"\u00daltima Hora\"],\"inLanguage\":\"es\",\"potentialAction\":[{\"@type\":\"CommentAction\",\"name\":\"Comment\",\"target\":[\"https:\/\/www.nexoinformativo.mx\/index.php\/2024\/11\/13\/chepe-guerrero-continuan-operativos-en-limites-de-queretaro-y-guanajuato\/#respond\"]}]},{\"@type\":\"WebPage\",\"@id\":\"https:\/\/www.nexoinformativo.mx\/index.php\/2024\/11\/13\/chepe-guerrero-continuan-operativos-en-limites-de-queretaro-y-guanajuato\/\",\"url\":\"https:\/\/www.nexoinformativo.mx\/index.php\/2024\/11\/13\/chepe-guerrero-continuan-operativos-en-limites-de-queretaro-y-guanajuato\/\",\"name\":\"Chepe Guerrero: Contin\u00faan operativos en l\u00edmites de Quer\u00e9taro y Guanajuato | Nexo Informativo Santiago de Quer\u00e9taro\",\"isPartOf\":{\"@id\":\"https:\/\/www.nexoinformativo.mx\/#website\"},\"primaryImageOfPage\":{\"@id\":\"https:\/\/www.nexoinformativo.mx\/index.php\/2024\/11\/13\/chepe-guerrero-continuan-operativos-en-limites-de-queretaro-y-guanajuato\/#primaryimage\"},\"image\":{\"@id\":\"https:\/\/www.nexoinformativo.mx\/index.php\/2024\/11\/13\/chepe-guerrero-continuan-operativos-en-limites-de-queretaro-y-guanajuato\/#primaryimage\"},\"thumbnailUrl\":\"https:\/\/www.nexoinformativo.mx\/wp-content\/uploads\/2024\/11\/PHOTO-2024-11-13-11-17-06-e1731521171852.jpg\",\"datePublished\":\"2024-11-13T17:00:38+00:00\",\"dateModified\":\"2024-11-13T18:07:21+00:00\",\"description\":\"Chepe Guerrero: Contin\u00faan operativos en l\u00edmites de Quer\u00e9taro y Guanajuato\",\"breadcrumb\":{\"@id\":\"https:\/\/www.nexoinformativo.mx\/index.php\/2024\/11\/13\/chepe-guerrero-continuan-operativos-en-limites-de-queretaro-y-guanajuato\/#breadcrumb\"},\"inLanguage\":\"es\",\"potentialAction\":[{\"@type\":\"ReadAction\",\"target\":[\"https:\/\/www.nexoinformativo.mx\/index.php\/2024\/11\/13\/chepe-guerrero-continuan-operativos-en-limites-de-queretaro-y-guanajuato\/\"]}]},{\"@type\":\"ImageObject\",\"inLanguage\":\"es\",\"@id\":\"https:\/\/www.nexoinformativo.mx\/index.php\/2024\/11\/13\/chepe-guerrero-continuan-operativos-en-limites-de-queretaro-y-guanajuato\/#primaryimage\",\"url\":\"https:\/\/www.nexoinformativo.mx\/wp-content\/uploads\/2024\/11\/PHOTO-2024-11-13-11-17-06-e1731521171852.jpg\",\"contentUrl\":\"https:\/\/www.nexoinformativo.mx\/wp-content\/uploads\/2024\/11\/PHOTO-2024-11-13-11-17-06-e1731521171852.jpg\",\"width\":800,\"height\":600},{\"@type\":\"BreadcrumbList\",\"@id\":\"https:\/\/www.nexoinformativo.mx\/index.php\/2024\/11\/13\/chepe-guerrero-continuan-operativos-en-limites-de-queretaro-y-guanajuato\/#breadcrumb\",\"itemListElement\":[{\"@type\":\"ListItem\",\"position\":1,\"name\":\"Inicio\",\"item\":\"https:\/\/www.nexoinformativo.mx\/\"},{\"@type\":\"ListItem\",\"position\":2,\"name\":\"Chepe Guerrero: Contin\u00faan operativos en l\u00edmites de Quer\u00e9taro y Guanajuato\"}]},{\"@type\":\"WebSite\",\"@id\":\"https:\/\/www.nexoinformativo.mx\/#website\",\"url\":\"https:\/\/www.nexoinformativo.mx\/\",\"name\":\"Nexo Informativo Santiago de Quer\u00e9taro\",\"description\":\"Explora NexoInformativo y convi\u00e9rtete en parte de una comunidad que valora el conocimiento y la verdad. Tu nexoinformativo es tu puente hacia una comprensi\u00f3n m\u00e1s profunda del mundo que te rodea.\",\"publisher\":{\"@id\":\"https:\/\/www.nexoinformativo.mx\/#organization\"},\"potentialAction\":[{\"@type\":\"SearchAction\",\"target\":{\"@type\":\"EntryPoint\",\"urlTemplate\":\"https:\/\/www.nexoinformativo.mx\/?s={search_term_string}\"},\"query-input\":{\"@type\":\"PropertyValueSpecification\",\"valueRequired\":true,\"valueName\":\"search_term_string\"}}],\"inLanguage\":\"es\"},{\"@type\":\"Organization\",\"@id\":\"https:\/\/www.nexoinformativo.mx\/#organization\",\"name\":\"Nexo Informativo Santiago de Quer\u00e9taro\",\"url\":\"https:\/\/www.nexoinformativo.mx\/\",\"logo\":{\"@type\":\"ImageObject\",\"inLanguage\":\"es\",\"@id\":\"https:\/\/www.nexoinformativo.mx\/#\/schema\/logo\/image\/\",\"url\":\"https:\/\/www.nexoinformativo.mx\/wp-content\/uploads\/2024\/07\/nexoi-trasparente-2.png\",\"contentUrl\":\"https:\/\/www.nexoinformativo.mx\/wp-content\/uploads\/2024\/07\/nexoi-trasparente-2.png\",\"width\":816,\"height\":339,\"caption\":\"Nexo Informativo Santiago de Quer\u00e9taro\"},\"image\":{\"@id\":\"https:\/\/www.nexoinformativo.mx\/#\/schema\/logo\/image\/\"},\"sameAs\":[\"https:\/\/www.facebook.com\/people\/Nexo-Informativo\/61564066885511\/\"]},{\"@type\":\"Person\",\"@id\":\"https:\/\/www.nexoinformativo.mx\/#\/schema\/person\/7749d380ba08c8ca00d7bc76fd907b7d\",\"name\":\"Nexo Informativo\",\"image\":{\"@type\":\"ImageObject\",\"inLanguage\":\"es\",\"@id\":\"https:\/\/www.nexoinformativo.mx\/#\/schema\/person\/image\/\",\"url\":\"https:\/\/secure.gravatar.com\/avatar\/dde2928154642a13d95f87ddf1ea9718fe2b46760a005c53e41ff5ad610704e6?s=96&d=mm&r=g\",\"contentUrl\":\"https:\/\/secure.gravatar.com\/avatar\/dde2928154642a13d95f87ddf1ea9718fe2b46760a005c53e41ff5ad610704e6?s=96&d=mm&r=g\",\"caption\":\"Nexo Informativo\"},\"url\":\"https:\/\/www.nexoinformativo.mx\/index.php\/author\/edicion\/\"}]}<\/script>\n<!-- \/ Yoast SEO plugin. -->","yoast_head_json":{"title":"Chepe Guerrero: Contin\u00faan operativos en l\u00edmites de Quer\u00e9taro y Guanajuato | Nexo Informativo Santiago de Quer\u00e9taro","description":"Chepe Guerrero: Contin\u00faan operativos en l\u00edmites de Quer\u00e9taro y Guanajuato","robots":{"index":"index","follow":"follow","max-snippet":"max-snippet:-1","max-image-preview":"max-image-preview:large","max-video-preview":"max-video-preview:-1"},"canonical":"https:\/\/www.nexoinformativo.mx\/index.php\/2024\/11\/13\/chepe-guerrero-continuan-operativos-en-limites-de-queretaro-y-guanajuato\/","og_locale":"es_MX","og_type":"article","og_title":"Chepe Guerrero: Contin\u00faan operativos en l\u00edmites de Quer\u00e9taro y Guanajuato | Nexo Informativo Santiago de Quer\u00e9taro","og_description":"Chepe Guerrero: Contin\u00faan operativos en l\u00edmites de Quer\u00e9taro y Guanajuato","og_url":"https:\/\/www.nexoinformativo.mx\/index.php\/2024\/11\/13\/chepe-guerrero-continuan-operativos-en-limites-de-queretaro-y-guanajuato\/","og_site_name":"Nexo Informativo Santiago de Quer\u00e9taro","article_publisher":"https:\/\/www.facebook.com\/people\/Nexo-Informativo\/61564066885511\/","article_published_time":"2024-11-13T17:00:38+00:00","article_modified_time":"2024-11-13T18:07:21+00:00","og_image":[{"width":800,"height":600,"url":"https:\/\/www.nexoinformativo.mx\/wp-content\/uploads\/2024\/11\/PHOTO-2024-11-13-11-17-06-e1731521171852.jpg","type":"image\/jpeg"}],"author":"Nexo Informativo","twitter_card":"summary_large_image","twitter_misc":{"Escrito por":"Nexo Informativo","Tiempo de lectura":"2 minutos"},"schema":{"@context":"https:\/\/schema.org","@graph":[{"@type":"Article","@id":"https:\/\/www.nexoinformativo.mx\/index.php\/2024\/11\/13\/chepe-guerrero-continuan-operativos-en-limites-de-queretaro-y-guanajuato\/#article","isPartOf":{"@id":"https:\/\/www.nexoinformativo.mx\/index.php\/2024\/11\/13\/chepe-guerrero-continuan-operativos-en-limites-de-queretaro-y-guanajuato\/"},"author":{"name":"Nexo Informativo","@id":"https:\/\/www.nexoinformativo.mx\/#\/schema\/person\/7749d380ba08c8ca00d7bc76fd907b7d"},"headline":"Chepe Guerrero: Contin\u00faan operativos en l\u00edmites de Quer\u00e9taro y Guanajuato","datePublished":"2024-11-13T17:00:38+00:00","dateModified":"2024-11-13T18:07:21+00:00","mainEntityOfPage":{"@id":"https:\/\/www.nexoinformativo.mx\/index.php\/2024\/11\/13\/chepe-guerrero-continuan-operativos-en-limites-de-queretaro-y-guanajuato\/"},"wordCount":216,"commentCount":0,"publisher":{"@id":"https:\/\/www.nexoinformativo.mx\/#organization"},"image":{"@id":"https:\/\/www.nexoinformativo.mx\/index.php\/2024\/11\/13\/chepe-guerrero-continuan-operativos-en-limites-de-queretaro-y-guanajuato\/#primaryimage"},"thumbnailUrl":"https:\/\/www.nexoinformativo.mx\/wp-content\/uploads\/2024\/11\/PHOTO-2024-11-13-11-17-06-e1731521171852.jpg","keywords":["ChepeGuerrero","Coordinaci\u00f3nPolicial","SeguridadCorregidora","VigilanciaPermanente"],"articleSection":["Municipios","\u00daltima Hora"],"inLanguage":"es","potentialAction":[{"@type":"CommentAction","name":"Comment","target":["https:\/\/www.nexoinformativo.mx\/index.php\/2024\/11\/13\/chepe-guerrero-continuan-operativos-en-limites-de-queretaro-y-guanajuato\/#respond"]}]},{"@type":"WebPage","@id":"https:\/\/www.nexoinformativo.mx\/index.php\/2024\/11\/13\/chepe-guerrero-continuan-operativos-en-limites-de-queretaro-y-guanajuato\/","url":"https:\/\/www.nexoinformativo.mx\/index.php\/2024\/11\/13\/chepe-guerrero-continuan-operativos-en-limites-de-queretaro-y-guanajuato\/","name":"Chepe Guerrero: Contin\u00faan operativos en l\u00edmites de Quer\u00e9taro y Guanajuato | Nexo Informativo Santiago de Quer\u00e9taro","isPartOf":{"@id":"https:\/\/www.nexoinformativo.mx\/#website"},"primaryImageOfPage":{"@id":"https:\/\/www.nexoinformativo.mx\/index.php\/2024\/11\/13\/chepe-guerrero-continuan-operativos-en-limites-de-queretaro-y-guanajuato\/#primaryimage"},"image":{"@id":"https:\/\/www.nexoinformativo.mx\/index.php\/2024\/11\/13\/chepe-guerrero-continuan-operativos-en-limites-de-queretaro-y-guanajuato\/#primaryimage"},"thumbnailUrl":"https:\/\/www.nexoinformativo.mx\/wp-content\/uploads\/2024\/11\/PHOTO-2024-11-13-11-17-06-e1731521171852.jpg","datePublished":"2024-11-13T17:00:38+00:00","dateModified":"2024-11-13T18:07:21+00:00","description":"Chepe Guerrero: Contin\u00faan operativos en l\u00edmites de Quer\u00e9taro y Guanajuato","breadcrumb":{"@id":"https:\/\/www.nexoinformativo.mx\/index.php\/2024\/11\/13\/chepe-guerrero-continuan-operativos-en-limites-de-queretaro-y-guanajuato\/#breadcrumb"},"inLanguage":"es","potentialAction":[{"@type":"ReadAction","target":["https:\/\/www.nexoinformativo.mx\/index.php\/2024\/11\/13\/chepe-guerrero-continuan-operativos-en-limites-de-queretaro-y-guanajuato\/"]}]},{"@type":"ImageObject","inLanguage":"es","@id":"https:\/\/www.nexoinformativo.mx\/index.php\/2024\/11\/13\/chepe-guerrero-continuan-operativos-en-limites-de-queretaro-y-guanajuato\/#primaryimage","url":"https:\/\/www.nexoinformativo.mx\/wp-content\/uploads\/2024\/11\/PHOTO-2024-11-13-11-17-06-e1731521171852.jpg","contentUrl":"https:\/\/www.nexoinformativo.mx\/wp-content\/uploads\/2024\/11\/PHOTO-2024-11-13-11-17-06-e1731521171852.jpg","width":800,"height":600},{"@type":"BreadcrumbList","@id":"https:\/\/www.nexoinformativo.mx\/index.php\/2024\/11\/13\/chepe-guerrero-continuan-operativos-en-limites-de-queretaro-y-guanajuato\/#breadcrumb","itemListElement":[{"@type":"ListItem","position":1,"name":"Inicio","item":"https:\/\/www.nexoinformativo.mx\/"},{"@type":"ListItem","position":2,"name":"Chepe Guerrero: Contin\u00faan operativos en l\u00edmites de Quer\u00e9taro y Guanajuato"}]},{"@type":"WebSite","@id":"https:\/\/www.nexoinformativo.mx\/#website","url":"https:\/\/www.nexoinformativo.mx\/","name":"Nexo Informativo Santiago de Quer\u00e9taro","description":"Explora NexoInformativo y convi\u00e9rtete en parte de una comunidad que valora el conocimiento y la verdad. Tu nexoinformativo es tu puente hacia una comprensi\u00f3n m\u00e1s profunda del mundo que te rodea.","publisher":{"@id":"https:\/\/www.nexoinformativo.mx\/#organization"},"potentialAction":[{"@type":"SearchAction","target":{"@type":"EntryPoint","urlTemplate":"https:\/\/www.nexoinformativo.mx\/?s={search_term_string}"},"query-input":{"@type":"PropertyValueSpecification","valueRequired":true,"valueName":"search_term_string"}}],"inLanguage":"es"},{"@type":"Organization","@id":"https:\/\/www.nexoinformativo.mx\/#organization","name":"Nexo Informativo Santiago de Quer\u00e9taro","url":"https:\/\/www.nexoinformativo.mx\/","logo":{"@type":"ImageObject","inLanguage":"es","@id":"https:\/\/www.nexoinformativo.mx\/#\/schema\/logo\/image\/","url":"https:\/\/www.nexoinformativo.mx\/wp-content\/uploads\/2024\/07\/nexoi-trasparente-2.png","contentUrl":"https:\/\/www.nexoinformativo.mx\/wp-content\/uploads\/2024\/07\/nexoi-trasparente-2.png","width":816,"height":339,"caption":"Nexo Informativo Santiago de Quer\u00e9taro"},"image":{"@id":"https:\/\/www.nexoinformativo.mx\/#\/schema\/logo\/image\/"},"sameAs":["https:\/\/www.facebook.com\/people\/Nexo-Informativo\/61564066885511\/"]},{"@type":"Person","@id":"https:\/\/www.nexoinformativo.mx\/#\/schema\/person\/7749d380ba08c8ca00d7bc76fd907b7d","name":"Nexo Informativo","image":{"@type":"ImageObject","inLanguage":"es","@id":"https:\/\/www.nexoinformativo.mx\/#\/schema\/person\/image\/","url":"https:\/\/secure.gravatar.com\/avatar\/dde2928154642a13d95f87ddf1ea9718fe2b46760a005c53e41ff5ad610704e6?s=96&d=mm&r=g","contentUrl":"https:\/\/secure.gravatar.com\/avatar\/dde2928154642a13d95f87ddf1ea9718fe2b46760a005c53e41ff5ad610704e6?s=96&d=mm&r=g","caption":"Nexo Informativo"},"url":"https:\/\/www.nexoinformativo.mx\/index.php\/author\/edicion\/"}]}},"_links":{"self":[{"href":"https:\/\/www.nexoinformativo.mx\/index.php\/wp-json\/wp\/v2\/posts\/5981","targetHints":{"allow":["GET"]}}],"collection":[{"href":"https:\/\/www.nexoinformativo.mx\/index.php\/wp-json\/wp\/v2\/posts"}],"about":[{"href":"https:\/\/www.nexoinformativo.mx\/index.php\/wp-json\/wp\/v2\/types\/post"}],"author":[{"embeddable":true,"href":"https:\/\/www.nexoinformativo.mx\/index.php\/wp-json\/wp\/v2\/users\/3"}],"replies":[{"embeddable":true,"href":"https:\/\/www.nexoinformativo.mx\/index.php\/wp-json\/wp\/v2\/comments?post=5981"}],"version-history":[{"count":4,"href":"https:\/\/www.nexoinformativo.mx\/index.php\/wp-json\/wp\/v2\/posts\/5981\/revisions"}],"predecessor-version":[{"id":5986,"href":"https:\/\/www.nexoinformativo.mx\/index.php\/wp-json\/wp\/v2\/posts\/5981\/revisions\/5986"}],"wp:featuredmedia":[{"embeddable":true,"href":"https:\/\/www.nexoinformativo.mx\/index.php\/wp-json\/wp\/v2\/media\/5982"}],"wp:attachment":[{"href":"https:\/\/www.nexoinformativo.mx\/index.php\/wp-json\/wp\/v2\/media?parent=5981"}],"wp:term":[{"taxonomy":"category","embeddable":true,"href":"https:\/\/www.nexoinformativo.mx\/index.php\/wp-json\/wp\/v2\/categories?post=5981"},{"taxonomy":"post_tag","embeddable":true,"href":"https:\/\/www.nexoinformativo.mx\/index.php\/wp-json\/wp\/v2\/tags?post=5981"}],"curies":[{"name":"wp","href":"https:\/\/api.w.org\/{rel}","templated":true}]}}